{"id":350565,"date":"2021-05-29T14:37:20","date_gmt":"2021-05-29T13:37:20","guid":{"rendered":"http:\/\/kapitalis.com\/tunisie\/?p=350565"},"modified":"2021-05-29T14:41:18","modified_gmt":"2021-05-29T13:41:18","slug":"coronavirus-decouverte-de-deux-nouveaux-cas-du-variant-sud-africain-en-tunisie","status":"publish","type":"post","link":"https:\/\/kapitalis.com\/tunisie\/2021\/05\/29\/coronavirus-decouverte-de-deux-nouveaux-cas-du-variant-sud-africain-en-tunisie\/","title":{"rendered":"Coronavirus : D\u00e9couverte de deux nouveaux cas du variant sud-africain en Tunisie"},"content":{"rendered":"\n<div class=\"wp-block-image\"><figure class=\"aligncenter size-large\"><img decoding=\"async\" src=\"http:\/\/kapitalis.com\/tunisie\/wp-content\/uploads\/2021\/02\/INP-sequencage-corona.jpg\" alt=\"\" class=\"wp-image-337890\"\/><\/figure><\/div>\n\n\n\n<p><strong><em>Deux nouveaux cas du variant sud-africain du coronavirus ont \u00e9t\u00e9 enregistr\u00e9s, hier, vendredi 28 mai 2021, en Tunisie a annonc\u00e9 le ministre de la Sant\u00e9 Faouzi Mehdi.<\/em><\/strong><\/p>\n\n\n\n<!--more-->\n\n\n\n<p>Avec ces nouvelles contaminations, le nombre de ce variant est d\u00e9sormais de 4, dont 2 ayant \u00e9t\u00e9 d\u00e9couverts le 8 mai courant, rappelle Faouzi Mehdi dans une d\u00e9claration aux m\u00e9dias, en marge de la r\u00e9union du Comit\u00e9 de direction du plan d\u2019application de la politique nationale de la sant\u00e9 \u00e0 l\u2019horizon de 2030.<\/p>\n\n\n\n<p>La m\u00eame source a \u00e9galement indiqu\u00e9 que le variant britannique est le plus propag\u00e9 actuellement en Tunisie, en appelant \u00e0 la vigilance et au respect des gests barri\u00e8res &lsquo;autant qu&rsquo;une 4e vague de la pand\u00e9mie est attendu \u00e0 la mi-juin.<\/p>\n\n\n\n<p class=\"has-text-align-right\"><strong>Y. N.<\/strong><\/p>\n","protected":false},"excerpt":{"rendered":"<p>Deux nouveaux cas du variant sud-africain du coronavirus ont \u00e9t\u00e9 enregistr\u00e9s, hier, vendredi 28 mai 2021, en Tunisie a annonc\u00e9 le ministre de la Sant\u00e9 Faouzi Mehdi.<\/p>\n","protected":false},"author":6,"featured_media":0,"comment_status":"open","ping_status":"open","sticky":false,"template":"","format":"standard","meta":{"footnotes":""},"categories":[998,2433],"tags":[73060,78820,591,90643,62643,87686],"class_list":["post-350565","post","type-post","status-publish","format-standard","hentry","category-societe","category-tunisie","tag-coronavirus","tag-covid-2","tag-medenine","tag-sud-africain","tag-tunisie","tag-variant"],"yoast_head":"<!-- This site is optimized with the Yoast SEO plugin v26.6 - https:\/\/yoast.com\/wordpress\/plugins\/seo\/ -->\n<title>Coronavirus : D\u00e9couverte de deux nouveaux cas du variant sud-africain en Tunisie - Kapitalis<\/title>\n<meta name=\"robots\" content=\"index, follow, max-snippet:-1, max-image-preview:large, max-video-preview:-1\" \/>\n<link rel=\"canonical\" href=\"https:\/\/kapitalis.com\/tunisie\/2021\/05\/29\/coronavirus-decouverte-de-deux-nouveaux-cas-du-variant-sud-africain-en-tunisie\/\" \/>\n<meta property=\"og:locale\" content=\"fr_FR\" \/>\n<meta property=\"og:type\" content=\"article\" \/>\n<meta property=\"og:title\" content=\"Coronavirus : D\u00e9couverte de deux nouveaux cas du variant sud-africain en Tunisie - Kapitalis\" \/>\n<meta property=\"og:description\" content=\"Deux nouveaux cas du variant sud-africain du coronavirus ont \u00e9t\u00e9 enregistr\u00e9s, hier, vendredi 28 mai 2021, en Tunisie a annonc\u00e9 le ministre de la Sant\u00e9 Faouzi Mehdi.\" \/>\n<meta property=\"og:url\" content=\"https:\/\/kapitalis.com\/tunisie\/2021\/05\/29\/coronavirus-decouverte-de-deux-nouveaux-cas-du-variant-sud-africain-en-tunisie\/\" \/>\n<meta property=\"og:site_name\" content=\"Kapitalis\" \/>\n<meta property=\"article:publisher\" content=\"https:\/\/www.facebook.com\/KapitalisInfo\/\" \/>\n<meta property=\"article:published_time\" content=\"2021-05-29T13:37:20+00:00\" \/>\n<meta property=\"article:modified_time\" content=\"2021-05-29T13:41:18+00:00\" \/>\n<meta property=\"og:image\" content=\"http:\/\/kapitalis.com\/tunisie\/wp-content\/uploads\/2021\/02\/INP-sequencage-corona.jpg\" \/>\n<meta name=\"author\" content=\"Yusra NY\" \/>\n<meta name=\"twitter:card\" content=\"summary_large_image\" \/>\n<meta name=\"twitter:creator\" content=\"@KapitalisInfo\" \/>\n<meta name=\"twitter:site\" content=\"@KapitalisInfo\" \/>\n<meta name=\"twitter:label1\" content=\"\u00c9crit par\" \/>\n\t<meta name=\"twitter:data1\" content=\"Yusra NY\" \/>\n\t<meta name=\"twitter:label2\" content=\"Dur\u00e9e de lecture estim\u00e9e\" \/>\n\t<meta name=\"twitter:data2\" content=\"1 minute\" \/>\n<script type=\"application\/ld+json\" class=\"yoast-schema-graph\">{\"@context\":\"https:\/\/schema.org\",\"@graph\":[{\"@type\":\"Article\",\"@id\":\"https:\/\/kapitalis.com\/tunisie\/2021\/05\/29\/coronavirus-decouverte-de-deux-nouveaux-cas-du-variant-sud-africain-en-tunisie\/#article\",\"isPartOf\":{\"@id\":\"https:\/\/kapitalis.com\/tunisie\/2021\/05\/29\/coronavirus-decouverte-de-deux-nouveaux-cas-du-variant-sud-africain-en-tunisie\/\"},\"author\":{\"name\":\"Yusra NY\",\"@id\":\"https:\/\/kapitalis.com\/tunisie\/#\/schema\/person\/74bbde0154d49d790a92aaeac5bc01d5\"},\"headline\":\"Coronavirus : D\u00e9couverte de deux nouveaux cas du variant sud-africain en Tunisie\",\"datePublished\":\"2021-05-29T13:37:20+00:00\",\"dateModified\":\"2021-05-29T13:41:18+00:00\",\"mainEntityOfPage\":{\"@id\":\"https:\/\/kapitalis.com\/tunisie\/2021\/05\/29\/coronavirus-decouverte-de-deux-nouveaux-cas-du-variant-sud-africain-en-tunisie\/\"},\"wordCount\":136,\"commentCount\":0,\"publisher\":{\"@id\":\"https:\/\/kapitalis.com\/tunisie\/#organization\"},\"image\":{\"@id\":\"https:\/\/kapitalis.com\/tunisie\/2021\/05\/29\/coronavirus-decouverte-de-deux-nouveaux-cas-du-variant-sud-africain-en-tunisie\/#primaryimage\"},\"thumbnailUrl\":\"http:\/\/kapitalis.com\/tunisie\/wp-content\/uploads\/2021\/02\/INP-sequencage-corona.jpg\",\"keywords\":[\"Coronavirus\",\"covid\",\"Medenine\",\"sud-africain\",\"Tunisie\",\"variant\"],\"articleSection\":[\"SOCIETE\",\"Tunisie\"],\"inLanguage\":\"fr-FR\",\"potentialAction\":[{\"@type\":\"CommentAction\",\"name\":\"Comment\",\"target\":[\"https:\/\/kapitalis.com\/tunisie\/2021\/05\/29\/coronavirus-decouverte-de-deux-nouveaux-cas-du-variant-sud-africain-en-tunisie\/#respond\"]}]},{\"@type\":\"WebPage\",\"@id\":\"https:\/\/kapitalis.com\/tunisie\/2021\/05\/29\/coronavirus-decouverte-de-deux-nouveaux-cas-du-variant-sud-africain-en-tunisie\/\",\"url\":\"https:\/\/kapitalis.com\/tunisie\/2021\/05\/29\/coronavirus-decouverte-de-deux-nouveaux-cas-du-variant-sud-africain-en-tunisie\/\",\"name\":\"Coronavirus : D\u00e9couverte de deux nouveaux cas du variant sud-africain en Tunisie - Kapitalis\",\"isPartOf\":{\"@id\":\"https:\/\/kapitalis.com\/tunisie\/#website\"},\"primaryImageOfPage\":{\"@id\":\"https:\/\/kapitalis.com\/tunisie\/2021\/05\/29\/coronavirus-decouverte-de-deux-nouveaux-cas-du-variant-sud-africain-en-tunisie\/#primaryimage\"},\"image\":{\"@id\":\"https:\/\/kapitalis.com\/tunisie\/2021\/05\/29\/coronavirus-decouverte-de-deux-nouveaux-cas-du-variant-sud-africain-en-tunisie\/#primaryimage\"},\"thumbnailUrl\":\"http:\/\/kapitalis.com\/tunisie\/wp-content\/uploads\/2021\/02\/INP-sequencage-corona.jpg\",\"datePublished\":\"2021-05-29T13:37:20+00:00\",\"dateModified\":\"2021-05-29T13:41:18+00:00\",\"breadcrumb\":{\"@id\":\"https:\/\/kapitalis.com\/tunisie\/2021\/05\/29\/coronavirus-decouverte-de-deux-nouveaux-cas-du-variant-sud-africain-en-tunisie\/#breadcrumb\"},\"inLanguage\":\"fr-FR\",\"potentialAction\":[{\"@type\":\"ReadAction\",\"target\":[\"https:\/\/kapitalis.com\/tunisie\/2021\/05\/29\/coronavirus-decouverte-de-deux-nouveaux-cas-du-variant-sud-africain-en-tunisie\/\"]}]},{\"@type\":\"ImageObject\",\"inLanguage\":\"fr-FR\",\"@id\":\"https:\/\/kapitalis.com\/tunisie\/2021\/05\/29\/coronavirus-decouverte-de-deux-nouveaux-cas-du-variant-sud-africain-en-tunisie\/#primaryimage\",\"url\":\"\",\"contentUrl\":\"\"},{\"@type\":\"BreadcrumbList\",\"@id\":\"https:\/\/kapitalis.com\/tunisie\/2021\/05\/29\/coronavirus-decouverte-de-deux-nouveaux-cas-du-variant-sud-africain-en-tunisie\/#breadcrumb\",\"itemListElement\":[{\"@type\":\"ListItem\",\"position\":1,\"name\":\"Accueil\",\"item\":\"https:\/\/kapitalis.com\/tunisie\/\"},{\"@type\":\"ListItem\",\"position\":2,\"name\":\"Coronavirus : D\u00e9couverte de deux nouveaux cas du variant sud-africain en Tunisie\"}]},{\"@type\":\"WebSite\",\"@id\":\"https:\/\/kapitalis.com\/tunisie\/#website\",\"url\":\"https:\/\/kapitalis.com\/tunisie\/\",\"name\":\"Kapitalis\",\"description\":\"L&#039;actualit\u00e9 en Tunisie et dans le monde\",\"publisher\":{\"@id\":\"https:\/\/kapitalis.com\/tunisie\/#organization\"},\"potentialAction\":[{\"@type\":\"SearchAction\",\"target\":{\"@type\":\"EntryPoint\",\"urlTemplate\":\"https:\/\/kapitalis.com\/tunisie\/?s={search_term_string}\"},\"query-input\":{\"@type\":\"PropertyValueSpecification\",\"valueRequired\":true,\"valueName\":\"search_term_string\"}}],\"inLanguage\":\"fr-FR\"},{\"@type\":\"Organization\",\"@id\":\"https:\/\/kapitalis.com\/tunisie\/#organization\",\"name\":\"Kapitalis\",\"url\":\"https:\/\/kapitalis.com\/tunisie\/\",\"logo\":{\"@type\":\"ImageObject\",\"inLanguage\":\"fr-FR\",\"@id\":\"https:\/\/kapitalis.com\/tunisie\/#\/schema\/logo\/image\/\",\"url\":\"https:\/\/kapitalis.com\/tunisie\/wp-content\/uploads\/2022\/05\/Kapitalis-big-size.png\",\"contentUrl\":\"https:\/\/kapitalis.com\/tunisie\/wp-content\/uploads\/2022\/05\/Kapitalis-big-size.png\",\"width\":5000,\"height\":1500,\"caption\":\"Kapitalis\"},\"image\":{\"@id\":\"https:\/\/kapitalis.com\/tunisie\/#\/schema\/logo\/image\/\"},\"sameAs\":[\"https:\/\/www.facebook.com\/KapitalisInfo\/\",\"https:\/\/x.com\/KapitalisInfo\",\"https:\/\/www.youtube.com\/channel\/UC-yDYrHyfFBWWZaOw3FPg9Q\"]},{\"@type\":\"Person\",\"@id\":\"https:\/\/kapitalis.com\/tunisie\/#\/schema\/person\/74bbde0154d49d790a92aaeac5bc01d5\",\"name\":\"Yusra NY\",\"url\":\"https:\/\/kapitalis.com\/tunisie\/author\/yuza_adam\/\"}]}<\/script>\n<!-- \/ Yoast SEO plugin. -->","yoast_head_json":{"title":"Coronavirus : D\u00e9couverte de deux nouveaux cas du variant sud-africain en Tunisie - Kapitalis","robots":{"index":"index","follow":"follow","max-snippet":"max-snippet:-1","max-image-preview":"max-image-preview:large","max-video-preview":"max-video-preview:-1"},"canonical":"https:\/\/kapitalis.com\/tunisie\/2021\/05\/29\/coronavirus-decouverte-de-deux-nouveaux-cas-du-variant-sud-africain-en-tunisie\/","og_locale":"fr_FR","og_type":"article","og_title":"Coronavirus : D\u00e9couverte de deux nouveaux cas du variant sud-africain en Tunisie - Kapitalis","og_description":"Deux nouveaux cas du variant sud-africain du coronavirus ont \u00e9t\u00e9 enregistr\u00e9s, hier, vendredi 28 mai 2021, en Tunisie a annonc\u00e9 le ministre de la Sant\u00e9 Faouzi Mehdi.","og_url":"https:\/\/kapitalis.com\/tunisie\/2021\/05\/29\/coronavirus-decouverte-de-deux-nouveaux-cas-du-variant-sud-africain-en-tunisie\/","og_site_name":"Kapitalis","article_publisher":"https:\/\/www.facebook.com\/KapitalisInfo\/","article_published_time":"2021-05-29T13:37:20+00:00","article_modified_time":"2021-05-29T13:41:18+00:00","og_image":[{"url":"http:\/\/kapitalis.com\/tunisie\/wp-content\/uploads\/2021\/02\/INP-sequencage-corona.jpg","type":"","width":"","height":""}],"author":"Yusra NY","twitter_card":"summary_large_image","twitter_creator":"@KapitalisInfo","twitter_site":"@KapitalisInfo","twitter_misc":{"\u00c9crit par":"Yusra NY","Dur\u00e9e de lecture estim\u00e9e":"1 minute"},"schema":{"@context":"https:\/\/schema.org","@graph":[{"@type":"Article","@id":"https:\/\/kapitalis.com\/tunisie\/2021\/05\/29\/coronavirus-decouverte-de-deux-nouveaux-cas-du-variant-sud-africain-en-tunisie\/#article","isPartOf":{"@id":"https:\/\/kapitalis.com\/tunisie\/2021\/05\/29\/coronavirus-decouverte-de-deux-nouveaux-cas-du-variant-sud-africain-en-tunisie\/"},"author":{"name":"Yusra NY","@id":"https:\/\/kapitalis.com\/tunisie\/#\/schema\/person\/74bbde0154d49d790a92aaeac5bc01d5"},"headline":"Coronavirus : D\u00e9couverte de deux nouveaux cas du variant sud-africain en Tunisie","datePublished":"2021-05-29T13:37:20+00:00","dateModified":"2021-05-29T13:41:18+00:00","mainEntityOfPage":{"@id":"https:\/\/kapitalis.com\/tunisie\/2021\/05\/29\/coronavirus-decouverte-de-deux-nouveaux-cas-du-variant-sud-africain-en-tunisie\/"},"wordCount":136,"commentCount":0,"publisher":{"@id":"https:\/\/kapitalis.com\/tunisie\/#organization"},"image":{"@id":"https:\/\/kapitalis.com\/tunisie\/2021\/05\/29\/coronavirus-decouverte-de-deux-nouveaux-cas-du-variant-sud-africain-en-tunisie\/#primaryimage"},"thumbnailUrl":"http:\/\/kapitalis.com\/tunisie\/wp-content\/uploads\/2021\/02\/INP-sequencage-corona.jpg","keywords":["Coronavirus","covid","Medenine","sud-africain","Tunisie","variant"],"articleSection":["SOCIETE","Tunisie"],"inLanguage":"fr-FR","potentialAction":[{"@type":"CommentAction","name":"Comment","target":["https:\/\/kapitalis.com\/tunisie\/2021\/05\/29\/coronavirus-decouverte-de-deux-nouveaux-cas-du-variant-sud-africain-en-tunisie\/#respond"]}]},{"@type":"WebPage","@id":"https:\/\/kapitalis.com\/tunisie\/2021\/05\/29\/coronavirus-decouverte-de-deux-nouveaux-cas-du-variant-sud-africain-en-tunisie\/","url":"https:\/\/kapitalis.com\/tunisie\/2021\/05\/29\/coronavirus-decouverte-de-deux-nouveaux-cas-du-variant-sud-africain-en-tunisie\/","name":"Coronavirus : D\u00e9couverte de deux nouveaux cas du variant sud-africain en Tunisie - Kapitalis","isPartOf":{"@id":"https:\/\/kapitalis.com\/tunisie\/#website"},"primaryImageOfPage":{"@id":"https:\/\/kapitalis.com\/tunisie\/2021\/05\/29\/coronavirus-decouverte-de-deux-nouveaux-cas-du-variant-sud-africain-en-tunisie\/#primaryimage"},"image":{"@id":"https:\/\/kapitalis.com\/tunisie\/2021\/05\/29\/coronavirus-decouverte-de-deux-nouveaux-cas-du-variant-sud-africain-en-tunisie\/#primaryimage"},"thumbnailUrl":"http:\/\/kapitalis.com\/tunisie\/wp-content\/uploads\/2021\/02\/INP-sequencage-corona.jpg","datePublished":"2021-05-29T13:37:20+00:00","dateModified":"2021-05-29T13:41:18+00:00","breadcrumb":{"@id":"https:\/\/kapitalis.com\/tunisie\/2021\/05\/29\/coronavirus-decouverte-de-deux-nouveaux-cas-du-variant-sud-africain-en-tunisie\/#breadcrumb"},"inLanguage":"fr-FR","potentialAction":[{"@type":"ReadAction","target":["https:\/\/kapitalis.com\/tunisie\/2021\/05\/29\/coronavirus-decouverte-de-deux-nouveaux-cas-du-variant-sud-africain-en-tunisie\/"]}]},{"@type":"ImageObject","inLanguage":"fr-FR","@id":"https:\/\/kapitalis.com\/tunisie\/2021\/05\/29\/coronavirus-decouverte-de-deux-nouveaux-cas-du-variant-sud-africain-en-tunisie\/#primaryimage","url":"","contentUrl":""},{"@type":"BreadcrumbList","@id":"https:\/\/kapitalis.com\/tunisie\/2021\/05\/29\/coronavirus-decouverte-de-deux-nouveaux-cas-du-variant-sud-africain-en-tunisie\/#breadcrumb","itemListElement":[{"@type":"ListItem","position":1,"name":"Accueil","item":"https:\/\/kapitalis.com\/tunisie\/"},{"@type":"ListItem","position":2,"name":"Coronavirus : D\u00e9couverte de deux nouveaux cas du variant sud-africain en Tunisie"}]},{"@type":"WebSite","@id":"https:\/\/kapitalis.com\/tunisie\/#website","url":"https:\/\/kapitalis.com\/tunisie\/","name":"Kapitalis","description":"L&#039;actualit\u00e9 en Tunisie et dans le monde","publisher":{"@id":"https:\/\/kapitalis.com\/tunisie\/#organization"},"potentialAction":[{"@type":"SearchAction","target":{"@type":"EntryPoint","urlTemplate":"https:\/\/kapitalis.com\/tunisie\/?s={search_term_string}"},"query-input":{"@type":"PropertyValueSpecification","valueRequired":true,"valueName":"search_term_string"}}],"inLanguage":"fr-FR"},{"@type":"Organization","@id":"https:\/\/kapitalis.com\/tunisie\/#organization","name":"Kapitalis","url":"https:\/\/kapitalis.com\/tunisie\/","logo":{"@type":"ImageObject","inLanguage":"fr-FR","@id":"https:\/\/kapitalis.com\/tunisie\/#\/schema\/logo\/image\/","url":"https:\/\/kapitalis.com\/tunisie\/wp-content\/uploads\/2022\/05\/Kapitalis-big-size.png","contentUrl":"https:\/\/kapitalis.com\/tunisie\/wp-content\/uploads\/2022\/05\/Kapitalis-big-size.png","width":5000,"height":1500,"caption":"Kapitalis"},"image":{"@id":"https:\/\/kapitalis.com\/tunisie\/#\/schema\/logo\/image\/"},"sameAs":["https:\/\/www.facebook.com\/KapitalisInfo\/","https:\/\/x.com\/KapitalisInfo","https:\/\/www.youtube.com\/channel\/UC-yDYrHyfFBWWZaOw3FPg9Q"]},{"@type":"Person","@id":"https:\/\/kapitalis.com\/tunisie\/#\/schema\/person\/74bbde0154d49d790a92aaeac5bc01d5","name":"Yusra NY","url":"https:\/\/kapitalis.com\/tunisie\/author\/yuza_adam\/"}]}},"_links":{"self":[{"href":"https:\/\/kapitalis.com\/tunisie\/wp-json\/wp\/v2\/posts\/350565","targetHints":{"allow":["GET"]}}],"collection":[{"href":"https:\/\/kapitalis.com\/tunisie\/wp-json\/wp\/v2\/posts"}],"about":[{"href":"https:\/\/kapitalis.com\/tunisie\/wp-json\/wp\/v2\/types\/post"}],"author":[{"embeddable":true,"href":"https:\/\/kapitalis.com\/tunisie\/wp-json\/wp\/v2\/users\/6"}],"replies":[{"embeddable":true,"href":"https:\/\/kapitalis.com\/tunisie\/wp-json\/wp\/v2\/comments?post=350565"}],"version-history":[{"count":0,"href":"https:\/\/kapitalis.com\/tunisie\/wp-json\/wp\/v2\/posts\/350565\/revisions"}],"wp:attachment":[{"href":"https:\/\/kapitalis.com\/tunisie\/wp-json\/wp\/v2\/media?parent=350565"}],"wp:term":[{"taxonomy":"category","embeddable":true,"href":"https:\/\/kapitalis.com\/tunisie\/wp-json\/wp\/v2\/categories?post=350565"},{"taxonomy":"post_tag","embeddable":true,"href":"https:\/\/kapitalis.com\/tunisie\/wp-json\/wp\/v2\/tags?post=350565"}],"curies":[{"name":"wp","href":"https:\/\/api.w.org\/{rel}","templated":true}]}}