{"id":350958,"date":"2021-06-01T17:13:58","date_gmt":"2021-06-01T16:13:58","guid":{"rendered":"http:\/\/kapitalis.com\/tunisie\/?p=350958"},"modified":"2021-06-04T06:59:26","modified_gmt":"2021-06-04T05:59:26","slug":"sfax-mordu-par-son-chien-un-homme-de-76-ans-meurt-de-la-rage","status":"publish","type":"post","link":"https:\/\/kapitalis.com\/tunisie\/2021\/06\/01\/sfax-mordu-par-son-chien-un-homme-de-76-ans-meurt-de-la-rage\/","title":{"rendered":"Sfax : Mordu par son chien, un homme de 76 ans meurt de la rage"},"content":{"rendered":"\n<div class=\"wp-block-image\"><figure class=\"aligncenter size-large\"><img decoding=\"async\" src=\"http:\/\/kapitalis.com\/tunisie\/wp-content\/uploads\/2017\/08\/Chien-enrage1.jpg\" alt=\"\" class=\"wp-image-110664\"\/><figcaption><em>Ph. d&rsquo;archives.<\/em><\/figcaption><\/figure><\/div>\n\n\n\n<p><em><strong>Un homme de 76 ans est r\u00e9cemment d\u00e9c\u00e9d\u00e9e dans la localit\u00e9 de Gargour au gouvernorat de Sfax, apr\u00e8s avoir \u00e9t\u00e9 mordu par son chien, atteint de la rage. Les services sanitaires ont organis\u00e9 une r\u00e9union au gouvernorat, ce mardi 1er juin 202, afin de mettre en place les mesures n\u00e9cessaires pour faire face \u00e0 cette situation dans la r\u00e9gion.<\/strong><\/em><\/p>\n\n\n\n<!--more-->\n\n\n\n<p>Selon la commission sanitaire de Sfax, cit\u00e9e par l&rsquo;agence Tap, le chien avait mordu l&rsquo;homme et son \u00e9pouse mais seule la femme a \u00e9t\u00e9 vaccin\u00e9e et a \u00e9t\u00e9 suivie par les services comp\u00e9tents, alors que son mari pensait que la morsure \u00e9tait superficielle et n&rsquo;avait pas d\u00e9clar\u00e9 les faits et ne s&rsquo;\u00e9tait pas fait soigner.<\/p>\n\n\n\n<p>La commission a \u00e9galement indiqu\u00e9 que sur analyses effectu\u00e9es au premier trimestre de cette ann\u00e9e, ont r\u00e9v\u00e9l\u00e9 que sur 10 chiens errant, 6 \u00e9taient porteurs de la rage et a appel\u00e9 de ce fait \u00e0 mener une campagne de sensibilisation pour appeler \u00e0 vacciner les chiens dans la r\u00e9gion, tout en appelant les municipalit\u00e9s de Sfax \u00e0 y prendre part.<\/p>\n\n\n\n<p class=\"has-text-align-right\"><strong>Y. N.<\/strong><\/p>\n","protected":false},"excerpt":{"rendered":"<p>Un homme de 76 ans est r\u00e9cemment d\u00e9c\u00e9d\u00e9e dans la localit\u00e9 de Gargour au gouvernorat de Sfax, apr\u00e8s avoir \u00e9t\u00e9 mordu par son chien, atteint de la rage. Les services sanitaires ont organis\u00e9 une r\u00e9union au gouvernorat, ce mardi 1er juin 202, afin de mettre en place les mesures n\u00e9cessaires pour faire face \u00e0 cette&#8230;<\/p>\n","protected":false},"author":6,"featured_media":0,"comment_status":"open","ping_status":"open","sticky":false,"template":"","format":"standard","meta":{"footnotes":""},"categories":[998,2433],"tags":[],"class_list":["post-350958","post","type-post","status-publish","format-standard","hentry","category-societe","category-tunisie"],"yoast_head":"<!-- This site is optimized with the Yoast SEO plugin v26.6 - https:\/\/yoast.com\/wordpress\/plugins\/seo\/ -->\n<title>Sfax : Mordu par son chien, un homme de 76 ans meurt de la rage - Kapitalis<\/title>\n<meta name=\"robots\" content=\"index, follow, max-snippet:-1, max-image-preview:large, max-video-preview:-1\" \/>\n<link rel=\"canonical\" href=\"https:\/\/kapitalis.com\/tunisie\/2021\/06\/01\/sfax-mordu-par-son-chien-un-homme-de-76-ans-meurt-de-la-rage\/\" \/>\n<meta property=\"og:locale\" content=\"fr_FR\" \/>\n<meta property=\"og:type\" content=\"article\" \/>\n<meta property=\"og:title\" content=\"Sfax : Mordu par son chien, un homme de 76 ans meurt de la rage - Kapitalis\" \/>\n<meta property=\"og:description\" content=\"Un homme de 76 ans est r\u00e9cemment d\u00e9c\u00e9d\u00e9e dans la localit\u00e9 de Gargour au gouvernorat de Sfax, apr\u00e8s avoir \u00e9t\u00e9 mordu par son chien, atteint de la rage. Les services sanitaires ont organis\u00e9 une r\u00e9union au gouvernorat, ce mardi 1er juin 202, afin de mettre en place les mesures n\u00e9cessaires pour faire face \u00e0 cette...\" \/>\n<meta property=\"og:url\" content=\"https:\/\/kapitalis.com\/tunisie\/2021\/06\/01\/sfax-mordu-par-son-chien-un-homme-de-76-ans-meurt-de-la-rage\/\" \/>\n<meta property=\"og:site_name\" content=\"Kapitalis\" \/>\n<meta property=\"article:publisher\" content=\"https:\/\/www.facebook.com\/KapitalisInfo\/\" \/>\n<meta property=\"article:published_time\" content=\"2021-06-01T16:13:58+00:00\" \/>\n<meta property=\"article:modified_time\" content=\"2021-06-04T05:59:26+00:00\" \/>\n<meta property=\"og:image\" content=\"http:\/\/kapitalis.com\/tunisie\/wp-content\/uploads\/2017\/08\/Chien-enrage1.jpg\" \/>\n<meta name=\"author\" content=\"Yusra NY\" \/>\n<meta name=\"twitter:card\" content=\"summary_large_image\" \/>\n<meta name=\"twitter:creator\" content=\"@KapitalisInfo\" \/>\n<meta name=\"twitter:site\" content=\"@KapitalisInfo\" \/>\n<meta name=\"twitter:label1\" content=\"\u00c9crit par\" \/>\n\t<meta name=\"twitter:data1\" content=\"Yusra NY\" \/>\n\t<meta name=\"twitter:label2\" content=\"Dur\u00e9e de lecture estim\u00e9e\" \/>\n\t<meta name=\"twitter:data2\" content=\"1 minute\" \/>\n<script type=\"application\/ld+json\" class=\"yoast-schema-graph\">{\"@context\":\"https:\/\/schema.org\",\"@graph\":[{\"@type\":\"Article\",\"@id\":\"https:\/\/kapitalis.com\/tunisie\/2021\/06\/01\/sfax-mordu-par-son-chien-un-homme-de-76-ans-meurt-de-la-rage\/#article\",\"isPartOf\":{\"@id\":\"https:\/\/kapitalis.com\/tunisie\/2021\/06\/01\/sfax-mordu-par-son-chien-un-homme-de-76-ans-meurt-de-la-rage\/\"},\"author\":{\"name\":\"Yusra NY\",\"@id\":\"https:\/\/kapitalis.com\/tunisie\/#\/schema\/person\/74bbde0154d49d790a92aaeac5bc01d5\"},\"headline\":\"Sfax : Mordu par son chien, un homme de 76 ans meurt de la rage\",\"datePublished\":\"2021-06-01T16:13:58+00:00\",\"dateModified\":\"2021-06-04T05:59:26+00:00\",\"mainEntityOfPage\":{\"@id\":\"https:\/\/kapitalis.com\/tunisie\/2021\/06\/01\/sfax-mordu-par-son-chien-un-homme-de-76-ans-meurt-de-la-rage\/\"},\"wordCount\":202,\"commentCount\":0,\"publisher\":{\"@id\":\"https:\/\/kapitalis.com\/tunisie\/#organization\"},\"image\":{\"@id\":\"https:\/\/kapitalis.com\/tunisie\/2021\/06\/01\/sfax-mordu-par-son-chien-un-homme-de-76-ans-meurt-de-la-rage\/#primaryimage\"},\"thumbnailUrl\":\"http:\/\/kapitalis.com\/tunisie\/wp-content\/uploads\/2017\/08\/Chien-enrage1.jpg\",\"articleSection\":[\"SOCIETE\",\"Tunisie\"],\"inLanguage\":\"fr-FR\",\"potentialAction\":[{\"@type\":\"CommentAction\",\"name\":\"Comment\",\"target\":[\"https:\/\/kapitalis.com\/tunisie\/2021\/06\/01\/sfax-mordu-par-son-chien-un-homme-de-76-ans-meurt-de-la-rage\/#respond\"]}]},{\"@type\":\"WebPage\",\"@id\":\"https:\/\/kapitalis.com\/tunisie\/2021\/06\/01\/sfax-mordu-par-son-chien-un-homme-de-76-ans-meurt-de-la-rage\/\",\"url\":\"https:\/\/kapitalis.com\/tunisie\/2021\/06\/01\/sfax-mordu-par-son-chien-un-homme-de-76-ans-meurt-de-la-rage\/\",\"name\":\"Sfax : Mordu par son chien, un homme de 76 ans meurt de la rage - Kapitalis\",\"isPartOf\":{\"@id\":\"https:\/\/kapitalis.com\/tunisie\/#website\"},\"primaryImageOfPage\":{\"@id\":\"https:\/\/kapitalis.com\/tunisie\/2021\/06\/01\/sfax-mordu-par-son-chien-un-homme-de-76-ans-meurt-de-la-rage\/#primaryimage\"},\"image\":{\"@id\":\"https:\/\/kapitalis.com\/tunisie\/2021\/06\/01\/sfax-mordu-par-son-chien-un-homme-de-76-ans-meurt-de-la-rage\/#primaryimage\"},\"thumbnailUrl\":\"http:\/\/kapitalis.com\/tunisie\/wp-content\/uploads\/2017\/08\/Chien-enrage1.jpg\",\"datePublished\":\"2021-06-01T16:13:58+00:00\",\"dateModified\":\"2021-06-04T05:59:26+00:00\",\"breadcrumb\":{\"@id\":\"https:\/\/kapitalis.com\/tunisie\/2021\/06\/01\/sfax-mordu-par-son-chien-un-homme-de-76-ans-meurt-de-la-rage\/#breadcrumb\"},\"inLanguage\":\"fr-FR\",\"potentialAction\":[{\"@type\":\"ReadAction\",\"target\":[\"https:\/\/kapitalis.com\/tunisie\/2021\/06\/01\/sfax-mordu-par-son-chien-un-homme-de-76-ans-meurt-de-la-rage\/\"]}]},{\"@type\":\"ImageObject\",\"inLanguage\":\"fr-FR\",\"@id\":\"https:\/\/kapitalis.com\/tunisie\/2021\/06\/01\/sfax-mordu-par-son-chien-un-homme-de-76-ans-meurt-de-la-rage\/#primaryimage\",\"url\":\"\",\"contentUrl\":\"\"},{\"@type\":\"BreadcrumbList\",\"@id\":\"https:\/\/kapitalis.com\/tunisie\/2021\/06\/01\/sfax-mordu-par-son-chien-un-homme-de-76-ans-meurt-de-la-rage\/#breadcrumb\",\"itemListElement\":[{\"@type\":\"ListItem\",\"position\":1,\"name\":\"Accueil\",\"item\":\"https:\/\/kapitalis.com\/tunisie\/\"},{\"@type\":\"ListItem\",\"position\":2,\"name\":\"Sfax : Mordu par son chien, un homme de 76 ans meurt de la rage\"}]},{\"@type\":\"WebSite\",\"@id\":\"https:\/\/kapitalis.com\/tunisie\/#website\",\"url\":\"https:\/\/kapitalis.com\/tunisie\/\",\"name\":\"Kapitalis\",\"description\":\"L&#039;actualit\u00e9 en Tunisie et dans le monde\",\"publisher\":{\"@id\":\"https:\/\/kapitalis.com\/tunisie\/#organization\"},\"potentialAction\":[{\"@type\":\"SearchAction\",\"target\":{\"@type\":\"EntryPoint\",\"urlTemplate\":\"https:\/\/kapitalis.com\/tunisie\/?s={search_term_string}\"},\"query-input\":{\"@type\":\"PropertyValueSpecification\",\"valueRequired\":true,\"valueName\":\"search_term_string\"}}],\"inLanguage\":\"fr-FR\"},{\"@type\":\"Organization\",\"@id\":\"https:\/\/kapitalis.com\/tunisie\/#organization\",\"name\":\"Kapitalis\",\"url\":\"https:\/\/kapitalis.com\/tunisie\/\",\"logo\":{\"@type\":\"ImageObject\",\"inLanguage\":\"fr-FR\",\"@id\":\"https:\/\/kapitalis.com\/tunisie\/#\/schema\/logo\/image\/\",\"url\":\"https:\/\/kapitalis.com\/tunisie\/wp-content\/uploads\/2022\/05\/Kapitalis-big-size.png\",\"contentUrl\":\"https:\/\/kapitalis.com\/tunisie\/wp-content\/uploads\/2022\/05\/Kapitalis-big-size.png\",\"width\":5000,\"height\":1500,\"caption\":\"Kapitalis\"},\"image\":{\"@id\":\"https:\/\/kapitalis.com\/tunisie\/#\/schema\/logo\/image\/\"},\"sameAs\":[\"https:\/\/www.facebook.com\/KapitalisInfo\/\",\"https:\/\/x.com\/KapitalisInfo\",\"https:\/\/www.youtube.com\/channel\/UC-yDYrHyfFBWWZaOw3FPg9Q\"]},{\"@type\":\"Person\",\"@id\":\"https:\/\/kapitalis.com\/tunisie\/#\/schema\/person\/74bbde0154d49d790a92aaeac5bc01d5\",\"name\":\"Yusra NY\",\"url\":\"https:\/\/kapitalis.com\/tunisie\/author\/yuza_adam\/\"}]}<\/script>\n<!-- \/ Yoast SEO plugin. -->","yoast_head_json":{"title":"Sfax : Mordu par son chien, un homme de 76 ans meurt de la rage - Kapitalis","robots":{"index":"index","follow":"follow","max-snippet":"max-snippet:-1","max-image-preview":"max-image-preview:large","max-video-preview":"max-video-preview:-1"},"canonical":"https:\/\/kapitalis.com\/tunisie\/2021\/06\/01\/sfax-mordu-par-son-chien-un-homme-de-76-ans-meurt-de-la-rage\/","og_locale":"fr_FR","og_type":"article","og_title":"Sfax : Mordu par son chien, un homme de 76 ans meurt de la rage - Kapitalis","og_description":"Un homme de 76 ans est r\u00e9cemment d\u00e9c\u00e9d\u00e9e dans la localit\u00e9 de Gargour au gouvernorat de Sfax, apr\u00e8s avoir \u00e9t\u00e9 mordu par son chien, atteint de la rage. Les services sanitaires ont organis\u00e9 une r\u00e9union au gouvernorat, ce mardi 1er juin 202, afin de mettre en place les mesures n\u00e9cessaires pour faire face \u00e0 cette...","og_url":"https:\/\/kapitalis.com\/tunisie\/2021\/06\/01\/sfax-mordu-par-son-chien-un-homme-de-76-ans-meurt-de-la-rage\/","og_site_name":"Kapitalis","article_publisher":"https:\/\/www.facebook.com\/KapitalisInfo\/","article_published_time":"2021-06-01T16:13:58+00:00","article_modified_time":"2021-06-04T05:59:26+00:00","og_image":[{"url":"http:\/\/kapitalis.com\/tunisie\/wp-content\/uploads\/2017\/08\/Chien-enrage1.jpg","type":"","width":"","height":""}],"author":"Yusra NY","twitter_card":"summary_large_image","twitter_creator":"@KapitalisInfo","twitter_site":"@KapitalisInfo","twitter_misc":{"\u00c9crit par":"Yusra NY","Dur\u00e9e de lecture estim\u00e9e":"1 minute"},"schema":{"@context":"https:\/\/schema.org","@graph":[{"@type":"Article","@id":"https:\/\/kapitalis.com\/tunisie\/2021\/06\/01\/sfax-mordu-par-son-chien-un-homme-de-76-ans-meurt-de-la-rage\/#article","isPartOf":{"@id":"https:\/\/kapitalis.com\/tunisie\/2021\/06\/01\/sfax-mordu-par-son-chien-un-homme-de-76-ans-meurt-de-la-rage\/"},"author":{"name":"Yusra NY","@id":"https:\/\/kapitalis.com\/tunisie\/#\/schema\/person\/74bbde0154d49d790a92aaeac5bc01d5"},"headline":"Sfax : Mordu par son chien, un homme de 76 ans meurt de la rage","datePublished":"2021-06-01T16:13:58+00:00","dateModified":"2021-06-04T05:59:26+00:00","mainEntityOfPage":{"@id":"https:\/\/kapitalis.com\/tunisie\/2021\/06\/01\/sfax-mordu-par-son-chien-un-homme-de-76-ans-meurt-de-la-rage\/"},"wordCount":202,"commentCount":0,"publisher":{"@id":"https:\/\/kapitalis.com\/tunisie\/#organization"},"image":{"@id":"https:\/\/kapitalis.com\/tunisie\/2021\/06\/01\/sfax-mordu-par-son-chien-un-homme-de-76-ans-meurt-de-la-rage\/#primaryimage"},"thumbnailUrl":"http:\/\/kapitalis.com\/tunisie\/wp-content\/uploads\/2017\/08\/Chien-enrage1.jpg","articleSection":["SOCIETE","Tunisie"],"inLanguage":"fr-FR","potentialAction":[{"@type":"CommentAction","name":"Comment","target":["https:\/\/kapitalis.com\/tunisie\/2021\/06\/01\/sfax-mordu-par-son-chien-un-homme-de-76-ans-meurt-de-la-rage\/#respond"]}]},{"@type":"WebPage","@id":"https:\/\/kapitalis.com\/tunisie\/2021\/06\/01\/sfax-mordu-par-son-chien-un-homme-de-76-ans-meurt-de-la-rage\/","url":"https:\/\/kapitalis.com\/tunisie\/2021\/06\/01\/sfax-mordu-par-son-chien-un-homme-de-76-ans-meurt-de-la-rage\/","name":"Sfax : Mordu par son chien, un homme de 76 ans meurt de la rage - Kapitalis","isPartOf":{"@id":"https:\/\/kapitalis.com\/tunisie\/#website"},"primaryImageOfPage":{"@id":"https:\/\/kapitalis.com\/tunisie\/2021\/06\/01\/sfax-mordu-par-son-chien-un-homme-de-76-ans-meurt-de-la-rage\/#primaryimage"},"image":{"@id":"https:\/\/kapitalis.com\/tunisie\/2021\/06\/01\/sfax-mordu-par-son-chien-un-homme-de-76-ans-meurt-de-la-rage\/#primaryimage"},"thumbnailUrl":"http:\/\/kapitalis.com\/tunisie\/wp-content\/uploads\/2017\/08\/Chien-enrage1.jpg","datePublished":"2021-06-01T16:13:58+00:00","dateModified":"2021-06-04T05:59:26+00:00","breadcrumb":{"@id":"https:\/\/kapitalis.com\/tunisie\/2021\/06\/01\/sfax-mordu-par-son-chien-un-homme-de-76-ans-meurt-de-la-rage\/#breadcrumb"},"inLanguage":"fr-FR","potentialAction":[{"@type":"ReadAction","target":["https:\/\/kapitalis.com\/tunisie\/2021\/06\/01\/sfax-mordu-par-son-chien-un-homme-de-76-ans-meurt-de-la-rage\/"]}]},{"@type":"ImageObject","inLanguage":"fr-FR","@id":"https:\/\/kapitalis.com\/tunisie\/2021\/06\/01\/sfax-mordu-par-son-chien-un-homme-de-76-ans-meurt-de-la-rage\/#primaryimage","url":"","contentUrl":""},{"@type":"BreadcrumbList","@id":"https:\/\/kapitalis.com\/tunisie\/2021\/06\/01\/sfax-mordu-par-son-chien-un-homme-de-76-ans-meurt-de-la-rage\/#breadcrumb","itemListElement":[{"@type":"ListItem","position":1,"name":"Accueil","item":"https:\/\/kapitalis.com\/tunisie\/"},{"@type":"ListItem","position":2,"name":"Sfax : Mordu par son chien, un homme de 76 ans meurt de la rage"}]},{"@type":"WebSite","@id":"https:\/\/kapitalis.com\/tunisie\/#website","url":"https:\/\/kapitalis.com\/tunisie\/","name":"Kapitalis","description":"L&#039;actualit\u00e9 en Tunisie et dans le monde","publisher":{"@id":"https:\/\/kapitalis.com\/tunisie\/#organization"},"potentialAction":[{"@type":"SearchAction","target":{"@type":"EntryPoint","urlTemplate":"https:\/\/kapitalis.com\/tunisie\/?s={search_term_string}"},"query-input":{"@type":"PropertyValueSpecification","valueRequired":true,"valueName":"search_term_string"}}],"inLanguage":"fr-FR"},{"@type":"Organization","@id":"https:\/\/kapitalis.com\/tunisie\/#organization","name":"Kapitalis","url":"https:\/\/kapitalis.com\/tunisie\/","logo":{"@type":"ImageObject","inLanguage":"fr-FR","@id":"https:\/\/kapitalis.com\/tunisie\/#\/schema\/logo\/image\/","url":"https:\/\/kapitalis.com\/tunisie\/wp-content\/uploads\/2022\/05\/Kapitalis-big-size.png","contentUrl":"https:\/\/kapitalis.com\/tunisie\/wp-content\/uploads\/2022\/05\/Kapitalis-big-size.png","width":5000,"height":1500,"caption":"Kapitalis"},"image":{"@id":"https:\/\/kapitalis.com\/tunisie\/#\/schema\/logo\/image\/"},"sameAs":["https:\/\/www.facebook.com\/KapitalisInfo\/","https:\/\/x.com\/KapitalisInfo","https:\/\/www.youtube.com\/channel\/UC-yDYrHyfFBWWZaOw3FPg9Q"]},{"@type":"Person","@id":"https:\/\/kapitalis.com\/tunisie\/#\/schema\/person\/74bbde0154d49d790a92aaeac5bc01d5","name":"Yusra NY","url":"https:\/\/kapitalis.com\/tunisie\/author\/yuza_adam\/"}]}},"_links":{"self":[{"href":"https:\/\/kapitalis.com\/tunisie\/wp-json\/wp\/v2\/posts\/350958","targetHints":{"allow":["GET"]}}],"collection":[{"href":"https:\/\/kapitalis.com\/tunisie\/wp-json\/wp\/v2\/posts"}],"about":[{"href":"https:\/\/kapitalis.com\/tunisie\/wp-json\/wp\/v2\/types\/post"}],"author":[{"embeddable":true,"href":"https:\/\/kapitalis.com\/tunisie\/wp-json\/wp\/v2\/users\/6"}],"replies":[{"embeddable":true,"href":"https:\/\/kapitalis.com\/tunisie\/wp-json\/wp\/v2\/comments?post=350958"}],"version-history":[{"count":0,"href":"https:\/\/kapitalis.com\/tunisie\/wp-json\/wp\/v2\/posts\/350958\/revisions"}],"wp:attachment":[{"href":"https:\/\/kapitalis.com\/tunisie\/wp-json\/wp\/v2\/media?parent=350958"}],"wp:term":[{"taxonomy":"category","embeddable":true,"href":"https:\/\/kapitalis.com\/tunisie\/wp-json\/wp\/v2\/categories?post=350958"},{"taxonomy":"post_tag","embeddable":true,"href":"https:\/\/kapitalis.com\/tunisie\/wp-json\/wp\/v2\/tags?post=350958"}],"curies":[{"name":"wp","href":"https:\/\/api.w.org\/{rel}","templated":true}]}}