{"id":351325,"date":"2021-06-04T19:25:28","date_gmt":"2021-06-04T18:25:28","guid":{"rendered":"http:\/\/kapitalis.com\/tunisie\/?p=351325"},"modified":"2021-06-04T19:27:24","modified_gmt":"2021-06-04T18:27:24","slug":"affaire-nabil-karoui-qalb-tounes-regrette-le-silence-des-trois-presidences","status":"publish","type":"post","link":"https:\/\/kapitalis.com\/tunisie\/2021\/06\/04\/affaire-nabil-karoui-qalb-tounes-regrette-le-silence-des-trois-presidences\/","title":{"rendered":"Affaire Nabil Karoui : Qalb Tounes regrette \u00able silence des trois pr\u00e9sidences\u00bb"},"content":{"rendered":"\n<div class=\"wp-block-image\"><figure class=\"aligncenter size-large\"><img decoding=\"async\" src=\"http:\/\/kapitalis.com\/tunisie\/wp-content\/uploads\/2021\/06\/Karoui-Qalb-Tounes.jpg\" alt=\"\" class=\"wp-image-351331\"\/><\/figure><\/div>\n\n\n\n<p><strong><em>Qalb Tounes a lanc\u00e9 une campagne pour d\u00e9noncer le maintien en d\u00e9tention de son pr\u00e9sident, Nabil Karoui, poursuivi dans une affaire de suspicion d&rsquo;\u00e9vasion fiscale et de blanchiment d&rsquo;argent, \u00abmalgr\u00e9 l&rsquo;expiration de la p\u00e9riode de d\u00e9tention provisoire telle que d\u00e9finie par la loi\u00bb, dit-il et d\u00e9non\u00e7ant \u00able silence des trois pr\u00e9sidences\u00bb, \u00e0 ce propos.<\/em><\/strong><\/p>\n\n\n\n<!--more-->\n\n\n\n<p>Dans un communiqu\u00e9 publi\u00e9 ce vendredi 4 juin 2021, Qalb Tounes, a encore une fois, condamn\u00e9 la d\u00e9tention de Nabil Karoui, en la qualifiant \u00ab<em>d&rsquo;abusive\u00bb<\/em> et en \u00ab<em>regrettant le silence des trois pr\u00e9sidences, des acteurs politiques et des organisations de d\u00e9fense des droits de l&rsquo;Homme, face \u00e0 l&rsquo;injustice que subit le pr\u00e9sident du parti\u00bb<\/em><\/p>\n\n\n\n<p>Pour d\u00e9fendre Nabil Karoui, Qalb Tounes a encore une fois pr\u00e9tendu que son arrestation est une <em>\u00abcabale\u00bb<\/em> en pr\u00e9tendant que ce dernier est un\u2026 \u00ab<em>prisonnier politique<\/em>\u00bb.<\/p>\n\n\n\n<p>Le parti a \u00e9galement publi\u00e9 un post en cinq langues diff\u00e9rentes, o\u00f9 l&rsquo;on peut lire : \u00ab<em>Nabil Karoui croupit toujours en prison et subit une d\u00e9tention ill\u00e9gale qui a tout d&rsquo;une s\u00e9questration et ce, pour le 31\u00e8me jour cons\u00e9cutif<br>211 #jours_de_d\u00e9tention<br>30 #jours_de_s\u00e9questration<\/em>\u00bb<\/p>\n\n\n\n<p>On notera que lorsque Karoui avait \u00e9t\u00e9 arr\u00eat\u00e9 en 2019, Qalb Tounes avait \u00e9galement \u00e9voqu\u00e9 une arrestation politique, en accusant Youssef Chahed, alors chef du gouvernement et candidat \u00e0 la pr\u00e9sidentielle, de vouloir exclure ses concurrents politiques.<\/p>\n\n\n\n<p>Cette m\u00eame \u00ab<em>explication<\/em>\u00bb est encore pr\u00e9sent\u00e9e par le parti de Karoui, bien que cette fois-ci, Qalb Tounes est un des partis composant le \u00abcoussin politique\u00bb, confortablement install\u00e9 et soutenant l&rsquo;actuel chef du gouvernement Hichem Mechichi, et que cette affaire de suspicion de corruption date de 2016.<\/p>\n\n\n\n<p class=\"has-text-align-right\"><strong>Y. N.<\/strong><\/p>\n\n\n\n<figure class=\"wp-block-embed is-type-wp-embed is-provider-kapitalis wp-block-embed-kapitalis\"><div class=\"wp-block-embed__wrapper\">\n<blockquote class=\"wp-embedded-content\" data-secret=\"KOFVkgOX1C\"><a href=\"https:\/\/kapitalis.com\/tunisie\/2021\/05\/28\/qalb-tounes-et-la-fable-de-nabil-karoui-prisonnier-politique\/\">Qalb Tounes et la fable de Nabil Karoui \u00abprisonnier politique\u00bb<\/a><\/blockquote><iframe loading=\"lazy\" class=\"wp-embedded-content\" sandbox=\"allow-scripts\" security=\"restricted\" style=\"position: absolute; clip: rect(1px, 1px, 1px, 1px);\" title=\"\u00ab\u00a0Qalb Tounes et la fable de Nabil Karoui \u00abprisonnier politique\u00bb\u00a0\u00bb &#8212; Kapitalis\" src=\"https:\/\/kapitalis.com\/tunisie\/2021\/05\/28\/qalb-tounes-et-la-fable-de-nabil-karoui-prisonnier-politique\/embed\/#?secret=ZA7WNfGnPa#?secret=KOFVkgOX1C\" data-secret=\"KOFVkgOX1C\" width=\"600\" height=\"338\" frameborder=\"0\" marginwidth=\"0\" marginheight=\"0\" scrolling=\"no\"><\/iframe>\n<\/div><\/figure>\n","protected":false},"excerpt":{"rendered":"<p>Qalb Tounes a lanc\u00e9 une campagne pour d\u00e9noncer le maintien en d\u00e9tention de son pr\u00e9sident, Nabil Karoui, poursuivi dans une affaire de suspicion d&rsquo;\u00e9vasion fiscale et de blanchiment d&rsquo;argent, \u00abmalgr\u00e9 l&rsquo;expiration de la p\u00e9riode de d\u00e9tention provisoire telle que d\u00e9finie par la loi\u00bb, dit-il et d\u00e9non\u00e7ant \u00able silence des trois pr\u00e9sidences\u00bb, \u00e0 ce propos.<\/p>\n","protected":false},"author":6,"featured_media":351331,"comment_status":"open","ping_status":"open","sticky":false,"template":"","format":"standard","meta":{"footnotes":""},"categories":[997,2433],"tags":[64471,651,90876,1314,61989,62643],"class_list":["post-351325","post","type-post","status-publish","format-standard","has-post-thumbnail","hentry","category-politique","category-tunisie","tag-corruption","tag-nabil-karoui","tag-presidences","tag-prison","tag-qalb-tounes","tag-tunisie"],"yoast_head":"<!-- This site is optimized with the Yoast SEO plugin v26.6 - https:\/\/yoast.com\/wordpress\/plugins\/seo\/ -->\n<title>Affaire Nabil Karoui : Qalb Tounes regrette \u00able silence des trois pr\u00e9sidences\u00bb - Kapitalis<\/title>\n<meta name=\"robots\" content=\"index, follow, max-snippet:-1, max-image-preview:large, max-video-preview:-1\" \/>\n<link rel=\"canonical\" href=\"https:\/\/kapitalis.com\/tunisie\/2021\/06\/04\/affaire-nabil-karoui-qalb-tounes-regrette-le-silence-des-trois-presidences\/\" \/>\n<meta property=\"og:locale\" content=\"fr_FR\" \/>\n<meta property=\"og:type\" content=\"article\" \/>\n<meta property=\"og:title\" content=\"Affaire Nabil Karoui : Qalb Tounes regrette \u00able silence des trois pr\u00e9sidences\u00bb - Kapitalis\" \/>\n<meta property=\"og:description\" content=\"Qalb Tounes a lanc\u00e9 une campagne pour d\u00e9noncer le maintien en d\u00e9tention de son pr\u00e9sident, Nabil Karoui, poursuivi dans une affaire de suspicion d&rsquo;\u00e9vasion fiscale et de blanchiment d&rsquo;argent, \u00abmalgr\u00e9 l&rsquo;expiration de la p\u00e9riode de d\u00e9tention provisoire telle que d\u00e9finie par la loi\u00bb, dit-il et d\u00e9non\u00e7ant \u00able silence des trois pr\u00e9sidences\u00bb, \u00e0 ce propos.\" \/>\n<meta property=\"og:url\" content=\"https:\/\/kapitalis.com\/tunisie\/2021\/06\/04\/affaire-nabil-karoui-qalb-tounes-regrette-le-silence-des-trois-presidences\/\" \/>\n<meta property=\"og:site_name\" content=\"Kapitalis\" \/>\n<meta property=\"article:publisher\" content=\"https:\/\/www.facebook.com\/KapitalisInfo\/\" \/>\n<meta property=\"article:published_time\" content=\"2021-06-04T18:25:28+00:00\" \/>\n<meta property=\"article:modified_time\" content=\"2021-06-04T18:27:24+00:00\" \/>\n<meta property=\"og:image\" content=\"https:\/\/kapitalis.com\/tunisie\/wp-content\/uploads\/2022\/05\/kapitalis-logo-fb.png\" \/>\n\t<meta property=\"og:image:width\" content=\"1200\" \/>\n\t<meta property=\"og:image:height\" content=\"630\" \/>\n\t<meta property=\"og:image:type\" content=\"image\/png\" \/>\n<meta name=\"author\" content=\"Yusra NY\" \/>\n<meta name=\"twitter:card\" content=\"summary_large_image\" \/>\n<meta name=\"twitter:creator\" content=\"@KapitalisInfo\" \/>\n<meta name=\"twitter:site\" content=\"@KapitalisInfo\" \/>\n<meta name=\"twitter:label1\" content=\"\u00c9crit par\" \/>\n\t<meta name=\"twitter:data1\" content=\"Yusra NY\" \/>\n\t<meta name=\"twitter:label2\" content=\"Dur\u00e9e de lecture estim\u00e9e\" \/>\n\t<meta name=\"twitter:data2\" content=\"1 minute\" \/>\n<script type=\"application\/ld+json\" class=\"yoast-schema-graph\">{\"@context\":\"https:\/\/schema.org\",\"@graph\":[{\"@type\":\"Article\",\"@id\":\"https:\/\/kapitalis.com\/tunisie\/2021\/06\/04\/affaire-nabil-karoui-qalb-tounes-regrette-le-silence-des-trois-presidences\/#article\",\"isPartOf\":{\"@id\":\"https:\/\/kapitalis.com\/tunisie\/2021\/06\/04\/affaire-nabil-karoui-qalb-tounes-regrette-le-silence-des-trois-presidences\/\"},\"author\":{\"name\":\"Yusra NY\",\"@id\":\"https:\/\/kapitalis.com\/tunisie\/#\/schema\/person\/74bbde0154d49d790a92aaeac5bc01d5\"},\"headline\":\"Affaire Nabil Karoui : Qalb Tounes regrette \u00able silence des trois pr\u00e9sidences\u00bb\",\"datePublished\":\"2021-06-04T18:25:28+00:00\",\"dateModified\":\"2021-06-04T18:27:24+00:00\",\"mainEntityOfPage\":{\"@id\":\"https:\/\/kapitalis.com\/tunisie\/2021\/06\/04\/affaire-nabil-karoui-qalb-tounes-regrette-le-silence-des-trois-presidences\/\"},\"wordCount\":302,\"commentCount\":1,\"publisher\":{\"@id\":\"https:\/\/kapitalis.com\/tunisie\/#organization\"},\"image\":{\"@id\":\"https:\/\/kapitalis.com\/tunisie\/2021\/06\/04\/affaire-nabil-karoui-qalb-tounes-regrette-le-silence-des-trois-presidences\/#primaryimage\"},\"thumbnailUrl\":\"\",\"keywords\":[\"corruption\",\"Nabil Karoui\",\"pr\u00e9sidences\",\"prison\",\"Qalb Tounes\",\"Tunisie\"],\"articleSection\":[\"POLITIQUE\",\"Tunisie\"],\"inLanguage\":\"fr-FR\",\"potentialAction\":[{\"@type\":\"CommentAction\",\"name\":\"Comment\",\"target\":[\"https:\/\/kapitalis.com\/tunisie\/2021\/06\/04\/affaire-nabil-karoui-qalb-tounes-regrette-le-silence-des-trois-presidences\/#respond\"]}]},{\"@type\":\"WebPage\",\"@id\":\"https:\/\/kapitalis.com\/tunisie\/2021\/06\/04\/affaire-nabil-karoui-qalb-tounes-regrette-le-silence-des-trois-presidences\/\",\"url\":\"https:\/\/kapitalis.com\/tunisie\/2021\/06\/04\/affaire-nabil-karoui-qalb-tounes-regrette-le-silence-des-trois-presidences\/\",\"name\":\"Affaire Nabil Karoui : Qalb Tounes regrette \u00able silence des trois pr\u00e9sidences\u00bb - Kapitalis\",\"isPartOf\":{\"@id\":\"https:\/\/kapitalis.com\/tunisie\/#website\"},\"primaryImageOfPage\":{\"@id\":\"https:\/\/kapitalis.com\/tunisie\/2021\/06\/04\/affaire-nabil-karoui-qalb-tounes-regrette-le-silence-des-trois-presidences\/#primaryimage\"},\"image\":{\"@id\":\"https:\/\/kapitalis.com\/tunisie\/2021\/06\/04\/affaire-nabil-karoui-qalb-tounes-regrette-le-silence-des-trois-presidences\/#primaryimage\"},\"thumbnailUrl\":\"\",\"datePublished\":\"2021-06-04T18:25:28+00:00\",\"dateModified\":\"2021-06-04T18:27:24+00:00\",\"breadcrumb\":{\"@id\":\"https:\/\/kapitalis.com\/tunisie\/2021\/06\/04\/affaire-nabil-karoui-qalb-tounes-regrette-le-silence-des-trois-presidences\/#breadcrumb\"},\"inLanguage\":\"fr-FR\",\"potentialAction\":[{\"@type\":\"ReadAction\",\"target\":[\"https:\/\/kapitalis.com\/tunisie\/2021\/06\/04\/affaire-nabil-karoui-qalb-tounes-regrette-le-silence-des-trois-presidences\/\"]}]},{\"@type\":\"ImageObject\",\"inLanguage\":\"fr-FR\",\"@id\":\"https:\/\/kapitalis.com\/tunisie\/2021\/06\/04\/affaire-nabil-karoui-qalb-tounes-regrette-le-silence-des-trois-presidences\/#primaryimage\",\"url\":\"\",\"contentUrl\":\"\"},{\"@type\":\"BreadcrumbList\",\"@id\":\"https:\/\/kapitalis.com\/tunisie\/2021\/06\/04\/affaire-nabil-karoui-qalb-tounes-regrette-le-silence-des-trois-presidences\/#breadcrumb\",\"itemListElement\":[{\"@type\":\"ListItem\",\"position\":1,\"name\":\"Accueil\",\"item\":\"https:\/\/kapitalis.com\/tunisie\/\"},{\"@type\":\"ListItem\",\"position\":2,\"name\":\"Affaire Nabil Karoui : Qalb Tounes regrette \u00able silence des trois pr\u00e9sidences\u00bb\"}]},{\"@type\":\"WebSite\",\"@id\":\"https:\/\/kapitalis.com\/tunisie\/#website\",\"url\":\"https:\/\/kapitalis.com\/tunisie\/\",\"name\":\"Kapitalis\",\"description\":\"L&#039;actualit\u00e9 en Tunisie et dans le monde\",\"publisher\":{\"@id\":\"https:\/\/kapitalis.com\/tunisie\/#organization\"},\"potentialAction\":[{\"@type\":\"SearchAction\",\"target\":{\"@type\":\"EntryPoint\",\"urlTemplate\":\"https:\/\/kapitalis.com\/tunisie\/?s={search_term_string}\"},\"query-input\":{\"@type\":\"PropertyValueSpecification\",\"valueRequired\":true,\"valueName\":\"search_term_string\"}}],\"inLanguage\":\"fr-FR\"},{\"@type\":\"Organization\",\"@id\":\"https:\/\/kapitalis.com\/tunisie\/#organization\",\"name\":\"Kapitalis\",\"url\":\"https:\/\/kapitalis.com\/tunisie\/\",\"logo\":{\"@type\":\"ImageObject\",\"inLanguage\":\"fr-FR\",\"@id\":\"https:\/\/kapitalis.com\/tunisie\/#\/schema\/logo\/image\/\",\"url\":\"https:\/\/kapitalis.com\/tunisie\/wp-content\/uploads\/2022\/05\/Kapitalis-big-size.png\",\"contentUrl\":\"https:\/\/kapitalis.com\/tunisie\/wp-content\/uploads\/2022\/05\/Kapitalis-big-size.png\",\"width\":5000,\"height\":1500,\"caption\":\"Kapitalis\"},\"image\":{\"@id\":\"https:\/\/kapitalis.com\/tunisie\/#\/schema\/logo\/image\/\"},\"sameAs\":[\"https:\/\/www.facebook.com\/KapitalisInfo\/\",\"https:\/\/x.com\/KapitalisInfo\",\"https:\/\/www.youtube.com\/channel\/UC-yDYrHyfFBWWZaOw3FPg9Q\"]},{\"@type\":\"Person\",\"@id\":\"https:\/\/kapitalis.com\/tunisie\/#\/schema\/person\/74bbde0154d49d790a92aaeac5bc01d5\",\"name\":\"Yusra NY\",\"url\":\"https:\/\/kapitalis.com\/tunisie\/author\/yuza_adam\/\"}]}<\/script>\n<!-- \/ Yoast SEO plugin. -->","yoast_head_json":{"title":"Affaire Nabil Karoui : Qalb Tounes regrette \u00able silence des trois pr\u00e9sidences\u00bb - Kapitalis","robots":{"index":"index","follow":"follow","max-snippet":"max-snippet:-1","max-image-preview":"max-image-preview:large","max-video-preview":"max-video-preview:-1"},"canonical":"https:\/\/kapitalis.com\/tunisie\/2021\/06\/04\/affaire-nabil-karoui-qalb-tounes-regrette-le-silence-des-trois-presidences\/","og_locale":"fr_FR","og_type":"article","og_title":"Affaire Nabil Karoui : Qalb Tounes regrette \u00able silence des trois pr\u00e9sidences\u00bb - Kapitalis","og_description":"Qalb Tounes a lanc\u00e9 une campagne pour d\u00e9noncer le maintien en d\u00e9tention de son pr\u00e9sident, Nabil Karoui, poursuivi dans une affaire de suspicion d&rsquo;\u00e9vasion fiscale et de blanchiment d&rsquo;argent, \u00abmalgr\u00e9 l&rsquo;expiration de la p\u00e9riode de d\u00e9tention provisoire telle que d\u00e9finie par la loi\u00bb, dit-il et d\u00e9non\u00e7ant \u00able silence des trois pr\u00e9sidences\u00bb, \u00e0 ce propos.","og_url":"https:\/\/kapitalis.com\/tunisie\/2021\/06\/04\/affaire-nabil-karoui-qalb-tounes-regrette-le-silence-des-trois-presidences\/","og_site_name":"Kapitalis","article_publisher":"https:\/\/www.facebook.com\/KapitalisInfo\/","article_published_time":"2021-06-04T18:25:28+00:00","article_modified_time":"2021-06-04T18:27:24+00:00","og_image":[{"width":1200,"height":630,"url":"https:\/\/kapitalis.com\/tunisie\/wp-content\/uploads\/2022\/05\/kapitalis-logo-fb.png","type":"image\/png"}],"author":"Yusra NY","twitter_card":"summary_large_image","twitter_creator":"@KapitalisInfo","twitter_site":"@KapitalisInfo","twitter_misc":{"\u00c9crit par":"Yusra NY","Dur\u00e9e de lecture estim\u00e9e":"1 minute"},"schema":{"@context":"https:\/\/schema.org","@graph":[{"@type":"Article","@id":"https:\/\/kapitalis.com\/tunisie\/2021\/06\/04\/affaire-nabil-karoui-qalb-tounes-regrette-le-silence-des-trois-presidences\/#article","isPartOf":{"@id":"https:\/\/kapitalis.com\/tunisie\/2021\/06\/04\/affaire-nabil-karoui-qalb-tounes-regrette-le-silence-des-trois-presidences\/"},"author":{"name":"Yusra NY","@id":"https:\/\/kapitalis.com\/tunisie\/#\/schema\/person\/74bbde0154d49d790a92aaeac5bc01d5"},"headline":"Affaire Nabil Karoui : Qalb Tounes regrette \u00able silence des trois pr\u00e9sidences\u00bb","datePublished":"2021-06-04T18:25:28+00:00","dateModified":"2021-06-04T18:27:24+00:00","mainEntityOfPage":{"@id":"https:\/\/kapitalis.com\/tunisie\/2021\/06\/04\/affaire-nabil-karoui-qalb-tounes-regrette-le-silence-des-trois-presidences\/"},"wordCount":302,"commentCount":1,"publisher":{"@id":"https:\/\/kapitalis.com\/tunisie\/#organization"},"image":{"@id":"https:\/\/kapitalis.com\/tunisie\/2021\/06\/04\/affaire-nabil-karoui-qalb-tounes-regrette-le-silence-des-trois-presidences\/#primaryimage"},"thumbnailUrl":"","keywords":["corruption","Nabil Karoui","pr\u00e9sidences","prison","Qalb Tounes","Tunisie"],"articleSection":["POLITIQUE","Tunisie"],"inLanguage":"fr-FR","potentialAction":[{"@type":"CommentAction","name":"Comment","target":["https:\/\/kapitalis.com\/tunisie\/2021\/06\/04\/affaire-nabil-karoui-qalb-tounes-regrette-le-silence-des-trois-presidences\/#respond"]}]},{"@type":"WebPage","@id":"https:\/\/kapitalis.com\/tunisie\/2021\/06\/04\/affaire-nabil-karoui-qalb-tounes-regrette-le-silence-des-trois-presidences\/","url":"https:\/\/kapitalis.com\/tunisie\/2021\/06\/04\/affaire-nabil-karoui-qalb-tounes-regrette-le-silence-des-trois-presidences\/","name":"Affaire Nabil Karoui : Qalb Tounes regrette \u00able silence des trois pr\u00e9sidences\u00bb - Kapitalis","isPartOf":{"@id":"https:\/\/kapitalis.com\/tunisie\/#website"},"primaryImageOfPage":{"@id":"https:\/\/kapitalis.com\/tunisie\/2021\/06\/04\/affaire-nabil-karoui-qalb-tounes-regrette-le-silence-des-trois-presidences\/#primaryimage"},"image":{"@id":"https:\/\/kapitalis.com\/tunisie\/2021\/06\/04\/affaire-nabil-karoui-qalb-tounes-regrette-le-silence-des-trois-presidences\/#primaryimage"},"thumbnailUrl":"","datePublished":"2021-06-04T18:25:28+00:00","dateModified":"2021-06-04T18:27:24+00:00","breadcrumb":{"@id":"https:\/\/kapitalis.com\/tunisie\/2021\/06\/04\/affaire-nabil-karoui-qalb-tounes-regrette-le-silence-des-trois-presidences\/#breadcrumb"},"inLanguage":"fr-FR","potentialAction":[{"@type":"ReadAction","target":["https:\/\/kapitalis.com\/tunisie\/2021\/06\/04\/affaire-nabil-karoui-qalb-tounes-regrette-le-silence-des-trois-presidences\/"]}]},{"@type":"ImageObject","inLanguage":"fr-FR","@id":"https:\/\/kapitalis.com\/tunisie\/2021\/06\/04\/affaire-nabil-karoui-qalb-tounes-regrette-le-silence-des-trois-presidences\/#primaryimage","url":"","contentUrl":""},{"@type":"BreadcrumbList","@id":"https:\/\/kapitalis.com\/tunisie\/2021\/06\/04\/affaire-nabil-karoui-qalb-tounes-regrette-le-silence-des-trois-presidences\/#breadcrumb","itemListElement":[{"@type":"ListItem","position":1,"name":"Accueil","item":"https:\/\/kapitalis.com\/tunisie\/"},{"@type":"ListItem","position":2,"name":"Affaire Nabil Karoui : Qalb Tounes regrette \u00able silence des trois pr\u00e9sidences\u00bb"}]},{"@type":"WebSite","@id":"https:\/\/kapitalis.com\/tunisie\/#website","url":"https:\/\/kapitalis.com\/tunisie\/","name":"Kapitalis","description":"L&#039;actualit\u00e9 en Tunisie et dans le monde","publisher":{"@id":"https:\/\/kapitalis.com\/tunisie\/#organization"},"potentialAction":[{"@type":"SearchAction","target":{"@type":"EntryPoint","urlTemplate":"https:\/\/kapitalis.com\/tunisie\/?s={search_term_string}"},"query-input":{"@type":"PropertyValueSpecification","valueRequired":true,"valueName":"search_term_string"}}],"inLanguage":"fr-FR"},{"@type":"Organization","@id":"https:\/\/kapitalis.com\/tunisie\/#organization","name":"Kapitalis","url":"https:\/\/kapitalis.com\/tunisie\/","logo":{"@type":"ImageObject","inLanguage":"fr-FR","@id":"https:\/\/kapitalis.com\/tunisie\/#\/schema\/logo\/image\/","url":"https:\/\/kapitalis.com\/tunisie\/wp-content\/uploads\/2022\/05\/Kapitalis-big-size.png","contentUrl":"https:\/\/kapitalis.com\/tunisie\/wp-content\/uploads\/2022\/05\/Kapitalis-big-size.png","width":5000,"height":1500,"caption":"Kapitalis"},"image":{"@id":"https:\/\/kapitalis.com\/tunisie\/#\/schema\/logo\/image\/"},"sameAs":["https:\/\/www.facebook.com\/KapitalisInfo\/","https:\/\/x.com\/KapitalisInfo","https:\/\/www.youtube.com\/channel\/UC-yDYrHyfFBWWZaOw3FPg9Q"]},{"@type":"Person","@id":"https:\/\/kapitalis.com\/tunisie\/#\/schema\/person\/74bbde0154d49d790a92aaeac5bc01d5","name":"Yusra NY","url":"https:\/\/kapitalis.com\/tunisie\/author\/yuza_adam\/"}]}},"_links":{"self":[{"href":"https:\/\/kapitalis.com\/tunisie\/wp-json\/wp\/v2\/posts\/351325","targetHints":{"allow":["GET"]}}],"collection":[{"href":"https:\/\/kapitalis.com\/tunisie\/wp-json\/wp\/v2\/posts"}],"about":[{"href":"https:\/\/kapitalis.com\/tunisie\/wp-json\/wp\/v2\/types\/post"}],"author":[{"embeddable":true,"href":"https:\/\/kapitalis.com\/tunisie\/wp-json\/wp\/v2\/users\/6"}],"replies":[{"embeddable":true,"href":"https:\/\/kapitalis.com\/tunisie\/wp-json\/wp\/v2\/comments?post=351325"}],"version-history":[{"count":0,"href":"https:\/\/kapitalis.com\/tunisie\/wp-json\/wp\/v2\/posts\/351325\/revisions"}],"wp:featuredmedia":[{"embeddable":true,"href":"https:\/\/kapitalis.com\/tunisie\/wp-json\/wp\/v2\/media\/351331"}],"wp:attachment":[{"href":"https:\/\/kapitalis.com\/tunisie\/wp-json\/wp\/v2\/media?parent=351325"}],"wp:term":[{"taxonomy":"category","embeddable":true,"href":"https:\/\/kapitalis.com\/tunisie\/wp-json\/wp\/v2\/categories?post=351325"},{"taxonomy":"post_tag","embeddable":true,"href":"https:\/\/kapitalis.com\/tunisie\/wp-json\/wp\/v2\/tags?post=351325"}],"curies":[{"name":"wp","href":"https:\/\/api.w.org\/{rel}","templated":true}]}}