{"id":351598,"date":"2021-06-07T12:44:50","date_gmt":"2021-06-07T11:44:50","guid":{"rendered":"http:\/\/kapitalis.com\/tunisie\/?p=351598"},"modified":"2021-06-07T13:41:50","modified_gmt":"2021-06-07T12:41:50","slug":"tunisie-nabil-karoui-en-sit-in-au-pole-judiciaire","status":"publish","type":"post","link":"https:\/\/kapitalis.com\/tunisie\/2021\/06\/07\/tunisie-nabil-karoui-en-sit-in-au-pole-judiciaire\/","title":{"rendered":"Tunisie : Nabil Karoui en sit-in au P\u00f4le judiciaire"},"content":{"rendered":"\n<figure class=\"wp-block-image size-large\"><img decoding=\"async\" src=\"http:\/\/kapitalis.com\/tunisie\/wp-content\/uploads\/2020\/02\/Nabil-Karoui.jpg\" alt=\"\" class=\"wp-image-281679\"\/><\/figure>\n\n\n\n<p><strong><em>Le pr\u00e9sident du parti Qalb Tounes, Nabil Karoui, poursuit sa gr\u00e8ve de la faim qu&rsquo;il a annonc\u00e9e en fin de semaine derni\u00e8re et observe actuellement un sit-in au bureau des enqu\u00eates du P\u00f4le judiciaire, selon son avocat, Ramzi Ben Dia, relay\u00e9 par Mosa\u00efque FM.<\/em><\/strong><\/p>\n\n\n\n<!--more-->\n\n\n\n<p>Ben Dia a indiqu\u00e9 \u00e9galement que son client a refus\u00e9 de signer la prolongation de son arrestation pr\u00e9ventive, avec effet r\u00e9troactif, \u00e0 la date du 5 mai dernier.<\/p>\n\n\n\n<p>Ben Dia estime que son client est&nbsp;emprisonn\u00e9 ill\u00e9galement, appelant \u00e0 l\u2019examen&nbsp;du dossier&nbsp;de l\u2019appel au lieu&nbsp;de la reprise de l\u2019instruction.<\/p>\n\n\n\n<p>Rappelons que Nabil Karoui est poursuivi dans le cadre d&rsquo;une affaire de corruption financi\u00e8re. Il est en d\u00e9tention pr\u00e9ventive depuis le mois de d\u00e9cembre 2020.<\/p>\n\n\n\n<p class=\"has-text-align-right\"><strong>C. B. Y.<\/strong><\/p>\n","protected":false},"excerpt":{"rendered":"<p>Le pr\u00e9sident du parti Qalb Tounes, Nabil Karoui, poursuit sa gr\u00e8ve de la faim qu&rsquo;il a annonc\u00e9e en fin de semaine derni\u00e8re et observe actuellement un sit-in au bureau des enqu\u00eates du P\u00f4le judiciaire, selon son avocat, Ramzi Ben Dia, relay\u00e9 par Mosa\u00efque FM.<\/p>\n","protected":false},"author":24,"featured_media":0,"comment_status":"open","ping_status":"open","sticky":false,"template":"","format":"standard","meta":{"footnotes":""},"categories":[997,2433],"tags":[651,61989,90985],"class_list":["post-351598","post","type-post","status-publish","format-standard","hentry","category-politique","category-tunisie","tag-nabil-karoui","tag-qalb-tounes","tag-ramzi-ben-dia"],"yoast_head":"<!-- This site is optimized with the Yoast SEO plugin v26.6 - https:\/\/yoast.com\/wordpress\/plugins\/seo\/ -->\n<title>Tunisie : Nabil Karoui en sit-in au P\u00f4le judiciaire - Kapitalis<\/title>\n<meta name=\"robots\" content=\"index, follow, max-snippet:-1, max-image-preview:large, max-video-preview:-1\" \/>\n<link rel=\"canonical\" href=\"https:\/\/kapitalis.com\/tunisie\/2021\/06\/07\/tunisie-nabil-karoui-en-sit-in-au-pole-judiciaire\/\" \/>\n<meta property=\"og:locale\" content=\"fr_FR\" \/>\n<meta property=\"og:type\" content=\"article\" \/>\n<meta property=\"og:title\" content=\"Tunisie : Nabil Karoui en sit-in au P\u00f4le judiciaire - Kapitalis\" \/>\n<meta property=\"og:description\" content=\"Le pr\u00e9sident du parti Qalb Tounes, Nabil Karoui, poursuit sa gr\u00e8ve de la faim qu&rsquo;il a annonc\u00e9e en fin de semaine derni\u00e8re et observe actuellement un sit-in au bureau des enqu\u00eates du P\u00f4le judiciaire, selon son avocat, Ramzi Ben Dia, relay\u00e9 par Mosa\u00efque FM.\" \/>\n<meta property=\"og:url\" content=\"https:\/\/kapitalis.com\/tunisie\/2021\/06\/07\/tunisie-nabil-karoui-en-sit-in-au-pole-judiciaire\/\" \/>\n<meta property=\"og:site_name\" content=\"Kapitalis\" \/>\n<meta property=\"article:publisher\" content=\"https:\/\/www.facebook.com\/KapitalisInfo\/\" \/>\n<meta property=\"article:published_time\" content=\"2021-06-07T11:44:50+00:00\" \/>\n<meta property=\"article:modified_time\" content=\"2021-06-07T12:41:50+00:00\" \/>\n<meta property=\"og:image\" content=\"http:\/\/kapitalis.com\/tunisie\/wp-content\/uploads\/2020\/02\/Nabil-Karoui.jpg\" \/>\n<meta name=\"author\" content=\"Cherif Benyounes\" \/>\n<meta name=\"twitter:card\" content=\"summary_large_image\" \/>\n<meta name=\"twitter:creator\" content=\"@KapitalisInfo\" \/>\n<meta name=\"twitter:site\" content=\"@KapitalisInfo\" \/>\n<meta name=\"twitter:label1\" content=\"\u00c9crit par\" \/>\n\t<meta name=\"twitter:data1\" content=\"Cherif Benyounes\" \/>\n\t<meta name=\"twitter:label2\" content=\"Dur\u00e9e de lecture estim\u00e9e\" \/>\n\t<meta name=\"twitter:data2\" content=\"1 minute\" \/>\n<script type=\"application\/ld+json\" class=\"yoast-schema-graph\">{\"@context\":\"https:\/\/schema.org\",\"@graph\":[{\"@type\":\"Article\",\"@id\":\"https:\/\/kapitalis.com\/tunisie\/2021\/06\/07\/tunisie-nabil-karoui-en-sit-in-au-pole-judiciaire\/#article\",\"isPartOf\":{\"@id\":\"https:\/\/kapitalis.com\/tunisie\/2021\/06\/07\/tunisie-nabil-karoui-en-sit-in-au-pole-judiciaire\/\"},\"author\":{\"name\":\"Cherif Benyounes\",\"@id\":\"https:\/\/kapitalis.com\/tunisie\/#\/schema\/person\/b35b8d631961131107263178aeb8019e\"},\"headline\":\"Tunisie : Nabil Karoui en sit-in au P\u00f4le judiciaire\",\"datePublished\":\"2021-06-07T11:44:50+00:00\",\"dateModified\":\"2021-06-07T12:41:50+00:00\",\"mainEntityOfPage\":{\"@id\":\"https:\/\/kapitalis.com\/tunisie\/2021\/06\/07\/tunisie-nabil-karoui-en-sit-in-au-pole-judiciaire\/\"},\"wordCount\":149,\"commentCount\":0,\"publisher\":{\"@id\":\"https:\/\/kapitalis.com\/tunisie\/#organization\"},\"image\":{\"@id\":\"https:\/\/kapitalis.com\/tunisie\/2021\/06\/07\/tunisie-nabil-karoui-en-sit-in-au-pole-judiciaire\/#primaryimage\"},\"thumbnailUrl\":\"http:\/\/kapitalis.com\/tunisie\/wp-content\/uploads\/2020\/02\/Nabil-Karoui.jpg\",\"keywords\":[\"Nabil Karoui\",\"Qalb Tounes\",\"Ramzi Ben Dia\"],\"articleSection\":[\"POLITIQUE\",\"Tunisie\"],\"inLanguage\":\"fr-FR\",\"potentialAction\":[{\"@type\":\"CommentAction\",\"name\":\"Comment\",\"target\":[\"https:\/\/kapitalis.com\/tunisie\/2021\/06\/07\/tunisie-nabil-karoui-en-sit-in-au-pole-judiciaire\/#respond\"]}]},{\"@type\":\"WebPage\",\"@id\":\"https:\/\/kapitalis.com\/tunisie\/2021\/06\/07\/tunisie-nabil-karoui-en-sit-in-au-pole-judiciaire\/\",\"url\":\"https:\/\/kapitalis.com\/tunisie\/2021\/06\/07\/tunisie-nabil-karoui-en-sit-in-au-pole-judiciaire\/\",\"name\":\"Tunisie : Nabil Karoui en sit-in au P\u00f4le judiciaire - Kapitalis\",\"isPartOf\":{\"@id\":\"https:\/\/kapitalis.com\/tunisie\/#website\"},\"primaryImageOfPage\":{\"@id\":\"https:\/\/kapitalis.com\/tunisie\/2021\/06\/07\/tunisie-nabil-karoui-en-sit-in-au-pole-judiciaire\/#primaryimage\"},\"image\":{\"@id\":\"https:\/\/kapitalis.com\/tunisie\/2021\/06\/07\/tunisie-nabil-karoui-en-sit-in-au-pole-judiciaire\/#primaryimage\"},\"thumbnailUrl\":\"http:\/\/kapitalis.com\/tunisie\/wp-content\/uploads\/2020\/02\/Nabil-Karoui.jpg\",\"datePublished\":\"2021-06-07T11:44:50+00:00\",\"dateModified\":\"2021-06-07T12:41:50+00:00\",\"breadcrumb\":{\"@id\":\"https:\/\/kapitalis.com\/tunisie\/2021\/06\/07\/tunisie-nabil-karoui-en-sit-in-au-pole-judiciaire\/#breadcrumb\"},\"inLanguage\":\"fr-FR\",\"potentialAction\":[{\"@type\":\"ReadAction\",\"target\":[\"https:\/\/kapitalis.com\/tunisie\/2021\/06\/07\/tunisie-nabil-karoui-en-sit-in-au-pole-judiciaire\/\"]}]},{\"@type\":\"ImageObject\",\"inLanguage\":\"fr-FR\",\"@id\":\"https:\/\/kapitalis.com\/tunisie\/2021\/06\/07\/tunisie-nabil-karoui-en-sit-in-au-pole-judiciaire\/#primaryimage\",\"url\":\"\",\"contentUrl\":\"\"},{\"@type\":\"BreadcrumbList\",\"@id\":\"https:\/\/kapitalis.com\/tunisie\/2021\/06\/07\/tunisie-nabil-karoui-en-sit-in-au-pole-judiciaire\/#breadcrumb\",\"itemListElement\":[{\"@type\":\"ListItem\",\"position\":1,\"name\":\"Accueil\",\"item\":\"https:\/\/kapitalis.com\/tunisie\/\"},{\"@type\":\"ListItem\",\"position\":2,\"name\":\"Tunisie : Nabil Karoui en sit-in au P\u00f4le judiciaire\"}]},{\"@type\":\"WebSite\",\"@id\":\"https:\/\/kapitalis.com\/tunisie\/#website\",\"url\":\"https:\/\/kapitalis.com\/tunisie\/\",\"name\":\"Kapitalis\",\"description\":\"L&#039;actualit\u00e9 en Tunisie et dans le monde\",\"publisher\":{\"@id\":\"https:\/\/kapitalis.com\/tunisie\/#organization\"},\"potentialAction\":[{\"@type\":\"SearchAction\",\"target\":{\"@type\":\"EntryPoint\",\"urlTemplate\":\"https:\/\/kapitalis.com\/tunisie\/?s={search_term_string}\"},\"query-input\":{\"@type\":\"PropertyValueSpecification\",\"valueRequired\":true,\"valueName\":\"search_term_string\"}}],\"inLanguage\":\"fr-FR\"},{\"@type\":\"Organization\",\"@id\":\"https:\/\/kapitalis.com\/tunisie\/#organization\",\"name\":\"Kapitalis\",\"url\":\"https:\/\/kapitalis.com\/tunisie\/\",\"logo\":{\"@type\":\"ImageObject\",\"inLanguage\":\"fr-FR\",\"@id\":\"https:\/\/kapitalis.com\/tunisie\/#\/schema\/logo\/image\/\",\"url\":\"https:\/\/kapitalis.com\/tunisie\/wp-content\/uploads\/2022\/05\/Kapitalis-big-size.png\",\"contentUrl\":\"https:\/\/kapitalis.com\/tunisie\/wp-content\/uploads\/2022\/05\/Kapitalis-big-size.png\",\"width\":5000,\"height\":1500,\"caption\":\"Kapitalis\"},\"image\":{\"@id\":\"https:\/\/kapitalis.com\/tunisie\/#\/schema\/logo\/image\/\"},\"sameAs\":[\"https:\/\/www.facebook.com\/KapitalisInfo\/\",\"https:\/\/x.com\/KapitalisInfo\",\"https:\/\/www.youtube.com\/channel\/UC-yDYrHyfFBWWZaOw3FPg9Q\"]},{\"@type\":\"Person\",\"@id\":\"https:\/\/kapitalis.com\/tunisie\/#\/schema\/person\/b35b8d631961131107263178aeb8019e\",\"name\":\"Cherif Benyounes\",\"url\":\"https:\/\/kapitalis.com\/tunisie\/author\/cherif\/\"}]}<\/script>\n<!-- \/ Yoast SEO plugin. -->","yoast_head_json":{"title":"Tunisie : Nabil Karoui en sit-in au P\u00f4le judiciaire - Kapitalis","robots":{"index":"index","follow":"follow","max-snippet":"max-snippet:-1","max-image-preview":"max-image-preview:large","max-video-preview":"max-video-preview:-1"},"canonical":"https:\/\/kapitalis.com\/tunisie\/2021\/06\/07\/tunisie-nabil-karoui-en-sit-in-au-pole-judiciaire\/","og_locale":"fr_FR","og_type":"article","og_title":"Tunisie : Nabil Karoui en sit-in au P\u00f4le judiciaire - Kapitalis","og_description":"Le pr\u00e9sident du parti Qalb Tounes, Nabil Karoui, poursuit sa gr\u00e8ve de la faim qu&rsquo;il a annonc\u00e9e en fin de semaine derni\u00e8re et observe actuellement un sit-in au bureau des enqu\u00eates du P\u00f4le judiciaire, selon son avocat, Ramzi Ben Dia, relay\u00e9 par Mosa\u00efque FM.","og_url":"https:\/\/kapitalis.com\/tunisie\/2021\/06\/07\/tunisie-nabil-karoui-en-sit-in-au-pole-judiciaire\/","og_site_name":"Kapitalis","article_publisher":"https:\/\/www.facebook.com\/KapitalisInfo\/","article_published_time":"2021-06-07T11:44:50+00:00","article_modified_time":"2021-06-07T12:41:50+00:00","og_image":[{"url":"http:\/\/kapitalis.com\/tunisie\/wp-content\/uploads\/2020\/02\/Nabil-Karoui.jpg","type":"","width":"","height":""}],"author":"Cherif Benyounes","twitter_card":"summary_large_image","twitter_creator":"@KapitalisInfo","twitter_site":"@KapitalisInfo","twitter_misc":{"\u00c9crit par":"Cherif Benyounes","Dur\u00e9e de lecture estim\u00e9e":"1 minute"},"schema":{"@context":"https:\/\/schema.org","@graph":[{"@type":"Article","@id":"https:\/\/kapitalis.com\/tunisie\/2021\/06\/07\/tunisie-nabil-karoui-en-sit-in-au-pole-judiciaire\/#article","isPartOf":{"@id":"https:\/\/kapitalis.com\/tunisie\/2021\/06\/07\/tunisie-nabil-karoui-en-sit-in-au-pole-judiciaire\/"},"author":{"name":"Cherif Benyounes","@id":"https:\/\/kapitalis.com\/tunisie\/#\/schema\/person\/b35b8d631961131107263178aeb8019e"},"headline":"Tunisie : Nabil Karoui en sit-in au P\u00f4le judiciaire","datePublished":"2021-06-07T11:44:50+00:00","dateModified":"2021-06-07T12:41:50+00:00","mainEntityOfPage":{"@id":"https:\/\/kapitalis.com\/tunisie\/2021\/06\/07\/tunisie-nabil-karoui-en-sit-in-au-pole-judiciaire\/"},"wordCount":149,"commentCount":0,"publisher":{"@id":"https:\/\/kapitalis.com\/tunisie\/#organization"},"image":{"@id":"https:\/\/kapitalis.com\/tunisie\/2021\/06\/07\/tunisie-nabil-karoui-en-sit-in-au-pole-judiciaire\/#primaryimage"},"thumbnailUrl":"http:\/\/kapitalis.com\/tunisie\/wp-content\/uploads\/2020\/02\/Nabil-Karoui.jpg","keywords":["Nabil Karoui","Qalb Tounes","Ramzi Ben Dia"],"articleSection":["POLITIQUE","Tunisie"],"inLanguage":"fr-FR","potentialAction":[{"@type":"CommentAction","name":"Comment","target":["https:\/\/kapitalis.com\/tunisie\/2021\/06\/07\/tunisie-nabil-karoui-en-sit-in-au-pole-judiciaire\/#respond"]}]},{"@type":"WebPage","@id":"https:\/\/kapitalis.com\/tunisie\/2021\/06\/07\/tunisie-nabil-karoui-en-sit-in-au-pole-judiciaire\/","url":"https:\/\/kapitalis.com\/tunisie\/2021\/06\/07\/tunisie-nabil-karoui-en-sit-in-au-pole-judiciaire\/","name":"Tunisie : Nabil Karoui en sit-in au P\u00f4le judiciaire - Kapitalis","isPartOf":{"@id":"https:\/\/kapitalis.com\/tunisie\/#website"},"primaryImageOfPage":{"@id":"https:\/\/kapitalis.com\/tunisie\/2021\/06\/07\/tunisie-nabil-karoui-en-sit-in-au-pole-judiciaire\/#primaryimage"},"image":{"@id":"https:\/\/kapitalis.com\/tunisie\/2021\/06\/07\/tunisie-nabil-karoui-en-sit-in-au-pole-judiciaire\/#primaryimage"},"thumbnailUrl":"http:\/\/kapitalis.com\/tunisie\/wp-content\/uploads\/2020\/02\/Nabil-Karoui.jpg","datePublished":"2021-06-07T11:44:50+00:00","dateModified":"2021-06-07T12:41:50+00:00","breadcrumb":{"@id":"https:\/\/kapitalis.com\/tunisie\/2021\/06\/07\/tunisie-nabil-karoui-en-sit-in-au-pole-judiciaire\/#breadcrumb"},"inLanguage":"fr-FR","potentialAction":[{"@type":"ReadAction","target":["https:\/\/kapitalis.com\/tunisie\/2021\/06\/07\/tunisie-nabil-karoui-en-sit-in-au-pole-judiciaire\/"]}]},{"@type":"ImageObject","inLanguage":"fr-FR","@id":"https:\/\/kapitalis.com\/tunisie\/2021\/06\/07\/tunisie-nabil-karoui-en-sit-in-au-pole-judiciaire\/#primaryimage","url":"","contentUrl":""},{"@type":"BreadcrumbList","@id":"https:\/\/kapitalis.com\/tunisie\/2021\/06\/07\/tunisie-nabil-karoui-en-sit-in-au-pole-judiciaire\/#breadcrumb","itemListElement":[{"@type":"ListItem","position":1,"name":"Accueil","item":"https:\/\/kapitalis.com\/tunisie\/"},{"@type":"ListItem","position":2,"name":"Tunisie : Nabil Karoui en sit-in au P\u00f4le judiciaire"}]},{"@type":"WebSite","@id":"https:\/\/kapitalis.com\/tunisie\/#website","url":"https:\/\/kapitalis.com\/tunisie\/","name":"Kapitalis","description":"L&#039;actualit\u00e9 en Tunisie et dans le monde","publisher":{"@id":"https:\/\/kapitalis.com\/tunisie\/#organization"},"potentialAction":[{"@type":"SearchAction","target":{"@type":"EntryPoint","urlTemplate":"https:\/\/kapitalis.com\/tunisie\/?s={search_term_string}"},"query-input":{"@type":"PropertyValueSpecification","valueRequired":true,"valueName":"search_term_string"}}],"inLanguage":"fr-FR"},{"@type":"Organization","@id":"https:\/\/kapitalis.com\/tunisie\/#organization","name":"Kapitalis","url":"https:\/\/kapitalis.com\/tunisie\/","logo":{"@type":"ImageObject","inLanguage":"fr-FR","@id":"https:\/\/kapitalis.com\/tunisie\/#\/schema\/logo\/image\/","url":"https:\/\/kapitalis.com\/tunisie\/wp-content\/uploads\/2022\/05\/Kapitalis-big-size.png","contentUrl":"https:\/\/kapitalis.com\/tunisie\/wp-content\/uploads\/2022\/05\/Kapitalis-big-size.png","width":5000,"height":1500,"caption":"Kapitalis"},"image":{"@id":"https:\/\/kapitalis.com\/tunisie\/#\/schema\/logo\/image\/"},"sameAs":["https:\/\/www.facebook.com\/KapitalisInfo\/","https:\/\/x.com\/KapitalisInfo","https:\/\/www.youtube.com\/channel\/UC-yDYrHyfFBWWZaOw3FPg9Q"]},{"@type":"Person","@id":"https:\/\/kapitalis.com\/tunisie\/#\/schema\/person\/b35b8d631961131107263178aeb8019e","name":"Cherif Benyounes","url":"https:\/\/kapitalis.com\/tunisie\/author\/cherif\/"}]}},"_links":{"self":[{"href":"https:\/\/kapitalis.com\/tunisie\/wp-json\/wp\/v2\/posts\/351598","targetHints":{"allow":["GET"]}}],"collection":[{"href":"https:\/\/kapitalis.com\/tunisie\/wp-json\/wp\/v2\/posts"}],"about":[{"href":"https:\/\/kapitalis.com\/tunisie\/wp-json\/wp\/v2\/types\/post"}],"author":[{"embeddable":true,"href":"https:\/\/kapitalis.com\/tunisie\/wp-json\/wp\/v2\/users\/24"}],"replies":[{"embeddable":true,"href":"https:\/\/kapitalis.com\/tunisie\/wp-json\/wp\/v2\/comments?post=351598"}],"version-history":[{"count":0,"href":"https:\/\/kapitalis.com\/tunisie\/wp-json\/wp\/v2\/posts\/351598\/revisions"}],"wp:attachment":[{"href":"https:\/\/kapitalis.com\/tunisie\/wp-json\/wp\/v2\/media?parent=351598"}],"wp:term":[{"taxonomy":"category","embeddable":true,"href":"https:\/\/kapitalis.com\/tunisie\/wp-json\/wp\/v2\/categories?post=351598"},{"taxonomy":"post_tag","embeddable":true,"href":"https:\/\/kapitalis.com\/tunisie\/wp-json\/wp\/v2\/tags?post=351598"}],"curies":[{"name":"wp","href":"https:\/\/api.w.org\/{rel}","templated":true}]}}