{"id":351836,"date":"2021-06-08T22:15:43","date_gmt":"2021-06-08T21:15:43","guid":{"rendered":"http:\/\/kapitalis.com\/tunisie\/?p=351836"},"modified":"2021-06-08T22:20:36","modified_gmt":"2021-06-08T21:20:36","slug":"le-conseil-superieur-de-la-magistrature-veut-mettre-les-juges-a-lecart-des-missions-au-sein-de-letat","status":"publish","type":"post","link":"https:\/\/kapitalis.com\/tunisie\/2021\/06\/08\/le-conseil-superieur-de-la-magistrature-veut-mettre-les-juges-a-lecart-des-missions-au-sein-de-letat\/","title":{"rendered":"Le Conseil sup\u00e9rieur de la magistrature veut mettre les juges \u00e0 l\u2019\u00e9cart des missions au sein de l\u2019\u00c9tat"},"content":{"rendered":"\n<div class=\"wp-block-image\"><figure class=\"aligncenter size-large\"><img decoding=\"async\" src=\"http:\/\/kapitalis.com\/tunisie\/wp-content\/uploads\/2021\/06\/CSM.jpg\" alt=\"\" class=\"wp-image-351839\"\/><\/figure><\/div>\n\n\n\n<p><strong><em>Le Conseil sup\u00e9rieur de la magistrature (CSM) a annonc\u00e9 qu&rsquo;\u00e0 la lumi\u00e8re de la situation actuelle, mettant notamment les juges au c\u0153urs de diff\u00e9rentes pol\u00e9miques et tiraillements politiques , avoir d\u00e9cid\u00e9 de mettre fin aux missions des magistrats au sein de l\u2019\u00c9tat, et ce afin de garantir et pr\u00e9server l&rsquo;ind\u00e9pendance et la cr\u00e9dibilit\u00e9 de la justice.<\/em><\/strong><\/p>\n\n\n\n<!--more-->\n\n\n\n<p>Dans un communiqu\u00e9 publi\u00e9 dans la soir\u00e9e de ce mardi 8 juin 2021, le CSM ajoute que cette d\u00e9cision d&rsquo;\u00e9carter les juges de toute mission \u00e0 la pr\u00e9sidence de la R\u00e9publique, \u00e0 la pr\u00e9sidence du gouvernement, aux minist\u00e8res et aux organismes et instances, o\u00f9 la loi n&rsquo;exige pas la pr\u00e9sence de magistrats, permettra de pr\u00e9server l&rsquo;image et la r\u00e9putation de ces dernier ainsi que leur dignit\u00e9 et les \u00e9loignera des campagnes de d\u00e9nigrement et des tiraillements politiques.<\/p>\n\n\n\n<p>Rappelons que le CSM s&rsquo;\u00e9tait \u00e9galement exprim\u00e9, dans un communiqu\u00e9 publi\u00e9 un peu plus t\u00f4t, sur le sit-in observ\u00e9 par le pr\u00e9venu Nabil Karoui, pr\u00e9sident de Qalb Tounes, au bureau du juge d\u2019instruction du P\u00f4le judiciaire \u00e9conomique et financier et le rassemblement organis\u00e9 par des d\u00e9put\u00e9s de son parti, soutenus par ceux d&rsquo;Ennahdha.<\/p>\n\n\n\n<p>Le CSM qui n&rsquo;a pas nomm\u00e9 ce beau monde dans son communiqu\u00e9, d\u00e9nonce n\u00e9anmoins, les pressions exerc\u00e9es par les d\u00e9put\u00e9s en affirmant que leur comportement s&rsquo;apparente \u00e0 une violation flagrante de la loi et du principe de la s\u00e9paration des pouvoirs et touche ainsi l\u2019ind\u00e9pendance de l\u2019institution judiciaire dans son ensemble.<\/p>\n\n\n\n<p>Le Conseil dit aussi refuser toute pratique de harc\u00e8lement, de pression et de diffamation des juges, qu&rsquo;ils appellent \u00e0 poursuivre leur travail en application \u00e0 la loi, sans c\u00e9der \u00e0 la pression dont ils font l&rsquo;objet.<\/p>\n\n\n\n<p class=\"has-text-align-right\"><strong>Y. N.<\/strong><\/p>\n\n\n\n<figure class=\"wp-block-embed is-type-wp-embed is-provider-kapitalis wp-block-embed-kapitalis\"><div class=\"wp-block-embed__wrapper\">\n<blockquote class=\"wp-embedded-content\" data-secret=\"y2JezoqbOU\"><a href=\"https:\/\/kapitalis.com\/tunisie\/2021\/06\/08\/affaire-karoui-lamt-denonce-des-campagnes-de-pression-et-de-menaces-contre-les-juges\/\">Affaire Karoui : L&rsquo;AMT d\u00e9nonce \u00abdes campagnes de pression et de menaces contre les juges\u00bb<\/a><\/blockquote><iframe loading=\"lazy\" class=\"wp-embedded-content\" sandbox=\"allow-scripts\" security=\"restricted\" style=\"position: absolute; clip: rect(1px, 1px, 1px, 1px);\" title=\"\u00ab\u00a0Affaire Karoui : L&rsquo;AMT d\u00e9nonce \u00abdes campagnes de pression et de menaces contre les juges\u00bb\u00a0\u00bb &#8212; Kapitalis\" src=\"https:\/\/kapitalis.com\/tunisie\/2021\/06\/08\/affaire-karoui-lamt-denonce-des-campagnes-de-pression-et-de-menaces-contre-les-juges\/embed\/#?secret=KOrX81vLe4#?secret=y2JezoqbOU\" data-secret=\"y2JezoqbOU\" width=\"600\" height=\"338\" frameborder=\"0\" marginwidth=\"0\" marginheight=\"0\" scrolling=\"no\"><\/iframe>\n<\/div><\/figure>\n\n\n\n<figure class=\"wp-block-embed is-type-wp-embed is-provider-kapitalis wp-block-embed-kapitalis\"><div class=\"wp-block-embed__wrapper\">\n<blockquote class=\"wp-embedded-content\" data-secret=\"4nEGKV9lji\"><a href=\"https:\/\/kapitalis.com\/tunisie\/2021\/06\/08\/nabil-karoui-transporte-a-lhopital-video\/\">Nabil Karoui transport\u00e9 \u00e0 l&rsquo;h\u00f4pital&#8230; (Vid\u00e9o)<\/a><\/blockquote><iframe loading=\"lazy\" class=\"wp-embedded-content\" sandbox=\"allow-scripts\" security=\"restricted\" style=\"position: absolute; clip: rect(1px, 1px, 1px, 1px);\" title=\"\u00ab\u00a0Nabil Karoui transport\u00e9 \u00e0 l&rsquo;h\u00f4pital&#8230; (Vid\u00e9o)\u00a0\u00bb &#8212; Kapitalis\" src=\"https:\/\/kapitalis.com\/tunisie\/2021\/06\/08\/nabil-karoui-transporte-a-lhopital-video\/embed\/#?secret=OV9eiyyUtR#?secret=4nEGKV9lji\" data-secret=\"4nEGKV9lji\" width=\"600\" height=\"338\" frameborder=\"0\" marginwidth=\"0\" marginheight=\"0\" scrolling=\"no\"><\/iframe>\n<\/div><\/figure>\n\n\n\n<figure class=\"wp-block-embed is-type-wp-embed is-provider-kapitalis wp-block-embed-kapitalis\"><div class=\"wp-block-embed__wrapper\">\n<blockquote class=\"wp-embedded-content\" data-secret=\"a7ENylzfYD\"><a href=\"https:\/\/kapitalis.com\/tunisie\/2021\/06\/08\/les-dessous-degoutants-du-limogeage-du-magistrat-imed-boukhris\/\">Les dessous d\u00e9go\u00fbtants du limogeage du magistrat Imed Boukhris<\/a><\/blockquote><iframe loading=\"lazy\" class=\"wp-embedded-content\" sandbox=\"allow-scripts\" security=\"restricted\" style=\"position: absolute; clip: rect(1px, 1px, 1px, 1px);\" title=\"\u00ab\u00a0Les dessous d\u00e9go\u00fbtants du limogeage du magistrat Imed Boukhris\u00a0\u00bb &#8212; Kapitalis\" src=\"https:\/\/kapitalis.com\/tunisie\/2021\/06\/08\/les-dessous-degoutants-du-limogeage-du-magistrat-imed-boukhris\/embed\/#?secret=Zd4igoe0GE#?secret=a7ENylzfYD\" data-secret=\"a7ENylzfYD\" width=\"600\" height=\"338\" frameborder=\"0\" marginwidth=\"0\" marginheight=\"0\" scrolling=\"no\"><\/iframe>\n<\/div><\/figure>\n","protected":false},"excerpt":{"rendered":"<p>Le Conseil sup\u00e9rieur de la magistrature (CSM) a annonc\u00e9 qu&rsquo;\u00e0 la lumi\u00e8re de la situation actuelle, mettant notamment les juges au c\u0153urs de diff\u00e9rentes pol\u00e9miques et tiraillements politiques , avoir d\u00e9cid\u00e9 de mettre fin aux missions des magistrats au sein de l\u2019\u00c9tat, et ce afin de garantir et pr\u00e9server l&rsquo;ind\u00e9pendance et la cr\u00e9dibilit\u00e9 de la&#8230;<\/p>\n","protected":false},"author":6,"featured_media":351839,"comment_status":"open","ping_status":"open","sticky":false,"template":"","format":"standard","meta":{"footnotes":""},"categories":[997,2433],"tags":[7902,251,2900,2319,64355,2267,85344,1158,91046],"class_list":["post-351836","post","type-post","status-publish","format-standard","has-post-thumbnail","hentry","category-politique","category-tunisie","tag-conseil-superieur-de-la-magistrature","tag-csm","tag-independance","tag-juges","tag-justice","tag-magistrat","tag-pouvoir-judiciaire","tag-presidence","tag-tiraillements-politiques"],"yoast_head":"<!-- This site is optimized with the Yoast SEO plugin v26.6 - https:\/\/yoast.com\/wordpress\/plugins\/seo\/ -->\n<title>Le Conseil sup\u00e9rieur de la magistrature veut mettre les juges \u00e0 l\u2019\u00e9cart des missions au sein de l\u2019\u00c9tat - Kapitalis<\/title>\n<meta name=\"robots\" content=\"index, follow, max-snippet:-1, max-image-preview:large, max-video-preview:-1\" \/>\n<link rel=\"canonical\" href=\"https:\/\/kapitalis.com\/tunisie\/2021\/06\/08\/le-conseil-superieur-de-la-magistrature-veut-mettre-les-juges-a-lecart-des-missions-au-sein-de-letat\/\" \/>\n<meta property=\"og:locale\" content=\"fr_FR\" \/>\n<meta property=\"og:type\" content=\"article\" \/>\n<meta property=\"og:title\" content=\"Le Conseil sup\u00e9rieur de la magistrature veut mettre les juges \u00e0 l\u2019\u00e9cart des missions au sein de l\u2019\u00c9tat - Kapitalis\" \/>\n<meta property=\"og:description\" content=\"Le Conseil sup\u00e9rieur de la magistrature (CSM) a annonc\u00e9 qu&rsquo;\u00e0 la lumi\u00e8re de la situation actuelle, mettant notamment les juges au c\u0153urs de diff\u00e9rentes pol\u00e9miques et tiraillements politiques , avoir d\u00e9cid\u00e9 de mettre fin aux missions des magistrats au sein de l\u2019\u00c9tat, et ce afin de garantir et pr\u00e9server l&rsquo;ind\u00e9pendance et la cr\u00e9dibilit\u00e9 de la...\" \/>\n<meta property=\"og:url\" content=\"https:\/\/kapitalis.com\/tunisie\/2021\/06\/08\/le-conseil-superieur-de-la-magistrature-veut-mettre-les-juges-a-lecart-des-missions-au-sein-de-letat\/\" \/>\n<meta property=\"og:site_name\" content=\"Kapitalis\" \/>\n<meta property=\"article:publisher\" content=\"https:\/\/www.facebook.com\/KapitalisInfo\/\" \/>\n<meta property=\"article:published_time\" content=\"2021-06-08T21:15:43+00:00\" \/>\n<meta property=\"article:modified_time\" content=\"2021-06-08T21:20:36+00:00\" \/>\n<meta property=\"og:image\" content=\"https:\/\/kapitalis.com\/tunisie\/wp-content\/uploads\/2022\/05\/kapitalis-logo-fb.png\" \/>\n\t<meta property=\"og:image:width\" content=\"1200\" \/>\n\t<meta property=\"og:image:height\" content=\"630\" \/>\n\t<meta property=\"og:image:type\" content=\"image\/png\" \/>\n<meta name=\"author\" content=\"Yusra NY\" \/>\n<meta name=\"twitter:card\" content=\"summary_large_image\" \/>\n<meta name=\"twitter:creator\" content=\"@KapitalisInfo\" \/>\n<meta name=\"twitter:site\" content=\"@KapitalisInfo\" \/>\n<meta name=\"twitter:label1\" content=\"\u00c9crit par\" \/>\n\t<meta name=\"twitter:data1\" content=\"Yusra NY\" \/>\n\t<meta name=\"twitter:label2\" content=\"Dur\u00e9e de lecture estim\u00e9e\" \/>\n\t<meta name=\"twitter:data2\" content=\"2 minutes\" \/>\n<script type=\"application\/ld+json\" class=\"yoast-schema-graph\">{\"@context\":\"https:\/\/schema.org\",\"@graph\":[{\"@type\":\"Article\",\"@id\":\"https:\/\/kapitalis.com\/tunisie\/2021\/06\/08\/le-conseil-superieur-de-la-magistrature-veut-mettre-les-juges-a-lecart-des-missions-au-sein-de-letat\/#article\",\"isPartOf\":{\"@id\":\"https:\/\/kapitalis.com\/tunisie\/2021\/06\/08\/le-conseil-superieur-de-la-magistrature-veut-mettre-les-juges-a-lecart-des-missions-au-sein-de-letat\/\"},\"author\":{\"name\":\"Yusra NY\",\"@id\":\"https:\/\/kapitalis.com\/tunisie\/#\/schema\/person\/74bbde0154d49d790a92aaeac5bc01d5\"},\"headline\":\"Le Conseil sup\u00e9rieur de la magistrature veut mettre les juges \u00e0 l\u2019\u00e9cart des missions au sein de l\u2019\u00c9tat\",\"datePublished\":\"2021-06-08T21:15:43+00:00\",\"dateModified\":\"2021-06-08T21:20:36+00:00\",\"mainEntityOfPage\":{\"@id\":\"https:\/\/kapitalis.com\/tunisie\/2021\/06\/08\/le-conseil-superieur-de-la-magistrature-veut-mettre-les-juges-a-lecart-des-missions-au-sein-de-letat\/\"},\"wordCount\":341,\"commentCount\":1,\"publisher\":{\"@id\":\"https:\/\/kapitalis.com\/tunisie\/#organization\"},\"image\":{\"@id\":\"https:\/\/kapitalis.com\/tunisie\/2021\/06\/08\/le-conseil-superieur-de-la-magistrature-veut-mettre-les-juges-a-lecart-des-missions-au-sein-de-letat\/#primaryimage\"},\"thumbnailUrl\":\"\",\"keywords\":[\"conseil sup\u00e9rieur de la magistrature\",\"CSM\",\"ind\u00e9pendance\",\"juges\",\"justice\",\"magistrat\",\"pouvoir judiciaire\",\"pr\u00e9sidence\",\"tiraillements politiques\"],\"articleSection\":[\"POLITIQUE\",\"Tunisie\"],\"inLanguage\":\"fr-FR\",\"potentialAction\":[{\"@type\":\"CommentAction\",\"name\":\"Comment\",\"target\":[\"https:\/\/kapitalis.com\/tunisie\/2021\/06\/08\/le-conseil-superieur-de-la-magistrature-veut-mettre-les-juges-a-lecart-des-missions-au-sein-de-letat\/#respond\"]}]},{\"@type\":\"WebPage\",\"@id\":\"https:\/\/kapitalis.com\/tunisie\/2021\/06\/08\/le-conseil-superieur-de-la-magistrature-veut-mettre-les-juges-a-lecart-des-missions-au-sein-de-letat\/\",\"url\":\"https:\/\/kapitalis.com\/tunisie\/2021\/06\/08\/le-conseil-superieur-de-la-magistrature-veut-mettre-les-juges-a-lecart-des-missions-au-sein-de-letat\/\",\"name\":\"Le Conseil sup\u00e9rieur de la magistrature veut mettre les juges \u00e0 l\u2019\u00e9cart des missions au sein de l\u2019\u00c9tat - Kapitalis\",\"isPartOf\":{\"@id\":\"https:\/\/kapitalis.com\/tunisie\/#website\"},\"primaryImageOfPage\":{\"@id\":\"https:\/\/kapitalis.com\/tunisie\/2021\/06\/08\/le-conseil-superieur-de-la-magistrature-veut-mettre-les-juges-a-lecart-des-missions-au-sein-de-letat\/#primaryimage\"},\"image\":{\"@id\":\"https:\/\/kapitalis.com\/tunisie\/2021\/06\/08\/le-conseil-superieur-de-la-magistrature-veut-mettre-les-juges-a-lecart-des-missions-au-sein-de-letat\/#primaryimage\"},\"thumbnailUrl\":\"\",\"datePublished\":\"2021-06-08T21:15:43+00:00\",\"dateModified\":\"2021-06-08T21:20:36+00:00\",\"breadcrumb\":{\"@id\":\"https:\/\/kapitalis.com\/tunisie\/2021\/06\/08\/le-conseil-superieur-de-la-magistrature-veut-mettre-les-juges-a-lecart-des-missions-au-sein-de-letat\/#breadcrumb\"},\"inLanguage\":\"fr-FR\",\"potentialAction\":[{\"@type\":\"ReadAction\",\"target\":[\"https:\/\/kapitalis.com\/tunisie\/2021\/06\/08\/le-conseil-superieur-de-la-magistrature-veut-mettre-les-juges-a-lecart-des-missions-au-sein-de-letat\/\"]}]},{\"@type\":\"ImageObject\",\"inLanguage\":\"fr-FR\",\"@id\":\"https:\/\/kapitalis.com\/tunisie\/2021\/06\/08\/le-conseil-superieur-de-la-magistrature-veut-mettre-les-juges-a-lecart-des-missions-au-sein-de-letat\/#primaryimage\",\"url\":\"\",\"contentUrl\":\"\"},{\"@type\":\"BreadcrumbList\",\"@id\":\"https:\/\/kapitalis.com\/tunisie\/2021\/06\/08\/le-conseil-superieur-de-la-magistrature-veut-mettre-les-juges-a-lecart-des-missions-au-sein-de-letat\/#breadcrumb\",\"itemListElement\":[{\"@type\":\"ListItem\",\"position\":1,\"name\":\"Accueil\",\"item\":\"https:\/\/kapitalis.com\/tunisie\/\"},{\"@type\":\"ListItem\",\"position\":2,\"name\":\"Le Conseil sup\u00e9rieur de la magistrature veut mettre les juges \u00e0 l\u2019\u00e9cart des missions au sein de l\u2019\u00c9tat\"}]},{\"@type\":\"WebSite\",\"@id\":\"https:\/\/kapitalis.com\/tunisie\/#website\",\"url\":\"https:\/\/kapitalis.com\/tunisie\/\",\"name\":\"Kapitalis\",\"description\":\"L&#039;actualit\u00e9 en Tunisie et dans le monde\",\"publisher\":{\"@id\":\"https:\/\/kapitalis.com\/tunisie\/#organization\"},\"potentialAction\":[{\"@type\":\"SearchAction\",\"target\":{\"@type\":\"EntryPoint\",\"urlTemplate\":\"https:\/\/kapitalis.com\/tunisie\/?s={search_term_string}\"},\"query-input\":{\"@type\":\"PropertyValueSpecification\",\"valueRequired\":true,\"valueName\":\"search_term_string\"}}],\"inLanguage\":\"fr-FR\"},{\"@type\":\"Organization\",\"@id\":\"https:\/\/kapitalis.com\/tunisie\/#organization\",\"name\":\"Kapitalis\",\"url\":\"https:\/\/kapitalis.com\/tunisie\/\",\"logo\":{\"@type\":\"ImageObject\",\"inLanguage\":\"fr-FR\",\"@id\":\"https:\/\/kapitalis.com\/tunisie\/#\/schema\/logo\/image\/\",\"url\":\"https:\/\/kapitalis.com\/tunisie\/wp-content\/uploads\/2022\/05\/Kapitalis-big-size.png\",\"contentUrl\":\"https:\/\/kapitalis.com\/tunisie\/wp-content\/uploads\/2022\/05\/Kapitalis-big-size.png\",\"width\":5000,\"height\":1500,\"caption\":\"Kapitalis\"},\"image\":{\"@id\":\"https:\/\/kapitalis.com\/tunisie\/#\/schema\/logo\/image\/\"},\"sameAs\":[\"https:\/\/www.facebook.com\/KapitalisInfo\/\",\"https:\/\/x.com\/KapitalisInfo\",\"https:\/\/www.youtube.com\/channel\/UC-yDYrHyfFBWWZaOw3FPg9Q\"]},{\"@type\":\"Person\",\"@id\":\"https:\/\/kapitalis.com\/tunisie\/#\/schema\/person\/74bbde0154d49d790a92aaeac5bc01d5\",\"name\":\"Yusra NY\",\"url\":\"https:\/\/kapitalis.com\/tunisie\/author\/yuza_adam\/\"}]}<\/script>\n<!-- \/ Yoast SEO plugin. -->","yoast_head_json":{"title":"Le Conseil sup\u00e9rieur de la magistrature veut mettre les juges \u00e0 l\u2019\u00e9cart des missions au sein de l\u2019\u00c9tat - Kapitalis","robots":{"index":"index","follow":"follow","max-snippet":"max-snippet:-1","max-image-preview":"max-image-preview:large","max-video-preview":"max-video-preview:-1"},"canonical":"https:\/\/kapitalis.com\/tunisie\/2021\/06\/08\/le-conseil-superieur-de-la-magistrature-veut-mettre-les-juges-a-lecart-des-missions-au-sein-de-letat\/","og_locale":"fr_FR","og_type":"article","og_title":"Le Conseil sup\u00e9rieur de la magistrature veut mettre les juges \u00e0 l\u2019\u00e9cart des missions au sein de l\u2019\u00c9tat - Kapitalis","og_description":"Le Conseil sup\u00e9rieur de la magistrature (CSM) a annonc\u00e9 qu&rsquo;\u00e0 la lumi\u00e8re de la situation actuelle, mettant notamment les juges au c\u0153urs de diff\u00e9rentes pol\u00e9miques et tiraillements politiques , avoir d\u00e9cid\u00e9 de mettre fin aux missions des magistrats au sein de l\u2019\u00c9tat, et ce afin de garantir et pr\u00e9server l&rsquo;ind\u00e9pendance et la cr\u00e9dibilit\u00e9 de la...","og_url":"https:\/\/kapitalis.com\/tunisie\/2021\/06\/08\/le-conseil-superieur-de-la-magistrature-veut-mettre-les-juges-a-lecart-des-missions-au-sein-de-letat\/","og_site_name":"Kapitalis","article_publisher":"https:\/\/www.facebook.com\/KapitalisInfo\/","article_published_time":"2021-06-08T21:15:43+00:00","article_modified_time":"2021-06-08T21:20:36+00:00","og_image":[{"width":1200,"height":630,"url":"https:\/\/kapitalis.com\/tunisie\/wp-content\/uploads\/2022\/05\/kapitalis-logo-fb.png","type":"image\/png"}],"author":"Yusra NY","twitter_card":"summary_large_image","twitter_creator":"@KapitalisInfo","twitter_site":"@KapitalisInfo","twitter_misc":{"\u00c9crit par":"Yusra NY","Dur\u00e9e de lecture estim\u00e9e":"2 minutes"},"schema":{"@context":"https:\/\/schema.org","@graph":[{"@type":"Article","@id":"https:\/\/kapitalis.com\/tunisie\/2021\/06\/08\/le-conseil-superieur-de-la-magistrature-veut-mettre-les-juges-a-lecart-des-missions-au-sein-de-letat\/#article","isPartOf":{"@id":"https:\/\/kapitalis.com\/tunisie\/2021\/06\/08\/le-conseil-superieur-de-la-magistrature-veut-mettre-les-juges-a-lecart-des-missions-au-sein-de-letat\/"},"author":{"name":"Yusra NY","@id":"https:\/\/kapitalis.com\/tunisie\/#\/schema\/person\/74bbde0154d49d790a92aaeac5bc01d5"},"headline":"Le Conseil sup\u00e9rieur de la magistrature veut mettre les juges \u00e0 l\u2019\u00e9cart des missions au sein de l\u2019\u00c9tat","datePublished":"2021-06-08T21:15:43+00:00","dateModified":"2021-06-08T21:20:36+00:00","mainEntityOfPage":{"@id":"https:\/\/kapitalis.com\/tunisie\/2021\/06\/08\/le-conseil-superieur-de-la-magistrature-veut-mettre-les-juges-a-lecart-des-missions-au-sein-de-letat\/"},"wordCount":341,"commentCount":1,"publisher":{"@id":"https:\/\/kapitalis.com\/tunisie\/#organization"},"image":{"@id":"https:\/\/kapitalis.com\/tunisie\/2021\/06\/08\/le-conseil-superieur-de-la-magistrature-veut-mettre-les-juges-a-lecart-des-missions-au-sein-de-letat\/#primaryimage"},"thumbnailUrl":"","keywords":["conseil sup\u00e9rieur de la magistrature","CSM","ind\u00e9pendance","juges","justice","magistrat","pouvoir judiciaire","pr\u00e9sidence","tiraillements politiques"],"articleSection":["POLITIQUE","Tunisie"],"inLanguage":"fr-FR","potentialAction":[{"@type":"CommentAction","name":"Comment","target":["https:\/\/kapitalis.com\/tunisie\/2021\/06\/08\/le-conseil-superieur-de-la-magistrature-veut-mettre-les-juges-a-lecart-des-missions-au-sein-de-letat\/#respond"]}]},{"@type":"WebPage","@id":"https:\/\/kapitalis.com\/tunisie\/2021\/06\/08\/le-conseil-superieur-de-la-magistrature-veut-mettre-les-juges-a-lecart-des-missions-au-sein-de-letat\/","url":"https:\/\/kapitalis.com\/tunisie\/2021\/06\/08\/le-conseil-superieur-de-la-magistrature-veut-mettre-les-juges-a-lecart-des-missions-au-sein-de-letat\/","name":"Le Conseil sup\u00e9rieur de la magistrature veut mettre les juges \u00e0 l\u2019\u00e9cart des missions au sein de l\u2019\u00c9tat - Kapitalis","isPartOf":{"@id":"https:\/\/kapitalis.com\/tunisie\/#website"},"primaryImageOfPage":{"@id":"https:\/\/kapitalis.com\/tunisie\/2021\/06\/08\/le-conseil-superieur-de-la-magistrature-veut-mettre-les-juges-a-lecart-des-missions-au-sein-de-letat\/#primaryimage"},"image":{"@id":"https:\/\/kapitalis.com\/tunisie\/2021\/06\/08\/le-conseil-superieur-de-la-magistrature-veut-mettre-les-juges-a-lecart-des-missions-au-sein-de-letat\/#primaryimage"},"thumbnailUrl":"","datePublished":"2021-06-08T21:15:43+00:00","dateModified":"2021-06-08T21:20:36+00:00","breadcrumb":{"@id":"https:\/\/kapitalis.com\/tunisie\/2021\/06\/08\/le-conseil-superieur-de-la-magistrature-veut-mettre-les-juges-a-lecart-des-missions-au-sein-de-letat\/#breadcrumb"},"inLanguage":"fr-FR","potentialAction":[{"@type":"ReadAction","target":["https:\/\/kapitalis.com\/tunisie\/2021\/06\/08\/le-conseil-superieur-de-la-magistrature-veut-mettre-les-juges-a-lecart-des-missions-au-sein-de-letat\/"]}]},{"@type":"ImageObject","inLanguage":"fr-FR","@id":"https:\/\/kapitalis.com\/tunisie\/2021\/06\/08\/le-conseil-superieur-de-la-magistrature-veut-mettre-les-juges-a-lecart-des-missions-au-sein-de-letat\/#primaryimage","url":"","contentUrl":""},{"@type":"BreadcrumbList","@id":"https:\/\/kapitalis.com\/tunisie\/2021\/06\/08\/le-conseil-superieur-de-la-magistrature-veut-mettre-les-juges-a-lecart-des-missions-au-sein-de-letat\/#breadcrumb","itemListElement":[{"@type":"ListItem","position":1,"name":"Accueil","item":"https:\/\/kapitalis.com\/tunisie\/"},{"@type":"ListItem","position":2,"name":"Le Conseil sup\u00e9rieur de la magistrature veut mettre les juges \u00e0 l\u2019\u00e9cart des missions au sein de l\u2019\u00c9tat"}]},{"@type":"WebSite","@id":"https:\/\/kapitalis.com\/tunisie\/#website","url":"https:\/\/kapitalis.com\/tunisie\/","name":"Kapitalis","description":"L&#039;actualit\u00e9 en Tunisie et dans le monde","publisher":{"@id":"https:\/\/kapitalis.com\/tunisie\/#organization"},"potentialAction":[{"@type":"SearchAction","target":{"@type":"EntryPoint","urlTemplate":"https:\/\/kapitalis.com\/tunisie\/?s={search_term_string}"},"query-input":{"@type":"PropertyValueSpecification","valueRequired":true,"valueName":"search_term_string"}}],"inLanguage":"fr-FR"},{"@type":"Organization","@id":"https:\/\/kapitalis.com\/tunisie\/#organization","name":"Kapitalis","url":"https:\/\/kapitalis.com\/tunisie\/","logo":{"@type":"ImageObject","inLanguage":"fr-FR","@id":"https:\/\/kapitalis.com\/tunisie\/#\/schema\/logo\/image\/","url":"https:\/\/kapitalis.com\/tunisie\/wp-content\/uploads\/2022\/05\/Kapitalis-big-size.png","contentUrl":"https:\/\/kapitalis.com\/tunisie\/wp-content\/uploads\/2022\/05\/Kapitalis-big-size.png","width":5000,"height":1500,"caption":"Kapitalis"},"image":{"@id":"https:\/\/kapitalis.com\/tunisie\/#\/schema\/logo\/image\/"},"sameAs":["https:\/\/www.facebook.com\/KapitalisInfo\/","https:\/\/x.com\/KapitalisInfo","https:\/\/www.youtube.com\/channel\/UC-yDYrHyfFBWWZaOw3FPg9Q"]},{"@type":"Person","@id":"https:\/\/kapitalis.com\/tunisie\/#\/schema\/person\/74bbde0154d49d790a92aaeac5bc01d5","name":"Yusra NY","url":"https:\/\/kapitalis.com\/tunisie\/author\/yuza_adam\/"}]}},"_links":{"self":[{"href":"https:\/\/kapitalis.com\/tunisie\/wp-json\/wp\/v2\/posts\/351836","targetHints":{"allow":["GET"]}}],"collection":[{"href":"https:\/\/kapitalis.com\/tunisie\/wp-json\/wp\/v2\/posts"}],"about":[{"href":"https:\/\/kapitalis.com\/tunisie\/wp-json\/wp\/v2\/types\/post"}],"author":[{"embeddable":true,"href":"https:\/\/kapitalis.com\/tunisie\/wp-json\/wp\/v2\/users\/6"}],"replies":[{"embeddable":true,"href":"https:\/\/kapitalis.com\/tunisie\/wp-json\/wp\/v2\/comments?post=351836"}],"version-history":[{"count":0,"href":"https:\/\/kapitalis.com\/tunisie\/wp-json\/wp\/v2\/posts\/351836\/revisions"}],"wp:featuredmedia":[{"embeddable":true,"href":"https:\/\/kapitalis.com\/tunisie\/wp-json\/wp\/v2\/media\/351839"}],"wp:attachment":[{"href":"https:\/\/kapitalis.com\/tunisie\/wp-json\/wp\/v2\/media?parent=351836"}],"wp:term":[{"taxonomy":"category","embeddable":true,"href":"https:\/\/kapitalis.com\/tunisie\/wp-json\/wp\/v2\/categories?post=351836"},{"taxonomy":"post_tag","embeddable":true,"href":"https:\/\/kapitalis.com\/tunisie\/wp-json\/wp\/v2\/tags?post=351836"}],"curies":[{"name":"wp","href":"https:\/\/api.w.org\/{rel}","templated":true}]}}