{"id":351887,"date":"2021-06-09T11:41:25","date_gmt":"2021-06-09T10:41:25","guid":{"rendered":"http:\/\/kapitalis.com\/tunisie\/?p=351887"},"modified":"2021-06-09T11:45:38","modified_gmt":"2021-06-09T10:45:38","slug":"etude-de-lites-le-numerique-au-coeur-de-la-revolution-administrative","status":"publish","type":"post","link":"https:\/\/kapitalis.com\/tunisie\/2021\/06\/09\/etude-de-lites-le-numerique-au-coeur-de-la-revolution-administrative\/","title":{"rendered":"Etude de l\u2019Ites : Le num\u00e9rique au c\u0153ur de la r\u00e9volution administrative"},"content":{"rendered":"\n<div class=\"wp-block-image\"><figure class=\"aligncenter size-large\"><img decoding=\"async\" src=\"http:\/\/kapitalis.com\/tunisie\/wp-content\/uploads\/2021\/06\/Ites-Revolution-digitale.jpg\" alt=\"\" class=\"wp-image-351889\"\/><\/figure><\/div>\n\n\n\n<p><strong><em>L\u2019Institut tunisien des \u00e9tudes strat\u00e9giques (Ites) vient de sortir, en partenariat avec la Konrad Adenauer Stiftung (Kas), une nouvelle \u00e9tude intitul\u00e9e \u00abLe num\u00e9rique pour renforcer les services administratifs et assurer leur continuit\u00e9\u00bb ax\u00e9e sur le num\u00e9rique en tant que vecteur d\u2019une profonde r\u00e9forme et d\u2019une modernisation de l\u2019administration tunisienne, pr\u00e9alable \u00e0 toute optimisation des politiques publiques et \u00e0 tout sauvetage \u00e9conomique ou sortie de crise.<\/em><\/strong><\/p>\n\n\n\n<!--more-->\n\n\n\n<p>Confront\u00e9e \u00e0 une crise sanitaire mais surtout politique et socio-\u00e9conomique in\u00e9dite dans son histoire moderne, la Tunisie est \u00e0 la crois\u00e9e des chemins, la transition d\u00e9mocratique \u00e9tant largement conditionn\u00e9e par la capacit\u00e9 du pays \u00e0 sortir de cette polycrise et \u00e0 s\u2019inscrire dans une trajectoire de sauvetage puis de relance de l\u2019\u00e9conomie nationale. Le syst\u00e8me est au bord de l\u2019implosion dictant un sursaut et des mesures \u00e9nergiques.<\/p>\n\n\n\n<p>Face \u00e0 cette forte sismicit\u00e9 et \u00e0 l\u2019incertitude croissante balayant l\u2019ensemble de nos rep\u00e8res et modes de gestion traditionnels devenus obsol\u00e8tes, il convient d\u2019innover dans l\u2019approche, en termes de politiques publiques, mais \u00e9galement quant au fond. Il s\u2019agit de penser<em> \u00aben rupture\u00bb<\/em>, de tracer un chemin vertueux en privil\u00e9giant la proactivit\u00e9 et l\u2019approche prospective et anticipatrice, seule \u00e0 m\u00eame de d\u00e9gager une strat\u00e9gie de sauvetage et de sortie de crise r\u00e9pondant \u00e0 la fois \u00e0 l\u2019urgence du court terme et aux imp\u00e9ratifs du moyen terme, soit l\u2019horizon 2025.<\/p>\n\n\n\n<h3 class=\"wp-block-heading\">La r\u00e9volution digitale au c\u0153ur du \u00abGreat Reset\u00bb<\/h3>\n\n\n\n<p>Un changement de paradigme politique et socio-\u00e9conomique s\u2019impose dans le sillage d\u2019une refonte et reconfiguration en cours de la mondialisation et de l\u2019\u00e9conomie mondiale suite \u00e0 la Covid-19 amen\u00e9e \u00e0 \u00eatre structurelle et non r\u00e9duite \u00e0 un choc conjoncturel surmontable par la vaccination. Un <em>\u00abGreat Reset\u00bb<\/em> ou <em>\u00abgrande r\u00e9initialisation\u00bb <\/em>tel que conceptualis\u00e9 par Klaus Schwab, fondateur et pr\u00e9sident du Forum \u00e9conomique mondial de Davos, est en cours au sein duquel le num\u00e9rique et la r\u00e9volution digitale en cours occupent une place centrale.<\/p>\n\n\n\n<p>Selon cette \u00e9tude de l\u2019Ites, l\u2019administration ne doit plus \u00eatre un obstacle mais au contraire un levier afin d\u2019impulser l\u2019\u00e9mergence d\u2019un nouvel \u00e9cosyst\u00e8me propice au sauvetage \u00e9conomique du pays et \u00e0 la sortie de crise. Parall\u00e8lement, elle devra s\u2019adapter \u00e0 la nouvelle \u00e9conomie mondiale en gestation qui ne manquera pas d\u2019impacter la Tunisie. Cela suppose un changement de paradigme et une vision formul\u00e9s dans le cadre de cette \u00e9tude.<\/p>\n\n\n\n<h3 class=\"wp-block-heading\">Les tendances lourdes, les signaux faibles et les forces motrices<\/h3>\n\n\n\n<p>Cette derni\u00e8re, apr\u00e8s avoir dress\u00e9 le diagnostic du num\u00e9rique au sein du secteur public tunisien en identifiant les invariants, les tendances lourdes, les signaux faibles, les facteurs de blocage, les forces motrices, etc., conditionnant son \u00e9volution future, et en s\u2019appuyant sur un benchmark international, construit deux sc\u00e9narios \u00e0 l\u2019horizon fin 2020-mi 2021 : un sc\u00e9nario souhaitable constituant la vision et un sc\u00e9nario catastrophique qu\u2019il convient d\u2019\u00e9viter.<\/p>\n\n\n\n<p>Dans le cadre d\u2019une troisi\u00e8me partie, les auteurs, apr\u00e8s avoir identifi\u00e9 des objectifs strat\u00e9giques \u00e0 atteindre afin d\u2019initier la r\u00e9forme de l\u2019administration ax\u00e9e sur le num\u00e9rique, formulent des orientations strat\u00e9giques d\u00e9clin\u00e9es en 21 mesures op\u00e9rationnelles constituant un plan d\u2019actions visant la mat\u00e9rialisation de la vision.<\/p>\n\n\n\n<p>Cette \u00e9tude num\u00e9rique et digitale est consultable sur le site de l\u2019Ites sur le <a href=\"http:\/\/www.ites.tn\/fr\/actualites\/%C2%AB-Le-num%C3%A9rique-pour-renforcer-les-services-administratifs-et-assurer-leur-continuit%C3%A9-%C2%BB\/134\/?fbclid=IwAR1rVuFzciGULhT3pruW3Nr4T5-1cK5YbH19qk9Ue6A6lLgyPXfr99n_xGA\" target=\"_blank\" rel=\"noreferrer noopener\">lien suivant<\/a>.<br><\/p>\n","protected":false},"excerpt":{"rendered":"<p>L\u2019Institut tunisien des \u00e9tudes strat\u00e9giques (Ites) vient de sortir, en partenariat avec la Konrad Adenauer Stiftung (Kas), une nouvelle \u00e9tude intitul\u00e9e \u00abLe num\u00e9rique pour renforcer les services administratifs et assurer leur continuit\u00e9\u00bb ax\u00e9e sur le num\u00e9rique en tant que vecteur d\u2019une profonde r\u00e9forme et d\u2019une modernisation de l\u2019administration tunisienne, pr\u00e9alable \u00e0 toute optimisation des politiques&#8230;<\/p>\n","protected":false},"author":8,"featured_media":351889,"comment_status":"open","ping_status":"open","sticky":false,"template":"","format":"standard","meta":{"footnotes":""},"categories":[995,2433],"tags":[91065,16024,91066,8634,10040,91064,91063],"class_list":["post-351887","post","type-post","status-publish","format-standard","has-post-thumbnail","hentry","category-economie","category-tunisie","tag-great-reset","tag-ites","tag-klaus-schwab","tag-konrad-adenauer-stiftung","tag-numerique","tag-revolution-digitale","tag-services-administratifs"],"yoast_head":"<!-- This site is optimized with the Yoast SEO plugin v26.6 - https:\/\/yoast.com\/wordpress\/plugins\/seo\/ -->\n<title>Etude de l\u2019Ites : Le num\u00e9rique au c\u0153ur de la r\u00e9volution administrative - Kapitalis<\/title>\n<meta name=\"robots\" content=\"index, follow, max-snippet:-1, max-image-preview:large, max-video-preview:-1\" \/>\n<link rel=\"canonical\" href=\"https:\/\/kapitalis.com\/tunisie\/2021\/06\/09\/etude-de-lites-le-numerique-au-coeur-de-la-revolution-administrative\/\" \/>\n<meta property=\"og:locale\" content=\"fr_FR\" \/>\n<meta property=\"og:type\" content=\"article\" \/>\n<meta property=\"og:title\" content=\"Etude de l\u2019Ites : Le num\u00e9rique au c\u0153ur de la r\u00e9volution administrative - Kapitalis\" \/>\n<meta property=\"og:description\" content=\"L\u2019Institut tunisien des \u00e9tudes strat\u00e9giques (Ites) vient de sortir, en partenariat avec la Konrad Adenauer Stiftung (Kas), une nouvelle \u00e9tude intitul\u00e9e \u00abLe num\u00e9rique pour renforcer les services administratifs et assurer leur continuit\u00e9\u00bb ax\u00e9e sur le num\u00e9rique en tant que vecteur d\u2019une profonde r\u00e9forme et d\u2019une modernisation de l\u2019administration tunisienne, pr\u00e9alable \u00e0 toute optimisation des politiques...\" \/>\n<meta property=\"og:url\" content=\"https:\/\/kapitalis.com\/tunisie\/2021\/06\/09\/etude-de-lites-le-numerique-au-coeur-de-la-revolution-administrative\/\" \/>\n<meta property=\"og:site_name\" content=\"Kapitalis\" \/>\n<meta property=\"article:publisher\" content=\"https:\/\/www.facebook.com\/KapitalisInfo\/\" \/>\n<meta property=\"article:published_time\" content=\"2021-06-09T10:41:25+00:00\" \/>\n<meta property=\"article:modified_time\" content=\"2021-06-09T10:45:38+00:00\" \/>\n<meta property=\"og:image\" content=\"https:\/\/kapitalis.com\/tunisie\/wp-content\/uploads\/2022\/05\/kapitalis-logo-fb.png\" \/>\n\t<meta property=\"og:image:width\" content=\"1200\" \/>\n\t<meta property=\"og:image:height\" content=\"630\" \/>\n\t<meta property=\"og:image:type\" content=\"image\/png\" \/>\n<meta name=\"author\" content=\"webmaster kapitalis\" \/>\n<meta name=\"twitter:card\" content=\"summary_large_image\" \/>\n<meta name=\"twitter:creator\" content=\"@KapitalisInfo\" \/>\n<meta name=\"twitter:site\" content=\"@KapitalisInfo\" \/>\n<meta name=\"twitter:label1\" content=\"\u00c9crit par\" \/>\n\t<meta name=\"twitter:data1\" content=\"webmaster kapitalis\" \/>\n\t<meta name=\"twitter:label2\" content=\"Dur\u00e9e de lecture estim\u00e9e\" \/>\n\t<meta name=\"twitter:data2\" content=\"3 minutes\" \/>\n<script type=\"application\/ld+json\" class=\"yoast-schema-graph\">{\"@context\":\"https:\/\/schema.org\",\"@graph\":[{\"@type\":\"Article\",\"@id\":\"https:\/\/kapitalis.com\/tunisie\/2021\/06\/09\/etude-de-lites-le-numerique-au-coeur-de-la-revolution-administrative\/#article\",\"isPartOf\":{\"@id\":\"https:\/\/kapitalis.com\/tunisie\/2021\/06\/09\/etude-de-lites-le-numerique-au-coeur-de-la-revolution-administrative\/\"},\"author\":{\"name\":\"webmaster kapitalis\",\"@id\":\"https:\/\/kapitalis.com\/tunisie\/#\/schema\/person\/d71f33a9ca44f7bad4698210b480c8e9\"},\"headline\":\"Etude de l\u2019Ites : Le num\u00e9rique au c\u0153ur de la r\u00e9volution administrative\",\"datePublished\":\"2021-06-09T10:41:25+00:00\",\"dateModified\":\"2021-06-09T10:45:38+00:00\",\"mainEntityOfPage\":{\"@id\":\"https:\/\/kapitalis.com\/tunisie\/2021\/06\/09\/etude-de-lites-le-numerique-au-coeur-de-la-revolution-administrative\/\"},\"wordCount\":595,\"commentCount\":0,\"publisher\":{\"@id\":\"https:\/\/kapitalis.com\/tunisie\/#organization\"},\"image\":{\"@id\":\"https:\/\/kapitalis.com\/tunisie\/2021\/06\/09\/etude-de-lites-le-numerique-au-coeur-de-la-revolution-administrative\/#primaryimage\"},\"thumbnailUrl\":\"\",\"keywords\":[\"Great Reset\",\"Ites\",\"Klaus Schwab\",\"Konrad Adenauer Stiftung\",\"num\u00e9rique\",\"r\u00e9volution digitale\",\"services administratifs\"],\"articleSection\":[\"ECONOMIE\",\"Tunisie\"],\"inLanguage\":\"fr-FR\",\"potentialAction\":[{\"@type\":\"CommentAction\",\"name\":\"Comment\",\"target\":[\"https:\/\/kapitalis.com\/tunisie\/2021\/06\/09\/etude-de-lites-le-numerique-au-coeur-de-la-revolution-administrative\/#respond\"]}]},{\"@type\":\"WebPage\",\"@id\":\"https:\/\/kapitalis.com\/tunisie\/2021\/06\/09\/etude-de-lites-le-numerique-au-coeur-de-la-revolution-administrative\/\",\"url\":\"https:\/\/kapitalis.com\/tunisie\/2021\/06\/09\/etude-de-lites-le-numerique-au-coeur-de-la-revolution-administrative\/\",\"name\":\"Etude de l\u2019Ites : Le num\u00e9rique au c\u0153ur de la r\u00e9volution administrative - Kapitalis\",\"isPartOf\":{\"@id\":\"https:\/\/kapitalis.com\/tunisie\/#website\"},\"primaryImageOfPage\":{\"@id\":\"https:\/\/kapitalis.com\/tunisie\/2021\/06\/09\/etude-de-lites-le-numerique-au-coeur-de-la-revolution-administrative\/#primaryimage\"},\"image\":{\"@id\":\"https:\/\/kapitalis.com\/tunisie\/2021\/06\/09\/etude-de-lites-le-numerique-au-coeur-de-la-revolution-administrative\/#primaryimage\"},\"thumbnailUrl\":\"\",\"datePublished\":\"2021-06-09T10:41:25+00:00\",\"dateModified\":\"2021-06-09T10:45:38+00:00\",\"breadcrumb\":{\"@id\":\"https:\/\/kapitalis.com\/tunisie\/2021\/06\/09\/etude-de-lites-le-numerique-au-coeur-de-la-revolution-administrative\/#breadcrumb\"},\"inLanguage\":\"fr-FR\",\"potentialAction\":[{\"@type\":\"ReadAction\",\"target\":[\"https:\/\/kapitalis.com\/tunisie\/2021\/06\/09\/etude-de-lites-le-numerique-au-coeur-de-la-revolution-administrative\/\"]}]},{\"@type\":\"ImageObject\",\"inLanguage\":\"fr-FR\",\"@id\":\"https:\/\/kapitalis.com\/tunisie\/2021\/06\/09\/etude-de-lites-le-numerique-au-coeur-de-la-revolution-administrative\/#primaryimage\",\"url\":\"\",\"contentUrl\":\"\"},{\"@type\":\"BreadcrumbList\",\"@id\":\"https:\/\/kapitalis.com\/tunisie\/2021\/06\/09\/etude-de-lites-le-numerique-au-coeur-de-la-revolution-administrative\/#breadcrumb\",\"itemListElement\":[{\"@type\":\"ListItem\",\"position\":1,\"name\":\"Accueil\",\"item\":\"https:\/\/kapitalis.com\/tunisie\/\"},{\"@type\":\"ListItem\",\"position\":2,\"name\":\"Etude de l\u2019Ites : Le num\u00e9rique au c\u0153ur de la r\u00e9volution administrative\"}]},{\"@type\":\"WebSite\",\"@id\":\"https:\/\/kapitalis.com\/tunisie\/#website\",\"url\":\"https:\/\/kapitalis.com\/tunisie\/\",\"name\":\"Kapitalis\",\"description\":\"L&#039;actualit\u00e9 en Tunisie et dans le monde\",\"publisher\":{\"@id\":\"https:\/\/kapitalis.com\/tunisie\/#organization\"},\"potentialAction\":[{\"@type\":\"SearchAction\",\"target\":{\"@type\":\"EntryPoint\",\"urlTemplate\":\"https:\/\/kapitalis.com\/tunisie\/?s={search_term_string}\"},\"query-input\":{\"@type\":\"PropertyValueSpecification\",\"valueRequired\":true,\"valueName\":\"search_term_string\"}}],\"inLanguage\":\"fr-FR\"},{\"@type\":\"Organization\",\"@id\":\"https:\/\/kapitalis.com\/tunisie\/#organization\",\"name\":\"Kapitalis\",\"url\":\"https:\/\/kapitalis.com\/tunisie\/\",\"logo\":{\"@type\":\"ImageObject\",\"inLanguage\":\"fr-FR\",\"@id\":\"https:\/\/kapitalis.com\/tunisie\/#\/schema\/logo\/image\/\",\"url\":\"https:\/\/kapitalis.com\/tunisie\/wp-content\/uploads\/2022\/05\/Kapitalis-big-size.png\",\"contentUrl\":\"https:\/\/kapitalis.com\/tunisie\/wp-content\/uploads\/2022\/05\/Kapitalis-big-size.png\",\"width\":5000,\"height\":1500,\"caption\":\"Kapitalis\"},\"image\":{\"@id\":\"https:\/\/kapitalis.com\/tunisie\/#\/schema\/logo\/image\/\"},\"sameAs\":[\"https:\/\/www.facebook.com\/KapitalisInfo\/\",\"https:\/\/x.com\/KapitalisInfo\",\"https:\/\/www.youtube.com\/channel\/UC-yDYrHyfFBWWZaOw3FPg9Q\"]},{\"@type\":\"Person\",\"@id\":\"https:\/\/kapitalis.com\/tunisie\/#\/schema\/person\/d71f33a9ca44f7bad4698210b480c8e9\",\"name\":\"webmaster kapitalis\",\"url\":\"https:\/\/kapitalis.com\/tunisie\/author\/webmaster-kapitalis\/\"}]}<\/script>\n<!-- \/ Yoast SEO plugin. -->","yoast_head_json":{"title":"Etude de l\u2019Ites : Le num\u00e9rique au c\u0153ur de la r\u00e9volution administrative - Kapitalis","robots":{"index":"index","follow":"follow","max-snippet":"max-snippet:-1","max-image-preview":"max-image-preview:large","max-video-preview":"max-video-preview:-1"},"canonical":"https:\/\/kapitalis.com\/tunisie\/2021\/06\/09\/etude-de-lites-le-numerique-au-coeur-de-la-revolution-administrative\/","og_locale":"fr_FR","og_type":"article","og_title":"Etude de l\u2019Ites : Le num\u00e9rique au c\u0153ur de la r\u00e9volution administrative - Kapitalis","og_description":"L\u2019Institut tunisien des \u00e9tudes strat\u00e9giques (Ites) vient de sortir, en partenariat avec la Konrad Adenauer Stiftung (Kas), une nouvelle \u00e9tude intitul\u00e9e \u00abLe num\u00e9rique pour renforcer les services administratifs et assurer leur continuit\u00e9\u00bb ax\u00e9e sur le num\u00e9rique en tant que vecteur d\u2019une profonde r\u00e9forme et d\u2019une modernisation de l\u2019administration tunisienne, pr\u00e9alable \u00e0 toute optimisation des politiques...","og_url":"https:\/\/kapitalis.com\/tunisie\/2021\/06\/09\/etude-de-lites-le-numerique-au-coeur-de-la-revolution-administrative\/","og_site_name":"Kapitalis","article_publisher":"https:\/\/www.facebook.com\/KapitalisInfo\/","article_published_time":"2021-06-09T10:41:25+00:00","article_modified_time":"2021-06-09T10:45:38+00:00","og_image":[{"width":1200,"height":630,"url":"https:\/\/kapitalis.com\/tunisie\/wp-content\/uploads\/2022\/05\/kapitalis-logo-fb.png","type":"image\/png"}],"author":"webmaster kapitalis","twitter_card":"summary_large_image","twitter_creator":"@KapitalisInfo","twitter_site":"@KapitalisInfo","twitter_misc":{"\u00c9crit par":"webmaster kapitalis","Dur\u00e9e de lecture estim\u00e9e":"3 minutes"},"schema":{"@context":"https:\/\/schema.org","@graph":[{"@type":"Article","@id":"https:\/\/kapitalis.com\/tunisie\/2021\/06\/09\/etude-de-lites-le-numerique-au-coeur-de-la-revolution-administrative\/#article","isPartOf":{"@id":"https:\/\/kapitalis.com\/tunisie\/2021\/06\/09\/etude-de-lites-le-numerique-au-coeur-de-la-revolution-administrative\/"},"author":{"name":"webmaster kapitalis","@id":"https:\/\/kapitalis.com\/tunisie\/#\/schema\/person\/d71f33a9ca44f7bad4698210b480c8e9"},"headline":"Etude de l\u2019Ites : Le num\u00e9rique au c\u0153ur de la r\u00e9volution administrative","datePublished":"2021-06-09T10:41:25+00:00","dateModified":"2021-06-09T10:45:38+00:00","mainEntityOfPage":{"@id":"https:\/\/kapitalis.com\/tunisie\/2021\/06\/09\/etude-de-lites-le-numerique-au-coeur-de-la-revolution-administrative\/"},"wordCount":595,"commentCount":0,"publisher":{"@id":"https:\/\/kapitalis.com\/tunisie\/#organization"},"image":{"@id":"https:\/\/kapitalis.com\/tunisie\/2021\/06\/09\/etude-de-lites-le-numerique-au-coeur-de-la-revolution-administrative\/#primaryimage"},"thumbnailUrl":"","keywords":["Great Reset","Ites","Klaus Schwab","Konrad Adenauer Stiftung","num\u00e9rique","r\u00e9volution digitale","services administratifs"],"articleSection":["ECONOMIE","Tunisie"],"inLanguage":"fr-FR","potentialAction":[{"@type":"CommentAction","name":"Comment","target":["https:\/\/kapitalis.com\/tunisie\/2021\/06\/09\/etude-de-lites-le-numerique-au-coeur-de-la-revolution-administrative\/#respond"]}]},{"@type":"WebPage","@id":"https:\/\/kapitalis.com\/tunisie\/2021\/06\/09\/etude-de-lites-le-numerique-au-coeur-de-la-revolution-administrative\/","url":"https:\/\/kapitalis.com\/tunisie\/2021\/06\/09\/etude-de-lites-le-numerique-au-coeur-de-la-revolution-administrative\/","name":"Etude de l\u2019Ites : Le num\u00e9rique au c\u0153ur de la r\u00e9volution administrative - Kapitalis","isPartOf":{"@id":"https:\/\/kapitalis.com\/tunisie\/#website"},"primaryImageOfPage":{"@id":"https:\/\/kapitalis.com\/tunisie\/2021\/06\/09\/etude-de-lites-le-numerique-au-coeur-de-la-revolution-administrative\/#primaryimage"},"image":{"@id":"https:\/\/kapitalis.com\/tunisie\/2021\/06\/09\/etude-de-lites-le-numerique-au-coeur-de-la-revolution-administrative\/#primaryimage"},"thumbnailUrl":"","datePublished":"2021-06-09T10:41:25+00:00","dateModified":"2021-06-09T10:45:38+00:00","breadcrumb":{"@id":"https:\/\/kapitalis.com\/tunisie\/2021\/06\/09\/etude-de-lites-le-numerique-au-coeur-de-la-revolution-administrative\/#breadcrumb"},"inLanguage":"fr-FR","potentialAction":[{"@type":"ReadAction","target":["https:\/\/kapitalis.com\/tunisie\/2021\/06\/09\/etude-de-lites-le-numerique-au-coeur-de-la-revolution-administrative\/"]}]},{"@type":"ImageObject","inLanguage":"fr-FR","@id":"https:\/\/kapitalis.com\/tunisie\/2021\/06\/09\/etude-de-lites-le-numerique-au-coeur-de-la-revolution-administrative\/#primaryimage","url":"","contentUrl":""},{"@type":"BreadcrumbList","@id":"https:\/\/kapitalis.com\/tunisie\/2021\/06\/09\/etude-de-lites-le-numerique-au-coeur-de-la-revolution-administrative\/#breadcrumb","itemListElement":[{"@type":"ListItem","position":1,"name":"Accueil","item":"https:\/\/kapitalis.com\/tunisie\/"},{"@type":"ListItem","position":2,"name":"Etude de l\u2019Ites : Le num\u00e9rique au c\u0153ur de la r\u00e9volution administrative"}]},{"@type":"WebSite","@id":"https:\/\/kapitalis.com\/tunisie\/#website","url":"https:\/\/kapitalis.com\/tunisie\/","name":"Kapitalis","description":"L&#039;actualit\u00e9 en Tunisie et dans le monde","publisher":{"@id":"https:\/\/kapitalis.com\/tunisie\/#organization"},"potentialAction":[{"@type":"SearchAction","target":{"@type":"EntryPoint","urlTemplate":"https:\/\/kapitalis.com\/tunisie\/?s={search_term_string}"},"query-input":{"@type":"PropertyValueSpecification","valueRequired":true,"valueName":"search_term_string"}}],"inLanguage":"fr-FR"},{"@type":"Organization","@id":"https:\/\/kapitalis.com\/tunisie\/#organization","name":"Kapitalis","url":"https:\/\/kapitalis.com\/tunisie\/","logo":{"@type":"ImageObject","inLanguage":"fr-FR","@id":"https:\/\/kapitalis.com\/tunisie\/#\/schema\/logo\/image\/","url":"https:\/\/kapitalis.com\/tunisie\/wp-content\/uploads\/2022\/05\/Kapitalis-big-size.png","contentUrl":"https:\/\/kapitalis.com\/tunisie\/wp-content\/uploads\/2022\/05\/Kapitalis-big-size.png","width":5000,"height":1500,"caption":"Kapitalis"},"image":{"@id":"https:\/\/kapitalis.com\/tunisie\/#\/schema\/logo\/image\/"},"sameAs":["https:\/\/www.facebook.com\/KapitalisInfo\/","https:\/\/x.com\/KapitalisInfo","https:\/\/www.youtube.com\/channel\/UC-yDYrHyfFBWWZaOw3FPg9Q"]},{"@type":"Person","@id":"https:\/\/kapitalis.com\/tunisie\/#\/schema\/person\/d71f33a9ca44f7bad4698210b480c8e9","name":"webmaster kapitalis","url":"https:\/\/kapitalis.com\/tunisie\/author\/webmaster-kapitalis\/"}]}},"_links":{"self":[{"href":"https:\/\/kapitalis.com\/tunisie\/wp-json\/wp\/v2\/posts\/351887","targetHints":{"allow":["GET"]}}],"collection":[{"href":"https:\/\/kapitalis.com\/tunisie\/wp-json\/wp\/v2\/posts"}],"about":[{"href":"https:\/\/kapitalis.com\/tunisie\/wp-json\/wp\/v2\/types\/post"}],"author":[{"embeddable":true,"href":"https:\/\/kapitalis.com\/tunisie\/wp-json\/wp\/v2\/users\/8"}],"replies":[{"embeddable":true,"href":"https:\/\/kapitalis.com\/tunisie\/wp-json\/wp\/v2\/comments?post=351887"}],"version-history":[{"count":0,"href":"https:\/\/kapitalis.com\/tunisie\/wp-json\/wp\/v2\/posts\/351887\/revisions"}],"wp:featuredmedia":[{"embeddable":true,"href":"https:\/\/kapitalis.com\/tunisie\/wp-json\/wp\/v2\/media\/351889"}],"wp:attachment":[{"href":"https:\/\/kapitalis.com\/tunisie\/wp-json\/wp\/v2\/media?parent=351887"}],"wp:term":[{"taxonomy":"category","embeddable":true,"href":"https:\/\/kapitalis.com\/tunisie\/wp-json\/wp\/v2\/categories?post=351887"},{"taxonomy":"post_tag","embeddable":true,"href":"https:\/\/kapitalis.com\/tunisie\/wp-json\/wp\/v2\/tags?post=351887"}],"curies":[{"name":"wp","href":"https:\/\/api.w.org\/{rel}","templated":true}]}}