{"id":3521183,"date":"2022-08-29T15:59:02","date_gmt":"2022-08-29T14:59:02","guid":{"rendered":"https:\/\/kapitalis.com\/tunisie\/?p=3521183"},"modified":"2022-08-29T15:59:03","modified_gmt":"2022-08-29T14:59:03","slug":"tunisie-le-gouvernement-et-lugtt-reprennent-les-negociations","status":"publish","type":"post","link":"https:\/\/kapitalis.com\/tunisie\/2022\/08\/29\/tunisie-le-gouvernement-et-lugtt-reprennent-les-negociations\/","title":{"rendered":"Tunisie : Le gouvernement et l&rsquo;UGTT reprennent les n\u00e9gociations"},"content":{"rendered":"\n<p><strong><em>Le Bureau ex\u00e9cutif de l&rsquo;Union g\u00e9n\u00e9rale tunisienne du travail (UGTT) a repris, ce matin du lundi 29 ao\u00fbt 2022, les s\u00e9ances de n\u00e9gociations avec le gouvernement.<\/em><\/strong><\/p>\n\n\n\n<!--more-->\n\n\n\n<p>C&rsquo;est ce qu&rsquo;a indiqu\u00e9 le journal de la centrale syndicale, Echa\u00e2b News.<\/p>\n\n\n\n<p>La s\u00e9ance de n\u00e9gociations qui devait avoir lieu, le vendredi 19 ao\u00fbt, entre deux d\u00e9l\u00e9gations, de l&rsquo;UGTT et du gouvernement, avait \u00e9t\u00e9 report\u00e9e \u00e0 la demande du gouvernement.<\/p>\n\n\n\n<p>L&rsquo;organisation syndicale r\u00e9clame\u00a0la suppression de la circulaire 20 du 9 d\u00e9cembre 2021, l\u2019application de tous les accords sign\u00e9s, le lancement imm\u00e9diat de n\u00e9gociations sociales visant \u00e0 restaurer le pouvoir d\u2019achat, les r\u00e9formes urgentes des institutions et des \u00e9tablissements publics, sans le recours \u00e0 la privatisation, partielle ou<br>totale, l\u2019annulation de la participation solidaire de 1% et la finalisation des n\u00e9gociations sur la loi r\u00e9gissant les agents des structures et des \u00e9tablissements publics.<\/p>\n\n\n\n<p class=\"has-text-align-right\"><strong>C. B. Y.<\/strong><\/p>\n","protected":false},"excerpt":{"rendered":"<p>Le Bureau ex\u00e9cutif de l&rsquo;Union g\u00e9n\u00e9rale tunisienne du travail (UGTT) a repris, ce matin du lundi 29 ao\u00fbt 2022, les s\u00e9ances de n\u00e9gociations avec le gouvernement.<\/p>\n","protected":false},"author":24,"featured_media":3521715,"comment_status":"open","ping_status":"open","sticky":false,"template":"","format":"standard","meta":{"footnotes":""},"categories":[997,2433],"tags":[102393,62643,936],"class_list":["post-3521183","post","type-post","status-publish","format-standard","has-post-thumbnail","hentry","category-politique","category-tunisie","tag-echaab-news","tag-tunisie","tag-ugtt"],"yoast_head":"<!-- This site is optimized with the Yoast SEO plugin v26.6 - https:\/\/yoast.com\/wordpress\/plugins\/seo\/ -->\n<title>Tunisie : Le gouvernement et l&#039;UGTT reprennent les n\u00e9gociations - Kapitalis<\/title>\n<meta name=\"robots\" content=\"index, follow, max-snippet:-1, max-image-preview:large, max-video-preview:-1\" \/>\n<link rel=\"canonical\" href=\"https:\/\/kapitalis.com\/tunisie\/2022\/08\/29\/tunisie-le-gouvernement-et-lugtt-reprennent-les-negociations\/\" \/>\n<meta property=\"og:locale\" content=\"fr_FR\" \/>\n<meta property=\"og:type\" content=\"article\" \/>\n<meta property=\"og:title\" content=\"Tunisie : Le gouvernement et l&#039;UGTT reprennent les n\u00e9gociations - Kapitalis\" \/>\n<meta property=\"og:description\" content=\"Le Bureau ex\u00e9cutif de l&rsquo;Union g\u00e9n\u00e9rale tunisienne du travail (UGTT) a repris, ce matin du lundi 29 ao\u00fbt 2022, les s\u00e9ances de n\u00e9gociations avec le gouvernement.\" \/>\n<meta property=\"og:url\" content=\"https:\/\/kapitalis.com\/tunisie\/2022\/08\/29\/tunisie-le-gouvernement-et-lugtt-reprennent-les-negociations\/\" \/>\n<meta property=\"og:site_name\" content=\"Kapitalis\" \/>\n<meta property=\"article:publisher\" content=\"https:\/\/www.facebook.com\/KapitalisInfo\/\" \/>\n<meta property=\"article:published_time\" content=\"2022-08-29T14:59:02+00:00\" \/>\n<meta property=\"article:modified_time\" content=\"2022-08-29T14:59:03+00:00\" \/>\n<meta property=\"og:image\" content=\"https:\/\/kapitalis.com\/tunisie\/wp-content\/uploads\/2022\/08\/bouden-taboubi.jpg\" \/>\n\t<meta property=\"og:image:width\" content=\"1200\" \/>\n\t<meta property=\"og:image:height\" content=\"630\" \/>\n\t<meta property=\"og:image:type\" content=\"image\/jpeg\" \/>\n<meta name=\"author\" content=\"Cherif Benyounes\" \/>\n<meta name=\"twitter:card\" content=\"summary_large_image\" \/>\n<meta name=\"twitter:creator\" content=\"@KapitalisInfo\" \/>\n<meta name=\"twitter:site\" content=\"@KapitalisInfo\" \/>\n<meta name=\"twitter:label1\" content=\"\u00c9crit par\" \/>\n\t<meta name=\"twitter:data1\" content=\"Cherif Benyounes\" \/>\n\t<meta name=\"twitter:label2\" content=\"Dur\u00e9e de lecture estim\u00e9e\" \/>\n\t<meta name=\"twitter:data2\" content=\"1 minute\" \/>\n<script type=\"application\/ld+json\" class=\"yoast-schema-graph\">{\"@context\":\"https:\/\/schema.org\",\"@graph\":[{\"@type\":\"Article\",\"@id\":\"https:\/\/kapitalis.com\/tunisie\/2022\/08\/29\/tunisie-le-gouvernement-et-lugtt-reprennent-les-negociations\/#article\",\"isPartOf\":{\"@id\":\"https:\/\/kapitalis.com\/tunisie\/2022\/08\/29\/tunisie-le-gouvernement-et-lugtt-reprennent-les-negociations\/\"},\"author\":{\"name\":\"Cherif Benyounes\",\"@id\":\"https:\/\/kapitalis.com\/tunisie\/#\/schema\/person\/b35b8d631961131107263178aeb8019e\"},\"headline\":\"Tunisie : Le gouvernement et l&rsquo;UGTT reprennent les n\u00e9gociations\",\"datePublished\":\"2022-08-29T14:59:02+00:00\",\"dateModified\":\"2022-08-29T14:59:03+00:00\",\"mainEntityOfPage\":{\"@id\":\"https:\/\/kapitalis.com\/tunisie\/2022\/08\/29\/tunisie-le-gouvernement-et-lugtt-reprennent-les-negociations\/\"},\"wordCount\":164,\"commentCount\":0,\"publisher\":{\"@id\":\"https:\/\/kapitalis.com\/tunisie\/#organization\"},\"image\":{\"@id\":\"https:\/\/kapitalis.com\/tunisie\/2022\/08\/29\/tunisie-le-gouvernement-et-lugtt-reprennent-les-negociations\/#primaryimage\"},\"thumbnailUrl\":\"https:\/\/kapitalis.com\/tunisie\/wp-content\/uploads\/2022\/08\/bouden-taboubi.jpg\",\"keywords\":[\"Echa\u00e2b News\",\"Tunisie\",\"UGTT\"],\"articleSection\":[\"POLITIQUE\",\"Tunisie\"],\"inLanguage\":\"fr-FR\",\"potentialAction\":[{\"@type\":\"CommentAction\",\"name\":\"Comment\",\"target\":[\"https:\/\/kapitalis.com\/tunisie\/2022\/08\/29\/tunisie-le-gouvernement-et-lugtt-reprennent-les-negociations\/#respond\"]}]},{\"@type\":\"WebPage\",\"@id\":\"https:\/\/kapitalis.com\/tunisie\/2022\/08\/29\/tunisie-le-gouvernement-et-lugtt-reprennent-les-negociations\/\",\"url\":\"https:\/\/kapitalis.com\/tunisie\/2022\/08\/29\/tunisie-le-gouvernement-et-lugtt-reprennent-les-negociations\/\",\"name\":\"Tunisie : Le gouvernement et l'UGTT reprennent les n\u00e9gociations - Kapitalis\",\"isPartOf\":{\"@id\":\"https:\/\/kapitalis.com\/tunisie\/#website\"},\"primaryImageOfPage\":{\"@id\":\"https:\/\/kapitalis.com\/tunisie\/2022\/08\/29\/tunisie-le-gouvernement-et-lugtt-reprennent-les-negociations\/#primaryimage\"},\"image\":{\"@id\":\"https:\/\/kapitalis.com\/tunisie\/2022\/08\/29\/tunisie-le-gouvernement-et-lugtt-reprennent-les-negociations\/#primaryimage\"},\"thumbnailUrl\":\"https:\/\/kapitalis.com\/tunisie\/wp-content\/uploads\/2022\/08\/bouden-taboubi.jpg\",\"datePublished\":\"2022-08-29T14:59:02+00:00\",\"dateModified\":\"2022-08-29T14:59:03+00:00\",\"breadcrumb\":{\"@id\":\"https:\/\/kapitalis.com\/tunisie\/2022\/08\/29\/tunisie-le-gouvernement-et-lugtt-reprennent-les-negociations\/#breadcrumb\"},\"inLanguage\":\"fr-FR\",\"potentialAction\":[{\"@type\":\"ReadAction\",\"target\":[\"https:\/\/kapitalis.com\/tunisie\/2022\/08\/29\/tunisie-le-gouvernement-et-lugtt-reprennent-les-negociations\/\"]}]},{\"@type\":\"ImageObject\",\"inLanguage\":\"fr-FR\",\"@id\":\"https:\/\/kapitalis.com\/tunisie\/2022\/08\/29\/tunisie-le-gouvernement-et-lugtt-reprennent-les-negociations\/#primaryimage\",\"url\":\"https:\/\/kapitalis.com\/tunisie\/wp-content\/uploads\/2022\/08\/bouden-taboubi.jpg\",\"contentUrl\":\"https:\/\/kapitalis.com\/tunisie\/wp-content\/uploads\/2022\/08\/bouden-taboubi.jpg\",\"width\":1200,\"height\":630},{\"@type\":\"BreadcrumbList\",\"@id\":\"https:\/\/kapitalis.com\/tunisie\/2022\/08\/29\/tunisie-le-gouvernement-et-lugtt-reprennent-les-negociations\/#breadcrumb\",\"itemListElement\":[{\"@type\":\"ListItem\",\"position\":1,\"name\":\"Accueil\",\"item\":\"https:\/\/kapitalis.com\/tunisie\/\"},{\"@type\":\"ListItem\",\"position\":2,\"name\":\"Tunisie : Le gouvernement et l&rsquo;UGTT reprennent les n\u00e9gociations\"}]},{\"@type\":\"WebSite\",\"@id\":\"https:\/\/kapitalis.com\/tunisie\/#website\",\"url\":\"https:\/\/kapitalis.com\/tunisie\/\",\"name\":\"Kapitalis\",\"description\":\"L&#039;actualit\u00e9 en Tunisie et dans le monde\",\"publisher\":{\"@id\":\"https:\/\/kapitalis.com\/tunisie\/#organization\"},\"potentialAction\":[{\"@type\":\"SearchAction\",\"target\":{\"@type\":\"EntryPoint\",\"urlTemplate\":\"https:\/\/kapitalis.com\/tunisie\/?s={search_term_string}\"},\"query-input\":{\"@type\":\"PropertyValueSpecification\",\"valueRequired\":true,\"valueName\":\"search_term_string\"}}],\"inLanguage\":\"fr-FR\"},{\"@type\":\"Organization\",\"@id\":\"https:\/\/kapitalis.com\/tunisie\/#organization\",\"name\":\"Kapitalis\",\"url\":\"https:\/\/kapitalis.com\/tunisie\/\",\"logo\":{\"@type\":\"ImageObject\",\"inLanguage\":\"fr-FR\",\"@id\":\"https:\/\/kapitalis.com\/tunisie\/#\/schema\/logo\/image\/\",\"url\":\"https:\/\/kapitalis.com\/tunisie\/wp-content\/uploads\/2022\/05\/Kapitalis-big-size.png\",\"contentUrl\":\"https:\/\/kapitalis.com\/tunisie\/wp-content\/uploads\/2022\/05\/Kapitalis-big-size.png\",\"width\":5000,\"height\":1500,\"caption\":\"Kapitalis\"},\"image\":{\"@id\":\"https:\/\/kapitalis.com\/tunisie\/#\/schema\/logo\/image\/\"},\"sameAs\":[\"https:\/\/www.facebook.com\/KapitalisInfo\/\",\"https:\/\/x.com\/KapitalisInfo\",\"https:\/\/www.youtube.com\/channel\/UC-yDYrHyfFBWWZaOw3FPg9Q\"]},{\"@type\":\"Person\",\"@id\":\"https:\/\/kapitalis.com\/tunisie\/#\/schema\/person\/b35b8d631961131107263178aeb8019e\",\"name\":\"Cherif Benyounes\",\"url\":\"https:\/\/kapitalis.com\/tunisie\/author\/cherif\/\"}]}<\/script>\n<!-- \/ Yoast SEO plugin. -->","yoast_head_json":{"title":"Tunisie : Le gouvernement et l'UGTT reprennent les n\u00e9gociations - Kapitalis","robots":{"index":"index","follow":"follow","max-snippet":"max-snippet:-1","max-image-preview":"max-image-preview:large","max-video-preview":"max-video-preview:-1"},"canonical":"https:\/\/kapitalis.com\/tunisie\/2022\/08\/29\/tunisie-le-gouvernement-et-lugtt-reprennent-les-negociations\/","og_locale":"fr_FR","og_type":"article","og_title":"Tunisie : Le gouvernement et l'UGTT reprennent les n\u00e9gociations - Kapitalis","og_description":"Le Bureau ex\u00e9cutif de l&rsquo;Union g\u00e9n\u00e9rale tunisienne du travail (UGTT) a repris, ce matin du lundi 29 ao\u00fbt 2022, les s\u00e9ances de n\u00e9gociations avec le gouvernement.","og_url":"https:\/\/kapitalis.com\/tunisie\/2022\/08\/29\/tunisie-le-gouvernement-et-lugtt-reprennent-les-negociations\/","og_site_name":"Kapitalis","article_publisher":"https:\/\/www.facebook.com\/KapitalisInfo\/","article_published_time":"2022-08-29T14:59:02+00:00","article_modified_time":"2022-08-29T14:59:03+00:00","og_image":[{"width":1200,"height":630,"url":"https:\/\/kapitalis.com\/tunisie\/wp-content\/uploads\/2022\/08\/bouden-taboubi.jpg","type":"image\/jpeg"}],"author":"Cherif Benyounes","twitter_card":"summary_large_image","twitter_creator":"@KapitalisInfo","twitter_site":"@KapitalisInfo","twitter_misc":{"\u00c9crit par":"Cherif Benyounes","Dur\u00e9e de lecture estim\u00e9e":"1 minute"},"schema":{"@context":"https:\/\/schema.org","@graph":[{"@type":"Article","@id":"https:\/\/kapitalis.com\/tunisie\/2022\/08\/29\/tunisie-le-gouvernement-et-lugtt-reprennent-les-negociations\/#article","isPartOf":{"@id":"https:\/\/kapitalis.com\/tunisie\/2022\/08\/29\/tunisie-le-gouvernement-et-lugtt-reprennent-les-negociations\/"},"author":{"name":"Cherif Benyounes","@id":"https:\/\/kapitalis.com\/tunisie\/#\/schema\/person\/b35b8d631961131107263178aeb8019e"},"headline":"Tunisie : Le gouvernement et l&rsquo;UGTT reprennent les n\u00e9gociations","datePublished":"2022-08-29T14:59:02+00:00","dateModified":"2022-08-29T14:59:03+00:00","mainEntityOfPage":{"@id":"https:\/\/kapitalis.com\/tunisie\/2022\/08\/29\/tunisie-le-gouvernement-et-lugtt-reprennent-les-negociations\/"},"wordCount":164,"commentCount":0,"publisher":{"@id":"https:\/\/kapitalis.com\/tunisie\/#organization"},"image":{"@id":"https:\/\/kapitalis.com\/tunisie\/2022\/08\/29\/tunisie-le-gouvernement-et-lugtt-reprennent-les-negociations\/#primaryimage"},"thumbnailUrl":"https:\/\/kapitalis.com\/tunisie\/wp-content\/uploads\/2022\/08\/bouden-taboubi.jpg","keywords":["Echa\u00e2b News","Tunisie","UGTT"],"articleSection":["POLITIQUE","Tunisie"],"inLanguage":"fr-FR","potentialAction":[{"@type":"CommentAction","name":"Comment","target":["https:\/\/kapitalis.com\/tunisie\/2022\/08\/29\/tunisie-le-gouvernement-et-lugtt-reprennent-les-negociations\/#respond"]}]},{"@type":"WebPage","@id":"https:\/\/kapitalis.com\/tunisie\/2022\/08\/29\/tunisie-le-gouvernement-et-lugtt-reprennent-les-negociations\/","url":"https:\/\/kapitalis.com\/tunisie\/2022\/08\/29\/tunisie-le-gouvernement-et-lugtt-reprennent-les-negociations\/","name":"Tunisie : Le gouvernement et l'UGTT reprennent les n\u00e9gociations - Kapitalis","isPartOf":{"@id":"https:\/\/kapitalis.com\/tunisie\/#website"},"primaryImageOfPage":{"@id":"https:\/\/kapitalis.com\/tunisie\/2022\/08\/29\/tunisie-le-gouvernement-et-lugtt-reprennent-les-negociations\/#primaryimage"},"image":{"@id":"https:\/\/kapitalis.com\/tunisie\/2022\/08\/29\/tunisie-le-gouvernement-et-lugtt-reprennent-les-negociations\/#primaryimage"},"thumbnailUrl":"https:\/\/kapitalis.com\/tunisie\/wp-content\/uploads\/2022\/08\/bouden-taboubi.jpg","datePublished":"2022-08-29T14:59:02+00:00","dateModified":"2022-08-29T14:59:03+00:00","breadcrumb":{"@id":"https:\/\/kapitalis.com\/tunisie\/2022\/08\/29\/tunisie-le-gouvernement-et-lugtt-reprennent-les-negociations\/#breadcrumb"},"inLanguage":"fr-FR","potentialAction":[{"@type":"ReadAction","target":["https:\/\/kapitalis.com\/tunisie\/2022\/08\/29\/tunisie-le-gouvernement-et-lugtt-reprennent-les-negociations\/"]}]},{"@type":"ImageObject","inLanguage":"fr-FR","@id":"https:\/\/kapitalis.com\/tunisie\/2022\/08\/29\/tunisie-le-gouvernement-et-lugtt-reprennent-les-negociations\/#primaryimage","url":"https:\/\/kapitalis.com\/tunisie\/wp-content\/uploads\/2022\/08\/bouden-taboubi.jpg","contentUrl":"https:\/\/kapitalis.com\/tunisie\/wp-content\/uploads\/2022\/08\/bouden-taboubi.jpg","width":1200,"height":630},{"@type":"BreadcrumbList","@id":"https:\/\/kapitalis.com\/tunisie\/2022\/08\/29\/tunisie-le-gouvernement-et-lugtt-reprennent-les-negociations\/#breadcrumb","itemListElement":[{"@type":"ListItem","position":1,"name":"Accueil","item":"https:\/\/kapitalis.com\/tunisie\/"},{"@type":"ListItem","position":2,"name":"Tunisie : Le gouvernement et l&rsquo;UGTT reprennent les n\u00e9gociations"}]},{"@type":"WebSite","@id":"https:\/\/kapitalis.com\/tunisie\/#website","url":"https:\/\/kapitalis.com\/tunisie\/","name":"Kapitalis","description":"L&#039;actualit\u00e9 en Tunisie et dans le monde","publisher":{"@id":"https:\/\/kapitalis.com\/tunisie\/#organization"},"potentialAction":[{"@type":"SearchAction","target":{"@type":"EntryPoint","urlTemplate":"https:\/\/kapitalis.com\/tunisie\/?s={search_term_string}"},"query-input":{"@type":"PropertyValueSpecification","valueRequired":true,"valueName":"search_term_string"}}],"inLanguage":"fr-FR"},{"@type":"Organization","@id":"https:\/\/kapitalis.com\/tunisie\/#organization","name":"Kapitalis","url":"https:\/\/kapitalis.com\/tunisie\/","logo":{"@type":"ImageObject","inLanguage":"fr-FR","@id":"https:\/\/kapitalis.com\/tunisie\/#\/schema\/logo\/image\/","url":"https:\/\/kapitalis.com\/tunisie\/wp-content\/uploads\/2022\/05\/Kapitalis-big-size.png","contentUrl":"https:\/\/kapitalis.com\/tunisie\/wp-content\/uploads\/2022\/05\/Kapitalis-big-size.png","width":5000,"height":1500,"caption":"Kapitalis"},"image":{"@id":"https:\/\/kapitalis.com\/tunisie\/#\/schema\/logo\/image\/"},"sameAs":["https:\/\/www.facebook.com\/KapitalisInfo\/","https:\/\/x.com\/KapitalisInfo","https:\/\/www.youtube.com\/channel\/UC-yDYrHyfFBWWZaOw3FPg9Q"]},{"@type":"Person","@id":"https:\/\/kapitalis.com\/tunisie\/#\/schema\/person\/b35b8d631961131107263178aeb8019e","name":"Cherif Benyounes","url":"https:\/\/kapitalis.com\/tunisie\/author\/cherif\/"}]}},"_links":{"self":[{"href":"https:\/\/kapitalis.com\/tunisie\/wp-json\/wp\/v2\/posts\/3521183","targetHints":{"allow":["GET"]}}],"collection":[{"href":"https:\/\/kapitalis.com\/tunisie\/wp-json\/wp\/v2\/posts"}],"about":[{"href":"https:\/\/kapitalis.com\/tunisie\/wp-json\/wp\/v2\/types\/post"}],"author":[{"embeddable":true,"href":"https:\/\/kapitalis.com\/tunisie\/wp-json\/wp\/v2\/users\/24"}],"replies":[{"embeddable":true,"href":"https:\/\/kapitalis.com\/tunisie\/wp-json\/wp\/v2\/comments?post=3521183"}],"version-history":[{"count":0,"href":"https:\/\/kapitalis.com\/tunisie\/wp-json\/wp\/v2\/posts\/3521183\/revisions"}],"wp:featuredmedia":[{"embeddable":true,"href":"https:\/\/kapitalis.com\/tunisie\/wp-json\/wp\/v2\/media\/3521715"}],"wp:attachment":[{"href":"https:\/\/kapitalis.com\/tunisie\/wp-json\/wp\/v2\/media?parent=3521183"}],"wp:term":[{"taxonomy":"category","embeddable":true,"href":"https:\/\/kapitalis.com\/tunisie\/wp-json\/wp\/v2\/categories?post=3521183"},{"taxonomy":"post_tag","embeddable":true,"href":"https:\/\/kapitalis.com\/tunisie\/wp-json\/wp\/v2\/tags?post=3521183"}],"curies":[{"name":"wp","href":"https:\/\/api.w.org\/{rel}","templated":true}]}}