{"id":352313,"date":"2021-06-12T09:02:59","date_gmt":"2021-06-12T08:02:59","guid":{"rendered":"http:\/\/kapitalis.com\/tunisie\/?p=352313"},"modified":"2021-06-12T09:05:45","modified_gmt":"2021-06-12T08:05:45","slug":"blue-talks-locean-et-la-mer-la-vie-et-la-survie-post-covid","status":"publish","type":"post","link":"https:\/\/kapitalis.com\/tunisie\/2021\/06\/12\/blue-talks-locean-et-la-mer-la-vie-et-la-survie-post-covid\/","title":{"rendered":"Blue Talks : L\u2019oc\u00e9an et la mer : la vie et la survie post Covid"},"content":{"rendered":"\n<div class=\"wp-block-image\"><figure class=\"aligncenter size-large\"><img decoding=\"async\" src=\"http:\/\/kapitalis.com\/tunisie\/wp-content\/uploads\/2021\/06\/Webinaire-Blue-Talks.jpg\" alt=\"\" class=\"wp-image-352314\"\/><\/figure><\/div>\n\n\n\n<p><strong><em>Le cinqui\u00e8me webinaire \u00abBlue Talks\u00bb, organis\u00e9 par le Club Bleu, s\u2019est tenu le mardi 8 juin 2021, \u00e0 l\u2019occasion de la Journ\u00e9e mondiale de l\u2019oc\u00e9an, c\u00e9l\u00e9br\u00e9e pour rappeler que les oc\u00e9ans jouent un r\u00f4le primordial dans notre subsistance. Plusieurs experts et activistes du monde marin en Tunisie y ont pris part.<\/em><\/strong><\/p>\n\n\n\n<!--more-->\n\n\n\n<p>Ce webinaire a su capter un l\u2019int\u00e9r\u00eat d\u2019internautes sensibles aux questions environnementales et maritimes. Plusieurs milliers ont suivi le d\u00e9bat qui s\u2019est d\u00e9roul\u00e9 en semi pr\u00e9sentiel autour du th\u00e8me: <em>\u00abL\u2019oc\u00e9an et la mer : la vie et la survie post Covid\u00bb.<\/em><\/p>\n\n\n\n<p>Rym Benzina et Mehdi Ben Haj ont mod\u00e9r\u00e9 cette discussion avec comme <em>guest speakers<\/em>, Lotfi Ben Maaoui, pr\u00e9sident du Centre strat\u00e9gique pour la promotion du d\u00e9veloppement durable (CSPDD), Jamel Jrijer, directeur de WWF Afrique du Nord, Abdelmajid Dabbar, pr\u00e9sident de Tunisie Ecologie ; et Mounir Boulkout, Ceo de Selt Marine Group.<\/p>\n\n\n\n<p>Lotfi Ben Maaoui a rappel\u00e9 que l\u2019Organisation des Nations Unies a mis en place une strat\u00e9gie durable et fiable qui se doit d\u2019\u00eatre concr\u00e9tis\u00e9e d\u2019ici 2030. <em>\u00abIl faut savoir que chaque pays dispose de ses propres avantages et a ses propres contraintes, d\u2019o\u00f9 la n\u00e9cessit\u00e9 de se mettre au diapason avec les indicateurs et les objectifs de d\u00e9veloppement durable (ODD)\u00bb<\/em>, a-t-il ajout\u00e9. Il poursuit son analyse en d\u00e9clarant: <em>\u00abSauver les oc\u00e9ans n\u2019est pas une mince affaire. Nous devons agir d\u2019une mani\u00e8re collective car la sauvegarde de nos oc\u00e9ans doit rester une priorit\u00e9 de plus pour la biodiversit\u00e9 marine et essentiellement la sant\u00e9 de l\u2019Homme et celle de la plan\u00e8te\u00bb.<\/em><\/p>\n\n\n\n<h3 class=\"wp-block-heading\">Trouver des solutions \u00e0 long terme pour la sant\u00e9 de la plan\u00e8te<\/h3>\n\n\n\n<p>Par ailleurs, M. Ben Maaoui est d\u2019avis qu\u2019il faut prot\u00e9ger efficacement les aires maritimes prot\u00e9g\u00e9es (AMP) avec la mise en place de r\u00e9glementation visant la r\u00e9duction de la surp\u00eache, la pollution marine, l\u2019acidification des oc\u00e9ans. \u00c0 ce propos, il a ajout\u00e9 :<em> \u00abLa lutte contre le Covid ne doit pas entraver nos efforts de conservation et l\u2019action en faveur de l\u2019oc\u00e9an. Nous avons pour objectif de trouver des solutions \u00e0 long terme pour la sant\u00e9 de notre plan\u00e8te, car notre sant\u00e9 en d\u00e9pend\u00bb<\/em>.<\/p>\n\n\n\n<p>En Tunisie, il est n\u00e9cessaire qu\u2019une direction gouvernementale chapote tout le travail des ODD et de l\u2019agenda programm\u00e9 jusqu\u2019en 2030, et ce, en plus des efforts de la soci\u00e9t\u00e9 civile et de son implication effective, a soulign\u00e9 M. Moaoui, avant de conclure :<em> \u00abEn Tunisie, il y a plusieurs lois pour l\u2019\u00e9conomie bleue durable, mais leur application est une autre paire de manche !\u00bb,<\/em> car, comme souvent en Tunisie, les lois existent sur le papier, mais les textes d\u2019application manquent toujours, sans parler de la volont\u00e9 politique souvent d\u00e9faillante.<\/p>\n\n\n\n<p>Pour sa part, Jamel Jrijer a rappel\u00e9 que la M\u00e9diterran\u00e9e ne repr\u00e9sente que 1% de la surface des mers et des oc\u00e9ans, mais qu\u2019elle contribue \u00e0 hauteur de 20% des \u00e9conomies maritimes. Il a \u00e9galement sp\u00e9cifi\u00e9 que nous avons, aujourd\u2019hui, un d\u00e9veloppement de plus de 5000 km de c\u00f4tes artificielles m\u00e9diterran\u00e9ennes (villes, ports, etc.) qui englobent l\u2019arriv\u00e9 de 500 millions de visiteurs. Cette mer souffre de toutes sortes de pollution, notamment d\u2019origine terrestre. M. Jrijer a aussi affirm\u00e9 que<em> \u00able changement climatique, \u00e9tant \u00e0 l\u2019origine de l\u2019acidification de la mer, facilite l\u2019invasion de nouvelles esp\u00e8ces telles que les crabes bleus\u00bb<\/em>. Il a conclu son intervention en d\u00e9clarant que la crise du Covid nous a appris deux choses : la premi\u00e8re est que toute crise commence toujours par un probl\u00e8me environnemental, car si on touche \u00e0 l\u2019\u00e9quilibre naturel, on sera certainement affect\u00e9s par la suite. La 2e le\u00e7on, selon M. Jrijer, est que lorsque toute activit\u00e9 s\u2019est arr\u00eat\u00e9e lors du confinement, les seuls qui ont continu\u00e9 \u00e0 travailler, \u00e0 produire et \u00e0 offrir une s\u00e9curit\u00e9 alimentaire, ce sont les locaux.<em> \u00abTout ce dont on a besoin, c\u2019est une meilleure gestion de notre mer\u00bb.<\/em><\/p>\n\n\n\n<p>Abdelmajid Dabbar a dans ce contexte rappel\u00e9 que th\u00e9oriquement,<em> \u00abon a l\u2019\u00e9quivalent d\u2019une deuxi\u00e8me Tunisie en mer territoriale. Mais les m\u00e9thodes li\u00e9es \u00e0 la p\u00eache ill\u00e9gale sont h\u00e9las tr\u00e8s destructrices et plus utilis\u00e9es que jamais.\u00bb<\/em> Le militant \u00e9cologique a expliqu\u00e9 que 68% des embarcations marines de p\u00eache sont concentr\u00e9es sur le golfe de Gab\u00e8s, soit le long de 320 km sur les 1300 km du littoral national. Il a affirm\u00e9 :<em> \u00abMalheureusement, depuis la r\u00e9volution, il y a une nouvelle donne : la destruction\u00bb.<\/em><\/p>\n\n\n\n<h3 class=\"wp-block-heading\">La pollution chimique \u00abnous tue \u00e0 feu doux\u00bb<\/h3>\n\n\n\n<p>M. Dabbar a affirm\u00e9 qu\u2019en 2018, et en collaboration avec des Canadiens et des Allemands, une \u00e9tude portant sur le long de la c\u00f4te de Chebba jusqu\u2019\u00e0 la fronti\u00e8re libyenne a conduit au recensement de quelques 459 embarcations qui travaillent d\u2019une mani\u00e8re informelle. Ces embarcations utilisent un engin strictement interdit depuis 1994, \u00e0 savoir la technique du<em> \u00abkiss\u00bb<\/em>, une sorte de grande cha\u00eene qui racle les fonds marins et qui arrache les plantes de posidonie. Or ces plantes repr\u00e9sentent le berceau de nombreux poissons. Il a ajout\u00e9 qu\u2019en Tunisie, on dispose d\u2019une caract\u00e9ristique rare, la mar\u00e9e haute et la mar\u00e9e basse, connue pour \u00eatre tr\u00e8s b\u00e9n\u00e9fique pour les petits poissons, seulement, avec les <em>\u00abkiss\u00bb<\/em> et le non-respect du repos biologique (90 jours), de tr\u00e8s grande quantit\u00e9 de poissons sont retrouv\u00e9s morts, sans compter la pollution chimique, notamment sur le golfe de Gab\u00e8s, qui <em>\u00abnous tue \u00e0 feu doux\u00bb.<\/em><\/p>\n\n\n\n<p>Par ailleurs, M. Dabbar a d\u00e9plor\u00e9 l\u2019usage des eaux de ballast, l\u2019op\u00e9ration de vidange des r\u00e9servoirs d\u2019eau \u00e9quipant certains navires, qui se produit souvent dans le port de Gab\u00e8s. <em>\u00abCette op\u00e9ration peut \u00eatre \u00e0 l\u2019origine de probl\u00e8mes \u00e9cologiques en nous ramenant aussi bien des bact\u00e9ries que des microbes et des larves de poissons. Il est \u00e0 noter que les crabes bleus sont les plus dangereux car ils sont d\u00e9sormais partout, y compris dans les AMP comme Ichkeul, pr\u00e8s de Bizerte<\/em>\u00bb, a dit le militant \u00e9cologique. Et de conclure en disant que 84% de nos usines sont consid\u00e9r\u00e9es polluantes puisque, et ce n\u2019est un secret pour personne, les d\u00e9chets sont directement d\u00e9vers\u00e9s dans les cours d\u2019eau et les oueds.<em> \u00abC\u2019est terrible, je ne reconnais plus la Tunisie!\u00bb,<\/em> s\u2019exclame-t-il.<\/p>\n\n\n\n<p>Le dernier intervenant, Mounir Boulkout, a commenc\u00e9 par dire : <em>\u00abLa crise sanitaire nous a prouv\u00e9 notre fragilit\u00e9 et notre symbiose avec la nature et l&rsquo;environnement\u00bb.<\/em> S\u2019agissant de l\u2019algoculture, son domaine d\u2019activit\u00e9 depuis 26 ans, il a affirm\u00e9 que cette activit\u00e9 repr\u00e9sente le quart de l\u2019aquaculture en g\u00e9n\u00e9ral mais dont 99% a lieu en Asie, d\u2019o\u00f9 le grand potentiel dont on dispose en M\u00e9diterran\u00e9e. \u00ab<em>Les macro-algues ne consomment pas d\u2019eau douce, ni de fertilisant, ni de pesticide et r\u00e9cup\u00e8rent le CO2 pour produire de l\u2019oxyg\u00e8ne. 1 ha d\u2019algues peut capter 15 \u00e0 20 tonnes de CO2 par an. De plus ces algues att\u00e9nuent les vagues et ralentissent par cons\u00e9quent l\u2019\u00e9rosion du littoral\u00bb,<\/em> a expliqu\u00e9 M. Boulkout. <\/p>\n\n\n\n<h3 class=\"wp-block-heading\">Pourquoi pas des algues marines dans le couscous de demain?<\/h3>\n\n\n\n<p>Par ailleurs, a-t-il ajout\u00e9, on peut produire du bioplastique \u00e0 partir d\u2019algues, qui sont d\u00e9sormais une source essentielle de prot\u00e9ines et qui pourront entre autres \u00eatre consomm\u00e9s dans la nouvelle gastronomie tunisienne. <em>\u00abPourquoi pas des algues marines dans le couscous de demain, ou dans le riz djerbien?\u00bb, <\/em>s\u2019est-il interrog\u00e9. Il s\u2019agit, selon lui, d\u2019habituer la nouvelle g\u00e9n\u00e9ration \u00e0 de nouvelles pratiques culinaires. Par ailleurs, a-t-il poursuivi, les algues peuvent servir comme engrais dans l\u2019agriculture; les algues d\u00e9sacidifient le milieu gr\u00e2ce \u00e0 leur captage carbonique.<\/p>\n\n\n\n<p>M. Boulkout a ajout\u00e9 qu\u2019actuellement on travaille avec l\u2019industrie pharmaceutique sur l\u2019utilisation des algues contre les virus \u00e0 coque ARN et m\u00eame \u00e0 coque ADN, donc en mangeant certaines esp\u00e8ces d\u2019algues, on a des r\u00e9actions contre le Covid 19. Et de conclure : <em>\u00abL\u2019OMS pr\u00e9conise l\u2019utilisation d\u2019algues rouges contre le Covid 19, c\u2019est un potentiel \u00e9norme \u00bb.<\/em><\/p>\n\n\n\n<p><strong><em>Communiqu\u00e9.<\/em><\/strong><\/p>\n","protected":false},"excerpt":{"rendered":"<p>Le cinqui\u00e8me webinaire \u00abBlue Talks\u00bb, organis\u00e9 par le Club Bleu, s\u2019est tenu le mardi 8 juin 2021, \u00e0 l\u2019occasion de la Journ\u00e9e mondiale de l\u2019oc\u00e9an, c\u00e9l\u00e9br\u00e9e pour rappeler que les oc\u00e9ans jouent un r\u00f4le primordial dans notre subsistance. Plusieurs experts et activistes du monde marin en Tunisie y ont pris part.<\/p>\n","protected":false},"author":8,"featured_media":352314,"comment_status":"open","ping_status":"open","sticky":false,"template":"","format":"standard","meta":{"footnotes":""},"categories":[995,999,2433],"tags":[53819,91185,91188,90918,91187,91186,91189,80386,91190],"class_list":["post-352313","post","type-post","status-publish","format-standard","has-post-thumbnail","hentry","category-economie","category-sport","category-tunisie","tag-abdelmajid-dabbar","tag-blue-talks","tag-jamel-jrijer","tag-journee-mondiale-de-locean","tag-lotfi-ben-maaoui","tag-mehdi-ben-haj","tag-mounir-boulkout","tag-rym-benzina","tag-selt-marine-group"],"yoast_head":"<!-- This site is optimized with the Yoast SEO plugin v26.6 - https:\/\/yoast.com\/wordpress\/plugins\/seo\/ -->\n<title>Blue Talks : L\u2019oc\u00e9an et la mer : la vie et la survie post Covid - Kapitalis<\/title>\n<meta name=\"robots\" content=\"index, follow, max-snippet:-1, max-image-preview:large, max-video-preview:-1\" \/>\n<link rel=\"canonical\" href=\"https:\/\/kapitalis.com\/tunisie\/2021\/06\/12\/blue-talks-locean-et-la-mer-la-vie-et-la-survie-post-covid\/\" \/>\n<meta property=\"og:locale\" content=\"fr_FR\" \/>\n<meta property=\"og:type\" content=\"article\" \/>\n<meta property=\"og:title\" content=\"Blue Talks : L\u2019oc\u00e9an et la mer : la vie et la survie post Covid - Kapitalis\" \/>\n<meta property=\"og:description\" content=\"Le cinqui\u00e8me webinaire \u00abBlue Talks\u00bb, organis\u00e9 par le Club Bleu, s\u2019est tenu le mardi 8 juin 2021, \u00e0 l\u2019occasion de la Journ\u00e9e mondiale de l\u2019oc\u00e9an, c\u00e9l\u00e9br\u00e9e pour rappeler que les oc\u00e9ans jouent un r\u00f4le primordial dans notre subsistance. Plusieurs experts et activistes du monde marin en Tunisie y ont pris part.\" \/>\n<meta property=\"og:url\" content=\"https:\/\/kapitalis.com\/tunisie\/2021\/06\/12\/blue-talks-locean-et-la-mer-la-vie-et-la-survie-post-covid\/\" \/>\n<meta property=\"og:site_name\" content=\"Kapitalis\" \/>\n<meta property=\"article:publisher\" content=\"https:\/\/www.facebook.com\/KapitalisInfo\/\" \/>\n<meta property=\"article:published_time\" content=\"2021-06-12T08:02:59+00:00\" \/>\n<meta property=\"article:modified_time\" content=\"2021-06-12T08:05:45+00:00\" \/>\n<meta property=\"og:image\" content=\"https:\/\/kapitalis.com\/tunisie\/wp-content\/uploads\/2022\/05\/kapitalis-logo-fb.png\" \/>\n\t<meta property=\"og:image:width\" content=\"1200\" \/>\n\t<meta property=\"og:image:height\" content=\"630\" \/>\n\t<meta property=\"og:image:type\" content=\"image\/png\" \/>\n<meta name=\"author\" content=\"webmaster kapitalis\" \/>\n<meta name=\"twitter:card\" content=\"summary_large_image\" \/>\n<meta name=\"twitter:creator\" content=\"@KapitalisInfo\" \/>\n<meta name=\"twitter:site\" content=\"@KapitalisInfo\" \/>\n<meta name=\"twitter:label1\" content=\"\u00c9crit par\" \/>\n\t<meta name=\"twitter:data1\" content=\"webmaster kapitalis\" \/>\n\t<meta name=\"twitter:label2\" content=\"Dur\u00e9e de lecture estim\u00e9e\" \/>\n\t<meta name=\"twitter:data2\" content=\"7 minutes\" \/>\n<script type=\"application\/ld+json\" class=\"yoast-schema-graph\">{\"@context\":\"https:\/\/schema.org\",\"@graph\":[{\"@type\":\"Article\",\"@id\":\"https:\/\/kapitalis.com\/tunisie\/2021\/06\/12\/blue-talks-locean-et-la-mer-la-vie-et-la-survie-post-covid\/#article\",\"isPartOf\":{\"@id\":\"https:\/\/kapitalis.com\/tunisie\/2021\/06\/12\/blue-talks-locean-et-la-mer-la-vie-et-la-survie-post-covid\/\"},\"author\":{\"name\":\"webmaster kapitalis\",\"@id\":\"https:\/\/kapitalis.com\/tunisie\/#\/schema\/person\/d71f33a9ca44f7bad4698210b480c8e9\"},\"headline\":\"Blue Talks : L\u2019oc\u00e9an et la mer : la vie et la survie post Covid\",\"datePublished\":\"2021-06-12T08:02:59+00:00\",\"dateModified\":\"2021-06-12T08:05:45+00:00\",\"mainEntityOfPage\":{\"@id\":\"https:\/\/kapitalis.com\/tunisie\/2021\/06\/12\/blue-talks-locean-et-la-mer-la-vie-et-la-survie-post-covid\/\"},\"wordCount\":1416,\"commentCount\":0,\"publisher\":{\"@id\":\"https:\/\/kapitalis.com\/tunisie\/#organization\"},\"image\":{\"@id\":\"https:\/\/kapitalis.com\/tunisie\/2021\/06\/12\/blue-talks-locean-et-la-mer-la-vie-et-la-survie-post-covid\/#primaryimage\"},\"thumbnailUrl\":\"\",\"keywords\":[\"Abdelmajid Dabbar\",\"Blue Talks\",\"Jamel Jrijer\",\"Journ\u00e9e mondiale de l\u2019oc\u00e9an\",\"Lotfi Ben Maaoui\",\"Mehdi Ben Haj\",\"Mounir Boulkout\",\"Rym Benzina\",\"Selt Marine Group\"],\"articleSection\":[\"ECONOMIE\",\"SPORT\",\"Tunisie\"],\"inLanguage\":\"fr-FR\",\"potentialAction\":[{\"@type\":\"CommentAction\",\"name\":\"Comment\",\"target\":[\"https:\/\/kapitalis.com\/tunisie\/2021\/06\/12\/blue-talks-locean-et-la-mer-la-vie-et-la-survie-post-covid\/#respond\"]}]},{\"@type\":\"WebPage\",\"@id\":\"https:\/\/kapitalis.com\/tunisie\/2021\/06\/12\/blue-talks-locean-et-la-mer-la-vie-et-la-survie-post-covid\/\",\"url\":\"https:\/\/kapitalis.com\/tunisie\/2021\/06\/12\/blue-talks-locean-et-la-mer-la-vie-et-la-survie-post-covid\/\",\"name\":\"Blue Talks : L\u2019oc\u00e9an et la mer : la vie et la survie post Covid - Kapitalis\",\"isPartOf\":{\"@id\":\"https:\/\/kapitalis.com\/tunisie\/#website\"},\"primaryImageOfPage\":{\"@id\":\"https:\/\/kapitalis.com\/tunisie\/2021\/06\/12\/blue-talks-locean-et-la-mer-la-vie-et-la-survie-post-covid\/#primaryimage\"},\"image\":{\"@id\":\"https:\/\/kapitalis.com\/tunisie\/2021\/06\/12\/blue-talks-locean-et-la-mer-la-vie-et-la-survie-post-covid\/#primaryimage\"},\"thumbnailUrl\":\"\",\"datePublished\":\"2021-06-12T08:02:59+00:00\",\"dateModified\":\"2021-06-12T08:05:45+00:00\",\"breadcrumb\":{\"@id\":\"https:\/\/kapitalis.com\/tunisie\/2021\/06\/12\/blue-talks-locean-et-la-mer-la-vie-et-la-survie-post-covid\/#breadcrumb\"},\"inLanguage\":\"fr-FR\",\"potentialAction\":[{\"@type\":\"ReadAction\",\"target\":[\"https:\/\/kapitalis.com\/tunisie\/2021\/06\/12\/blue-talks-locean-et-la-mer-la-vie-et-la-survie-post-covid\/\"]}]},{\"@type\":\"ImageObject\",\"inLanguage\":\"fr-FR\",\"@id\":\"https:\/\/kapitalis.com\/tunisie\/2021\/06\/12\/blue-talks-locean-et-la-mer-la-vie-et-la-survie-post-covid\/#primaryimage\",\"url\":\"\",\"contentUrl\":\"\"},{\"@type\":\"BreadcrumbList\",\"@id\":\"https:\/\/kapitalis.com\/tunisie\/2021\/06\/12\/blue-talks-locean-et-la-mer-la-vie-et-la-survie-post-covid\/#breadcrumb\",\"itemListElement\":[{\"@type\":\"ListItem\",\"position\":1,\"name\":\"Accueil\",\"item\":\"https:\/\/kapitalis.com\/tunisie\/\"},{\"@type\":\"ListItem\",\"position\":2,\"name\":\"Blue Talks : L\u2019oc\u00e9an et la mer : la vie et la survie post Covid\"}]},{\"@type\":\"WebSite\",\"@id\":\"https:\/\/kapitalis.com\/tunisie\/#website\",\"url\":\"https:\/\/kapitalis.com\/tunisie\/\",\"name\":\"Kapitalis\",\"description\":\"L&#039;actualit\u00e9 en Tunisie et dans le monde\",\"publisher\":{\"@id\":\"https:\/\/kapitalis.com\/tunisie\/#organization\"},\"potentialAction\":[{\"@type\":\"SearchAction\",\"target\":{\"@type\":\"EntryPoint\",\"urlTemplate\":\"https:\/\/kapitalis.com\/tunisie\/?s={search_term_string}\"},\"query-input\":{\"@type\":\"PropertyValueSpecification\",\"valueRequired\":true,\"valueName\":\"search_term_string\"}}],\"inLanguage\":\"fr-FR\"},{\"@type\":\"Organization\",\"@id\":\"https:\/\/kapitalis.com\/tunisie\/#organization\",\"name\":\"Kapitalis\",\"url\":\"https:\/\/kapitalis.com\/tunisie\/\",\"logo\":{\"@type\":\"ImageObject\",\"inLanguage\":\"fr-FR\",\"@id\":\"https:\/\/kapitalis.com\/tunisie\/#\/schema\/logo\/image\/\",\"url\":\"https:\/\/kapitalis.com\/tunisie\/wp-content\/uploads\/2022\/05\/Kapitalis-big-size.png\",\"contentUrl\":\"https:\/\/kapitalis.com\/tunisie\/wp-content\/uploads\/2022\/05\/Kapitalis-big-size.png\",\"width\":5000,\"height\":1500,\"caption\":\"Kapitalis\"},\"image\":{\"@id\":\"https:\/\/kapitalis.com\/tunisie\/#\/schema\/logo\/image\/\"},\"sameAs\":[\"https:\/\/www.facebook.com\/KapitalisInfo\/\",\"https:\/\/x.com\/KapitalisInfo\",\"https:\/\/www.youtube.com\/channel\/UC-yDYrHyfFBWWZaOw3FPg9Q\"]},{\"@type\":\"Person\",\"@id\":\"https:\/\/kapitalis.com\/tunisie\/#\/schema\/person\/d71f33a9ca44f7bad4698210b480c8e9\",\"name\":\"webmaster kapitalis\",\"url\":\"https:\/\/kapitalis.com\/tunisie\/author\/webmaster-kapitalis\/\"}]}<\/script>\n<!-- \/ Yoast SEO plugin. -->","yoast_head_json":{"title":"Blue Talks : L\u2019oc\u00e9an et la mer : la vie et la survie post Covid - Kapitalis","robots":{"index":"index","follow":"follow","max-snippet":"max-snippet:-1","max-image-preview":"max-image-preview:large","max-video-preview":"max-video-preview:-1"},"canonical":"https:\/\/kapitalis.com\/tunisie\/2021\/06\/12\/blue-talks-locean-et-la-mer-la-vie-et-la-survie-post-covid\/","og_locale":"fr_FR","og_type":"article","og_title":"Blue Talks : L\u2019oc\u00e9an et la mer : la vie et la survie post Covid - Kapitalis","og_description":"Le cinqui\u00e8me webinaire \u00abBlue Talks\u00bb, organis\u00e9 par le Club Bleu, s\u2019est tenu le mardi 8 juin 2021, \u00e0 l\u2019occasion de la Journ\u00e9e mondiale de l\u2019oc\u00e9an, c\u00e9l\u00e9br\u00e9e pour rappeler que les oc\u00e9ans jouent un r\u00f4le primordial dans notre subsistance. Plusieurs experts et activistes du monde marin en Tunisie y ont pris part.","og_url":"https:\/\/kapitalis.com\/tunisie\/2021\/06\/12\/blue-talks-locean-et-la-mer-la-vie-et-la-survie-post-covid\/","og_site_name":"Kapitalis","article_publisher":"https:\/\/www.facebook.com\/KapitalisInfo\/","article_published_time":"2021-06-12T08:02:59+00:00","article_modified_time":"2021-06-12T08:05:45+00:00","og_image":[{"width":1200,"height":630,"url":"https:\/\/kapitalis.com\/tunisie\/wp-content\/uploads\/2022\/05\/kapitalis-logo-fb.png","type":"image\/png"}],"author":"webmaster kapitalis","twitter_card":"summary_large_image","twitter_creator":"@KapitalisInfo","twitter_site":"@KapitalisInfo","twitter_misc":{"\u00c9crit par":"webmaster kapitalis","Dur\u00e9e de lecture estim\u00e9e":"7 minutes"},"schema":{"@context":"https:\/\/schema.org","@graph":[{"@type":"Article","@id":"https:\/\/kapitalis.com\/tunisie\/2021\/06\/12\/blue-talks-locean-et-la-mer-la-vie-et-la-survie-post-covid\/#article","isPartOf":{"@id":"https:\/\/kapitalis.com\/tunisie\/2021\/06\/12\/blue-talks-locean-et-la-mer-la-vie-et-la-survie-post-covid\/"},"author":{"name":"webmaster kapitalis","@id":"https:\/\/kapitalis.com\/tunisie\/#\/schema\/person\/d71f33a9ca44f7bad4698210b480c8e9"},"headline":"Blue Talks : L\u2019oc\u00e9an et la mer : la vie et la survie post Covid","datePublished":"2021-06-12T08:02:59+00:00","dateModified":"2021-06-12T08:05:45+00:00","mainEntityOfPage":{"@id":"https:\/\/kapitalis.com\/tunisie\/2021\/06\/12\/blue-talks-locean-et-la-mer-la-vie-et-la-survie-post-covid\/"},"wordCount":1416,"commentCount":0,"publisher":{"@id":"https:\/\/kapitalis.com\/tunisie\/#organization"},"image":{"@id":"https:\/\/kapitalis.com\/tunisie\/2021\/06\/12\/blue-talks-locean-et-la-mer-la-vie-et-la-survie-post-covid\/#primaryimage"},"thumbnailUrl":"","keywords":["Abdelmajid Dabbar","Blue Talks","Jamel Jrijer","Journ\u00e9e mondiale de l\u2019oc\u00e9an","Lotfi Ben Maaoui","Mehdi Ben Haj","Mounir Boulkout","Rym Benzina","Selt Marine Group"],"articleSection":["ECONOMIE","SPORT","Tunisie"],"inLanguage":"fr-FR","potentialAction":[{"@type":"CommentAction","name":"Comment","target":["https:\/\/kapitalis.com\/tunisie\/2021\/06\/12\/blue-talks-locean-et-la-mer-la-vie-et-la-survie-post-covid\/#respond"]}]},{"@type":"WebPage","@id":"https:\/\/kapitalis.com\/tunisie\/2021\/06\/12\/blue-talks-locean-et-la-mer-la-vie-et-la-survie-post-covid\/","url":"https:\/\/kapitalis.com\/tunisie\/2021\/06\/12\/blue-talks-locean-et-la-mer-la-vie-et-la-survie-post-covid\/","name":"Blue Talks : L\u2019oc\u00e9an et la mer : la vie et la survie post Covid - Kapitalis","isPartOf":{"@id":"https:\/\/kapitalis.com\/tunisie\/#website"},"primaryImageOfPage":{"@id":"https:\/\/kapitalis.com\/tunisie\/2021\/06\/12\/blue-talks-locean-et-la-mer-la-vie-et-la-survie-post-covid\/#primaryimage"},"image":{"@id":"https:\/\/kapitalis.com\/tunisie\/2021\/06\/12\/blue-talks-locean-et-la-mer-la-vie-et-la-survie-post-covid\/#primaryimage"},"thumbnailUrl":"","datePublished":"2021-06-12T08:02:59+00:00","dateModified":"2021-06-12T08:05:45+00:00","breadcrumb":{"@id":"https:\/\/kapitalis.com\/tunisie\/2021\/06\/12\/blue-talks-locean-et-la-mer-la-vie-et-la-survie-post-covid\/#breadcrumb"},"inLanguage":"fr-FR","potentialAction":[{"@type":"ReadAction","target":["https:\/\/kapitalis.com\/tunisie\/2021\/06\/12\/blue-talks-locean-et-la-mer-la-vie-et-la-survie-post-covid\/"]}]},{"@type":"ImageObject","inLanguage":"fr-FR","@id":"https:\/\/kapitalis.com\/tunisie\/2021\/06\/12\/blue-talks-locean-et-la-mer-la-vie-et-la-survie-post-covid\/#primaryimage","url":"","contentUrl":""},{"@type":"BreadcrumbList","@id":"https:\/\/kapitalis.com\/tunisie\/2021\/06\/12\/blue-talks-locean-et-la-mer-la-vie-et-la-survie-post-covid\/#breadcrumb","itemListElement":[{"@type":"ListItem","position":1,"name":"Accueil","item":"https:\/\/kapitalis.com\/tunisie\/"},{"@type":"ListItem","position":2,"name":"Blue Talks : L\u2019oc\u00e9an et la mer : la vie et la survie post Covid"}]},{"@type":"WebSite","@id":"https:\/\/kapitalis.com\/tunisie\/#website","url":"https:\/\/kapitalis.com\/tunisie\/","name":"Kapitalis","description":"L&#039;actualit\u00e9 en Tunisie et dans le monde","publisher":{"@id":"https:\/\/kapitalis.com\/tunisie\/#organization"},"potentialAction":[{"@type":"SearchAction","target":{"@type":"EntryPoint","urlTemplate":"https:\/\/kapitalis.com\/tunisie\/?s={search_term_string}"},"query-input":{"@type":"PropertyValueSpecification","valueRequired":true,"valueName":"search_term_string"}}],"inLanguage":"fr-FR"},{"@type":"Organization","@id":"https:\/\/kapitalis.com\/tunisie\/#organization","name":"Kapitalis","url":"https:\/\/kapitalis.com\/tunisie\/","logo":{"@type":"ImageObject","inLanguage":"fr-FR","@id":"https:\/\/kapitalis.com\/tunisie\/#\/schema\/logo\/image\/","url":"https:\/\/kapitalis.com\/tunisie\/wp-content\/uploads\/2022\/05\/Kapitalis-big-size.png","contentUrl":"https:\/\/kapitalis.com\/tunisie\/wp-content\/uploads\/2022\/05\/Kapitalis-big-size.png","width":5000,"height":1500,"caption":"Kapitalis"},"image":{"@id":"https:\/\/kapitalis.com\/tunisie\/#\/schema\/logo\/image\/"},"sameAs":["https:\/\/www.facebook.com\/KapitalisInfo\/","https:\/\/x.com\/KapitalisInfo","https:\/\/www.youtube.com\/channel\/UC-yDYrHyfFBWWZaOw3FPg9Q"]},{"@type":"Person","@id":"https:\/\/kapitalis.com\/tunisie\/#\/schema\/person\/d71f33a9ca44f7bad4698210b480c8e9","name":"webmaster kapitalis","url":"https:\/\/kapitalis.com\/tunisie\/author\/webmaster-kapitalis\/"}]}},"_links":{"self":[{"href":"https:\/\/kapitalis.com\/tunisie\/wp-json\/wp\/v2\/posts\/352313","targetHints":{"allow":["GET"]}}],"collection":[{"href":"https:\/\/kapitalis.com\/tunisie\/wp-json\/wp\/v2\/posts"}],"about":[{"href":"https:\/\/kapitalis.com\/tunisie\/wp-json\/wp\/v2\/types\/post"}],"author":[{"embeddable":true,"href":"https:\/\/kapitalis.com\/tunisie\/wp-json\/wp\/v2\/users\/8"}],"replies":[{"embeddable":true,"href":"https:\/\/kapitalis.com\/tunisie\/wp-json\/wp\/v2\/comments?post=352313"}],"version-history":[{"count":0,"href":"https:\/\/kapitalis.com\/tunisie\/wp-json\/wp\/v2\/posts\/352313\/revisions"}],"wp:featuredmedia":[{"embeddable":true,"href":"https:\/\/kapitalis.com\/tunisie\/wp-json\/wp\/v2\/media\/352314"}],"wp:attachment":[{"href":"https:\/\/kapitalis.com\/tunisie\/wp-json\/wp\/v2\/media?parent=352313"}],"wp:term":[{"taxonomy":"category","embeddable":true,"href":"https:\/\/kapitalis.com\/tunisie\/wp-json\/wp\/v2\/categories?post=352313"},{"taxonomy":"post_tag","embeddable":true,"href":"https:\/\/kapitalis.com\/tunisie\/wp-json\/wp\/v2\/tags?post=352313"}],"curies":[{"name":"wp","href":"https:\/\/api.w.org\/{rel}","templated":true}]}}