{"id":352321,"date":"2021-06-12T11:19:46","date_gmt":"2021-06-12T10:19:46","guid":{"rendered":"http:\/\/kapitalis.com\/tunisie\/?p=352321"},"modified":"2021-06-12T11:23:09","modified_gmt":"2021-06-12T10:23:09","slug":"etude-comment-eviter-la-recrudescence-des-violences-jihadistes-en-tunisie","status":"publish","type":"post","link":"https:\/\/kapitalis.com\/tunisie\/2021\/06\/12\/etude-comment-eviter-la-recrudescence-des-violences-jihadistes-en-tunisie\/","title":{"rendered":"Etude : Comment \u00e9viter la recrudescence des violences jihadistes en Tunisie"},"content":{"rendered":"\n<div class=\"wp-block-image\"><figure class=\"aligncenter size-large\"><img decoding=\"async\" src=\"http:\/\/kapitalis.com\/tunisie\/wp-content\/uploads\/2021\/06\/Jihadisme-International-Crisis-Group.jpg\" alt=\"\" class=\"wp-image-352322\"\/><\/figure><\/div>\n\n\n\n<p><strong><em>Le think-tank International Crisis Group vient de publier un rapport intitul\u00e9 <a href=\"https:\/\/www.crisisgroup.org\/fr\/middle-east-north-africa\/north-africa\/tunisia\/jihadisme-en-tunisie-eviter-la-recrudescence-des-violences\" target=\"_blank\" rel=\"noreferrer noopener\">\u00abJihadisme en Tunisie : \u00e9viter la recrudescence des violences\u00bb<\/a>, o\u00f9 il constate que, malgr\u00e9 un net d\u00e9clin de la violence jihadiste en Tunisie depuis 2016, le gouvernement maintient des mesures de lutte contre le terrorisme r\u00e9pressives et trop peu cibl\u00e9es. Mais des r\u00e9formes dans le domaine de la justice et de la s\u00e9curit\u00e9 demeurent n\u00e9cessaires afin d\u2019\u00e9viter une recrudescence de la violence.<\/em><\/strong><\/p>\n\n\n\n<!--more-->\n\n\n\n<p><em>\u00abBien que le jihadisme d\u00e9cline en Tunisie, les mesures de lutte contre le terrorisme que les autorit\u00e9s mettent en \u0153uvre depuis 2013 pourraient, parce qu\u2019elles sont trop peu cibl\u00e9es, entra\u00eener un regain de violences. Si la situation \u00e9conomique et sociale continuait de se d\u00e9t\u00e9riorer, elles pourraient \u00e9galement contribuer \u00e0 accro\u00eetre les violences urbaines et la criminalit\u00e9\u00bb,<\/em> conclut l\u2019\u00e9tude, qui recommande au gouvernement de limiter les effets pervers des mesures antiterroristes par une s\u00e9rie de r\u00e9formes dans le domaine juridique et s\u00e9curitaire, car <em>\u00abune partie des mesures antiterroristes mises en place depuis 2013 nuisent \u00e0 la coh\u00e9sion sociale et minent la confiance des citoyens \u00e0 l\u2019\u00e9gard des institutions\u00bb. <\/em><\/p>\n\n\n\n<p>Ces mesures pourraient, en effet, entra\u00eener une recrudescence des violences jihadistes, si le contexte \u00e9conomique et social se d\u00e9t\u00e9riorait davantage et contribuait \u00e0 l\u2019augmentation des violences urbaines et de la criminalit\u00e9.<\/p>\n\n\n\n<p><em>\u00abPour r\u00e9duire la crise de confiance et pr\u00e9venir l\u2019augmentation des violences, le gouvernement devrait promulguer une nouvelle loi sur l\u2019\u00e9tat d\u2019urgence, modifier la loi antiterroriste de 2015 et le code de proc\u00e9dure p\u00e9nale, am\u00e9liorer les conditions de d\u00e9tention et veiller \u00e0 coordonner les efforts de pr\u00e9vention et de r\u00e9pression du terrorisme<\/em>\u00bb, estime en conclusion International Crisis Group.<\/p>\n\n\n\n<p>Nous reproduisons ci-dessous une synth\u00e8se de cette \u00e9tude\u2026<\/p>\n\n\n\n<p><em>Depuis l\u2019\u00e9chec, en mars 2016, de l\u2019attaque de la ville frontali\u00e8re de Ben Guerdane par un commando de l\u2019Etat islamique, l\u2019engagement salafiste-jihadiste perd de son attrait et son expression violente d\u00e9cline en Tunisie. N\u00e9anmoins, les mesures de lutte contre le terrorisme prises depuis 2013 restent en place. Certaines de ces mesures, largement r\u00e9pressives, nuisent \u00e0 la coh\u00e9sion sociale et tendent \u00e0 renforcer la crise de confiance des citoyens envers les institutions. Celles-ci pourraient conduire \u00e0 un retour significatif des violences jihadistes et contribuer \u00e0 accro\u00eetre les violences urbaines et la criminalit\u00e9, surtout si la situation \u00e9conomique et sociale continue de se d\u00e9t\u00e9riorer. Pour \u00e9viter ces dommages collat\u00e9raux de la lutte contre le terrorisme, le gouvernement devrait entreprendre au plus vite une s\u00e9rie de r\u00e9formes dans le domaine juridique et s\u00e9curitaire. Il devrait promulguer une nouvelle loi sur l\u2019\u00e9tat d\u2019urgence, modifier la loi antiterroriste et le code de proc\u00e9dure p\u00e9nale, am\u00e9liorer les conditions de d\u00e9tention et assurer une meilleure compl\u00e9mentarit\u00e9 entre les activit\u00e9s de pr\u00e9vention et de r\u00e9pression du terrorisme.<\/em><\/p>\n\n\n\n<p><em>La diminution des violences jihadistes sur le territoire tunisien entre 2016 et 2021 est manifeste. Elle est principalement li\u00e9e \u00e0 la d\u00e9route d\u2019al-Qaeda et de l\u2019Etat islamique \u00e0 l\u2019\u00e9chelle r\u00e9gionale. M\u00eame si plusieurs milliers de Tunisiens sont partis combattre au Moyen-Orient et en Libye entre 2011 et 2016 et que des Tunisiens ont commis quatre attentats en France et en Allemagne en 2016 et 2021, le pays n\u2019est pas menac\u00e9 par un mouvement jihadiste arm\u00e9 de masse. Le d\u00e9clin id\u00e9ologique du salafisme-jihadisme est \u00e9galement tr\u00e8s net en Tunisie, y compris parmi les franges les plus vuln\u00e9rables de la population, qui ont tendance \u00e0 s\u2019identifier d\u00e9sormais davantage au gangster qu\u2019au h\u00e9ros se sacrifiant pour une cause.<\/em><\/p>\n\n\n\n<p><em>Cependant, les mesures de lutte contre le terrorisme, mises en place d\u00e8s 2013, pourraient avoir des effets pervers. La majorit\u00e9 des pr\u00e8s de 2\u2009200 d\u00e9tenus en lien avec des affaires de terrorisme quitteront les prisons tunisiennes au cours des trois ann\u00e9es \u00e0 venir. La plupart d\u2019entre eux ont connu des conditions de d\u00e9tention propices \u00e0 la r\u00e9cidive, et certains ont \u00e9t\u00e9 victimes d\u2019abus. Leurs perspectives de r\u00e9insertion socioprofessionnelle sont tr\u00e8s limit\u00e9es. Pour toutes ces raisons, ils risquent de retomber dans la violence ou de se tourner vers la d\u00e9linquance et le crime. Par ailleurs, les mesures de contr\u00f4le administratif souvent tr\u00e8s contraignantes auxquelles sont soumis nombre d\u2019individus, en dehors des prisons, au nom de la lutte antiterroriste, pourraient aussi conduire certains d\u2019entre eux, qui estiment les subir injustement, \u00e0 se rapprocher des groupes jihadistes.<\/em><\/p>\n\n\n\n<p><em>Enfin, si le jihadisme d\u00e9cline en Tunisie, il est loin d\u2019avoir disparu \u00e0 l\u2019\u00e9chelle du continent africain, notamment dans le Sahel, o\u00f9 une centaine de Tunisiens combattraient au sein de groupes affili\u00e9s \u00e0 al-Qaeda et \u00e0 l\u2019Etat islamique et pourraient, un jour ou l\u2019autre, envisager de prendre pour cible leur pays d\u2019origine.<\/em><\/p>\n\n\n\n<p><em>Pour limiter une \u00e9ventuelle recrudescence des violences jihadistes et freiner le d\u00e9veloppement de la petite d\u00e9linquance et du banditisme, les autorit\u00e9s devraient, en priorit\u00e9, mener des r\u00e9formes dans le domaine de la s\u00e9curit\u00e9 et de la justice p\u00e9nale. Il s\u2019agit de passer d\u2019une logique r\u00e9pressive \u00e0 une logique pr\u00e9ventive qui renforcerait la coh\u00e9sion sociale et la confiance des citoyens envers les institutions.<\/em><\/p>\n\n\n\n<p><em>En mati\u00e8re de s\u00e9curit\u00e9, le parlement devrait voter une nouvelle loi sur l\u2019\u00e9tat d\u2019urgence offrant davantage de garanties en termes de droits humains.<\/em><\/p>\n\n\n\n<p><em>Les autorit\u00e9s devraient prendre plusieurs mesures. En mati\u00e8re de s\u00e9curit\u00e9, le parlement devrait voter une nouvelle loi sur l\u2019\u00e9tat d\u2019urgence offrant davantage de garanties en termes de droits humains. Il devrait modifier la loi antiterroriste de 2015, notamment pour r\u00e9duire au maximum le d\u00e9lai de garde \u00e0 vue, propice aux abus, et modifier le code de proc\u00e9dure p\u00e9nale, pour garantir sans exception l\u2019acc\u00e8s \u00e0 un avocat durant l\u2019enqu\u00eate pr\u00e9liminaire. Dans le domaine de la justice, les autorit\u00e9s devraient tenter de r\u00e9duire la population carc\u00e9rale, \u00e9tablir un suivi s\u00e9curitaire et socio-psychologique p\u00e9nitentiaire et post-p\u00e9nitentiaire personnalis\u00e9 et augmenter le nombre de programmes de r\u00e9insertion et de r\u00e9habilitation socio-professionnels qui s\u2019adressent \u00e0 l\u2019ensemble des d\u00e9tenus et anciens d\u00e9tenus. Enfin, le gouvernement devrait renforcer le travail commun entre les diff\u00e9rents minist\u00e8res afin de veiller \u00e0 la compl\u00e9mentarit\u00e9 des actions de lutte contre le terrorisme et des activit\u00e9s de pr\u00e9vention dites de <\/em>\u00abl\u2019extr\u00e9misme violent\u00bb <em>coordonn\u00e9es par la Commission nationale de lutte contre le terrorisme.<\/em><\/p>\n","protected":false},"excerpt":{"rendered":"<p>Le think-tank International Crisis Group vient de publier un rapport intitul\u00e9 \u00abJihadisme en Tunisie : \u00e9viter la recrudescence des violences\u00bb, o\u00f9 il constate que, malgr\u00e9 un net d\u00e9clin de la violence jihadiste en Tunisie depuis 2016, le gouvernement maintient des mesures de lutte contre le terrorisme r\u00e9pressives et trop peu cibl\u00e9es. Mais des r\u00e9formes dans&#8230;<\/p>\n","protected":false},"author":8,"featured_media":352322,"comment_status":"open","ping_status":"open","sticky":false,"template":"","format":"standard","meta":{"footnotes":""},"categories":[998,2433],"tags":[91195,348,91193,91194,91192],"class_list":["post-352321","post","type-post","status-publish","format-standard","has-post-thumbnail","hentry","category-societe","category-tunisie","tag-attaque-de-guerdane","tag-etat-islamique","tag-international-crisis-group","tag-loi-antiterroriste-de-2015","tag-violences-jihadistes"],"yoast_head":"<!-- This site is optimized with the Yoast SEO plugin v26.6 - https:\/\/yoast.com\/wordpress\/plugins\/seo\/ -->\n<title>Etude : Comment \u00e9viter la recrudescence des violences jihadistes en Tunisie - Kapitalis<\/title>\n<meta name=\"robots\" content=\"index, follow, max-snippet:-1, max-image-preview:large, max-video-preview:-1\" \/>\n<link rel=\"canonical\" href=\"https:\/\/kapitalis.com\/tunisie\/2021\/06\/12\/etude-comment-eviter-la-recrudescence-des-violences-jihadistes-en-tunisie\/\" \/>\n<meta property=\"og:locale\" content=\"fr_FR\" \/>\n<meta property=\"og:type\" content=\"article\" \/>\n<meta property=\"og:title\" content=\"Etude : Comment \u00e9viter la recrudescence des violences jihadistes en Tunisie - Kapitalis\" \/>\n<meta property=\"og:description\" content=\"Le think-tank International Crisis Group vient de publier un rapport intitul\u00e9 \u00abJihadisme en Tunisie : \u00e9viter la recrudescence des violences\u00bb, o\u00f9 il constate que, malgr\u00e9 un net d\u00e9clin de la violence jihadiste en Tunisie depuis 2016, le gouvernement maintient des mesures de lutte contre le terrorisme r\u00e9pressives et trop peu cibl\u00e9es. Mais des r\u00e9formes dans...\" \/>\n<meta property=\"og:url\" content=\"https:\/\/kapitalis.com\/tunisie\/2021\/06\/12\/etude-comment-eviter-la-recrudescence-des-violences-jihadistes-en-tunisie\/\" \/>\n<meta property=\"og:site_name\" content=\"Kapitalis\" \/>\n<meta property=\"article:publisher\" content=\"https:\/\/www.facebook.com\/KapitalisInfo\/\" \/>\n<meta property=\"article:published_time\" content=\"2021-06-12T10:19:46+00:00\" \/>\n<meta property=\"article:modified_time\" content=\"2021-06-12T10:23:09+00:00\" \/>\n<meta property=\"og:image\" content=\"https:\/\/kapitalis.com\/tunisie\/wp-content\/uploads\/2022\/05\/kapitalis-logo-fb.png\" \/>\n\t<meta property=\"og:image:width\" content=\"1200\" \/>\n\t<meta property=\"og:image:height\" content=\"630\" \/>\n\t<meta property=\"og:image:type\" content=\"image\/png\" \/>\n<meta name=\"author\" content=\"webmaster kapitalis\" \/>\n<meta name=\"twitter:card\" content=\"summary_large_image\" \/>\n<meta name=\"twitter:creator\" content=\"@KapitalisInfo\" \/>\n<meta name=\"twitter:site\" content=\"@KapitalisInfo\" \/>\n<meta name=\"twitter:label1\" content=\"\u00c9crit par\" \/>\n\t<meta name=\"twitter:data1\" content=\"webmaster kapitalis\" \/>\n\t<meta name=\"twitter:label2\" content=\"Dur\u00e9e de lecture estim\u00e9e\" \/>\n\t<meta name=\"twitter:data2\" content=\"6 minutes\" \/>\n<script type=\"application\/ld+json\" class=\"yoast-schema-graph\">{\"@context\":\"https:\/\/schema.org\",\"@graph\":[{\"@type\":\"Article\",\"@id\":\"https:\/\/kapitalis.com\/tunisie\/2021\/06\/12\/etude-comment-eviter-la-recrudescence-des-violences-jihadistes-en-tunisie\/#article\",\"isPartOf\":{\"@id\":\"https:\/\/kapitalis.com\/tunisie\/2021\/06\/12\/etude-comment-eviter-la-recrudescence-des-violences-jihadistes-en-tunisie\/\"},\"author\":{\"name\":\"webmaster kapitalis\",\"@id\":\"https:\/\/kapitalis.com\/tunisie\/#\/schema\/person\/d71f33a9ca44f7bad4698210b480c8e9\"},\"headline\":\"Etude : Comment \u00e9viter la recrudescence des violences jihadistes en Tunisie\",\"datePublished\":\"2021-06-12T10:19:46+00:00\",\"dateModified\":\"2021-06-12T10:23:09+00:00\",\"mainEntityOfPage\":{\"@id\":\"https:\/\/kapitalis.com\/tunisie\/2021\/06\/12\/etude-comment-eviter-la-recrudescence-des-violences-jihadistes-en-tunisie\/\"},\"wordCount\":1112,\"commentCount\":0,\"publisher\":{\"@id\":\"https:\/\/kapitalis.com\/tunisie\/#organization\"},\"image\":{\"@id\":\"https:\/\/kapitalis.com\/tunisie\/2021\/06\/12\/etude-comment-eviter-la-recrudescence-des-violences-jihadistes-en-tunisie\/#primaryimage\"},\"thumbnailUrl\":\"\",\"keywords\":[\"attaque de Guerdane\",\"Etat islamique\",\"International Crisis Group\",\"loi antiterroriste de 2015\",\"violences jihadistes\"],\"articleSection\":[\"SOCIETE\",\"Tunisie\"],\"inLanguage\":\"fr-FR\",\"potentialAction\":[{\"@type\":\"CommentAction\",\"name\":\"Comment\",\"target\":[\"https:\/\/kapitalis.com\/tunisie\/2021\/06\/12\/etude-comment-eviter-la-recrudescence-des-violences-jihadistes-en-tunisie\/#respond\"]}]},{\"@type\":\"WebPage\",\"@id\":\"https:\/\/kapitalis.com\/tunisie\/2021\/06\/12\/etude-comment-eviter-la-recrudescence-des-violences-jihadistes-en-tunisie\/\",\"url\":\"https:\/\/kapitalis.com\/tunisie\/2021\/06\/12\/etude-comment-eviter-la-recrudescence-des-violences-jihadistes-en-tunisie\/\",\"name\":\"Etude : Comment \u00e9viter la recrudescence des violences jihadistes en Tunisie - Kapitalis\",\"isPartOf\":{\"@id\":\"https:\/\/kapitalis.com\/tunisie\/#website\"},\"primaryImageOfPage\":{\"@id\":\"https:\/\/kapitalis.com\/tunisie\/2021\/06\/12\/etude-comment-eviter-la-recrudescence-des-violences-jihadistes-en-tunisie\/#primaryimage\"},\"image\":{\"@id\":\"https:\/\/kapitalis.com\/tunisie\/2021\/06\/12\/etude-comment-eviter-la-recrudescence-des-violences-jihadistes-en-tunisie\/#primaryimage\"},\"thumbnailUrl\":\"\",\"datePublished\":\"2021-06-12T10:19:46+00:00\",\"dateModified\":\"2021-06-12T10:23:09+00:00\",\"breadcrumb\":{\"@id\":\"https:\/\/kapitalis.com\/tunisie\/2021\/06\/12\/etude-comment-eviter-la-recrudescence-des-violences-jihadistes-en-tunisie\/#breadcrumb\"},\"inLanguage\":\"fr-FR\",\"potentialAction\":[{\"@type\":\"ReadAction\",\"target\":[\"https:\/\/kapitalis.com\/tunisie\/2021\/06\/12\/etude-comment-eviter-la-recrudescence-des-violences-jihadistes-en-tunisie\/\"]}]},{\"@type\":\"ImageObject\",\"inLanguage\":\"fr-FR\",\"@id\":\"https:\/\/kapitalis.com\/tunisie\/2021\/06\/12\/etude-comment-eviter-la-recrudescence-des-violences-jihadistes-en-tunisie\/#primaryimage\",\"url\":\"\",\"contentUrl\":\"\"},{\"@type\":\"BreadcrumbList\",\"@id\":\"https:\/\/kapitalis.com\/tunisie\/2021\/06\/12\/etude-comment-eviter-la-recrudescence-des-violences-jihadistes-en-tunisie\/#breadcrumb\",\"itemListElement\":[{\"@type\":\"ListItem\",\"position\":1,\"name\":\"Accueil\",\"item\":\"https:\/\/kapitalis.com\/tunisie\/\"},{\"@type\":\"ListItem\",\"position\":2,\"name\":\"Etude : Comment \u00e9viter la recrudescence des violences jihadistes en Tunisie\"}]},{\"@type\":\"WebSite\",\"@id\":\"https:\/\/kapitalis.com\/tunisie\/#website\",\"url\":\"https:\/\/kapitalis.com\/tunisie\/\",\"name\":\"Kapitalis\",\"description\":\"L&#039;actualit\u00e9 en Tunisie et dans le monde\",\"publisher\":{\"@id\":\"https:\/\/kapitalis.com\/tunisie\/#organization\"},\"potentialAction\":[{\"@type\":\"SearchAction\",\"target\":{\"@type\":\"EntryPoint\",\"urlTemplate\":\"https:\/\/kapitalis.com\/tunisie\/?s={search_term_string}\"},\"query-input\":{\"@type\":\"PropertyValueSpecification\",\"valueRequired\":true,\"valueName\":\"search_term_string\"}}],\"inLanguage\":\"fr-FR\"},{\"@type\":\"Organization\",\"@id\":\"https:\/\/kapitalis.com\/tunisie\/#organization\",\"name\":\"Kapitalis\",\"url\":\"https:\/\/kapitalis.com\/tunisie\/\",\"logo\":{\"@type\":\"ImageObject\",\"inLanguage\":\"fr-FR\",\"@id\":\"https:\/\/kapitalis.com\/tunisie\/#\/schema\/logo\/image\/\",\"url\":\"https:\/\/kapitalis.com\/tunisie\/wp-content\/uploads\/2022\/05\/Kapitalis-big-size.png\",\"contentUrl\":\"https:\/\/kapitalis.com\/tunisie\/wp-content\/uploads\/2022\/05\/Kapitalis-big-size.png\",\"width\":5000,\"height\":1500,\"caption\":\"Kapitalis\"},\"image\":{\"@id\":\"https:\/\/kapitalis.com\/tunisie\/#\/schema\/logo\/image\/\"},\"sameAs\":[\"https:\/\/www.facebook.com\/KapitalisInfo\/\",\"https:\/\/x.com\/KapitalisInfo\",\"https:\/\/www.youtube.com\/channel\/UC-yDYrHyfFBWWZaOw3FPg9Q\"]},{\"@type\":\"Person\",\"@id\":\"https:\/\/kapitalis.com\/tunisie\/#\/schema\/person\/d71f33a9ca44f7bad4698210b480c8e9\",\"name\":\"webmaster kapitalis\",\"url\":\"https:\/\/kapitalis.com\/tunisie\/author\/webmaster-kapitalis\/\"}]}<\/script>\n<!-- \/ Yoast SEO plugin. -->","yoast_head_json":{"title":"Etude : Comment \u00e9viter la recrudescence des violences jihadistes en Tunisie - Kapitalis","robots":{"index":"index","follow":"follow","max-snippet":"max-snippet:-1","max-image-preview":"max-image-preview:large","max-video-preview":"max-video-preview:-1"},"canonical":"https:\/\/kapitalis.com\/tunisie\/2021\/06\/12\/etude-comment-eviter-la-recrudescence-des-violences-jihadistes-en-tunisie\/","og_locale":"fr_FR","og_type":"article","og_title":"Etude : Comment \u00e9viter la recrudescence des violences jihadistes en Tunisie - Kapitalis","og_description":"Le think-tank International Crisis Group vient de publier un rapport intitul\u00e9 \u00abJihadisme en Tunisie : \u00e9viter la recrudescence des violences\u00bb, o\u00f9 il constate que, malgr\u00e9 un net d\u00e9clin de la violence jihadiste en Tunisie depuis 2016, le gouvernement maintient des mesures de lutte contre le terrorisme r\u00e9pressives et trop peu cibl\u00e9es. Mais des r\u00e9formes dans...","og_url":"https:\/\/kapitalis.com\/tunisie\/2021\/06\/12\/etude-comment-eviter-la-recrudescence-des-violences-jihadistes-en-tunisie\/","og_site_name":"Kapitalis","article_publisher":"https:\/\/www.facebook.com\/KapitalisInfo\/","article_published_time":"2021-06-12T10:19:46+00:00","article_modified_time":"2021-06-12T10:23:09+00:00","og_image":[{"width":1200,"height":630,"url":"https:\/\/kapitalis.com\/tunisie\/wp-content\/uploads\/2022\/05\/kapitalis-logo-fb.png","type":"image\/png"}],"author":"webmaster kapitalis","twitter_card":"summary_large_image","twitter_creator":"@KapitalisInfo","twitter_site":"@KapitalisInfo","twitter_misc":{"\u00c9crit par":"webmaster kapitalis","Dur\u00e9e de lecture estim\u00e9e":"6 minutes"},"schema":{"@context":"https:\/\/schema.org","@graph":[{"@type":"Article","@id":"https:\/\/kapitalis.com\/tunisie\/2021\/06\/12\/etude-comment-eviter-la-recrudescence-des-violences-jihadistes-en-tunisie\/#article","isPartOf":{"@id":"https:\/\/kapitalis.com\/tunisie\/2021\/06\/12\/etude-comment-eviter-la-recrudescence-des-violences-jihadistes-en-tunisie\/"},"author":{"name":"webmaster kapitalis","@id":"https:\/\/kapitalis.com\/tunisie\/#\/schema\/person\/d71f33a9ca44f7bad4698210b480c8e9"},"headline":"Etude : Comment \u00e9viter la recrudescence des violences jihadistes en Tunisie","datePublished":"2021-06-12T10:19:46+00:00","dateModified":"2021-06-12T10:23:09+00:00","mainEntityOfPage":{"@id":"https:\/\/kapitalis.com\/tunisie\/2021\/06\/12\/etude-comment-eviter-la-recrudescence-des-violences-jihadistes-en-tunisie\/"},"wordCount":1112,"commentCount":0,"publisher":{"@id":"https:\/\/kapitalis.com\/tunisie\/#organization"},"image":{"@id":"https:\/\/kapitalis.com\/tunisie\/2021\/06\/12\/etude-comment-eviter-la-recrudescence-des-violences-jihadistes-en-tunisie\/#primaryimage"},"thumbnailUrl":"","keywords":["attaque de Guerdane","Etat islamique","International Crisis Group","loi antiterroriste de 2015","violences jihadistes"],"articleSection":["SOCIETE","Tunisie"],"inLanguage":"fr-FR","potentialAction":[{"@type":"CommentAction","name":"Comment","target":["https:\/\/kapitalis.com\/tunisie\/2021\/06\/12\/etude-comment-eviter-la-recrudescence-des-violences-jihadistes-en-tunisie\/#respond"]}]},{"@type":"WebPage","@id":"https:\/\/kapitalis.com\/tunisie\/2021\/06\/12\/etude-comment-eviter-la-recrudescence-des-violences-jihadistes-en-tunisie\/","url":"https:\/\/kapitalis.com\/tunisie\/2021\/06\/12\/etude-comment-eviter-la-recrudescence-des-violences-jihadistes-en-tunisie\/","name":"Etude : Comment \u00e9viter la recrudescence des violences jihadistes en Tunisie - Kapitalis","isPartOf":{"@id":"https:\/\/kapitalis.com\/tunisie\/#website"},"primaryImageOfPage":{"@id":"https:\/\/kapitalis.com\/tunisie\/2021\/06\/12\/etude-comment-eviter-la-recrudescence-des-violences-jihadistes-en-tunisie\/#primaryimage"},"image":{"@id":"https:\/\/kapitalis.com\/tunisie\/2021\/06\/12\/etude-comment-eviter-la-recrudescence-des-violences-jihadistes-en-tunisie\/#primaryimage"},"thumbnailUrl":"","datePublished":"2021-06-12T10:19:46+00:00","dateModified":"2021-06-12T10:23:09+00:00","breadcrumb":{"@id":"https:\/\/kapitalis.com\/tunisie\/2021\/06\/12\/etude-comment-eviter-la-recrudescence-des-violences-jihadistes-en-tunisie\/#breadcrumb"},"inLanguage":"fr-FR","potentialAction":[{"@type":"ReadAction","target":["https:\/\/kapitalis.com\/tunisie\/2021\/06\/12\/etude-comment-eviter-la-recrudescence-des-violences-jihadistes-en-tunisie\/"]}]},{"@type":"ImageObject","inLanguage":"fr-FR","@id":"https:\/\/kapitalis.com\/tunisie\/2021\/06\/12\/etude-comment-eviter-la-recrudescence-des-violences-jihadistes-en-tunisie\/#primaryimage","url":"","contentUrl":""},{"@type":"BreadcrumbList","@id":"https:\/\/kapitalis.com\/tunisie\/2021\/06\/12\/etude-comment-eviter-la-recrudescence-des-violences-jihadistes-en-tunisie\/#breadcrumb","itemListElement":[{"@type":"ListItem","position":1,"name":"Accueil","item":"https:\/\/kapitalis.com\/tunisie\/"},{"@type":"ListItem","position":2,"name":"Etude : Comment \u00e9viter la recrudescence des violences jihadistes en Tunisie"}]},{"@type":"WebSite","@id":"https:\/\/kapitalis.com\/tunisie\/#website","url":"https:\/\/kapitalis.com\/tunisie\/","name":"Kapitalis","description":"L&#039;actualit\u00e9 en Tunisie et dans le monde","publisher":{"@id":"https:\/\/kapitalis.com\/tunisie\/#organization"},"potentialAction":[{"@type":"SearchAction","target":{"@type":"EntryPoint","urlTemplate":"https:\/\/kapitalis.com\/tunisie\/?s={search_term_string}"},"query-input":{"@type":"PropertyValueSpecification","valueRequired":true,"valueName":"search_term_string"}}],"inLanguage":"fr-FR"},{"@type":"Organization","@id":"https:\/\/kapitalis.com\/tunisie\/#organization","name":"Kapitalis","url":"https:\/\/kapitalis.com\/tunisie\/","logo":{"@type":"ImageObject","inLanguage":"fr-FR","@id":"https:\/\/kapitalis.com\/tunisie\/#\/schema\/logo\/image\/","url":"https:\/\/kapitalis.com\/tunisie\/wp-content\/uploads\/2022\/05\/Kapitalis-big-size.png","contentUrl":"https:\/\/kapitalis.com\/tunisie\/wp-content\/uploads\/2022\/05\/Kapitalis-big-size.png","width":5000,"height":1500,"caption":"Kapitalis"},"image":{"@id":"https:\/\/kapitalis.com\/tunisie\/#\/schema\/logo\/image\/"},"sameAs":["https:\/\/www.facebook.com\/KapitalisInfo\/","https:\/\/x.com\/KapitalisInfo","https:\/\/www.youtube.com\/channel\/UC-yDYrHyfFBWWZaOw3FPg9Q"]},{"@type":"Person","@id":"https:\/\/kapitalis.com\/tunisie\/#\/schema\/person\/d71f33a9ca44f7bad4698210b480c8e9","name":"webmaster kapitalis","url":"https:\/\/kapitalis.com\/tunisie\/author\/webmaster-kapitalis\/"}]}},"_links":{"self":[{"href":"https:\/\/kapitalis.com\/tunisie\/wp-json\/wp\/v2\/posts\/352321","targetHints":{"allow":["GET"]}}],"collection":[{"href":"https:\/\/kapitalis.com\/tunisie\/wp-json\/wp\/v2\/posts"}],"about":[{"href":"https:\/\/kapitalis.com\/tunisie\/wp-json\/wp\/v2\/types\/post"}],"author":[{"embeddable":true,"href":"https:\/\/kapitalis.com\/tunisie\/wp-json\/wp\/v2\/users\/8"}],"replies":[{"embeddable":true,"href":"https:\/\/kapitalis.com\/tunisie\/wp-json\/wp\/v2\/comments?post=352321"}],"version-history":[{"count":0,"href":"https:\/\/kapitalis.com\/tunisie\/wp-json\/wp\/v2\/posts\/352321\/revisions"}],"wp:featuredmedia":[{"embeddable":true,"href":"https:\/\/kapitalis.com\/tunisie\/wp-json\/wp\/v2\/media\/352322"}],"wp:attachment":[{"href":"https:\/\/kapitalis.com\/tunisie\/wp-json\/wp\/v2\/media?parent=352321"}],"wp:term":[{"taxonomy":"category","embeddable":true,"href":"https:\/\/kapitalis.com\/tunisie\/wp-json\/wp\/v2\/categories?post=352321"},{"taxonomy":"post_tag","embeddable":true,"href":"https:\/\/kapitalis.com\/tunisie\/wp-json\/wp\/v2\/tags?post=352321"}],"curies":[{"name":"wp","href":"https:\/\/api.w.org\/{rel}","templated":true}]}}