{"id":35260,"date":"2016-01-17T09:15:34","date_gmt":"2016-01-17T08:15:34","guid":{"rendered":"http:\/\/kapitalis.com\/tunisie\/?p=35260"},"modified":"2016-01-17T09:16:43","modified_gmt":"2016-01-17T08:16:43","slug":"mode-stradivarius-ouvre-sa-1ere-boutique-a-tunis","status":"publish","type":"post","link":"https:\/\/kapitalis.com\/tunisie\/2016\/01\/17\/mode-stradivarius-ouvre-sa-1ere-boutique-a-tunis\/","title":{"rendered":"Mode : Stradivarius ouvre sa 1\u00e8re boutique \u00e0 Tunis"},"content":{"rendered":"<p><img loading=\"lazy\" decoding=\"async\" class=\"alignnone size-full wp-image-35261 aligncenter\" src=\"http:\/\/kapitalis.com\/tunisie\/wp-content\/uploads\/2016\/01\/Stradivarius.jpg\" alt=\"Stradivarius\" width=\"626\" height=\"380\" \/><\/p>\n<p><em><strong>La marque espagnole Stradivarius, cr\u00e9\u00e9e en 1994 et qui a rejoint en 1999 le groupe Inditex Zara, ouvrira sa 1\u00e8re boutique \u00e0 Tunis.<\/strong><\/em><\/p>\n<p><!--more--><\/p>\n<p>La marque de pr\u00eat-\u00e0-porter et accessoires pour femmes, pr\u00e9sente dans une quarantaine de pays, invite demain, lundi 18 janvier 2016, \u00e0 partir de 9H00, les jeunes femmes \u00e0 l\u2019Opening Party de son 1er magasin tunisien au 56, Avenue Habib Bourguiba, au centre-ville de Tunis.<\/p>\n<p>Stradivarius, dont le logo est une cl\u00e9 de sol, r\u00e9f\u00e9rence au mouvement permanent, proposera des collections tendances (v\u00eatements, maroquineries et accessoires pour filles) \u00e0 des prix comp\u00e9titifs.<\/p>\n<p>Les jeunes femmes branch\u00e9es, et qui aiment le style et la fantaisie, trouveront dans ce magasin leurs petits plaisirs en fonction de chaque saison.<\/p>\n<p style=\"text-align: right;\"><strong>Z. A.<\/strong><\/p>\n","protected":false},"excerpt":{"rendered":"<p>La marque espagnole Stradivarius, cr\u00e9\u00e9e en 1994 et qui a rejoint en 1999 le groupe Inditex Zara, ouvrira sa 1\u00e8re boutique \u00e0 Tunis.<\/p>\n","protected":false},"author":8,"featured_media":35261,"comment_status":"open","ping_status":"open","sticky":false,"template":"","format":"standard","meta":{"footnotes":""},"categories":[993,2433],"tags":[1479,7711],"class_list":["post-35260","post","type-post","status-publish","format-standard","has-post-thumbnail","hentry","category-conso","category-tunisie","tag-femmes","tag-pret-a-porter"],"yoast_head":"<!-- This site is optimized with the Yoast SEO plugin v26.6 - https:\/\/yoast.com\/wordpress\/plugins\/seo\/ -->\n<title>Mode : Stradivarius ouvre sa 1\u00e8re boutique \u00e0 Tunis - Kapitalis<\/title>\n<meta name=\"robots\" content=\"index, follow, max-snippet:-1, max-image-preview:large, max-video-preview:-1\" \/>\n<link rel=\"canonical\" href=\"https:\/\/kapitalis.com\/tunisie\/2016\/01\/17\/mode-stradivarius-ouvre-sa-1ere-boutique-a-tunis\/\" \/>\n<meta property=\"og:locale\" content=\"fr_FR\" \/>\n<meta property=\"og:type\" content=\"article\" \/>\n<meta property=\"og:title\" content=\"Mode : Stradivarius ouvre sa 1\u00e8re boutique \u00e0 Tunis - Kapitalis\" \/>\n<meta property=\"og:description\" content=\"La marque espagnole Stradivarius, cr\u00e9\u00e9e en 1994 et qui a rejoint en 1999 le groupe Inditex Zara, ouvrira sa 1\u00e8re boutique \u00e0 Tunis.\" \/>\n<meta property=\"og:url\" content=\"https:\/\/kapitalis.com\/tunisie\/2016\/01\/17\/mode-stradivarius-ouvre-sa-1ere-boutique-a-tunis\/\" \/>\n<meta property=\"og:site_name\" content=\"Kapitalis\" \/>\n<meta property=\"article:publisher\" content=\"https:\/\/www.facebook.com\/KapitalisInfo\/\" \/>\n<meta property=\"article:published_time\" content=\"2016-01-17T08:15:34+00:00\" \/>\n<meta property=\"article:modified_time\" content=\"2016-01-17T08:16:43+00:00\" \/>\n<meta property=\"og:image\" content=\"https:\/\/kapitalis.com\/tunisie\/wp-content\/uploads\/2022\/05\/kapitalis-logo-fb.png\" \/>\n\t<meta property=\"og:image:width\" content=\"1200\" \/>\n\t<meta property=\"og:image:height\" content=\"630\" \/>\n\t<meta property=\"og:image:type\" content=\"image\/png\" \/>\n<meta name=\"author\" content=\"webmaster kapitalis\" \/>\n<meta name=\"twitter:card\" content=\"summary_large_image\" \/>\n<meta name=\"twitter:creator\" content=\"@KapitalisInfo\" \/>\n<meta name=\"twitter:site\" content=\"@KapitalisInfo\" \/>\n<meta name=\"twitter:label1\" content=\"\u00c9crit par\" \/>\n\t<meta name=\"twitter:data1\" content=\"webmaster kapitalis\" \/>\n\t<meta name=\"twitter:label2\" content=\"Dur\u00e9e de lecture estim\u00e9e\" \/>\n\t<meta name=\"twitter:data2\" content=\"1 minute\" \/>\n<script type=\"application\/ld+json\" class=\"yoast-schema-graph\">{\"@context\":\"https:\/\/schema.org\",\"@graph\":[{\"@type\":\"Article\",\"@id\":\"https:\/\/kapitalis.com\/tunisie\/2016\/01\/17\/mode-stradivarius-ouvre-sa-1ere-boutique-a-tunis\/#article\",\"isPartOf\":{\"@id\":\"https:\/\/kapitalis.com\/tunisie\/2016\/01\/17\/mode-stradivarius-ouvre-sa-1ere-boutique-a-tunis\/\"},\"author\":{\"name\":\"webmaster kapitalis\",\"@id\":\"https:\/\/kapitalis.com\/tunisie\/#\/schema\/person\/d71f33a9ca44f7bad4698210b480c8e9\"},\"headline\":\"Mode : Stradivarius ouvre sa 1\u00e8re boutique \u00e0 Tunis\",\"datePublished\":\"2016-01-17T08:15:34+00:00\",\"dateModified\":\"2016-01-17T08:16:43+00:00\",\"mainEntityOfPage\":{\"@id\":\"https:\/\/kapitalis.com\/tunisie\/2016\/01\/17\/mode-stradivarius-ouvre-sa-1ere-boutique-a-tunis\/\"},\"wordCount\":128,\"commentCount\":0,\"publisher\":{\"@id\":\"https:\/\/kapitalis.com\/tunisie\/#organization\"},\"image\":{\"@id\":\"https:\/\/kapitalis.com\/tunisie\/2016\/01\/17\/mode-stradivarius-ouvre-sa-1ere-boutique-a-tunis\/#primaryimage\"},\"thumbnailUrl\":\"\",\"keywords\":[\"femmes\",\"pr\u00eat-\u00e0-porter\"],\"articleSection\":[\"CONSO\",\"Tunisie\"],\"inLanguage\":\"fr-FR\",\"potentialAction\":[{\"@type\":\"CommentAction\",\"name\":\"Comment\",\"target\":[\"https:\/\/kapitalis.com\/tunisie\/2016\/01\/17\/mode-stradivarius-ouvre-sa-1ere-boutique-a-tunis\/#respond\"]}]},{\"@type\":\"WebPage\",\"@id\":\"https:\/\/kapitalis.com\/tunisie\/2016\/01\/17\/mode-stradivarius-ouvre-sa-1ere-boutique-a-tunis\/\",\"url\":\"https:\/\/kapitalis.com\/tunisie\/2016\/01\/17\/mode-stradivarius-ouvre-sa-1ere-boutique-a-tunis\/\",\"name\":\"Mode : Stradivarius ouvre sa 1\u00e8re boutique \u00e0 Tunis - Kapitalis\",\"isPartOf\":{\"@id\":\"https:\/\/kapitalis.com\/tunisie\/#website\"},\"primaryImageOfPage\":{\"@id\":\"https:\/\/kapitalis.com\/tunisie\/2016\/01\/17\/mode-stradivarius-ouvre-sa-1ere-boutique-a-tunis\/#primaryimage\"},\"image\":{\"@id\":\"https:\/\/kapitalis.com\/tunisie\/2016\/01\/17\/mode-stradivarius-ouvre-sa-1ere-boutique-a-tunis\/#primaryimage\"},\"thumbnailUrl\":\"\",\"datePublished\":\"2016-01-17T08:15:34+00:00\",\"dateModified\":\"2016-01-17T08:16:43+00:00\",\"breadcrumb\":{\"@id\":\"https:\/\/kapitalis.com\/tunisie\/2016\/01\/17\/mode-stradivarius-ouvre-sa-1ere-boutique-a-tunis\/#breadcrumb\"},\"inLanguage\":\"fr-FR\",\"potentialAction\":[{\"@type\":\"ReadAction\",\"target\":[\"https:\/\/kapitalis.com\/tunisie\/2016\/01\/17\/mode-stradivarius-ouvre-sa-1ere-boutique-a-tunis\/\"]}]},{\"@type\":\"ImageObject\",\"inLanguage\":\"fr-FR\",\"@id\":\"https:\/\/kapitalis.com\/tunisie\/2016\/01\/17\/mode-stradivarius-ouvre-sa-1ere-boutique-a-tunis\/#primaryimage\",\"url\":\"\",\"contentUrl\":\"\"},{\"@type\":\"BreadcrumbList\",\"@id\":\"https:\/\/kapitalis.com\/tunisie\/2016\/01\/17\/mode-stradivarius-ouvre-sa-1ere-boutique-a-tunis\/#breadcrumb\",\"itemListElement\":[{\"@type\":\"ListItem\",\"position\":1,\"name\":\"Accueil\",\"item\":\"https:\/\/kapitalis.com\/tunisie\/\"},{\"@type\":\"ListItem\",\"position\":2,\"name\":\"Mode : Stradivarius ouvre sa 1\u00e8re boutique \u00e0 Tunis\"}]},{\"@type\":\"WebSite\",\"@id\":\"https:\/\/kapitalis.com\/tunisie\/#website\",\"url\":\"https:\/\/kapitalis.com\/tunisie\/\",\"name\":\"Kapitalis\",\"description\":\"L&#039;actualit\u00e9 en Tunisie et dans le monde\",\"publisher\":{\"@id\":\"https:\/\/kapitalis.com\/tunisie\/#organization\"},\"potentialAction\":[{\"@type\":\"SearchAction\",\"target\":{\"@type\":\"EntryPoint\",\"urlTemplate\":\"https:\/\/kapitalis.com\/tunisie\/?s={search_term_string}\"},\"query-input\":{\"@type\":\"PropertyValueSpecification\",\"valueRequired\":true,\"valueName\":\"search_term_string\"}}],\"inLanguage\":\"fr-FR\"},{\"@type\":\"Organization\",\"@id\":\"https:\/\/kapitalis.com\/tunisie\/#organization\",\"name\":\"Kapitalis\",\"url\":\"https:\/\/kapitalis.com\/tunisie\/\",\"logo\":{\"@type\":\"ImageObject\",\"inLanguage\":\"fr-FR\",\"@id\":\"https:\/\/kapitalis.com\/tunisie\/#\/schema\/logo\/image\/\",\"url\":\"https:\/\/kapitalis.com\/tunisie\/wp-content\/uploads\/2022\/05\/Kapitalis-big-size.png\",\"contentUrl\":\"https:\/\/kapitalis.com\/tunisie\/wp-content\/uploads\/2022\/05\/Kapitalis-big-size.png\",\"width\":5000,\"height\":1500,\"caption\":\"Kapitalis\"},\"image\":{\"@id\":\"https:\/\/kapitalis.com\/tunisie\/#\/schema\/logo\/image\/\"},\"sameAs\":[\"https:\/\/www.facebook.com\/KapitalisInfo\/\",\"https:\/\/x.com\/KapitalisInfo\",\"https:\/\/www.youtube.com\/channel\/UC-yDYrHyfFBWWZaOw3FPg9Q\"]},{\"@type\":\"Person\",\"@id\":\"https:\/\/kapitalis.com\/tunisie\/#\/schema\/person\/d71f33a9ca44f7bad4698210b480c8e9\",\"name\":\"webmaster kapitalis\",\"url\":\"https:\/\/kapitalis.com\/tunisie\/author\/webmaster-kapitalis\/\"}]}<\/script>\n<!-- \/ Yoast SEO plugin. -->","yoast_head_json":{"title":"Mode : Stradivarius ouvre sa 1\u00e8re boutique \u00e0 Tunis - Kapitalis","robots":{"index":"index","follow":"follow","max-snippet":"max-snippet:-1","max-image-preview":"max-image-preview:large","max-video-preview":"max-video-preview:-1"},"canonical":"https:\/\/kapitalis.com\/tunisie\/2016\/01\/17\/mode-stradivarius-ouvre-sa-1ere-boutique-a-tunis\/","og_locale":"fr_FR","og_type":"article","og_title":"Mode : Stradivarius ouvre sa 1\u00e8re boutique \u00e0 Tunis - Kapitalis","og_description":"La marque espagnole Stradivarius, cr\u00e9\u00e9e en 1994 et qui a rejoint en 1999 le groupe Inditex Zara, ouvrira sa 1\u00e8re boutique \u00e0 Tunis.","og_url":"https:\/\/kapitalis.com\/tunisie\/2016\/01\/17\/mode-stradivarius-ouvre-sa-1ere-boutique-a-tunis\/","og_site_name":"Kapitalis","article_publisher":"https:\/\/www.facebook.com\/KapitalisInfo\/","article_published_time":"2016-01-17T08:15:34+00:00","article_modified_time":"2016-01-17T08:16:43+00:00","og_image":[{"width":1200,"height":630,"url":"https:\/\/kapitalis.com\/tunisie\/wp-content\/uploads\/2022\/05\/kapitalis-logo-fb.png","type":"image\/png"}],"author":"webmaster kapitalis","twitter_card":"summary_large_image","twitter_creator":"@KapitalisInfo","twitter_site":"@KapitalisInfo","twitter_misc":{"\u00c9crit par":"webmaster kapitalis","Dur\u00e9e de lecture estim\u00e9e":"1 minute"},"schema":{"@context":"https:\/\/schema.org","@graph":[{"@type":"Article","@id":"https:\/\/kapitalis.com\/tunisie\/2016\/01\/17\/mode-stradivarius-ouvre-sa-1ere-boutique-a-tunis\/#article","isPartOf":{"@id":"https:\/\/kapitalis.com\/tunisie\/2016\/01\/17\/mode-stradivarius-ouvre-sa-1ere-boutique-a-tunis\/"},"author":{"name":"webmaster kapitalis","@id":"https:\/\/kapitalis.com\/tunisie\/#\/schema\/person\/d71f33a9ca44f7bad4698210b480c8e9"},"headline":"Mode : Stradivarius ouvre sa 1\u00e8re boutique \u00e0 Tunis","datePublished":"2016-01-17T08:15:34+00:00","dateModified":"2016-01-17T08:16:43+00:00","mainEntityOfPage":{"@id":"https:\/\/kapitalis.com\/tunisie\/2016\/01\/17\/mode-stradivarius-ouvre-sa-1ere-boutique-a-tunis\/"},"wordCount":128,"commentCount":0,"publisher":{"@id":"https:\/\/kapitalis.com\/tunisie\/#organization"},"image":{"@id":"https:\/\/kapitalis.com\/tunisie\/2016\/01\/17\/mode-stradivarius-ouvre-sa-1ere-boutique-a-tunis\/#primaryimage"},"thumbnailUrl":"","keywords":["femmes","pr\u00eat-\u00e0-porter"],"articleSection":["CONSO","Tunisie"],"inLanguage":"fr-FR","potentialAction":[{"@type":"CommentAction","name":"Comment","target":["https:\/\/kapitalis.com\/tunisie\/2016\/01\/17\/mode-stradivarius-ouvre-sa-1ere-boutique-a-tunis\/#respond"]}]},{"@type":"WebPage","@id":"https:\/\/kapitalis.com\/tunisie\/2016\/01\/17\/mode-stradivarius-ouvre-sa-1ere-boutique-a-tunis\/","url":"https:\/\/kapitalis.com\/tunisie\/2016\/01\/17\/mode-stradivarius-ouvre-sa-1ere-boutique-a-tunis\/","name":"Mode : Stradivarius ouvre sa 1\u00e8re boutique \u00e0 Tunis - Kapitalis","isPartOf":{"@id":"https:\/\/kapitalis.com\/tunisie\/#website"},"primaryImageOfPage":{"@id":"https:\/\/kapitalis.com\/tunisie\/2016\/01\/17\/mode-stradivarius-ouvre-sa-1ere-boutique-a-tunis\/#primaryimage"},"image":{"@id":"https:\/\/kapitalis.com\/tunisie\/2016\/01\/17\/mode-stradivarius-ouvre-sa-1ere-boutique-a-tunis\/#primaryimage"},"thumbnailUrl":"","datePublished":"2016-01-17T08:15:34+00:00","dateModified":"2016-01-17T08:16:43+00:00","breadcrumb":{"@id":"https:\/\/kapitalis.com\/tunisie\/2016\/01\/17\/mode-stradivarius-ouvre-sa-1ere-boutique-a-tunis\/#breadcrumb"},"inLanguage":"fr-FR","potentialAction":[{"@type":"ReadAction","target":["https:\/\/kapitalis.com\/tunisie\/2016\/01\/17\/mode-stradivarius-ouvre-sa-1ere-boutique-a-tunis\/"]}]},{"@type":"ImageObject","inLanguage":"fr-FR","@id":"https:\/\/kapitalis.com\/tunisie\/2016\/01\/17\/mode-stradivarius-ouvre-sa-1ere-boutique-a-tunis\/#primaryimage","url":"","contentUrl":""},{"@type":"BreadcrumbList","@id":"https:\/\/kapitalis.com\/tunisie\/2016\/01\/17\/mode-stradivarius-ouvre-sa-1ere-boutique-a-tunis\/#breadcrumb","itemListElement":[{"@type":"ListItem","position":1,"name":"Accueil","item":"https:\/\/kapitalis.com\/tunisie\/"},{"@type":"ListItem","position":2,"name":"Mode : Stradivarius ouvre sa 1\u00e8re boutique \u00e0 Tunis"}]},{"@type":"WebSite","@id":"https:\/\/kapitalis.com\/tunisie\/#website","url":"https:\/\/kapitalis.com\/tunisie\/","name":"Kapitalis","description":"L&#039;actualit\u00e9 en Tunisie et dans le monde","publisher":{"@id":"https:\/\/kapitalis.com\/tunisie\/#organization"},"potentialAction":[{"@type":"SearchAction","target":{"@type":"EntryPoint","urlTemplate":"https:\/\/kapitalis.com\/tunisie\/?s={search_term_string}"},"query-input":{"@type":"PropertyValueSpecification","valueRequired":true,"valueName":"search_term_string"}}],"inLanguage":"fr-FR"},{"@type":"Organization","@id":"https:\/\/kapitalis.com\/tunisie\/#organization","name":"Kapitalis","url":"https:\/\/kapitalis.com\/tunisie\/","logo":{"@type":"ImageObject","inLanguage":"fr-FR","@id":"https:\/\/kapitalis.com\/tunisie\/#\/schema\/logo\/image\/","url":"https:\/\/kapitalis.com\/tunisie\/wp-content\/uploads\/2022\/05\/Kapitalis-big-size.png","contentUrl":"https:\/\/kapitalis.com\/tunisie\/wp-content\/uploads\/2022\/05\/Kapitalis-big-size.png","width":5000,"height":1500,"caption":"Kapitalis"},"image":{"@id":"https:\/\/kapitalis.com\/tunisie\/#\/schema\/logo\/image\/"},"sameAs":["https:\/\/www.facebook.com\/KapitalisInfo\/","https:\/\/x.com\/KapitalisInfo","https:\/\/www.youtube.com\/channel\/UC-yDYrHyfFBWWZaOw3FPg9Q"]},{"@type":"Person","@id":"https:\/\/kapitalis.com\/tunisie\/#\/schema\/person\/d71f33a9ca44f7bad4698210b480c8e9","name":"webmaster kapitalis","url":"https:\/\/kapitalis.com\/tunisie\/author\/webmaster-kapitalis\/"}]}},"_links":{"self":[{"href":"https:\/\/kapitalis.com\/tunisie\/wp-json\/wp\/v2\/posts\/35260","targetHints":{"allow":["GET"]}}],"collection":[{"href":"https:\/\/kapitalis.com\/tunisie\/wp-json\/wp\/v2\/posts"}],"about":[{"href":"https:\/\/kapitalis.com\/tunisie\/wp-json\/wp\/v2\/types\/post"}],"author":[{"embeddable":true,"href":"https:\/\/kapitalis.com\/tunisie\/wp-json\/wp\/v2\/users\/8"}],"replies":[{"embeddable":true,"href":"https:\/\/kapitalis.com\/tunisie\/wp-json\/wp\/v2\/comments?post=35260"}],"version-history":[{"count":0,"href":"https:\/\/kapitalis.com\/tunisie\/wp-json\/wp\/v2\/posts\/35260\/revisions"}],"wp:featuredmedia":[{"embeddable":true,"href":"https:\/\/kapitalis.com\/tunisie\/wp-json\/wp\/v2\/media\/35261"}],"wp:attachment":[{"href":"https:\/\/kapitalis.com\/tunisie\/wp-json\/wp\/v2\/media?parent=35260"}],"wp:term":[{"taxonomy":"category","embeddable":true,"href":"https:\/\/kapitalis.com\/tunisie\/wp-json\/wp\/v2\/categories?post=35260"},{"taxonomy":"post_tag","embeddable":true,"href":"https:\/\/kapitalis.com\/tunisie\/wp-json\/wp\/v2\/tags?post=35260"}],"curies":[{"name":"wp","href":"https:\/\/api.w.org\/{rel}","templated":true}]}}