{"id":352696,"date":"2021-06-15T11:14:50","date_gmt":"2021-06-15T10:14:50","guid":{"rendered":"http:\/\/kapitalis.com\/tunisie\/?p=352696"},"modified":"2021-06-15T11:18:13","modified_gmt":"2021-06-15T10:18:13","slug":"les-islamistes-tunisiens-entre-le-doute-et-le-desarroi","status":"publish","type":"post","link":"https:\/\/kapitalis.com\/tunisie\/2021\/06\/15\/les-islamistes-tunisiens-entre-le-doute-et-le-desarroi\/","title":{"rendered":"Les islamistes tunisiens entre le doute et le d\u00e9sarroi"},"content":{"rendered":"\n<div class=\"wp-block-image\"><figure class=\"aligncenter size-large\"><img decoding=\"async\" src=\"http:\/\/kapitalis.com\/tunisie\/wp-content\/uploads\/2021\/06\/Ennahdha-Base-vieillissante.jpg\" alt=\"\" class=\"wp-image-352697\"\/><figcaption><em>Une base vieillissante, \u00e0 l&rsquo;image de son chef Rached Ghannouchi (79 ans)  : hors de l&rsquo;histoire et de la g\u00e9ographie.<\/em> <\/figcaption><\/figure><\/div>\n\n\n\n<p><strong><em>Le parti islamiste Ennahdha est dans une position extr\u00eamement difficile aux plans national et international. Il est en recul net dans les sondages et tr\u00e8s mal en point aupr\u00e8s des siens. Sa base se r\u00e9tr\u00e9cissant comme peau de chagrin, ses t\u00e9nors sont oblig\u00e9s de bomber le torse pour faire illusion. Ils savent cependant que leur parti arrive \u00e0 une sorte de fin de cycle et doit faire son bilan, et de pr\u00e9f\u00e9rence sous forme d\u2019autocritique, et \u00e9tudier les moyens de se r\u00e9former au plus vite, car sa place n\u2019est plus vraiment garantie sur l\u2019\u00e9chiquier politique tunisien dans les ann\u00e9es \u00e0 venir.<\/em><\/strong><\/p>\n\n\n\n<p>Par <strong>Raouf Chatt<\/strong>y *<\/p>\n\n\n\n<!--more-->\n\n\n\n<div class=\"wp-block-image\"><figure class=\"alignleft size-large\"><img decoding=\"async\" src=\"http:\/\/kapitalis.com\/tunisie\/wp-content\/uploads\/2021\/05\/Raouf-Chatty.jpg\" alt=\"\" class=\"wp-image-347685\"\/><\/figure><\/div>\n\n\n\n<p><a href=\"http:\/\/kapitalis.com\/tunisie\/2021\/06\/14\/quand-les-dirigeants-dennahdha-bombent-le-torse-sachez-quils-sont-dans-de-mauvais-draps\/\" target=\"_blank\" rel=\"noreferrer noopener\">Abdelkrim Harouni<\/a>, le pr\u00e9sident du Conseil de la Choura du parti islamiste Ennahdha, ne cesse de monter au cr\u00e9neau et, ces derniers temps, ses interventions sont de plus en plus virulentes. Le weekend dernier, il a lanc\u00e9 une v\u00e9ritable mise en garde aux d\u00e9tracteurs de son parti, sans toutefois les nommer\u2026 Mais ses menaces s\u2019adressent essentiellement le pr\u00e9sident de la r\u00e9publique Ka\u00efs Sa\u00efed, mais aussi, \u00e0 un moindre degr\u00e9, au Parti destourien libre (PDL) et \u00e0 sa pr\u00e9sidente Abir Moussi.<\/p>\n\n\n\n<p>Depuis quelques temps, Harouni se d\u00e9tache de la plupart des autres t\u00e9nors du mouvement islamiste tunisien, se pr\u00e9sentant comme le dauphin du cheikh Rached Ghannouchi \u00e0 la t\u00eate du parti, laissant accr\u00e9diter l\u2019id\u00e9e qu\u2019il est actuellement la seule personnalit\u00e9 politique capable de sauvegarder l\u2019unit\u00e9 du parti, de plus en plus fissur\u00e9 et faisant face aux assauts r\u00e9p\u00e9t\u00e9s de ses adversaires, \u00e0 l\u2019int\u00e9rieur et \u00e0 l\u2019ext\u00e9rieur, qui plus est dans la situation extr\u00eamement difficile que traverse actuellement la Tunisie, et dont la responsabilit\u00e9 est imput\u00e9e essentiellement \u00e0 Ennahdha et \u00e0 l\u2019incomp\u00e9tence de ses dirigeants, au pouvoir sans discontinuer depuis 2011.<\/p>\n\n\n\n<p>Une ambiance de suspicion et m\u00eame de peur s\u2019installe au sein du parti islamiste. Car ses cadres se rendent \u00e0 l\u2019\u00e9vidence qu\u2019ils n\u2019ont \u00e9t\u00e9 en mesure de r\u00e9aliser aucune des promesses qu\u2019ils avaient faites \u00e0 leurs \u00e9lecteurs et qu\u2019au terme d\u2019une d\u00e9cennie au c\u0153ur de l\u2019Etat, leur bilan est fonci\u00e8rement n\u00e9gatif.<\/p>\n\n\n\n<h3 class=\"wp-block-heading\">Les islamistes se sentent \u00e0 juste titre dans l\u2019\u0153il du cyclone<\/h3>\n\n\n\n<p>En pleine crise institutionnelle, politique, \u00e9conomique et sociale end\u00e9mique qu\u2019endure le pays depuis plusieurs ann\u00e9es, aggrav\u00e9e, depuis quelques mois, par des divergences profondes sur la conduite des affaires de l\u2019Etat entre, d\u2019une part, un pr\u00e9sident de la r\u00e9publique se consid\u00e9rant comme l\u2019\u00e2me de la nation et le garant de la continuit\u00e9 de l\u2019Etat, et d\u2019autre part part, un pr\u00e9sident du parlement h\u00e9g\u00e9monique et envahissant, Rached Ghannouchi, et son prot\u00e9g\u00e9 et oblig\u00e9, le chef de gouvernement Hichem Mechichi, Ennahdha, se sentant dans l\u2019\u0153il du cyclone, semble avoir choisi de r\u00e9agir vite et fort, pour montrer qu\u2019il n\u2019est pas du genre \u00e0 se laisser impressionner.<\/p>\n\n\n\n<p>Dans la comp\u00e9tition politique acharn\u00e9e actuellement en cours, le parti islamiste et son chef savent qu\u2019ils ne sortiront pas indemnes du face-\u00e0-face avec un pr\u00e9sident de la r\u00e9publique \u00e9lu \u00e0 plus de 72% des suffrages et qui, un an et demi apr\u00e8s son investiture, caracole toujours en t\u00eate des sondages de popularit\u00e9, tr\u00e8s loin devant tous ses adversaires, et montre sa d\u00e9termination \u00e0 \u00eatre effectivement pr\u00e9sent sur la sc\u00e8ne politique, refusant que d\u2019autres acteurs politiques lui fassent ind\u00fbment de l\u2019ombre.<\/p>\n\n\n\n<p>Plus grave encore pour les islamistes, dont la situation est de plus en plus inconfortable : ils sont d\u00e9cri\u00e9s par des pans entiers de la population, qui les d\u00e9savouent et les accusent m\u00eame ouvertement d\u2019avoir caus\u00e9 la d\u00e9gradation de la situation dans le pays dans pratiquement tous les domaines\u2026 Outre leurs interminables man\u0153uvres politiques d\u00e9stabilisant sans cesse le pays, on leur reproche une gouvernance calamiteuse des affaires de l\u2019Etat, avec les r\u00e9sultats que l\u2019on sait\u2026<\/p>\n\n\n\n<p>Lors de l\u2019audience convoqu\u00e9e il y a quelques jours par le pr\u00e9sident de la r\u00e9publique dans son bureau \u00e0 Carthage, retransmise \u00e0 la t\u00e9l\u00e9vision, micro ouvert, et au cours de laquelle le chef de l\u2019Etat avait sermonn\u00e9 le chef du gouvernement et la ministre de la Justice par int\u00e9rim, le chef du parti islamiste a \u00e9t\u00e9 accus\u00e9, indirectement et sans \u00eatre nomm\u00e9, d\u2019\u00eatre \u00e0 l\u2019origine de tous les probl\u00e8mes du pays. Ka\u00efs Sa\u00efed a m\u00eame accus\u00e9 les islamistes d\u2019entretenir un climat de crise permanente et de cr\u00e9er sans cesse des probl\u00e8mes pour prolonger leur domination du pays.<\/p>\n\n\n\n<h3 class=\"wp-block-heading\">Ennahdha cherche \u00e0 dissiper le doute qui gagne ses troupes<\/h3>\n\n\n\n<p>C\u2019est dans ce contexte d\u00e9l\u00e9t\u00e8re que le pr\u00e9sident du Conseil de la Choura du parti islamiste a cru devoir contre-attaquer, en gesticulant, en bombant les muscles et en lan\u00e7ant des menaces, dans l\u2019espoir de renverser la vapeur. Il a, ainsi, fustig\u00e9 tous ceux qui, selon lui, \u0153uvrent d\u2019arrache-pied \u00e0 marginaliser les Nahdaouis et \u00e0 rayer leur parti de la carte politique de quelque mani\u00e8re que ce soit, civile ou autre, indiquant clairement que son parti ne se laissera pas faire.<\/p>\n\n\n\n<p>Selon lui, Ennahdha est aujourd\u2019hui une grande force politique l\u00e9gitime, qui a acc\u00e9d\u00e9 au pouvoir de fa\u00e7on d\u00e9mocratique apr\u00e8s quelque trente ans de lutte acharn\u00e9e contre la dictature, en pr\u00e9cisant que le mouvement islamiste n\u2019a jamais cherch\u00e9 \u00e0 exclure qui que ce soit, que tous ceux qui, ces derni\u00e8res ann\u00e9es, ont voulu se mesurer \u00e0 lui et entraver son ascension ont \u00e9t\u00e9 marginalis\u00e9s. Ce plaidoyer vise, on l\u2019a compris, \u00e0 mobiliser les militants du parti, dont beaucoup ont \u00e9t\u00e9 gagn\u00e9s par le doute, se sentant r\u00e9ellement fragilis\u00e9s et menac\u00e9s sur un \u00e9chiquier politique tr\u00e8s instable et mouvant.<\/p>\n\n\n\n<p>Tout en mettant \u00e9galement l\u2019accent sur le fait que son parti a d\u00e9montr\u00e9 qu\u2019il est le plus fort sur le terrain, qu\u2019il y surpasse tout le monde et qu\u2019il serait inutile et inopportun de vouloir lui tenir t\u00eate, Harouni a invit\u00e9 implicitement ses adversaires politiques \u00e0 se faire \u00e0 cette r\u00e9alit\u00e9, en rappelant, \u00e0 cet effet, la grande manifestation conduite il y a quelques mois par Ennahdha, au centre-ville de Tunis, en ramenant des milliers d\u2019adh\u00e9rents et de sympathisants de toute la r\u00e9publique.<\/p>\n\n\n\n<p>Dans les circonstances actuelles extr\u00eamement difficiles que vit le pays, marqu\u00e9e par une crise institutionnelle, politique, \u00e9conomique et sociale chronique, les vocif\u00e9rations des t\u00e9nors du parti islamiste risquent d\u2019en rajouter une couche au climat de tension et d\u2019instabilit\u00e9 qui r\u00e8gne dans un pays au bord de l\u2019implosion.<\/p>\n\n\n\n<p>M\u00eame si certains analystes sont d\u2019accord pour soutenir que cette attitude est surtout destin\u00e9e \u00e0 relever le moral des fid\u00e8les du parti, d\u2019autres estiment qu\u2019elle est inappropri\u00e9e et donc inadmissible car elle contribue \u00e0 l\u2019aggravation des tensions dans le pays et pourrait mettre le feu au poudre.<\/p>\n\n\n\n<h3 class=\"wp-block-heading\">La fin d\u2019un cycle n&rsquo;est pas forc\u00e9ment le d\u00e9but d&rsquo;un autre <\/h3>\n\n\n\n<p>En tout \u00e9tat de cause, tout le monde sait aujourd\u2019hui que le parti islamiste est dans une position extr\u00eamement difficile aux plans national et international. Il est en recul net dans les sondages. Il est tr\u00e8s mal en point aupr\u00e8s des siens. Sa base se r\u00e9tr\u00e9cit comme peau de chagrin. Il est donc oblig\u00e9 de bomber le torse pour faire illusion et pr\u00e9server son matelas \u00e9lectoral lors des prochains scrutins.<\/p>\n\n\n\n<p>Ses t\u00e9nors savent cependant que leur parti arrive \u00e0 une sorte de fin de cycle et doit faire son bilan, et de pr\u00e9f\u00e9rence sous forme d\u2019autocritique, et \u00e9tudier les moyens de se r\u00e9former au plus vite, car sa place n\u2019est plus vraiment garantie sur l\u2019\u00e9chiquier politique dans les ann\u00e9es \u00e0 venir. Et pour cause : les Tunisiens ne sont pas seulement des conservateurs, comme on les pr\u00e9sente souvent. Ce sont des gens de la mer, libres, ouverts, parfois versatiles, instables, changeants et rebelles\u2026 Et ils ont montr\u00e9 par la pass\u00e9 qu\u2019ils sont capables de se r\u00e9veiller au moment o\u00f9 personne ne les attend pour renverser la table.<\/p>\n\n\n\n<p>* <em>Ancien diplomate.<\/em><\/p>\n\n\n\n<h4 class=\"wp-block-heading\"><em>Articles du m\u00eame auteur dans Kapitalis :<\/em><\/h4>\n\n\n\n<p><blockquote class=\"wp-embedded-content\" data-secret=\"hjhZIlO3zr\"><a href=\"https:\/\/kapitalis.com\/tunisie\/2021\/06\/14\/quand-les-dirigeants-dennahdha-bombent-le-torse-sachez-quils-sont-dans-de-mauvais-draps\/\">Quand les dirigeants d\u2019Ennahdha bombent le torse, sachez qu&rsquo;ils sont dans de mauvais draps<\/a><\/blockquote><iframe loading=\"lazy\" class=\"wp-embedded-content\" sandbox=\"allow-scripts\" security=\"restricted\" style=\"position: absolute; clip: rect(1px, 1px, 1px, 1px);\" title=\"\u00ab\u00a0Quand les dirigeants d\u2019Ennahdha bombent le torse, sachez qu&rsquo;ils sont dans de mauvais draps\u00a0\u00bb &#8212; Kapitalis\" src=\"https:\/\/kapitalis.com\/tunisie\/2021\/06\/14\/quand-les-dirigeants-dennahdha-bombent-le-torse-sachez-quils-sont-dans-de-mauvais-draps\/embed\/#?secret=y4ul1wiTZp#?secret=hjhZIlO3zr\" data-secret=\"hjhZIlO3zr\" width=\"600\" height=\"338\" frameborder=\"0\" marginwidth=\"0\" marginheight=\"0\" scrolling=\"no\"><\/iframe><\/p>\n\n\n\n<p><blockquote class=\"wp-embedded-content\" data-secret=\"9hYm9KvA0V\"><a href=\"https:\/\/kapitalis.com\/tunisie\/2021\/06\/12\/pour-un-gouvernement-de-salut-national-capable-de-remettre-la-tunisie-sur-les-rails\/\">Pour un gouvernement de salut national capable de remettre la Tunisie sur les rails<\/a><\/blockquote><iframe loading=\"lazy\" class=\"wp-embedded-content\" sandbox=\"allow-scripts\" security=\"restricted\" style=\"position: absolute; clip: rect(1px, 1px, 1px, 1px);\" title=\"\u00ab\u00a0Pour un gouvernement de salut national capable de remettre la Tunisie sur les rails\u00a0\u00bb &#8212; Kapitalis\" src=\"https:\/\/kapitalis.com\/tunisie\/2021\/06\/12\/pour-un-gouvernement-de-salut-national-capable-de-remettre-la-tunisie-sur-les-rails\/embed\/#?secret=vdbUkIJLnq#?secret=9hYm9KvA0V\" data-secret=\"9hYm9KvA0V\" width=\"600\" height=\"338\" frameborder=\"0\" marginwidth=\"0\" marginheight=\"0\" scrolling=\"no\"><\/iframe><\/p>\n\n\n\n<p><blockquote class=\"wp-embedded-content\" data-secret=\"mfn0mDYpaL\"><a href=\"https:\/\/kapitalis.com\/tunisie\/2021\/06\/10\/la-violence-policiere-nest-plus-acceptable-sous-aucun-pretexte\/\">La violence polici\u00e8re n\u2019est plus acceptable sous aucun pr\u00e9texte<\/a><\/blockquote><iframe loading=\"lazy\" class=\"wp-embedded-content\" sandbox=\"allow-scripts\" security=\"restricted\" style=\"position: absolute; clip: rect(1px, 1px, 1px, 1px);\" title=\"\u00ab\u00a0La violence polici\u00e8re n\u2019est plus acceptable sous aucun pr\u00e9texte\u00a0\u00bb &#8212; Kapitalis\" src=\"https:\/\/kapitalis.com\/tunisie\/2021\/06\/10\/la-violence-policiere-nest-plus-acceptable-sous-aucun-pretexte\/embed\/#?secret=4f5bBlgexQ#?secret=mfn0mDYpaL\" data-secret=\"mfn0mDYpaL\" width=\"600\" height=\"338\" frameborder=\"0\" marginwidth=\"0\" marginheight=\"0\" scrolling=\"no\"><\/iframe><\/p>\n","protected":false},"excerpt":{"rendered":"<p>Le parti islamiste Ennahdha est dans une position extr\u00eamement difficile aux plans national et international. Il est en recul net dans les sondages et tr\u00e8s mal en point aupr\u00e8s des siens. Sa base se r\u00e9tr\u00e9cissant comme peau de chagrin, ses t\u00e9nors sont oblig\u00e9s de bomber le torse pour faire illusion. Ils savent cependant que leur&#8230;<\/p>\n","protected":false},"author":8,"featured_media":352697,"comment_status":"open","ping_status":"open","sticky":false,"template":"","format":"standard","meta":{"footnotes":""},"categories":[992,997,1000,2433],"tags":[41553,15144,49543,74899,18310,76012,23927,758],"class_list":["post-352696","post","type-post","status-publish","format-standard","has-post-thumbnail","hentry","category-a-la-une","category-politique","category-tribune","category-tunisie","tag-abdelkrim-harouni","tag-abir-moussi","tag-ennahdha","tag-hichem-mechichi","tag-islamistes-tunisiens","tag-kais-saied-2","tag-parti-destourien-libre","tag-rached-ghannouchi"],"yoast_head":"<!-- This site is optimized with the Yoast SEO plugin v26.6 - https:\/\/yoast.com\/wordpress\/plugins\/seo\/ -->\n<title>Les islamistes tunisiens entre le doute et le d\u00e9sarroi - Kapitalis<\/title>\n<meta name=\"robots\" content=\"index, follow, max-snippet:-1, max-image-preview:large, max-video-preview:-1\" \/>\n<link rel=\"canonical\" href=\"https:\/\/kapitalis.com\/tunisie\/2021\/06\/15\/les-islamistes-tunisiens-entre-le-doute-et-le-desarroi\/\" \/>\n<meta property=\"og:locale\" content=\"fr_FR\" \/>\n<meta property=\"og:type\" content=\"article\" \/>\n<meta property=\"og:title\" content=\"Les islamistes tunisiens entre le doute et le d\u00e9sarroi - Kapitalis\" \/>\n<meta property=\"og:description\" content=\"Le parti islamiste Ennahdha est dans une position extr\u00eamement difficile aux plans national et international. Il est en recul net dans les sondages et tr\u00e8s mal en point aupr\u00e8s des siens. Sa base se r\u00e9tr\u00e9cissant comme peau de chagrin, ses t\u00e9nors sont oblig\u00e9s de bomber le torse pour faire illusion. Ils savent cependant que leur...\" \/>\n<meta property=\"og:url\" content=\"https:\/\/kapitalis.com\/tunisie\/2021\/06\/15\/les-islamistes-tunisiens-entre-le-doute-et-le-desarroi\/\" \/>\n<meta property=\"og:site_name\" content=\"Kapitalis\" \/>\n<meta property=\"article:publisher\" content=\"https:\/\/www.facebook.com\/KapitalisInfo\/\" \/>\n<meta property=\"article:published_time\" content=\"2021-06-15T10:14:50+00:00\" \/>\n<meta property=\"article:modified_time\" content=\"2021-06-15T10:18:13+00:00\" \/>\n<meta property=\"og:image\" content=\"https:\/\/kapitalis.com\/tunisie\/wp-content\/uploads\/2022\/05\/kapitalis-logo-fb.png\" \/>\n\t<meta property=\"og:image:width\" content=\"1200\" \/>\n\t<meta property=\"og:image:height\" content=\"630\" \/>\n\t<meta property=\"og:image:type\" content=\"image\/png\" \/>\n<meta name=\"author\" content=\"webmaster kapitalis\" \/>\n<meta name=\"twitter:card\" content=\"summary_large_image\" \/>\n<meta name=\"twitter:creator\" content=\"@KapitalisInfo\" \/>\n<meta name=\"twitter:site\" content=\"@KapitalisInfo\" \/>\n<meta name=\"twitter:label1\" content=\"\u00c9crit par\" \/>\n\t<meta name=\"twitter:data1\" content=\"webmaster kapitalis\" \/>\n\t<meta name=\"twitter:label2\" content=\"Dur\u00e9e de lecture estim\u00e9e\" \/>\n\t<meta name=\"twitter:data2\" content=\"7 minutes\" \/>\n<script type=\"application\/ld+json\" class=\"yoast-schema-graph\">{\"@context\":\"https:\/\/schema.org\",\"@graph\":[{\"@type\":\"Article\",\"@id\":\"https:\/\/kapitalis.com\/tunisie\/2021\/06\/15\/les-islamistes-tunisiens-entre-le-doute-et-le-desarroi\/#article\",\"isPartOf\":{\"@id\":\"https:\/\/kapitalis.com\/tunisie\/2021\/06\/15\/les-islamistes-tunisiens-entre-le-doute-et-le-desarroi\/\"},\"author\":{\"name\":\"webmaster kapitalis\",\"@id\":\"https:\/\/kapitalis.com\/tunisie\/#\/schema\/person\/d71f33a9ca44f7bad4698210b480c8e9\"},\"headline\":\"Les islamistes tunisiens entre le doute et le d\u00e9sarroi\",\"datePublished\":\"2021-06-15T10:14:50+00:00\",\"dateModified\":\"2021-06-15T10:18:13+00:00\",\"mainEntityOfPage\":{\"@id\":\"https:\/\/kapitalis.com\/tunisie\/2021\/06\/15\/les-islamistes-tunisiens-entre-le-doute-et-le-desarroi\/\"},\"wordCount\":1465,\"commentCount\":1,\"publisher\":{\"@id\":\"https:\/\/kapitalis.com\/tunisie\/#organization\"},\"image\":{\"@id\":\"https:\/\/kapitalis.com\/tunisie\/2021\/06\/15\/les-islamistes-tunisiens-entre-le-doute-et-le-desarroi\/#primaryimage\"},\"thumbnailUrl\":\"\",\"keywords\":[\"Abdelkrim Harouni\",\"Abir Moussi\",\"Ennahdha\",\"Hichem Mechichi\",\"islamistes tunisiens\",\"Ka\u00efs Sa\u00efed\",\"Parti destourien libre\",\"Rached Ghannouchi\"],\"articleSection\":[\"A LA UNE\",\"POLITIQUE\",\"TRIBUNE\",\"Tunisie\"],\"inLanguage\":\"fr-FR\",\"potentialAction\":[{\"@type\":\"CommentAction\",\"name\":\"Comment\",\"target\":[\"https:\/\/kapitalis.com\/tunisie\/2021\/06\/15\/les-islamistes-tunisiens-entre-le-doute-et-le-desarroi\/#respond\"]}]},{\"@type\":\"WebPage\",\"@id\":\"https:\/\/kapitalis.com\/tunisie\/2021\/06\/15\/les-islamistes-tunisiens-entre-le-doute-et-le-desarroi\/\",\"url\":\"https:\/\/kapitalis.com\/tunisie\/2021\/06\/15\/les-islamistes-tunisiens-entre-le-doute-et-le-desarroi\/\",\"name\":\"Les islamistes tunisiens entre le doute et le d\u00e9sarroi - Kapitalis\",\"isPartOf\":{\"@id\":\"https:\/\/kapitalis.com\/tunisie\/#website\"},\"primaryImageOfPage\":{\"@id\":\"https:\/\/kapitalis.com\/tunisie\/2021\/06\/15\/les-islamistes-tunisiens-entre-le-doute-et-le-desarroi\/#primaryimage\"},\"image\":{\"@id\":\"https:\/\/kapitalis.com\/tunisie\/2021\/06\/15\/les-islamistes-tunisiens-entre-le-doute-et-le-desarroi\/#primaryimage\"},\"thumbnailUrl\":\"\",\"datePublished\":\"2021-06-15T10:14:50+00:00\",\"dateModified\":\"2021-06-15T10:18:13+00:00\",\"breadcrumb\":{\"@id\":\"https:\/\/kapitalis.com\/tunisie\/2021\/06\/15\/les-islamistes-tunisiens-entre-le-doute-et-le-desarroi\/#breadcrumb\"},\"inLanguage\":\"fr-FR\",\"potentialAction\":[{\"@type\":\"ReadAction\",\"target\":[\"https:\/\/kapitalis.com\/tunisie\/2021\/06\/15\/les-islamistes-tunisiens-entre-le-doute-et-le-desarroi\/\"]}]},{\"@type\":\"ImageObject\",\"inLanguage\":\"fr-FR\",\"@id\":\"https:\/\/kapitalis.com\/tunisie\/2021\/06\/15\/les-islamistes-tunisiens-entre-le-doute-et-le-desarroi\/#primaryimage\",\"url\":\"\",\"contentUrl\":\"\"},{\"@type\":\"BreadcrumbList\",\"@id\":\"https:\/\/kapitalis.com\/tunisie\/2021\/06\/15\/les-islamistes-tunisiens-entre-le-doute-et-le-desarroi\/#breadcrumb\",\"itemListElement\":[{\"@type\":\"ListItem\",\"position\":1,\"name\":\"Accueil\",\"item\":\"https:\/\/kapitalis.com\/tunisie\/\"},{\"@type\":\"ListItem\",\"position\":2,\"name\":\"Les islamistes tunisiens entre le doute et le d\u00e9sarroi\"}]},{\"@type\":\"WebSite\",\"@id\":\"https:\/\/kapitalis.com\/tunisie\/#website\",\"url\":\"https:\/\/kapitalis.com\/tunisie\/\",\"name\":\"Kapitalis\",\"description\":\"L&#039;actualit\u00e9 en Tunisie et dans le monde\",\"publisher\":{\"@id\":\"https:\/\/kapitalis.com\/tunisie\/#organization\"},\"potentialAction\":[{\"@type\":\"SearchAction\",\"target\":{\"@type\":\"EntryPoint\",\"urlTemplate\":\"https:\/\/kapitalis.com\/tunisie\/?s={search_term_string}\"},\"query-input\":{\"@type\":\"PropertyValueSpecification\",\"valueRequired\":true,\"valueName\":\"search_term_string\"}}],\"inLanguage\":\"fr-FR\"},{\"@type\":\"Organization\",\"@id\":\"https:\/\/kapitalis.com\/tunisie\/#organization\",\"name\":\"Kapitalis\",\"url\":\"https:\/\/kapitalis.com\/tunisie\/\",\"logo\":{\"@type\":\"ImageObject\",\"inLanguage\":\"fr-FR\",\"@id\":\"https:\/\/kapitalis.com\/tunisie\/#\/schema\/logo\/image\/\",\"url\":\"https:\/\/kapitalis.com\/tunisie\/wp-content\/uploads\/2022\/05\/Kapitalis-big-size.png\",\"contentUrl\":\"https:\/\/kapitalis.com\/tunisie\/wp-content\/uploads\/2022\/05\/Kapitalis-big-size.png\",\"width\":5000,\"height\":1500,\"caption\":\"Kapitalis\"},\"image\":{\"@id\":\"https:\/\/kapitalis.com\/tunisie\/#\/schema\/logo\/image\/\"},\"sameAs\":[\"https:\/\/www.facebook.com\/KapitalisInfo\/\",\"https:\/\/x.com\/KapitalisInfo\",\"https:\/\/www.youtube.com\/channel\/UC-yDYrHyfFBWWZaOw3FPg9Q\"]},{\"@type\":\"Person\",\"@id\":\"https:\/\/kapitalis.com\/tunisie\/#\/schema\/person\/d71f33a9ca44f7bad4698210b480c8e9\",\"name\":\"webmaster kapitalis\",\"url\":\"https:\/\/kapitalis.com\/tunisie\/author\/webmaster-kapitalis\/\"}]}<\/script>\n<!-- \/ Yoast SEO plugin. -->","yoast_head_json":{"title":"Les islamistes tunisiens entre le doute et le d\u00e9sarroi - Kapitalis","robots":{"index":"index","follow":"follow","max-snippet":"max-snippet:-1","max-image-preview":"max-image-preview:large","max-video-preview":"max-video-preview:-1"},"canonical":"https:\/\/kapitalis.com\/tunisie\/2021\/06\/15\/les-islamistes-tunisiens-entre-le-doute-et-le-desarroi\/","og_locale":"fr_FR","og_type":"article","og_title":"Les islamistes tunisiens entre le doute et le d\u00e9sarroi - Kapitalis","og_description":"Le parti islamiste Ennahdha est dans une position extr\u00eamement difficile aux plans national et international. Il est en recul net dans les sondages et tr\u00e8s mal en point aupr\u00e8s des siens. Sa base se r\u00e9tr\u00e9cissant comme peau de chagrin, ses t\u00e9nors sont oblig\u00e9s de bomber le torse pour faire illusion. Ils savent cependant que leur...","og_url":"https:\/\/kapitalis.com\/tunisie\/2021\/06\/15\/les-islamistes-tunisiens-entre-le-doute-et-le-desarroi\/","og_site_name":"Kapitalis","article_publisher":"https:\/\/www.facebook.com\/KapitalisInfo\/","article_published_time":"2021-06-15T10:14:50+00:00","article_modified_time":"2021-06-15T10:18:13+00:00","og_image":[{"width":1200,"height":630,"url":"https:\/\/kapitalis.com\/tunisie\/wp-content\/uploads\/2022\/05\/kapitalis-logo-fb.png","type":"image\/png"}],"author":"webmaster kapitalis","twitter_card":"summary_large_image","twitter_creator":"@KapitalisInfo","twitter_site":"@KapitalisInfo","twitter_misc":{"\u00c9crit par":"webmaster kapitalis","Dur\u00e9e de lecture estim\u00e9e":"7 minutes"},"schema":{"@context":"https:\/\/schema.org","@graph":[{"@type":"Article","@id":"https:\/\/kapitalis.com\/tunisie\/2021\/06\/15\/les-islamistes-tunisiens-entre-le-doute-et-le-desarroi\/#article","isPartOf":{"@id":"https:\/\/kapitalis.com\/tunisie\/2021\/06\/15\/les-islamistes-tunisiens-entre-le-doute-et-le-desarroi\/"},"author":{"name":"webmaster kapitalis","@id":"https:\/\/kapitalis.com\/tunisie\/#\/schema\/person\/d71f33a9ca44f7bad4698210b480c8e9"},"headline":"Les islamistes tunisiens entre le doute et le d\u00e9sarroi","datePublished":"2021-06-15T10:14:50+00:00","dateModified":"2021-06-15T10:18:13+00:00","mainEntityOfPage":{"@id":"https:\/\/kapitalis.com\/tunisie\/2021\/06\/15\/les-islamistes-tunisiens-entre-le-doute-et-le-desarroi\/"},"wordCount":1465,"commentCount":1,"publisher":{"@id":"https:\/\/kapitalis.com\/tunisie\/#organization"},"image":{"@id":"https:\/\/kapitalis.com\/tunisie\/2021\/06\/15\/les-islamistes-tunisiens-entre-le-doute-et-le-desarroi\/#primaryimage"},"thumbnailUrl":"","keywords":["Abdelkrim Harouni","Abir Moussi","Ennahdha","Hichem Mechichi","islamistes tunisiens","Ka\u00efs Sa\u00efed","Parti destourien libre","Rached Ghannouchi"],"articleSection":["A LA UNE","POLITIQUE","TRIBUNE","Tunisie"],"inLanguage":"fr-FR","potentialAction":[{"@type":"CommentAction","name":"Comment","target":["https:\/\/kapitalis.com\/tunisie\/2021\/06\/15\/les-islamistes-tunisiens-entre-le-doute-et-le-desarroi\/#respond"]}]},{"@type":"WebPage","@id":"https:\/\/kapitalis.com\/tunisie\/2021\/06\/15\/les-islamistes-tunisiens-entre-le-doute-et-le-desarroi\/","url":"https:\/\/kapitalis.com\/tunisie\/2021\/06\/15\/les-islamistes-tunisiens-entre-le-doute-et-le-desarroi\/","name":"Les islamistes tunisiens entre le doute et le d\u00e9sarroi - Kapitalis","isPartOf":{"@id":"https:\/\/kapitalis.com\/tunisie\/#website"},"primaryImageOfPage":{"@id":"https:\/\/kapitalis.com\/tunisie\/2021\/06\/15\/les-islamistes-tunisiens-entre-le-doute-et-le-desarroi\/#primaryimage"},"image":{"@id":"https:\/\/kapitalis.com\/tunisie\/2021\/06\/15\/les-islamistes-tunisiens-entre-le-doute-et-le-desarroi\/#primaryimage"},"thumbnailUrl":"","datePublished":"2021-06-15T10:14:50+00:00","dateModified":"2021-06-15T10:18:13+00:00","breadcrumb":{"@id":"https:\/\/kapitalis.com\/tunisie\/2021\/06\/15\/les-islamistes-tunisiens-entre-le-doute-et-le-desarroi\/#breadcrumb"},"inLanguage":"fr-FR","potentialAction":[{"@type":"ReadAction","target":["https:\/\/kapitalis.com\/tunisie\/2021\/06\/15\/les-islamistes-tunisiens-entre-le-doute-et-le-desarroi\/"]}]},{"@type":"ImageObject","inLanguage":"fr-FR","@id":"https:\/\/kapitalis.com\/tunisie\/2021\/06\/15\/les-islamistes-tunisiens-entre-le-doute-et-le-desarroi\/#primaryimage","url":"","contentUrl":""},{"@type":"BreadcrumbList","@id":"https:\/\/kapitalis.com\/tunisie\/2021\/06\/15\/les-islamistes-tunisiens-entre-le-doute-et-le-desarroi\/#breadcrumb","itemListElement":[{"@type":"ListItem","position":1,"name":"Accueil","item":"https:\/\/kapitalis.com\/tunisie\/"},{"@type":"ListItem","position":2,"name":"Les islamistes tunisiens entre le doute et le d\u00e9sarroi"}]},{"@type":"WebSite","@id":"https:\/\/kapitalis.com\/tunisie\/#website","url":"https:\/\/kapitalis.com\/tunisie\/","name":"Kapitalis","description":"L&#039;actualit\u00e9 en Tunisie et dans le monde","publisher":{"@id":"https:\/\/kapitalis.com\/tunisie\/#organization"},"potentialAction":[{"@type":"SearchAction","target":{"@type":"EntryPoint","urlTemplate":"https:\/\/kapitalis.com\/tunisie\/?s={search_term_string}"},"query-input":{"@type":"PropertyValueSpecification","valueRequired":true,"valueName":"search_term_string"}}],"inLanguage":"fr-FR"},{"@type":"Organization","@id":"https:\/\/kapitalis.com\/tunisie\/#organization","name":"Kapitalis","url":"https:\/\/kapitalis.com\/tunisie\/","logo":{"@type":"ImageObject","inLanguage":"fr-FR","@id":"https:\/\/kapitalis.com\/tunisie\/#\/schema\/logo\/image\/","url":"https:\/\/kapitalis.com\/tunisie\/wp-content\/uploads\/2022\/05\/Kapitalis-big-size.png","contentUrl":"https:\/\/kapitalis.com\/tunisie\/wp-content\/uploads\/2022\/05\/Kapitalis-big-size.png","width":5000,"height":1500,"caption":"Kapitalis"},"image":{"@id":"https:\/\/kapitalis.com\/tunisie\/#\/schema\/logo\/image\/"},"sameAs":["https:\/\/www.facebook.com\/KapitalisInfo\/","https:\/\/x.com\/KapitalisInfo","https:\/\/www.youtube.com\/channel\/UC-yDYrHyfFBWWZaOw3FPg9Q"]},{"@type":"Person","@id":"https:\/\/kapitalis.com\/tunisie\/#\/schema\/person\/d71f33a9ca44f7bad4698210b480c8e9","name":"webmaster kapitalis","url":"https:\/\/kapitalis.com\/tunisie\/author\/webmaster-kapitalis\/"}]}},"_links":{"self":[{"href":"https:\/\/kapitalis.com\/tunisie\/wp-json\/wp\/v2\/posts\/352696","targetHints":{"allow":["GET"]}}],"collection":[{"href":"https:\/\/kapitalis.com\/tunisie\/wp-json\/wp\/v2\/posts"}],"about":[{"href":"https:\/\/kapitalis.com\/tunisie\/wp-json\/wp\/v2\/types\/post"}],"author":[{"embeddable":true,"href":"https:\/\/kapitalis.com\/tunisie\/wp-json\/wp\/v2\/users\/8"}],"replies":[{"embeddable":true,"href":"https:\/\/kapitalis.com\/tunisie\/wp-json\/wp\/v2\/comments?post=352696"}],"version-history":[{"count":0,"href":"https:\/\/kapitalis.com\/tunisie\/wp-json\/wp\/v2\/posts\/352696\/revisions"}],"wp:featuredmedia":[{"embeddable":true,"href":"https:\/\/kapitalis.com\/tunisie\/wp-json\/wp\/v2\/media\/352697"}],"wp:attachment":[{"href":"https:\/\/kapitalis.com\/tunisie\/wp-json\/wp\/v2\/media?parent=352696"}],"wp:term":[{"taxonomy":"category","embeddable":true,"href":"https:\/\/kapitalis.com\/tunisie\/wp-json\/wp\/v2\/categories?post=352696"},{"taxonomy":"post_tag","embeddable":true,"href":"https:\/\/kapitalis.com\/tunisie\/wp-json\/wp\/v2\/tags?post=352696"}],"curies":[{"name":"wp","href":"https:\/\/api.w.org\/{rel}","templated":true}]}}