{"id":352945,"date":"2021-06-17T07:18:31","date_gmt":"2021-06-17T06:18:31","guid":{"rendered":"http:\/\/kapitalis.com\/tunisie\/?p=352945"},"modified":"2021-06-17T07:19:50","modified_gmt":"2021-06-17T06:19:50","slug":"covid-19-des-moyens-simples-pour-se-proteger-au-quotidien","status":"publish","type":"post","link":"https:\/\/kapitalis.com\/tunisie\/2021\/06\/17\/covid-19-des-moyens-simples-pour-se-proteger-au-quotidien\/","title":{"rendered":"Covid-19 : des moyens simples pour se prot\u00e9ger au quotidien"},"content":{"rendered":"\n<div class=\"wp-block-image\"><figure class=\"aligncenter size-large\"><img decoding=\"async\" src=\"http:\/\/kapitalis.com\/tunisie\/wp-content\/uploads\/2021\/06\/Covid-Hygiene.jpg\" alt=\"\" class=\"wp-image-352949\"\/><\/figure><\/div>\n\n\n\n<p><strong><em>Le coronavirus s\u2019installe dans nos vies et on ne sait pour combien de temps encore, aussi faut-il s\u2019adapter \u00e0 cette situation et prendre les pr\u00e9cautions n\u00e9cessaires. Quelques recommandations de pr\u00e9vention individuelle contre la Covid-19, pour cet \u00e9t\u00e9, tir\u00e9es des \u00e9tudes scientifiques, pour mieux ajuster nos gestes quotidiens aux exigences de protection, avec des moyens simples.<\/em><\/strong><\/p>\n\n\n\n<p>Par <strong>Dr Nawel Belaid<\/strong> *<\/p>\n\n\n\n<!--more-->\n\n\n\n<div class=\"wp-block-image\"><figure class=\"alignleft size-large\"><img decoding=\"async\" src=\"http:\/\/kapitalis.com\/tunisie\/wp-content\/uploads\/2020\/05\/Nawel-Belaid.jpg\" alt=\"\" class=\"wp-image-299010\"\/><\/figure><\/div>\n\n\n\n<p>Malgr\u00e9 le nombre croissant de toutes les recherches durement accomplies au sujet du coronavirus, ces d\u00e9couvertes ne sont pas suffisamment prises en compte pour am\u00e9liorer le quotidien des mortels.<\/p>\n\n\n\n<p>Par exemple, nous savons aujourd\u2019hui que l\u2019eau de javel est efficace en une minute pour \u00e9liminer le coronavirus des surfaces (G. Kampf 2020 :<em> \u00abPersistance des coronavirus sur les surfaces inanim\u00e9es et leur inactivation avec des agents biocides\u00bb<\/em>).<\/p>\n\n\n\n<h3 class=\"wp-block-heading\">L\u2019usage des gobelets et couverts jetables<\/h3>\n\n\n\n<p>Cependant, on continue de servir dans des gobelets jetables dans les restaurants et caf\u00e9s tunisiens. Paradoxalement, on ne fournit pas de couverts jetables, fourchettes et cuill\u00e8res, qui, pourtant, ont autant de contact avec la bouche et la salive qu\u2019un verre.<\/p>\n\n\n\n<p>Avant l\u2019\u00e8re du coronavirus, et m\u00eame dans les caf\u00e9s populaires, les plongeurs laissaient les couverts et les verres dans un bain d\u2019eau de javel dilu\u00e9e, pendant plusieurs minutes. Une m\u00e9thode qui, logiquement, devrait \u00eatre maintenue, puisqu\u2019elle correspond bien aux recommandations, en plus d\u2019\u00eatre \u00e9conomique et plus \u00e9cologique. (<em><a href=\"https:\/\/www.ncbi.nlm.nih.gov\/pmc\/articles\/PMC7148653\/#bib7)\" target=\"_blank\" rel=\"noreferrer noopener\">\u00abIl semble appropri\u00e9 de recommander une dilution 1:50 d\u2019eau de Javel standard dans le cadre du coronavirus.\u00bb<\/a><\/em>)<\/p>\n\n\n\n<p>Et sinc\u00e8rement, un caf\u00e9 dans un gobelet, \u00e7a lui enl\u00e8ve tout son charme.<\/p>\n\n\n\n<h3 class=\"wp-block-heading\">Eviter l\u2019exc\u00e8s des mesures pr\u00e9ventives<\/h3>\n\n\n\n<p>Outre l\u2019usage des gobelets, on continue \u00e0 voir d\u2019autres exc\u00e8s d\u2019hygi\u00e8ne post Covid. Certes le port de masque est toujours recommand\u00e9 \u00e0 ce jour, m\u00eame pour les vaccin\u00e9s. Mais pour un conducteur de v\u00e9hicule, qui est seul dans sa voiture, avec des fen\u00eatres ouvertes, le jour, au mois de juin et un masque sur le nez et la bouche, l\u00e0 on est vraiment dans l\u2019exc\u00e8s de mesure pr\u00e9ventive.<\/p>\n\n\n\n<p>D\u2019abord, si le conducteur est seul dans la voiture c\u2019est qu\u2019il n\u2019y a pas de source de contamination directe. Ensuite, si les fen\u00eatres sont ouvertes c\u2019est que c\u2019est bien a\u00e9r\u00e9 et que la charge virale est plus faible. De plus, si on est au mois de juin en Tunisie, c\u2019est qu\u2019il fait chaud, et \u00e7a d\u00e9sactive le virus avec le temps. Aussi, sous un beau soleil de juin, il y a assez d\u2019ultraviolets pour \u00e9liminer le virus dans le cas o\u00f9 une personne infect\u00e9e est mont\u00e9e avec le conducteur, les derni\u00e8res heures. En conclusion, il est inutile de porter le masque sur le nez et la bouche quand on est seul dans une voiture, en Tunisie, de la fin du printemps au d\u00e9but de l\u2019automne.<\/p>\n\n\n\n<p>Ceci dit, l\u2019hiver c\u2019est autre chose. Et les \u00e9tudes sur la survie des anciens coronavirus remontent \u00e0 tr\u00e8s longtemps. En 1985, on savait d\u00e9j\u00e0 que <a href=\"https:\/\/pubmed.ncbi.nlm.nih.gov\/2999318\/\" target=\"_blank\" rel=\"noreferrer noopener\">le coronavirus 229E survivait mieux \u00e0 des temp\u00e9ratures basses<\/a>. On remarque bien qu\u2019on a pris du retard pour prendre les bonnes d\u00e9cisions. Surtout que les premi\u00e8res \u00e9tudes sur le nouveau coronavirus Sars-CoV-2 et l\u2019influence du climat datent de f\u00e9vrier 2020, c\u2019est-\u00e0-dire bien avant qu\u2019on ne d\u00e9clare le premier cas en Tunisie. On pouvait \u00e0 cette \u00e9poque de confinement rassurer les gens qu\u2019on passerait un bel \u00e9t\u00e9 en 2020 en respectant un minimum de r\u00e8gles.<\/p>\n\n\n\n<p>Rappelons qu\u2019en mars 2020, comment la d\u00e9pression et l\u2019anxi\u00e9t\u00e9, \u00e9taient \u00e0 leur summum.<\/p>\n\n\n\n<div class=\"wp-block-image\"><figure class=\"aligncenter size-large\"><img decoding=\"async\" src=\"http:\/\/kapitalis.com\/tunisie\/wp-content\/uploads\/2021\/06\/Covid-Psy-2.jpg\" alt=\"\" class=\"wp-image-352947\"\/><\/figure><\/div>\n\n\n\n<p>Mon graphique par Excel, sur une \u00e9tude de la sant\u00e9 mentale de la population en France entre mars et septembre 2020, Enqu\u00eate Coviprev, source de donn\u00e9es sous licence ouverte, <a href=\"https:\/\/www.data.gouv.fr\/fr\/datasets\/donnees-denquete-relatives-a-levolution-des-comportements-et-de-la-sante-mentale-pendant-lepidemie-de-covid-19-coviprev\/\" target=\"_blank\" rel=\"noreferrer noopener\">t\u00e9l\u00e9charg\u00e9es en mars avril 2021. <\/a><\/p>\n\n\n\n<p>En mars 2020, on ne savait pas trop comment se transmettait le virus, et les mesures pr\u00e9ventives \u00e9taient excessives, en plus, il n\u2019y avait pas assez de masques disponibles pour tous, ce qui avait affol\u00e9 la population. Mais de nos jours, on sait que la transmission est essentiellement a\u00e9rienne, surtout en saison chaude et ainsi le port de masque s\u2019\u00e9tait intensifi\u00e9, alors que les autres mesures (distanciation, hygi\u00e8ne) avaient diminu\u00e9.<\/p>\n\n\n\n<div class=\"wp-block-image\"><figure class=\"aligncenter size-large\"><img decoding=\"async\" src=\"http:\/\/kapitalis.com\/tunisie\/wp-content\/uploads\/2021\/06\/Graph-2-Covid-.jpg\" alt=\"\" class=\"wp-image-352948\"\/><\/figure><\/div>\n\n\n\n<p>Mon graphique par Excel, sur une \u00e9tude dans la population en France entre mars et Septembre 2020, Enqu\u00eate Coviprev, source de donn\u00e9es sous licence ouverte, <a href=\"https:\/\/www.data.gouv.fr\/fr\/datasets\/donnees-denquete-relatives-a-levolution-des-comportements-et-de-la-sante-mentale-pendant-lepidemie-de-covid-19-coviprev\/\" target=\"_blank\" rel=\"noreferrer noopener\">t\u00e9l\u00e9charg\u00e9es en mars avril 2021<\/a>. <\/p>\n\n\n\n<h3 class=\"wp-block-heading\">Il convient de se vacciner avant la fin de l\u2019\u00e9t\u00e9<\/h3>\n\n\n\n<p>Maintenant, en plus des mesures pr\u00e9ventives, la vaccination a apport\u00e9 des r\u00e9sultats rassurants, pour permettre de reprendre une vie activement sereine. Sauf qu\u2019en Tunisie, le rythme de la vaccination est assez lent, et on ne pr\u00e9voit pas de vacciner toute la population. En m\u00eame temps, tout le monde n\u2019a pas envie de se faire vacciner. Pourtant, on a int\u00e9r\u00eat \u00e0 vacciner les personnes vuln\u00e9rables avant la fin du mois d\u2019ao\u00fbt 2021, car le climat va redevenir favorable \u00e0 la transmission du virus, avec l\u2019arriv\u00e9e des premi\u00e8res pluies de la fin de l\u2019\u00e9t\u00e9. Des pluies que les agriculteurs connaissent bien. C\u2019est pour cela, que devant une vaccination lente et faible, on n\u2019a pas le choix que de continuer \u00e0 se prot\u00e9ger.<\/p>\n\n\n\n<p>Pour ceux qui pensent qu\u2019en \u00e9t\u00e9 on est compl\u00e8tement \u00e9pargn\u00e9, ce n\u2019est pas le cas, puisque le virus n\u2019est d\u00e9sactiv\u00e9 par la chaleur qu\u2019au bout d\u2019un certain temps. Donc une personne pourrait tr\u00e8s bien \u00eatre contamin\u00e9e si elle ne porte pas convenablement le masque, et qu\u2019elle a une discussion prolong\u00e9e avec une personne infect\u00e9e, m\u00eame asymptomatique, qui ne porte pas le masque, et que la distance entre les deux personnes est tr\u00e8s faible, m\u00eame s\u2019il fait 40\u00b0C, m\u00eame si ces deux personnes sont en plein air. Car sous ces conditions, les facteurs climatiques n\u2019ont pas le temps de d\u00e9sactiver le virus, puisque ce dernier passe directement d\u2019une personne \u00e0 une autre.<\/p>\n\n\n\n<p>Rappelons que lors d\u2019un effort de toux, l\u2019air qui sort de la bouche est tr\u00e8s rapide. Si en plus, il fait chaud, et que les fen\u00eatres sont ferm\u00e9es, et que la climatisation est fix\u00e9e \u00e0 17\u00b0C, comme il est d\u2019usage en Tunisie, malgr\u00e9 les conseils \u00e9cologiques, ces conditions sont encore plus favorables \u00e0 la transmission du coronavirus. Et ce m\u00e9canisme pourrait expliquer l\u2019augmentation des contaminations dans les pays chauds (Moyen Orient), surtout quand la climatisation est centrale et commune \u00e0 tout un immeuble comme dans les pays chauds et riches. C\u2019est pour cela, que cet \u00e9t\u00e9, une loi devrait imposer de fixer la climatisation \u00e0 27\u00b0C ou plus dans les lieux publics.<\/p>\n\n\n\n<p>En Tunisie, \u00e0 la sortie du printemps, les temp\u00e9ratures augmentent en commen\u00e7ant du sud vers le nord, et de l\u2019ouest vers l\u2019est, et je me demande si les zones int\u00e9rieures, regrettablement touch\u00e9es ces jours-ci par l\u2019\u00e9pid\u00e9mie, ne sont pas en train d\u2019utiliser inconvenablement la climatisation dans les lieux publics.<\/p>\n\n\n\n<p>Les \u00e9tudes ont aussi montr\u00e9 une augmentation de la mortalit\u00e9 sous certaines conditions climatiques. Et malheureusement, l\u2019air dans les zones int\u00e9rieures est trop sec. Par exemple, au gouvernorat de Kairouan, l\u2019humidit\u00e9 est \u00e0 23% ces jours-ci. Ce qui est tr\u00e8s g\u00eanant au niveau respiratoire, m\u00eame pour une personne qui n\u2019a pas de pneumonie Covid. Il aurait donc \u00e9t\u00e9 utile de doter les services Covid d\u2019humidificateur d\u2019air, afin de garantir un meilleur confort respiratoire aux patients.<\/p>\n\n\n\n<p><em>* M\u00e9decin \u00e0 Sousse.<\/em><\/p>\n\n\n\n<h4 class=\"wp-block-heading\"><em>Articles de la m\u00eame auteure dans Kapitalis : <\/em><\/h4>\n\n\n\n<p><blockquote class=\"wp-embedded-content\" data-secret=\"6t9mD1crH2\"><a href=\"https:\/\/kapitalis.com\/tunisie\/2020\/10\/25\/bicarbonate-et-covid-19-etudions-avant-de-juger\/\">Bicarbonate et Covid-19, \u00e9tudions avant de juger<\/a><\/blockquote><iframe loading=\"lazy\" class=\"wp-embedded-content\" sandbox=\"allow-scripts\" security=\"restricted\" style=\"position: absolute; clip: rect(1px, 1px, 1px, 1px);\" title=\"\u00ab\u00a0Bicarbonate et Covid-19, \u00e9tudions avant de juger\u00a0\u00bb &#8212; Kapitalis\" src=\"https:\/\/kapitalis.com\/tunisie\/2020\/10\/25\/bicarbonate-et-covid-19-etudions-avant-de-juger\/embed\/#?secret=twadVTCylc#?secret=6t9mD1crH2\" data-secret=\"6t9mD1crH2\" width=\"600\" height=\"338\" frameborder=\"0\" marginwidth=\"0\" marginheight=\"0\" scrolling=\"no\"><\/iframe><\/p>\n\n\n\n<p><blockquote class=\"wp-embedded-content\" data-secret=\"A0G897uEwU\"><a href=\"https:\/\/kapitalis.com\/tunisie\/2020\/05\/16\/le-coronavirus-en-tunisie-el-golaa-vs-boumerdes\/\">Le coronavirus en Tunisie : El Gol\u00e2a VS Boumerdes<\/a><\/blockquote><iframe loading=\"lazy\" class=\"wp-embedded-content\" sandbox=\"allow-scripts\" security=\"restricted\" style=\"position: absolute; clip: rect(1px, 1px, 1px, 1px);\" title=\"\u00ab\u00a0Le coronavirus en Tunisie : El Gol\u00e2a VS Boumerdes\u00a0\u00bb &#8212; Kapitalis\" src=\"https:\/\/kapitalis.com\/tunisie\/2020\/05\/16\/le-coronavirus-en-tunisie-el-golaa-vs-boumerdes\/embed\/#?secret=ZovuT3h4sU#?secret=A0G897uEwU\" data-secret=\"A0G897uEwU\" width=\"600\" height=\"338\" frameborder=\"0\" marginwidth=\"0\" marginheight=\"0\" scrolling=\"no\"><\/iframe><\/p>\n\n\n\n<p><blockquote class=\"wp-embedded-content\" data-secret=\"bFuaSetKiM\"><a href=\"https:\/\/kapitalis.com\/tunisie\/2020\/05\/14\/le-covid-19-au-japon-le-facteur-de-lhumidite-est-determinant\/\">Le Covid-19 au Japon : Le facteur de l\u2019humidit\u00e9 est d\u00e9terminant<\/a><\/blockquote><iframe loading=\"lazy\" class=\"wp-embedded-content\" sandbox=\"allow-scripts\" security=\"restricted\" style=\"position: absolute; clip: rect(1px, 1px, 1px, 1px);\" title=\"\u00ab\u00a0Le Covid-19 au Japon : Le facteur de l\u2019humidit\u00e9 est d\u00e9terminant\u00a0\u00bb &#8212; Kapitalis\" src=\"https:\/\/kapitalis.com\/tunisie\/2020\/05\/14\/le-covid-19-au-japon-le-facteur-de-lhumidite-est-determinant\/embed\/#?secret=yl8iQHKw0A#?secret=bFuaSetKiM\" data-secret=\"bFuaSetKiM\" width=\"600\" height=\"338\" frameborder=\"0\" marginwidth=\"0\" marginheight=\"0\" scrolling=\"no\"><\/iframe><\/p>\n","protected":false},"excerpt":{"rendered":"<p>Le coronavirus s\u2019installe dans nos vies et on ne sait pour combien de temps encore, aussi faut-il s\u2019adapter \u00e0 cette situation et prendre les pr\u00e9cautions n\u00e9cessaires. Quelques recommandations de pr\u00e9vention individuelle contre la Covid-19, pour cet \u00e9t\u00e9, tir\u00e9es des \u00e9tudes scientifiques, pour mieux ajuster nos gestes quotidiens aux exigences de protection, avec des moyens simples&#8230;.<\/p>\n","protected":false},"author":8,"featured_media":352947,"comment_status":"open","ping_status":"open","sticky":false,"template":"","format":"standard","meta":{"footnotes":""},"categories":[992,998,1000,2433],"tags":[91335,75291,91333,91334,79727,78191],"class_list":["post-352945","post","type-post","status-publish","format-standard","has-post-thumbnail","hentry","category-a-la-une","category-societe","category-tribune","category-tunisie","tag-couverts-jetables","tag-covid-19","tag-eau-de-javel","tag-gobelets-jetables","tag-port-du-masque","tag-sars-cov-2-2"],"yoast_head":"<!-- This site is optimized with the Yoast SEO plugin v26.6 - https:\/\/yoast.com\/wordpress\/plugins\/seo\/ -->\n<title>Covid-19 : des moyens simples pour se prot\u00e9ger au quotidien - Kapitalis<\/title>\n<meta name=\"robots\" content=\"index, follow, max-snippet:-1, max-image-preview:large, max-video-preview:-1\" \/>\n<link rel=\"canonical\" href=\"https:\/\/kapitalis.com\/tunisie\/2021\/06\/17\/covid-19-des-moyens-simples-pour-se-proteger-au-quotidien\/\" \/>\n<meta property=\"og:locale\" content=\"fr_FR\" \/>\n<meta property=\"og:type\" content=\"article\" \/>\n<meta property=\"og:title\" content=\"Covid-19 : des moyens simples pour se prot\u00e9ger au quotidien - Kapitalis\" \/>\n<meta property=\"og:description\" content=\"Le coronavirus s\u2019installe dans nos vies et on ne sait pour combien de temps encore, aussi faut-il s\u2019adapter \u00e0 cette situation et prendre les pr\u00e9cautions n\u00e9cessaires. Quelques recommandations de pr\u00e9vention individuelle contre la Covid-19, pour cet \u00e9t\u00e9, tir\u00e9es des \u00e9tudes scientifiques, pour mieux ajuster nos gestes quotidiens aux exigences de protection, avec des moyens simples....\" \/>\n<meta property=\"og:url\" content=\"https:\/\/kapitalis.com\/tunisie\/2021\/06\/17\/covid-19-des-moyens-simples-pour-se-proteger-au-quotidien\/\" \/>\n<meta property=\"og:site_name\" content=\"Kapitalis\" \/>\n<meta property=\"article:publisher\" content=\"https:\/\/www.facebook.com\/KapitalisInfo\/\" \/>\n<meta property=\"article:published_time\" content=\"2021-06-17T06:18:31+00:00\" \/>\n<meta property=\"article:modified_time\" content=\"2021-06-17T06:19:50+00:00\" \/>\n<meta property=\"og:image\" content=\"https:\/\/kapitalis.com\/tunisie\/wp-content\/uploads\/2022\/05\/kapitalis-logo-fb.png\" \/>\n\t<meta property=\"og:image:width\" content=\"1200\" \/>\n\t<meta property=\"og:image:height\" content=\"630\" \/>\n\t<meta property=\"og:image:type\" content=\"image\/png\" \/>\n<meta name=\"author\" content=\"webmaster kapitalis\" \/>\n<meta name=\"twitter:card\" content=\"summary_large_image\" \/>\n<meta name=\"twitter:creator\" content=\"@KapitalisInfo\" \/>\n<meta name=\"twitter:site\" content=\"@KapitalisInfo\" \/>\n<meta name=\"twitter:label1\" content=\"\u00c9crit par\" \/>\n\t<meta name=\"twitter:data1\" content=\"webmaster kapitalis\" \/>\n\t<meta name=\"twitter:label2\" content=\"Dur\u00e9e de lecture estim\u00e9e\" \/>\n\t<meta name=\"twitter:data2\" content=\"7 minutes\" \/>\n<script type=\"application\/ld+json\" class=\"yoast-schema-graph\">{\"@context\":\"https:\/\/schema.org\",\"@graph\":[{\"@type\":\"Article\",\"@id\":\"https:\/\/kapitalis.com\/tunisie\/2021\/06\/17\/covid-19-des-moyens-simples-pour-se-proteger-au-quotidien\/#article\",\"isPartOf\":{\"@id\":\"https:\/\/kapitalis.com\/tunisie\/2021\/06\/17\/covid-19-des-moyens-simples-pour-se-proteger-au-quotidien\/\"},\"author\":{\"name\":\"webmaster kapitalis\",\"@id\":\"https:\/\/kapitalis.com\/tunisie\/#\/schema\/person\/d71f33a9ca44f7bad4698210b480c8e9\"},\"headline\":\"Covid-19 : des moyens simples pour se prot\u00e9ger au quotidien\",\"datePublished\":\"2021-06-17T06:18:31+00:00\",\"dateModified\":\"2021-06-17T06:19:50+00:00\",\"mainEntityOfPage\":{\"@id\":\"https:\/\/kapitalis.com\/tunisie\/2021\/06\/17\/covid-19-des-moyens-simples-pour-se-proteger-au-quotidien\/\"},\"wordCount\":1337,\"commentCount\":1,\"publisher\":{\"@id\":\"https:\/\/kapitalis.com\/tunisie\/#organization\"},\"image\":{\"@id\":\"https:\/\/kapitalis.com\/tunisie\/2021\/06\/17\/covid-19-des-moyens-simples-pour-se-proteger-au-quotidien\/#primaryimage\"},\"thumbnailUrl\":\"\",\"keywords\":[\"couverts jetables\",\"Covid-19\",\"eau de javel\",\"gobelets jetables\",\"port du masque\",\"SARS CoV 2\"],\"articleSection\":[\"A LA UNE\",\"SOCIETE\",\"TRIBUNE\",\"Tunisie\"],\"inLanguage\":\"fr-FR\",\"potentialAction\":[{\"@type\":\"CommentAction\",\"name\":\"Comment\",\"target\":[\"https:\/\/kapitalis.com\/tunisie\/2021\/06\/17\/covid-19-des-moyens-simples-pour-se-proteger-au-quotidien\/#respond\"]}]},{\"@type\":\"WebPage\",\"@id\":\"https:\/\/kapitalis.com\/tunisie\/2021\/06\/17\/covid-19-des-moyens-simples-pour-se-proteger-au-quotidien\/\",\"url\":\"https:\/\/kapitalis.com\/tunisie\/2021\/06\/17\/covid-19-des-moyens-simples-pour-se-proteger-au-quotidien\/\",\"name\":\"Covid-19 : des moyens simples pour se prot\u00e9ger au quotidien - Kapitalis\",\"isPartOf\":{\"@id\":\"https:\/\/kapitalis.com\/tunisie\/#website\"},\"primaryImageOfPage\":{\"@id\":\"https:\/\/kapitalis.com\/tunisie\/2021\/06\/17\/covid-19-des-moyens-simples-pour-se-proteger-au-quotidien\/#primaryimage\"},\"image\":{\"@id\":\"https:\/\/kapitalis.com\/tunisie\/2021\/06\/17\/covid-19-des-moyens-simples-pour-se-proteger-au-quotidien\/#primaryimage\"},\"thumbnailUrl\":\"\",\"datePublished\":\"2021-06-17T06:18:31+00:00\",\"dateModified\":\"2021-06-17T06:19:50+00:00\",\"breadcrumb\":{\"@id\":\"https:\/\/kapitalis.com\/tunisie\/2021\/06\/17\/covid-19-des-moyens-simples-pour-se-proteger-au-quotidien\/#breadcrumb\"},\"inLanguage\":\"fr-FR\",\"potentialAction\":[{\"@type\":\"ReadAction\",\"target\":[\"https:\/\/kapitalis.com\/tunisie\/2021\/06\/17\/covid-19-des-moyens-simples-pour-se-proteger-au-quotidien\/\"]}]},{\"@type\":\"ImageObject\",\"inLanguage\":\"fr-FR\",\"@id\":\"https:\/\/kapitalis.com\/tunisie\/2021\/06\/17\/covid-19-des-moyens-simples-pour-se-proteger-au-quotidien\/#primaryimage\",\"url\":\"\",\"contentUrl\":\"\"},{\"@type\":\"BreadcrumbList\",\"@id\":\"https:\/\/kapitalis.com\/tunisie\/2021\/06\/17\/covid-19-des-moyens-simples-pour-se-proteger-au-quotidien\/#breadcrumb\",\"itemListElement\":[{\"@type\":\"ListItem\",\"position\":1,\"name\":\"Accueil\",\"item\":\"https:\/\/kapitalis.com\/tunisie\/\"},{\"@type\":\"ListItem\",\"position\":2,\"name\":\"Covid-19 : des moyens simples pour se prot\u00e9ger au quotidien\"}]},{\"@type\":\"WebSite\",\"@id\":\"https:\/\/kapitalis.com\/tunisie\/#website\",\"url\":\"https:\/\/kapitalis.com\/tunisie\/\",\"name\":\"Kapitalis\",\"description\":\"L&#039;actualit\u00e9 en Tunisie et dans le monde\",\"publisher\":{\"@id\":\"https:\/\/kapitalis.com\/tunisie\/#organization\"},\"potentialAction\":[{\"@type\":\"SearchAction\",\"target\":{\"@type\":\"EntryPoint\",\"urlTemplate\":\"https:\/\/kapitalis.com\/tunisie\/?s={search_term_string}\"},\"query-input\":{\"@type\":\"PropertyValueSpecification\",\"valueRequired\":true,\"valueName\":\"search_term_string\"}}],\"inLanguage\":\"fr-FR\"},{\"@type\":\"Organization\",\"@id\":\"https:\/\/kapitalis.com\/tunisie\/#organization\",\"name\":\"Kapitalis\",\"url\":\"https:\/\/kapitalis.com\/tunisie\/\",\"logo\":{\"@type\":\"ImageObject\",\"inLanguage\":\"fr-FR\",\"@id\":\"https:\/\/kapitalis.com\/tunisie\/#\/schema\/logo\/image\/\",\"url\":\"https:\/\/kapitalis.com\/tunisie\/wp-content\/uploads\/2022\/05\/Kapitalis-big-size.png\",\"contentUrl\":\"https:\/\/kapitalis.com\/tunisie\/wp-content\/uploads\/2022\/05\/Kapitalis-big-size.png\",\"width\":5000,\"height\":1500,\"caption\":\"Kapitalis\"},\"image\":{\"@id\":\"https:\/\/kapitalis.com\/tunisie\/#\/schema\/logo\/image\/\"},\"sameAs\":[\"https:\/\/www.facebook.com\/KapitalisInfo\/\",\"https:\/\/x.com\/KapitalisInfo\",\"https:\/\/www.youtube.com\/channel\/UC-yDYrHyfFBWWZaOw3FPg9Q\"]},{\"@type\":\"Person\",\"@id\":\"https:\/\/kapitalis.com\/tunisie\/#\/schema\/person\/d71f33a9ca44f7bad4698210b480c8e9\",\"name\":\"webmaster kapitalis\",\"url\":\"https:\/\/kapitalis.com\/tunisie\/author\/webmaster-kapitalis\/\"}]}<\/script>\n<!-- \/ Yoast SEO plugin. -->","yoast_head_json":{"title":"Covid-19 : des moyens simples pour se prot\u00e9ger au quotidien - Kapitalis","robots":{"index":"index","follow":"follow","max-snippet":"max-snippet:-1","max-image-preview":"max-image-preview:large","max-video-preview":"max-video-preview:-1"},"canonical":"https:\/\/kapitalis.com\/tunisie\/2021\/06\/17\/covid-19-des-moyens-simples-pour-se-proteger-au-quotidien\/","og_locale":"fr_FR","og_type":"article","og_title":"Covid-19 : des moyens simples pour se prot\u00e9ger au quotidien - Kapitalis","og_description":"Le coronavirus s\u2019installe dans nos vies et on ne sait pour combien de temps encore, aussi faut-il s\u2019adapter \u00e0 cette situation et prendre les pr\u00e9cautions n\u00e9cessaires. Quelques recommandations de pr\u00e9vention individuelle contre la Covid-19, pour cet \u00e9t\u00e9, tir\u00e9es des \u00e9tudes scientifiques, pour mieux ajuster nos gestes quotidiens aux exigences de protection, avec des moyens simples....","og_url":"https:\/\/kapitalis.com\/tunisie\/2021\/06\/17\/covid-19-des-moyens-simples-pour-se-proteger-au-quotidien\/","og_site_name":"Kapitalis","article_publisher":"https:\/\/www.facebook.com\/KapitalisInfo\/","article_published_time":"2021-06-17T06:18:31+00:00","article_modified_time":"2021-06-17T06:19:50+00:00","og_image":[{"width":1200,"height":630,"url":"https:\/\/kapitalis.com\/tunisie\/wp-content\/uploads\/2022\/05\/kapitalis-logo-fb.png","type":"image\/png"}],"author":"webmaster kapitalis","twitter_card":"summary_large_image","twitter_creator":"@KapitalisInfo","twitter_site":"@KapitalisInfo","twitter_misc":{"\u00c9crit par":"webmaster kapitalis","Dur\u00e9e de lecture estim\u00e9e":"7 minutes"},"schema":{"@context":"https:\/\/schema.org","@graph":[{"@type":"Article","@id":"https:\/\/kapitalis.com\/tunisie\/2021\/06\/17\/covid-19-des-moyens-simples-pour-se-proteger-au-quotidien\/#article","isPartOf":{"@id":"https:\/\/kapitalis.com\/tunisie\/2021\/06\/17\/covid-19-des-moyens-simples-pour-se-proteger-au-quotidien\/"},"author":{"name":"webmaster kapitalis","@id":"https:\/\/kapitalis.com\/tunisie\/#\/schema\/person\/d71f33a9ca44f7bad4698210b480c8e9"},"headline":"Covid-19 : des moyens simples pour se prot\u00e9ger au quotidien","datePublished":"2021-06-17T06:18:31+00:00","dateModified":"2021-06-17T06:19:50+00:00","mainEntityOfPage":{"@id":"https:\/\/kapitalis.com\/tunisie\/2021\/06\/17\/covid-19-des-moyens-simples-pour-se-proteger-au-quotidien\/"},"wordCount":1337,"commentCount":1,"publisher":{"@id":"https:\/\/kapitalis.com\/tunisie\/#organization"},"image":{"@id":"https:\/\/kapitalis.com\/tunisie\/2021\/06\/17\/covid-19-des-moyens-simples-pour-se-proteger-au-quotidien\/#primaryimage"},"thumbnailUrl":"","keywords":["couverts jetables","Covid-19","eau de javel","gobelets jetables","port du masque","SARS CoV 2"],"articleSection":["A LA UNE","SOCIETE","TRIBUNE","Tunisie"],"inLanguage":"fr-FR","potentialAction":[{"@type":"CommentAction","name":"Comment","target":["https:\/\/kapitalis.com\/tunisie\/2021\/06\/17\/covid-19-des-moyens-simples-pour-se-proteger-au-quotidien\/#respond"]}]},{"@type":"WebPage","@id":"https:\/\/kapitalis.com\/tunisie\/2021\/06\/17\/covid-19-des-moyens-simples-pour-se-proteger-au-quotidien\/","url":"https:\/\/kapitalis.com\/tunisie\/2021\/06\/17\/covid-19-des-moyens-simples-pour-se-proteger-au-quotidien\/","name":"Covid-19 : des moyens simples pour se prot\u00e9ger au quotidien - Kapitalis","isPartOf":{"@id":"https:\/\/kapitalis.com\/tunisie\/#website"},"primaryImageOfPage":{"@id":"https:\/\/kapitalis.com\/tunisie\/2021\/06\/17\/covid-19-des-moyens-simples-pour-se-proteger-au-quotidien\/#primaryimage"},"image":{"@id":"https:\/\/kapitalis.com\/tunisie\/2021\/06\/17\/covid-19-des-moyens-simples-pour-se-proteger-au-quotidien\/#primaryimage"},"thumbnailUrl":"","datePublished":"2021-06-17T06:18:31+00:00","dateModified":"2021-06-17T06:19:50+00:00","breadcrumb":{"@id":"https:\/\/kapitalis.com\/tunisie\/2021\/06\/17\/covid-19-des-moyens-simples-pour-se-proteger-au-quotidien\/#breadcrumb"},"inLanguage":"fr-FR","potentialAction":[{"@type":"ReadAction","target":["https:\/\/kapitalis.com\/tunisie\/2021\/06\/17\/covid-19-des-moyens-simples-pour-se-proteger-au-quotidien\/"]}]},{"@type":"ImageObject","inLanguage":"fr-FR","@id":"https:\/\/kapitalis.com\/tunisie\/2021\/06\/17\/covid-19-des-moyens-simples-pour-se-proteger-au-quotidien\/#primaryimage","url":"","contentUrl":""},{"@type":"BreadcrumbList","@id":"https:\/\/kapitalis.com\/tunisie\/2021\/06\/17\/covid-19-des-moyens-simples-pour-se-proteger-au-quotidien\/#breadcrumb","itemListElement":[{"@type":"ListItem","position":1,"name":"Accueil","item":"https:\/\/kapitalis.com\/tunisie\/"},{"@type":"ListItem","position":2,"name":"Covid-19 : des moyens simples pour se prot\u00e9ger au quotidien"}]},{"@type":"WebSite","@id":"https:\/\/kapitalis.com\/tunisie\/#website","url":"https:\/\/kapitalis.com\/tunisie\/","name":"Kapitalis","description":"L&#039;actualit\u00e9 en Tunisie et dans le monde","publisher":{"@id":"https:\/\/kapitalis.com\/tunisie\/#organization"},"potentialAction":[{"@type":"SearchAction","target":{"@type":"EntryPoint","urlTemplate":"https:\/\/kapitalis.com\/tunisie\/?s={search_term_string}"},"query-input":{"@type":"PropertyValueSpecification","valueRequired":true,"valueName":"search_term_string"}}],"inLanguage":"fr-FR"},{"@type":"Organization","@id":"https:\/\/kapitalis.com\/tunisie\/#organization","name":"Kapitalis","url":"https:\/\/kapitalis.com\/tunisie\/","logo":{"@type":"ImageObject","inLanguage":"fr-FR","@id":"https:\/\/kapitalis.com\/tunisie\/#\/schema\/logo\/image\/","url":"https:\/\/kapitalis.com\/tunisie\/wp-content\/uploads\/2022\/05\/Kapitalis-big-size.png","contentUrl":"https:\/\/kapitalis.com\/tunisie\/wp-content\/uploads\/2022\/05\/Kapitalis-big-size.png","width":5000,"height":1500,"caption":"Kapitalis"},"image":{"@id":"https:\/\/kapitalis.com\/tunisie\/#\/schema\/logo\/image\/"},"sameAs":["https:\/\/www.facebook.com\/KapitalisInfo\/","https:\/\/x.com\/KapitalisInfo","https:\/\/www.youtube.com\/channel\/UC-yDYrHyfFBWWZaOw3FPg9Q"]},{"@type":"Person","@id":"https:\/\/kapitalis.com\/tunisie\/#\/schema\/person\/d71f33a9ca44f7bad4698210b480c8e9","name":"webmaster kapitalis","url":"https:\/\/kapitalis.com\/tunisie\/author\/webmaster-kapitalis\/"}]}},"_links":{"self":[{"href":"https:\/\/kapitalis.com\/tunisie\/wp-json\/wp\/v2\/posts\/352945","targetHints":{"allow":["GET"]}}],"collection":[{"href":"https:\/\/kapitalis.com\/tunisie\/wp-json\/wp\/v2\/posts"}],"about":[{"href":"https:\/\/kapitalis.com\/tunisie\/wp-json\/wp\/v2\/types\/post"}],"author":[{"embeddable":true,"href":"https:\/\/kapitalis.com\/tunisie\/wp-json\/wp\/v2\/users\/8"}],"replies":[{"embeddable":true,"href":"https:\/\/kapitalis.com\/tunisie\/wp-json\/wp\/v2\/comments?post=352945"}],"version-history":[{"count":0,"href":"https:\/\/kapitalis.com\/tunisie\/wp-json\/wp\/v2\/posts\/352945\/revisions"}],"wp:featuredmedia":[{"embeddable":true,"href":"https:\/\/kapitalis.com\/tunisie\/wp-json\/wp\/v2\/media\/352947"}],"wp:attachment":[{"href":"https:\/\/kapitalis.com\/tunisie\/wp-json\/wp\/v2\/media?parent=352945"}],"wp:term":[{"taxonomy":"category","embeddable":true,"href":"https:\/\/kapitalis.com\/tunisie\/wp-json\/wp\/v2\/categories?post=352945"},{"taxonomy":"post_tag","embeddable":true,"href":"https:\/\/kapitalis.com\/tunisie\/wp-json\/wp\/v2\/tags?post=352945"}],"curies":[{"name":"wp","href":"https:\/\/api.w.org\/{rel}","templated":true}]}}