{"id":353013,"date":"2021-06-17T13:56:42","date_gmt":"2021-06-17T12:56:42","guid":{"rendered":"http:\/\/kapitalis.com\/tunisie\/?p=353013"},"modified":"2021-06-17T14:00:18","modified_gmt":"2021-06-17T13:00:18","slug":"afek-tounes-le-maire-de-hammamet-moez-mrad-vise-par-de-serieuses-menaces-terroristes","status":"publish","type":"post","link":"https:\/\/kapitalis.com\/tunisie\/2021\/06\/17\/afek-tounes-le-maire-de-hammamet-moez-mrad-vise-par-de-serieuses-menaces-terroristes\/","title":{"rendered":"Afek Tounes : Le maire de Hammamet Moez Mrad, vis\u00e9 par de s\u00e9rieuses menaces terroristes"},"content":{"rendered":"\n<div class=\"wp-block-image\"><figure class=\"aligncenter size-large\"><img decoding=\"async\" src=\"http:\/\/kapitalis.com\/tunisie\/wp-content\/uploads\/2021\/06\/Afek-maire-hammamet.jpg\" alt=\"\" class=\"wp-image-353028\"\/><\/figure><\/div>\n\n\n\n<p><strong><em>\u00abMoez Mrad, maire de Hammamet et membre d&rsquo;Afek Tounes, a re\u00e7u de s\u00e9rieuses menaces terroristes, notamment via une lettre mena\u00e7ant de le tuer, coll\u00e9e sur la porte d&rsquo;entr\u00e9e de la municipalit\u00e9\u00bb, alerte le parti en exprimant son soutien au concern\u00e9 et en appelant les autorit\u00e9s \u00e0 ouvrir une enqu\u00eate \u00e0 ce propos.<\/em><\/strong><\/p>\n\n\n\n<!--more-->\n\n\n\n<p>Dans un communiqu\u00e9 publi\u00e9 hier, mercredi 16 juin 2021, Afek Tounes a rappel\u00e9 que Moez Mrad, avait d\u00e9j\u00e0 \u00e9t\u00e9 vis\u00e9 par des menaces terroristes via les r\u00e9seaux sociaux, o\u00f9 des vid\u00e9os incitant \u00e0 la haine \u00e0 son encontre avaient \u00e9t\u00e9 publi\u00e9es par des parties takfiristes.<\/p>\n\n\n\n<p>Le parti, qui a appel\u00e9 les autorit\u00e9s \u00e0 prot\u00e9ger le maire, a \u00e9galement demand\u00e9 une intervention rapide du minist\u00e8re de l\u2019Int\u00e9rieur et du p\u00f4le antiterroriste, \u00ab<em>pour identifier les suspects, les arr\u00eater et d\u00e9manteler la cellule terroriste qui est derri\u00e8res ces menaces et qui cible le le maire de Hammamet\u00bb<\/em>.<\/p>\n\n\n\n<p class=\"has-text-align-right\"><strong>Y. N.<\/strong><\/p>\n","protected":false},"excerpt":{"rendered":"<p>\u00abMoez Mrad, maire de Hammamet et membre d&rsquo;Afek Tounes, a re\u00e7u de s\u00e9rieuses menaces terroristes, notamment via une lettre mena\u00e7ant de le tuer, coll\u00e9e sur la porte d&rsquo;entr\u00e9e de la municipalit\u00e9\u00bb, alerte le parti en exprimant son soutien au concern\u00e9 et en appelant les autorit\u00e9s \u00e0 ouvrir une enqu\u00eate \u00e0 ce propos.<\/p>\n","protected":false},"author":6,"featured_media":353028,"comment_status":"open","ping_status":"open","sticky":false,"template":"","format":"standard","meta":{"footnotes":""},"categories":[997,2433],"tags":[4568,91354,5363,91353,1120],"class_list":["post-353013","post","type-post","status-publish","format-standard","has-post-thumbnail","hentry","category-politique","category-tunisie","tag-afek-tounes","tag-maire-hammamet","tag-menaces-terroristes","tag-moez-mrad","tag-municipalite"],"yoast_head":"<!-- This site is optimized with the Yoast SEO plugin v26.6 - https:\/\/yoast.com\/wordpress\/plugins\/seo\/ -->\n<title>Afek Tounes : Le maire de Hammamet Moez Mrad, vis\u00e9 par de s\u00e9rieuses menaces terroristes - Kapitalis<\/title>\n<meta name=\"robots\" content=\"index, follow, max-snippet:-1, max-image-preview:large, max-video-preview:-1\" \/>\n<link rel=\"canonical\" href=\"https:\/\/kapitalis.com\/tunisie\/2021\/06\/17\/afek-tounes-le-maire-de-hammamet-moez-mrad-vise-par-de-serieuses-menaces-terroristes\/\" \/>\n<meta property=\"og:locale\" content=\"fr_FR\" \/>\n<meta property=\"og:type\" content=\"article\" \/>\n<meta property=\"og:title\" content=\"Afek Tounes : Le maire de Hammamet Moez Mrad, vis\u00e9 par de s\u00e9rieuses menaces terroristes - Kapitalis\" \/>\n<meta property=\"og:description\" content=\"\u00abMoez Mrad, maire de Hammamet et membre d&rsquo;Afek Tounes, a re\u00e7u de s\u00e9rieuses menaces terroristes, notamment via une lettre mena\u00e7ant de le tuer, coll\u00e9e sur la porte d&rsquo;entr\u00e9e de la municipalit\u00e9\u00bb, alerte le parti en exprimant son soutien au concern\u00e9 et en appelant les autorit\u00e9s \u00e0 ouvrir une enqu\u00eate \u00e0 ce propos.\" \/>\n<meta property=\"og:url\" content=\"https:\/\/kapitalis.com\/tunisie\/2021\/06\/17\/afek-tounes-le-maire-de-hammamet-moez-mrad-vise-par-de-serieuses-menaces-terroristes\/\" \/>\n<meta property=\"og:site_name\" content=\"Kapitalis\" \/>\n<meta property=\"article:publisher\" content=\"https:\/\/www.facebook.com\/KapitalisInfo\/\" \/>\n<meta property=\"article:published_time\" content=\"2021-06-17T12:56:42+00:00\" \/>\n<meta property=\"article:modified_time\" content=\"2021-06-17T13:00:18+00:00\" \/>\n<meta property=\"og:image\" content=\"https:\/\/kapitalis.com\/tunisie\/wp-content\/uploads\/2022\/05\/kapitalis-logo-fb.png\" \/>\n\t<meta property=\"og:image:width\" content=\"1200\" \/>\n\t<meta property=\"og:image:height\" content=\"630\" \/>\n\t<meta property=\"og:image:type\" content=\"image\/png\" \/>\n<meta name=\"author\" content=\"Yusra NY\" \/>\n<meta name=\"twitter:card\" content=\"summary_large_image\" \/>\n<meta name=\"twitter:creator\" content=\"@KapitalisInfo\" \/>\n<meta name=\"twitter:site\" content=\"@KapitalisInfo\" \/>\n<meta name=\"twitter:label1\" content=\"\u00c9crit par\" \/>\n\t<meta name=\"twitter:data1\" content=\"Yusra NY\" \/>\n\t<meta name=\"twitter:label2\" content=\"Dur\u00e9e de lecture estim\u00e9e\" \/>\n\t<meta name=\"twitter:data2\" content=\"1 minute\" \/>\n<script type=\"application\/ld+json\" class=\"yoast-schema-graph\">{\"@context\":\"https:\/\/schema.org\",\"@graph\":[{\"@type\":\"Article\",\"@id\":\"https:\/\/kapitalis.com\/tunisie\/2021\/06\/17\/afek-tounes-le-maire-de-hammamet-moez-mrad-vise-par-de-serieuses-menaces-terroristes\/#article\",\"isPartOf\":{\"@id\":\"https:\/\/kapitalis.com\/tunisie\/2021\/06\/17\/afek-tounes-le-maire-de-hammamet-moez-mrad-vise-par-de-serieuses-menaces-terroristes\/\"},\"author\":{\"name\":\"Yusra NY\",\"@id\":\"https:\/\/kapitalis.com\/tunisie\/#\/schema\/person\/74bbde0154d49d790a92aaeac5bc01d5\"},\"headline\":\"Afek Tounes : Le maire de Hammamet Moez Mrad, vis\u00e9 par de s\u00e9rieuses menaces terroristes\",\"datePublished\":\"2021-06-17T12:56:42+00:00\",\"dateModified\":\"2021-06-17T13:00:18+00:00\",\"mainEntityOfPage\":{\"@id\":\"https:\/\/kapitalis.com\/tunisie\/2021\/06\/17\/afek-tounes-le-maire-de-hammamet-moez-mrad-vise-par-de-serieuses-menaces-terroristes\/\"},\"wordCount\":176,\"commentCount\":3,\"publisher\":{\"@id\":\"https:\/\/kapitalis.com\/tunisie\/#organization\"},\"image\":{\"@id\":\"https:\/\/kapitalis.com\/tunisie\/2021\/06\/17\/afek-tounes-le-maire-de-hammamet-moez-mrad-vise-par-de-serieuses-menaces-terroristes\/#primaryimage\"},\"thumbnailUrl\":\"\",\"keywords\":[\"Afek Tounes\",\"maire Hammamet\",\"menaces terroristes\",\"Moez Mrad\",\"municipalit\u00e9\"],\"articleSection\":[\"POLITIQUE\",\"Tunisie\"],\"inLanguage\":\"fr-FR\",\"potentialAction\":[{\"@type\":\"CommentAction\",\"name\":\"Comment\",\"target\":[\"https:\/\/kapitalis.com\/tunisie\/2021\/06\/17\/afek-tounes-le-maire-de-hammamet-moez-mrad-vise-par-de-serieuses-menaces-terroristes\/#respond\"]}]},{\"@type\":\"WebPage\",\"@id\":\"https:\/\/kapitalis.com\/tunisie\/2021\/06\/17\/afek-tounes-le-maire-de-hammamet-moez-mrad-vise-par-de-serieuses-menaces-terroristes\/\",\"url\":\"https:\/\/kapitalis.com\/tunisie\/2021\/06\/17\/afek-tounes-le-maire-de-hammamet-moez-mrad-vise-par-de-serieuses-menaces-terroristes\/\",\"name\":\"Afek Tounes : Le maire de Hammamet Moez Mrad, vis\u00e9 par de s\u00e9rieuses menaces terroristes - Kapitalis\",\"isPartOf\":{\"@id\":\"https:\/\/kapitalis.com\/tunisie\/#website\"},\"primaryImageOfPage\":{\"@id\":\"https:\/\/kapitalis.com\/tunisie\/2021\/06\/17\/afek-tounes-le-maire-de-hammamet-moez-mrad-vise-par-de-serieuses-menaces-terroristes\/#primaryimage\"},\"image\":{\"@id\":\"https:\/\/kapitalis.com\/tunisie\/2021\/06\/17\/afek-tounes-le-maire-de-hammamet-moez-mrad-vise-par-de-serieuses-menaces-terroristes\/#primaryimage\"},\"thumbnailUrl\":\"\",\"datePublished\":\"2021-06-17T12:56:42+00:00\",\"dateModified\":\"2021-06-17T13:00:18+00:00\",\"breadcrumb\":{\"@id\":\"https:\/\/kapitalis.com\/tunisie\/2021\/06\/17\/afek-tounes-le-maire-de-hammamet-moez-mrad-vise-par-de-serieuses-menaces-terroristes\/#breadcrumb\"},\"inLanguage\":\"fr-FR\",\"potentialAction\":[{\"@type\":\"ReadAction\",\"target\":[\"https:\/\/kapitalis.com\/tunisie\/2021\/06\/17\/afek-tounes-le-maire-de-hammamet-moez-mrad-vise-par-de-serieuses-menaces-terroristes\/\"]}]},{\"@type\":\"ImageObject\",\"inLanguage\":\"fr-FR\",\"@id\":\"https:\/\/kapitalis.com\/tunisie\/2021\/06\/17\/afek-tounes-le-maire-de-hammamet-moez-mrad-vise-par-de-serieuses-menaces-terroristes\/#primaryimage\",\"url\":\"\",\"contentUrl\":\"\"},{\"@type\":\"BreadcrumbList\",\"@id\":\"https:\/\/kapitalis.com\/tunisie\/2021\/06\/17\/afek-tounes-le-maire-de-hammamet-moez-mrad-vise-par-de-serieuses-menaces-terroristes\/#breadcrumb\",\"itemListElement\":[{\"@type\":\"ListItem\",\"position\":1,\"name\":\"Accueil\",\"item\":\"https:\/\/kapitalis.com\/tunisie\/\"},{\"@type\":\"ListItem\",\"position\":2,\"name\":\"Afek Tounes : Le maire de Hammamet Moez Mrad, vis\u00e9 par de s\u00e9rieuses menaces terroristes\"}]},{\"@type\":\"WebSite\",\"@id\":\"https:\/\/kapitalis.com\/tunisie\/#website\",\"url\":\"https:\/\/kapitalis.com\/tunisie\/\",\"name\":\"Kapitalis\",\"description\":\"L&#039;actualit\u00e9 en Tunisie et dans le monde\",\"publisher\":{\"@id\":\"https:\/\/kapitalis.com\/tunisie\/#organization\"},\"potentialAction\":[{\"@type\":\"SearchAction\",\"target\":{\"@type\":\"EntryPoint\",\"urlTemplate\":\"https:\/\/kapitalis.com\/tunisie\/?s={search_term_string}\"},\"query-input\":{\"@type\":\"PropertyValueSpecification\",\"valueRequired\":true,\"valueName\":\"search_term_string\"}}],\"inLanguage\":\"fr-FR\"},{\"@type\":\"Organization\",\"@id\":\"https:\/\/kapitalis.com\/tunisie\/#organization\",\"name\":\"Kapitalis\",\"url\":\"https:\/\/kapitalis.com\/tunisie\/\",\"logo\":{\"@type\":\"ImageObject\",\"inLanguage\":\"fr-FR\",\"@id\":\"https:\/\/kapitalis.com\/tunisie\/#\/schema\/logo\/image\/\",\"url\":\"https:\/\/kapitalis.com\/tunisie\/wp-content\/uploads\/2022\/05\/Kapitalis-big-size.png\",\"contentUrl\":\"https:\/\/kapitalis.com\/tunisie\/wp-content\/uploads\/2022\/05\/Kapitalis-big-size.png\",\"width\":5000,\"height\":1500,\"caption\":\"Kapitalis\"},\"image\":{\"@id\":\"https:\/\/kapitalis.com\/tunisie\/#\/schema\/logo\/image\/\"},\"sameAs\":[\"https:\/\/www.facebook.com\/KapitalisInfo\/\",\"https:\/\/x.com\/KapitalisInfo\",\"https:\/\/www.youtube.com\/channel\/UC-yDYrHyfFBWWZaOw3FPg9Q\"]},{\"@type\":\"Person\",\"@id\":\"https:\/\/kapitalis.com\/tunisie\/#\/schema\/person\/74bbde0154d49d790a92aaeac5bc01d5\",\"name\":\"Yusra NY\",\"url\":\"https:\/\/kapitalis.com\/tunisie\/author\/yuza_adam\/\"}]}<\/script>\n<!-- \/ Yoast SEO plugin. -->","yoast_head_json":{"title":"Afek Tounes : Le maire de Hammamet Moez Mrad, vis\u00e9 par de s\u00e9rieuses menaces terroristes - Kapitalis","robots":{"index":"index","follow":"follow","max-snippet":"max-snippet:-1","max-image-preview":"max-image-preview:large","max-video-preview":"max-video-preview:-1"},"canonical":"https:\/\/kapitalis.com\/tunisie\/2021\/06\/17\/afek-tounes-le-maire-de-hammamet-moez-mrad-vise-par-de-serieuses-menaces-terroristes\/","og_locale":"fr_FR","og_type":"article","og_title":"Afek Tounes : Le maire de Hammamet Moez Mrad, vis\u00e9 par de s\u00e9rieuses menaces terroristes - Kapitalis","og_description":"\u00abMoez Mrad, maire de Hammamet et membre d&rsquo;Afek Tounes, a re\u00e7u de s\u00e9rieuses menaces terroristes, notamment via une lettre mena\u00e7ant de le tuer, coll\u00e9e sur la porte d&rsquo;entr\u00e9e de la municipalit\u00e9\u00bb, alerte le parti en exprimant son soutien au concern\u00e9 et en appelant les autorit\u00e9s \u00e0 ouvrir une enqu\u00eate \u00e0 ce propos.","og_url":"https:\/\/kapitalis.com\/tunisie\/2021\/06\/17\/afek-tounes-le-maire-de-hammamet-moez-mrad-vise-par-de-serieuses-menaces-terroristes\/","og_site_name":"Kapitalis","article_publisher":"https:\/\/www.facebook.com\/KapitalisInfo\/","article_published_time":"2021-06-17T12:56:42+00:00","article_modified_time":"2021-06-17T13:00:18+00:00","og_image":[{"width":1200,"height":630,"url":"https:\/\/kapitalis.com\/tunisie\/wp-content\/uploads\/2022\/05\/kapitalis-logo-fb.png","type":"image\/png"}],"author":"Yusra NY","twitter_card":"summary_large_image","twitter_creator":"@KapitalisInfo","twitter_site":"@KapitalisInfo","twitter_misc":{"\u00c9crit par":"Yusra NY","Dur\u00e9e de lecture estim\u00e9e":"1 minute"},"schema":{"@context":"https:\/\/schema.org","@graph":[{"@type":"Article","@id":"https:\/\/kapitalis.com\/tunisie\/2021\/06\/17\/afek-tounes-le-maire-de-hammamet-moez-mrad-vise-par-de-serieuses-menaces-terroristes\/#article","isPartOf":{"@id":"https:\/\/kapitalis.com\/tunisie\/2021\/06\/17\/afek-tounes-le-maire-de-hammamet-moez-mrad-vise-par-de-serieuses-menaces-terroristes\/"},"author":{"name":"Yusra NY","@id":"https:\/\/kapitalis.com\/tunisie\/#\/schema\/person\/74bbde0154d49d790a92aaeac5bc01d5"},"headline":"Afek Tounes : Le maire de Hammamet Moez Mrad, vis\u00e9 par de s\u00e9rieuses menaces terroristes","datePublished":"2021-06-17T12:56:42+00:00","dateModified":"2021-06-17T13:00:18+00:00","mainEntityOfPage":{"@id":"https:\/\/kapitalis.com\/tunisie\/2021\/06\/17\/afek-tounes-le-maire-de-hammamet-moez-mrad-vise-par-de-serieuses-menaces-terroristes\/"},"wordCount":176,"commentCount":3,"publisher":{"@id":"https:\/\/kapitalis.com\/tunisie\/#organization"},"image":{"@id":"https:\/\/kapitalis.com\/tunisie\/2021\/06\/17\/afek-tounes-le-maire-de-hammamet-moez-mrad-vise-par-de-serieuses-menaces-terroristes\/#primaryimage"},"thumbnailUrl":"","keywords":["Afek Tounes","maire Hammamet","menaces terroristes","Moez Mrad","municipalit\u00e9"],"articleSection":["POLITIQUE","Tunisie"],"inLanguage":"fr-FR","potentialAction":[{"@type":"CommentAction","name":"Comment","target":["https:\/\/kapitalis.com\/tunisie\/2021\/06\/17\/afek-tounes-le-maire-de-hammamet-moez-mrad-vise-par-de-serieuses-menaces-terroristes\/#respond"]}]},{"@type":"WebPage","@id":"https:\/\/kapitalis.com\/tunisie\/2021\/06\/17\/afek-tounes-le-maire-de-hammamet-moez-mrad-vise-par-de-serieuses-menaces-terroristes\/","url":"https:\/\/kapitalis.com\/tunisie\/2021\/06\/17\/afek-tounes-le-maire-de-hammamet-moez-mrad-vise-par-de-serieuses-menaces-terroristes\/","name":"Afek Tounes : Le maire de Hammamet Moez Mrad, vis\u00e9 par de s\u00e9rieuses menaces terroristes - Kapitalis","isPartOf":{"@id":"https:\/\/kapitalis.com\/tunisie\/#website"},"primaryImageOfPage":{"@id":"https:\/\/kapitalis.com\/tunisie\/2021\/06\/17\/afek-tounes-le-maire-de-hammamet-moez-mrad-vise-par-de-serieuses-menaces-terroristes\/#primaryimage"},"image":{"@id":"https:\/\/kapitalis.com\/tunisie\/2021\/06\/17\/afek-tounes-le-maire-de-hammamet-moez-mrad-vise-par-de-serieuses-menaces-terroristes\/#primaryimage"},"thumbnailUrl":"","datePublished":"2021-06-17T12:56:42+00:00","dateModified":"2021-06-17T13:00:18+00:00","breadcrumb":{"@id":"https:\/\/kapitalis.com\/tunisie\/2021\/06\/17\/afek-tounes-le-maire-de-hammamet-moez-mrad-vise-par-de-serieuses-menaces-terroristes\/#breadcrumb"},"inLanguage":"fr-FR","potentialAction":[{"@type":"ReadAction","target":["https:\/\/kapitalis.com\/tunisie\/2021\/06\/17\/afek-tounes-le-maire-de-hammamet-moez-mrad-vise-par-de-serieuses-menaces-terroristes\/"]}]},{"@type":"ImageObject","inLanguage":"fr-FR","@id":"https:\/\/kapitalis.com\/tunisie\/2021\/06\/17\/afek-tounes-le-maire-de-hammamet-moez-mrad-vise-par-de-serieuses-menaces-terroristes\/#primaryimage","url":"","contentUrl":""},{"@type":"BreadcrumbList","@id":"https:\/\/kapitalis.com\/tunisie\/2021\/06\/17\/afek-tounes-le-maire-de-hammamet-moez-mrad-vise-par-de-serieuses-menaces-terroristes\/#breadcrumb","itemListElement":[{"@type":"ListItem","position":1,"name":"Accueil","item":"https:\/\/kapitalis.com\/tunisie\/"},{"@type":"ListItem","position":2,"name":"Afek Tounes : Le maire de Hammamet Moez Mrad, vis\u00e9 par de s\u00e9rieuses menaces terroristes"}]},{"@type":"WebSite","@id":"https:\/\/kapitalis.com\/tunisie\/#website","url":"https:\/\/kapitalis.com\/tunisie\/","name":"Kapitalis","description":"L&#039;actualit\u00e9 en Tunisie et dans le monde","publisher":{"@id":"https:\/\/kapitalis.com\/tunisie\/#organization"},"potentialAction":[{"@type":"SearchAction","target":{"@type":"EntryPoint","urlTemplate":"https:\/\/kapitalis.com\/tunisie\/?s={search_term_string}"},"query-input":{"@type":"PropertyValueSpecification","valueRequired":true,"valueName":"search_term_string"}}],"inLanguage":"fr-FR"},{"@type":"Organization","@id":"https:\/\/kapitalis.com\/tunisie\/#organization","name":"Kapitalis","url":"https:\/\/kapitalis.com\/tunisie\/","logo":{"@type":"ImageObject","inLanguage":"fr-FR","@id":"https:\/\/kapitalis.com\/tunisie\/#\/schema\/logo\/image\/","url":"https:\/\/kapitalis.com\/tunisie\/wp-content\/uploads\/2022\/05\/Kapitalis-big-size.png","contentUrl":"https:\/\/kapitalis.com\/tunisie\/wp-content\/uploads\/2022\/05\/Kapitalis-big-size.png","width":5000,"height":1500,"caption":"Kapitalis"},"image":{"@id":"https:\/\/kapitalis.com\/tunisie\/#\/schema\/logo\/image\/"},"sameAs":["https:\/\/www.facebook.com\/KapitalisInfo\/","https:\/\/x.com\/KapitalisInfo","https:\/\/www.youtube.com\/channel\/UC-yDYrHyfFBWWZaOw3FPg9Q"]},{"@type":"Person","@id":"https:\/\/kapitalis.com\/tunisie\/#\/schema\/person\/74bbde0154d49d790a92aaeac5bc01d5","name":"Yusra NY","url":"https:\/\/kapitalis.com\/tunisie\/author\/yuza_adam\/"}]}},"_links":{"self":[{"href":"https:\/\/kapitalis.com\/tunisie\/wp-json\/wp\/v2\/posts\/353013","targetHints":{"allow":["GET"]}}],"collection":[{"href":"https:\/\/kapitalis.com\/tunisie\/wp-json\/wp\/v2\/posts"}],"about":[{"href":"https:\/\/kapitalis.com\/tunisie\/wp-json\/wp\/v2\/types\/post"}],"author":[{"embeddable":true,"href":"https:\/\/kapitalis.com\/tunisie\/wp-json\/wp\/v2\/users\/6"}],"replies":[{"embeddable":true,"href":"https:\/\/kapitalis.com\/tunisie\/wp-json\/wp\/v2\/comments?post=353013"}],"version-history":[{"count":0,"href":"https:\/\/kapitalis.com\/tunisie\/wp-json\/wp\/v2\/posts\/353013\/revisions"}],"wp:featuredmedia":[{"embeddable":true,"href":"https:\/\/kapitalis.com\/tunisie\/wp-json\/wp\/v2\/media\/353028"}],"wp:attachment":[{"href":"https:\/\/kapitalis.com\/tunisie\/wp-json\/wp\/v2\/media?parent=353013"}],"wp:term":[{"taxonomy":"category","embeddable":true,"href":"https:\/\/kapitalis.com\/tunisie\/wp-json\/wp\/v2\/categories?post=353013"},{"taxonomy":"post_tag","embeddable":true,"href":"https:\/\/kapitalis.com\/tunisie\/wp-json\/wp\/v2\/tags?post=353013"}],"curies":[{"name":"wp","href":"https:\/\/api.w.org\/{rel}","templated":true}]}}