{"id":3535811,"date":"2022-08-30T10:22:12","date_gmt":"2022-08-30T09:22:12","guid":{"rendered":"https:\/\/kapitalis.com\/tunisie\/?p=3535811"},"modified":"2022-08-30T10:22:14","modified_gmt":"2022-08-30T09:22:14","slug":"bilan-de-la-cooperation-archeologique-entre-la-tunisie-et-lespagne","status":"publish","type":"post","link":"https:\/\/kapitalis.com\/tunisie\/2022\/08\/30\/bilan-de-la-cooperation-archeologique-entre-la-tunisie-et-lespagne\/","title":{"rendered":"Bilan de la coop\u00e9ration arch\u00e9ologique entre la Tunisie et l\u2019Espagne"},"content":{"rendered":"\n<p><strong><em>L\u2019ambassade d\u2019Espagne en Tunisie organise, avec la collaboration de l\u2019Institut Cervant\u00e8s de Tunisie, un colloque sur le th\u00e8me&nbsp;: \u00abProjets de coop\u00e9ration arch\u00e9ologique Tunisie-Espagne (2006-2022)\u00bb auquel prendront part les principaux acteurs et actrices de cette coop\u00e9ration.<\/em><\/strong><\/p>\n\n\n\n<!--more-->\n\n\n\n<p>L\u2019ambassade d\u2019Espagne en Tunisie organise, avec la collaboration de l\u2019Institut Cervant\u00e8s de Tunisie, un colloque sur le th\u00e8me\u00a0: <em>\u00abProjets de coop\u00e9ration arch\u00e9ologique Tunisie-Espagne (2006-2022)\u00bb<\/em> auquel prendront part les principaux acteurs et actrices de cette coop\u00e9ration.<\/p>\n\n\n\n<p>Dans ce colloque qui aura lieu dans l&rsquo;auditorium de l\u2019Instituto Cervantes, le vendredi 2 septembre 2022, \u00e0 partir de 10 heures, les participants pr\u00e9senteront tous les projets arch\u00e9ologiques qui ont eu lieu au cours des 15 derni\u00e8res ann\u00e9es,&nbsp;fruit de la collaboration entre l\u2019Espagne et la Tunisie.<\/p>\n\n\n\n<p>Au cours de ces ann\u00e9es, il est n\u00e9cessaire de mettre en \u00e9vidence et de valoriser le travail des arch\u00e9ologues tunisiens et de l\u2019Institut national du patrimoine (INP) en termes de collaboration avec les arch\u00e9ologues espagnols.<\/p>\n\n\n\n<p>La rencontre sera suivie de deux jours de visites des sites les plus importants.<\/p>\n\n\n\n<p>Au programme aussi la pr\u00e9sentation de plusieurs projets&nbsp;: Althiburos; Utique ph\u00e9nicienne et punique: de la fouille \u00e0 la mise en valeur; \u00e9tude des environs de la ville antique de Carthage; arch\u00e9ologie des grands domaines imp\u00e9riaux; Henchir Hnich (El-Krib) et&nbsp;les projets sur l\u2019Afrique romaine \u00e0 l\u2019Universit\u00e9 Complutense de Madrid&nbsp;<\/p>\n\n\n\n<p>Langue du colloque est le fran\u00e7ais, l\u2019entr\u00e9e est libre et gratuite avec inscription sur le <a href=\"https:\/\/forms.office.com\/r\/dJKRczUstA\" target=\"_blank\" rel=\"noreferrer noopener\">lien suivant<\/a>. <\/p>\n","protected":false},"excerpt":{"rendered":"<p>Les projets de coop\u00e9ration arch\u00e9ologique Tunisie-Espagne entre 2006 et 2022 feront l&rsquo;objet d&rsquo;un colloque \u00e0 Tunis le 2 septembre 2022.  <\/p>\n","protected":false},"author":8,"featured_media":3535884,"comment_status":"open","ping_status":"open","sticky":false,"template":"","format":"standard","meta":{"footnotes":""},"categories":[994,2433],"tags":[102407,1234,102406,341,98407,9246,62643,2014],"class_list":["post-3535811","post","type-post","status-publish","format-standard","has-post-thumbnail","hentry","category-culture","category-tunisie","tag-althiburos","tag-carthage","tag-cooperation-archeologique","tag-espagne","tag-institut-cervantes-2","tag-institut-national-du-patrimoine","tag-tunisie","tag-utique"],"yoast_head":"<!-- This site is optimized with the Yoast SEO plugin v26.6 - https:\/\/yoast.com\/wordpress\/plugins\/seo\/ -->\n<title>Bilan de la coop\u00e9ration arch\u00e9ologique entre la Tunisie et l\u2019Espagne - Kapitalis<\/title>\n<meta name=\"robots\" content=\"index, follow, max-snippet:-1, max-image-preview:large, max-video-preview:-1\" \/>\n<link rel=\"canonical\" href=\"https:\/\/kapitalis.com\/tunisie\/2022\/08\/30\/bilan-de-la-cooperation-archeologique-entre-la-tunisie-et-lespagne\/\" \/>\n<meta property=\"og:locale\" content=\"fr_FR\" \/>\n<meta property=\"og:type\" content=\"article\" \/>\n<meta property=\"og:title\" content=\"Bilan de la coop\u00e9ration arch\u00e9ologique entre la Tunisie et l\u2019Espagne - Kapitalis\" \/>\n<meta property=\"og:description\" content=\"Les projets de coop\u00e9ration arch\u00e9ologique Tunisie-Espagne entre 2006 et 2022 feront l&#039;objet d&#039;un colloque \u00e0 Tunis le 2 septembre 2022.\" \/>\n<meta property=\"og:url\" content=\"https:\/\/kapitalis.com\/tunisie\/2022\/08\/30\/bilan-de-la-cooperation-archeologique-entre-la-tunisie-et-lespagne\/\" \/>\n<meta property=\"og:site_name\" content=\"Kapitalis\" \/>\n<meta property=\"article:publisher\" content=\"https:\/\/www.facebook.com\/KapitalisInfo\/\" \/>\n<meta property=\"article:published_time\" content=\"2022-08-30T09:22:12+00:00\" \/>\n<meta property=\"article:modified_time\" content=\"2022-08-30T09:22:14+00:00\" \/>\n<meta property=\"og:image\" content=\"https:\/\/kapitalis.com\/tunisie\/wp-content\/uploads\/2022\/08\/Archeologie.jpg\" \/>\n\t<meta property=\"og:image:width\" content=\"1200\" \/>\n\t<meta property=\"og:image:height\" content=\"630\" \/>\n\t<meta property=\"og:image:type\" content=\"image\/jpeg\" \/>\n<meta name=\"author\" content=\"webmaster kapitalis\" \/>\n<meta name=\"twitter:card\" content=\"summary_large_image\" \/>\n<meta name=\"twitter:creator\" content=\"@KapitalisInfo\" \/>\n<meta name=\"twitter:site\" content=\"@KapitalisInfo\" \/>\n<meta name=\"twitter:label1\" content=\"\u00c9crit par\" \/>\n\t<meta name=\"twitter:data1\" content=\"webmaster kapitalis\" \/>\n\t<meta name=\"twitter:label2\" content=\"Dur\u00e9e de lecture estim\u00e9e\" \/>\n\t<meta name=\"twitter:data2\" content=\"2 minutes\" \/>\n<script type=\"application\/ld+json\" class=\"yoast-schema-graph\">{\"@context\":\"https:\/\/schema.org\",\"@graph\":[{\"@type\":\"Article\",\"@id\":\"https:\/\/kapitalis.com\/tunisie\/2022\/08\/30\/bilan-de-la-cooperation-archeologique-entre-la-tunisie-et-lespagne\/#article\",\"isPartOf\":{\"@id\":\"https:\/\/kapitalis.com\/tunisie\/2022\/08\/30\/bilan-de-la-cooperation-archeologique-entre-la-tunisie-et-lespagne\/\"},\"author\":{\"name\":\"webmaster kapitalis\",\"@id\":\"https:\/\/kapitalis.com\/tunisie\/#\/schema\/person\/d71f33a9ca44f7bad4698210b480c8e9\"},\"headline\":\"Bilan de la coop\u00e9ration arch\u00e9ologique entre la Tunisie et l\u2019Espagne\",\"datePublished\":\"2022-08-30T09:22:12+00:00\",\"dateModified\":\"2022-08-30T09:22:14+00:00\",\"mainEntityOfPage\":{\"@id\":\"https:\/\/kapitalis.com\/tunisie\/2022\/08\/30\/bilan-de-la-cooperation-archeologique-entre-la-tunisie-et-lespagne\/\"},\"wordCount\":279,\"commentCount\":0,\"publisher\":{\"@id\":\"https:\/\/kapitalis.com\/tunisie\/#organization\"},\"image\":{\"@id\":\"https:\/\/kapitalis.com\/tunisie\/2022\/08\/30\/bilan-de-la-cooperation-archeologique-entre-la-tunisie-et-lespagne\/#primaryimage\"},\"thumbnailUrl\":\"https:\/\/kapitalis.com\/tunisie\/wp-content\/uploads\/2022\/08\/Archeologie.jpg\",\"keywords\":[\"Althiburos\",\"Carthage\",\"coop\u00e9ration arch\u00e9ologique\",\"Espagne\",\"Institut Cervant\u00e8s\",\"Institut national du patrimoine\",\"Tunisie\",\"Utique\"],\"articleSection\":[\"CULTURE\",\"Tunisie\"],\"inLanguage\":\"fr-FR\",\"potentialAction\":[{\"@type\":\"CommentAction\",\"name\":\"Comment\",\"target\":[\"https:\/\/kapitalis.com\/tunisie\/2022\/08\/30\/bilan-de-la-cooperation-archeologique-entre-la-tunisie-et-lespagne\/#respond\"]}]},{\"@type\":\"WebPage\",\"@id\":\"https:\/\/kapitalis.com\/tunisie\/2022\/08\/30\/bilan-de-la-cooperation-archeologique-entre-la-tunisie-et-lespagne\/\",\"url\":\"https:\/\/kapitalis.com\/tunisie\/2022\/08\/30\/bilan-de-la-cooperation-archeologique-entre-la-tunisie-et-lespagne\/\",\"name\":\"Bilan de la coop\u00e9ration arch\u00e9ologique entre la Tunisie et l\u2019Espagne - Kapitalis\",\"isPartOf\":{\"@id\":\"https:\/\/kapitalis.com\/tunisie\/#website\"},\"primaryImageOfPage\":{\"@id\":\"https:\/\/kapitalis.com\/tunisie\/2022\/08\/30\/bilan-de-la-cooperation-archeologique-entre-la-tunisie-et-lespagne\/#primaryimage\"},\"image\":{\"@id\":\"https:\/\/kapitalis.com\/tunisie\/2022\/08\/30\/bilan-de-la-cooperation-archeologique-entre-la-tunisie-et-lespagne\/#primaryimage\"},\"thumbnailUrl\":\"https:\/\/kapitalis.com\/tunisie\/wp-content\/uploads\/2022\/08\/Archeologie.jpg\",\"datePublished\":\"2022-08-30T09:22:12+00:00\",\"dateModified\":\"2022-08-30T09:22:14+00:00\",\"breadcrumb\":{\"@id\":\"https:\/\/kapitalis.com\/tunisie\/2022\/08\/30\/bilan-de-la-cooperation-archeologique-entre-la-tunisie-et-lespagne\/#breadcrumb\"},\"inLanguage\":\"fr-FR\",\"potentialAction\":[{\"@type\":\"ReadAction\",\"target\":[\"https:\/\/kapitalis.com\/tunisie\/2022\/08\/30\/bilan-de-la-cooperation-archeologique-entre-la-tunisie-et-lespagne\/\"]}]},{\"@type\":\"ImageObject\",\"inLanguage\":\"fr-FR\",\"@id\":\"https:\/\/kapitalis.com\/tunisie\/2022\/08\/30\/bilan-de-la-cooperation-archeologique-entre-la-tunisie-et-lespagne\/#primaryimage\",\"url\":\"https:\/\/kapitalis.com\/tunisie\/wp-content\/uploads\/2022\/08\/Archeologie.jpg\",\"contentUrl\":\"https:\/\/kapitalis.com\/tunisie\/wp-content\/uploads\/2022\/08\/Archeologie.jpg\",\"width\":1200,\"height\":630},{\"@type\":\"BreadcrumbList\",\"@id\":\"https:\/\/kapitalis.com\/tunisie\/2022\/08\/30\/bilan-de-la-cooperation-archeologique-entre-la-tunisie-et-lespagne\/#breadcrumb\",\"itemListElement\":[{\"@type\":\"ListItem\",\"position\":1,\"name\":\"Accueil\",\"item\":\"https:\/\/kapitalis.com\/tunisie\/\"},{\"@type\":\"ListItem\",\"position\":2,\"name\":\"Bilan de la coop\u00e9ration arch\u00e9ologique entre la Tunisie et l\u2019Espagne\"}]},{\"@type\":\"WebSite\",\"@id\":\"https:\/\/kapitalis.com\/tunisie\/#website\",\"url\":\"https:\/\/kapitalis.com\/tunisie\/\",\"name\":\"Kapitalis\",\"description\":\"L&#039;actualit\u00e9 en Tunisie et dans le monde\",\"publisher\":{\"@id\":\"https:\/\/kapitalis.com\/tunisie\/#organization\"},\"potentialAction\":[{\"@type\":\"SearchAction\",\"target\":{\"@type\":\"EntryPoint\",\"urlTemplate\":\"https:\/\/kapitalis.com\/tunisie\/?s={search_term_string}\"},\"query-input\":{\"@type\":\"PropertyValueSpecification\",\"valueRequired\":true,\"valueName\":\"search_term_string\"}}],\"inLanguage\":\"fr-FR\"},{\"@type\":\"Organization\",\"@id\":\"https:\/\/kapitalis.com\/tunisie\/#organization\",\"name\":\"Kapitalis\",\"url\":\"https:\/\/kapitalis.com\/tunisie\/\",\"logo\":{\"@type\":\"ImageObject\",\"inLanguage\":\"fr-FR\",\"@id\":\"https:\/\/kapitalis.com\/tunisie\/#\/schema\/logo\/image\/\",\"url\":\"https:\/\/kapitalis.com\/tunisie\/wp-content\/uploads\/2022\/05\/Kapitalis-big-size.png\",\"contentUrl\":\"https:\/\/kapitalis.com\/tunisie\/wp-content\/uploads\/2022\/05\/Kapitalis-big-size.png\",\"width\":5000,\"height\":1500,\"caption\":\"Kapitalis\"},\"image\":{\"@id\":\"https:\/\/kapitalis.com\/tunisie\/#\/schema\/logo\/image\/\"},\"sameAs\":[\"https:\/\/www.facebook.com\/KapitalisInfo\/\",\"https:\/\/x.com\/KapitalisInfo\",\"https:\/\/www.youtube.com\/channel\/UC-yDYrHyfFBWWZaOw3FPg9Q\"]},{\"@type\":\"Person\",\"@id\":\"https:\/\/kapitalis.com\/tunisie\/#\/schema\/person\/d71f33a9ca44f7bad4698210b480c8e9\",\"name\":\"webmaster kapitalis\",\"url\":\"https:\/\/kapitalis.com\/tunisie\/author\/webmaster-kapitalis\/\"}]}<\/script>\n<!-- \/ Yoast SEO plugin. -->","yoast_head_json":{"title":"Bilan de la coop\u00e9ration arch\u00e9ologique entre la Tunisie et l\u2019Espagne - Kapitalis","robots":{"index":"index","follow":"follow","max-snippet":"max-snippet:-1","max-image-preview":"max-image-preview:large","max-video-preview":"max-video-preview:-1"},"canonical":"https:\/\/kapitalis.com\/tunisie\/2022\/08\/30\/bilan-de-la-cooperation-archeologique-entre-la-tunisie-et-lespagne\/","og_locale":"fr_FR","og_type":"article","og_title":"Bilan de la coop\u00e9ration arch\u00e9ologique entre la Tunisie et l\u2019Espagne - Kapitalis","og_description":"Les projets de coop\u00e9ration arch\u00e9ologique Tunisie-Espagne entre 2006 et 2022 feront l'objet d'un colloque \u00e0 Tunis le 2 septembre 2022.","og_url":"https:\/\/kapitalis.com\/tunisie\/2022\/08\/30\/bilan-de-la-cooperation-archeologique-entre-la-tunisie-et-lespagne\/","og_site_name":"Kapitalis","article_publisher":"https:\/\/www.facebook.com\/KapitalisInfo\/","article_published_time":"2022-08-30T09:22:12+00:00","article_modified_time":"2022-08-30T09:22:14+00:00","og_image":[{"width":1200,"height":630,"url":"https:\/\/kapitalis.com\/tunisie\/wp-content\/uploads\/2022\/08\/Archeologie.jpg","type":"image\/jpeg"}],"author":"webmaster kapitalis","twitter_card":"summary_large_image","twitter_creator":"@KapitalisInfo","twitter_site":"@KapitalisInfo","twitter_misc":{"\u00c9crit par":"webmaster kapitalis","Dur\u00e9e de lecture estim\u00e9e":"2 minutes"},"schema":{"@context":"https:\/\/schema.org","@graph":[{"@type":"Article","@id":"https:\/\/kapitalis.com\/tunisie\/2022\/08\/30\/bilan-de-la-cooperation-archeologique-entre-la-tunisie-et-lespagne\/#article","isPartOf":{"@id":"https:\/\/kapitalis.com\/tunisie\/2022\/08\/30\/bilan-de-la-cooperation-archeologique-entre-la-tunisie-et-lespagne\/"},"author":{"name":"webmaster kapitalis","@id":"https:\/\/kapitalis.com\/tunisie\/#\/schema\/person\/d71f33a9ca44f7bad4698210b480c8e9"},"headline":"Bilan de la coop\u00e9ration arch\u00e9ologique entre la Tunisie et l\u2019Espagne","datePublished":"2022-08-30T09:22:12+00:00","dateModified":"2022-08-30T09:22:14+00:00","mainEntityOfPage":{"@id":"https:\/\/kapitalis.com\/tunisie\/2022\/08\/30\/bilan-de-la-cooperation-archeologique-entre-la-tunisie-et-lespagne\/"},"wordCount":279,"commentCount":0,"publisher":{"@id":"https:\/\/kapitalis.com\/tunisie\/#organization"},"image":{"@id":"https:\/\/kapitalis.com\/tunisie\/2022\/08\/30\/bilan-de-la-cooperation-archeologique-entre-la-tunisie-et-lespagne\/#primaryimage"},"thumbnailUrl":"https:\/\/kapitalis.com\/tunisie\/wp-content\/uploads\/2022\/08\/Archeologie.jpg","keywords":["Althiburos","Carthage","coop\u00e9ration arch\u00e9ologique","Espagne","Institut Cervant\u00e8s","Institut national du patrimoine","Tunisie","Utique"],"articleSection":["CULTURE","Tunisie"],"inLanguage":"fr-FR","potentialAction":[{"@type":"CommentAction","name":"Comment","target":["https:\/\/kapitalis.com\/tunisie\/2022\/08\/30\/bilan-de-la-cooperation-archeologique-entre-la-tunisie-et-lespagne\/#respond"]}]},{"@type":"WebPage","@id":"https:\/\/kapitalis.com\/tunisie\/2022\/08\/30\/bilan-de-la-cooperation-archeologique-entre-la-tunisie-et-lespagne\/","url":"https:\/\/kapitalis.com\/tunisie\/2022\/08\/30\/bilan-de-la-cooperation-archeologique-entre-la-tunisie-et-lespagne\/","name":"Bilan de la coop\u00e9ration arch\u00e9ologique entre la Tunisie et l\u2019Espagne - Kapitalis","isPartOf":{"@id":"https:\/\/kapitalis.com\/tunisie\/#website"},"primaryImageOfPage":{"@id":"https:\/\/kapitalis.com\/tunisie\/2022\/08\/30\/bilan-de-la-cooperation-archeologique-entre-la-tunisie-et-lespagne\/#primaryimage"},"image":{"@id":"https:\/\/kapitalis.com\/tunisie\/2022\/08\/30\/bilan-de-la-cooperation-archeologique-entre-la-tunisie-et-lespagne\/#primaryimage"},"thumbnailUrl":"https:\/\/kapitalis.com\/tunisie\/wp-content\/uploads\/2022\/08\/Archeologie.jpg","datePublished":"2022-08-30T09:22:12+00:00","dateModified":"2022-08-30T09:22:14+00:00","breadcrumb":{"@id":"https:\/\/kapitalis.com\/tunisie\/2022\/08\/30\/bilan-de-la-cooperation-archeologique-entre-la-tunisie-et-lespagne\/#breadcrumb"},"inLanguage":"fr-FR","potentialAction":[{"@type":"ReadAction","target":["https:\/\/kapitalis.com\/tunisie\/2022\/08\/30\/bilan-de-la-cooperation-archeologique-entre-la-tunisie-et-lespagne\/"]}]},{"@type":"ImageObject","inLanguage":"fr-FR","@id":"https:\/\/kapitalis.com\/tunisie\/2022\/08\/30\/bilan-de-la-cooperation-archeologique-entre-la-tunisie-et-lespagne\/#primaryimage","url":"https:\/\/kapitalis.com\/tunisie\/wp-content\/uploads\/2022\/08\/Archeologie.jpg","contentUrl":"https:\/\/kapitalis.com\/tunisie\/wp-content\/uploads\/2022\/08\/Archeologie.jpg","width":1200,"height":630},{"@type":"BreadcrumbList","@id":"https:\/\/kapitalis.com\/tunisie\/2022\/08\/30\/bilan-de-la-cooperation-archeologique-entre-la-tunisie-et-lespagne\/#breadcrumb","itemListElement":[{"@type":"ListItem","position":1,"name":"Accueil","item":"https:\/\/kapitalis.com\/tunisie\/"},{"@type":"ListItem","position":2,"name":"Bilan de la coop\u00e9ration arch\u00e9ologique entre la Tunisie et l\u2019Espagne"}]},{"@type":"WebSite","@id":"https:\/\/kapitalis.com\/tunisie\/#website","url":"https:\/\/kapitalis.com\/tunisie\/","name":"Kapitalis","description":"L&#039;actualit\u00e9 en Tunisie et dans le monde","publisher":{"@id":"https:\/\/kapitalis.com\/tunisie\/#organization"},"potentialAction":[{"@type":"SearchAction","target":{"@type":"EntryPoint","urlTemplate":"https:\/\/kapitalis.com\/tunisie\/?s={search_term_string}"},"query-input":{"@type":"PropertyValueSpecification","valueRequired":true,"valueName":"search_term_string"}}],"inLanguage":"fr-FR"},{"@type":"Organization","@id":"https:\/\/kapitalis.com\/tunisie\/#organization","name":"Kapitalis","url":"https:\/\/kapitalis.com\/tunisie\/","logo":{"@type":"ImageObject","inLanguage":"fr-FR","@id":"https:\/\/kapitalis.com\/tunisie\/#\/schema\/logo\/image\/","url":"https:\/\/kapitalis.com\/tunisie\/wp-content\/uploads\/2022\/05\/Kapitalis-big-size.png","contentUrl":"https:\/\/kapitalis.com\/tunisie\/wp-content\/uploads\/2022\/05\/Kapitalis-big-size.png","width":5000,"height":1500,"caption":"Kapitalis"},"image":{"@id":"https:\/\/kapitalis.com\/tunisie\/#\/schema\/logo\/image\/"},"sameAs":["https:\/\/www.facebook.com\/KapitalisInfo\/","https:\/\/x.com\/KapitalisInfo","https:\/\/www.youtube.com\/channel\/UC-yDYrHyfFBWWZaOw3FPg9Q"]},{"@type":"Person","@id":"https:\/\/kapitalis.com\/tunisie\/#\/schema\/person\/d71f33a9ca44f7bad4698210b480c8e9","name":"webmaster kapitalis","url":"https:\/\/kapitalis.com\/tunisie\/author\/webmaster-kapitalis\/"}]}},"_links":{"self":[{"href":"https:\/\/kapitalis.com\/tunisie\/wp-json\/wp\/v2\/posts\/3535811","targetHints":{"allow":["GET"]}}],"collection":[{"href":"https:\/\/kapitalis.com\/tunisie\/wp-json\/wp\/v2\/posts"}],"about":[{"href":"https:\/\/kapitalis.com\/tunisie\/wp-json\/wp\/v2\/types\/post"}],"author":[{"embeddable":true,"href":"https:\/\/kapitalis.com\/tunisie\/wp-json\/wp\/v2\/users\/8"}],"replies":[{"embeddable":true,"href":"https:\/\/kapitalis.com\/tunisie\/wp-json\/wp\/v2\/comments?post=3535811"}],"version-history":[{"count":0,"href":"https:\/\/kapitalis.com\/tunisie\/wp-json\/wp\/v2\/posts\/3535811\/revisions"}],"wp:featuredmedia":[{"embeddable":true,"href":"https:\/\/kapitalis.com\/tunisie\/wp-json\/wp\/v2\/media\/3535884"}],"wp:attachment":[{"href":"https:\/\/kapitalis.com\/tunisie\/wp-json\/wp\/v2\/media?parent=3535811"}],"wp:term":[{"taxonomy":"category","embeddable":true,"href":"https:\/\/kapitalis.com\/tunisie\/wp-json\/wp\/v2\/categories?post=3535811"},{"taxonomy":"post_tag","embeddable":true,"href":"https:\/\/kapitalis.com\/tunisie\/wp-json\/wp\/v2\/tags?post=3535811"}],"curies":[{"name":"wp","href":"https:\/\/api.w.org\/{rel}","templated":true}]}}