{"id":353893,"date":"2021-06-24T11:14:23","date_gmt":"2021-06-24T10:14:23","guid":{"rendered":"http:\/\/kapitalis.com\/tunisie\/?p=353893"},"modified":"2021-06-24T11:17:49","modified_gmt":"2021-06-24T10:17:49","slug":"kais-saied-et-les-dangers-de-lexercice-solitaire-du-pouvoir","status":"publish","type":"post","link":"https:\/\/kapitalis.com\/tunisie\/2021\/06\/24\/kais-saied-et-les-dangers-de-lexercice-solitaire-du-pouvoir\/","title":{"rendered":"Kais Saied et les dangers de l&rsquo;exercice solitaire du pouvoir"},"content":{"rendered":"\n<div class=\"wp-block-image\"><figure class=\"aligncenter size-large\"><img decoding=\"async\" src=\"http:\/\/kapitalis.com\/tunisie\/wp-content\/uploads\/2021\/03\/Kais-Saied.jpg\" alt=\"\" class=\"wp-image-342034\"\/><\/figure><\/div>\n\n\n\n<p><strong><em>Si l\u2019ambition du pr\u00e9sident Ka\u00efs Sa\u00efed de r\u00e9former le syst\u00e8me politique en place en Tunisie depuis 2015 est louable car elle part du constat de blocage institutionnel et politique provoqu\u00e9 par ce syst\u00e8me mal con\u00e7u d\u00e8s le d\u00e9part, son exercice solitaire du pouvoir et les ambigu\u00eft\u00e9s de son discours suscitent des r\u00e9serves justifi\u00e9es chez ses adversaires et, parfois m\u00eame, parmi ses soutiens.<\/em><\/strong><\/p>\n\n\n\n<p>Par <strong>Elyes Kasri<\/strong> *<\/p>\n\n\n\n<!--more-->\n\n\n\n<div class=\"wp-block-image\"><figure class=\"alignleft size-large\"><img decoding=\"async\" src=\"http:\/\/kapitalis.com\/tunisie\/wp-content\/uploads\/2021\/06\/Elyes-Kasri.jpg\" alt=\"\" class=\"wp-image-352204\"\/><\/figure><\/div>\n\n\n\n<p>Le pr\u00e9sident de la r\u00e9publique Kais Saied semble tent\u00e9 par le r\u00e9tablissement de la constitution de 1959 moyennant quelques amendements et de proc\u00e9der, \u00e0 la suite d\u2019une r\u00e9forme de la loi \u00e9lectorale, \u00e0 des \u00e9lections anticip\u00e9es qui pourraient concerner en plus du parlement, la pr\u00e9sidence de la r\u00e9publique.<\/p>\n\n\n\n<p>Si les errances du r\u00e9gime semi-parlementaire issu de la Constitution de 2014, qui sont un m\u00e9lange toxique de basses combines des partis et de groupuscules politiques et d\u2019un ex\u00e9cutif amorphe paralys\u00e9 par des attributions vagues et une cohabitation le plus souvent houleuse entre le chef de l\u2019Etat et le chef du gouvernement, l\u2019ambition du pr\u00e9sident Kais Saied suscitent des craintes tant par son flou et l\u2019absence de communication et de d\u00e9bat sur sa doctrine constitutionnelle et politique que sur sa m\u00e9thode personnelle d\u2019exercice du pouvoir qui rappelle aux esprits les dangers et les d\u00e9rives possibles de l\u2019exercice solitaire du pouvoir.<\/p>\n\n\n\n<h2 class=\"wp-block-heading\">Les d\u00e9rives possibles de l\u2019exercice solitaire du pouvoir<\/h2>\n\n\n\n<p>Quand on constate la mani\u00e8re de gouverner et de communiquer du pr\u00e9sident Saied, on ne peut s\u2019emp\u00eacher, malgr\u00e9 l\u2019\u00e9chec incontestable du r\u00e9gime politique instaur\u00e9 par la constitution de 2014, de nourrir des appr\u00e9hensions \u00e0 l\u2019\u00e9gard de ses vues, convictions et objectifs.<\/p>\n\n\n\n<p>Rien qu\u2019\u00e0 voir sa gestion des relations internationales de la Tunisie, sans un conseiller diplomatique qualifi\u00e9 et en marginalisant \u00e0 outrance le ministre des Affaires \u00e9trang\u00e8res et surtout en refusant d\u2019engager un dialogue national serein, loin des soliloques et des m\u00e9gaphones, sur les principes directeurs de la diplomatie tunisienne tels qu\u2019il les voit et les principaux champs d\u2019intervention et objectifs de cette diplomatie, on ne peut s\u2019emp\u00eacher de nourrir des craintes quant \u00e0 ce qu\u2019il propose \u00e0 une Tunisie au bord de l\u2019explosion sociale, de la faillite \u00e9conomique et financi\u00e8re et confront\u00e9e \u00e0 une pand\u00e9mie qui s\u2019intensifie et risque de faire des ravages parmi une population exsangue et d\u00e9sesp\u00e9r\u00e9e.<\/p>\n\n\n\n<h2 class=\"wp-block-heading\">Ne pas blanchir les responsables d\u2019une d\u00e9cennie noire<\/h2>\n\n\n\n<p>Cependant, et dans l\u2019\u00e9tat actuel des choses, tout dialogue pr\u00e9tendument national, comme celui que propose l\u2019Union g\u00e9n\u00e9rale tunisienne du travail (UGTT), ne pourrait viser qu\u2019\u00e0 <a href=\"http:\/\/kapitalis.com\/tunisie\/2021\/01\/15\/dialogue-national-lugtt-ne-doit-pas-se-porter-au-secours-dennahdha\/\" target=\"_blank\" rel=\"noreferrer noopener\">blanchir les responsables d\u2019une d\u00e9cennie noire <\/a>de d\u00e9mant\u00e8lement de l\u2019Etat et de l\u2019\u00e9conomie nationale et ne ferait que l\u00e9gitimer la prochaine mise de la Tunisie sous la tutelle de ses cr\u00e9anciers \u00e9trangers.<\/p>\n\n\n\n<p>Ceux qui veulent trouver des solutions faciles par l\u2019endettement \u00e9tranger devraient commencer d\u2019abord par enlever les entraves \u00e0 la production nationale de phosphate et d\u2019hydrocarbures et limiter les importations formelles et informelles qui ont d\u00e9truit le tissu industriel national.<\/p>\n\n\n\n<p>Avec tous ses d\u00e9fauts et exc\u00e8s de langage, Kais Saied \u00e9tait bien inspir\u00e9 en exprimant, lors de sa r\u00e9union avec les anciens chefs du gouvernement, des doutes sur le patriotisme des fondements du dialogue national de 2013, men\u00e9e par quatre organisations nationales dont l\u2019UGTT. Certains semblent avoir oubli\u00e9 le r\u00f4le des chancelleries \u00e9trang\u00e8res et notamment un certain m\u00e9choui \u00e0 la suite duquel Mehdi Jomaa a \u00e9t\u00e9 adoub\u00e9 pour diriger le gouvernement de technocrates.<\/p>\n\n\n\n<p>* <em>Ancien ambassadeur de Tunisie au Japon et en Allemagne.<\/em><\/p>\n\n\n\n<h4 class=\"wp-block-heading\"><em>Articles du m\u00eame auteur dans Kapitalis :<\/em><\/h4>\n\n\n\n<p><blockquote class=\"wp-embedded-content\" data-secret=\"iCWvG24ojX\"><a href=\"https:\/\/kapitalis.com\/tunisie\/2021\/06\/21\/elyes-kasri-les-islamistes-sont-les-banou-hilal-de-lepoque-moderne\/\">Elyes Kasri : \u00abLes islamistes sont les Banou Hilal de l\u2019\u00e9poque moderne\u00bb<\/a><\/blockquote><iframe loading=\"lazy\" class=\"wp-embedded-content\" sandbox=\"allow-scripts\" security=\"restricted\" style=\"position: absolute; clip: rect(1px, 1px, 1px, 1px);\" title=\"\u00ab\u00a0Elyes Kasri : \u00abLes islamistes sont les Banou Hilal de l\u2019\u00e9poque moderne\u00bb\u00a0\u00bb &#8212; Kapitalis\" src=\"https:\/\/kapitalis.com\/tunisie\/2021\/06\/21\/elyes-kasri-les-islamistes-sont-les-banou-hilal-de-lepoque-moderne\/embed\/#?secret=sx2J6yzQj7#?secret=iCWvG24ojX\" data-secret=\"iCWvG24ojX\" width=\"600\" height=\"338\" frameborder=\"0\" marginwidth=\"0\" marginheight=\"0\" scrolling=\"no\"><\/iframe><\/p>\n\n\n\n<p><blockquote class=\"wp-embedded-content\" data-secret=\"mWnwLxBQVM\"><a href=\"https:\/\/kapitalis.com\/tunisie\/2021\/04\/08\/kais-saied-sefforce-de-liberer-la-diplomatie-tunisienne-de-lemprise-islamiste\/\">Ka\u00efs Sa\u00efed s\u2019efforce de lib\u00e9rer la diplomatie tunisienne de l\u2019emprise islamiste<\/a><\/blockquote><iframe loading=\"lazy\" class=\"wp-embedded-content\" sandbox=\"allow-scripts\" security=\"restricted\" style=\"position: absolute; clip: rect(1px, 1px, 1px, 1px);\" title=\"\u00ab\u00a0Ka\u00efs Sa\u00efed s\u2019efforce de lib\u00e9rer la diplomatie tunisienne de l\u2019emprise islamiste\u00a0\u00bb &#8212; Kapitalis\" src=\"https:\/\/kapitalis.com\/tunisie\/2021\/04\/08\/kais-saied-sefforce-de-liberer-la-diplomatie-tunisienne-de-lemprise-islamiste\/embed\/#?secret=wAEazEhwkh#?secret=mWnwLxBQVM\" data-secret=\"mWnwLxBQVM\" width=\"600\" height=\"338\" frameborder=\"0\" marginwidth=\"0\" marginheight=\"0\" scrolling=\"no\"><\/iframe><\/p>\n\n\n\n<p><blockquote class=\"wp-embedded-content\" data-secret=\"B1zJUhkQND\"><a href=\"https:\/\/kapitalis.com\/tunisie\/2021\/01\/15\/dialogue-national-lugtt-ne-doit-pas-se-porter-au-secours-dennahdha\/\">Dialogue national : L\u2019UGTT ne doit pas se porter au secours d\u2019Ennahdha<\/a><\/blockquote><iframe loading=\"lazy\" class=\"wp-embedded-content\" sandbox=\"allow-scripts\" security=\"restricted\" style=\"position: absolute; clip: rect(1px, 1px, 1px, 1px);\" title=\"\u00ab\u00a0Dialogue national : L\u2019UGTT ne doit pas se porter au secours d\u2019Ennahdha\u00a0\u00bb &#8212; Kapitalis\" src=\"https:\/\/kapitalis.com\/tunisie\/2021\/01\/15\/dialogue-national-lugtt-ne-doit-pas-se-porter-au-secours-dennahdha\/embed\/#?secret=NcaP6YxeMI#?secret=B1zJUhkQND\" data-secret=\"B1zJUhkQND\" width=\"600\" height=\"338\" frameborder=\"0\" marginwidth=\"0\" marginheight=\"0\" scrolling=\"no\"><\/iframe><\/p>\n","protected":false},"excerpt":{"rendered":"<p>Si l\u2019ambition du pr\u00e9sident Ka\u00efs Sa\u00efed de r\u00e9former le syst\u00e8me politique en place en Tunisie depuis 2015 est louable car elle part du constat de blocage institutionnel et politique provoqu\u00e9 par ce syst\u00e8me mal con\u00e7u d\u00e8s le d\u00e9part, son exercice solitaire du pouvoir et les ambigu\u00eft\u00e9s de son discours suscitent des r\u00e9serves justifi\u00e9es chez ses&#8230;<\/p>\n","protected":false},"author":8,"featured_media":0,"comment_status":"open","ping_status":"open","sticky":false,"template":"","format":"standard","meta":{"footnotes":""},"categories":[992,997,1000,2433],"tags":[91429,29525,2447,82931,91522,70520,43626,2965,936],"class_list":["post-353893","post","type-post","status-publish","format-standard","hentry","category-a-la-une","category-politique","category-tribune","category-tunisie","tag-constitution-de-1959","tag-constitution-de-2014","tag-dialogue-national","tag-elyes-kasri-2","tag-exercice-solitaire-du-pouvoir","tag-kais-saied-3","tag-loi-electorale","tag-mehdi-jomaa","tag-ugtt"],"yoast_head":"<!-- This site is optimized with the Yoast SEO plugin v26.6 - https:\/\/yoast.com\/wordpress\/plugins\/seo\/ -->\n<title>Kais Saied et les dangers de l&#039;exercice solitaire du pouvoir - Kapitalis<\/title>\n<meta name=\"robots\" content=\"index, follow, max-snippet:-1, max-image-preview:large, max-video-preview:-1\" \/>\n<link rel=\"canonical\" href=\"https:\/\/kapitalis.com\/tunisie\/2021\/06\/24\/kais-saied-et-les-dangers-de-lexercice-solitaire-du-pouvoir\/\" \/>\n<meta property=\"og:locale\" content=\"fr_FR\" \/>\n<meta property=\"og:type\" content=\"article\" \/>\n<meta property=\"og:title\" content=\"Kais Saied et les dangers de l&#039;exercice solitaire du pouvoir - Kapitalis\" \/>\n<meta property=\"og:description\" content=\"Si l\u2019ambition du pr\u00e9sident Ka\u00efs Sa\u00efed de r\u00e9former le syst\u00e8me politique en place en Tunisie depuis 2015 est louable car elle part du constat de blocage institutionnel et politique provoqu\u00e9 par ce syst\u00e8me mal con\u00e7u d\u00e8s le d\u00e9part, son exercice solitaire du pouvoir et les ambigu\u00eft\u00e9s de son discours suscitent des r\u00e9serves justifi\u00e9es chez ses...\" \/>\n<meta property=\"og:url\" content=\"https:\/\/kapitalis.com\/tunisie\/2021\/06\/24\/kais-saied-et-les-dangers-de-lexercice-solitaire-du-pouvoir\/\" \/>\n<meta property=\"og:site_name\" content=\"Kapitalis\" \/>\n<meta property=\"article:publisher\" content=\"https:\/\/www.facebook.com\/KapitalisInfo\/\" \/>\n<meta property=\"article:published_time\" content=\"2021-06-24T10:14:23+00:00\" \/>\n<meta property=\"article:modified_time\" content=\"2021-06-24T10:17:49+00:00\" \/>\n<meta property=\"og:image\" content=\"http:\/\/kapitalis.com\/tunisie\/wp-content\/uploads\/2021\/03\/Kais-Saied.jpg\" \/>\n<meta name=\"author\" content=\"webmaster kapitalis\" \/>\n<meta name=\"twitter:card\" content=\"summary_large_image\" \/>\n<meta name=\"twitter:creator\" content=\"@KapitalisInfo\" \/>\n<meta name=\"twitter:site\" content=\"@KapitalisInfo\" \/>\n<meta name=\"twitter:label1\" content=\"\u00c9crit par\" \/>\n\t<meta name=\"twitter:data1\" content=\"webmaster kapitalis\" \/>\n\t<meta name=\"twitter:label2\" content=\"Dur\u00e9e de lecture estim\u00e9e\" \/>\n\t<meta name=\"twitter:data2\" content=\"3 minutes\" \/>\n<script type=\"application\/ld+json\" class=\"yoast-schema-graph\">{\"@context\":\"https:\/\/schema.org\",\"@graph\":[{\"@type\":\"Article\",\"@id\":\"https:\/\/kapitalis.com\/tunisie\/2021\/06\/24\/kais-saied-et-les-dangers-de-lexercice-solitaire-du-pouvoir\/#article\",\"isPartOf\":{\"@id\":\"https:\/\/kapitalis.com\/tunisie\/2021\/06\/24\/kais-saied-et-les-dangers-de-lexercice-solitaire-du-pouvoir\/\"},\"author\":{\"name\":\"webmaster kapitalis\",\"@id\":\"https:\/\/kapitalis.com\/tunisie\/#\/schema\/person\/d71f33a9ca44f7bad4698210b480c8e9\"},\"headline\":\"Kais Saied et les dangers de l&rsquo;exercice solitaire du pouvoir\",\"datePublished\":\"2021-06-24T10:14:23+00:00\",\"dateModified\":\"2021-06-24T10:17:49+00:00\",\"mainEntityOfPage\":{\"@id\":\"https:\/\/kapitalis.com\/tunisie\/2021\/06\/24\/kais-saied-et-les-dangers-de-lexercice-solitaire-du-pouvoir\/\"},\"wordCount\":665,\"commentCount\":1,\"publisher\":{\"@id\":\"https:\/\/kapitalis.com\/tunisie\/#organization\"},\"image\":{\"@id\":\"https:\/\/kapitalis.com\/tunisie\/2021\/06\/24\/kais-saied-et-les-dangers-de-lexercice-solitaire-du-pouvoir\/#primaryimage\"},\"thumbnailUrl\":\"http:\/\/kapitalis.com\/tunisie\/wp-content\/uploads\/2021\/03\/Kais-Saied.jpg\",\"keywords\":[\"constitution de 1959\",\"constitution de 2014\",\"dialogue national\",\"Elyes Kasri\",\"exercice solitaire du pouvoir\",\"Kais Saied\",\"loi \u00e9lectorale\",\"Mehdi Jomaa\",\"UGTT\"],\"articleSection\":[\"A LA UNE\",\"POLITIQUE\",\"TRIBUNE\",\"Tunisie\"],\"inLanguage\":\"fr-FR\",\"potentialAction\":[{\"@type\":\"CommentAction\",\"name\":\"Comment\",\"target\":[\"https:\/\/kapitalis.com\/tunisie\/2021\/06\/24\/kais-saied-et-les-dangers-de-lexercice-solitaire-du-pouvoir\/#respond\"]}]},{\"@type\":\"WebPage\",\"@id\":\"https:\/\/kapitalis.com\/tunisie\/2021\/06\/24\/kais-saied-et-les-dangers-de-lexercice-solitaire-du-pouvoir\/\",\"url\":\"https:\/\/kapitalis.com\/tunisie\/2021\/06\/24\/kais-saied-et-les-dangers-de-lexercice-solitaire-du-pouvoir\/\",\"name\":\"Kais Saied et les dangers de l'exercice solitaire du pouvoir - Kapitalis\",\"isPartOf\":{\"@id\":\"https:\/\/kapitalis.com\/tunisie\/#website\"},\"primaryImageOfPage\":{\"@id\":\"https:\/\/kapitalis.com\/tunisie\/2021\/06\/24\/kais-saied-et-les-dangers-de-lexercice-solitaire-du-pouvoir\/#primaryimage\"},\"image\":{\"@id\":\"https:\/\/kapitalis.com\/tunisie\/2021\/06\/24\/kais-saied-et-les-dangers-de-lexercice-solitaire-du-pouvoir\/#primaryimage\"},\"thumbnailUrl\":\"http:\/\/kapitalis.com\/tunisie\/wp-content\/uploads\/2021\/03\/Kais-Saied.jpg\",\"datePublished\":\"2021-06-24T10:14:23+00:00\",\"dateModified\":\"2021-06-24T10:17:49+00:00\",\"breadcrumb\":{\"@id\":\"https:\/\/kapitalis.com\/tunisie\/2021\/06\/24\/kais-saied-et-les-dangers-de-lexercice-solitaire-du-pouvoir\/#breadcrumb\"},\"inLanguage\":\"fr-FR\",\"potentialAction\":[{\"@type\":\"ReadAction\",\"target\":[\"https:\/\/kapitalis.com\/tunisie\/2021\/06\/24\/kais-saied-et-les-dangers-de-lexercice-solitaire-du-pouvoir\/\"]}]},{\"@type\":\"ImageObject\",\"inLanguage\":\"fr-FR\",\"@id\":\"https:\/\/kapitalis.com\/tunisie\/2021\/06\/24\/kais-saied-et-les-dangers-de-lexercice-solitaire-du-pouvoir\/#primaryimage\",\"url\":\"\",\"contentUrl\":\"\"},{\"@type\":\"BreadcrumbList\",\"@id\":\"https:\/\/kapitalis.com\/tunisie\/2021\/06\/24\/kais-saied-et-les-dangers-de-lexercice-solitaire-du-pouvoir\/#breadcrumb\",\"itemListElement\":[{\"@type\":\"ListItem\",\"position\":1,\"name\":\"Accueil\",\"item\":\"https:\/\/kapitalis.com\/tunisie\/\"},{\"@type\":\"ListItem\",\"position\":2,\"name\":\"Kais Saied et les dangers de l&rsquo;exercice solitaire du pouvoir\"}]},{\"@type\":\"WebSite\",\"@id\":\"https:\/\/kapitalis.com\/tunisie\/#website\",\"url\":\"https:\/\/kapitalis.com\/tunisie\/\",\"name\":\"Kapitalis\",\"description\":\"L&#039;actualit\u00e9 en Tunisie et dans le monde\",\"publisher\":{\"@id\":\"https:\/\/kapitalis.com\/tunisie\/#organization\"},\"potentialAction\":[{\"@type\":\"SearchAction\",\"target\":{\"@type\":\"EntryPoint\",\"urlTemplate\":\"https:\/\/kapitalis.com\/tunisie\/?s={search_term_string}\"},\"query-input\":{\"@type\":\"PropertyValueSpecification\",\"valueRequired\":true,\"valueName\":\"search_term_string\"}}],\"inLanguage\":\"fr-FR\"},{\"@type\":\"Organization\",\"@id\":\"https:\/\/kapitalis.com\/tunisie\/#organization\",\"name\":\"Kapitalis\",\"url\":\"https:\/\/kapitalis.com\/tunisie\/\",\"logo\":{\"@type\":\"ImageObject\",\"inLanguage\":\"fr-FR\",\"@id\":\"https:\/\/kapitalis.com\/tunisie\/#\/schema\/logo\/image\/\",\"url\":\"https:\/\/kapitalis.com\/tunisie\/wp-content\/uploads\/2022\/05\/Kapitalis-big-size.png\",\"contentUrl\":\"https:\/\/kapitalis.com\/tunisie\/wp-content\/uploads\/2022\/05\/Kapitalis-big-size.png\",\"width\":5000,\"height\":1500,\"caption\":\"Kapitalis\"},\"image\":{\"@id\":\"https:\/\/kapitalis.com\/tunisie\/#\/schema\/logo\/image\/\"},\"sameAs\":[\"https:\/\/www.facebook.com\/KapitalisInfo\/\",\"https:\/\/x.com\/KapitalisInfo\",\"https:\/\/www.youtube.com\/channel\/UC-yDYrHyfFBWWZaOw3FPg9Q\"]},{\"@type\":\"Person\",\"@id\":\"https:\/\/kapitalis.com\/tunisie\/#\/schema\/person\/d71f33a9ca44f7bad4698210b480c8e9\",\"name\":\"webmaster kapitalis\",\"url\":\"https:\/\/kapitalis.com\/tunisie\/author\/webmaster-kapitalis\/\"}]}<\/script>\n<!-- \/ Yoast SEO plugin. -->","yoast_head_json":{"title":"Kais Saied et les dangers de l'exercice solitaire du pouvoir - Kapitalis","robots":{"index":"index","follow":"follow","max-snippet":"max-snippet:-1","max-image-preview":"max-image-preview:large","max-video-preview":"max-video-preview:-1"},"canonical":"https:\/\/kapitalis.com\/tunisie\/2021\/06\/24\/kais-saied-et-les-dangers-de-lexercice-solitaire-du-pouvoir\/","og_locale":"fr_FR","og_type":"article","og_title":"Kais Saied et les dangers de l'exercice solitaire du pouvoir - Kapitalis","og_description":"Si l\u2019ambition du pr\u00e9sident Ka\u00efs Sa\u00efed de r\u00e9former le syst\u00e8me politique en place en Tunisie depuis 2015 est louable car elle part du constat de blocage institutionnel et politique provoqu\u00e9 par ce syst\u00e8me mal con\u00e7u d\u00e8s le d\u00e9part, son exercice solitaire du pouvoir et les ambigu\u00eft\u00e9s de son discours suscitent des r\u00e9serves justifi\u00e9es chez ses...","og_url":"https:\/\/kapitalis.com\/tunisie\/2021\/06\/24\/kais-saied-et-les-dangers-de-lexercice-solitaire-du-pouvoir\/","og_site_name":"Kapitalis","article_publisher":"https:\/\/www.facebook.com\/KapitalisInfo\/","article_published_time":"2021-06-24T10:14:23+00:00","article_modified_time":"2021-06-24T10:17:49+00:00","og_image":[{"url":"http:\/\/kapitalis.com\/tunisie\/wp-content\/uploads\/2021\/03\/Kais-Saied.jpg","type":"","width":"","height":""}],"author":"webmaster kapitalis","twitter_card":"summary_large_image","twitter_creator":"@KapitalisInfo","twitter_site":"@KapitalisInfo","twitter_misc":{"\u00c9crit par":"webmaster kapitalis","Dur\u00e9e de lecture estim\u00e9e":"3 minutes"},"schema":{"@context":"https:\/\/schema.org","@graph":[{"@type":"Article","@id":"https:\/\/kapitalis.com\/tunisie\/2021\/06\/24\/kais-saied-et-les-dangers-de-lexercice-solitaire-du-pouvoir\/#article","isPartOf":{"@id":"https:\/\/kapitalis.com\/tunisie\/2021\/06\/24\/kais-saied-et-les-dangers-de-lexercice-solitaire-du-pouvoir\/"},"author":{"name":"webmaster kapitalis","@id":"https:\/\/kapitalis.com\/tunisie\/#\/schema\/person\/d71f33a9ca44f7bad4698210b480c8e9"},"headline":"Kais Saied et les dangers de l&rsquo;exercice solitaire du pouvoir","datePublished":"2021-06-24T10:14:23+00:00","dateModified":"2021-06-24T10:17:49+00:00","mainEntityOfPage":{"@id":"https:\/\/kapitalis.com\/tunisie\/2021\/06\/24\/kais-saied-et-les-dangers-de-lexercice-solitaire-du-pouvoir\/"},"wordCount":665,"commentCount":1,"publisher":{"@id":"https:\/\/kapitalis.com\/tunisie\/#organization"},"image":{"@id":"https:\/\/kapitalis.com\/tunisie\/2021\/06\/24\/kais-saied-et-les-dangers-de-lexercice-solitaire-du-pouvoir\/#primaryimage"},"thumbnailUrl":"http:\/\/kapitalis.com\/tunisie\/wp-content\/uploads\/2021\/03\/Kais-Saied.jpg","keywords":["constitution de 1959","constitution de 2014","dialogue national","Elyes Kasri","exercice solitaire du pouvoir","Kais Saied","loi \u00e9lectorale","Mehdi Jomaa","UGTT"],"articleSection":["A LA UNE","POLITIQUE","TRIBUNE","Tunisie"],"inLanguage":"fr-FR","potentialAction":[{"@type":"CommentAction","name":"Comment","target":["https:\/\/kapitalis.com\/tunisie\/2021\/06\/24\/kais-saied-et-les-dangers-de-lexercice-solitaire-du-pouvoir\/#respond"]}]},{"@type":"WebPage","@id":"https:\/\/kapitalis.com\/tunisie\/2021\/06\/24\/kais-saied-et-les-dangers-de-lexercice-solitaire-du-pouvoir\/","url":"https:\/\/kapitalis.com\/tunisie\/2021\/06\/24\/kais-saied-et-les-dangers-de-lexercice-solitaire-du-pouvoir\/","name":"Kais Saied et les dangers de l'exercice solitaire du pouvoir - Kapitalis","isPartOf":{"@id":"https:\/\/kapitalis.com\/tunisie\/#website"},"primaryImageOfPage":{"@id":"https:\/\/kapitalis.com\/tunisie\/2021\/06\/24\/kais-saied-et-les-dangers-de-lexercice-solitaire-du-pouvoir\/#primaryimage"},"image":{"@id":"https:\/\/kapitalis.com\/tunisie\/2021\/06\/24\/kais-saied-et-les-dangers-de-lexercice-solitaire-du-pouvoir\/#primaryimage"},"thumbnailUrl":"http:\/\/kapitalis.com\/tunisie\/wp-content\/uploads\/2021\/03\/Kais-Saied.jpg","datePublished":"2021-06-24T10:14:23+00:00","dateModified":"2021-06-24T10:17:49+00:00","breadcrumb":{"@id":"https:\/\/kapitalis.com\/tunisie\/2021\/06\/24\/kais-saied-et-les-dangers-de-lexercice-solitaire-du-pouvoir\/#breadcrumb"},"inLanguage":"fr-FR","potentialAction":[{"@type":"ReadAction","target":["https:\/\/kapitalis.com\/tunisie\/2021\/06\/24\/kais-saied-et-les-dangers-de-lexercice-solitaire-du-pouvoir\/"]}]},{"@type":"ImageObject","inLanguage":"fr-FR","@id":"https:\/\/kapitalis.com\/tunisie\/2021\/06\/24\/kais-saied-et-les-dangers-de-lexercice-solitaire-du-pouvoir\/#primaryimage","url":"","contentUrl":""},{"@type":"BreadcrumbList","@id":"https:\/\/kapitalis.com\/tunisie\/2021\/06\/24\/kais-saied-et-les-dangers-de-lexercice-solitaire-du-pouvoir\/#breadcrumb","itemListElement":[{"@type":"ListItem","position":1,"name":"Accueil","item":"https:\/\/kapitalis.com\/tunisie\/"},{"@type":"ListItem","position":2,"name":"Kais Saied et les dangers de l&rsquo;exercice solitaire du pouvoir"}]},{"@type":"WebSite","@id":"https:\/\/kapitalis.com\/tunisie\/#website","url":"https:\/\/kapitalis.com\/tunisie\/","name":"Kapitalis","description":"L&#039;actualit\u00e9 en Tunisie et dans le monde","publisher":{"@id":"https:\/\/kapitalis.com\/tunisie\/#organization"},"potentialAction":[{"@type":"SearchAction","target":{"@type":"EntryPoint","urlTemplate":"https:\/\/kapitalis.com\/tunisie\/?s={search_term_string}"},"query-input":{"@type":"PropertyValueSpecification","valueRequired":true,"valueName":"search_term_string"}}],"inLanguage":"fr-FR"},{"@type":"Organization","@id":"https:\/\/kapitalis.com\/tunisie\/#organization","name":"Kapitalis","url":"https:\/\/kapitalis.com\/tunisie\/","logo":{"@type":"ImageObject","inLanguage":"fr-FR","@id":"https:\/\/kapitalis.com\/tunisie\/#\/schema\/logo\/image\/","url":"https:\/\/kapitalis.com\/tunisie\/wp-content\/uploads\/2022\/05\/Kapitalis-big-size.png","contentUrl":"https:\/\/kapitalis.com\/tunisie\/wp-content\/uploads\/2022\/05\/Kapitalis-big-size.png","width":5000,"height":1500,"caption":"Kapitalis"},"image":{"@id":"https:\/\/kapitalis.com\/tunisie\/#\/schema\/logo\/image\/"},"sameAs":["https:\/\/www.facebook.com\/KapitalisInfo\/","https:\/\/x.com\/KapitalisInfo","https:\/\/www.youtube.com\/channel\/UC-yDYrHyfFBWWZaOw3FPg9Q"]},{"@type":"Person","@id":"https:\/\/kapitalis.com\/tunisie\/#\/schema\/person\/d71f33a9ca44f7bad4698210b480c8e9","name":"webmaster kapitalis","url":"https:\/\/kapitalis.com\/tunisie\/author\/webmaster-kapitalis\/"}]}},"_links":{"self":[{"href":"https:\/\/kapitalis.com\/tunisie\/wp-json\/wp\/v2\/posts\/353893","targetHints":{"allow":["GET"]}}],"collection":[{"href":"https:\/\/kapitalis.com\/tunisie\/wp-json\/wp\/v2\/posts"}],"about":[{"href":"https:\/\/kapitalis.com\/tunisie\/wp-json\/wp\/v2\/types\/post"}],"author":[{"embeddable":true,"href":"https:\/\/kapitalis.com\/tunisie\/wp-json\/wp\/v2\/users\/8"}],"replies":[{"embeddable":true,"href":"https:\/\/kapitalis.com\/tunisie\/wp-json\/wp\/v2\/comments?post=353893"}],"version-history":[{"count":0,"href":"https:\/\/kapitalis.com\/tunisie\/wp-json\/wp\/v2\/posts\/353893\/revisions"}],"wp:attachment":[{"href":"https:\/\/kapitalis.com\/tunisie\/wp-json\/wp\/v2\/media?parent=353893"}],"wp:term":[{"taxonomy":"category","embeddable":true,"href":"https:\/\/kapitalis.com\/tunisie\/wp-json\/wp\/v2\/categories?post=353893"},{"taxonomy":"post_tag","embeddable":true,"href":"https:\/\/kapitalis.com\/tunisie\/wp-json\/wp\/v2\/tags?post=353893"}],"curies":[{"name":"wp","href":"https:\/\/api.w.org\/{rel}","templated":true}]}}