{"id":354020,"date":"2021-06-25T08:50:41","date_gmt":"2021-06-25T07:50:41","guid":{"rendered":"http:\/\/kapitalis.com\/tunisie\/?p=354020"},"modified":"2021-06-25T09:00:25","modified_gmt":"2021-06-25T08:00:25","slug":"les-deux-lettres-de-provocation-de-mechichi-a-saied","status":"publish","type":"post","link":"https:\/\/kapitalis.com\/tunisie\/2021\/06\/25\/les-deux-lettres-de-provocation-de-mechichi-a-saied\/","title":{"rendered":"Les deux lettres de provocation de Mechichi \u00e0 Sa\u00efed"},"content":{"rendered":"\n<div class=\"wp-block-image\"><figure class=\"aligncenter size-large\"><img decoding=\"async\" src=\"http:\/\/kapitalis.com\/tunisie\/wp-content\/uploads\/2021\/06\/KaisSaied-Hichem-Mechichi-Hasna-Ben-Slimane.jpg\" alt=\"\" class=\"wp-image-352317\"\/><\/figure><\/div>\n\n\n\n<p><strong><em>Par leur contenu clairement goguenard et provocateur, les deux lettres envoy\u00e9es hier, jeudi 24 juin 2021, par le chef du gouvernement Hichem Mechichi au pr\u00e9sident de la r\u00e9publique Ka\u00efs Sa\u00efed, ne sont pas de nature \u00e0 apaiser la tension entre les deux t\u00eates du pouvoir ex\u00e9cutif. Au contraire. D\u00e9cryptage\u2026<\/em><\/strong><\/p>\n\n\n\n<p>Par<strong> Ridha K\u00e9fi<\/strong><\/p>\n\n\n\n<!--more-->\n\n\n\n<div class=\"wp-block-image\"><figure class=\"alignleft size-large\"><img decoding=\"async\" src=\"http:\/\/kapitalis.com\/tunisie\/wp-content\/uploads\/2019\/03\/Ridha-Kefi.jpg\" alt=\"\" class=\"wp-image-203122\"\/><\/figure><\/div>\n\n\n\n<p>Dans la premi\u00e8re lettre, M. Mechichi rappelle \u00e0 M. Sa\u00efed qu\u2019il n\u2019a pas r\u00e9uni le Conseil national de s\u00e9curit\u00e9 depuis janvier dernier, alors que selon la Constitution, cette instance doit se r\u00e9unir tous les trois mois. Et de lui rappeler aussi, au cas o\u00f9 il n\u2019y aurait pas pens\u00e9, que l\u2019aggravation de la situation \u00e9pid\u00e9miologique dans le pays exige une mobilisation g\u00e9n\u00e9rale \u00e0 la t\u00eate de l\u2019Etat pour y faire face.<\/p>\n\n\n\n<p>Dans la seconde lettre, le chef du gouvernement rappelle au chef de l\u2019Etat, au cas o\u00f9 il l\u2019aurait oubli\u00e9, qu\u2019il doit annoncer la prolongation de l\u2019\u00e9tat d\u2019urgence, dont le d\u00e9lai r\u00e9glementaire s\u2019\u00e9tait achev\u00e9 la veille, mercredi 23 juin.<\/p>\n\n\n\n<p>Ces deux lettres sont pour le moins probl\u00e9matiques, non pas tant par leur contenu (le chef du gouvernement est dans son r\u00f4le), mais par leur ton clairement ironique et, surtout, par le fait que le chef du gouvernement ait tenu \u00e0 les rendre publiques avec des fuites dans les m\u00e9dias pernicieusement orchestr\u00e9es par ses services. M. Mechichi aurait bien pu se contenter de faire les deux rappels directement au t\u00e9l\u00e9phone ou via ses collaborateurs et ceux de M. Sa\u00efed, mais il a tenu \u00e0 ce que cela se sache par l\u2019opinion publique.<\/p>\n\n\n\n<h2 class=\"wp-block-heading\">Deux lettres pour une provocation<\/h2>\n\n\n\n<p>C\u2019est donc, on l\u2019a compris, de la part de M. Mechichi, une mani\u00e8re de dire aux Tunisiens que c\u2019est lui qui veille au bon d\u00e9roulement des affaires de l\u2019Etat, mais pas seulement, car, dans le cas d\u2019esp\u00e8ce, il a voulu aussi mettre en d\u00e9faut le pr\u00e9sident de la r\u00e9publique et montrer que ce dernier passe son temps \u00e0 guerroyer sur le font de l\u2019interpr\u00e9tation des textes constitutionnels pour essayer d\u2019\u00e9largir ses pr\u00e9rogatives pr\u00e9sidentielles, \u00e0 tel point qu\u2019il en oublie m\u00eame les missions qui sont les siennes, qui plus est, dans un contexte de grave crise \u00e9pid\u00e9mique.<\/p>\n\n\n\n<p>M. Mechichi pourrait \u00eatre remerci\u00e9 pour son d\u00e9vouement \u00e0 l\u2019Etat, sauf que sa mauvaise foi dans cette affaire cr\u00e8ve l\u2019\u00e9cran. Car, si la situation \u00e9pid\u00e9miologique est grave dans le pays c\u2019est en grande partie le r\u00e9sultat de sa gestion catastrophique de la crise sanitaire, avec des d\u00e9cisions \u00e0 l\u2019emporte-pi\u00e8ce, prises souvent \u00e0 contretemps, en retard ou pour satisfaire tel ou tel lobby d\u2019int\u00e9r\u00eat, sans une r\u00e9elle conscience de son r\u00f4le dans la protection des populations, au point d\u2019ailleurs qu\u2019il a compl\u00e8tement ignor\u00e9 les avertissements et les recommandations du Comit\u00e9 scientifique de lutte contre le coronavirus.<\/p>\n\n\n\n<p>Si M. Mechichi avait pris les mesures qui s\u2019imposaient, \u00e0 temps, avec la fermet\u00e9 requise et en y mettant les moyens exig\u00e9s, il serait plus cr\u00e9dible aujourd\u2019hui d\u2019en appeler \u00e0 la responsabilit\u00e9 du chef de l\u2019Etat qui, dans cette crise sanitaire, a fait ce qu\u2019il a pu dans les limites de ses pr\u00e9rogatives pour parer au plus urgent, notamment en mettant \u00e0 contribution les services sanitaires de l\u2019arm\u00e9e nationale. Tous les m\u00e9decins op\u00e9rant dans les services Covid-19 vous diront que cela a \u00e9t\u00e9 tr\u00e8s utile, m\u00eame si leur charge de travail reste tr\u00e8s \u00e9lev\u00e9e et qu\u2019ils s\u2019inqui\u00e8tent tous de ce qui les attend avec l\u2019apparition du variant indien Delta et la hausse du nombre de contaminations enregistr\u00e9es quotidiennement un peu partout dans le pays.<\/p>\n\n\n\n<h2 class=\"wp-block-heading\">Les \u00abchants des sir\u00e8nes\u00bb de Mechichi<\/h2>\n\n\n\n<p>Sur un autre plan, on peut s\u2019interroger sur les v\u00e9ritables motivations de M. Mechichi derri\u00e8re les deux lettres envoy\u00e9es au pr\u00e9sident de la r\u00e9publique, d\u2019autant que le timing choisi n\u2019est pas anodin et intervient quelques heures seulement apr\u00e8s la rencontre, au Palais de Carthage, entre Ka\u00efs Sa\u00efed et Rached Ghannouchi, pr\u00e9sident de l\u2019Assembl\u00e9e des repr\u00e9sentants du peuple (ARP) et, surtout, principal soutien de M. Mechichi dont le chef de l\u2019Etat exige le d\u00e9part. Et cela est un secret de polichinelle. Craint-il de payer le prix de ces retrouvailles entre les deux hommes intervenues apr\u00e8s cinq mois de <em>\u00abguerre froide\u00bb<\/em> et d\u2019\u00eatre sacrifi\u00e9 sur l\u2019autel d\u2019une nouvelle alliance Sa\u00efed-Ghannouchi qui changerait totalement la donne politique qui lui a permis de tr\u00f4ner au Palais de la Kasbah ? <\/p>\n\n\n\n<p>On peut s\u00e9rieusement le penser, d\u2019autant que les deux lettres semblent destin\u00e9es \u00e0 provoquer la col\u00e8re du pr\u00e9sident de la r\u00e9publique et, comptant sur son impulsivit\u00e9 pr\u00e9sum\u00e9e, le pousser \u00e0 faire des d\u00e9clarations qui remettraient les pendules \u00e0 z\u00e9ro. D\u2019autant aussi que le chef du gouvernement avait, le jour m\u00eame, tenu une r\u00e9union avec les repr\u00e9sentants des blocs parlementaires faisant partie de sa ceinture (ou \u00abcoussin\u00bb comme il aime l\u2019appeler) politique, pour jauger de leur d\u00e9termination \u00e0 poursuivre leur soutien, alors que les appels se multiplient pour la mise en place d\u2019un gouvernement de salut national ou, plus ouvertement, pour son limogeage. Car, outre sa gestion catastrophique des affaires publiques, il est devenu carr\u00e9ment une pierre d\u2019achoppement emp\u00eachant la normalisation de la situation politique dans un pays en crise et qui a besoin de resserrer ses rangs et de retrouver un minimum d\u2019unit\u00e9 pour esp\u00e9rer s\u2019en sortir.<\/p>\n\n\n\n<p>Tout cela pour dire que les deux lettres de M. Mechichi \u00e0 M. Sa\u00efed pourraient \u00eatre des sortes de <em>\u00abchants des sir\u00e8nes\u00bb<\/em>, qui sonnent la fin politique d\u2019un homme qui n\u2019aurait jamais d\u00fb \u00eatre l\u00e0 o\u00f9 il est aujourd\u2019hui\u2026 Et dont l&rsquo;avenir d\u00e9pend dans une large mesure de la disposition du pr\u00e9sident de la r\u00e9publique \u00e0 nouer une alliance, m\u00eame minimale, avec le chef islamiste. <\/p>\n\n\n\n<h4 class=\"wp-block-heading\">Articles du m\u00eame auteur dans Kapitalis :<\/h4>\n\n\n\n<p><blockquote class=\"wp-embedded-content\" data-secret=\"CwjUIvuNtS\"><a href=\"https:\/\/kapitalis.com\/tunisie\/2021\/06\/22\/que-va-dire-ghannouchi-ce-soir-sur-hannibal-tv-quon-ne-sait-deja\/\">Que va dire Ghannouchi ce soir sur Hannibal TV\u2026 qu\u2019on ne sait d\u00e9j\u00e0 ?<\/a><\/blockquote><iframe loading=\"lazy\" class=\"wp-embedded-content\" sandbox=\"allow-scripts\" security=\"restricted\" style=\"position: absolute; clip: rect(1px, 1px, 1px, 1px);\" title=\"\u00ab\u00a0Que va dire Ghannouchi ce soir sur Hannibal TV\u2026 qu\u2019on ne sait d\u00e9j\u00e0 ?\u00a0\u00bb &#8212; Kapitalis\" src=\"https:\/\/kapitalis.com\/tunisie\/2021\/06\/22\/que-va-dire-ghannouchi-ce-soir-sur-hannibal-tv-quon-ne-sait-deja\/embed\/#?secret=iKmGnNGPZD#?secret=CwjUIvuNtS\" data-secret=\"CwjUIvuNtS\" width=\"600\" height=\"338\" frameborder=\"0\" marginwidth=\"0\" marginheight=\"0\" scrolling=\"no\"><\/iframe><\/p>\n\n\n\n<p><blockquote class=\"wp-embedded-content\" data-secret=\"GcBrZgggCs\"><a href=\"https:\/\/kapitalis.com\/tunisie\/2021\/06\/18\/lugtt-est-elle-une-vache-sacree\/\">L\u2019UGTT est-elle une vache sacr\u00e9e ?<\/a><\/blockquote><iframe loading=\"lazy\" class=\"wp-embedded-content\" sandbox=\"allow-scripts\" security=\"restricted\" style=\"position: absolute; clip: rect(1px, 1px, 1px, 1px);\" title=\"\u00ab\u00a0L\u2019UGTT est-elle une vache sacr\u00e9e ?\u00a0\u00bb &#8212; Kapitalis\" src=\"https:\/\/kapitalis.com\/tunisie\/2021\/06\/18\/lugtt-est-elle-une-vache-sacree\/embed\/#?secret=Fk65qahkgp#?secret=GcBrZgggCs\" data-secret=\"GcBrZgggCs\" width=\"600\" height=\"338\" frameborder=\"0\" marginwidth=\"0\" marginheight=\"0\" scrolling=\"no\"><\/iframe><\/p>\n\n\n\n<p><blockquote class=\"wp-embedded-content\" data-secret=\"1GGgsg7kpB\"><a href=\"https:\/\/kapitalis.com\/tunisie\/2021\/06\/16\/ainsi-parlait-kais-saied-essai-dinterpretation-de-la-parole-presidentielle\/\">Ainsi parlait Ka\u00efs Sa\u00efed : Essai d&rsquo;interpr\u00e9tation de la parole pr\u00e9sidentielle<\/a><\/blockquote><iframe loading=\"lazy\" class=\"wp-embedded-content\" sandbox=\"allow-scripts\" security=\"restricted\" style=\"position: absolute; clip: rect(1px, 1px, 1px, 1px);\" title=\"\u00ab\u00a0Ainsi parlait Ka\u00efs Sa\u00efed : Essai d&rsquo;interpr\u00e9tation de la parole pr\u00e9sidentielle\u00a0\u00bb &#8212; Kapitalis\" src=\"https:\/\/kapitalis.com\/tunisie\/2021\/06\/16\/ainsi-parlait-kais-saied-essai-dinterpretation-de-la-parole-presidentielle\/embed\/#?secret=lFU9v1ypsB#?secret=1GGgsg7kpB\" data-secret=\"1GGgsg7kpB\" width=\"600\" height=\"338\" frameborder=\"0\" marginwidth=\"0\" marginheight=\"0\" scrolling=\"no\"><\/iframe><\/p>\n","protected":false},"excerpt":{"rendered":"<p>Par leur contenu clairement goguenard et provocateur, les deux lettres envoy\u00e9es hier, jeudi 24 juin 2021, par le chef du gouvernement Hichem Mechichi au pr\u00e9sident de la r\u00e9publique Ka\u00efs Sa\u00efed, ne sont pas de nature \u00e0 apaiser la tension entre les deux t\u00eates du pouvoir ex\u00e9cutif. Au contraire. D\u00e9cryptage\u2026 Par Ridha K\u00e9fi<\/p>\n","protected":false},"author":8,"featured_media":0,"comment_status":"open","ping_status":"open","sticky":false,"template":"","format":"standard","meta":{"footnotes":""},"categories":[992,997,1000,2433],"tags":[49543,74899,12235,758],"class_list":["post-354020","post","type-post","status-publish","format-standard","hentry","category-a-la-une","category-politique","category-tribune","category-tunisie","tag-ennahdha","tag-hichem-mechichi","tag-kais-saied","tag-rached-ghannouchi"],"yoast_head":"<!-- This site is optimized with the Yoast SEO plugin v26.6 - https:\/\/yoast.com\/wordpress\/plugins\/seo\/ -->\n<title>Les deux lettres de provocation de Mechichi \u00e0 Sa\u00efed - Kapitalis<\/title>\n<meta name=\"robots\" content=\"index, follow, max-snippet:-1, max-image-preview:large, max-video-preview:-1\" \/>\n<link rel=\"canonical\" href=\"https:\/\/kapitalis.com\/tunisie\/2021\/06\/25\/les-deux-lettres-de-provocation-de-mechichi-a-saied\/\" \/>\n<meta property=\"og:locale\" content=\"fr_FR\" \/>\n<meta property=\"og:type\" content=\"article\" \/>\n<meta property=\"og:title\" content=\"Les deux lettres de provocation de Mechichi \u00e0 Sa\u00efed - Kapitalis\" \/>\n<meta property=\"og:description\" content=\"Par leur contenu clairement goguenard et provocateur, les deux lettres envoy\u00e9es hier, jeudi 24 juin 2021, par le chef du gouvernement Hichem Mechichi au pr\u00e9sident de la r\u00e9publique Ka\u00efs Sa\u00efed, ne sont pas de nature \u00e0 apaiser la tension entre les deux t\u00eates du pouvoir ex\u00e9cutif. Au contraire. D\u00e9cryptage\u2026 Par Ridha K\u00e9fi\" \/>\n<meta property=\"og:url\" content=\"https:\/\/kapitalis.com\/tunisie\/2021\/06\/25\/les-deux-lettres-de-provocation-de-mechichi-a-saied\/\" \/>\n<meta property=\"og:site_name\" content=\"Kapitalis\" \/>\n<meta property=\"article:publisher\" content=\"https:\/\/www.facebook.com\/KapitalisInfo\/\" \/>\n<meta property=\"article:published_time\" content=\"2021-06-25T07:50:41+00:00\" \/>\n<meta property=\"article:modified_time\" content=\"2021-06-25T08:00:25+00:00\" \/>\n<meta property=\"og:image\" content=\"http:\/\/kapitalis.com\/tunisie\/wp-content\/uploads\/2021\/06\/KaisSaied-Hichem-Mechichi-Hasna-Ben-Slimane.jpg\" \/>\n<meta name=\"author\" content=\"webmaster kapitalis\" \/>\n<meta name=\"twitter:card\" content=\"summary_large_image\" \/>\n<meta name=\"twitter:creator\" content=\"@KapitalisInfo\" \/>\n<meta name=\"twitter:site\" content=\"@KapitalisInfo\" \/>\n<meta name=\"twitter:label1\" content=\"\u00c9crit par\" \/>\n\t<meta name=\"twitter:data1\" content=\"webmaster kapitalis\" \/>\n\t<meta name=\"twitter:label2\" content=\"Dur\u00e9e de lecture estim\u00e9e\" \/>\n\t<meta name=\"twitter:data2\" content=\"5 minutes\" \/>\n<script type=\"application\/ld+json\" class=\"yoast-schema-graph\">{\"@context\":\"https:\/\/schema.org\",\"@graph\":[{\"@type\":\"Article\",\"@id\":\"https:\/\/kapitalis.com\/tunisie\/2021\/06\/25\/les-deux-lettres-de-provocation-de-mechichi-a-saied\/#article\",\"isPartOf\":{\"@id\":\"https:\/\/kapitalis.com\/tunisie\/2021\/06\/25\/les-deux-lettres-de-provocation-de-mechichi-a-saied\/\"},\"author\":{\"name\":\"webmaster kapitalis\",\"@id\":\"https:\/\/kapitalis.com\/tunisie\/#\/schema\/person\/d71f33a9ca44f7bad4698210b480c8e9\"},\"headline\":\"Les deux lettres de provocation de Mechichi \u00e0 Sa\u00efed\",\"datePublished\":\"2021-06-25T07:50:41+00:00\",\"dateModified\":\"2021-06-25T08:00:25+00:00\",\"mainEntityOfPage\":{\"@id\":\"https:\/\/kapitalis.com\/tunisie\/2021\/06\/25\/les-deux-lettres-de-provocation-de-mechichi-a-saied\/\"},\"wordCount\":1078,\"commentCount\":5,\"publisher\":{\"@id\":\"https:\/\/kapitalis.com\/tunisie\/#organization\"},\"image\":{\"@id\":\"https:\/\/kapitalis.com\/tunisie\/2021\/06\/25\/les-deux-lettres-de-provocation-de-mechichi-a-saied\/#primaryimage\"},\"thumbnailUrl\":\"http:\/\/kapitalis.com\/tunisie\/wp-content\/uploads\/2021\/06\/KaisSaied-Hichem-Mechichi-Hasna-Ben-Slimane.jpg\",\"keywords\":[\"Ennahdha\",\"Hichem Mechichi\",\"Ka\u00efs Saied\",\"Rached Ghannouchi\"],\"articleSection\":[\"A LA UNE\",\"POLITIQUE\",\"TRIBUNE\",\"Tunisie\"],\"inLanguage\":\"fr-FR\",\"potentialAction\":[{\"@type\":\"CommentAction\",\"name\":\"Comment\",\"target\":[\"https:\/\/kapitalis.com\/tunisie\/2021\/06\/25\/les-deux-lettres-de-provocation-de-mechichi-a-saied\/#respond\"]}]},{\"@type\":\"WebPage\",\"@id\":\"https:\/\/kapitalis.com\/tunisie\/2021\/06\/25\/les-deux-lettres-de-provocation-de-mechichi-a-saied\/\",\"url\":\"https:\/\/kapitalis.com\/tunisie\/2021\/06\/25\/les-deux-lettres-de-provocation-de-mechichi-a-saied\/\",\"name\":\"Les deux lettres de provocation de Mechichi \u00e0 Sa\u00efed - Kapitalis\",\"isPartOf\":{\"@id\":\"https:\/\/kapitalis.com\/tunisie\/#website\"},\"primaryImageOfPage\":{\"@id\":\"https:\/\/kapitalis.com\/tunisie\/2021\/06\/25\/les-deux-lettres-de-provocation-de-mechichi-a-saied\/#primaryimage\"},\"image\":{\"@id\":\"https:\/\/kapitalis.com\/tunisie\/2021\/06\/25\/les-deux-lettres-de-provocation-de-mechichi-a-saied\/#primaryimage\"},\"thumbnailUrl\":\"http:\/\/kapitalis.com\/tunisie\/wp-content\/uploads\/2021\/06\/KaisSaied-Hichem-Mechichi-Hasna-Ben-Slimane.jpg\",\"datePublished\":\"2021-06-25T07:50:41+00:00\",\"dateModified\":\"2021-06-25T08:00:25+00:00\",\"breadcrumb\":{\"@id\":\"https:\/\/kapitalis.com\/tunisie\/2021\/06\/25\/les-deux-lettres-de-provocation-de-mechichi-a-saied\/#breadcrumb\"},\"inLanguage\":\"fr-FR\",\"potentialAction\":[{\"@type\":\"ReadAction\",\"target\":[\"https:\/\/kapitalis.com\/tunisie\/2021\/06\/25\/les-deux-lettres-de-provocation-de-mechichi-a-saied\/\"]}]},{\"@type\":\"ImageObject\",\"inLanguage\":\"fr-FR\",\"@id\":\"https:\/\/kapitalis.com\/tunisie\/2021\/06\/25\/les-deux-lettres-de-provocation-de-mechichi-a-saied\/#primaryimage\",\"url\":\"\",\"contentUrl\":\"\"},{\"@type\":\"BreadcrumbList\",\"@id\":\"https:\/\/kapitalis.com\/tunisie\/2021\/06\/25\/les-deux-lettres-de-provocation-de-mechichi-a-saied\/#breadcrumb\",\"itemListElement\":[{\"@type\":\"ListItem\",\"position\":1,\"name\":\"Accueil\",\"item\":\"https:\/\/kapitalis.com\/tunisie\/\"},{\"@type\":\"ListItem\",\"position\":2,\"name\":\"Les deux lettres de provocation de Mechichi \u00e0 Sa\u00efed\"}]},{\"@type\":\"WebSite\",\"@id\":\"https:\/\/kapitalis.com\/tunisie\/#website\",\"url\":\"https:\/\/kapitalis.com\/tunisie\/\",\"name\":\"Kapitalis\",\"description\":\"L&#039;actualit\u00e9 en Tunisie et dans le monde\",\"publisher\":{\"@id\":\"https:\/\/kapitalis.com\/tunisie\/#organization\"},\"potentialAction\":[{\"@type\":\"SearchAction\",\"target\":{\"@type\":\"EntryPoint\",\"urlTemplate\":\"https:\/\/kapitalis.com\/tunisie\/?s={search_term_string}\"},\"query-input\":{\"@type\":\"PropertyValueSpecification\",\"valueRequired\":true,\"valueName\":\"search_term_string\"}}],\"inLanguage\":\"fr-FR\"},{\"@type\":\"Organization\",\"@id\":\"https:\/\/kapitalis.com\/tunisie\/#organization\",\"name\":\"Kapitalis\",\"url\":\"https:\/\/kapitalis.com\/tunisie\/\",\"logo\":{\"@type\":\"ImageObject\",\"inLanguage\":\"fr-FR\",\"@id\":\"https:\/\/kapitalis.com\/tunisie\/#\/schema\/logo\/image\/\",\"url\":\"https:\/\/kapitalis.com\/tunisie\/wp-content\/uploads\/2022\/05\/Kapitalis-big-size.png\",\"contentUrl\":\"https:\/\/kapitalis.com\/tunisie\/wp-content\/uploads\/2022\/05\/Kapitalis-big-size.png\",\"width\":5000,\"height\":1500,\"caption\":\"Kapitalis\"},\"image\":{\"@id\":\"https:\/\/kapitalis.com\/tunisie\/#\/schema\/logo\/image\/\"},\"sameAs\":[\"https:\/\/www.facebook.com\/KapitalisInfo\/\",\"https:\/\/x.com\/KapitalisInfo\",\"https:\/\/www.youtube.com\/channel\/UC-yDYrHyfFBWWZaOw3FPg9Q\"]},{\"@type\":\"Person\",\"@id\":\"https:\/\/kapitalis.com\/tunisie\/#\/schema\/person\/d71f33a9ca44f7bad4698210b480c8e9\",\"name\":\"webmaster kapitalis\",\"url\":\"https:\/\/kapitalis.com\/tunisie\/author\/webmaster-kapitalis\/\"}]}<\/script>\n<!-- \/ Yoast SEO plugin. -->","yoast_head_json":{"title":"Les deux lettres de provocation de Mechichi \u00e0 Sa\u00efed - Kapitalis","robots":{"index":"index","follow":"follow","max-snippet":"max-snippet:-1","max-image-preview":"max-image-preview:large","max-video-preview":"max-video-preview:-1"},"canonical":"https:\/\/kapitalis.com\/tunisie\/2021\/06\/25\/les-deux-lettres-de-provocation-de-mechichi-a-saied\/","og_locale":"fr_FR","og_type":"article","og_title":"Les deux lettres de provocation de Mechichi \u00e0 Sa\u00efed - Kapitalis","og_description":"Par leur contenu clairement goguenard et provocateur, les deux lettres envoy\u00e9es hier, jeudi 24 juin 2021, par le chef du gouvernement Hichem Mechichi au pr\u00e9sident de la r\u00e9publique Ka\u00efs Sa\u00efed, ne sont pas de nature \u00e0 apaiser la tension entre les deux t\u00eates du pouvoir ex\u00e9cutif. Au contraire. D\u00e9cryptage\u2026 Par Ridha K\u00e9fi","og_url":"https:\/\/kapitalis.com\/tunisie\/2021\/06\/25\/les-deux-lettres-de-provocation-de-mechichi-a-saied\/","og_site_name":"Kapitalis","article_publisher":"https:\/\/www.facebook.com\/KapitalisInfo\/","article_published_time":"2021-06-25T07:50:41+00:00","article_modified_time":"2021-06-25T08:00:25+00:00","og_image":[{"url":"http:\/\/kapitalis.com\/tunisie\/wp-content\/uploads\/2021\/06\/KaisSaied-Hichem-Mechichi-Hasna-Ben-Slimane.jpg","type":"","width":"","height":""}],"author":"webmaster kapitalis","twitter_card":"summary_large_image","twitter_creator":"@KapitalisInfo","twitter_site":"@KapitalisInfo","twitter_misc":{"\u00c9crit par":"webmaster kapitalis","Dur\u00e9e de lecture estim\u00e9e":"5 minutes"},"schema":{"@context":"https:\/\/schema.org","@graph":[{"@type":"Article","@id":"https:\/\/kapitalis.com\/tunisie\/2021\/06\/25\/les-deux-lettres-de-provocation-de-mechichi-a-saied\/#article","isPartOf":{"@id":"https:\/\/kapitalis.com\/tunisie\/2021\/06\/25\/les-deux-lettres-de-provocation-de-mechichi-a-saied\/"},"author":{"name":"webmaster kapitalis","@id":"https:\/\/kapitalis.com\/tunisie\/#\/schema\/person\/d71f33a9ca44f7bad4698210b480c8e9"},"headline":"Les deux lettres de provocation de Mechichi \u00e0 Sa\u00efed","datePublished":"2021-06-25T07:50:41+00:00","dateModified":"2021-06-25T08:00:25+00:00","mainEntityOfPage":{"@id":"https:\/\/kapitalis.com\/tunisie\/2021\/06\/25\/les-deux-lettres-de-provocation-de-mechichi-a-saied\/"},"wordCount":1078,"commentCount":5,"publisher":{"@id":"https:\/\/kapitalis.com\/tunisie\/#organization"},"image":{"@id":"https:\/\/kapitalis.com\/tunisie\/2021\/06\/25\/les-deux-lettres-de-provocation-de-mechichi-a-saied\/#primaryimage"},"thumbnailUrl":"http:\/\/kapitalis.com\/tunisie\/wp-content\/uploads\/2021\/06\/KaisSaied-Hichem-Mechichi-Hasna-Ben-Slimane.jpg","keywords":["Ennahdha","Hichem Mechichi","Ka\u00efs Saied","Rached Ghannouchi"],"articleSection":["A LA UNE","POLITIQUE","TRIBUNE","Tunisie"],"inLanguage":"fr-FR","potentialAction":[{"@type":"CommentAction","name":"Comment","target":["https:\/\/kapitalis.com\/tunisie\/2021\/06\/25\/les-deux-lettres-de-provocation-de-mechichi-a-saied\/#respond"]}]},{"@type":"WebPage","@id":"https:\/\/kapitalis.com\/tunisie\/2021\/06\/25\/les-deux-lettres-de-provocation-de-mechichi-a-saied\/","url":"https:\/\/kapitalis.com\/tunisie\/2021\/06\/25\/les-deux-lettres-de-provocation-de-mechichi-a-saied\/","name":"Les deux lettres de provocation de Mechichi \u00e0 Sa\u00efed - Kapitalis","isPartOf":{"@id":"https:\/\/kapitalis.com\/tunisie\/#website"},"primaryImageOfPage":{"@id":"https:\/\/kapitalis.com\/tunisie\/2021\/06\/25\/les-deux-lettres-de-provocation-de-mechichi-a-saied\/#primaryimage"},"image":{"@id":"https:\/\/kapitalis.com\/tunisie\/2021\/06\/25\/les-deux-lettres-de-provocation-de-mechichi-a-saied\/#primaryimage"},"thumbnailUrl":"http:\/\/kapitalis.com\/tunisie\/wp-content\/uploads\/2021\/06\/KaisSaied-Hichem-Mechichi-Hasna-Ben-Slimane.jpg","datePublished":"2021-06-25T07:50:41+00:00","dateModified":"2021-06-25T08:00:25+00:00","breadcrumb":{"@id":"https:\/\/kapitalis.com\/tunisie\/2021\/06\/25\/les-deux-lettres-de-provocation-de-mechichi-a-saied\/#breadcrumb"},"inLanguage":"fr-FR","potentialAction":[{"@type":"ReadAction","target":["https:\/\/kapitalis.com\/tunisie\/2021\/06\/25\/les-deux-lettres-de-provocation-de-mechichi-a-saied\/"]}]},{"@type":"ImageObject","inLanguage":"fr-FR","@id":"https:\/\/kapitalis.com\/tunisie\/2021\/06\/25\/les-deux-lettres-de-provocation-de-mechichi-a-saied\/#primaryimage","url":"","contentUrl":""},{"@type":"BreadcrumbList","@id":"https:\/\/kapitalis.com\/tunisie\/2021\/06\/25\/les-deux-lettres-de-provocation-de-mechichi-a-saied\/#breadcrumb","itemListElement":[{"@type":"ListItem","position":1,"name":"Accueil","item":"https:\/\/kapitalis.com\/tunisie\/"},{"@type":"ListItem","position":2,"name":"Les deux lettres de provocation de Mechichi \u00e0 Sa\u00efed"}]},{"@type":"WebSite","@id":"https:\/\/kapitalis.com\/tunisie\/#website","url":"https:\/\/kapitalis.com\/tunisie\/","name":"Kapitalis","description":"L&#039;actualit\u00e9 en Tunisie et dans le monde","publisher":{"@id":"https:\/\/kapitalis.com\/tunisie\/#organization"},"potentialAction":[{"@type":"SearchAction","target":{"@type":"EntryPoint","urlTemplate":"https:\/\/kapitalis.com\/tunisie\/?s={search_term_string}"},"query-input":{"@type":"PropertyValueSpecification","valueRequired":true,"valueName":"search_term_string"}}],"inLanguage":"fr-FR"},{"@type":"Organization","@id":"https:\/\/kapitalis.com\/tunisie\/#organization","name":"Kapitalis","url":"https:\/\/kapitalis.com\/tunisie\/","logo":{"@type":"ImageObject","inLanguage":"fr-FR","@id":"https:\/\/kapitalis.com\/tunisie\/#\/schema\/logo\/image\/","url":"https:\/\/kapitalis.com\/tunisie\/wp-content\/uploads\/2022\/05\/Kapitalis-big-size.png","contentUrl":"https:\/\/kapitalis.com\/tunisie\/wp-content\/uploads\/2022\/05\/Kapitalis-big-size.png","width":5000,"height":1500,"caption":"Kapitalis"},"image":{"@id":"https:\/\/kapitalis.com\/tunisie\/#\/schema\/logo\/image\/"},"sameAs":["https:\/\/www.facebook.com\/KapitalisInfo\/","https:\/\/x.com\/KapitalisInfo","https:\/\/www.youtube.com\/channel\/UC-yDYrHyfFBWWZaOw3FPg9Q"]},{"@type":"Person","@id":"https:\/\/kapitalis.com\/tunisie\/#\/schema\/person\/d71f33a9ca44f7bad4698210b480c8e9","name":"webmaster kapitalis","url":"https:\/\/kapitalis.com\/tunisie\/author\/webmaster-kapitalis\/"}]}},"_links":{"self":[{"href":"https:\/\/kapitalis.com\/tunisie\/wp-json\/wp\/v2\/posts\/354020","targetHints":{"allow":["GET"]}}],"collection":[{"href":"https:\/\/kapitalis.com\/tunisie\/wp-json\/wp\/v2\/posts"}],"about":[{"href":"https:\/\/kapitalis.com\/tunisie\/wp-json\/wp\/v2\/types\/post"}],"author":[{"embeddable":true,"href":"https:\/\/kapitalis.com\/tunisie\/wp-json\/wp\/v2\/users\/8"}],"replies":[{"embeddable":true,"href":"https:\/\/kapitalis.com\/tunisie\/wp-json\/wp\/v2\/comments?post=354020"}],"version-history":[{"count":0,"href":"https:\/\/kapitalis.com\/tunisie\/wp-json\/wp\/v2\/posts\/354020\/revisions"}],"wp:attachment":[{"href":"https:\/\/kapitalis.com\/tunisie\/wp-json\/wp\/v2\/media?parent=354020"}],"wp:term":[{"taxonomy":"category","embeddable":true,"href":"https:\/\/kapitalis.com\/tunisie\/wp-json\/wp\/v2\/categories?post=354020"},{"taxonomy":"post_tag","embeddable":true,"href":"https:\/\/kapitalis.com\/tunisie\/wp-json\/wp\/v2\/tags?post=354020"}],"curies":[{"name":"wp","href":"https:\/\/api.w.org\/{rel}","templated":true}]}}