{"id":354066,"date":"2021-06-25T14:54:37","date_gmt":"2021-06-25T13:54:37","guid":{"rendered":"http:\/\/kapitalis.com\/tunisie\/?p=354066"},"modified":"2021-06-25T15:27:22","modified_gmt":"2021-06-25T14:27:22","slug":"tunisie-covid-les-mesures-sanitaires-jusquau-11-juillet-2021","status":"publish","type":"post","link":"https:\/\/kapitalis.com\/tunisie\/2021\/06\/25\/tunisie-covid-les-mesures-sanitaires-jusquau-11-juillet-2021\/","title":{"rendered":"Tunisie-Covid : Les mesures sanitaires jusqu&rsquo;au 11 juillet 2021"},"content":{"rendered":"\n<div class=\"wp-block-image\"><figure class=\"aligncenter size-large\"><img decoding=\"async\" src=\"http:\/\/kapitalis.com\/tunisie\/wp-content\/uploads\/2020\/06\/Tunisie-coronavirus.jpg\" alt=\"\" class=\"wp-image-303084\"\/><\/figure><\/div>\n\n\n\n<p><strong><em>La  porte-parole du gouvernement, Hasna Ben Slimane a annonc\u00e9 ce vendredi 25 juin 2021, les mesures sanitaires pour lutter contre le coronavirus, d\u00e9cid\u00e9es par les autorit\u00e9s tunisiennes et qui seront applicables \u00e0 partir de demain et jusqu&rsquo;au 11 juillet.<\/em><\/strong><\/p>\n\n\n\n<!--more-->\n\n\n\n<p>Hasna Ben Slimane a affirm\u00e9 que le couvre-feu a finalement \u00e9t\u00e9 maintenu de 22h \u00e0 5h et que le protocole destin\u00e9 aux commerces, h\u00f4tels, caf\u00e9s, festivals et restaurants impose une capacit\u00e9 d&rsquo;accueil \u00e0 30% \u00e0 l&rsquo;int\u00e9rieur et 50% dans les espaces ouverts : <em>\u00abDes mesures seront renforc\u00e9es dans les zones \u00e0 fort taux d&rsquo;incidence\u00bb<\/em>, a-t-elle pr\u00e9cis\u00e9.<\/p>\n\n\n\n<p>La m\u00eame source a ajout\u00e9 que des campagnes de contr\u00f4le du respect des mesures seront renforc\u00e9es et que des campagnes de sensibilisation et d&rsquo;inscription \u00e0 la vaccination seront men\u00e9es dans tous les gouvernorats, o\u00f9 des \u00e9quipes mobiles se chargeront de vacciner les personnes vuln\u00e9rables.<\/p>\n\n\n\n<p>D&rsquo;autre part, des mesures sp\u00e9cifiques seront destin\u00e9es aux zones dites rouges, sur la base des donn\u00e9es du minist\u00e8re de la Sant\u00e9 comme suit :<\/p>\n\n\n\n<ul class=\"wp-block-list\"><li><strong>Taux d&rsquo;incidence de 400 cas positifs \/100.000 habitants<\/strong> : fermeture compl\u00e8te et confinement g\u00e9n\u00e9ral dans les d\u00e9l\u00e9gations et\/ou gouvernorats concern\u00e9s avec un couvre-feu de 20h \u00e0 5h, interdiction de tous rassemblements (sportifs, culturels, publics et priv\u00e9s), fermeture des commerces non essentiels, des hammams, des salles de sport et des mosqu\u00e9es<\/li><li><strong>Entre 300 et 400 et cas \/100.000 habitants<\/strong> : confinement cibl\u00e9 &amp; fermeture, avec renforcement du couvre-feu ( \u00e0 partir de 20h), interdiction de s&rsquo;attabler dans les caf\u00e9s et les restaurants , o\u00f9 la consommation sera interdite sur place d\u00e8s 16h, interdiction de tous les rassemblements et des f\u00eates, m\u00eame priv\u00e9es.<\/li><li><strong>Entre 200 et 300 et cas \/100.000 habitants<\/strong> : confinement cibl\u00e9, sans fermeture, interdiction de s&rsquo;attabler dans les caf\u00e9s et les restaurants , interdiction de tous les rassemblements et des f\u00eates m\u00eame priv\u00e9es.<\/li><\/ul>\n\n\n\n<p>Les gouverneur devront d\u00e8s l&rsquo;alerte des autorit\u00e9s sanitaires, organiser des r\u00e9unions avec les Commissions charg\u00e9es de la lutte contre les catastrophes naturelles pour prendre ces d\u00e9cisions et les annoncer, en s&rsquo;assurant de leur stricte application, ajoute Hasna Ben Slimane.<\/p>\n\n\n\n<p class=\"has-text-align-right\"><strong>Y. N.<\/strong><\/p>\n","protected":false},"excerpt":{"rendered":"<p>La porte-parole du gouvernement, Hasna Ben Slimane a annonc\u00e9 ce vendredi 25 juin 2021, les mesures sanitaires pour lutter contre le coronavirus, d\u00e9cid\u00e9es par les autorit\u00e9s tunisiennes et qui seront applicables \u00e0 partir de demain et jusqu&rsquo;au 11 juillet.<\/p>\n","protected":false},"author":6,"featured_media":0,"comment_status":"open","ping_status":"open","sticky":false,"template":"","format":"standard","meta":{"footnotes":""},"categories":[998,2433],"tags":[73060,78820,76945,810,62643,86346],"class_list":["post-354066","post","type-post","status-publish","format-standard","hentry","category-societe","category-tunisie","tag-coronavirus","tag-covid-2","tag-mesures-sanitaires","tag-sante","tag-tunisie","tag-zones-rouges"],"yoast_head":"<!-- This site is optimized with the Yoast SEO plugin v26.6 - https:\/\/yoast.com\/wordpress\/plugins\/seo\/ -->\n<title>Tunisie-Covid : Les mesures sanitaires jusqu&#039;au 11 juillet 2021 - Kapitalis<\/title>\n<meta name=\"robots\" content=\"index, follow, max-snippet:-1, max-image-preview:large, max-video-preview:-1\" \/>\n<link rel=\"canonical\" href=\"https:\/\/kapitalis.com\/tunisie\/2021\/06\/25\/tunisie-covid-les-mesures-sanitaires-jusquau-11-juillet-2021\/\" \/>\n<meta property=\"og:locale\" content=\"fr_FR\" \/>\n<meta property=\"og:type\" content=\"article\" \/>\n<meta property=\"og:title\" content=\"Tunisie-Covid : Les mesures sanitaires jusqu&#039;au 11 juillet 2021 - Kapitalis\" \/>\n<meta property=\"og:description\" content=\"La porte-parole du gouvernement, Hasna Ben Slimane a annonc\u00e9 ce vendredi 25 juin 2021, les mesures sanitaires pour lutter contre le coronavirus, d\u00e9cid\u00e9es par les autorit\u00e9s tunisiennes et qui seront applicables \u00e0 partir de demain et jusqu&rsquo;au 11 juillet.\" \/>\n<meta property=\"og:url\" content=\"https:\/\/kapitalis.com\/tunisie\/2021\/06\/25\/tunisie-covid-les-mesures-sanitaires-jusquau-11-juillet-2021\/\" \/>\n<meta property=\"og:site_name\" content=\"Kapitalis\" \/>\n<meta property=\"article:publisher\" content=\"https:\/\/www.facebook.com\/KapitalisInfo\/\" \/>\n<meta property=\"article:published_time\" content=\"2021-06-25T13:54:37+00:00\" \/>\n<meta property=\"article:modified_time\" content=\"2021-06-25T14:27:22+00:00\" \/>\n<meta property=\"og:image\" content=\"http:\/\/kapitalis.com\/tunisie\/wp-content\/uploads\/2020\/06\/Tunisie-coronavirus.jpg\" \/>\n<meta name=\"author\" content=\"Yusra NY\" \/>\n<meta name=\"twitter:card\" content=\"summary_large_image\" \/>\n<meta name=\"twitter:creator\" content=\"@KapitalisInfo\" \/>\n<meta name=\"twitter:site\" content=\"@KapitalisInfo\" \/>\n<meta name=\"twitter:label1\" content=\"\u00c9crit par\" \/>\n\t<meta name=\"twitter:data1\" content=\"Yusra NY\" \/>\n\t<meta name=\"twitter:label2\" content=\"Dur\u00e9e de lecture estim\u00e9e\" \/>\n\t<meta name=\"twitter:data2\" content=\"2 minutes\" \/>\n<script type=\"application\/ld+json\" class=\"yoast-schema-graph\">{\"@context\":\"https:\/\/schema.org\",\"@graph\":[{\"@type\":\"Article\",\"@id\":\"https:\/\/kapitalis.com\/tunisie\/2021\/06\/25\/tunisie-covid-les-mesures-sanitaires-jusquau-11-juillet-2021\/#article\",\"isPartOf\":{\"@id\":\"https:\/\/kapitalis.com\/tunisie\/2021\/06\/25\/tunisie-covid-les-mesures-sanitaires-jusquau-11-juillet-2021\/\"},\"author\":{\"name\":\"Yusra NY\",\"@id\":\"https:\/\/kapitalis.com\/tunisie\/#\/schema\/person\/74bbde0154d49d790a92aaeac5bc01d5\"},\"headline\":\"Tunisie-Covid : Les mesures sanitaires jusqu&rsquo;au 11 juillet 2021\",\"datePublished\":\"2021-06-25T13:54:37+00:00\",\"dateModified\":\"2021-06-25T14:27:22+00:00\",\"mainEntityOfPage\":{\"@id\":\"https:\/\/kapitalis.com\/tunisie\/2021\/06\/25\/tunisie-covid-les-mesures-sanitaires-jusquau-11-juillet-2021\/\"},\"wordCount\":355,\"commentCount\":1,\"publisher\":{\"@id\":\"https:\/\/kapitalis.com\/tunisie\/#organization\"},\"image\":{\"@id\":\"https:\/\/kapitalis.com\/tunisie\/2021\/06\/25\/tunisie-covid-les-mesures-sanitaires-jusquau-11-juillet-2021\/#primaryimage\"},\"thumbnailUrl\":\"http:\/\/kapitalis.com\/tunisie\/wp-content\/uploads\/2020\/06\/Tunisie-coronavirus.jpg\",\"keywords\":[\"Coronavirus\",\"covid\",\"mesures sanitaires\",\"Sant\u00e9\",\"Tunisie\",\"zones rouges\"],\"articleSection\":[\"SOCIETE\",\"Tunisie\"],\"inLanguage\":\"fr-FR\",\"potentialAction\":[{\"@type\":\"CommentAction\",\"name\":\"Comment\",\"target\":[\"https:\/\/kapitalis.com\/tunisie\/2021\/06\/25\/tunisie-covid-les-mesures-sanitaires-jusquau-11-juillet-2021\/#respond\"]}]},{\"@type\":\"WebPage\",\"@id\":\"https:\/\/kapitalis.com\/tunisie\/2021\/06\/25\/tunisie-covid-les-mesures-sanitaires-jusquau-11-juillet-2021\/\",\"url\":\"https:\/\/kapitalis.com\/tunisie\/2021\/06\/25\/tunisie-covid-les-mesures-sanitaires-jusquau-11-juillet-2021\/\",\"name\":\"Tunisie-Covid : Les mesures sanitaires jusqu'au 11 juillet 2021 - Kapitalis\",\"isPartOf\":{\"@id\":\"https:\/\/kapitalis.com\/tunisie\/#website\"},\"primaryImageOfPage\":{\"@id\":\"https:\/\/kapitalis.com\/tunisie\/2021\/06\/25\/tunisie-covid-les-mesures-sanitaires-jusquau-11-juillet-2021\/#primaryimage\"},\"image\":{\"@id\":\"https:\/\/kapitalis.com\/tunisie\/2021\/06\/25\/tunisie-covid-les-mesures-sanitaires-jusquau-11-juillet-2021\/#primaryimage\"},\"thumbnailUrl\":\"http:\/\/kapitalis.com\/tunisie\/wp-content\/uploads\/2020\/06\/Tunisie-coronavirus.jpg\",\"datePublished\":\"2021-06-25T13:54:37+00:00\",\"dateModified\":\"2021-06-25T14:27:22+00:00\",\"breadcrumb\":{\"@id\":\"https:\/\/kapitalis.com\/tunisie\/2021\/06\/25\/tunisie-covid-les-mesures-sanitaires-jusquau-11-juillet-2021\/#breadcrumb\"},\"inLanguage\":\"fr-FR\",\"potentialAction\":[{\"@type\":\"ReadAction\",\"target\":[\"https:\/\/kapitalis.com\/tunisie\/2021\/06\/25\/tunisie-covid-les-mesures-sanitaires-jusquau-11-juillet-2021\/\"]}]},{\"@type\":\"ImageObject\",\"inLanguage\":\"fr-FR\",\"@id\":\"https:\/\/kapitalis.com\/tunisie\/2021\/06\/25\/tunisie-covid-les-mesures-sanitaires-jusquau-11-juillet-2021\/#primaryimage\",\"url\":\"\",\"contentUrl\":\"\"},{\"@type\":\"BreadcrumbList\",\"@id\":\"https:\/\/kapitalis.com\/tunisie\/2021\/06\/25\/tunisie-covid-les-mesures-sanitaires-jusquau-11-juillet-2021\/#breadcrumb\",\"itemListElement\":[{\"@type\":\"ListItem\",\"position\":1,\"name\":\"Accueil\",\"item\":\"https:\/\/kapitalis.com\/tunisie\/\"},{\"@type\":\"ListItem\",\"position\":2,\"name\":\"Tunisie-Covid : Les mesures sanitaires jusqu&rsquo;au 11 juillet 2021\"}]},{\"@type\":\"WebSite\",\"@id\":\"https:\/\/kapitalis.com\/tunisie\/#website\",\"url\":\"https:\/\/kapitalis.com\/tunisie\/\",\"name\":\"Kapitalis\",\"description\":\"L&#039;actualit\u00e9 en Tunisie et dans le monde\",\"publisher\":{\"@id\":\"https:\/\/kapitalis.com\/tunisie\/#organization\"},\"potentialAction\":[{\"@type\":\"SearchAction\",\"target\":{\"@type\":\"EntryPoint\",\"urlTemplate\":\"https:\/\/kapitalis.com\/tunisie\/?s={search_term_string}\"},\"query-input\":{\"@type\":\"PropertyValueSpecification\",\"valueRequired\":true,\"valueName\":\"search_term_string\"}}],\"inLanguage\":\"fr-FR\"},{\"@type\":\"Organization\",\"@id\":\"https:\/\/kapitalis.com\/tunisie\/#organization\",\"name\":\"Kapitalis\",\"url\":\"https:\/\/kapitalis.com\/tunisie\/\",\"logo\":{\"@type\":\"ImageObject\",\"inLanguage\":\"fr-FR\",\"@id\":\"https:\/\/kapitalis.com\/tunisie\/#\/schema\/logo\/image\/\",\"url\":\"https:\/\/kapitalis.com\/tunisie\/wp-content\/uploads\/2022\/05\/Kapitalis-big-size.png\",\"contentUrl\":\"https:\/\/kapitalis.com\/tunisie\/wp-content\/uploads\/2022\/05\/Kapitalis-big-size.png\",\"width\":5000,\"height\":1500,\"caption\":\"Kapitalis\"},\"image\":{\"@id\":\"https:\/\/kapitalis.com\/tunisie\/#\/schema\/logo\/image\/\"},\"sameAs\":[\"https:\/\/www.facebook.com\/KapitalisInfo\/\",\"https:\/\/x.com\/KapitalisInfo\",\"https:\/\/www.youtube.com\/channel\/UC-yDYrHyfFBWWZaOw3FPg9Q\"]},{\"@type\":\"Person\",\"@id\":\"https:\/\/kapitalis.com\/tunisie\/#\/schema\/person\/74bbde0154d49d790a92aaeac5bc01d5\",\"name\":\"Yusra NY\",\"url\":\"https:\/\/kapitalis.com\/tunisie\/author\/yuza_adam\/\"}]}<\/script>\n<!-- \/ Yoast SEO plugin. -->","yoast_head_json":{"title":"Tunisie-Covid : Les mesures sanitaires jusqu'au 11 juillet 2021 - Kapitalis","robots":{"index":"index","follow":"follow","max-snippet":"max-snippet:-1","max-image-preview":"max-image-preview:large","max-video-preview":"max-video-preview:-1"},"canonical":"https:\/\/kapitalis.com\/tunisie\/2021\/06\/25\/tunisie-covid-les-mesures-sanitaires-jusquau-11-juillet-2021\/","og_locale":"fr_FR","og_type":"article","og_title":"Tunisie-Covid : Les mesures sanitaires jusqu'au 11 juillet 2021 - Kapitalis","og_description":"La porte-parole du gouvernement, Hasna Ben Slimane a annonc\u00e9 ce vendredi 25 juin 2021, les mesures sanitaires pour lutter contre le coronavirus, d\u00e9cid\u00e9es par les autorit\u00e9s tunisiennes et qui seront applicables \u00e0 partir de demain et jusqu&rsquo;au 11 juillet.","og_url":"https:\/\/kapitalis.com\/tunisie\/2021\/06\/25\/tunisie-covid-les-mesures-sanitaires-jusquau-11-juillet-2021\/","og_site_name":"Kapitalis","article_publisher":"https:\/\/www.facebook.com\/KapitalisInfo\/","article_published_time":"2021-06-25T13:54:37+00:00","article_modified_time":"2021-06-25T14:27:22+00:00","og_image":[{"url":"http:\/\/kapitalis.com\/tunisie\/wp-content\/uploads\/2020\/06\/Tunisie-coronavirus.jpg","type":"","width":"","height":""}],"author":"Yusra NY","twitter_card":"summary_large_image","twitter_creator":"@KapitalisInfo","twitter_site":"@KapitalisInfo","twitter_misc":{"\u00c9crit par":"Yusra NY","Dur\u00e9e de lecture estim\u00e9e":"2 minutes"},"schema":{"@context":"https:\/\/schema.org","@graph":[{"@type":"Article","@id":"https:\/\/kapitalis.com\/tunisie\/2021\/06\/25\/tunisie-covid-les-mesures-sanitaires-jusquau-11-juillet-2021\/#article","isPartOf":{"@id":"https:\/\/kapitalis.com\/tunisie\/2021\/06\/25\/tunisie-covid-les-mesures-sanitaires-jusquau-11-juillet-2021\/"},"author":{"name":"Yusra NY","@id":"https:\/\/kapitalis.com\/tunisie\/#\/schema\/person\/74bbde0154d49d790a92aaeac5bc01d5"},"headline":"Tunisie-Covid : Les mesures sanitaires jusqu&rsquo;au 11 juillet 2021","datePublished":"2021-06-25T13:54:37+00:00","dateModified":"2021-06-25T14:27:22+00:00","mainEntityOfPage":{"@id":"https:\/\/kapitalis.com\/tunisie\/2021\/06\/25\/tunisie-covid-les-mesures-sanitaires-jusquau-11-juillet-2021\/"},"wordCount":355,"commentCount":1,"publisher":{"@id":"https:\/\/kapitalis.com\/tunisie\/#organization"},"image":{"@id":"https:\/\/kapitalis.com\/tunisie\/2021\/06\/25\/tunisie-covid-les-mesures-sanitaires-jusquau-11-juillet-2021\/#primaryimage"},"thumbnailUrl":"http:\/\/kapitalis.com\/tunisie\/wp-content\/uploads\/2020\/06\/Tunisie-coronavirus.jpg","keywords":["Coronavirus","covid","mesures sanitaires","Sant\u00e9","Tunisie","zones rouges"],"articleSection":["SOCIETE","Tunisie"],"inLanguage":"fr-FR","potentialAction":[{"@type":"CommentAction","name":"Comment","target":["https:\/\/kapitalis.com\/tunisie\/2021\/06\/25\/tunisie-covid-les-mesures-sanitaires-jusquau-11-juillet-2021\/#respond"]}]},{"@type":"WebPage","@id":"https:\/\/kapitalis.com\/tunisie\/2021\/06\/25\/tunisie-covid-les-mesures-sanitaires-jusquau-11-juillet-2021\/","url":"https:\/\/kapitalis.com\/tunisie\/2021\/06\/25\/tunisie-covid-les-mesures-sanitaires-jusquau-11-juillet-2021\/","name":"Tunisie-Covid : Les mesures sanitaires jusqu'au 11 juillet 2021 - Kapitalis","isPartOf":{"@id":"https:\/\/kapitalis.com\/tunisie\/#website"},"primaryImageOfPage":{"@id":"https:\/\/kapitalis.com\/tunisie\/2021\/06\/25\/tunisie-covid-les-mesures-sanitaires-jusquau-11-juillet-2021\/#primaryimage"},"image":{"@id":"https:\/\/kapitalis.com\/tunisie\/2021\/06\/25\/tunisie-covid-les-mesures-sanitaires-jusquau-11-juillet-2021\/#primaryimage"},"thumbnailUrl":"http:\/\/kapitalis.com\/tunisie\/wp-content\/uploads\/2020\/06\/Tunisie-coronavirus.jpg","datePublished":"2021-06-25T13:54:37+00:00","dateModified":"2021-06-25T14:27:22+00:00","breadcrumb":{"@id":"https:\/\/kapitalis.com\/tunisie\/2021\/06\/25\/tunisie-covid-les-mesures-sanitaires-jusquau-11-juillet-2021\/#breadcrumb"},"inLanguage":"fr-FR","potentialAction":[{"@type":"ReadAction","target":["https:\/\/kapitalis.com\/tunisie\/2021\/06\/25\/tunisie-covid-les-mesures-sanitaires-jusquau-11-juillet-2021\/"]}]},{"@type":"ImageObject","inLanguage":"fr-FR","@id":"https:\/\/kapitalis.com\/tunisie\/2021\/06\/25\/tunisie-covid-les-mesures-sanitaires-jusquau-11-juillet-2021\/#primaryimage","url":"","contentUrl":""},{"@type":"BreadcrumbList","@id":"https:\/\/kapitalis.com\/tunisie\/2021\/06\/25\/tunisie-covid-les-mesures-sanitaires-jusquau-11-juillet-2021\/#breadcrumb","itemListElement":[{"@type":"ListItem","position":1,"name":"Accueil","item":"https:\/\/kapitalis.com\/tunisie\/"},{"@type":"ListItem","position":2,"name":"Tunisie-Covid : Les mesures sanitaires jusqu&rsquo;au 11 juillet 2021"}]},{"@type":"WebSite","@id":"https:\/\/kapitalis.com\/tunisie\/#website","url":"https:\/\/kapitalis.com\/tunisie\/","name":"Kapitalis","description":"L&#039;actualit\u00e9 en Tunisie et dans le monde","publisher":{"@id":"https:\/\/kapitalis.com\/tunisie\/#organization"},"potentialAction":[{"@type":"SearchAction","target":{"@type":"EntryPoint","urlTemplate":"https:\/\/kapitalis.com\/tunisie\/?s={search_term_string}"},"query-input":{"@type":"PropertyValueSpecification","valueRequired":true,"valueName":"search_term_string"}}],"inLanguage":"fr-FR"},{"@type":"Organization","@id":"https:\/\/kapitalis.com\/tunisie\/#organization","name":"Kapitalis","url":"https:\/\/kapitalis.com\/tunisie\/","logo":{"@type":"ImageObject","inLanguage":"fr-FR","@id":"https:\/\/kapitalis.com\/tunisie\/#\/schema\/logo\/image\/","url":"https:\/\/kapitalis.com\/tunisie\/wp-content\/uploads\/2022\/05\/Kapitalis-big-size.png","contentUrl":"https:\/\/kapitalis.com\/tunisie\/wp-content\/uploads\/2022\/05\/Kapitalis-big-size.png","width":5000,"height":1500,"caption":"Kapitalis"},"image":{"@id":"https:\/\/kapitalis.com\/tunisie\/#\/schema\/logo\/image\/"},"sameAs":["https:\/\/www.facebook.com\/KapitalisInfo\/","https:\/\/x.com\/KapitalisInfo","https:\/\/www.youtube.com\/channel\/UC-yDYrHyfFBWWZaOw3FPg9Q"]},{"@type":"Person","@id":"https:\/\/kapitalis.com\/tunisie\/#\/schema\/person\/74bbde0154d49d790a92aaeac5bc01d5","name":"Yusra NY","url":"https:\/\/kapitalis.com\/tunisie\/author\/yuza_adam\/"}]}},"_links":{"self":[{"href":"https:\/\/kapitalis.com\/tunisie\/wp-json\/wp\/v2\/posts\/354066","targetHints":{"allow":["GET"]}}],"collection":[{"href":"https:\/\/kapitalis.com\/tunisie\/wp-json\/wp\/v2\/posts"}],"about":[{"href":"https:\/\/kapitalis.com\/tunisie\/wp-json\/wp\/v2\/types\/post"}],"author":[{"embeddable":true,"href":"https:\/\/kapitalis.com\/tunisie\/wp-json\/wp\/v2\/users\/6"}],"replies":[{"embeddable":true,"href":"https:\/\/kapitalis.com\/tunisie\/wp-json\/wp\/v2\/comments?post=354066"}],"version-history":[{"count":0,"href":"https:\/\/kapitalis.com\/tunisie\/wp-json\/wp\/v2\/posts\/354066\/revisions"}],"wp:attachment":[{"href":"https:\/\/kapitalis.com\/tunisie\/wp-json\/wp\/v2\/media?parent=354066"}],"wp:term":[{"taxonomy":"category","embeddable":true,"href":"https:\/\/kapitalis.com\/tunisie\/wp-json\/wp\/v2\/categories?post=354066"},{"taxonomy":"post_tag","embeddable":true,"href":"https:\/\/kapitalis.com\/tunisie\/wp-json\/wp\/v2\/tags?post=354066"}],"curies":[{"name":"wp","href":"https:\/\/api.w.org\/{rel}","templated":true}]}}