{"id":3543078,"date":"2022-08-30T15:52:00","date_gmt":"2022-08-30T14:52:00","guid":{"rendered":"https:\/\/kapitalis.com\/tunisie\/?p=3543078"},"modified":"2022-08-30T15:53:12","modified_gmt":"2022-08-30T14:53:12","slug":"tunisie-najla-bouden-confirme-a-paris-la-tenue-du-sommet-de-la-francophonie-a-djerba","status":"publish","type":"post","link":"https:\/\/kapitalis.com\/tunisie\/2022\/08\/30\/tunisie-najla-bouden-confirme-a-paris-la-tenue-du-sommet-de-la-francophonie-a-djerba\/","title":{"rendered":"Tunisie : Najla Bouden confirme, \u00e0 Paris, la tenue du Sommet de la francophonie \u00e0 Djerba"},"content":{"rendered":"\n<p><strong><em>En marge de sa participation, \u00e0 Paris, en tant qu\u2019invit\u00e9e d\u2019honneur \u00e0 la Rencontre des entrepreneurs de France (LaREF 2022), la cheffe du gouvernement tunisienne, Najla Bouden, a confirm\u00e9 la tenue du 18e Sommet de la francophonie en Tunisie, et plus pr\u00e9cis\u00e9ment \u00e0 Djerba, les 19 et 20 novembre 2022.<\/em><\/strong><\/p>\n\n\n\n<!--more-->\n\n\n\n<p>Bouden a, par ailleurs, appel\u00e9 l\u2019Europe \u00e0 \u00ab<em>miser d\u00e8s \u00e0 pr\u00e9sent sur l\u2019Afrique, \u00e0 travers les crit\u00e8res environnementaux, sociaux et de gouvernance, qui attirent des liquidit\u00e9s internationales, surtout depuis la pand\u00e9mie, avec 26 milliards de dollars d\u00e9di\u00e9s aux seules \u00e9nergies renouvelables, en 2021<\/em>\u00bb.<\/p>\n\n\n\n<p>La cheffe du gouvernement a confirm\u00e9 \u00e9galement la tenue de la Conf\u00e9rence \u00e9conomique \u00e0 Djerba, en novembre.<\/p>\n\n\n\n<p>Notons que ce rendez-vous avait \u00e9t\u00e9 annonc\u00e9e par le Comit\u00e9 d&rsquo;organisation du Sommet lors d&rsquo;une conf\u00e9rence de presse tenue au si\u00e8ge du minist\u00e8re des Affaires \u00e9trang\u00e8res \u00e0 Tunis, le 28 juin dernier. Il aura lieu les 20 et 21 novembre.<\/p>\n\n\n\n<p class=\"has-text-align-right\"><strong>C. B. Y.<\/strong><\/p>\n","protected":false},"excerpt":{"rendered":"<p>En marge de sa participation, \u00e0 Paris, en tant qu\u2019invit\u00e9e d\u2019honneur \u00e0 la Rencontre des entrepreneurs de France (LaREF 2022), la cheffe du gouvernement tunisienne, Najla Bouden, a confirm\u00e9 la tenue du 18e Sommet de la francophonie en Tunisie, et plus pr\u00e9cis\u00e9ment \u00e0 Djerba, les 19 et 20 novembre 2022.<\/p>\n","protected":false},"author":24,"featured_media":3543775,"comment_status":"open","ping_status":"open","sticky":false,"template":"","format":"standard","meta":{"footnotes":""},"categories":[995,2433],"tags":[102418,284,93702,72700,62643],"class_list":["post-3543078","post","type-post","status-publish","format-standard","has-post-thumbnail","hentry","category-economie","category-tunisie","tag-conference-economique","tag-djerba","tag-najla-bouden","tag-sommet-de-la-francophonie","tag-tunisie"],"yoast_head":"<!-- This site is optimized with the Yoast SEO plugin v26.6 - https:\/\/yoast.com\/wordpress\/plugins\/seo\/ -->\n<title>Tunisie : Najla Bouden confirme, \u00e0 Paris, la tenue du Sommet de la francophonie \u00e0 Djerba - Kapitalis<\/title>\n<meta name=\"robots\" content=\"index, follow, max-snippet:-1, max-image-preview:large, max-video-preview:-1\" \/>\n<link rel=\"canonical\" href=\"https:\/\/kapitalis.com\/tunisie\/2022\/08\/30\/tunisie-najla-bouden-confirme-a-paris-la-tenue-du-sommet-de-la-francophonie-a-djerba\/\" \/>\n<meta property=\"og:locale\" content=\"fr_FR\" \/>\n<meta property=\"og:type\" content=\"article\" \/>\n<meta property=\"og:title\" content=\"Tunisie : Najla Bouden confirme, \u00e0 Paris, la tenue du Sommet de la francophonie \u00e0 Djerba - Kapitalis\" \/>\n<meta property=\"og:description\" content=\"En marge de sa participation, \u00e0 Paris, en tant qu\u2019invit\u00e9e d\u2019honneur \u00e0 la Rencontre des entrepreneurs de France (LaREF 2022), la cheffe du gouvernement tunisienne, Najla Bouden, a confirm\u00e9 la tenue du 18e Sommet de la francophonie en Tunisie, et plus pr\u00e9cis\u00e9ment \u00e0 Djerba, les 19 et 20 novembre 2022.\" \/>\n<meta property=\"og:url\" content=\"https:\/\/kapitalis.com\/tunisie\/2022\/08\/30\/tunisie-najla-bouden-confirme-a-paris-la-tenue-du-sommet-de-la-francophonie-a-djerba\/\" \/>\n<meta property=\"og:site_name\" content=\"Kapitalis\" \/>\n<meta property=\"article:publisher\" content=\"https:\/\/www.facebook.com\/KapitalisInfo\/\" \/>\n<meta property=\"article:published_time\" content=\"2022-08-30T14:52:00+00:00\" \/>\n<meta property=\"article:modified_time\" content=\"2022-08-30T14:53:12+00:00\" \/>\n<meta property=\"og:image\" content=\"https:\/\/kapitalis.com\/tunisie\/wp-content\/uploads\/2022\/08\/bouden-a-Paris.jpg\" \/>\n\t<meta property=\"og:image:width\" content=\"1200\" \/>\n\t<meta property=\"og:image:height\" content=\"630\" \/>\n\t<meta property=\"og:image:type\" content=\"image\/jpeg\" \/>\n<meta name=\"author\" content=\"Cherif Benyounes\" \/>\n<meta name=\"twitter:card\" content=\"summary_large_image\" \/>\n<meta name=\"twitter:creator\" content=\"@KapitalisInfo\" \/>\n<meta name=\"twitter:site\" content=\"@KapitalisInfo\" \/>\n<meta name=\"twitter:label1\" content=\"\u00c9crit par\" \/>\n\t<meta name=\"twitter:data1\" content=\"Cherif Benyounes\" \/>\n\t<meta name=\"twitter:label2\" content=\"Dur\u00e9e de lecture estim\u00e9e\" \/>\n\t<meta name=\"twitter:data2\" content=\"1 minute\" \/>\n<script type=\"application\/ld+json\" class=\"yoast-schema-graph\">{\"@context\":\"https:\/\/schema.org\",\"@graph\":[{\"@type\":\"Article\",\"@id\":\"https:\/\/kapitalis.com\/tunisie\/2022\/08\/30\/tunisie-najla-bouden-confirme-a-paris-la-tenue-du-sommet-de-la-francophonie-a-djerba\/#article\",\"isPartOf\":{\"@id\":\"https:\/\/kapitalis.com\/tunisie\/2022\/08\/30\/tunisie-najla-bouden-confirme-a-paris-la-tenue-du-sommet-de-la-francophonie-a-djerba\/\"},\"author\":{\"name\":\"Cherif Benyounes\",\"@id\":\"https:\/\/kapitalis.com\/tunisie\/#\/schema\/person\/b35b8d631961131107263178aeb8019e\"},\"headline\":\"Tunisie : Najla Bouden confirme, \u00e0 Paris, la tenue du Sommet de la francophonie \u00e0 Djerba\",\"datePublished\":\"2022-08-30T14:52:00+00:00\",\"dateModified\":\"2022-08-30T14:53:12+00:00\",\"mainEntityOfPage\":{\"@id\":\"https:\/\/kapitalis.com\/tunisie\/2022\/08\/30\/tunisie-najla-bouden-confirme-a-paris-la-tenue-du-sommet-de-la-francophonie-a-djerba\/\"},\"wordCount\":169,\"commentCount\":2,\"publisher\":{\"@id\":\"https:\/\/kapitalis.com\/tunisie\/#organization\"},\"image\":{\"@id\":\"https:\/\/kapitalis.com\/tunisie\/2022\/08\/30\/tunisie-najla-bouden-confirme-a-paris-la-tenue-du-sommet-de-la-francophonie-a-djerba\/#primaryimage\"},\"thumbnailUrl\":\"https:\/\/kapitalis.com\/tunisie\/wp-content\/uploads\/2022\/08\/bouden-a-Paris.jpg\",\"keywords\":[\"Conf\u00e9rence \u00e9conomique\",\"Djerba\",\"Najla Bouden\",\"Sommet de la Francophonie\",\"Tunisie\"],\"articleSection\":[\"ECONOMIE\",\"Tunisie\"],\"inLanguage\":\"fr-FR\",\"potentialAction\":[{\"@type\":\"CommentAction\",\"name\":\"Comment\",\"target\":[\"https:\/\/kapitalis.com\/tunisie\/2022\/08\/30\/tunisie-najla-bouden-confirme-a-paris-la-tenue-du-sommet-de-la-francophonie-a-djerba\/#respond\"]}]},{\"@type\":\"WebPage\",\"@id\":\"https:\/\/kapitalis.com\/tunisie\/2022\/08\/30\/tunisie-najla-bouden-confirme-a-paris-la-tenue-du-sommet-de-la-francophonie-a-djerba\/\",\"url\":\"https:\/\/kapitalis.com\/tunisie\/2022\/08\/30\/tunisie-najla-bouden-confirme-a-paris-la-tenue-du-sommet-de-la-francophonie-a-djerba\/\",\"name\":\"Tunisie : Najla Bouden confirme, \u00e0 Paris, la tenue du Sommet de la francophonie \u00e0 Djerba - Kapitalis\",\"isPartOf\":{\"@id\":\"https:\/\/kapitalis.com\/tunisie\/#website\"},\"primaryImageOfPage\":{\"@id\":\"https:\/\/kapitalis.com\/tunisie\/2022\/08\/30\/tunisie-najla-bouden-confirme-a-paris-la-tenue-du-sommet-de-la-francophonie-a-djerba\/#primaryimage\"},\"image\":{\"@id\":\"https:\/\/kapitalis.com\/tunisie\/2022\/08\/30\/tunisie-najla-bouden-confirme-a-paris-la-tenue-du-sommet-de-la-francophonie-a-djerba\/#primaryimage\"},\"thumbnailUrl\":\"https:\/\/kapitalis.com\/tunisie\/wp-content\/uploads\/2022\/08\/bouden-a-Paris.jpg\",\"datePublished\":\"2022-08-30T14:52:00+00:00\",\"dateModified\":\"2022-08-30T14:53:12+00:00\",\"breadcrumb\":{\"@id\":\"https:\/\/kapitalis.com\/tunisie\/2022\/08\/30\/tunisie-najla-bouden-confirme-a-paris-la-tenue-du-sommet-de-la-francophonie-a-djerba\/#breadcrumb\"},\"inLanguage\":\"fr-FR\",\"potentialAction\":[{\"@type\":\"ReadAction\",\"target\":[\"https:\/\/kapitalis.com\/tunisie\/2022\/08\/30\/tunisie-najla-bouden-confirme-a-paris-la-tenue-du-sommet-de-la-francophonie-a-djerba\/\"]}]},{\"@type\":\"ImageObject\",\"inLanguage\":\"fr-FR\",\"@id\":\"https:\/\/kapitalis.com\/tunisie\/2022\/08\/30\/tunisie-najla-bouden-confirme-a-paris-la-tenue-du-sommet-de-la-francophonie-a-djerba\/#primaryimage\",\"url\":\"https:\/\/kapitalis.com\/tunisie\/wp-content\/uploads\/2022\/08\/bouden-a-Paris.jpg\",\"contentUrl\":\"https:\/\/kapitalis.com\/tunisie\/wp-content\/uploads\/2022\/08\/bouden-a-Paris.jpg\",\"width\":1200,\"height\":630},{\"@type\":\"BreadcrumbList\",\"@id\":\"https:\/\/kapitalis.com\/tunisie\/2022\/08\/30\/tunisie-najla-bouden-confirme-a-paris-la-tenue-du-sommet-de-la-francophonie-a-djerba\/#breadcrumb\",\"itemListElement\":[{\"@type\":\"ListItem\",\"position\":1,\"name\":\"Accueil\",\"item\":\"https:\/\/kapitalis.com\/tunisie\/\"},{\"@type\":\"ListItem\",\"position\":2,\"name\":\"Tunisie : Najla Bouden confirme, \u00e0 Paris, la tenue du Sommet de la francophonie \u00e0 Djerba\"}]},{\"@type\":\"WebSite\",\"@id\":\"https:\/\/kapitalis.com\/tunisie\/#website\",\"url\":\"https:\/\/kapitalis.com\/tunisie\/\",\"name\":\"Kapitalis\",\"description\":\"L&#039;actualit\u00e9 en Tunisie et dans le monde\",\"publisher\":{\"@id\":\"https:\/\/kapitalis.com\/tunisie\/#organization\"},\"potentialAction\":[{\"@type\":\"SearchAction\",\"target\":{\"@type\":\"EntryPoint\",\"urlTemplate\":\"https:\/\/kapitalis.com\/tunisie\/?s={search_term_string}\"},\"query-input\":{\"@type\":\"PropertyValueSpecification\",\"valueRequired\":true,\"valueName\":\"search_term_string\"}}],\"inLanguage\":\"fr-FR\"},{\"@type\":\"Organization\",\"@id\":\"https:\/\/kapitalis.com\/tunisie\/#organization\",\"name\":\"Kapitalis\",\"url\":\"https:\/\/kapitalis.com\/tunisie\/\",\"logo\":{\"@type\":\"ImageObject\",\"inLanguage\":\"fr-FR\",\"@id\":\"https:\/\/kapitalis.com\/tunisie\/#\/schema\/logo\/image\/\",\"url\":\"https:\/\/kapitalis.com\/tunisie\/wp-content\/uploads\/2022\/05\/Kapitalis-big-size.png\",\"contentUrl\":\"https:\/\/kapitalis.com\/tunisie\/wp-content\/uploads\/2022\/05\/Kapitalis-big-size.png\",\"width\":5000,\"height\":1500,\"caption\":\"Kapitalis\"},\"image\":{\"@id\":\"https:\/\/kapitalis.com\/tunisie\/#\/schema\/logo\/image\/\"},\"sameAs\":[\"https:\/\/www.facebook.com\/KapitalisInfo\/\",\"https:\/\/x.com\/KapitalisInfo\",\"https:\/\/www.youtube.com\/channel\/UC-yDYrHyfFBWWZaOw3FPg9Q\"]},{\"@type\":\"Person\",\"@id\":\"https:\/\/kapitalis.com\/tunisie\/#\/schema\/person\/b35b8d631961131107263178aeb8019e\",\"name\":\"Cherif Benyounes\",\"url\":\"https:\/\/kapitalis.com\/tunisie\/author\/cherif\/\"}]}<\/script>\n<!-- \/ Yoast SEO plugin. -->","yoast_head_json":{"title":"Tunisie : Najla Bouden confirme, \u00e0 Paris, la tenue du Sommet de la francophonie \u00e0 Djerba - Kapitalis","robots":{"index":"index","follow":"follow","max-snippet":"max-snippet:-1","max-image-preview":"max-image-preview:large","max-video-preview":"max-video-preview:-1"},"canonical":"https:\/\/kapitalis.com\/tunisie\/2022\/08\/30\/tunisie-najla-bouden-confirme-a-paris-la-tenue-du-sommet-de-la-francophonie-a-djerba\/","og_locale":"fr_FR","og_type":"article","og_title":"Tunisie : Najla Bouden confirme, \u00e0 Paris, la tenue du Sommet de la francophonie \u00e0 Djerba - Kapitalis","og_description":"En marge de sa participation, \u00e0 Paris, en tant qu\u2019invit\u00e9e d\u2019honneur \u00e0 la Rencontre des entrepreneurs de France (LaREF 2022), la cheffe du gouvernement tunisienne, Najla Bouden, a confirm\u00e9 la tenue du 18e Sommet de la francophonie en Tunisie, et plus pr\u00e9cis\u00e9ment \u00e0 Djerba, les 19 et 20 novembre 2022.","og_url":"https:\/\/kapitalis.com\/tunisie\/2022\/08\/30\/tunisie-najla-bouden-confirme-a-paris-la-tenue-du-sommet-de-la-francophonie-a-djerba\/","og_site_name":"Kapitalis","article_publisher":"https:\/\/www.facebook.com\/KapitalisInfo\/","article_published_time":"2022-08-30T14:52:00+00:00","article_modified_time":"2022-08-30T14:53:12+00:00","og_image":[{"width":1200,"height":630,"url":"https:\/\/kapitalis.com\/tunisie\/wp-content\/uploads\/2022\/08\/bouden-a-Paris.jpg","type":"image\/jpeg"}],"author":"Cherif Benyounes","twitter_card":"summary_large_image","twitter_creator":"@KapitalisInfo","twitter_site":"@KapitalisInfo","twitter_misc":{"\u00c9crit par":"Cherif Benyounes","Dur\u00e9e de lecture estim\u00e9e":"1 minute"},"schema":{"@context":"https:\/\/schema.org","@graph":[{"@type":"Article","@id":"https:\/\/kapitalis.com\/tunisie\/2022\/08\/30\/tunisie-najla-bouden-confirme-a-paris-la-tenue-du-sommet-de-la-francophonie-a-djerba\/#article","isPartOf":{"@id":"https:\/\/kapitalis.com\/tunisie\/2022\/08\/30\/tunisie-najla-bouden-confirme-a-paris-la-tenue-du-sommet-de-la-francophonie-a-djerba\/"},"author":{"name":"Cherif Benyounes","@id":"https:\/\/kapitalis.com\/tunisie\/#\/schema\/person\/b35b8d631961131107263178aeb8019e"},"headline":"Tunisie : Najla Bouden confirme, \u00e0 Paris, la tenue du Sommet de la francophonie \u00e0 Djerba","datePublished":"2022-08-30T14:52:00+00:00","dateModified":"2022-08-30T14:53:12+00:00","mainEntityOfPage":{"@id":"https:\/\/kapitalis.com\/tunisie\/2022\/08\/30\/tunisie-najla-bouden-confirme-a-paris-la-tenue-du-sommet-de-la-francophonie-a-djerba\/"},"wordCount":169,"commentCount":2,"publisher":{"@id":"https:\/\/kapitalis.com\/tunisie\/#organization"},"image":{"@id":"https:\/\/kapitalis.com\/tunisie\/2022\/08\/30\/tunisie-najla-bouden-confirme-a-paris-la-tenue-du-sommet-de-la-francophonie-a-djerba\/#primaryimage"},"thumbnailUrl":"https:\/\/kapitalis.com\/tunisie\/wp-content\/uploads\/2022\/08\/bouden-a-Paris.jpg","keywords":["Conf\u00e9rence \u00e9conomique","Djerba","Najla Bouden","Sommet de la Francophonie","Tunisie"],"articleSection":["ECONOMIE","Tunisie"],"inLanguage":"fr-FR","potentialAction":[{"@type":"CommentAction","name":"Comment","target":["https:\/\/kapitalis.com\/tunisie\/2022\/08\/30\/tunisie-najla-bouden-confirme-a-paris-la-tenue-du-sommet-de-la-francophonie-a-djerba\/#respond"]}]},{"@type":"WebPage","@id":"https:\/\/kapitalis.com\/tunisie\/2022\/08\/30\/tunisie-najla-bouden-confirme-a-paris-la-tenue-du-sommet-de-la-francophonie-a-djerba\/","url":"https:\/\/kapitalis.com\/tunisie\/2022\/08\/30\/tunisie-najla-bouden-confirme-a-paris-la-tenue-du-sommet-de-la-francophonie-a-djerba\/","name":"Tunisie : Najla Bouden confirme, \u00e0 Paris, la tenue du Sommet de la francophonie \u00e0 Djerba - Kapitalis","isPartOf":{"@id":"https:\/\/kapitalis.com\/tunisie\/#website"},"primaryImageOfPage":{"@id":"https:\/\/kapitalis.com\/tunisie\/2022\/08\/30\/tunisie-najla-bouden-confirme-a-paris-la-tenue-du-sommet-de-la-francophonie-a-djerba\/#primaryimage"},"image":{"@id":"https:\/\/kapitalis.com\/tunisie\/2022\/08\/30\/tunisie-najla-bouden-confirme-a-paris-la-tenue-du-sommet-de-la-francophonie-a-djerba\/#primaryimage"},"thumbnailUrl":"https:\/\/kapitalis.com\/tunisie\/wp-content\/uploads\/2022\/08\/bouden-a-Paris.jpg","datePublished":"2022-08-30T14:52:00+00:00","dateModified":"2022-08-30T14:53:12+00:00","breadcrumb":{"@id":"https:\/\/kapitalis.com\/tunisie\/2022\/08\/30\/tunisie-najla-bouden-confirme-a-paris-la-tenue-du-sommet-de-la-francophonie-a-djerba\/#breadcrumb"},"inLanguage":"fr-FR","potentialAction":[{"@type":"ReadAction","target":["https:\/\/kapitalis.com\/tunisie\/2022\/08\/30\/tunisie-najla-bouden-confirme-a-paris-la-tenue-du-sommet-de-la-francophonie-a-djerba\/"]}]},{"@type":"ImageObject","inLanguage":"fr-FR","@id":"https:\/\/kapitalis.com\/tunisie\/2022\/08\/30\/tunisie-najla-bouden-confirme-a-paris-la-tenue-du-sommet-de-la-francophonie-a-djerba\/#primaryimage","url":"https:\/\/kapitalis.com\/tunisie\/wp-content\/uploads\/2022\/08\/bouden-a-Paris.jpg","contentUrl":"https:\/\/kapitalis.com\/tunisie\/wp-content\/uploads\/2022\/08\/bouden-a-Paris.jpg","width":1200,"height":630},{"@type":"BreadcrumbList","@id":"https:\/\/kapitalis.com\/tunisie\/2022\/08\/30\/tunisie-najla-bouden-confirme-a-paris-la-tenue-du-sommet-de-la-francophonie-a-djerba\/#breadcrumb","itemListElement":[{"@type":"ListItem","position":1,"name":"Accueil","item":"https:\/\/kapitalis.com\/tunisie\/"},{"@type":"ListItem","position":2,"name":"Tunisie : Najla Bouden confirme, \u00e0 Paris, la tenue du Sommet de la francophonie \u00e0 Djerba"}]},{"@type":"WebSite","@id":"https:\/\/kapitalis.com\/tunisie\/#website","url":"https:\/\/kapitalis.com\/tunisie\/","name":"Kapitalis","description":"L&#039;actualit\u00e9 en Tunisie et dans le monde","publisher":{"@id":"https:\/\/kapitalis.com\/tunisie\/#organization"},"potentialAction":[{"@type":"SearchAction","target":{"@type":"EntryPoint","urlTemplate":"https:\/\/kapitalis.com\/tunisie\/?s={search_term_string}"},"query-input":{"@type":"PropertyValueSpecification","valueRequired":true,"valueName":"search_term_string"}}],"inLanguage":"fr-FR"},{"@type":"Organization","@id":"https:\/\/kapitalis.com\/tunisie\/#organization","name":"Kapitalis","url":"https:\/\/kapitalis.com\/tunisie\/","logo":{"@type":"ImageObject","inLanguage":"fr-FR","@id":"https:\/\/kapitalis.com\/tunisie\/#\/schema\/logo\/image\/","url":"https:\/\/kapitalis.com\/tunisie\/wp-content\/uploads\/2022\/05\/Kapitalis-big-size.png","contentUrl":"https:\/\/kapitalis.com\/tunisie\/wp-content\/uploads\/2022\/05\/Kapitalis-big-size.png","width":5000,"height":1500,"caption":"Kapitalis"},"image":{"@id":"https:\/\/kapitalis.com\/tunisie\/#\/schema\/logo\/image\/"},"sameAs":["https:\/\/www.facebook.com\/KapitalisInfo\/","https:\/\/x.com\/KapitalisInfo","https:\/\/www.youtube.com\/channel\/UC-yDYrHyfFBWWZaOw3FPg9Q"]},{"@type":"Person","@id":"https:\/\/kapitalis.com\/tunisie\/#\/schema\/person\/b35b8d631961131107263178aeb8019e","name":"Cherif Benyounes","url":"https:\/\/kapitalis.com\/tunisie\/author\/cherif\/"}]}},"_links":{"self":[{"href":"https:\/\/kapitalis.com\/tunisie\/wp-json\/wp\/v2\/posts\/3543078","targetHints":{"allow":["GET"]}}],"collection":[{"href":"https:\/\/kapitalis.com\/tunisie\/wp-json\/wp\/v2\/posts"}],"about":[{"href":"https:\/\/kapitalis.com\/tunisie\/wp-json\/wp\/v2\/types\/post"}],"author":[{"embeddable":true,"href":"https:\/\/kapitalis.com\/tunisie\/wp-json\/wp\/v2\/users\/24"}],"replies":[{"embeddable":true,"href":"https:\/\/kapitalis.com\/tunisie\/wp-json\/wp\/v2\/comments?post=3543078"}],"version-history":[{"count":0,"href":"https:\/\/kapitalis.com\/tunisie\/wp-json\/wp\/v2\/posts\/3543078\/revisions"}],"wp:featuredmedia":[{"embeddable":true,"href":"https:\/\/kapitalis.com\/tunisie\/wp-json\/wp\/v2\/media\/3543775"}],"wp:attachment":[{"href":"https:\/\/kapitalis.com\/tunisie\/wp-json\/wp\/v2\/media?parent=3543078"}],"wp:term":[{"taxonomy":"category","embeddable":true,"href":"https:\/\/kapitalis.com\/tunisie\/wp-json\/wp\/v2\/categories?post=3543078"},{"taxonomy":"post_tag","embeddable":true,"href":"https:\/\/kapitalis.com\/tunisie\/wp-json\/wp\/v2\/tags?post=3543078"}],"curies":[{"name":"wp","href":"https:\/\/api.w.org\/{rel}","templated":true}]}}