{"id":354365,"date":"2021-06-28T14:20:08","date_gmt":"2021-06-28T13:20:08","guid":{"rendered":"http:\/\/kapitalis.com\/tunisie\/?p=354365"},"modified":"2021-06-28T14:23:24","modified_gmt":"2021-06-28T13:23:24","slug":"vers-le-renforcement-des-mesures-sanitaires-dans-le-grand-tunis","status":"publish","type":"post","link":"https:\/\/kapitalis.com\/tunisie\/2021\/06\/28\/vers-le-renforcement-des-mesures-sanitaires-dans-le-grand-tunis\/","title":{"rendered":"Vers le renforcement des mesures sanitaires dans le Grand-Tunis"},"content":{"rendered":"\n<div class=\"wp-block-image\"><figure class=\"aligncenter size-large\"><img decoding=\"async\" src=\"http:\/\/kapitalis.com\/tunisie\/wp-content\/uploads\/2021\/01\/Ariana-Coronavirus.jpg\" alt=\"\" class=\"wp-image-331514\"\/><figcaption><em>Ariana. Ph. d&rsquo;archives.<\/em><\/figcaption><\/figure><\/div>\n\n\n\n<p><strong><em>Une r\u00e9union d\u2019urgence se d\u00e9roule actuellement \u00e0 la pr\u00e9sidence du gouvernement \u00e0 la Kasbah, pour \u00e9valuer les mesures \u00e0 prendre dans  le Grand-Tunis, o\u00f9 la situation sanitaire li\u00e9e au coronavirus continue \u00e0 se d\u00e9grader, avec un taux de positivit\u00e9 variant entre 32 et 47% et o\u00f9 les h\u00f4pitaux sont arriv\u00e9s \u00e0 saturation.<\/em><\/strong><\/p>\n\n\n\n<!--more-->\n\n\n\n<p>C&rsquo;est ce qu&rsquo;a fait savoir, ce lundi 28 juin 2021, la d\u00e9put\u00e9e Ennahdha Yamina Zoghlami en affirmant que de nouvelles consignes communes seront d\u00e9cid\u00e9es pour faire face \u00e0 la propagation du coronavirus dans les gouvernorats de Tunis, Ariana, La Manouba er Ben Arous.<\/p>\n\n\n\n<p> On notera qu&rsquo;en 48h, le Grand-Tunis a d\u00e9plor\u00e9 54 d\u00e9c\u00e8s, dont 25 hier (17 \u00e0 Tunis) et que 8 cas du variant indien du coronavirus y ont \u00e9t\u00e9 enregistr\u00e9s, sachant que le taux d\u2019occupation des lits de r\u00e9animation, dans ces 4 gouvernorats varie de 91 \u00e0 100%.<\/p>\n\n\n\n<p class=\"has-text-align-right\"><strong>Y. N.<\/strong><\/p>\n\n\n\n<figure class=\"wp-block-embed is-type-wp-embed is-provider-kapitalis wp-block-embed-kapitalis\"><div class=\"wp-block-embed__wrapper\">\n<blockquote class=\"wp-embedded-content\" data-secret=\"YKulSgcvA3\"><a href=\"https:\/\/kapitalis.com\/tunisie\/2021\/06\/28\/tunisie-repartition-des-18-cas-du-variant-indien-du-coronavirus\/\">Tunisie : R\u00e9partition des 18 cas du variant indien du coronavirus<\/a><\/blockquote><iframe loading=\"lazy\" class=\"wp-embedded-content\" sandbox=\"allow-scripts\" security=\"restricted\" style=\"position: absolute; clip: rect(1px, 1px, 1px, 1px);\" title=\"\u00ab\u00a0Tunisie : R\u00e9partition des 18 cas du variant indien du coronavirus\u00a0\u00bb &#8212; Kapitalis\" src=\"https:\/\/kapitalis.com\/tunisie\/2021\/06\/28\/tunisie-repartition-des-18-cas-du-variant-indien-du-coronavirus\/embed\/#?secret=1dCmu9lGGN#?secret=YKulSgcvA3\" data-secret=\"YKulSgcvA3\" width=\"600\" height=\"338\" frameborder=\"0\" marginwidth=\"0\" marginheight=\"0\" scrolling=\"no\"><\/iframe>\n<\/div><\/figure>\n","protected":false},"excerpt":{"rendered":"<p>Une r\u00e9union d\u2019urgence se d\u00e9roule actuellement \u00e0 la pr\u00e9sidence du gouvernement \u00e0 la Kasbah, pour \u00e9valuer les mesures \u00e0 prendre dans le Grand-Tunis, o\u00f9 la situation sanitaire li\u00e9e au coronavirus continue \u00e0 se d\u00e9grader, avec un taux de positivit\u00e9 variant entre 32 et 47% et o\u00f9 les h\u00f4pitaux sont arriv\u00e9s \u00e0 saturation.<\/p>\n","protected":false},"author":6,"featured_media":0,"comment_status":"open","ping_status":"open","sticky":false,"template":"","format":"standard","meta":{"footnotes":""},"categories":[998,2433],"tags":[79,141,73060,78820,79509,571,76945,64491],"class_list":["post-354365","post","type-post","status-publish","format-standard","hentry","category-societe","category-tunisie","tag-ariana","tag-ben-arous","tag-coronavirus","tag-covid-2","tag-grand-tunis-2","tag-manouba","tag-mesures-sanitaires","tag-tunis"],"yoast_head":"<!-- This site is optimized with the Yoast SEO plugin v26.6 - https:\/\/yoast.com\/wordpress\/plugins\/seo\/ -->\n<title>Vers le renforcement des mesures sanitaires dans le Grand-Tunis - Kapitalis<\/title>\n<meta name=\"robots\" content=\"index, follow, max-snippet:-1, max-image-preview:large, max-video-preview:-1\" \/>\n<link rel=\"canonical\" href=\"https:\/\/kapitalis.com\/tunisie\/2021\/06\/28\/vers-le-renforcement-des-mesures-sanitaires-dans-le-grand-tunis\/\" \/>\n<meta property=\"og:locale\" content=\"fr_FR\" \/>\n<meta property=\"og:type\" content=\"article\" \/>\n<meta property=\"og:title\" content=\"Vers le renforcement des mesures sanitaires dans le Grand-Tunis - Kapitalis\" \/>\n<meta property=\"og:description\" content=\"Une r\u00e9union d\u2019urgence se d\u00e9roule actuellement \u00e0 la pr\u00e9sidence du gouvernement \u00e0 la Kasbah, pour \u00e9valuer les mesures \u00e0 prendre dans le Grand-Tunis, o\u00f9 la situation sanitaire li\u00e9e au coronavirus continue \u00e0 se d\u00e9grader, avec un taux de positivit\u00e9 variant entre 32 et 47% et o\u00f9 les h\u00f4pitaux sont arriv\u00e9s \u00e0 saturation.\" \/>\n<meta property=\"og:url\" content=\"https:\/\/kapitalis.com\/tunisie\/2021\/06\/28\/vers-le-renforcement-des-mesures-sanitaires-dans-le-grand-tunis\/\" \/>\n<meta property=\"og:site_name\" content=\"Kapitalis\" \/>\n<meta property=\"article:publisher\" content=\"https:\/\/www.facebook.com\/KapitalisInfo\/\" \/>\n<meta property=\"article:published_time\" content=\"2021-06-28T13:20:08+00:00\" \/>\n<meta property=\"article:modified_time\" content=\"2021-06-28T13:23:24+00:00\" \/>\n<meta property=\"og:image\" content=\"http:\/\/kapitalis.com\/tunisie\/wp-content\/uploads\/2021\/01\/Ariana-Coronavirus.jpg\" \/>\n<meta name=\"author\" content=\"Yusra NY\" \/>\n<meta name=\"twitter:card\" content=\"summary_large_image\" \/>\n<meta name=\"twitter:creator\" content=\"@KapitalisInfo\" \/>\n<meta name=\"twitter:site\" content=\"@KapitalisInfo\" \/>\n<meta name=\"twitter:label1\" content=\"\u00c9crit par\" \/>\n\t<meta name=\"twitter:data1\" content=\"Yusra NY\" \/>\n\t<meta name=\"twitter:label2\" content=\"Dur\u00e9e de lecture estim\u00e9e\" \/>\n\t<meta name=\"twitter:data2\" content=\"1 minute\" \/>\n<script type=\"application\/ld+json\" class=\"yoast-schema-graph\">{\"@context\":\"https:\/\/schema.org\",\"@graph\":[{\"@type\":\"Article\",\"@id\":\"https:\/\/kapitalis.com\/tunisie\/2021\/06\/28\/vers-le-renforcement-des-mesures-sanitaires-dans-le-grand-tunis\/#article\",\"isPartOf\":{\"@id\":\"https:\/\/kapitalis.com\/tunisie\/2021\/06\/28\/vers-le-renforcement-des-mesures-sanitaires-dans-le-grand-tunis\/\"},\"author\":{\"name\":\"Yusra NY\",\"@id\":\"https:\/\/kapitalis.com\/tunisie\/#\/schema\/person\/74bbde0154d49d790a92aaeac5bc01d5\"},\"headline\":\"Vers le renforcement des mesures sanitaires dans le Grand-Tunis\",\"datePublished\":\"2021-06-28T13:20:08+00:00\",\"dateModified\":\"2021-06-28T13:23:24+00:00\",\"mainEntityOfPage\":{\"@id\":\"https:\/\/kapitalis.com\/tunisie\/2021\/06\/28\/vers-le-renforcement-des-mesures-sanitaires-dans-le-grand-tunis\/\"},\"wordCount\":161,\"commentCount\":2,\"publisher\":{\"@id\":\"https:\/\/kapitalis.com\/tunisie\/#organization\"},\"image\":{\"@id\":\"https:\/\/kapitalis.com\/tunisie\/2021\/06\/28\/vers-le-renforcement-des-mesures-sanitaires-dans-le-grand-tunis\/#primaryimage\"},\"thumbnailUrl\":\"http:\/\/kapitalis.com\/tunisie\/wp-content\/uploads\/2021\/01\/Ariana-Coronavirus.jpg\",\"keywords\":[\"Ariana\",\"Ben Arous\",\"Coronavirus\",\"covid\",\"Grand-Tunis\",\"Manouba\",\"mesures sanitaires\",\"Tunis\"],\"articleSection\":[\"SOCIETE\",\"Tunisie\"],\"inLanguage\":\"fr-FR\",\"potentialAction\":[{\"@type\":\"CommentAction\",\"name\":\"Comment\",\"target\":[\"https:\/\/kapitalis.com\/tunisie\/2021\/06\/28\/vers-le-renforcement-des-mesures-sanitaires-dans-le-grand-tunis\/#respond\"]}]},{\"@type\":\"WebPage\",\"@id\":\"https:\/\/kapitalis.com\/tunisie\/2021\/06\/28\/vers-le-renforcement-des-mesures-sanitaires-dans-le-grand-tunis\/\",\"url\":\"https:\/\/kapitalis.com\/tunisie\/2021\/06\/28\/vers-le-renforcement-des-mesures-sanitaires-dans-le-grand-tunis\/\",\"name\":\"Vers le renforcement des mesures sanitaires dans le Grand-Tunis - Kapitalis\",\"isPartOf\":{\"@id\":\"https:\/\/kapitalis.com\/tunisie\/#website\"},\"primaryImageOfPage\":{\"@id\":\"https:\/\/kapitalis.com\/tunisie\/2021\/06\/28\/vers-le-renforcement-des-mesures-sanitaires-dans-le-grand-tunis\/#primaryimage\"},\"image\":{\"@id\":\"https:\/\/kapitalis.com\/tunisie\/2021\/06\/28\/vers-le-renforcement-des-mesures-sanitaires-dans-le-grand-tunis\/#primaryimage\"},\"thumbnailUrl\":\"http:\/\/kapitalis.com\/tunisie\/wp-content\/uploads\/2021\/01\/Ariana-Coronavirus.jpg\",\"datePublished\":\"2021-06-28T13:20:08+00:00\",\"dateModified\":\"2021-06-28T13:23:24+00:00\",\"breadcrumb\":{\"@id\":\"https:\/\/kapitalis.com\/tunisie\/2021\/06\/28\/vers-le-renforcement-des-mesures-sanitaires-dans-le-grand-tunis\/#breadcrumb\"},\"inLanguage\":\"fr-FR\",\"potentialAction\":[{\"@type\":\"ReadAction\",\"target\":[\"https:\/\/kapitalis.com\/tunisie\/2021\/06\/28\/vers-le-renforcement-des-mesures-sanitaires-dans-le-grand-tunis\/\"]}]},{\"@type\":\"ImageObject\",\"inLanguage\":\"fr-FR\",\"@id\":\"https:\/\/kapitalis.com\/tunisie\/2021\/06\/28\/vers-le-renforcement-des-mesures-sanitaires-dans-le-grand-tunis\/#primaryimage\",\"url\":\"\",\"contentUrl\":\"\"},{\"@type\":\"BreadcrumbList\",\"@id\":\"https:\/\/kapitalis.com\/tunisie\/2021\/06\/28\/vers-le-renforcement-des-mesures-sanitaires-dans-le-grand-tunis\/#breadcrumb\",\"itemListElement\":[{\"@type\":\"ListItem\",\"position\":1,\"name\":\"Accueil\",\"item\":\"https:\/\/kapitalis.com\/tunisie\/\"},{\"@type\":\"ListItem\",\"position\":2,\"name\":\"Vers le renforcement des mesures sanitaires dans le Grand-Tunis\"}]},{\"@type\":\"WebSite\",\"@id\":\"https:\/\/kapitalis.com\/tunisie\/#website\",\"url\":\"https:\/\/kapitalis.com\/tunisie\/\",\"name\":\"Kapitalis\",\"description\":\"L&#039;actualit\u00e9 en Tunisie et dans le monde\",\"publisher\":{\"@id\":\"https:\/\/kapitalis.com\/tunisie\/#organization\"},\"potentialAction\":[{\"@type\":\"SearchAction\",\"target\":{\"@type\":\"EntryPoint\",\"urlTemplate\":\"https:\/\/kapitalis.com\/tunisie\/?s={search_term_string}\"},\"query-input\":{\"@type\":\"PropertyValueSpecification\",\"valueRequired\":true,\"valueName\":\"search_term_string\"}}],\"inLanguage\":\"fr-FR\"},{\"@type\":\"Organization\",\"@id\":\"https:\/\/kapitalis.com\/tunisie\/#organization\",\"name\":\"Kapitalis\",\"url\":\"https:\/\/kapitalis.com\/tunisie\/\",\"logo\":{\"@type\":\"ImageObject\",\"inLanguage\":\"fr-FR\",\"@id\":\"https:\/\/kapitalis.com\/tunisie\/#\/schema\/logo\/image\/\",\"url\":\"https:\/\/kapitalis.com\/tunisie\/wp-content\/uploads\/2022\/05\/Kapitalis-big-size.png\",\"contentUrl\":\"https:\/\/kapitalis.com\/tunisie\/wp-content\/uploads\/2022\/05\/Kapitalis-big-size.png\",\"width\":5000,\"height\":1500,\"caption\":\"Kapitalis\"},\"image\":{\"@id\":\"https:\/\/kapitalis.com\/tunisie\/#\/schema\/logo\/image\/\"},\"sameAs\":[\"https:\/\/www.facebook.com\/KapitalisInfo\/\",\"https:\/\/x.com\/KapitalisInfo\",\"https:\/\/www.youtube.com\/channel\/UC-yDYrHyfFBWWZaOw3FPg9Q\"]},{\"@type\":\"Person\",\"@id\":\"https:\/\/kapitalis.com\/tunisie\/#\/schema\/person\/74bbde0154d49d790a92aaeac5bc01d5\",\"name\":\"Yusra NY\",\"url\":\"https:\/\/kapitalis.com\/tunisie\/author\/yuza_adam\/\"}]}<\/script>\n<!-- \/ Yoast SEO plugin. -->","yoast_head_json":{"title":"Vers le renforcement des mesures sanitaires dans le Grand-Tunis - Kapitalis","robots":{"index":"index","follow":"follow","max-snippet":"max-snippet:-1","max-image-preview":"max-image-preview:large","max-video-preview":"max-video-preview:-1"},"canonical":"https:\/\/kapitalis.com\/tunisie\/2021\/06\/28\/vers-le-renforcement-des-mesures-sanitaires-dans-le-grand-tunis\/","og_locale":"fr_FR","og_type":"article","og_title":"Vers le renforcement des mesures sanitaires dans le Grand-Tunis - Kapitalis","og_description":"Une r\u00e9union d\u2019urgence se d\u00e9roule actuellement \u00e0 la pr\u00e9sidence du gouvernement \u00e0 la Kasbah, pour \u00e9valuer les mesures \u00e0 prendre dans le Grand-Tunis, o\u00f9 la situation sanitaire li\u00e9e au coronavirus continue \u00e0 se d\u00e9grader, avec un taux de positivit\u00e9 variant entre 32 et 47% et o\u00f9 les h\u00f4pitaux sont arriv\u00e9s \u00e0 saturation.","og_url":"https:\/\/kapitalis.com\/tunisie\/2021\/06\/28\/vers-le-renforcement-des-mesures-sanitaires-dans-le-grand-tunis\/","og_site_name":"Kapitalis","article_publisher":"https:\/\/www.facebook.com\/KapitalisInfo\/","article_published_time":"2021-06-28T13:20:08+00:00","article_modified_time":"2021-06-28T13:23:24+00:00","og_image":[{"url":"http:\/\/kapitalis.com\/tunisie\/wp-content\/uploads\/2021\/01\/Ariana-Coronavirus.jpg","type":"","width":"","height":""}],"author":"Yusra NY","twitter_card":"summary_large_image","twitter_creator":"@KapitalisInfo","twitter_site":"@KapitalisInfo","twitter_misc":{"\u00c9crit par":"Yusra NY","Dur\u00e9e de lecture estim\u00e9e":"1 minute"},"schema":{"@context":"https:\/\/schema.org","@graph":[{"@type":"Article","@id":"https:\/\/kapitalis.com\/tunisie\/2021\/06\/28\/vers-le-renforcement-des-mesures-sanitaires-dans-le-grand-tunis\/#article","isPartOf":{"@id":"https:\/\/kapitalis.com\/tunisie\/2021\/06\/28\/vers-le-renforcement-des-mesures-sanitaires-dans-le-grand-tunis\/"},"author":{"name":"Yusra NY","@id":"https:\/\/kapitalis.com\/tunisie\/#\/schema\/person\/74bbde0154d49d790a92aaeac5bc01d5"},"headline":"Vers le renforcement des mesures sanitaires dans le Grand-Tunis","datePublished":"2021-06-28T13:20:08+00:00","dateModified":"2021-06-28T13:23:24+00:00","mainEntityOfPage":{"@id":"https:\/\/kapitalis.com\/tunisie\/2021\/06\/28\/vers-le-renforcement-des-mesures-sanitaires-dans-le-grand-tunis\/"},"wordCount":161,"commentCount":2,"publisher":{"@id":"https:\/\/kapitalis.com\/tunisie\/#organization"},"image":{"@id":"https:\/\/kapitalis.com\/tunisie\/2021\/06\/28\/vers-le-renforcement-des-mesures-sanitaires-dans-le-grand-tunis\/#primaryimage"},"thumbnailUrl":"http:\/\/kapitalis.com\/tunisie\/wp-content\/uploads\/2021\/01\/Ariana-Coronavirus.jpg","keywords":["Ariana","Ben Arous","Coronavirus","covid","Grand-Tunis","Manouba","mesures sanitaires","Tunis"],"articleSection":["SOCIETE","Tunisie"],"inLanguage":"fr-FR","potentialAction":[{"@type":"CommentAction","name":"Comment","target":["https:\/\/kapitalis.com\/tunisie\/2021\/06\/28\/vers-le-renforcement-des-mesures-sanitaires-dans-le-grand-tunis\/#respond"]}]},{"@type":"WebPage","@id":"https:\/\/kapitalis.com\/tunisie\/2021\/06\/28\/vers-le-renforcement-des-mesures-sanitaires-dans-le-grand-tunis\/","url":"https:\/\/kapitalis.com\/tunisie\/2021\/06\/28\/vers-le-renforcement-des-mesures-sanitaires-dans-le-grand-tunis\/","name":"Vers le renforcement des mesures sanitaires dans le Grand-Tunis - Kapitalis","isPartOf":{"@id":"https:\/\/kapitalis.com\/tunisie\/#website"},"primaryImageOfPage":{"@id":"https:\/\/kapitalis.com\/tunisie\/2021\/06\/28\/vers-le-renforcement-des-mesures-sanitaires-dans-le-grand-tunis\/#primaryimage"},"image":{"@id":"https:\/\/kapitalis.com\/tunisie\/2021\/06\/28\/vers-le-renforcement-des-mesures-sanitaires-dans-le-grand-tunis\/#primaryimage"},"thumbnailUrl":"http:\/\/kapitalis.com\/tunisie\/wp-content\/uploads\/2021\/01\/Ariana-Coronavirus.jpg","datePublished":"2021-06-28T13:20:08+00:00","dateModified":"2021-06-28T13:23:24+00:00","breadcrumb":{"@id":"https:\/\/kapitalis.com\/tunisie\/2021\/06\/28\/vers-le-renforcement-des-mesures-sanitaires-dans-le-grand-tunis\/#breadcrumb"},"inLanguage":"fr-FR","potentialAction":[{"@type":"ReadAction","target":["https:\/\/kapitalis.com\/tunisie\/2021\/06\/28\/vers-le-renforcement-des-mesures-sanitaires-dans-le-grand-tunis\/"]}]},{"@type":"ImageObject","inLanguage":"fr-FR","@id":"https:\/\/kapitalis.com\/tunisie\/2021\/06\/28\/vers-le-renforcement-des-mesures-sanitaires-dans-le-grand-tunis\/#primaryimage","url":"","contentUrl":""},{"@type":"BreadcrumbList","@id":"https:\/\/kapitalis.com\/tunisie\/2021\/06\/28\/vers-le-renforcement-des-mesures-sanitaires-dans-le-grand-tunis\/#breadcrumb","itemListElement":[{"@type":"ListItem","position":1,"name":"Accueil","item":"https:\/\/kapitalis.com\/tunisie\/"},{"@type":"ListItem","position":2,"name":"Vers le renforcement des mesures sanitaires dans le Grand-Tunis"}]},{"@type":"WebSite","@id":"https:\/\/kapitalis.com\/tunisie\/#website","url":"https:\/\/kapitalis.com\/tunisie\/","name":"Kapitalis","description":"L&#039;actualit\u00e9 en Tunisie et dans le monde","publisher":{"@id":"https:\/\/kapitalis.com\/tunisie\/#organization"},"potentialAction":[{"@type":"SearchAction","target":{"@type":"EntryPoint","urlTemplate":"https:\/\/kapitalis.com\/tunisie\/?s={search_term_string}"},"query-input":{"@type":"PropertyValueSpecification","valueRequired":true,"valueName":"search_term_string"}}],"inLanguage":"fr-FR"},{"@type":"Organization","@id":"https:\/\/kapitalis.com\/tunisie\/#organization","name":"Kapitalis","url":"https:\/\/kapitalis.com\/tunisie\/","logo":{"@type":"ImageObject","inLanguage":"fr-FR","@id":"https:\/\/kapitalis.com\/tunisie\/#\/schema\/logo\/image\/","url":"https:\/\/kapitalis.com\/tunisie\/wp-content\/uploads\/2022\/05\/Kapitalis-big-size.png","contentUrl":"https:\/\/kapitalis.com\/tunisie\/wp-content\/uploads\/2022\/05\/Kapitalis-big-size.png","width":5000,"height":1500,"caption":"Kapitalis"},"image":{"@id":"https:\/\/kapitalis.com\/tunisie\/#\/schema\/logo\/image\/"},"sameAs":["https:\/\/www.facebook.com\/KapitalisInfo\/","https:\/\/x.com\/KapitalisInfo","https:\/\/www.youtube.com\/channel\/UC-yDYrHyfFBWWZaOw3FPg9Q"]},{"@type":"Person","@id":"https:\/\/kapitalis.com\/tunisie\/#\/schema\/person\/74bbde0154d49d790a92aaeac5bc01d5","name":"Yusra NY","url":"https:\/\/kapitalis.com\/tunisie\/author\/yuza_adam\/"}]}},"_links":{"self":[{"href":"https:\/\/kapitalis.com\/tunisie\/wp-json\/wp\/v2\/posts\/354365","targetHints":{"allow":["GET"]}}],"collection":[{"href":"https:\/\/kapitalis.com\/tunisie\/wp-json\/wp\/v2\/posts"}],"about":[{"href":"https:\/\/kapitalis.com\/tunisie\/wp-json\/wp\/v2\/types\/post"}],"author":[{"embeddable":true,"href":"https:\/\/kapitalis.com\/tunisie\/wp-json\/wp\/v2\/users\/6"}],"replies":[{"embeddable":true,"href":"https:\/\/kapitalis.com\/tunisie\/wp-json\/wp\/v2\/comments?post=354365"}],"version-history":[{"count":0,"href":"https:\/\/kapitalis.com\/tunisie\/wp-json\/wp\/v2\/posts\/354365\/revisions"}],"wp:attachment":[{"href":"https:\/\/kapitalis.com\/tunisie\/wp-json\/wp\/v2\/media?parent=354365"}],"wp:term":[{"taxonomy":"category","embeddable":true,"href":"https:\/\/kapitalis.com\/tunisie\/wp-json\/wp\/v2\/categories?post=354365"},{"taxonomy":"post_tag","embeddable":true,"href":"https:\/\/kapitalis.com\/tunisie\/wp-json\/wp\/v2\/tags?post=354365"}],"curies":[{"name":"wp","href":"https:\/\/api.w.org\/{rel}","templated":true}]}}