{"id":354494,"date":"2021-06-29T12:22:43","date_gmt":"2021-06-29T11:22:43","guid":{"rendered":"http:\/\/kapitalis.com\/tunisie\/?p=354494"},"modified":"2021-06-29T12:25:38","modified_gmt":"2021-06-29T11:25:38","slug":"le-festival-jazz-a-carthage-est-encore-une-fois-reporte","status":"publish","type":"post","link":"https:\/\/kapitalis.com\/tunisie\/2021\/06\/29\/le-festival-jazz-a-carthage-est-encore-une-fois-reporte\/","title":{"rendered":"Le festival Jazz \u00e0 Carthage est encore une fois report\u00e9"},"content":{"rendered":"\n<div class=\"wp-block-image\"><figure class=\"aligncenter size-large\"><img decoding=\"async\" src=\"http:\/\/kapitalis.com\/tunisie\/wp-content\/uploads\/2021\/06\/Untitled-2-5.jpg\" alt=\"\" class=\"wp-image-354499\"\/><\/figure><\/div>\n\n\n\n<p><strong><em>Initialement pr\u00e9vue pour la p\u00e9riode du 30 juin au 4 juillet 2021, la 15<sup>e<\/sup> \u00e9dition du Festival Jazz \u00e0 Carthage est encore une fois report\u00e9e \u00e0 cause de la situation sanitaire qui ne fait que s\u2019aggraver en Tunisie.<\/em><\/strong><\/p>\n\n\n\n<!--more-->\n\n\n\n<p>Dans un communiqu\u00e9 publi\u00e9 ce matin (mardi 29 juin) sur Facebook, le comit\u00e9 directeur du Festival Jazz \u00e0 Carthage a annonc\u00e9 le report de la 15<sup>e<\/sup> \u00e9dition \u00e0 la veille de l\u2019ouverture (pr\u00e9vue pour demain mercredi 30 juin). Le festival n\u2019avait pas eu lieu non plus l\u2019ann\u00e9e derni\u00e8re \u00e0 cause de la pand\u00e9mie du Coronavirus. Mourad Mathari (directeur et fondateur de Jazz \u00e0 Carthage) avait promis un retour en force du festival, mais la situation sanitaire du pays en a d\u00e9cid\u00e9 autrement.<\/p>\n\n\n\n<p>\u00ab\u00a0<em>Nous y avons cru jusqu\u2019au bout, mais au regard des incertitudes multiples, et des risques sanitaires pour le public, les artistes et les \u00e9quipes, nous en sommes venus \u00e0 la conclusion douloureuse qu\u2019il n\u2019\u00e9tait plus possible d\u2019organiser un tel \u00e9v\u00e9nement dans ce contexte<\/em>\u00a0\u00bb, indique le communiqu\u00e9.<\/p>\n\n\n\n<p>Encore un coup dur pour le festival et pour l\u2019ensemble du secteur culturel qui esp\u00e9rait se remettre de la crise sanitaire apr\u00e8s un an et demi de stagnation, mais le cauchemar continue, cette ann\u00e9e encore les acteurs culturels devront s\u2019adapter \u00e0 la situation sanitaire qui met dans l\u2019impossibilit\u00e9 la tenue de plusieurs manifestations, notamment celles qui comptent la participation de stars internationales, comme Jazz \u00e0 Carthage.<\/p>\n\n\n\n<p>\u00ab\u00a0<em>C\u2019est une d\u00e9cision difficile mais qui devient aujourd\u2019hui n\u00e9cessaire, en \u00e9gard aux \u00e9chos qui nous parviennent de la part des autorit\u00e9s locales, r\u00e9gionales et gouvernementales comp\u00e9tentes. Mais aussi au risque de durcissement des mesures s\u00e9curitaires et sanitaires qui nous ont \u00e9t\u00e9 annonc\u00e9es et qu\u2019imposerait l\u2019\u00e9volution g\u00e9n\u00e9rale des contaminations \u00e0 Tunis et dans les r\u00e9gions environnantes<\/em>\u00a0\u00bb, explique le comit\u00e9 directeur qui promet de rembourser les festivaliers ayant d\u00e9j\u00e0 achet\u00e9 leurs billets.<\/p>\n\n\n\n<p class=\"has-text-align-right\"><strong>Fawz Benali<\/strong><\/p>\n","protected":false},"excerpt":{"rendered":"<p>Initialement pr\u00e9vue pour la p\u00e9riode du 30 juin au 4 juillet 2021, la 15e \u00e9dition du Festival Jazz \u00e0 Carthage est encore une fois report\u00e9e \u00e0 cause de la situation sanitaire qui ne fait que s\u2019aggraver en Tunisie.<\/p>\n","protected":false},"author":26,"featured_media":354499,"comment_status":"open","ping_status":"open","sticky":false,"template":"","format":"standard","meta":{"footnotes":""},"categories":[994,2433],"tags":[16818,91647,28695],"class_list":["post-354494","post","type-post","status-publish","format-standard","has-post-thumbnail","hentry","category-culture","category-tunisie","tag-jazz-a-carthage","tag-jazz-a-carthage-reporte","tag-mourad-mathari"],"yoast_head":"<!-- This site is optimized with the Yoast SEO plugin v26.6 - https:\/\/yoast.com\/wordpress\/plugins\/seo\/ -->\n<title>Le festival Jazz \u00e0 Carthage est encore une fois report\u00e9 - Kapitalis<\/title>\n<meta name=\"robots\" content=\"index, follow, max-snippet:-1, max-image-preview:large, max-video-preview:-1\" \/>\n<link rel=\"canonical\" href=\"https:\/\/kapitalis.com\/tunisie\/2021\/06\/29\/le-festival-jazz-a-carthage-est-encore-une-fois-reporte\/\" \/>\n<meta property=\"og:locale\" content=\"fr_FR\" \/>\n<meta property=\"og:type\" content=\"article\" \/>\n<meta property=\"og:title\" content=\"Le festival Jazz \u00e0 Carthage est encore une fois report\u00e9 - Kapitalis\" \/>\n<meta property=\"og:description\" content=\"Initialement pr\u00e9vue pour la p\u00e9riode du 30 juin au 4 juillet 2021, la 15e \u00e9dition du Festival Jazz \u00e0 Carthage est encore une fois report\u00e9e \u00e0 cause de la situation sanitaire qui ne fait que s\u2019aggraver en Tunisie.\" \/>\n<meta property=\"og:url\" content=\"https:\/\/kapitalis.com\/tunisie\/2021\/06\/29\/le-festival-jazz-a-carthage-est-encore-une-fois-reporte\/\" \/>\n<meta property=\"og:site_name\" content=\"Kapitalis\" \/>\n<meta property=\"article:publisher\" content=\"https:\/\/www.facebook.com\/KapitalisInfo\/\" \/>\n<meta property=\"article:published_time\" content=\"2021-06-29T11:22:43+00:00\" \/>\n<meta property=\"article:modified_time\" content=\"2021-06-29T11:25:38+00:00\" \/>\n<meta property=\"og:image\" content=\"https:\/\/kapitalis.com\/tunisie\/wp-content\/uploads\/2022\/05\/kapitalis-logo-fb.png\" \/>\n\t<meta property=\"og:image:width\" content=\"1200\" \/>\n\t<meta property=\"og:image:height\" content=\"630\" \/>\n\t<meta property=\"og:image:type\" content=\"image\/png\" \/>\n<meta name=\"author\" content=\"Fawz BenAli\" \/>\n<meta name=\"twitter:card\" content=\"summary_large_image\" \/>\n<meta name=\"twitter:creator\" content=\"@KapitalisInfo\" \/>\n<meta name=\"twitter:site\" content=\"@KapitalisInfo\" \/>\n<meta name=\"twitter:label1\" content=\"\u00c9crit par\" \/>\n\t<meta name=\"twitter:data1\" content=\"Fawz BenAli\" \/>\n\t<meta name=\"twitter:label2\" content=\"Dur\u00e9e de lecture estim\u00e9e\" \/>\n\t<meta name=\"twitter:data2\" content=\"2 minutes\" \/>\n<script type=\"application\/ld+json\" class=\"yoast-schema-graph\">{\"@context\":\"https:\/\/schema.org\",\"@graph\":[{\"@type\":\"Article\",\"@id\":\"https:\/\/kapitalis.com\/tunisie\/2021\/06\/29\/le-festival-jazz-a-carthage-est-encore-une-fois-reporte\/#article\",\"isPartOf\":{\"@id\":\"https:\/\/kapitalis.com\/tunisie\/2021\/06\/29\/le-festival-jazz-a-carthage-est-encore-une-fois-reporte\/\"},\"author\":{\"name\":\"Fawz BenAli\",\"@id\":\"https:\/\/kapitalis.com\/tunisie\/#\/schema\/person\/73a5ecc1f6ae540c6ed91342eadca948\"},\"headline\":\"Le festival Jazz \u00e0 Carthage est encore une fois report\u00e9\",\"datePublished\":\"2021-06-29T11:22:43+00:00\",\"dateModified\":\"2021-06-29T11:25:38+00:00\",\"mainEntityOfPage\":{\"@id\":\"https:\/\/kapitalis.com\/tunisie\/2021\/06\/29\/le-festival-jazz-a-carthage-est-encore-une-fois-reporte\/\"},\"wordCount\":336,\"commentCount\":0,\"publisher\":{\"@id\":\"https:\/\/kapitalis.com\/tunisie\/#organization\"},\"image\":{\"@id\":\"https:\/\/kapitalis.com\/tunisie\/2021\/06\/29\/le-festival-jazz-a-carthage-est-encore-une-fois-reporte\/#primaryimage\"},\"thumbnailUrl\":\"\",\"keywords\":[\"Jazz \u00e0 Carthage\",\"Jazz \u00e0 Carthage report\u00e9\",\"Mourad Mathari\"],\"articleSection\":[\"CULTURE\",\"Tunisie\"],\"inLanguage\":\"fr-FR\",\"potentialAction\":[{\"@type\":\"CommentAction\",\"name\":\"Comment\",\"target\":[\"https:\/\/kapitalis.com\/tunisie\/2021\/06\/29\/le-festival-jazz-a-carthage-est-encore-une-fois-reporte\/#respond\"]}]},{\"@type\":\"WebPage\",\"@id\":\"https:\/\/kapitalis.com\/tunisie\/2021\/06\/29\/le-festival-jazz-a-carthage-est-encore-une-fois-reporte\/\",\"url\":\"https:\/\/kapitalis.com\/tunisie\/2021\/06\/29\/le-festival-jazz-a-carthage-est-encore-une-fois-reporte\/\",\"name\":\"Le festival Jazz \u00e0 Carthage est encore une fois report\u00e9 - Kapitalis\",\"isPartOf\":{\"@id\":\"https:\/\/kapitalis.com\/tunisie\/#website\"},\"primaryImageOfPage\":{\"@id\":\"https:\/\/kapitalis.com\/tunisie\/2021\/06\/29\/le-festival-jazz-a-carthage-est-encore-une-fois-reporte\/#primaryimage\"},\"image\":{\"@id\":\"https:\/\/kapitalis.com\/tunisie\/2021\/06\/29\/le-festival-jazz-a-carthage-est-encore-une-fois-reporte\/#primaryimage\"},\"thumbnailUrl\":\"\",\"datePublished\":\"2021-06-29T11:22:43+00:00\",\"dateModified\":\"2021-06-29T11:25:38+00:00\",\"breadcrumb\":{\"@id\":\"https:\/\/kapitalis.com\/tunisie\/2021\/06\/29\/le-festival-jazz-a-carthage-est-encore-une-fois-reporte\/#breadcrumb\"},\"inLanguage\":\"fr-FR\",\"potentialAction\":[{\"@type\":\"ReadAction\",\"target\":[\"https:\/\/kapitalis.com\/tunisie\/2021\/06\/29\/le-festival-jazz-a-carthage-est-encore-une-fois-reporte\/\"]}]},{\"@type\":\"ImageObject\",\"inLanguage\":\"fr-FR\",\"@id\":\"https:\/\/kapitalis.com\/tunisie\/2021\/06\/29\/le-festival-jazz-a-carthage-est-encore-une-fois-reporte\/#primaryimage\",\"url\":\"\",\"contentUrl\":\"\"},{\"@type\":\"BreadcrumbList\",\"@id\":\"https:\/\/kapitalis.com\/tunisie\/2021\/06\/29\/le-festival-jazz-a-carthage-est-encore-une-fois-reporte\/#breadcrumb\",\"itemListElement\":[{\"@type\":\"ListItem\",\"position\":1,\"name\":\"Accueil\",\"item\":\"https:\/\/kapitalis.com\/tunisie\/\"},{\"@type\":\"ListItem\",\"position\":2,\"name\":\"Le festival Jazz \u00e0 Carthage est encore une fois report\u00e9\"}]},{\"@type\":\"WebSite\",\"@id\":\"https:\/\/kapitalis.com\/tunisie\/#website\",\"url\":\"https:\/\/kapitalis.com\/tunisie\/\",\"name\":\"Kapitalis\",\"description\":\"L&#039;actualit\u00e9 en Tunisie et dans le monde\",\"publisher\":{\"@id\":\"https:\/\/kapitalis.com\/tunisie\/#organization\"},\"potentialAction\":[{\"@type\":\"SearchAction\",\"target\":{\"@type\":\"EntryPoint\",\"urlTemplate\":\"https:\/\/kapitalis.com\/tunisie\/?s={search_term_string}\"},\"query-input\":{\"@type\":\"PropertyValueSpecification\",\"valueRequired\":true,\"valueName\":\"search_term_string\"}}],\"inLanguage\":\"fr-FR\"},{\"@type\":\"Organization\",\"@id\":\"https:\/\/kapitalis.com\/tunisie\/#organization\",\"name\":\"Kapitalis\",\"url\":\"https:\/\/kapitalis.com\/tunisie\/\",\"logo\":{\"@type\":\"ImageObject\",\"inLanguage\":\"fr-FR\",\"@id\":\"https:\/\/kapitalis.com\/tunisie\/#\/schema\/logo\/image\/\",\"url\":\"https:\/\/kapitalis.com\/tunisie\/wp-content\/uploads\/2022\/05\/Kapitalis-big-size.png\",\"contentUrl\":\"https:\/\/kapitalis.com\/tunisie\/wp-content\/uploads\/2022\/05\/Kapitalis-big-size.png\",\"width\":5000,\"height\":1500,\"caption\":\"Kapitalis\"},\"image\":{\"@id\":\"https:\/\/kapitalis.com\/tunisie\/#\/schema\/logo\/image\/\"},\"sameAs\":[\"https:\/\/www.facebook.com\/KapitalisInfo\/\",\"https:\/\/x.com\/KapitalisInfo\",\"https:\/\/www.youtube.com\/channel\/UC-yDYrHyfFBWWZaOw3FPg9Q\"]},{\"@type\":\"Person\",\"@id\":\"https:\/\/kapitalis.com\/tunisie\/#\/schema\/person\/73a5ecc1f6ae540c6ed91342eadca948\",\"name\":\"Fawz BenAli\",\"url\":\"https:\/\/kapitalis.com\/tunisie\/author\/fawz\/\"}]}<\/script>\n<!-- \/ Yoast SEO plugin. -->","yoast_head_json":{"title":"Le festival Jazz \u00e0 Carthage est encore une fois report\u00e9 - Kapitalis","robots":{"index":"index","follow":"follow","max-snippet":"max-snippet:-1","max-image-preview":"max-image-preview:large","max-video-preview":"max-video-preview:-1"},"canonical":"https:\/\/kapitalis.com\/tunisie\/2021\/06\/29\/le-festival-jazz-a-carthage-est-encore-une-fois-reporte\/","og_locale":"fr_FR","og_type":"article","og_title":"Le festival Jazz \u00e0 Carthage est encore une fois report\u00e9 - Kapitalis","og_description":"Initialement pr\u00e9vue pour la p\u00e9riode du 30 juin au 4 juillet 2021, la 15e \u00e9dition du Festival Jazz \u00e0 Carthage est encore une fois report\u00e9e \u00e0 cause de la situation sanitaire qui ne fait que s\u2019aggraver en Tunisie.","og_url":"https:\/\/kapitalis.com\/tunisie\/2021\/06\/29\/le-festival-jazz-a-carthage-est-encore-une-fois-reporte\/","og_site_name":"Kapitalis","article_publisher":"https:\/\/www.facebook.com\/KapitalisInfo\/","article_published_time":"2021-06-29T11:22:43+00:00","article_modified_time":"2021-06-29T11:25:38+00:00","og_image":[{"width":1200,"height":630,"url":"https:\/\/kapitalis.com\/tunisie\/wp-content\/uploads\/2022\/05\/kapitalis-logo-fb.png","type":"image\/png"}],"author":"Fawz BenAli","twitter_card":"summary_large_image","twitter_creator":"@KapitalisInfo","twitter_site":"@KapitalisInfo","twitter_misc":{"\u00c9crit par":"Fawz BenAli","Dur\u00e9e de lecture estim\u00e9e":"2 minutes"},"schema":{"@context":"https:\/\/schema.org","@graph":[{"@type":"Article","@id":"https:\/\/kapitalis.com\/tunisie\/2021\/06\/29\/le-festival-jazz-a-carthage-est-encore-une-fois-reporte\/#article","isPartOf":{"@id":"https:\/\/kapitalis.com\/tunisie\/2021\/06\/29\/le-festival-jazz-a-carthage-est-encore-une-fois-reporte\/"},"author":{"name":"Fawz BenAli","@id":"https:\/\/kapitalis.com\/tunisie\/#\/schema\/person\/73a5ecc1f6ae540c6ed91342eadca948"},"headline":"Le festival Jazz \u00e0 Carthage est encore une fois report\u00e9","datePublished":"2021-06-29T11:22:43+00:00","dateModified":"2021-06-29T11:25:38+00:00","mainEntityOfPage":{"@id":"https:\/\/kapitalis.com\/tunisie\/2021\/06\/29\/le-festival-jazz-a-carthage-est-encore-une-fois-reporte\/"},"wordCount":336,"commentCount":0,"publisher":{"@id":"https:\/\/kapitalis.com\/tunisie\/#organization"},"image":{"@id":"https:\/\/kapitalis.com\/tunisie\/2021\/06\/29\/le-festival-jazz-a-carthage-est-encore-une-fois-reporte\/#primaryimage"},"thumbnailUrl":"","keywords":["Jazz \u00e0 Carthage","Jazz \u00e0 Carthage report\u00e9","Mourad Mathari"],"articleSection":["CULTURE","Tunisie"],"inLanguage":"fr-FR","potentialAction":[{"@type":"CommentAction","name":"Comment","target":["https:\/\/kapitalis.com\/tunisie\/2021\/06\/29\/le-festival-jazz-a-carthage-est-encore-une-fois-reporte\/#respond"]}]},{"@type":"WebPage","@id":"https:\/\/kapitalis.com\/tunisie\/2021\/06\/29\/le-festival-jazz-a-carthage-est-encore-une-fois-reporte\/","url":"https:\/\/kapitalis.com\/tunisie\/2021\/06\/29\/le-festival-jazz-a-carthage-est-encore-une-fois-reporte\/","name":"Le festival Jazz \u00e0 Carthage est encore une fois report\u00e9 - Kapitalis","isPartOf":{"@id":"https:\/\/kapitalis.com\/tunisie\/#website"},"primaryImageOfPage":{"@id":"https:\/\/kapitalis.com\/tunisie\/2021\/06\/29\/le-festival-jazz-a-carthage-est-encore-une-fois-reporte\/#primaryimage"},"image":{"@id":"https:\/\/kapitalis.com\/tunisie\/2021\/06\/29\/le-festival-jazz-a-carthage-est-encore-une-fois-reporte\/#primaryimage"},"thumbnailUrl":"","datePublished":"2021-06-29T11:22:43+00:00","dateModified":"2021-06-29T11:25:38+00:00","breadcrumb":{"@id":"https:\/\/kapitalis.com\/tunisie\/2021\/06\/29\/le-festival-jazz-a-carthage-est-encore-une-fois-reporte\/#breadcrumb"},"inLanguage":"fr-FR","potentialAction":[{"@type":"ReadAction","target":["https:\/\/kapitalis.com\/tunisie\/2021\/06\/29\/le-festival-jazz-a-carthage-est-encore-une-fois-reporte\/"]}]},{"@type":"ImageObject","inLanguage":"fr-FR","@id":"https:\/\/kapitalis.com\/tunisie\/2021\/06\/29\/le-festival-jazz-a-carthage-est-encore-une-fois-reporte\/#primaryimage","url":"","contentUrl":""},{"@type":"BreadcrumbList","@id":"https:\/\/kapitalis.com\/tunisie\/2021\/06\/29\/le-festival-jazz-a-carthage-est-encore-une-fois-reporte\/#breadcrumb","itemListElement":[{"@type":"ListItem","position":1,"name":"Accueil","item":"https:\/\/kapitalis.com\/tunisie\/"},{"@type":"ListItem","position":2,"name":"Le festival Jazz \u00e0 Carthage est encore une fois report\u00e9"}]},{"@type":"WebSite","@id":"https:\/\/kapitalis.com\/tunisie\/#website","url":"https:\/\/kapitalis.com\/tunisie\/","name":"Kapitalis","description":"L&#039;actualit\u00e9 en Tunisie et dans le monde","publisher":{"@id":"https:\/\/kapitalis.com\/tunisie\/#organization"},"potentialAction":[{"@type":"SearchAction","target":{"@type":"EntryPoint","urlTemplate":"https:\/\/kapitalis.com\/tunisie\/?s={search_term_string}"},"query-input":{"@type":"PropertyValueSpecification","valueRequired":true,"valueName":"search_term_string"}}],"inLanguage":"fr-FR"},{"@type":"Organization","@id":"https:\/\/kapitalis.com\/tunisie\/#organization","name":"Kapitalis","url":"https:\/\/kapitalis.com\/tunisie\/","logo":{"@type":"ImageObject","inLanguage":"fr-FR","@id":"https:\/\/kapitalis.com\/tunisie\/#\/schema\/logo\/image\/","url":"https:\/\/kapitalis.com\/tunisie\/wp-content\/uploads\/2022\/05\/Kapitalis-big-size.png","contentUrl":"https:\/\/kapitalis.com\/tunisie\/wp-content\/uploads\/2022\/05\/Kapitalis-big-size.png","width":5000,"height":1500,"caption":"Kapitalis"},"image":{"@id":"https:\/\/kapitalis.com\/tunisie\/#\/schema\/logo\/image\/"},"sameAs":["https:\/\/www.facebook.com\/KapitalisInfo\/","https:\/\/x.com\/KapitalisInfo","https:\/\/www.youtube.com\/channel\/UC-yDYrHyfFBWWZaOw3FPg9Q"]},{"@type":"Person","@id":"https:\/\/kapitalis.com\/tunisie\/#\/schema\/person\/73a5ecc1f6ae540c6ed91342eadca948","name":"Fawz BenAli","url":"https:\/\/kapitalis.com\/tunisie\/author\/fawz\/"}]}},"_links":{"self":[{"href":"https:\/\/kapitalis.com\/tunisie\/wp-json\/wp\/v2\/posts\/354494","targetHints":{"allow":["GET"]}}],"collection":[{"href":"https:\/\/kapitalis.com\/tunisie\/wp-json\/wp\/v2\/posts"}],"about":[{"href":"https:\/\/kapitalis.com\/tunisie\/wp-json\/wp\/v2\/types\/post"}],"author":[{"embeddable":true,"href":"https:\/\/kapitalis.com\/tunisie\/wp-json\/wp\/v2\/users\/26"}],"replies":[{"embeddable":true,"href":"https:\/\/kapitalis.com\/tunisie\/wp-json\/wp\/v2\/comments?post=354494"}],"version-history":[{"count":0,"href":"https:\/\/kapitalis.com\/tunisie\/wp-json\/wp\/v2\/posts\/354494\/revisions"}],"wp:featuredmedia":[{"embeddable":true,"href":"https:\/\/kapitalis.com\/tunisie\/wp-json\/wp\/v2\/media\/354499"}],"wp:attachment":[{"href":"https:\/\/kapitalis.com\/tunisie\/wp-json\/wp\/v2\/media?parent=354494"}],"wp:term":[{"taxonomy":"category","embeddable":true,"href":"https:\/\/kapitalis.com\/tunisie\/wp-json\/wp\/v2\/categories?post=354494"},{"taxonomy":"post_tag","embeddable":true,"href":"https:\/\/kapitalis.com\/tunisie\/wp-json\/wp\/v2\/tags?post=354494"}],"curies":[{"name":"wp","href":"https:\/\/api.w.org\/{rel}","templated":true}]}}