{"id":354594,"date":"2021-06-29T23:15:06","date_gmt":"2021-06-29T22:15:06","guid":{"rendered":"http:\/\/kapitalis.com\/tunisie\/?p=354594"},"modified":"2021-06-29T23:18:53","modified_gmt":"2021-06-29T22:18:53","slug":"covid-report-de-la-56eme-edition-du-festival-international-de-carthage","status":"publish","type":"post","link":"https:\/\/kapitalis.com\/tunisie\/2021\/06\/29\/covid-report-de-la-56eme-edition-du-festival-international-de-carthage\/","title":{"rendered":"Covid : Report de la 56\u00e8me \u00e9dition du Festival international de Carthage"},"content":{"rendered":"\n<div class=\"wp-block-image\"><figure class=\"aligncenter size-large\"><img decoding=\"async\" src=\"http:\/\/kapitalis.com\/tunisie\/wp-content\/uploads\/2021\/06\/festival-Carthage.jpg\" alt=\"\" class=\"wp-image-354596\"\/><\/figure><\/div>\n\n\n\n<p><strong><em>Le minist\u00e8re des Affaires culturelles a annonc\u00e9 dans un communiqu\u00e9 publi\u00e9 dans la soir\u00e9e de ce lundi 29 juin 2021, le report de de la 56\u00e8me \u00e9dition du Festival international de Carthage, et ce \u00e0 cause de la d\u00e9gradation de la situation sanitaire en Tunisie et les mesures annonc\u00e9es par le gouvernement pour lutter contre la propagation du coronavirus.<\/em><\/strong><\/p>\n\n\n\n<!--more-->\n\n\n\n<p>\u00ab<em>Suite aux derni\u00e8res mesures annonc\u00e9es par la Pr\u00e9sidence du Gouvernement et conform\u00e9ment aux d\u00e9cisions prises par le Minist\u00e8re des affaires Culturelles suite \u00e0 la recrudescence fulgurante de la Covid-19 en Tunisie et ailleurs, le comit\u00e9 directeur du Festival International de Carthage se doit de reporter la tenue de la 56\u00e8me \u00e9dition pour le mois d&rsquo;ao\u00fbt 2021, sous r\u00e9serve de l\u2019am\u00e9lioration de la situation sanitaire<\/em>\u00bb, lit-on dans le communiqu\u00e9 diffus\u00e9 par le d\u00e9partement de la culture et de conclure : \u00ab<em>La sant\u00e9 de notre public est notre priorit\u00e9<\/em>\u00bb.<\/p>\n\n\n\n<p>Rappelons que la commission nationale charg\u00e9e de la lutte contre le coronavirus, a notamment annonc\u00e9 un renforcement du couvre-feu, \u00e0 partir du 1er juillet, qui sera en vigueur de 20h \u00e0 5h, et l&rsquo;interdiction des rassemblements et des festivit\u00e9s, dans les espaces ouverts ou ferm\u00e9s.<\/p>\n\n\n\n<p class=\"has-text-align-right\"><strong>Y. N.<\/strong><\/p>\n\n\n\n<figure class=\"wp-block-embed is-type-wp-embed is-provider-kapitalis wp-block-embed-kapitalis\"><div class=\"wp-block-embed__wrapper\">\n<blockquote class=\"wp-embedded-content\" data-secret=\"z6p5RDxb5j\"><a href=\"https:\/\/kapitalis.com\/tunisie\/2021\/06\/29\/pr-ben-alaya-le-couvre-feu-sera-renforce-a-partir-du-1er-juillet-sur-lensemble-du-territoire-tunisien\/\">Pr Ben Alaya : Le couvre-feu sera renforc\u00e9, \u00e0 partir du 1er juillet, sur l&rsquo;ensemble du territoire tunisien<\/a><\/blockquote><iframe loading=\"lazy\" class=\"wp-embedded-content\" sandbox=\"allow-scripts\" security=\"restricted\" style=\"position: absolute; clip: rect(1px, 1px, 1px, 1px);\" title=\"\u00ab\u00a0Pr Ben Alaya : Le couvre-feu sera renforc\u00e9, \u00e0 partir du 1er juillet, sur l&rsquo;ensemble du territoire tunisien\u00a0\u00bb &#8212; Kapitalis\" src=\"https:\/\/kapitalis.com\/tunisie\/2021\/06\/29\/pr-ben-alaya-le-couvre-feu-sera-renforce-a-partir-du-1er-juillet-sur-lensemble-du-territoire-tunisien\/embed\/#?secret=eQddXqFF5l#?secret=z6p5RDxb5j\" data-secret=\"z6p5RDxb5j\" width=\"600\" height=\"338\" frameborder=\"0\" marginwidth=\"0\" marginheight=\"0\" scrolling=\"no\"><\/iframe>\n<\/div><\/figure>\n\n\n\n<figure class=\"wp-block-embed is-type-wp-embed is-provider-kapitalis wp-block-embed-kapitalis\"><div class=\"wp-block-embed__wrapper\">\n<blockquote class=\"wp-embedded-content\" data-secret=\"Qz3CdrbET9\"><a href=\"https:\/\/kapitalis.com\/tunisie\/2021\/06\/29\/le-festival-jazz-a-carthage-est-encore-une-fois-reporte\/\">Le festival Jazz \u00e0 Carthage est encore une fois report\u00e9<\/a><\/blockquote><iframe loading=\"lazy\" class=\"wp-embedded-content\" sandbox=\"allow-scripts\" security=\"restricted\" style=\"position: absolute; clip: rect(1px, 1px, 1px, 1px);\" title=\"\u00ab\u00a0Le festival Jazz \u00e0 Carthage est encore une fois report\u00e9\u00a0\u00bb &#8212; Kapitalis\" src=\"https:\/\/kapitalis.com\/tunisie\/2021\/06\/29\/le-festival-jazz-a-carthage-est-encore-une-fois-reporte\/embed\/#?secret=D0so8C4O1O#?secret=Qz3CdrbET9\" data-secret=\"Qz3CdrbET9\" width=\"600\" height=\"338\" frameborder=\"0\" marginwidth=\"0\" marginheight=\"0\" scrolling=\"no\"><\/iframe>\n<\/div><\/figure>\n\n\n\n<p><\/p>\n","protected":false},"excerpt":{"rendered":"<p>Le minist\u00e8re des Affaires culturelles a annonc\u00e9 dans un communiqu\u00e9 publi\u00e9 dans la soir\u00e9e de ce lundi 29 juin 2021, le report de de la 56\u00e8me \u00e9dition du Festival international de Carthage, et ce \u00e0 cause de la d\u00e9gradation de la situation sanitaire en Tunisie et les mesures annonc\u00e9es par le gouvernement pour lutter contre&#8230;<\/p>\n","protected":false},"author":6,"featured_media":354596,"comment_status":"open","ping_status":"open","sticky":false,"template":"","format":"standard","meta":{"footnotes":""},"categories":[994,2433],"tags":[22395,73060,244,78820,2616,5440,810],"class_list":["post-354594","post","type-post","status-publish","format-standard","has-post-thumbnail","hentry","category-culture","category-tunisie","tag-affaires-culturelles","tag-coronavirus","tag-couvre-feu","tag-covid-2","tag-festival-international-de-carthage","tag-report","tag-sante"],"yoast_head":"<!-- This site is optimized with the Yoast SEO plugin v26.6 - https:\/\/yoast.com\/wordpress\/plugins\/seo\/ -->\n<title>Covid : Report de la 56\u00e8me \u00e9dition du Festival international de Carthage - Kapitalis<\/title>\n<meta name=\"robots\" content=\"index, follow, max-snippet:-1, max-image-preview:large, max-video-preview:-1\" \/>\n<link rel=\"canonical\" href=\"https:\/\/kapitalis.com\/tunisie\/2021\/06\/29\/covid-report-de-la-56eme-edition-du-festival-international-de-carthage\/\" \/>\n<meta property=\"og:locale\" content=\"fr_FR\" \/>\n<meta property=\"og:type\" content=\"article\" \/>\n<meta property=\"og:title\" content=\"Covid : Report de la 56\u00e8me \u00e9dition du Festival international de Carthage - Kapitalis\" \/>\n<meta property=\"og:description\" content=\"Le minist\u00e8re des Affaires culturelles a annonc\u00e9 dans un communiqu\u00e9 publi\u00e9 dans la soir\u00e9e de ce lundi 29 juin 2021, le report de de la 56\u00e8me \u00e9dition du Festival international de Carthage, et ce \u00e0 cause de la d\u00e9gradation de la situation sanitaire en Tunisie et les mesures annonc\u00e9es par le gouvernement pour lutter contre...\" \/>\n<meta property=\"og:url\" content=\"https:\/\/kapitalis.com\/tunisie\/2021\/06\/29\/covid-report-de-la-56eme-edition-du-festival-international-de-carthage\/\" \/>\n<meta property=\"og:site_name\" content=\"Kapitalis\" \/>\n<meta property=\"article:publisher\" content=\"https:\/\/www.facebook.com\/KapitalisInfo\/\" \/>\n<meta property=\"article:published_time\" content=\"2021-06-29T22:15:06+00:00\" \/>\n<meta property=\"article:modified_time\" content=\"2021-06-29T22:18:53+00:00\" \/>\n<meta property=\"og:image\" content=\"https:\/\/kapitalis.com\/tunisie\/wp-content\/uploads\/2022\/05\/kapitalis-logo-fb.png\" \/>\n\t<meta property=\"og:image:width\" content=\"1200\" \/>\n\t<meta property=\"og:image:height\" content=\"630\" \/>\n\t<meta property=\"og:image:type\" content=\"image\/png\" \/>\n<meta name=\"author\" content=\"Yusra NY\" \/>\n<meta name=\"twitter:card\" content=\"summary_large_image\" \/>\n<meta name=\"twitter:creator\" content=\"@KapitalisInfo\" \/>\n<meta name=\"twitter:site\" content=\"@KapitalisInfo\" \/>\n<meta name=\"twitter:label1\" content=\"\u00c9crit par\" \/>\n\t<meta name=\"twitter:data1\" content=\"Yusra NY\" \/>\n\t<meta name=\"twitter:label2\" content=\"Dur\u00e9e de lecture estim\u00e9e\" \/>\n\t<meta name=\"twitter:data2\" content=\"1 minute\" \/>\n<script type=\"application\/ld+json\" class=\"yoast-schema-graph\">{\"@context\":\"https:\/\/schema.org\",\"@graph\":[{\"@type\":\"Article\",\"@id\":\"https:\/\/kapitalis.com\/tunisie\/2021\/06\/29\/covid-report-de-la-56eme-edition-du-festival-international-de-carthage\/#article\",\"isPartOf\":{\"@id\":\"https:\/\/kapitalis.com\/tunisie\/2021\/06\/29\/covid-report-de-la-56eme-edition-du-festival-international-de-carthage\/\"},\"author\":{\"name\":\"Yusra NY\",\"@id\":\"https:\/\/kapitalis.com\/tunisie\/#\/schema\/person\/74bbde0154d49d790a92aaeac5bc01d5\"},\"headline\":\"Covid : Report de la 56\u00e8me \u00e9dition du Festival international de Carthage\",\"datePublished\":\"2021-06-29T22:15:06+00:00\",\"dateModified\":\"2021-06-29T22:18:53+00:00\",\"mainEntityOfPage\":{\"@id\":\"https:\/\/kapitalis.com\/tunisie\/2021\/06\/29\/covid-report-de-la-56eme-edition-du-festival-international-de-carthage\/\"},\"wordCount\":225,\"commentCount\":0,\"publisher\":{\"@id\":\"https:\/\/kapitalis.com\/tunisie\/#organization\"},\"image\":{\"@id\":\"https:\/\/kapitalis.com\/tunisie\/2021\/06\/29\/covid-report-de-la-56eme-edition-du-festival-international-de-carthage\/#primaryimage\"},\"thumbnailUrl\":\"\",\"keywords\":[\"affaires culturelles\",\"Coronavirus\",\"couvre-feu\",\"covid\",\"Festival international de Carthage\",\"report\",\"Sant\u00e9\"],\"articleSection\":[\"CULTURE\",\"Tunisie\"],\"inLanguage\":\"fr-FR\",\"potentialAction\":[{\"@type\":\"CommentAction\",\"name\":\"Comment\",\"target\":[\"https:\/\/kapitalis.com\/tunisie\/2021\/06\/29\/covid-report-de-la-56eme-edition-du-festival-international-de-carthage\/#respond\"]}]},{\"@type\":\"WebPage\",\"@id\":\"https:\/\/kapitalis.com\/tunisie\/2021\/06\/29\/covid-report-de-la-56eme-edition-du-festival-international-de-carthage\/\",\"url\":\"https:\/\/kapitalis.com\/tunisie\/2021\/06\/29\/covid-report-de-la-56eme-edition-du-festival-international-de-carthage\/\",\"name\":\"Covid : Report de la 56\u00e8me \u00e9dition du Festival international de Carthage - Kapitalis\",\"isPartOf\":{\"@id\":\"https:\/\/kapitalis.com\/tunisie\/#website\"},\"primaryImageOfPage\":{\"@id\":\"https:\/\/kapitalis.com\/tunisie\/2021\/06\/29\/covid-report-de-la-56eme-edition-du-festival-international-de-carthage\/#primaryimage\"},\"image\":{\"@id\":\"https:\/\/kapitalis.com\/tunisie\/2021\/06\/29\/covid-report-de-la-56eme-edition-du-festival-international-de-carthage\/#primaryimage\"},\"thumbnailUrl\":\"\",\"datePublished\":\"2021-06-29T22:15:06+00:00\",\"dateModified\":\"2021-06-29T22:18:53+00:00\",\"breadcrumb\":{\"@id\":\"https:\/\/kapitalis.com\/tunisie\/2021\/06\/29\/covid-report-de-la-56eme-edition-du-festival-international-de-carthage\/#breadcrumb\"},\"inLanguage\":\"fr-FR\",\"potentialAction\":[{\"@type\":\"ReadAction\",\"target\":[\"https:\/\/kapitalis.com\/tunisie\/2021\/06\/29\/covid-report-de-la-56eme-edition-du-festival-international-de-carthage\/\"]}]},{\"@type\":\"ImageObject\",\"inLanguage\":\"fr-FR\",\"@id\":\"https:\/\/kapitalis.com\/tunisie\/2021\/06\/29\/covid-report-de-la-56eme-edition-du-festival-international-de-carthage\/#primaryimage\",\"url\":\"\",\"contentUrl\":\"\"},{\"@type\":\"BreadcrumbList\",\"@id\":\"https:\/\/kapitalis.com\/tunisie\/2021\/06\/29\/covid-report-de-la-56eme-edition-du-festival-international-de-carthage\/#breadcrumb\",\"itemListElement\":[{\"@type\":\"ListItem\",\"position\":1,\"name\":\"Accueil\",\"item\":\"https:\/\/kapitalis.com\/tunisie\/\"},{\"@type\":\"ListItem\",\"position\":2,\"name\":\"Covid : Report de la 56\u00e8me \u00e9dition du Festival international de Carthage\"}]},{\"@type\":\"WebSite\",\"@id\":\"https:\/\/kapitalis.com\/tunisie\/#website\",\"url\":\"https:\/\/kapitalis.com\/tunisie\/\",\"name\":\"Kapitalis\",\"description\":\"L&#039;actualit\u00e9 en Tunisie et dans le monde\",\"publisher\":{\"@id\":\"https:\/\/kapitalis.com\/tunisie\/#organization\"},\"potentialAction\":[{\"@type\":\"SearchAction\",\"target\":{\"@type\":\"EntryPoint\",\"urlTemplate\":\"https:\/\/kapitalis.com\/tunisie\/?s={search_term_string}\"},\"query-input\":{\"@type\":\"PropertyValueSpecification\",\"valueRequired\":true,\"valueName\":\"search_term_string\"}}],\"inLanguage\":\"fr-FR\"},{\"@type\":\"Organization\",\"@id\":\"https:\/\/kapitalis.com\/tunisie\/#organization\",\"name\":\"Kapitalis\",\"url\":\"https:\/\/kapitalis.com\/tunisie\/\",\"logo\":{\"@type\":\"ImageObject\",\"inLanguage\":\"fr-FR\",\"@id\":\"https:\/\/kapitalis.com\/tunisie\/#\/schema\/logo\/image\/\",\"url\":\"https:\/\/kapitalis.com\/tunisie\/wp-content\/uploads\/2022\/05\/Kapitalis-big-size.png\",\"contentUrl\":\"https:\/\/kapitalis.com\/tunisie\/wp-content\/uploads\/2022\/05\/Kapitalis-big-size.png\",\"width\":5000,\"height\":1500,\"caption\":\"Kapitalis\"},\"image\":{\"@id\":\"https:\/\/kapitalis.com\/tunisie\/#\/schema\/logo\/image\/\"},\"sameAs\":[\"https:\/\/www.facebook.com\/KapitalisInfo\/\",\"https:\/\/x.com\/KapitalisInfo\",\"https:\/\/www.youtube.com\/channel\/UC-yDYrHyfFBWWZaOw3FPg9Q\"]},{\"@type\":\"Person\",\"@id\":\"https:\/\/kapitalis.com\/tunisie\/#\/schema\/person\/74bbde0154d49d790a92aaeac5bc01d5\",\"name\":\"Yusra NY\",\"url\":\"https:\/\/kapitalis.com\/tunisie\/author\/yuza_adam\/\"}]}<\/script>\n<!-- \/ Yoast SEO plugin. -->","yoast_head_json":{"title":"Covid : Report de la 56\u00e8me \u00e9dition du Festival international de Carthage - Kapitalis","robots":{"index":"index","follow":"follow","max-snippet":"max-snippet:-1","max-image-preview":"max-image-preview:large","max-video-preview":"max-video-preview:-1"},"canonical":"https:\/\/kapitalis.com\/tunisie\/2021\/06\/29\/covid-report-de-la-56eme-edition-du-festival-international-de-carthage\/","og_locale":"fr_FR","og_type":"article","og_title":"Covid : Report de la 56\u00e8me \u00e9dition du Festival international de Carthage - Kapitalis","og_description":"Le minist\u00e8re des Affaires culturelles a annonc\u00e9 dans un communiqu\u00e9 publi\u00e9 dans la soir\u00e9e de ce lundi 29 juin 2021, le report de de la 56\u00e8me \u00e9dition du Festival international de Carthage, et ce \u00e0 cause de la d\u00e9gradation de la situation sanitaire en Tunisie et les mesures annonc\u00e9es par le gouvernement pour lutter contre...","og_url":"https:\/\/kapitalis.com\/tunisie\/2021\/06\/29\/covid-report-de-la-56eme-edition-du-festival-international-de-carthage\/","og_site_name":"Kapitalis","article_publisher":"https:\/\/www.facebook.com\/KapitalisInfo\/","article_published_time":"2021-06-29T22:15:06+00:00","article_modified_time":"2021-06-29T22:18:53+00:00","og_image":[{"width":1200,"height":630,"url":"https:\/\/kapitalis.com\/tunisie\/wp-content\/uploads\/2022\/05\/kapitalis-logo-fb.png","type":"image\/png"}],"author":"Yusra NY","twitter_card":"summary_large_image","twitter_creator":"@KapitalisInfo","twitter_site":"@KapitalisInfo","twitter_misc":{"\u00c9crit par":"Yusra NY","Dur\u00e9e de lecture estim\u00e9e":"1 minute"},"schema":{"@context":"https:\/\/schema.org","@graph":[{"@type":"Article","@id":"https:\/\/kapitalis.com\/tunisie\/2021\/06\/29\/covid-report-de-la-56eme-edition-du-festival-international-de-carthage\/#article","isPartOf":{"@id":"https:\/\/kapitalis.com\/tunisie\/2021\/06\/29\/covid-report-de-la-56eme-edition-du-festival-international-de-carthage\/"},"author":{"name":"Yusra NY","@id":"https:\/\/kapitalis.com\/tunisie\/#\/schema\/person\/74bbde0154d49d790a92aaeac5bc01d5"},"headline":"Covid : Report de la 56\u00e8me \u00e9dition du Festival international de Carthage","datePublished":"2021-06-29T22:15:06+00:00","dateModified":"2021-06-29T22:18:53+00:00","mainEntityOfPage":{"@id":"https:\/\/kapitalis.com\/tunisie\/2021\/06\/29\/covid-report-de-la-56eme-edition-du-festival-international-de-carthage\/"},"wordCount":225,"commentCount":0,"publisher":{"@id":"https:\/\/kapitalis.com\/tunisie\/#organization"},"image":{"@id":"https:\/\/kapitalis.com\/tunisie\/2021\/06\/29\/covid-report-de-la-56eme-edition-du-festival-international-de-carthage\/#primaryimage"},"thumbnailUrl":"","keywords":["affaires culturelles","Coronavirus","couvre-feu","covid","Festival international de Carthage","report","Sant\u00e9"],"articleSection":["CULTURE","Tunisie"],"inLanguage":"fr-FR","potentialAction":[{"@type":"CommentAction","name":"Comment","target":["https:\/\/kapitalis.com\/tunisie\/2021\/06\/29\/covid-report-de-la-56eme-edition-du-festival-international-de-carthage\/#respond"]}]},{"@type":"WebPage","@id":"https:\/\/kapitalis.com\/tunisie\/2021\/06\/29\/covid-report-de-la-56eme-edition-du-festival-international-de-carthage\/","url":"https:\/\/kapitalis.com\/tunisie\/2021\/06\/29\/covid-report-de-la-56eme-edition-du-festival-international-de-carthage\/","name":"Covid : Report de la 56\u00e8me \u00e9dition du Festival international de Carthage - Kapitalis","isPartOf":{"@id":"https:\/\/kapitalis.com\/tunisie\/#website"},"primaryImageOfPage":{"@id":"https:\/\/kapitalis.com\/tunisie\/2021\/06\/29\/covid-report-de-la-56eme-edition-du-festival-international-de-carthage\/#primaryimage"},"image":{"@id":"https:\/\/kapitalis.com\/tunisie\/2021\/06\/29\/covid-report-de-la-56eme-edition-du-festival-international-de-carthage\/#primaryimage"},"thumbnailUrl":"","datePublished":"2021-06-29T22:15:06+00:00","dateModified":"2021-06-29T22:18:53+00:00","breadcrumb":{"@id":"https:\/\/kapitalis.com\/tunisie\/2021\/06\/29\/covid-report-de-la-56eme-edition-du-festival-international-de-carthage\/#breadcrumb"},"inLanguage":"fr-FR","potentialAction":[{"@type":"ReadAction","target":["https:\/\/kapitalis.com\/tunisie\/2021\/06\/29\/covid-report-de-la-56eme-edition-du-festival-international-de-carthage\/"]}]},{"@type":"ImageObject","inLanguage":"fr-FR","@id":"https:\/\/kapitalis.com\/tunisie\/2021\/06\/29\/covid-report-de-la-56eme-edition-du-festival-international-de-carthage\/#primaryimage","url":"","contentUrl":""},{"@type":"BreadcrumbList","@id":"https:\/\/kapitalis.com\/tunisie\/2021\/06\/29\/covid-report-de-la-56eme-edition-du-festival-international-de-carthage\/#breadcrumb","itemListElement":[{"@type":"ListItem","position":1,"name":"Accueil","item":"https:\/\/kapitalis.com\/tunisie\/"},{"@type":"ListItem","position":2,"name":"Covid : Report de la 56\u00e8me \u00e9dition du Festival international de Carthage"}]},{"@type":"WebSite","@id":"https:\/\/kapitalis.com\/tunisie\/#website","url":"https:\/\/kapitalis.com\/tunisie\/","name":"Kapitalis","description":"L&#039;actualit\u00e9 en Tunisie et dans le monde","publisher":{"@id":"https:\/\/kapitalis.com\/tunisie\/#organization"},"potentialAction":[{"@type":"SearchAction","target":{"@type":"EntryPoint","urlTemplate":"https:\/\/kapitalis.com\/tunisie\/?s={search_term_string}"},"query-input":{"@type":"PropertyValueSpecification","valueRequired":true,"valueName":"search_term_string"}}],"inLanguage":"fr-FR"},{"@type":"Organization","@id":"https:\/\/kapitalis.com\/tunisie\/#organization","name":"Kapitalis","url":"https:\/\/kapitalis.com\/tunisie\/","logo":{"@type":"ImageObject","inLanguage":"fr-FR","@id":"https:\/\/kapitalis.com\/tunisie\/#\/schema\/logo\/image\/","url":"https:\/\/kapitalis.com\/tunisie\/wp-content\/uploads\/2022\/05\/Kapitalis-big-size.png","contentUrl":"https:\/\/kapitalis.com\/tunisie\/wp-content\/uploads\/2022\/05\/Kapitalis-big-size.png","width":5000,"height":1500,"caption":"Kapitalis"},"image":{"@id":"https:\/\/kapitalis.com\/tunisie\/#\/schema\/logo\/image\/"},"sameAs":["https:\/\/www.facebook.com\/KapitalisInfo\/","https:\/\/x.com\/KapitalisInfo","https:\/\/www.youtube.com\/channel\/UC-yDYrHyfFBWWZaOw3FPg9Q"]},{"@type":"Person","@id":"https:\/\/kapitalis.com\/tunisie\/#\/schema\/person\/74bbde0154d49d790a92aaeac5bc01d5","name":"Yusra NY","url":"https:\/\/kapitalis.com\/tunisie\/author\/yuza_adam\/"}]}},"_links":{"self":[{"href":"https:\/\/kapitalis.com\/tunisie\/wp-json\/wp\/v2\/posts\/354594","targetHints":{"allow":["GET"]}}],"collection":[{"href":"https:\/\/kapitalis.com\/tunisie\/wp-json\/wp\/v2\/posts"}],"about":[{"href":"https:\/\/kapitalis.com\/tunisie\/wp-json\/wp\/v2\/types\/post"}],"author":[{"embeddable":true,"href":"https:\/\/kapitalis.com\/tunisie\/wp-json\/wp\/v2\/users\/6"}],"replies":[{"embeddable":true,"href":"https:\/\/kapitalis.com\/tunisie\/wp-json\/wp\/v2\/comments?post=354594"}],"version-history":[{"count":0,"href":"https:\/\/kapitalis.com\/tunisie\/wp-json\/wp\/v2\/posts\/354594\/revisions"}],"wp:featuredmedia":[{"embeddable":true,"href":"https:\/\/kapitalis.com\/tunisie\/wp-json\/wp\/v2\/media\/354596"}],"wp:attachment":[{"href":"https:\/\/kapitalis.com\/tunisie\/wp-json\/wp\/v2\/media?parent=354594"}],"wp:term":[{"taxonomy":"category","embeddable":true,"href":"https:\/\/kapitalis.com\/tunisie\/wp-json\/wp\/v2\/categories?post=354594"},{"taxonomy":"post_tag","embeddable":true,"href":"https:\/\/kapitalis.com\/tunisie\/wp-json\/wp\/v2\/tags?post=354594"}],"curies":[{"name":"wp","href":"https:\/\/api.w.org\/{rel}","templated":true}]}}