{"id":354837,"date":"2021-07-01T14:04:01","date_gmt":"2021-07-01T13:04:01","guid":{"rendered":"http:\/\/kapitalis.com\/tunisie\/?p=354837"},"modified":"2021-07-01T14:12:13","modified_gmt":"2021-07-01T13:12:13","slug":"gabes-cinema-fen-revient-dans-un-format-digital","status":"publish","type":"post","link":"https:\/\/kapitalis.com\/tunisie\/2021\/07\/01\/gabes-cinema-fen-revient-dans-un-format-digital\/","title":{"rendered":"Gab\u00e8s Cin\u00e9ma Fen revient dans un format digital"},"content":{"rendered":"\n<div class=\"wp-block-image\"><figure class=\"aligncenter size-large\"><img decoding=\"async\" src=\"http:\/\/kapitalis.com\/tunisie\/wp-content\/uploads\/2021\/07\/Untitled-4.jpg\" alt=\"\" class=\"wp-image-354848\"\/><\/figure><\/div>\n\n\n\n<p><strong><em>Apr\u00e8s avoir suspendu ses activit\u00e9s en pr\u00e9sence du public, le Festival Gab\u00e8s Cin\u00e9ma Fen revient dans une version num\u00e9rique du 2 au 7 juillet.<\/em><\/strong><\/p>\n\n\n\n<!--more-->\n\n\n\n<p>La 3<sup>e<\/sup> \u00e9dition de Gab\u00e8s Cin\u00e9ma Fen devait initialement avoir lieu au mois de mars dernier, mais en raison de la pand\u00e9mie du Coronavirus le comit\u00e9 directeur avait report\u00e9 le festival au mois de juin afin de garantir une \u00e9dition r\u00e9ussie et s\u00e9curis\u00e9e en pr\u00e9sence du public. Le festival a bel et bien d\u00e9marr\u00e9 le 16 juin avec des projections dans les salles de cin\u00e9ma et dans des espaces ouverts en pr\u00e9sence de plusieurs personnalit\u00e9s du monde du 7<sup>e<\/sup> art, mais le comit\u00e9 directeur a d\u00e9cid\u00e9 de suspendre l\u2019ensemble des activit\u00e9s pr\u00e9sentielles apr\u00e8s la d\u00e9t\u00e9rioration de la situation sanitaire dans le pays.<\/p>\n\n\n\n<p>Mais Gab\u00e8s Cin\u00e9ma Fen sera de retour d\u00e8s demain dans une version num\u00e9rique, comme ce fut le cas l\u2019ann\u00e9e derni\u00e8re, et ce sur la nouvelle <a href=\"https:\/\/l.facebook.com\/l.php?u=http%3A%2F%2Fgabescinemafen.com%2F%3Ffbclid%3DIwAR3qP0b2RPoyGX7N9estcSnee7LWSHGb6Jg9F928lmJrAe4nm39yMjnCi-w&amp;h=AT0rYbGVGL9dNuQKbdUmM4vOJhR9fnyQz9h_eNscS_PtSoA1r7Jop4q0xKTeehYTIwd5XnZpe6tmxzz6NqQVQwPqeDNWtgLp3nRy3X0nIUxMwKaAJtruCPjTd6Eghcod&amp;__tn__=-UK-R&amp;c[0]=AT2NGkO_0r71tW11uIUbp4VErVKCd_nqjkj8UNaIxY2RIT2xHtbUjePWvWiUeGu5n7TBA2dlgZXUzIO7Ua8CS2JC7FqwYi9lTtw48L0akahvHi8vErvyrfzHl5WXrz4nhpIAx1ReneTE5pMH2QbQEc4agEtdVX_1q69yNEN7myKSPso\">plateforme <\/a>du festival qui propose gratuitement au public une large s\u00e9lection de films en courts et longs-m\u00e9trages, documentaires et fictions.<\/p>\n\n\n\n<p>Le festival pr\u00e9cise que l\u2019acc\u00e8s en ligne aux films sera limit\u00e9 \u00e0 500 spectateurs inscrits par s\u00e9ance.<\/p>\n\n\n\n<p class=\"has-text-align-right\"><strong>Fawz Benali<\/strong><\/p>\n","protected":false},"excerpt":{"rendered":"<p>Apr\u00e8s avoir suspendu ses activit\u00e9s en pr\u00e9sence du public, le Festival Gab\u00e8s Cin\u00e9ma Fen revient dans une version num\u00e9rique du 2 au 7 juillet.<\/p>\n","protected":false},"author":26,"featured_media":354848,"comment_status":"open","ping_status":"open","sticky":false,"template":"","format":"standard","meta":{"footnotes":""},"categories":[994,2433],"tags":[207,91727,89838],"class_list":["post-354837","post","type-post","status-publish","format-standard","has-post-thumbnail","hentry","category-culture","category-tunisie","tag-cinema","tag-culture-a-gabes","tag-gabes-cinema-fen-2021-2"],"yoast_head":"<!-- This site is optimized with the Yoast SEO plugin v26.6 - https:\/\/yoast.com\/wordpress\/plugins\/seo\/ -->\n<title>Gab\u00e8s Cin\u00e9ma Fen revient dans un format digital - Kapitalis<\/title>\n<meta name=\"robots\" content=\"index, follow, max-snippet:-1, max-image-preview:large, max-video-preview:-1\" \/>\n<link rel=\"canonical\" href=\"https:\/\/kapitalis.com\/tunisie\/2021\/07\/01\/gabes-cinema-fen-revient-dans-un-format-digital\/\" \/>\n<meta property=\"og:locale\" content=\"fr_FR\" \/>\n<meta property=\"og:type\" content=\"article\" \/>\n<meta property=\"og:title\" content=\"Gab\u00e8s Cin\u00e9ma Fen revient dans un format digital - Kapitalis\" \/>\n<meta property=\"og:description\" content=\"Apr\u00e8s avoir suspendu ses activit\u00e9s en pr\u00e9sence du public, le Festival Gab\u00e8s Cin\u00e9ma Fen revient dans une version num\u00e9rique du 2 au 7 juillet.\" \/>\n<meta property=\"og:url\" content=\"https:\/\/kapitalis.com\/tunisie\/2021\/07\/01\/gabes-cinema-fen-revient-dans-un-format-digital\/\" \/>\n<meta property=\"og:site_name\" content=\"Kapitalis\" \/>\n<meta property=\"article:publisher\" content=\"https:\/\/www.facebook.com\/KapitalisInfo\/\" \/>\n<meta property=\"article:published_time\" content=\"2021-07-01T13:04:01+00:00\" \/>\n<meta property=\"article:modified_time\" content=\"2021-07-01T13:12:13+00:00\" \/>\n<meta property=\"og:image\" content=\"https:\/\/kapitalis.com\/tunisie\/wp-content\/uploads\/2022\/05\/kapitalis-logo-fb.png\" \/>\n\t<meta property=\"og:image:width\" content=\"1200\" \/>\n\t<meta property=\"og:image:height\" content=\"630\" \/>\n\t<meta property=\"og:image:type\" content=\"image\/png\" \/>\n<meta name=\"author\" content=\"Fawz BenAli\" \/>\n<meta name=\"twitter:card\" content=\"summary_large_image\" \/>\n<meta name=\"twitter:creator\" content=\"@KapitalisInfo\" \/>\n<meta name=\"twitter:site\" content=\"@KapitalisInfo\" \/>\n<meta name=\"twitter:label1\" content=\"\u00c9crit par\" \/>\n\t<meta name=\"twitter:data1\" content=\"Fawz BenAli\" \/>\n\t<meta name=\"twitter:label2\" content=\"Dur\u00e9e de lecture estim\u00e9e\" \/>\n\t<meta name=\"twitter:data2\" content=\"1 minute\" \/>\n<script type=\"application\/ld+json\" class=\"yoast-schema-graph\">{\"@context\":\"https:\/\/schema.org\",\"@graph\":[{\"@type\":\"Article\",\"@id\":\"https:\/\/kapitalis.com\/tunisie\/2021\/07\/01\/gabes-cinema-fen-revient-dans-un-format-digital\/#article\",\"isPartOf\":{\"@id\":\"https:\/\/kapitalis.com\/tunisie\/2021\/07\/01\/gabes-cinema-fen-revient-dans-un-format-digital\/\"},\"author\":{\"name\":\"Fawz BenAli\",\"@id\":\"https:\/\/kapitalis.com\/tunisie\/#\/schema\/person\/73a5ecc1f6ae540c6ed91342eadca948\"},\"headline\":\"Gab\u00e8s Cin\u00e9ma Fen revient dans un format digital\",\"datePublished\":\"2021-07-01T13:04:01+00:00\",\"dateModified\":\"2021-07-01T13:12:13+00:00\",\"mainEntityOfPage\":{\"@id\":\"https:\/\/kapitalis.com\/tunisie\/2021\/07\/01\/gabes-cinema-fen-revient-dans-un-format-digital\/\"},\"wordCount\":232,\"commentCount\":0,\"publisher\":{\"@id\":\"https:\/\/kapitalis.com\/tunisie\/#organization\"},\"image\":{\"@id\":\"https:\/\/kapitalis.com\/tunisie\/2021\/07\/01\/gabes-cinema-fen-revient-dans-un-format-digital\/#primaryimage\"},\"thumbnailUrl\":\"\",\"keywords\":[\"cin\u00e9ma\",\"culture \u00e0 Gab\u00e8s\",\"Gabes cinema Fen 2021\"],\"articleSection\":[\"CULTURE\",\"Tunisie\"],\"inLanguage\":\"fr-FR\",\"potentialAction\":[{\"@type\":\"CommentAction\",\"name\":\"Comment\",\"target\":[\"https:\/\/kapitalis.com\/tunisie\/2021\/07\/01\/gabes-cinema-fen-revient-dans-un-format-digital\/#respond\"]}]},{\"@type\":\"WebPage\",\"@id\":\"https:\/\/kapitalis.com\/tunisie\/2021\/07\/01\/gabes-cinema-fen-revient-dans-un-format-digital\/\",\"url\":\"https:\/\/kapitalis.com\/tunisie\/2021\/07\/01\/gabes-cinema-fen-revient-dans-un-format-digital\/\",\"name\":\"Gab\u00e8s Cin\u00e9ma Fen revient dans un format digital - Kapitalis\",\"isPartOf\":{\"@id\":\"https:\/\/kapitalis.com\/tunisie\/#website\"},\"primaryImageOfPage\":{\"@id\":\"https:\/\/kapitalis.com\/tunisie\/2021\/07\/01\/gabes-cinema-fen-revient-dans-un-format-digital\/#primaryimage\"},\"image\":{\"@id\":\"https:\/\/kapitalis.com\/tunisie\/2021\/07\/01\/gabes-cinema-fen-revient-dans-un-format-digital\/#primaryimage\"},\"thumbnailUrl\":\"\",\"datePublished\":\"2021-07-01T13:04:01+00:00\",\"dateModified\":\"2021-07-01T13:12:13+00:00\",\"breadcrumb\":{\"@id\":\"https:\/\/kapitalis.com\/tunisie\/2021\/07\/01\/gabes-cinema-fen-revient-dans-un-format-digital\/#breadcrumb\"},\"inLanguage\":\"fr-FR\",\"potentialAction\":[{\"@type\":\"ReadAction\",\"target\":[\"https:\/\/kapitalis.com\/tunisie\/2021\/07\/01\/gabes-cinema-fen-revient-dans-un-format-digital\/\"]}]},{\"@type\":\"ImageObject\",\"inLanguage\":\"fr-FR\",\"@id\":\"https:\/\/kapitalis.com\/tunisie\/2021\/07\/01\/gabes-cinema-fen-revient-dans-un-format-digital\/#primaryimage\",\"url\":\"\",\"contentUrl\":\"\"},{\"@type\":\"BreadcrumbList\",\"@id\":\"https:\/\/kapitalis.com\/tunisie\/2021\/07\/01\/gabes-cinema-fen-revient-dans-un-format-digital\/#breadcrumb\",\"itemListElement\":[{\"@type\":\"ListItem\",\"position\":1,\"name\":\"Accueil\",\"item\":\"https:\/\/kapitalis.com\/tunisie\/\"},{\"@type\":\"ListItem\",\"position\":2,\"name\":\"Gab\u00e8s Cin\u00e9ma Fen revient dans un format digital\"}]},{\"@type\":\"WebSite\",\"@id\":\"https:\/\/kapitalis.com\/tunisie\/#website\",\"url\":\"https:\/\/kapitalis.com\/tunisie\/\",\"name\":\"Kapitalis\",\"description\":\"L&#039;actualit\u00e9 en Tunisie et dans le monde\",\"publisher\":{\"@id\":\"https:\/\/kapitalis.com\/tunisie\/#organization\"},\"potentialAction\":[{\"@type\":\"SearchAction\",\"target\":{\"@type\":\"EntryPoint\",\"urlTemplate\":\"https:\/\/kapitalis.com\/tunisie\/?s={search_term_string}\"},\"query-input\":{\"@type\":\"PropertyValueSpecification\",\"valueRequired\":true,\"valueName\":\"search_term_string\"}}],\"inLanguage\":\"fr-FR\"},{\"@type\":\"Organization\",\"@id\":\"https:\/\/kapitalis.com\/tunisie\/#organization\",\"name\":\"Kapitalis\",\"url\":\"https:\/\/kapitalis.com\/tunisie\/\",\"logo\":{\"@type\":\"ImageObject\",\"inLanguage\":\"fr-FR\",\"@id\":\"https:\/\/kapitalis.com\/tunisie\/#\/schema\/logo\/image\/\",\"url\":\"https:\/\/kapitalis.com\/tunisie\/wp-content\/uploads\/2022\/05\/Kapitalis-big-size.png\",\"contentUrl\":\"https:\/\/kapitalis.com\/tunisie\/wp-content\/uploads\/2022\/05\/Kapitalis-big-size.png\",\"width\":5000,\"height\":1500,\"caption\":\"Kapitalis\"},\"image\":{\"@id\":\"https:\/\/kapitalis.com\/tunisie\/#\/schema\/logo\/image\/\"},\"sameAs\":[\"https:\/\/www.facebook.com\/KapitalisInfo\/\",\"https:\/\/x.com\/KapitalisInfo\",\"https:\/\/www.youtube.com\/channel\/UC-yDYrHyfFBWWZaOw3FPg9Q\"]},{\"@type\":\"Person\",\"@id\":\"https:\/\/kapitalis.com\/tunisie\/#\/schema\/person\/73a5ecc1f6ae540c6ed91342eadca948\",\"name\":\"Fawz BenAli\",\"url\":\"https:\/\/kapitalis.com\/tunisie\/author\/fawz\/\"}]}<\/script>\n<!-- \/ Yoast SEO plugin. -->","yoast_head_json":{"title":"Gab\u00e8s Cin\u00e9ma Fen revient dans un format digital - Kapitalis","robots":{"index":"index","follow":"follow","max-snippet":"max-snippet:-1","max-image-preview":"max-image-preview:large","max-video-preview":"max-video-preview:-1"},"canonical":"https:\/\/kapitalis.com\/tunisie\/2021\/07\/01\/gabes-cinema-fen-revient-dans-un-format-digital\/","og_locale":"fr_FR","og_type":"article","og_title":"Gab\u00e8s Cin\u00e9ma Fen revient dans un format digital - Kapitalis","og_description":"Apr\u00e8s avoir suspendu ses activit\u00e9s en pr\u00e9sence du public, le Festival Gab\u00e8s Cin\u00e9ma Fen revient dans une version num\u00e9rique du 2 au 7 juillet.","og_url":"https:\/\/kapitalis.com\/tunisie\/2021\/07\/01\/gabes-cinema-fen-revient-dans-un-format-digital\/","og_site_name":"Kapitalis","article_publisher":"https:\/\/www.facebook.com\/KapitalisInfo\/","article_published_time":"2021-07-01T13:04:01+00:00","article_modified_time":"2021-07-01T13:12:13+00:00","og_image":[{"width":1200,"height":630,"url":"https:\/\/kapitalis.com\/tunisie\/wp-content\/uploads\/2022\/05\/kapitalis-logo-fb.png","type":"image\/png"}],"author":"Fawz BenAli","twitter_card":"summary_large_image","twitter_creator":"@KapitalisInfo","twitter_site":"@KapitalisInfo","twitter_misc":{"\u00c9crit par":"Fawz BenAli","Dur\u00e9e de lecture estim\u00e9e":"1 minute"},"schema":{"@context":"https:\/\/schema.org","@graph":[{"@type":"Article","@id":"https:\/\/kapitalis.com\/tunisie\/2021\/07\/01\/gabes-cinema-fen-revient-dans-un-format-digital\/#article","isPartOf":{"@id":"https:\/\/kapitalis.com\/tunisie\/2021\/07\/01\/gabes-cinema-fen-revient-dans-un-format-digital\/"},"author":{"name":"Fawz BenAli","@id":"https:\/\/kapitalis.com\/tunisie\/#\/schema\/person\/73a5ecc1f6ae540c6ed91342eadca948"},"headline":"Gab\u00e8s Cin\u00e9ma Fen revient dans un format digital","datePublished":"2021-07-01T13:04:01+00:00","dateModified":"2021-07-01T13:12:13+00:00","mainEntityOfPage":{"@id":"https:\/\/kapitalis.com\/tunisie\/2021\/07\/01\/gabes-cinema-fen-revient-dans-un-format-digital\/"},"wordCount":232,"commentCount":0,"publisher":{"@id":"https:\/\/kapitalis.com\/tunisie\/#organization"},"image":{"@id":"https:\/\/kapitalis.com\/tunisie\/2021\/07\/01\/gabes-cinema-fen-revient-dans-un-format-digital\/#primaryimage"},"thumbnailUrl":"","keywords":["cin\u00e9ma","culture \u00e0 Gab\u00e8s","Gabes cinema Fen 2021"],"articleSection":["CULTURE","Tunisie"],"inLanguage":"fr-FR","potentialAction":[{"@type":"CommentAction","name":"Comment","target":["https:\/\/kapitalis.com\/tunisie\/2021\/07\/01\/gabes-cinema-fen-revient-dans-un-format-digital\/#respond"]}]},{"@type":"WebPage","@id":"https:\/\/kapitalis.com\/tunisie\/2021\/07\/01\/gabes-cinema-fen-revient-dans-un-format-digital\/","url":"https:\/\/kapitalis.com\/tunisie\/2021\/07\/01\/gabes-cinema-fen-revient-dans-un-format-digital\/","name":"Gab\u00e8s Cin\u00e9ma Fen revient dans un format digital - Kapitalis","isPartOf":{"@id":"https:\/\/kapitalis.com\/tunisie\/#website"},"primaryImageOfPage":{"@id":"https:\/\/kapitalis.com\/tunisie\/2021\/07\/01\/gabes-cinema-fen-revient-dans-un-format-digital\/#primaryimage"},"image":{"@id":"https:\/\/kapitalis.com\/tunisie\/2021\/07\/01\/gabes-cinema-fen-revient-dans-un-format-digital\/#primaryimage"},"thumbnailUrl":"","datePublished":"2021-07-01T13:04:01+00:00","dateModified":"2021-07-01T13:12:13+00:00","breadcrumb":{"@id":"https:\/\/kapitalis.com\/tunisie\/2021\/07\/01\/gabes-cinema-fen-revient-dans-un-format-digital\/#breadcrumb"},"inLanguage":"fr-FR","potentialAction":[{"@type":"ReadAction","target":["https:\/\/kapitalis.com\/tunisie\/2021\/07\/01\/gabes-cinema-fen-revient-dans-un-format-digital\/"]}]},{"@type":"ImageObject","inLanguage":"fr-FR","@id":"https:\/\/kapitalis.com\/tunisie\/2021\/07\/01\/gabes-cinema-fen-revient-dans-un-format-digital\/#primaryimage","url":"","contentUrl":""},{"@type":"BreadcrumbList","@id":"https:\/\/kapitalis.com\/tunisie\/2021\/07\/01\/gabes-cinema-fen-revient-dans-un-format-digital\/#breadcrumb","itemListElement":[{"@type":"ListItem","position":1,"name":"Accueil","item":"https:\/\/kapitalis.com\/tunisie\/"},{"@type":"ListItem","position":2,"name":"Gab\u00e8s Cin\u00e9ma Fen revient dans un format digital"}]},{"@type":"WebSite","@id":"https:\/\/kapitalis.com\/tunisie\/#website","url":"https:\/\/kapitalis.com\/tunisie\/","name":"Kapitalis","description":"L&#039;actualit\u00e9 en Tunisie et dans le monde","publisher":{"@id":"https:\/\/kapitalis.com\/tunisie\/#organization"},"potentialAction":[{"@type":"SearchAction","target":{"@type":"EntryPoint","urlTemplate":"https:\/\/kapitalis.com\/tunisie\/?s={search_term_string}"},"query-input":{"@type":"PropertyValueSpecification","valueRequired":true,"valueName":"search_term_string"}}],"inLanguage":"fr-FR"},{"@type":"Organization","@id":"https:\/\/kapitalis.com\/tunisie\/#organization","name":"Kapitalis","url":"https:\/\/kapitalis.com\/tunisie\/","logo":{"@type":"ImageObject","inLanguage":"fr-FR","@id":"https:\/\/kapitalis.com\/tunisie\/#\/schema\/logo\/image\/","url":"https:\/\/kapitalis.com\/tunisie\/wp-content\/uploads\/2022\/05\/Kapitalis-big-size.png","contentUrl":"https:\/\/kapitalis.com\/tunisie\/wp-content\/uploads\/2022\/05\/Kapitalis-big-size.png","width":5000,"height":1500,"caption":"Kapitalis"},"image":{"@id":"https:\/\/kapitalis.com\/tunisie\/#\/schema\/logo\/image\/"},"sameAs":["https:\/\/www.facebook.com\/KapitalisInfo\/","https:\/\/x.com\/KapitalisInfo","https:\/\/www.youtube.com\/channel\/UC-yDYrHyfFBWWZaOw3FPg9Q"]},{"@type":"Person","@id":"https:\/\/kapitalis.com\/tunisie\/#\/schema\/person\/73a5ecc1f6ae540c6ed91342eadca948","name":"Fawz BenAli","url":"https:\/\/kapitalis.com\/tunisie\/author\/fawz\/"}]}},"_links":{"self":[{"href":"https:\/\/kapitalis.com\/tunisie\/wp-json\/wp\/v2\/posts\/354837","targetHints":{"allow":["GET"]}}],"collection":[{"href":"https:\/\/kapitalis.com\/tunisie\/wp-json\/wp\/v2\/posts"}],"about":[{"href":"https:\/\/kapitalis.com\/tunisie\/wp-json\/wp\/v2\/types\/post"}],"author":[{"embeddable":true,"href":"https:\/\/kapitalis.com\/tunisie\/wp-json\/wp\/v2\/users\/26"}],"replies":[{"embeddable":true,"href":"https:\/\/kapitalis.com\/tunisie\/wp-json\/wp\/v2\/comments?post=354837"}],"version-history":[{"count":0,"href":"https:\/\/kapitalis.com\/tunisie\/wp-json\/wp\/v2\/posts\/354837\/revisions"}],"wp:featuredmedia":[{"embeddable":true,"href":"https:\/\/kapitalis.com\/tunisie\/wp-json\/wp\/v2\/media\/354848"}],"wp:attachment":[{"href":"https:\/\/kapitalis.com\/tunisie\/wp-json\/wp\/v2\/media?parent=354837"}],"wp:term":[{"taxonomy":"category","embeddable":true,"href":"https:\/\/kapitalis.com\/tunisie\/wp-json\/wp\/v2\/categories?post=354837"},{"taxonomy":"post_tag","embeddable":true,"href":"https:\/\/kapitalis.com\/tunisie\/wp-json\/wp\/v2\/tags?post=354837"}],"curies":[{"name":"wp","href":"https:\/\/api.w.org\/{rel}","templated":true}]}}