{"id":354999,"date":"2021-07-02T16:04:14","date_gmt":"2021-07-02T15:04:14","guid":{"rendered":"http:\/\/kapitalis.com\/tunisie\/?p=354999"},"modified":"2021-07-02T16:09:31","modified_gmt":"2021-07-02T15:09:31","slug":"laptbef-regrette-le-maintien-de-la-greve-sectorielle-les-5-et-6-juillet","status":"publish","type":"post","link":"https:\/\/kapitalis.com\/tunisie\/2021\/07\/02\/laptbef-regrette-le-maintien-de-la-greve-sectorielle-les-5-et-6-juillet\/","title":{"rendered":"L\u2019APTBEF regrette le maintien de la gr\u00e8ve sectorielle les 5 et 6 juillet"},"content":{"rendered":"\n<div class=\"wp-block-image\"><figure class=\"aligncenter size-large\"><img decoding=\"async\" src=\"http:\/\/kapitalis.com\/tunisie\/wp-content\/uploads\/2019\/12\/APTBEF-Siege.jpg\" alt=\"\" class=\"wp-image-262948\"\/><\/figure><\/div>\n\n\n\n<p><strong><em>Dans le communique suivant rendu public aujourd\u2019hui, vendredi 2 juillet 2021, l\u2019Association professionnelle tunisienne des banques et des \u00e9tablissements financiers (APTBEF) regrette l\u2019\u00e9chec des n\u00e9gociations avec la partie syndicale et le maintien de la gr\u00e8ve sectorielle pour les 5 et 6 juillet. \u00a0<\/em><\/strong><\/p>\n\n\n\n<!--more-->\n\n\n\n<p>Faisant suite \u00e0 la gr\u00e8ve sectorielle annonc\u00e9e par la F\u00e9d\u00e9ration g\u00e9n\u00e9rale des banques et des institutions financi\u00e8res relevant de l\u2019Union g\u00e9n\u00e9rale tunisienne du travail (UGTT) pr\u00e9vue pour les 5 et 6 juillet 2021, l\u2019APTBEF entend par le pr\u00e9sent communiqu\u00e9 exprimer son profond regret par suite du non-aboutissement des n\u00e9gociations.<\/p>\n\n\n\n<p>L\u2019APTBEF entend \u00e9clairer ses employ\u00e9s et l\u2019opinion publique sur ce qui suit&nbsp;:<\/p>\n\n\n\n<p>&#8211; les n\u00e9gociations sociales avec les partenaires sociaux engag\u00e9es depuis le d\u00e9but du mois d\u2019avril 2021 ont port\u00e9 sur les revendications d\u2019augmentations salariales au titre des ann\u00e9es 2020 et 2021. Elles n\u2019ont pas pu aboutir \u00e0 des accords en raison des demandes des partenaires sociaux, jug\u00e9es excessives par les banques et les institutions financi\u00e8res associ\u00e9es \u00e0 un refus des contre-propositions exprim\u00e9es par l\u2019APTBEF.<\/p>\n\n\n\n<p>&#8211; malgr\u00e9 la situation \u00e9conomique difficile et complexe o\u00f9 les r\u00e9sultats des banques ont observ\u00e9 une contraction de plus de 30% au titre de l\u2019ann\u00e9e 2020, l\u2019APTBEF a propos\u00e9 un taux d\u2019augmentation de la masse salariale exceptionnel et sans pr\u00e9c\u00e9dent de 8% avec un effet r\u00e9troactif \u00e0 partir du 1er janvier 2021. Ceci se traduira par une augmentation comprise entre 230 dinars et 337 dinars par mois et par salari\u00e9 selon la grille salariale en vigueur.<\/p>\n\n\n\n<p>L\u2019APTBEF tient \u00e0 exprimer ses excuses \u00e0 l\u2019ensemble des clients des banques et \u00e9tablissements financiers pour les \u00e9ventuels d\u00e9sagr\u00e9ments qu\u2019engendrerait cette gr\u00e8ve.<\/p>\n\n\n\n<p>L\u2019APTBEF r\u00e9it\u00e8re son attachement au dialogue social et au droit de gr\u00e8ve comme \u00e9tant un droit constitutionnel et reste ouverte \u00e0 la poursuite des n\u00e9gociations pour parvenir \u00e0 un accord.<\/p>\n","protected":false},"excerpt":{"rendered":"<p>Dans le communique suivant rendu public aujourd\u2019hui, vendredi 2 juillet 2021, l\u2019Association professionnelle tunisienne des banques et des \u00e9tablissements financiers (APTBEF) regrette l\u2019\u00e9chec des n\u00e9gociations avec la partie syndicale et le maintien de la gr\u00e8ve sectorielle pour les 5 et 6 juillet. \u00a0<\/p>\n","protected":false},"author":8,"featured_media":0,"comment_status":"open","ping_status":"open","sticky":false,"template":"","format":"standard","meta":{"footnotes":""},"categories":[995,2433],"tags":[2724,3969,89151,936],"class_list":["post-354999","post","type-post","status-publish","format-standard","hentry","category-economie","category-tunisie","tag-aptbef","tag-banques","tag-etablissements-financiers","tag-ugtt"],"yoast_head":"<!-- This site is optimized with the Yoast SEO plugin v26.6 - https:\/\/yoast.com\/wordpress\/plugins\/seo\/ -->\n<title>L\u2019APTBEF regrette le maintien de la gr\u00e8ve sectorielle les 5 et 6 juillet - Kapitalis<\/title>\n<meta name=\"robots\" content=\"index, follow, max-snippet:-1, max-image-preview:large, max-video-preview:-1\" \/>\n<link rel=\"canonical\" href=\"https:\/\/kapitalis.com\/tunisie\/2021\/07\/02\/laptbef-regrette-le-maintien-de-la-greve-sectorielle-les-5-et-6-juillet\/\" \/>\n<meta property=\"og:locale\" content=\"fr_FR\" \/>\n<meta property=\"og:type\" content=\"article\" \/>\n<meta property=\"og:title\" content=\"L\u2019APTBEF regrette le maintien de la gr\u00e8ve sectorielle les 5 et 6 juillet - Kapitalis\" \/>\n<meta property=\"og:description\" content=\"Dans le communique suivant rendu public aujourd\u2019hui, vendredi 2 juillet 2021, l\u2019Association professionnelle tunisienne des banques et des \u00e9tablissements financiers (APTBEF) regrette l\u2019\u00e9chec des n\u00e9gociations avec la partie syndicale et le maintien de la gr\u00e8ve sectorielle pour les 5 et 6 juillet. \u00a0\" \/>\n<meta property=\"og:url\" content=\"https:\/\/kapitalis.com\/tunisie\/2021\/07\/02\/laptbef-regrette-le-maintien-de-la-greve-sectorielle-les-5-et-6-juillet\/\" \/>\n<meta property=\"og:site_name\" content=\"Kapitalis\" \/>\n<meta property=\"article:publisher\" content=\"https:\/\/www.facebook.com\/KapitalisInfo\/\" \/>\n<meta property=\"article:published_time\" content=\"2021-07-02T15:04:14+00:00\" \/>\n<meta property=\"article:modified_time\" content=\"2021-07-02T15:09:31+00:00\" \/>\n<meta property=\"og:image\" content=\"http:\/\/kapitalis.com\/tunisie\/wp-content\/uploads\/2019\/12\/APTBEF-Siege.jpg\" \/>\n<meta name=\"author\" content=\"webmaster kapitalis\" \/>\n<meta name=\"twitter:card\" content=\"summary_large_image\" \/>\n<meta name=\"twitter:creator\" content=\"@KapitalisInfo\" \/>\n<meta name=\"twitter:site\" content=\"@KapitalisInfo\" \/>\n<meta name=\"twitter:label1\" content=\"\u00c9crit par\" \/>\n\t<meta name=\"twitter:data1\" content=\"webmaster kapitalis\" \/>\n\t<meta name=\"twitter:label2\" content=\"Dur\u00e9e de lecture estim\u00e9e\" \/>\n\t<meta name=\"twitter:data2\" content=\"2 minutes\" \/>\n<script type=\"application\/ld+json\" class=\"yoast-schema-graph\">{\"@context\":\"https:\/\/schema.org\",\"@graph\":[{\"@type\":\"Article\",\"@id\":\"https:\/\/kapitalis.com\/tunisie\/2021\/07\/02\/laptbef-regrette-le-maintien-de-la-greve-sectorielle-les-5-et-6-juillet\/#article\",\"isPartOf\":{\"@id\":\"https:\/\/kapitalis.com\/tunisie\/2021\/07\/02\/laptbef-regrette-le-maintien-de-la-greve-sectorielle-les-5-et-6-juillet\/\"},\"author\":{\"name\":\"webmaster kapitalis\",\"@id\":\"https:\/\/kapitalis.com\/tunisie\/#\/schema\/person\/d71f33a9ca44f7bad4698210b480c8e9\"},\"headline\":\"L\u2019APTBEF regrette le maintien de la gr\u00e8ve sectorielle les 5 et 6 juillet\",\"datePublished\":\"2021-07-02T15:04:14+00:00\",\"dateModified\":\"2021-07-02T15:09:31+00:00\",\"mainEntityOfPage\":{\"@id\":\"https:\/\/kapitalis.com\/tunisie\/2021\/07\/02\/laptbef-regrette-le-maintien-de-la-greve-sectorielle-les-5-et-6-juillet\/\"},\"wordCount\":337,\"commentCount\":0,\"publisher\":{\"@id\":\"https:\/\/kapitalis.com\/tunisie\/#organization\"},\"image\":{\"@id\":\"https:\/\/kapitalis.com\/tunisie\/2021\/07\/02\/laptbef-regrette-le-maintien-de-la-greve-sectorielle-les-5-et-6-juillet\/#primaryimage\"},\"thumbnailUrl\":\"http:\/\/kapitalis.com\/tunisie\/wp-content\/uploads\/2019\/12\/APTBEF-Siege.jpg\",\"keywords\":[\"APTBEF\",\"banques\",\"\u00e9tablissements financiers\",\"UGTT\"],\"articleSection\":[\"ECONOMIE\",\"Tunisie\"],\"inLanguage\":\"fr-FR\",\"potentialAction\":[{\"@type\":\"CommentAction\",\"name\":\"Comment\",\"target\":[\"https:\/\/kapitalis.com\/tunisie\/2021\/07\/02\/laptbef-regrette-le-maintien-de-la-greve-sectorielle-les-5-et-6-juillet\/#respond\"]}]},{\"@type\":\"WebPage\",\"@id\":\"https:\/\/kapitalis.com\/tunisie\/2021\/07\/02\/laptbef-regrette-le-maintien-de-la-greve-sectorielle-les-5-et-6-juillet\/\",\"url\":\"https:\/\/kapitalis.com\/tunisie\/2021\/07\/02\/laptbef-regrette-le-maintien-de-la-greve-sectorielle-les-5-et-6-juillet\/\",\"name\":\"L\u2019APTBEF regrette le maintien de la gr\u00e8ve sectorielle les 5 et 6 juillet - Kapitalis\",\"isPartOf\":{\"@id\":\"https:\/\/kapitalis.com\/tunisie\/#website\"},\"primaryImageOfPage\":{\"@id\":\"https:\/\/kapitalis.com\/tunisie\/2021\/07\/02\/laptbef-regrette-le-maintien-de-la-greve-sectorielle-les-5-et-6-juillet\/#primaryimage\"},\"image\":{\"@id\":\"https:\/\/kapitalis.com\/tunisie\/2021\/07\/02\/laptbef-regrette-le-maintien-de-la-greve-sectorielle-les-5-et-6-juillet\/#primaryimage\"},\"thumbnailUrl\":\"http:\/\/kapitalis.com\/tunisie\/wp-content\/uploads\/2019\/12\/APTBEF-Siege.jpg\",\"datePublished\":\"2021-07-02T15:04:14+00:00\",\"dateModified\":\"2021-07-02T15:09:31+00:00\",\"breadcrumb\":{\"@id\":\"https:\/\/kapitalis.com\/tunisie\/2021\/07\/02\/laptbef-regrette-le-maintien-de-la-greve-sectorielle-les-5-et-6-juillet\/#breadcrumb\"},\"inLanguage\":\"fr-FR\",\"potentialAction\":[{\"@type\":\"ReadAction\",\"target\":[\"https:\/\/kapitalis.com\/tunisie\/2021\/07\/02\/laptbef-regrette-le-maintien-de-la-greve-sectorielle-les-5-et-6-juillet\/\"]}]},{\"@type\":\"ImageObject\",\"inLanguage\":\"fr-FR\",\"@id\":\"https:\/\/kapitalis.com\/tunisie\/2021\/07\/02\/laptbef-regrette-le-maintien-de-la-greve-sectorielle-les-5-et-6-juillet\/#primaryimage\",\"url\":\"\",\"contentUrl\":\"\"},{\"@type\":\"BreadcrumbList\",\"@id\":\"https:\/\/kapitalis.com\/tunisie\/2021\/07\/02\/laptbef-regrette-le-maintien-de-la-greve-sectorielle-les-5-et-6-juillet\/#breadcrumb\",\"itemListElement\":[{\"@type\":\"ListItem\",\"position\":1,\"name\":\"Accueil\",\"item\":\"https:\/\/kapitalis.com\/tunisie\/\"},{\"@type\":\"ListItem\",\"position\":2,\"name\":\"L\u2019APTBEF regrette le maintien de la gr\u00e8ve sectorielle les 5 et 6 juillet\"}]},{\"@type\":\"WebSite\",\"@id\":\"https:\/\/kapitalis.com\/tunisie\/#website\",\"url\":\"https:\/\/kapitalis.com\/tunisie\/\",\"name\":\"Kapitalis\",\"description\":\"L&#039;actualit\u00e9 en Tunisie et dans le monde\",\"publisher\":{\"@id\":\"https:\/\/kapitalis.com\/tunisie\/#organization\"},\"potentialAction\":[{\"@type\":\"SearchAction\",\"target\":{\"@type\":\"EntryPoint\",\"urlTemplate\":\"https:\/\/kapitalis.com\/tunisie\/?s={search_term_string}\"},\"query-input\":{\"@type\":\"PropertyValueSpecification\",\"valueRequired\":true,\"valueName\":\"search_term_string\"}}],\"inLanguage\":\"fr-FR\"},{\"@type\":\"Organization\",\"@id\":\"https:\/\/kapitalis.com\/tunisie\/#organization\",\"name\":\"Kapitalis\",\"url\":\"https:\/\/kapitalis.com\/tunisie\/\",\"logo\":{\"@type\":\"ImageObject\",\"inLanguage\":\"fr-FR\",\"@id\":\"https:\/\/kapitalis.com\/tunisie\/#\/schema\/logo\/image\/\",\"url\":\"https:\/\/kapitalis.com\/tunisie\/wp-content\/uploads\/2022\/05\/Kapitalis-big-size.png\",\"contentUrl\":\"https:\/\/kapitalis.com\/tunisie\/wp-content\/uploads\/2022\/05\/Kapitalis-big-size.png\",\"width\":5000,\"height\":1500,\"caption\":\"Kapitalis\"},\"image\":{\"@id\":\"https:\/\/kapitalis.com\/tunisie\/#\/schema\/logo\/image\/\"},\"sameAs\":[\"https:\/\/www.facebook.com\/KapitalisInfo\/\",\"https:\/\/x.com\/KapitalisInfo\",\"https:\/\/www.youtube.com\/channel\/UC-yDYrHyfFBWWZaOw3FPg9Q\"]},{\"@type\":\"Person\",\"@id\":\"https:\/\/kapitalis.com\/tunisie\/#\/schema\/person\/d71f33a9ca44f7bad4698210b480c8e9\",\"name\":\"webmaster kapitalis\",\"url\":\"https:\/\/kapitalis.com\/tunisie\/author\/webmaster-kapitalis\/\"}]}<\/script>\n<!-- \/ Yoast SEO plugin. -->","yoast_head_json":{"title":"L\u2019APTBEF regrette le maintien de la gr\u00e8ve sectorielle les 5 et 6 juillet - Kapitalis","robots":{"index":"index","follow":"follow","max-snippet":"max-snippet:-1","max-image-preview":"max-image-preview:large","max-video-preview":"max-video-preview:-1"},"canonical":"https:\/\/kapitalis.com\/tunisie\/2021\/07\/02\/laptbef-regrette-le-maintien-de-la-greve-sectorielle-les-5-et-6-juillet\/","og_locale":"fr_FR","og_type":"article","og_title":"L\u2019APTBEF regrette le maintien de la gr\u00e8ve sectorielle les 5 et 6 juillet - Kapitalis","og_description":"Dans le communique suivant rendu public aujourd\u2019hui, vendredi 2 juillet 2021, l\u2019Association professionnelle tunisienne des banques et des \u00e9tablissements financiers (APTBEF) regrette l\u2019\u00e9chec des n\u00e9gociations avec la partie syndicale et le maintien de la gr\u00e8ve sectorielle pour les 5 et 6 juillet. \u00a0","og_url":"https:\/\/kapitalis.com\/tunisie\/2021\/07\/02\/laptbef-regrette-le-maintien-de-la-greve-sectorielle-les-5-et-6-juillet\/","og_site_name":"Kapitalis","article_publisher":"https:\/\/www.facebook.com\/KapitalisInfo\/","article_published_time":"2021-07-02T15:04:14+00:00","article_modified_time":"2021-07-02T15:09:31+00:00","og_image":[{"url":"http:\/\/kapitalis.com\/tunisie\/wp-content\/uploads\/2019\/12\/APTBEF-Siege.jpg","type":"","width":"","height":""}],"author":"webmaster kapitalis","twitter_card":"summary_large_image","twitter_creator":"@KapitalisInfo","twitter_site":"@KapitalisInfo","twitter_misc":{"\u00c9crit par":"webmaster kapitalis","Dur\u00e9e de lecture estim\u00e9e":"2 minutes"},"schema":{"@context":"https:\/\/schema.org","@graph":[{"@type":"Article","@id":"https:\/\/kapitalis.com\/tunisie\/2021\/07\/02\/laptbef-regrette-le-maintien-de-la-greve-sectorielle-les-5-et-6-juillet\/#article","isPartOf":{"@id":"https:\/\/kapitalis.com\/tunisie\/2021\/07\/02\/laptbef-regrette-le-maintien-de-la-greve-sectorielle-les-5-et-6-juillet\/"},"author":{"name":"webmaster kapitalis","@id":"https:\/\/kapitalis.com\/tunisie\/#\/schema\/person\/d71f33a9ca44f7bad4698210b480c8e9"},"headline":"L\u2019APTBEF regrette le maintien de la gr\u00e8ve sectorielle les 5 et 6 juillet","datePublished":"2021-07-02T15:04:14+00:00","dateModified":"2021-07-02T15:09:31+00:00","mainEntityOfPage":{"@id":"https:\/\/kapitalis.com\/tunisie\/2021\/07\/02\/laptbef-regrette-le-maintien-de-la-greve-sectorielle-les-5-et-6-juillet\/"},"wordCount":337,"commentCount":0,"publisher":{"@id":"https:\/\/kapitalis.com\/tunisie\/#organization"},"image":{"@id":"https:\/\/kapitalis.com\/tunisie\/2021\/07\/02\/laptbef-regrette-le-maintien-de-la-greve-sectorielle-les-5-et-6-juillet\/#primaryimage"},"thumbnailUrl":"http:\/\/kapitalis.com\/tunisie\/wp-content\/uploads\/2019\/12\/APTBEF-Siege.jpg","keywords":["APTBEF","banques","\u00e9tablissements financiers","UGTT"],"articleSection":["ECONOMIE","Tunisie"],"inLanguage":"fr-FR","potentialAction":[{"@type":"CommentAction","name":"Comment","target":["https:\/\/kapitalis.com\/tunisie\/2021\/07\/02\/laptbef-regrette-le-maintien-de-la-greve-sectorielle-les-5-et-6-juillet\/#respond"]}]},{"@type":"WebPage","@id":"https:\/\/kapitalis.com\/tunisie\/2021\/07\/02\/laptbef-regrette-le-maintien-de-la-greve-sectorielle-les-5-et-6-juillet\/","url":"https:\/\/kapitalis.com\/tunisie\/2021\/07\/02\/laptbef-regrette-le-maintien-de-la-greve-sectorielle-les-5-et-6-juillet\/","name":"L\u2019APTBEF regrette le maintien de la gr\u00e8ve sectorielle les 5 et 6 juillet - Kapitalis","isPartOf":{"@id":"https:\/\/kapitalis.com\/tunisie\/#website"},"primaryImageOfPage":{"@id":"https:\/\/kapitalis.com\/tunisie\/2021\/07\/02\/laptbef-regrette-le-maintien-de-la-greve-sectorielle-les-5-et-6-juillet\/#primaryimage"},"image":{"@id":"https:\/\/kapitalis.com\/tunisie\/2021\/07\/02\/laptbef-regrette-le-maintien-de-la-greve-sectorielle-les-5-et-6-juillet\/#primaryimage"},"thumbnailUrl":"http:\/\/kapitalis.com\/tunisie\/wp-content\/uploads\/2019\/12\/APTBEF-Siege.jpg","datePublished":"2021-07-02T15:04:14+00:00","dateModified":"2021-07-02T15:09:31+00:00","breadcrumb":{"@id":"https:\/\/kapitalis.com\/tunisie\/2021\/07\/02\/laptbef-regrette-le-maintien-de-la-greve-sectorielle-les-5-et-6-juillet\/#breadcrumb"},"inLanguage":"fr-FR","potentialAction":[{"@type":"ReadAction","target":["https:\/\/kapitalis.com\/tunisie\/2021\/07\/02\/laptbef-regrette-le-maintien-de-la-greve-sectorielle-les-5-et-6-juillet\/"]}]},{"@type":"ImageObject","inLanguage":"fr-FR","@id":"https:\/\/kapitalis.com\/tunisie\/2021\/07\/02\/laptbef-regrette-le-maintien-de-la-greve-sectorielle-les-5-et-6-juillet\/#primaryimage","url":"","contentUrl":""},{"@type":"BreadcrumbList","@id":"https:\/\/kapitalis.com\/tunisie\/2021\/07\/02\/laptbef-regrette-le-maintien-de-la-greve-sectorielle-les-5-et-6-juillet\/#breadcrumb","itemListElement":[{"@type":"ListItem","position":1,"name":"Accueil","item":"https:\/\/kapitalis.com\/tunisie\/"},{"@type":"ListItem","position":2,"name":"L\u2019APTBEF regrette le maintien de la gr\u00e8ve sectorielle les 5 et 6 juillet"}]},{"@type":"WebSite","@id":"https:\/\/kapitalis.com\/tunisie\/#website","url":"https:\/\/kapitalis.com\/tunisie\/","name":"Kapitalis","description":"L&#039;actualit\u00e9 en Tunisie et dans le monde","publisher":{"@id":"https:\/\/kapitalis.com\/tunisie\/#organization"},"potentialAction":[{"@type":"SearchAction","target":{"@type":"EntryPoint","urlTemplate":"https:\/\/kapitalis.com\/tunisie\/?s={search_term_string}"},"query-input":{"@type":"PropertyValueSpecification","valueRequired":true,"valueName":"search_term_string"}}],"inLanguage":"fr-FR"},{"@type":"Organization","@id":"https:\/\/kapitalis.com\/tunisie\/#organization","name":"Kapitalis","url":"https:\/\/kapitalis.com\/tunisie\/","logo":{"@type":"ImageObject","inLanguage":"fr-FR","@id":"https:\/\/kapitalis.com\/tunisie\/#\/schema\/logo\/image\/","url":"https:\/\/kapitalis.com\/tunisie\/wp-content\/uploads\/2022\/05\/Kapitalis-big-size.png","contentUrl":"https:\/\/kapitalis.com\/tunisie\/wp-content\/uploads\/2022\/05\/Kapitalis-big-size.png","width":5000,"height":1500,"caption":"Kapitalis"},"image":{"@id":"https:\/\/kapitalis.com\/tunisie\/#\/schema\/logo\/image\/"},"sameAs":["https:\/\/www.facebook.com\/KapitalisInfo\/","https:\/\/x.com\/KapitalisInfo","https:\/\/www.youtube.com\/channel\/UC-yDYrHyfFBWWZaOw3FPg9Q"]},{"@type":"Person","@id":"https:\/\/kapitalis.com\/tunisie\/#\/schema\/person\/d71f33a9ca44f7bad4698210b480c8e9","name":"webmaster kapitalis","url":"https:\/\/kapitalis.com\/tunisie\/author\/webmaster-kapitalis\/"}]}},"_links":{"self":[{"href":"https:\/\/kapitalis.com\/tunisie\/wp-json\/wp\/v2\/posts\/354999","targetHints":{"allow":["GET"]}}],"collection":[{"href":"https:\/\/kapitalis.com\/tunisie\/wp-json\/wp\/v2\/posts"}],"about":[{"href":"https:\/\/kapitalis.com\/tunisie\/wp-json\/wp\/v2\/types\/post"}],"author":[{"embeddable":true,"href":"https:\/\/kapitalis.com\/tunisie\/wp-json\/wp\/v2\/users\/8"}],"replies":[{"embeddable":true,"href":"https:\/\/kapitalis.com\/tunisie\/wp-json\/wp\/v2\/comments?post=354999"}],"version-history":[{"count":0,"href":"https:\/\/kapitalis.com\/tunisie\/wp-json\/wp\/v2\/posts\/354999\/revisions"}],"wp:attachment":[{"href":"https:\/\/kapitalis.com\/tunisie\/wp-json\/wp\/v2\/media?parent=354999"}],"wp:term":[{"taxonomy":"category","embeddable":true,"href":"https:\/\/kapitalis.com\/tunisie\/wp-json\/wp\/v2\/categories?post=354999"},{"taxonomy":"post_tag","embeddable":true,"href":"https:\/\/kapitalis.com\/tunisie\/wp-json\/wp\/v2\/tags?post=354999"}],"curies":[{"name":"wp","href":"https:\/\/api.w.org\/{rel}","templated":true}]}}