{"id":355063,"date":"2021-07-03T09:00:35","date_gmt":"2021-07-03T08:00:35","guid":{"rendered":"http:\/\/kapitalis.com\/tunisie\/?p=355063"},"modified":"2021-07-03T09:02:01","modified_gmt":"2021-07-03T08:02:01","slug":"a-propos-de-la-reaction-a-minima-du-president-saied-a-lagression-de-mme-moussi","status":"publish","type":"post","link":"https:\/\/kapitalis.com\/tunisie\/2021\/07\/03\/a-propos-de-la-reaction-a-minima-du-president-saied-a-lagression-de-mme-moussi\/","title":{"rendered":"\u00c0 propos de la r\u00e9action a minima du pr\u00e9sident Saied \u00e0 l\u2019agression de Mme Moussi"},"content":{"rendered":"\n<div class=\"wp-block-image\"><figure class=\"aligncenter size-large\"><img decoding=\"async\" src=\"http:\/\/kapitalis.com\/tunisie\/wp-content\/uploads\/2021\/07\/Kais-Saied-Agression-de-Moussi.jpg\" alt=\"\" class=\"wp-image-355064\"\/><\/figure><\/div>\n\n\n\n<p><strong><em>Nous aurions pr\u00e9f\u00e9r\u00e9 ne pas voir le pr\u00e9sident de la r\u00e9publique Ka\u00efs Sa\u00efed r\u00e9agir \u00e0 l\u2019agression dont a \u00e9t\u00e9 victime Abir Moussi, pr\u00e9sidente du Parti destourien libre (PDL) et de son bloc parlementaire, et ce sous la coupole m\u00eame de l\u2019Assembl\u00e9e. Car ses r\u00e9actions sont g\u00e9n\u00e9ralement ou bien excessives, ou bien a minima, ou bien totalement \u00e0 c\u00f4t\u00e9 de la plaque et, dans tous les cas, elles n\u2019honorent pas un homme cens\u00e9 \u00eatre l\u2019incarnation de l\u2019Etat et de la Nation.<\/em><\/strong><\/p>\n\n\n\n<p>Par <strong>Ridha K\u00e9fi<\/strong><\/p>\n\n\n\n<!--more-->\n\n\n\n<div class=\"wp-block-image\"><figure class=\"alignleft size-large\"><img decoding=\"async\" src=\"http:\/\/kapitalis.com\/tunisie\/wp-content\/uploads\/2019\/03\/Ridha-Kefi.jpg\" alt=\"\" class=\"wp-image-203122\"\/><\/figure><\/div>\n\n\n\n<p>Dans le cas de l\u2019<a href=\"http:\/\/kapitalis.com\/tunisie\/2021\/07\/01\/tunisie-les-islamistes-controlent-lassemblee-par-la-violence\/\" target=\"_blank\" rel=\"noreferrer noopener\">agression physique dont a \u00e9t\u00e9 victime Mme Moussi<\/a> perp\u00e9tr\u00e9e impun\u00e9ment par deux bandits d\u00e9guis\u00e9s en d\u00e9put\u00e9s appel\u00e9s Sahbi Smara et Seifeddine Makhlouf, dans l\u2019indiff\u00e9rence totale de la justice face \u00e0 ce flagrant d\u00e9lit caract\u00e9ris\u00e9 diffus\u00e9 en direct par des vid\u00e9os live, M. Sa\u00efed s\u2019est fendu d\u2019une d\u00e9claration compl\u00e8tement d\u00e9cal\u00e9e, qui plus est avec un retard de 24 heures, en prenant soin de ne pas nommer la victime. Or, dans une situation similaire, lorsqu\u2019il y a quelques mois, le d\u00e9put\u00e9 agress\u00e9 \u00e9tait membre de l\u2019un des partis de sa <em>\u00abceinture politique\u00bb<\/em> (car il en a une lui aussi, m\u00eame s\u2019il se targue d\u2019\u00eatre ind\u00e9pendant des partis), M. Sa\u00efed avait pris soin de rencontrer la victime de l\u2019agression, le jour m\u00eame, au Palais de Carthage, et de faire publier par ses services un communiqu\u00e9 de circonstance.<\/p>\n\n\n\n<h2 class=\"wp-block-heading\">R\u00e9volutionnaire de la 25<sup>e<\/sup> heure<\/h2>\n\n\n\n<p>La r\u00e9action \u00e0 la fois a minima et compl\u00e8tement d\u00e9cal\u00e9e de M. Sa\u00efed trahit sa g\u00eane de devoir parler de Mme Moussi, qu\u2019il consid\u00e8re comme une rescap\u00e9e de l\u2019ancien r\u00e9gime, comme s\u2019il \u00e9tait, lui, un grand r\u00e9volutionnaire devant l\u2019Eternel, alors que sous le r\u00e8gne de \u00a0Ben Ali, on ne l\u2019avait jamais entendu faire la moindre d\u00e9claration exprimant une opposition \u00e0 l\u2019ancien dictateur ou \u00e0 son r\u00e9gime. On l\u2019a vu plut\u00f4t participer, sans \u00e9tat d\u2019\u00e2me, en tant qu\u2019universitaire sp\u00e9cialiste de droit constitutionnel, \u00e0 des s\u00e9minaires organis\u00e9s par le Rassemblement constitutionnel d\u00e9mocratique (RCD), l\u2019ancien parti au pouvoir.<\/p>\n\n\n\n<p>Les r\u00e9volutionnaires de la 25<sup>e<\/sup> heure, on le sait, sont souvent les plus z\u00e9l\u00e9s et les plus excessifs, et par cette hostilit\u00e9 \u00e0 la limite de la haine personnelle qu\u2019il voue \u00e0 Mme Moussi, au point de s\u2019\u00eatre fait un point d\u2019honneur de ne pas la recevoir au Palais de Carthage, o\u00f9 le tapis rouge est pourtant souvent d\u00e9ploy\u00e9 sous les pieds d\u2019agitateurs sans cr\u00e9dibilit\u00e9 intellectuelle ni dimension politique, est d\u2019une stupidit\u00e9 incommensurable, et que le pr\u00e9sident de la r\u00e9publique nous pardonne cet exc\u00e8s de langage, qu\u2019il ne peut s\u00e9rieusement nous reprocher, \u00e9tant lui-m\u00eame souvent excessif dans ses r\u00e9actions.<\/p>\n\n\n\n<p>Le pr\u00e9sident de la r\u00e9publique refuse de recevoir la pr\u00e9sidente du parti qui caracole en t\u00eate de tous les sondages d\u2019opinion, loin, tr\u00e8s loin devant tous les autres, et lorsqu\u2019elle est sauvagement agress\u00e9e sous la coupole de l\u2019Assembl\u00e9e par des pseudo repr\u00e9sentants du peuple, il ne peut pas se forcer \u00e0 la d\u00e9fendre clairement et nomm\u00e9ment, m\u00eame en se bouchant le nez, comme si cela pouvait entacher sa pseudo honorabilit\u00e9 r\u00e9volutionnaire \u00e0 laquelle il est sans doute le seul \u00e0 croire.<\/p>\n\n\n\n<p>Non, M. Sa\u00efed, ne vous laissez pas berner par les sondages qui vous donnent en t\u00eate des personnalit\u00e9s les plus populaires en Tunisie, alors que vous ne faites pas grand-chose pour honorer votre statut de chef d\u2019Etat et pour m\u00e9riter cette pole position dans les sondages que vous devez \u00e0 votre pr\u00e9sum\u00e9e int\u00e9grit\u00e9 morale, un autre mythe que vous malmenez vous-m\u00eame sans cesse par vos positions et d\u00e9clarations souvent \u00e0 c\u00f4t\u00e9 de la plaque, et dans le cas de votre r\u00e9action \u00e0 l\u2019agression physique de Mme Moussi, qui plus d\u2019\u00eatre d\u00e9put\u00e9 et dirigeante d\u2019un parti d\u2019opposition, est\u2026 une femme.<\/p>\n\n\n\n<h2 class=\"wp-block-heading\">L\u2019excellence, aujourd\u2019hui, en Tunisie, est du c\u00f4t\u00e9 des femmes &nbsp;<\/h2>\n\n\n\n<p>Avez-vous au moins pens\u00e9 un instant qu\u2019en laissant ainsi faire les barbares, votre fille cadette, qui a eu son baccalaur\u00e9at hier, pourrait demain subir le m\u00eame sort r\u00e9serv\u00e9 aujourd\u2019hui \u00e0 Mme Moussi\u00a0? Faut-il \u00e9galement vous rappeler, M. Sa\u00efed, qui \u00eates oppos\u00e9 \u00e0 l\u2019\u00e9galit\u00e9 dans l\u2019h\u00e9ritage entre les hommes et les femmes, que les jeunes filles repr\u00e9sentent 67% des laur\u00e9ats du baccalaur\u00e9at de cette ann\u00e9e, contre seulement 33% pour les gar\u00e7ons, et que l\u2019excellence, aujourd\u2019hui, en Tunisie, est repr\u00e9sent\u00e9e par les filles d\u2019Eve\u00a0?  <\/p>\n\n\n\n<p>M. Sa\u00efed, l\u2019histoire ne retiendra peut-\u00eatre pas grand-chose de votre passage au Palais de Carthage, car vous ne faites vraiment rien de marquant et d\u2019utile pour un pays en crise, mais elle retiendra que sous votre mandat des femmes d\u00e9put\u00e9s se sont fait agresser physiquement et verbalement, sans que vous ayez trouv\u00e9 n\u00e9cessaire de r\u00e9agir, ne fut-ce que pour honorer le poste que vous occupez.<\/p>\n\n\n\n<p>Personne ne vous demande d\u2019appr\u00e9cier Mme Moussi, m\u00eame si vous avez vraiment int\u00e9r\u00eat \u00e0 ne pas l\u2019avoir contre vous, au moment o\u00f9 vous subissez les attaques r\u00e9p\u00e9t\u00e9es des agresseurs m\u00eame de la pr\u00e9sidente du PDL, les islamistes, ennemis de la femme et fossoyeurs de la nation, mais ayez au moins la d\u00e9cence d\u2019honorer votre r\u00f4le de magistrat supr\u00eame, au moment o\u00f9 la magistrature, pass\u00e9e sous la coupe d\u2019Ennahdha, laisse faire et garantit ainsi l\u2019impunit\u00e9 aux barbares.<\/p>\n\n\n\n<h4 class=\"wp-block-heading\"><em>Articles du m\u00eame auteur dans Kapitalis : <\/em><\/h4>\n\n\n\n<p><blockquote class=\"wp-embedded-content\" data-secret=\"BrDutatYaI\"><a href=\"https:\/\/kapitalis.com\/tunisie\/2021\/07\/02\/la-descente-en-enfer-dennahdha-ne-fait-que-commencer\/\">La descente en enfer d\u2019Ennahdha ne fait que commencer<\/a><\/blockquote><iframe loading=\"lazy\" class=\"wp-embedded-content\" sandbox=\"allow-scripts\" security=\"restricted\" style=\"position: absolute; clip: rect(1px, 1px, 1px, 1px);\" title=\"\u00ab\u00a0La descente en enfer d\u2019Ennahdha ne fait que commencer\u00a0\u00bb &#8212; Kapitalis\" src=\"https:\/\/kapitalis.com\/tunisie\/2021\/07\/02\/la-descente-en-enfer-dennahdha-ne-fait-que-commencer\/embed\/#?secret=7UFwbtGAHN#?secret=BrDutatYaI\" data-secret=\"BrDutatYaI\" width=\"600\" height=\"338\" frameborder=\"0\" marginwidth=\"0\" marginheight=\"0\" scrolling=\"no\"><\/iframe><\/p>\n\n\n\n<p><blockquote class=\"wp-embedded-content\" data-secret=\"WSAv8mQEMf\"><a href=\"https:\/\/kapitalis.com\/tunisie\/2021\/06\/30\/la-justice-en-tunisie-gangrenee-par-la-corruption-de-certains-magistrats\/\">La justice en Tunisie gangren\u00e9e par la corruption de certains magistrats<\/a><\/blockquote><iframe loading=\"lazy\" class=\"wp-embedded-content\" sandbox=\"allow-scripts\" security=\"restricted\" style=\"position: absolute; clip: rect(1px, 1px, 1px, 1px);\" title=\"\u00ab\u00a0La justice en Tunisie gangren\u00e9e par la corruption de certains magistrats\u00a0\u00bb &#8212; Kapitalis\" src=\"https:\/\/kapitalis.com\/tunisie\/2021\/06\/30\/la-justice-en-tunisie-gangrenee-par-la-corruption-de-certains-magistrats\/embed\/#?secret=WMIVY0O5nz#?secret=WSAv8mQEMf\" data-secret=\"WSAv8mQEMf\" width=\"600\" height=\"338\" frameborder=\"0\" marginwidth=\"0\" marginheight=\"0\" scrolling=\"no\"><\/iframe><\/p>\n\n\n\n<p><blockquote class=\"wp-embedded-content\" data-secret=\"GfgB0e8iMN\"><a href=\"https:\/\/kapitalis.com\/tunisie\/2021\/06\/28\/ce-qui-na-pas-ete-dit-a-propos-de-lentretien-mechichi-sherman\/\">Ce qui n\u2019a pas \u00e9t\u00e9 dit \u00e0 propos de l\u2019entretien Mechichi &#8211; Sherman<\/a><\/blockquote><iframe loading=\"lazy\" class=\"wp-embedded-content\" sandbox=\"allow-scripts\" security=\"restricted\" style=\"position: absolute; clip: rect(1px, 1px, 1px, 1px);\" title=\"\u00ab\u00a0Ce qui n\u2019a pas \u00e9t\u00e9 dit \u00e0 propos de l\u2019entretien Mechichi &#8211; Sherman\u00a0\u00bb &#8212; Kapitalis\" src=\"https:\/\/kapitalis.com\/tunisie\/2021\/06\/28\/ce-qui-na-pas-ete-dit-a-propos-de-lentretien-mechichi-sherman\/embed\/#?secret=NoaUQWaUxd#?secret=GfgB0e8iMN\" data-secret=\"GfgB0e8iMN\" width=\"600\" height=\"338\" frameborder=\"0\" marginwidth=\"0\" marginheight=\"0\" scrolling=\"no\"><\/iframe><\/p>\n","protected":false},"excerpt":{"rendered":"<p>Nous aurions pr\u00e9f\u00e9r\u00e9 ne pas voir le pr\u00e9sident de la r\u00e9publique Ka\u00efs Sa\u00efed r\u00e9agir \u00e0 l\u2019agression dont a \u00e9t\u00e9 victime Abir Moussi, pr\u00e9sidente du Parti destourien libre (PDL) et de son bloc parlementaire, et ce sous la coupole m\u00eame de l\u2019Assembl\u00e9e. Car ses r\u00e9actions sont g\u00e9n\u00e9ralement ou bien excessives, ou bien a minima, ou bien&#8230;<\/p>\n","protected":false},"author":8,"featured_media":355064,"comment_status":"open","ping_status":"open","sticky":false,"template":"","format":"standard","meta":{"footnotes":""},"categories":[992,997,2433],"tags":[15144,70520,23927,91702,8752],"class_list":["post-355063","post","type-post","status-publish","format-standard","has-post-thumbnail","hentry","category-a-la-une","category-politique","category-tunisie","tag-abir-moussi","tag-kais-saied-3","tag-parti-destourien-libre","tag-sahbi-smara","tag-seifeddine-makhlouf"],"yoast_head":"<!-- This site is optimized with the Yoast SEO plugin v26.6 - https:\/\/yoast.com\/wordpress\/plugins\/seo\/ -->\n<title>\u00c0 propos de la r\u00e9action a minima du pr\u00e9sident Saied \u00e0 l\u2019agression de Mme Moussi - Kapitalis<\/title>\n<meta name=\"robots\" content=\"index, follow, max-snippet:-1, max-image-preview:large, max-video-preview:-1\" \/>\n<link rel=\"canonical\" href=\"https:\/\/kapitalis.com\/tunisie\/2021\/07\/03\/a-propos-de-la-reaction-a-minima-du-president-saied-a-lagression-de-mme-moussi\/\" \/>\n<meta property=\"og:locale\" content=\"fr_FR\" \/>\n<meta property=\"og:type\" content=\"article\" \/>\n<meta property=\"og:title\" content=\"\u00c0 propos de la r\u00e9action a minima du pr\u00e9sident Saied \u00e0 l\u2019agression de Mme Moussi - Kapitalis\" \/>\n<meta property=\"og:description\" content=\"Nous aurions pr\u00e9f\u00e9r\u00e9 ne pas voir le pr\u00e9sident de la r\u00e9publique Ka\u00efs Sa\u00efed r\u00e9agir \u00e0 l\u2019agression dont a \u00e9t\u00e9 victime Abir Moussi, pr\u00e9sidente du Parti destourien libre (PDL) et de son bloc parlementaire, et ce sous la coupole m\u00eame de l\u2019Assembl\u00e9e. Car ses r\u00e9actions sont g\u00e9n\u00e9ralement ou bien excessives, ou bien a minima, ou bien...\" \/>\n<meta property=\"og:url\" content=\"https:\/\/kapitalis.com\/tunisie\/2021\/07\/03\/a-propos-de-la-reaction-a-minima-du-president-saied-a-lagression-de-mme-moussi\/\" \/>\n<meta property=\"og:site_name\" content=\"Kapitalis\" \/>\n<meta property=\"article:publisher\" content=\"https:\/\/www.facebook.com\/KapitalisInfo\/\" \/>\n<meta property=\"article:published_time\" content=\"2021-07-03T08:00:35+00:00\" \/>\n<meta property=\"article:modified_time\" content=\"2021-07-03T08:02:01+00:00\" \/>\n<meta property=\"og:image\" content=\"https:\/\/kapitalis.com\/tunisie\/wp-content\/uploads\/2022\/05\/kapitalis-logo-fb.png\" \/>\n\t<meta property=\"og:image:width\" content=\"1200\" \/>\n\t<meta property=\"og:image:height\" content=\"630\" \/>\n\t<meta property=\"og:image:type\" content=\"image\/png\" \/>\n<meta name=\"author\" content=\"webmaster kapitalis\" \/>\n<meta name=\"twitter:card\" content=\"summary_large_image\" \/>\n<meta name=\"twitter:creator\" content=\"@KapitalisInfo\" \/>\n<meta name=\"twitter:site\" content=\"@KapitalisInfo\" \/>\n<meta name=\"twitter:label1\" content=\"\u00c9crit par\" \/>\n\t<meta name=\"twitter:data1\" content=\"webmaster kapitalis\" \/>\n\t<meta name=\"twitter:label2\" content=\"Dur\u00e9e de lecture estim\u00e9e\" \/>\n\t<meta name=\"twitter:data2\" content=\"5 minutes\" \/>\n<script type=\"application\/ld+json\" class=\"yoast-schema-graph\">{\"@context\":\"https:\/\/schema.org\",\"@graph\":[{\"@type\":\"Article\",\"@id\":\"https:\/\/kapitalis.com\/tunisie\/2021\/07\/03\/a-propos-de-la-reaction-a-minima-du-president-saied-a-lagression-de-mme-moussi\/#article\",\"isPartOf\":{\"@id\":\"https:\/\/kapitalis.com\/tunisie\/2021\/07\/03\/a-propos-de-la-reaction-a-minima-du-president-saied-a-lagression-de-mme-moussi\/\"},\"author\":{\"name\":\"webmaster kapitalis\",\"@id\":\"https:\/\/kapitalis.com\/tunisie\/#\/schema\/person\/d71f33a9ca44f7bad4698210b480c8e9\"},\"headline\":\"\u00c0 propos de la r\u00e9action a minima du pr\u00e9sident Saied \u00e0 l\u2019agression de Mme Moussi\",\"datePublished\":\"2021-07-03T08:00:35+00:00\",\"dateModified\":\"2021-07-03T08:02:01+00:00\",\"mainEntityOfPage\":{\"@id\":\"https:\/\/kapitalis.com\/tunisie\/2021\/07\/03\/a-propos-de-la-reaction-a-minima-du-president-saied-a-lagression-de-mme-moussi\/\"},\"wordCount\":1027,\"commentCount\":6,\"publisher\":{\"@id\":\"https:\/\/kapitalis.com\/tunisie\/#organization\"},\"image\":{\"@id\":\"https:\/\/kapitalis.com\/tunisie\/2021\/07\/03\/a-propos-de-la-reaction-a-minima-du-president-saied-a-lagression-de-mme-moussi\/#primaryimage\"},\"thumbnailUrl\":\"\",\"keywords\":[\"Abir Moussi\",\"Kais Saied\",\"Parti destourien libre\",\"Sahbi Smara\",\"Seifeddine Makhlouf\"],\"articleSection\":[\"A LA UNE\",\"POLITIQUE\",\"Tunisie\"],\"inLanguage\":\"fr-FR\",\"potentialAction\":[{\"@type\":\"CommentAction\",\"name\":\"Comment\",\"target\":[\"https:\/\/kapitalis.com\/tunisie\/2021\/07\/03\/a-propos-de-la-reaction-a-minima-du-president-saied-a-lagression-de-mme-moussi\/#respond\"]}]},{\"@type\":\"WebPage\",\"@id\":\"https:\/\/kapitalis.com\/tunisie\/2021\/07\/03\/a-propos-de-la-reaction-a-minima-du-president-saied-a-lagression-de-mme-moussi\/\",\"url\":\"https:\/\/kapitalis.com\/tunisie\/2021\/07\/03\/a-propos-de-la-reaction-a-minima-du-president-saied-a-lagression-de-mme-moussi\/\",\"name\":\"\u00c0 propos de la r\u00e9action a minima du pr\u00e9sident Saied \u00e0 l\u2019agression de Mme Moussi - Kapitalis\",\"isPartOf\":{\"@id\":\"https:\/\/kapitalis.com\/tunisie\/#website\"},\"primaryImageOfPage\":{\"@id\":\"https:\/\/kapitalis.com\/tunisie\/2021\/07\/03\/a-propos-de-la-reaction-a-minima-du-president-saied-a-lagression-de-mme-moussi\/#primaryimage\"},\"image\":{\"@id\":\"https:\/\/kapitalis.com\/tunisie\/2021\/07\/03\/a-propos-de-la-reaction-a-minima-du-president-saied-a-lagression-de-mme-moussi\/#primaryimage\"},\"thumbnailUrl\":\"\",\"datePublished\":\"2021-07-03T08:00:35+00:00\",\"dateModified\":\"2021-07-03T08:02:01+00:00\",\"breadcrumb\":{\"@id\":\"https:\/\/kapitalis.com\/tunisie\/2021\/07\/03\/a-propos-de-la-reaction-a-minima-du-president-saied-a-lagression-de-mme-moussi\/#breadcrumb\"},\"inLanguage\":\"fr-FR\",\"potentialAction\":[{\"@type\":\"ReadAction\",\"target\":[\"https:\/\/kapitalis.com\/tunisie\/2021\/07\/03\/a-propos-de-la-reaction-a-minima-du-president-saied-a-lagression-de-mme-moussi\/\"]}]},{\"@type\":\"ImageObject\",\"inLanguage\":\"fr-FR\",\"@id\":\"https:\/\/kapitalis.com\/tunisie\/2021\/07\/03\/a-propos-de-la-reaction-a-minima-du-president-saied-a-lagression-de-mme-moussi\/#primaryimage\",\"url\":\"\",\"contentUrl\":\"\"},{\"@type\":\"BreadcrumbList\",\"@id\":\"https:\/\/kapitalis.com\/tunisie\/2021\/07\/03\/a-propos-de-la-reaction-a-minima-du-president-saied-a-lagression-de-mme-moussi\/#breadcrumb\",\"itemListElement\":[{\"@type\":\"ListItem\",\"position\":1,\"name\":\"Accueil\",\"item\":\"https:\/\/kapitalis.com\/tunisie\/\"},{\"@type\":\"ListItem\",\"position\":2,\"name\":\"\u00c0 propos de la r\u00e9action a minima du pr\u00e9sident Saied \u00e0 l\u2019agression de Mme Moussi\"}]},{\"@type\":\"WebSite\",\"@id\":\"https:\/\/kapitalis.com\/tunisie\/#website\",\"url\":\"https:\/\/kapitalis.com\/tunisie\/\",\"name\":\"Kapitalis\",\"description\":\"L&#039;actualit\u00e9 en Tunisie et dans le monde\",\"publisher\":{\"@id\":\"https:\/\/kapitalis.com\/tunisie\/#organization\"},\"potentialAction\":[{\"@type\":\"SearchAction\",\"target\":{\"@type\":\"EntryPoint\",\"urlTemplate\":\"https:\/\/kapitalis.com\/tunisie\/?s={search_term_string}\"},\"query-input\":{\"@type\":\"PropertyValueSpecification\",\"valueRequired\":true,\"valueName\":\"search_term_string\"}}],\"inLanguage\":\"fr-FR\"},{\"@type\":\"Organization\",\"@id\":\"https:\/\/kapitalis.com\/tunisie\/#organization\",\"name\":\"Kapitalis\",\"url\":\"https:\/\/kapitalis.com\/tunisie\/\",\"logo\":{\"@type\":\"ImageObject\",\"inLanguage\":\"fr-FR\",\"@id\":\"https:\/\/kapitalis.com\/tunisie\/#\/schema\/logo\/image\/\",\"url\":\"https:\/\/kapitalis.com\/tunisie\/wp-content\/uploads\/2022\/05\/Kapitalis-big-size.png\",\"contentUrl\":\"https:\/\/kapitalis.com\/tunisie\/wp-content\/uploads\/2022\/05\/Kapitalis-big-size.png\",\"width\":5000,\"height\":1500,\"caption\":\"Kapitalis\"},\"image\":{\"@id\":\"https:\/\/kapitalis.com\/tunisie\/#\/schema\/logo\/image\/\"},\"sameAs\":[\"https:\/\/www.facebook.com\/KapitalisInfo\/\",\"https:\/\/x.com\/KapitalisInfo\",\"https:\/\/www.youtube.com\/channel\/UC-yDYrHyfFBWWZaOw3FPg9Q\"]},{\"@type\":\"Person\",\"@id\":\"https:\/\/kapitalis.com\/tunisie\/#\/schema\/person\/d71f33a9ca44f7bad4698210b480c8e9\",\"name\":\"webmaster kapitalis\",\"url\":\"https:\/\/kapitalis.com\/tunisie\/author\/webmaster-kapitalis\/\"}]}<\/script>\n<!-- \/ Yoast SEO plugin. -->","yoast_head_json":{"title":"\u00c0 propos de la r\u00e9action a minima du pr\u00e9sident Saied \u00e0 l\u2019agression de Mme Moussi - Kapitalis","robots":{"index":"index","follow":"follow","max-snippet":"max-snippet:-1","max-image-preview":"max-image-preview:large","max-video-preview":"max-video-preview:-1"},"canonical":"https:\/\/kapitalis.com\/tunisie\/2021\/07\/03\/a-propos-de-la-reaction-a-minima-du-president-saied-a-lagression-de-mme-moussi\/","og_locale":"fr_FR","og_type":"article","og_title":"\u00c0 propos de la r\u00e9action a minima du pr\u00e9sident Saied \u00e0 l\u2019agression de Mme Moussi - Kapitalis","og_description":"Nous aurions pr\u00e9f\u00e9r\u00e9 ne pas voir le pr\u00e9sident de la r\u00e9publique Ka\u00efs Sa\u00efed r\u00e9agir \u00e0 l\u2019agression dont a \u00e9t\u00e9 victime Abir Moussi, pr\u00e9sidente du Parti destourien libre (PDL) et de son bloc parlementaire, et ce sous la coupole m\u00eame de l\u2019Assembl\u00e9e. Car ses r\u00e9actions sont g\u00e9n\u00e9ralement ou bien excessives, ou bien a minima, ou bien...","og_url":"https:\/\/kapitalis.com\/tunisie\/2021\/07\/03\/a-propos-de-la-reaction-a-minima-du-president-saied-a-lagression-de-mme-moussi\/","og_site_name":"Kapitalis","article_publisher":"https:\/\/www.facebook.com\/KapitalisInfo\/","article_published_time":"2021-07-03T08:00:35+00:00","article_modified_time":"2021-07-03T08:02:01+00:00","og_image":[{"width":1200,"height":630,"url":"https:\/\/kapitalis.com\/tunisie\/wp-content\/uploads\/2022\/05\/kapitalis-logo-fb.png","type":"image\/png"}],"author":"webmaster kapitalis","twitter_card":"summary_large_image","twitter_creator":"@KapitalisInfo","twitter_site":"@KapitalisInfo","twitter_misc":{"\u00c9crit par":"webmaster kapitalis","Dur\u00e9e de lecture estim\u00e9e":"5 minutes"},"schema":{"@context":"https:\/\/schema.org","@graph":[{"@type":"Article","@id":"https:\/\/kapitalis.com\/tunisie\/2021\/07\/03\/a-propos-de-la-reaction-a-minima-du-president-saied-a-lagression-de-mme-moussi\/#article","isPartOf":{"@id":"https:\/\/kapitalis.com\/tunisie\/2021\/07\/03\/a-propos-de-la-reaction-a-minima-du-president-saied-a-lagression-de-mme-moussi\/"},"author":{"name":"webmaster kapitalis","@id":"https:\/\/kapitalis.com\/tunisie\/#\/schema\/person\/d71f33a9ca44f7bad4698210b480c8e9"},"headline":"\u00c0 propos de la r\u00e9action a minima du pr\u00e9sident Saied \u00e0 l\u2019agression de Mme Moussi","datePublished":"2021-07-03T08:00:35+00:00","dateModified":"2021-07-03T08:02:01+00:00","mainEntityOfPage":{"@id":"https:\/\/kapitalis.com\/tunisie\/2021\/07\/03\/a-propos-de-la-reaction-a-minima-du-president-saied-a-lagression-de-mme-moussi\/"},"wordCount":1027,"commentCount":6,"publisher":{"@id":"https:\/\/kapitalis.com\/tunisie\/#organization"},"image":{"@id":"https:\/\/kapitalis.com\/tunisie\/2021\/07\/03\/a-propos-de-la-reaction-a-minima-du-president-saied-a-lagression-de-mme-moussi\/#primaryimage"},"thumbnailUrl":"","keywords":["Abir Moussi","Kais Saied","Parti destourien libre","Sahbi Smara","Seifeddine Makhlouf"],"articleSection":["A LA UNE","POLITIQUE","Tunisie"],"inLanguage":"fr-FR","potentialAction":[{"@type":"CommentAction","name":"Comment","target":["https:\/\/kapitalis.com\/tunisie\/2021\/07\/03\/a-propos-de-la-reaction-a-minima-du-president-saied-a-lagression-de-mme-moussi\/#respond"]}]},{"@type":"WebPage","@id":"https:\/\/kapitalis.com\/tunisie\/2021\/07\/03\/a-propos-de-la-reaction-a-minima-du-president-saied-a-lagression-de-mme-moussi\/","url":"https:\/\/kapitalis.com\/tunisie\/2021\/07\/03\/a-propos-de-la-reaction-a-minima-du-president-saied-a-lagression-de-mme-moussi\/","name":"\u00c0 propos de la r\u00e9action a minima du pr\u00e9sident Saied \u00e0 l\u2019agression de Mme Moussi - Kapitalis","isPartOf":{"@id":"https:\/\/kapitalis.com\/tunisie\/#website"},"primaryImageOfPage":{"@id":"https:\/\/kapitalis.com\/tunisie\/2021\/07\/03\/a-propos-de-la-reaction-a-minima-du-president-saied-a-lagression-de-mme-moussi\/#primaryimage"},"image":{"@id":"https:\/\/kapitalis.com\/tunisie\/2021\/07\/03\/a-propos-de-la-reaction-a-minima-du-president-saied-a-lagression-de-mme-moussi\/#primaryimage"},"thumbnailUrl":"","datePublished":"2021-07-03T08:00:35+00:00","dateModified":"2021-07-03T08:02:01+00:00","breadcrumb":{"@id":"https:\/\/kapitalis.com\/tunisie\/2021\/07\/03\/a-propos-de-la-reaction-a-minima-du-president-saied-a-lagression-de-mme-moussi\/#breadcrumb"},"inLanguage":"fr-FR","potentialAction":[{"@type":"ReadAction","target":["https:\/\/kapitalis.com\/tunisie\/2021\/07\/03\/a-propos-de-la-reaction-a-minima-du-president-saied-a-lagression-de-mme-moussi\/"]}]},{"@type":"ImageObject","inLanguage":"fr-FR","@id":"https:\/\/kapitalis.com\/tunisie\/2021\/07\/03\/a-propos-de-la-reaction-a-minima-du-president-saied-a-lagression-de-mme-moussi\/#primaryimage","url":"","contentUrl":""},{"@type":"BreadcrumbList","@id":"https:\/\/kapitalis.com\/tunisie\/2021\/07\/03\/a-propos-de-la-reaction-a-minima-du-president-saied-a-lagression-de-mme-moussi\/#breadcrumb","itemListElement":[{"@type":"ListItem","position":1,"name":"Accueil","item":"https:\/\/kapitalis.com\/tunisie\/"},{"@type":"ListItem","position":2,"name":"\u00c0 propos de la r\u00e9action a minima du pr\u00e9sident Saied \u00e0 l\u2019agression de Mme Moussi"}]},{"@type":"WebSite","@id":"https:\/\/kapitalis.com\/tunisie\/#website","url":"https:\/\/kapitalis.com\/tunisie\/","name":"Kapitalis","description":"L&#039;actualit\u00e9 en Tunisie et dans le monde","publisher":{"@id":"https:\/\/kapitalis.com\/tunisie\/#organization"},"potentialAction":[{"@type":"SearchAction","target":{"@type":"EntryPoint","urlTemplate":"https:\/\/kapitalis.com\/tunisie\/?s={search_term_string}"},"query-input":{"@type":"PropertyValueSpecification","valueRequired":true,"valueName":"search_term_string"}}],"inLanguage":"fr-FR"},{"@type":"Organization","@id":"https:\/\/kapitalis.com\/tunisie\/#organization","name":"Kapitalis","url":"https:\/\/kapitalis.com\/tunisie\/","logo":{"@type":"ImageObject","inLanguage":"fr-FR","@id":"https:\/\/kapitalis.com\/tunisie\/#\/schema\/logo\/image\/","url":"https:\/\/kapitalis.com\/tunisie\/wp-content\/uploads\/2022\/05\/Kapitalis-big-size.png","contentUrl":"https:\/\/kapitalis.com\/tunisie\/wp-content\/uploads\/2022\/05\/Kapitalis-big-size.png","width":5000,"height":1500,"caption":"Kapitalis"},"image":{"@id":"https:\/\/kapitalis.com\/tunisie\/#\/schema\/logo\/image\/"},"sameAs":["https:\/\/www.facebook.com\/KapitalisInfo\/","https:\/\/x.com\/KapitalisInfo","https:\/\/www.youtube.com\/channel\/UC-yDYrHyfFBWWZaOw3FPg9Q"]},{"@type":"Person","@id":"https:\/\/kapitalis.com\/tunisie\/#\/schema\/person\/d71f33a9ca44f7bad4698210b480c8e9","name":"webmaster kapitalis","url":"https:\/\/kapitalis.com\/tunisie\/author\/webmaster-kapitalis\/"}]}},"_links":{"self":[{"href":"https:\/\/kapitalis.com\/tunisie\/wp-json\/wp\/v2\/posts\/355063","targetHints":{"allow":["GET"]}}],"collection":[{"href":"https:\/\/kapitalis.com\/tunisie\/wp-json\/wp\/v2\/posts"}],"about":[{"href":"https:\/\/kapitalis.com\/tunisie\/wp-json\/wp\/v2\/types\/post"}],"author":[{"embeddable":true,"href":"https:\/\/kapitalis.com\/tunisie\/wp-json\/wp\/v2\/users\/8"}],"replies":[{"embeddable":true,"href":"https:\/\/kapitalis.com\/tunisie\/wp-json\/wp\/v2\/comments?post=355063"}],"version-history":[{"count":0,"href":"https:\/\/kapitalis.com\/tunisie\/wp-json\/wp\/v2\/posts\/355063\/revisions"}],"wp:featuredmedia":[{"embeddable":true,"href":"https:\/\/kapitalis.com\/tunisie\/wp-json\/wp\/v2\/media\/355064"}],"wp:attachment":[{"href":"https:\/\/kapitalis.com\/tunisie\/wp-json\/wp\/v2\/media?parent=355063"}],"wp:term":[{"taxonomy":"category","embeddable":true,"href":"https:\/\/kapitalis.com\/tunisie\/wp-json\/wp\/v2\/categories?post=355063"},{"taxonomy":"post_tag","embeddable":true,"href":"https:\/\/kapitalis.com\/tunisie\/wp-json\/wp\/v2\/tags?post=355063"}],"curies":[{"name":"wp","href":"https:\/\/api.w.org\/{rel}","templated":true}]}}