{"id":355100,"date":"2021-07-03T15:32:11","date_gmt":"2021-07-03T14:32:11","guid":{"rendered":"http:\/\/kapitalis.com\/tunisie\/?p=355100"},"modified":"2021-07-03T17:30:10","modified_gmt":"2021-07-03T16:30:10","slug":"coronavirus-fermeture-du-gouvernorat-de-nabeul-jusquau-18-juillet","status":"publish","type":"post","link":"https:\/\/kapitalis.com\/tunisie\/2021\/07\/03\/coronavirus-fermeture-du-gouvernorat-de-nabeul-jusquau-18-juillet\/","title":{"rendered":"Coronavirus : Fermeture du gouvernorat de Nabeul jusqu\u2019au 18 juillet"},"content":{"rendered":"\n<div class=\"wp-block-image\"><figure class=\"aligncenter size-large\"><img decoding=\"async\" src=\"http:\/\/kapitalis.com\/tunisie\/wp-content\/uploads\/2021\/06\/nabeul.jpg\" alt=\"\" class=\"wp-image-353712\"\/><\/figure><\/div>\n\n\n\n<p><strong><em>A partir de demain , dimanche 4 juillet 2021, il sera interdit de se d\u00e9placer de et vers le gouvernorat de Nabeul, annonce le gouvernorat, en pr\u00e9cisant que cette mesure d\u00e9cid\u00e9e \u00e0 cause de la d\u00e9gradation de la situation sanitaire, sera applicable jusqu\u2019au 18 juillet .<\/em><\/strong><\/p>\n\n\n\n<!--more-->\n\n\n\n<p>Il a dans ce sens \u00e9t\u00e9 d\u00e9cid\u00e9 d&rsquo;interdire tous les rassemblements, les \u00e9v\u00e8nements culturels et sportifs, les festivit\u00e9s, les pri\u00e8res dans les mosqu\u00e9es et de fermer les hammams et les souks hebdomadaires.<\/p>\n\n\n\n<p>Le gouvernorat a \u00e9galement annonc\u00e9 l&rsquo;interdiction pour les caf\u00e9s et les restaurants d&rsquo;utiliser l&rsquo;espace int\u00e9rieur, d\u2019interdire aux clients de s&rsquo;attabler, alors que la consommation sur place n&rsquo;est possible que jusqu&rsquo;\u00e0 16h. Quant aux commerces, dont les grandes surfaces, le taux de capacit\u00e9 d\u2019accueil \u00e0 \u00e9t\u00e9 d\u00e9termin\u00e9 \u00e0 30%.<\/p>\n\n\n\n<p>La m\u00eame source a appel\u00e9 les citoyens \u00e0 se conformer strictement aux mesures, aux gestes barri\u00e8res et aux protocoles sanitaires, en rappelant que la situation est tr\u00e8s dangereuse marqu\u00e9e par une hausse du taux de contamination et du nombre de d\u00e9c\u00e8s.<\/p>\n\n\n\n<p class=\"has-text-align-right\"><strong>Y. N.<\/strong><\/p>\n","protected":false},"excerpt":{"rendered":"<p>A partir de demain , dimanche 4 juillet 2021, il sera interdit de se d\u00e9placer de et vers le gouvernorat de Nabeul, annonce le gouvernorat, en pr\u00e9cisant que cette mesure d\u00e9cid\u00e9e \u00e0 cause de la d\u00e9gradation de la situation sanitaire, sera applicable jusqu\u2019au 18 juillet .<\/p>\n","protected":false},"author":6,"featured_media":0,"comment_status":"open","ping_status":"open","sticky":false,"template":"","format":"standard","meta":{"footnotes":""},"categories":[998,2433],"tags":[73060,78820,84145,650],"class_list":["post-355100","post","type-post","status-publish","format-standard","hentry","category-societe","category-tunisie","tag-coronavirus","tag-covid-2","tag-deplacements","tag-nabeul"],"yoast_head":"<!-- This site is optimized with the Yoast SEO plugin v26.6 - https:\/\/yoast.com\/wordpress\/plugins\/seo\/ -->\n<title>Coronavirus : Fermeture du gouvernorat de Nabeul jusqu\u2019au 18 juillet - Kapitalis<\/title>\n<meta name=\"robots\" content=\"index, follow, max-snippet:-1, max-image-preview:large, max-video-preview:-1\" \/>\n<link rel=\"canonical\" href=\"https:\/\/kapitalis.com\/tunisie\/2021\/07\/03\/coronavirus-fermeture-du-gouvernorat-de-nabeul-jusquau-18-juillet\/\" \/>\n<meta property=\"og:locale\" content=\"fr_FR\" \/>\n<meta property=\"og:type\" content=\"article\" \/>\n<meta property=\"og:title\" content=\"Coronavirus : Fermeture du gouvernorat de Nabeul jusqu\u2019au 18 juillet - Kapitalis\" \/>\n<meta property=\"og:description\" content=\"A partir de demain , dimanche 4 juillet 2021, il sera interdit de se d\u00e9placer de et vers le gouvernorat de Nabeul, annonce le gouvernorat, en pr\u00e9cisant que cette mesure d\u00e9cid\u00e9e \u00e0 cause de la d\u00e9gradation de la situation sanitaire, sera applicable jusqu\u2019au 18 juillet .\" \/>\n<meta property=\"og:url\" content=\"https:\/\/kapitalis.com\/tunisie\/2021\/07\/03\/coronavirus-fermeture-du-gouvernorat-de-nabeul-jusquau-18-juillet\/\" \/>\n<meta property=\"og:site_name\" content=\"Kapitalis\" \/>\n<meta property=\"article:publisher\" content=\"https:\/\/www.facebook.com\/KapitalisInfo\/\" \/>\n<meta property=\"article:published_time\" content=\"2021-07-03T14:32:11+00:00\" \/>\n<meta property=\"article:modified_time\" content=\"2021-07-03T16:30:10+00:00\" \/>\n<meta property=\"og:image\" content=\"http:\/\/kapitalis.com\/tunisie\/wp-content\/uploads\/2021\/06\/nabeul.jpg\" \/>\n<meta name=\"author\" content=\"Yusra NY\" \/>\n<meta name=\"twitter:card\" content=\"summary_large_image\" \/>\n<meta name=\"twitter:creator\" content=\"@KapitalisInfo\" \/>\n<meta name=\"twitter:site\" content=\"@KapitalisInfo\" \/>\n<meta name=\"twitter:label1\" content=\"\u00c9crit par\" \/>\n\t<meta name=\"twitter:data1\" content=\"Yusra NY\" \/>\n\t<meta name=\"twitter:label2\" content=\"Dur\u00e9e de lecture estim\u00e9e\" \/>\n\t<meta name=\"twitter:data2\" content=\"1 minute\" \/>\n<script type=\"application\/ld+json\" class=\"yoast-schema-graph\">{\"@context\":\"https:\/\/schema.org\",\"@graph\":[{\"@type\":\"Article\",\"@id\":\"https:\/\/kapitalis.com\/tunisie\/2021\/07\/03\/coronavirus-fermeture-du-gouvernorat-de-nabeul-jusquau-18-juillet\/#article\",\"isPartOf\":{\"@id\":\"https:\/\/kapitalis.com\/tunisie\/2021\/07\/03\/coronavirus-fermeture-du-gouvernorat-de-nabeul-jusquau-18-juillet\/\"},\"author\":{\"name\":\"Yusra NY\",\"@id\":\"https:\/\/kapitalis.com\/tunisie\/#\/schema\/person\/74bbde0154d49d790a92aaeac5bc01d5\"},\"headline\":\"Coronavirus : Fermeture du gouvernorat de Nabeul jusqu\u2019au 18 juillet\",\"datePublished\":\"2021-07-03T14:32:11+00:00\",\"dateModified\":\"2021-07-03T16:30:10+00:00\",\"mainEntityOfPage\":{\"@id\":\"https:\/\/kapitalis.com\/tunisie\/2021\/07\/03\/coronavirus-fermeture-du-gouvernorat-de-nabeul-jusquau-18-juillet\/\"},\"wordCount\":190,\"commentCount\":1,\"publisher\":{\"@id\":\"https:\/\/kapitalis.com\/tunisie\/#organization\"},\"image\":{\"@id\":\"https:\/\/kapitalis.com\/tunisie\/2021\/07\/03\/coronavirus-fermeture-du-gouvernorat-de-nabeul-jusquau-18-juillet\/#primaryimage\"},\"thumbnailUrl\":\"http:\/\/kapitalis.com\/tunisie\/wp-content\/uploads\/2021\/06\/nabeul.jpg\",\"keywords\":[\"Coronavirus\",\"covid\",\"d\u00e9placements\",\"Nabeul\"],\"articleSection\":[\"SOCIETE\",\"Tunisie\"],\"inLanguage\":\"fr-FR\",\"potentialAction\":[{\"@type\":\"CommentAction\",\"name\":\"Comment\",\"target\":[\"https:\/\/kapitalis.com\/tunisie\/2021\/07\/03\/coronavirus-fermeture-du-gouvernorat-de-nabeul-jusquau-18-juillet\/#respond\"]}]},{\"@type\":\"WebPage\",\"@id\":\"https:\/\/kapitalis.com\/tunisie\/2021\/07\/03\/coronavirus-fermeture-du-gouvernorat-de-nabeul-jusquau-18-juillet\/\",\"url\":\"https:\/\/kapitalis.com\/tunisie\/2021\/07\/03\/coronavirus-fermeture-du-gouvernorat-de-nabeul-jusquau-18-juillet\/\",\"name\":\"Coronavirus : Fermeture du gouvernorat de Nabeul jusqu\u2019au 18 juillet - Kapitalis\",\"isPartOf\":{\"@id\":\"https:\/\/kapitalis.com\/tunisie\/#website\"},\"primaryImageOfPage\":{\"@id\":\"https:\/\/kapitalis.com\/tunisie\/2021\/07\/03\/coronavirus-fermeture-du-gouvernorat-de-nabeul-jusquau-18-juillet\/#primaryimage\"},\"image\":{\"@id\":\"https:\/\/kapitalis.com\/tunisie\/2021\/07\/03\/coronavirus-fermeture-du-gouvernorat-de-nabeul-jusquau-18-juillet\/#primaryimage\"},\"thumbnailUrl\":\"http:\/\/kapitalis.com\/tunisie\/wp-content\/uploads\/2021\/06\/nabeul.jpg\",\"datePublished\":\"2021-07-03T14:32:11+00:00\",\"dateModified\":\"2021-07-03T16:30:10+00:00\",\"breadcrumb\":{\"@id\":\"https:\/\/kapitalis.com\/tunisie\/2021\/07\/03\/coronavirus-fermeture-du-gouvernorat-de-nabeul-jusquau-18-juillet\/#breadcrumb\"},\"inLanguage\":\"fr-FR\",\"potentialAction\":[{\"@type\":\"ReadAction\",\"target\":[\"https:\/\/kapitalis.com\/tunisie\/2021\/07\/03\/coronavirus-fermeture-du-gouvernorat-de-nabeul-jusquau-18-juillet\/\"]}]},{\"@type\":\"ImageObject\",\"inLanguage\":\"fr-FR\",\"@id\":\"https:\/\/kapitalis.com\/tunisie\/2021\/07\/03\/coronavirus-fermeture-du-gouvernorat-de-nabeul-jusquau-18-juillet\/#primaryimage\",\"url\":\"\",\"contentUrl\":\"\"},{\"@type\":\"BreadcrumbList\",\"@id\":\"https:\/\/kapitalis.com\/tunisie\/2021\/07\/03\/coronavirus-fermeture-du-gouvernorat-de-nabeul-jusquau-18-juillet\/#breadcrumb\",\"itemListElement\":[{\"@type\":\"ListItem\",\"position\":1,\"name\":\"Accueil\",\"item\":\"https:\/\/kapitalis.com\/tunisie\/\"},{\"@type\":\"ListItem\",\"position\":2,\"name\":\"Coronavirus : Fermeture du gouvernorat de Nabeul jusqu\u2019au 18 juillet\"}]},{\"@type\":\"WebSite\",\"@id\":\"https:\/\/kapitalis.com\/tunisie\/#website\",\"url\":\"https:\/\/kapitalis.com\/tunisie\/\",\"name\":\"Kapitalis\",\"description\":\"L&#039;actualit\u00e9 en Tunisie et dans le monde\",\"publisher\":{\"@id\":\"https:\/\/kapitalis.com\/tunisie\/#organization\"},\"potentialAction\":[{\"@type\":\"SearchAction\",\"target\":{\"@type\":\"EntryPoint\",\"urlTemplate\":\"https:\/\/kapitalis.com\/tunisie\/?s={search_term_string}\"},\"query-input\":{\"@type\":\"PropertyValueSpecification\",\"valueRequired\":true,\"valueName\":\"search_term_string\"}}],\"inLanguage\":\"fr-FR\"},{\"@type\":\"Organization\",\"@id\":\"https:\/\/kapitalis.com\/tunisie\/#organization\",\"name\":\"Kapitalis\",\"url\":\"https:\/\/kapitalis.com\/tunisie\/\",\"logo\":{\"@type\":\"ImageObject\",\"inLanguage\":\"fr-FR\",\"@id\":\"https:\/\/kapitalis.com\/tunisie\/#\/schema\/logo\/image\/\",\"url\":\"https:\/\/kapitalis.com\/tunisie\/wp-content\/uploads\/2022\/05\/Kapitalis-big-size.png\",\"contentUrl\":\"https:\/\/kapitalis.com\/tunisie\/wp-content\/uploads\/2022\/05\/Kapitalis-big-size.png\",\"width\":5000,\"height\":1500,\"caption\":\"Kapitalis\"},\"image\":{\"@id\":\"https:\/\/kapitalis.com\/tunisie\/#\/schema\/logo\/image\/\"},\"sameAs\":[\"https:\/\/www.facebook.com\/KapitalisInfo\/\",\"https:\/\/x.com\/KapitalisInfo\",\"https:\/\/www.youtube.com\/channel\/UC-yDYrHyfFBWWZaOw3FPg9Q\"]},{\"@type\":\"Person\",\"@id\":\"https:\/\/kapitalis.com\/tunisie\/#\/schema\/person\/74bbde0154d49d790a92aaeac5bc01d5\",\"name\":\"Yusra NY\",\"url\":\"https:\/\/kapitalis.com\/tunisie\/author\/yuza_adam\/\"}]}<\/script>\n<!-- \/ Yoast SEO plugin. -->","yoast_head_json":{"title":"Coronavirus : Fermeture du gouvernorat de Nabeul jusqu\u2019au 18 juillet - Kapitalis","robots":{"index":"index","follow":"follow","max-snippet":"max-snippet:-1","max-image-preview":"max-image-preview:large","max-video-preview":"max-video-preview:-1"},"canonical":"https:\/\/kapitalis.com\/tunisie\/2021\/07\/03\/coronavirus-fermeture-du-gouvernorat-de-nabeul-jusquau-18-juillet\/","og_locale":"fr_FR","og_type":"article","og_title":"Coronavirus : Fermeture du gouvernorat de Nabeul jusqu\u2019au 18 juillet - Kapitalis","og_description":"A partir de demain , dimanche 4 juillet 2021, il sera interdit de se d\u00e9placer de et vers le gouvernorat de Nabeul, annonce le gouvernorat, en pr\u00e9cisant que cette mesure d\u00e9cid\u00e9e \u00e0 cause de la d\u00e9gradation de la situation sanitaire, sera applicable jusqu\u2019au 18 juillet .","og_url":"https:\/\/kapitalis.com\/tunisie\/2021\/07\/03\/coronavirus-fermeture-du-gouvernorat-de-nabeul-jusquau-18-juillet\/","og_site_name":"Kapitalis","article_publisher":"https:\/\/www.facebook.com\/KapitalisInfo\/","article_published_time":"2021-07-03T14:32:11+00:00","article_modified_time":"2021-07-03T16:30:10+00:00","og_image":[{"url":"http:\/\/kapitalis.com\/tunisie\/wp-content\/uploads\/2021\/06\/nabeul.jpg","type":"","width":"","height":""}],"author":"Yusra NY","twitter_card":"summary_large_image","twitter_creator":"@KapitalisInfo","twitter_site":"@KapitalisInfo","twitter_misc":{"\u00c9crit par":"Yusra NY","Dur\u00e9e de lecture estim\u00e9e":"1 minute"},"schema":{"@context":"https:\/\/schema.org","@graph":[{"@type":"Article","@id":"https:\/\/kapitalis.com\/tunisie\/2021\/07\/03\/coronavirus-fermeture-du-gouvernorat-de-nabeul-jusquau-18-juillet\/#article","isPartOf":{"@id":"https:\/\/kapitalis.com\/tunisie\/2021\/07\/03\/coronavirus-fermeture-du-gouvernorat-de-nabeul-jusquau-18-juillet\/"},"author":{"name":"Yusra NY","@id":"https:\/\/kapitalis.com\/tunisie\/#\/schema\/person\/74bbde0154d49d790a92aaeac5bc01d5"},"headline":"Coronavirus : Fermeture du gouvernorat de Nabeul jusqu\u2019au 18 juillet","datePublished":"2021-07-03T14:32:11+00:00","dateModified":"2021-07-03T16:30:10+00:00","mainEntityOfPage":{"@id":"https:\/\/kapitalis.com\/tunisie\/2021\/07\/03\/coronavirus-fermeture-du-gouvernorat-de-nabeul-jusquau-18-juillet\/"},"wordCount":190,"commentCount":1,"publisher":{"@id":"https:\/\/kapitalis.com\/tunisie\/#organization"},"image":{"@id":"https:\/\/kapitalis.com\/tunisie\/2021\/07\/03\/coronavirus-fermeture-du-gouvernorat-de-nabeul-jusquau-18-juillet\/#primaryimage"},"thumbnailUrl":"http:\/\/kapitalis.com\/tunisie\/wp-content\/uploads\/2021\/06\/nabeul.jpg","keywords":["Coronavirus","covid","d\u00e9placements","Nabeul"],"articleSection":["SOCIETE","Tunisie"],"inLanguage":"fr-FR","potentialAction":[{"@type":"CommentAction","name":"Comment","target":["https:\/\/kapitalis.com\/tunisie\/2021\/07\/03\/coronavirus-fermeture-du-gouvernorat-de-nabeul-jusquau-18-juillet\/#respond"]}]},{"@type":"WebPage","@id":"https:\/\/kapitalis.com\/tunisie\/2021\/07\/03\/coronavirus-fermeture-du-gouvernorat-de-nabeul-jusquau-18-juillet\/","url":"https:\/\/kapitalis.com\/tunisie\/2021\/07\/03\/coronavirus-fermeture-du-gouvernorat-de-nabeul-jusquau-18-juillet\/","name":"Coronavirus : Fermeture du gouvernorat de Nabeul jusqu\u2019au 18 juillet - Kapitalis","isPartOf":{"@id":"https:\/\/kapitalis.com\/tunisie\/#website"},"primaryImageOfPage":{"@id":"https:\/\/kapitalis.com\/tunisie\/2021\/07\/03\/coronavirus-fermeture-du-gouvernorat-de-nabeul-jusquau-18-juillet\/#primaryimage"},"image":{"@id":"https:\/\/kapitalis.com\/tunisie\/2021\/07\/03\/coronavirus-fermeture-du-gouvernorat-de-nabeul-jusquau-18-juillet\/#primaryimage"},"thumbnailUrl":"http:\/\/kapitalis.com\/tunisie\/wp-content\/uploads\/2021\/06\/nabeul.jpg","datePublished":"2021-07-03T14:32:11+00:00","dateModified":"2021-07-03T16:30:10+00:00","breadcrumb":{"@id":"https:\/\/kapitalis.com\/tunisie\/2021\/07\/03\/coronavirus-fermeture-du-gouvernorat-de-nabeul-jusquau-18-juillet\/#breadcrumb"},"inLanguage":"fr-FR","potentialAction":[{"@type":"ReadAction","target":["https:\/\/kapitalis.com\/tunisie\/2021\/07\/03\/coronavirus-fermeture-du-gouvernorat-de-nabeul-jusquau-18-juillet\/"]}]},{"@type":"ImageObject","inLanguage":"fr-FR","@id":"https:\/\/kapitalis.com\/tunisie\/2021\/07\/03\/coronavirus-fermeture-du-gouvernorat-de-nabeul-jusquau-18-juillet\/#primaryimage","url":"","contentUrl":""},{"@type":"BreadcrumbList","@id":"https:\/\/kapitalis.com\/tunisie\/2021\/07\/03\/coronavirus-fermeture-du-gouvernorat-de-nabeul-jusquau-18-juillet\/#breadcrumb","itemListElement":[{"@type":"ListItem","position":1,"name":"Accueil","item":"https:\/\/kapitalis.com\/tunisie\/"},{"@type":"ListItem","position":2,"name":"Coronavirus : Fermeture du gouvernorat de Nabeul jusqu\u2019au 18 juillet"}]},{"@type":"WebSite","@id":"https:\/\/kapitalis.com\/tunisie\/#website","url":"https:\/\/kapitalis.com\/tunisie\/","name":"Kapitalis","description":"L&#039;actualit\u00e9 en Tunisie et dans le monde","publisher":{"@id":"https:\/\/kapitalis.com\/tunisie\/#organization"},"potentialAction":[{"@type":"SearchAction","target":{"@type":"EntryPoint","urlTemplate":"https:\/\/kapitalis.com\/tunisie\/?s={search_term_string}"},"query-input":{"@type":"PropertyValueSpecification","valueRequired":true,"valueName":"search_term_string"}}],"inLanguage":"fr-FR"},{"@type":"Organization","@id":"https:\/\/kapitalis.com\/tunisie\/#organization","name":"Kapitalis","url":"https:\/\/kapitalis.com\/tunisie\/","logo":{"@type":"ImageObject","inLanguage":"fr-FR","@id":"https:\/\/kapitalis.com\/tunisie\/#\/schema\/logo\/image\/","url":"https:\/\/kapitalis.com\/tunisie\/wp-content\/uploads\/2022\/05\/Kapitalis-big-size.png","contentUrl":"https:\/\/kapitalis.com\/tunisie\/wp-content\/uploads\/2022\/05\/Kapitalis-big-size.png","width":5000,"height":1500,"caption":"Kapitalis"},"image":{"@id":"https:\/\/kapitalis.com\/tunisie\/#\/schema\/logo\/image\/"},"sameAs":["https:\/\/www.facebook.com\/KapitalisInfo\/","https:\/\/x.com\/KapitalisInfo","https:\/\/www.youtube.com\/channel\/UC-yDYrHyfFBWWZaOw3FPg9Q"]},{"@type":"Person","@id":"https:\/\/kapitalis.com\/tunisie\/#\/schema\/person\/74bbde0154d49d790a92aaeac5bc01d5","name":"Yusra NY","url":"https:\/\/kapitalis.com\/tunisie\/author\/yuza_adam\/"}]}},"_links":{"self":[{"href":"https:\/\/kapitalis.com\/tunisie\/wp-json\/wp\/v2\/posts\/355100","targetHints":{"allow":["GET"]}}],"collection":[{"href":"https:\/\/kapitalis.com\/tunisie\/wp-json\/wp\/v2\/posts"}],"about":[{"href":"https:\/\/kapitalis.com\/tunisie\/wp-json\/wp\/v2\/types\/post"}],"author":[{"embeddable":true,"href":"https:\/\/kapitalis.com\/tunisie\/wp-json\/wp\/v2\/users\/6"}],"replies":[{"embeddable":true,"href":"https:\/\/kapitalis.com\/tunisie\/wp-json\/wp\/v2\/comments?post=355100"}],"version-history":[{"count":0,"href":"https:\/\/kapitalis.com\/tunisie\/wp-json\/wp\/v2\/posts\/355100\/revisions"}],"wp:attachment":[{"href":"https:\/\/kapitalis.com\/tunisie\/wp-json\/wp\/v2\/media?parent=355100"}],"wp:term":[{"taxonomy":"category","embeddable":true,"href":"https:\/\/kapitalis.com\/tunisie\/wp-json\/wp\/v2\/categories?post=355100"},{"taxonomy":"post_tag","embeddable":true,"href":"https:\/\/kapitalis.com\/tunisie\/wp-json\/wp\/v2\/tags?post=355100"}],"curies":[{"name":"wp","href":"https:\/\/api.w.org\/{rel}","templated":true}]}}