{"id":355117,"date":"2021-07-03T19:48:39","date_gmt":"2021-07-03T18:48:39","guid":{"rendered":"http:\/\/kapitalis.com\/tunisie\/?p=355117"},"modified":"2021-07-03T19:52:06","modified_gmt":"2021-07-03T18:52:06","slug":"kasserine-un-bebe-de-9-mois-succombe-au-coronavirus","status":"publish","type":"post","link":"https:\/\/kapitalis.com\/tunisie\/2021\/07\/03\/kasserine-un-bebe-de-9-mois-succombe-au-coronavirus\/","title":{"rendered":"Kasserine : Un b\u00e9b\u00e9 de 9 mois succombe au coronavirus"},"content":{"rendered":"\n<div class=\"wp-block-image\"><figure class=\"aligncenter size-large\"><img decoding=\"async\" src=\"http:\/\/kapitalis.com\/tunisie\/wp-content\/uploads\/2019\/03\/b\u00e9b\u00e9-deces.jpg\" alt=\"\" class=\"wp-image-201667\"\/><\/figure><\/div>\n\n\n\n<p><strong><em>Le directeur r\u00e9gional de la Sant\u00e9 \u00e0 Kasserine, Dr Abdelghani Chaabani a annonc\u00e9 qu&rsquo;un b\u00e9b\u00e9 de 9 mois, originaire de Sbe\u00eftla, est d\u00e9c\u00e9d\u00e9 du coronavirus ce samedi 3 juillet 2021 \u00e0 l&rsquo;h\u00f4pital r\u00e9gional.<\/em><\/strong><\/p>\n\n\n\n<!--more-->\n\n\n\n<p>\u00ab<em>Ce d\u00e9c\u00e8s, ainsi que la recrudescence de la contamination des enfants est un indice tr\u00e8s grave, qui d\u00e9montre la d\u00e9gradation de la situation sanitaire \u00e0 Kasserine, comme dans les autres r\u00e9gions du pays, et la virulence du virus<\/em>\u00bb, a-t-il dit, dans une d\u00e9claration aux m\u00e9dias,  en appelant ainsi \u00e0 la vigilance, d&rsquo;autant qu&rsquo;un autre nourrisson est hospitalis\u00e9 et que de nombreux enfants ont \u00e9t\u00e9 contamin\u00e9s.<\/p>\n\n\n\n<p><em>\u00abAucune tranche d\u2019\u00e2ge n\u2019est \u00e0 l\u2019abri et nous devons tous unir nos efforts dans cette guerre contre la pand\u00e9mie. Chacun doit assumer sa responsabilit\u00e9 en respectant les protocoles sanitaires et les gestes barri\u00e8res, sachant que la situation s&rsquo;aggrave dans tout le pays, o\u00f9 les h\u00f4pitaux sont arriv\u00e9s \u00e0 saturation, d&rsquo;autant que les soignants, qui luttent sans repos depuis mars 2020, sont \u00e0 bout de souffle<\/em>\u00bb, a-t-il encore lanc\u00e9.<\/p>\n\n\n\n<p class=\"has-text-align-right\"><strong>Y. N.<\/strong><\/p>\n","protected":false},"excerpt":{"rendered":"<p>Le directeur r\u00e9gional de la Sant\u00e9 \u00e0 Kasserine, Dr Abdelghani Chaabani a annonc\u00e9 qu&rsquo;un b\u00e9b\u00e9 de 9 mois, originaire de Sbe\u00eftla, est d\u00e9c\u00e9d\u00e9 du coronavirus ce samedi 3 juillet 2021 \u00e0 l&rsquo;h\u00f4pital r\u00e9gional.<\/p>\n","protected":false},"author":6,"featured_media":0,"comment_status":"open","ping_status":"open","sticky":false,"template":"","format":"standard","meta":{"footnotes":""},"categories":[998,2433],"tags":[73060,78820,85887,4782,525,810],"class_list":["post-355117","post","type-post","status-publish","format-standard","hentry","category-societe","category-tunisie","tag-coronavirus","tag-covid-2","tag-deces-bebe","tag-hopital-regional","tag-kasserine","tag-sante"],"yoast_head":"<!-- This site is optimized with the Yoast SEO plugin v26.6 - https:\/\/yoast.com\/wordpress\/plugins\/seo\/ -->\n<title>Kasserine : Un b\u00e9b\u00e9 de 9 mois succombe au coronavirus - Kapitalis<\/title>\n<meta name=\"robots\" content=\"index, follow, max-snippet:-1, max-image-preview:large, max-video-preview:-1\" \/>\n<link rel=\"canonical\" href=\"https:\/\/kapitalis.com\/tunisie\/2021\/07\/03\/kasserine-un-bebe-de-9-mois-succombe-au-coronavirus\/\" \/>\n<meta property=\"og:locale\" content=\"fr_FR\" \/>\n<meta property=\"og:type\" content=\"article\" \/>\n<meta property=\"og:title\" content=\"Kasserine : Un b\u00e9b\u00e9 de 9 mois succombe au coronavirus - Kapitalis\" \/>\n<meta property=\"og:description\" content=\"Le directeur r\u00e9gional de la Sant\u00e9 \u00e0 Kasserine, Dr Abdelghani Chaabani a annonc\u00e9 qu&rsquo;un b\u00e9b\u00e9 de 9 mois, originaire de Sbe\u00eftla, est d\u00e9c\u00e9d\u00e9 du coronavirus ce samedi 3 juillet 2021 \u00e0 l&rsquo;h\u00f4pital r\u00e9gional.\" \/>\n<meta property=\"og:url\" content=\"https:\/\/kapitalis.com\/tunisie\/2021\/07\/03\/kasserine-un-bebe-de-9-mois-succombe-au-coronavirus\/\" \/>\n<meta property=\"og:site_name\" content=\"Kapitalis\" \/>\n<meta property=\"article:publisher\" content=\"https:\/\/www.facebook.com\/KapitalisInfo\/\" \/>\n<meta property=\"article:published_time\" content=\"2021-07-03T18:48:39+00:00\" \/>\n<meta property=\"article:modified_time\" content=\"2021-07-03T18:52:06+00:00\" \/>\n<meta property=\"og:image\" content=\"https:\/\/kapitalis.com\/tunisie\/wp-content\/uploads\/2022\/05\/kapitalis-logo-fb.png\" \/>\n\t<meta property=\"og:image:width\" content=\"1200\" \/>\n\t<meta property=\"og:image:height\" content=\"630\" \/>\n\t<meta property=\"og:image:type\" content=\"image\/png\" \/>\n<meta name=\"author\" content=\"Yusra NY\" \/>\n<meta name=\"twitter:card\" content=\"summary_large_image\" \/>\n<meta name=\"twitter:creator\" content=\"@KapitalisInfo\" \/>\n<meta name=\"twitter:site\" content=\"@KapitalisInfo\" \/>\n<meta name=\"twitter:label1\" content=\"\u00c9crit par\" \/>\n\t<meta name=\"twitter:data1\" content=\"Yusra NY\" \/>\n\t<meta name=\"twitter:label2\" content=\"Dur\u00e9e de lecture estim\u00e9e\" \/>\n\t<meta name=\"twitter:data2\" content=\"1 minute\" \/>\n<script type=\"application\/ld+json\" class=\"yoast-schema-graph\">{\"@context\":\"https:\/\/schema.org\",\"@graph\":[{\"@type\":\"Article\",\"@id\":\"https:\/\/kapitalis.com\/tunisie\/2021\/07\/03\/kasserine-un-bebe-de-9-mois-succombe-au-coronavirus\/#article\",\"isPartOf\":{\"@id\":\"https:\/\/kapitalis.com\/tunisie\/2021\/07\/03\/kasserine-un-bebe-de-9-mois-succombe-au-coronavirus\/\"},\"author\":{\"name\":\"Yusra NY\",\"@id\":\"https:\/\/kapitalis.com\/tunisie\/#\/schema\/person\/74bbde0154d49d790a92aaeac5bc01d5\"},\"headline\":\"Kasserine : Un b\u00e9b\u00e9 de 9 mois succombe au coronavirus\",\"datePublished\":\"2021-07-03T18:48:39+00:00\",\"dateModified\":\"2021-07-03T18:52:06+00:00\",\"mainEntityOfPage\":{\"@id\":\"https:\/\/kapitalis.com\/tunisie\/2021\/07\/03\/kasserine-un-bebe-de-9-mois-succombe-au-coronavirus\/\"},\"wordCount\":189,\"commentCount\":0,\"publisher\":{\"@id\":\"https:\/\/kapitalis.com\/tunisie\/#organization\"},\"keywords\":[\"Coronavirus\",\"covid\",\"d\u00e9c\u00e8s b\u00e9b\u00e9\",\"h\u00f4pital r\u00e9gional\",\"Kasserine\",\"Sant\u00e9\"],\"articleSection\":[\"SOCIETE\",\"Tunisie\"],\"inLanguage\":\"fr-FR\",\"potentialAction\":[{\"@type\":\"CommentAction\",\"name\":\"Comment\",\"target\":[\"https:\/\/kapitalis.com\/tunisie\/2021\/07\/03\/kasserine-un-bebe-de-9-mois-succombe-au-coronavirus\/#respond\"]}]},{\"@type\":\"WebPage\",\"@id\":\"https:\/\/kapitalis.com\/tunisie\/2021\/07\/03\/kasserine-un-bebe-de-9-mois-succombe-au-coronavirus\/\",\"url\":\"https:\/\/kapitalis.com\/tunisie\/2021\/07\/03\/kasserine-un-bebe-de-9-mois-succombe-au-coronavirus\/\",\"name\":\"Kasserine : Un b\u00e9b\u00e9 de 9 mois succombe au coronavirus - Kapitalis\",\"isPartOf\":{\"@id\":\"https:\/\/kapitalis.com\/tunisie\/#website\"},\"datePublished\":\"2021-07-03T18:48:39+00:00\",\"dateModified\":\"2021-07-03T18:52:06+00:00\",\"breadcrumb\":{\"@id\":\"https:\/\/kapitalis.com\/tunisie\/2021\/07\/03\/kasserine-un-bebe-de-9-mois-succombe-au-coronavirus\/#breadcrumb\"},\"inLanguage\":\"fr-FR\",\"potentialAction\":[{\"@type\":\"ReadAction\",\"target\":[\"https:\/\/kapitalis.com\/tunisie\/2021\/07\/03\/kasserine-un-bebe-de-9-mois-succombe-au-coronavirus\/\"]}]},{\"@type\":\"BreadcrumbList\",\"@id\":\"https:\/\/kapitalis.com\/tunisie\/2021\/07\/03\/kasserine-un-bebe-de-9-mois-succombe-au-coronavirus\/#breadcrumb\",\"itemListElement\":[{\"@type\":\"ListItem\",\"position\":1,\"name\":\"Accueil\",\"item\":\"https:\/\/kapitalis.com\/tunisie\/\"},{\"@type\":\"ListItem\",\"position\":2,\"name\":\"Kasserine : Un b\u00e9b\u00e9 de 9 mois succombe au coronavirus\"}]},{\"@type\":\"WebSite\",\"@id\":\"https:\/\/kapitalis.com\/tunisie\/#website\",\"url\":\"https:\/\/kapitalis.com\/tunisie\/\",\"name\":\"Kapitalis\",\"description\":\"L&#039;actualit\u00e9 en Tunisie et dans le monde\",\"publisher\":{\"@id\":\"https:\/\/kapitalis.com\/tunisie\/#organization\"},\"potentialAction\":[{\"@type\":\"SearchAction\",\"target\":{\"@type\":\"EntryPoint\",\"urlTemplate\":\"https:\/\/kapitalis.com\/tunisie\/?s={search_term_string}\"},\"query-input\":{\"@type\":\"PropertyValueSpecification\",\"valueRequired\":true,\"valueName\":\"search_term_string\"}}],\"inLanguage\":\"fr-FR\"},{\"@type\":\"Organization\",\"@id\":\"https:\/\/kapitalis.com\/tunisie\/#organization\",\"name\":\"Kapitalis\",\"url\":\"https:\/\/kapitalis.com\/tunisie\/\",\"logo\":{\"@type\":\"ImageObject\",\"inLanguage\":\"fr-FR\",\"@id\":\"https:\/\/kapitalis.com\/tunisie\/#\/schema\/logo\/image\/\",\"url\":\"https:\/\/kapitalis.com\/tunisie\/wp-content\/uploads\/2022\/05\/Kapitalis-big-size.png\",\"contentUrl\":\"https:\/\/kapitalis.com\/tunisie\/wp-content\/uploads\/2022\/05\/Kapitalis-big-size.png\",\"width\":5000,\"height\":1500,\"caption\":\"Kapitalis\"},\"image\":{\"@id\":\"https:\/\/kapitalis.com\/tunisie\/#\/schema\/logo\/image\/\"},\"sameAs\":[\"https:\/\/www.facebook.com\/KapitalisInfo\/\",\"https:\/\/x.com\/KapitalisInfo\",\"https:\/\/www.youtube.com\/channel\/UC-yDYrHyfFBWWZaOw3FPg9Q\"]},{\"@type\":\"Person\",\"@id\":\"https:\/\/kapitalis.com\/tunisie\/#\/schema\/person\/74bbde0154d49d790a92aaeac5bc01d5\",\"name\":\"Yusra NY\",\"url\":\"https:\/\/kapitalis.com\/tunisie\/author\/yuza_adam\/\"}]}<\/script>\n<!-- \/ Yoast SEO plugin. -->","yoast_head_json":{"title":"Kasserine : Un b\u00e9b\u00e9 de 9 mois succombe au coronavirus - Kapitalis","robots":{"index":"index","follow":"follow","max-snippet":"max-snippet:-1","max-image-preview":"max-image-preview:large","max-video-preview":"max-video-preview:-1"},"canonical":"https:\/\/kapitalis.com\/tunisie\/2021\/07\/03\/kasserine-un-bebe-de-9-mois-succombe-au-coronavirus\/","og_locale":"fr_FR","og_type":"article","og_title":"Kasserine : Un b\u00e9b\u00e9 de 9 mois succombe au coronavirus - Kapitalis","og_description":"Le directeur r\u00e9gional de la Sant\u00e9 \u00e0 Kasserine, Dr Abdelghani Chaabani a annonc\u00e9 qu&rsquo;un b\u00e9b\u00e9 de 9 mois, originaire de Sbe\u00eftla, est d\u00e9c\u00e9d\u00e9 du coronavirus ce samedi 3 juillet 2021 \u00e0 l&rsquo;h\u00f4pital r\u00e9gional.","og_url":"https:\/\/kapitalis.com\/tunisie\/2021\/07\/03\/kasserine-un-bebe-de-9-mois-succombe-au-coronavirus\/","og_site_name":"Kapitalis","article_publisher":"https:\/\/www.facebook.com\/KapitalisInfo\/","article_published_time":"2021-07-03T18:48:39+00:00","article_modified_time":"2021-07-03T18:52:06+00:00","og_image":[{"width":1200,"height":630,"url":"https:\/\/kapitalis.com\/tunisie\/wp-content\/uploads\/2022\/05\/kapitalis-logo-fb.png","type":"image\/png"}],"author":"Yusra NY","twitter_card":"summary_large_image","twitter_creator":"@KapitalisInfo","twitter_site":"@KapitalisInfo","twitter_misc":{"\u00c9crit par":"Yusra NY","Dur\u00e9e de lecture estim\u00e9e":"1 minute"},"schema":{"@context":"https:\/\/schema.org","@graph":[{"@type":"Article","@id":"https:\/\/kapitalis.com\/tunisie\/2021\/07\/03\/kasserine-un-bebe-de-9-mois-succombe-au-coronavirus\/#article","isPartOf":{"@id":"https:\/\/kapitalis.com\/tunisie\/2021\/07\/03\/kasserine-un-bebe-de-9-mois-succombe-au-coronavirus\/"},"author":{"name":"Yusra NY","@id":"https:\/\/kapitalis.com\/tunisie\/#\/schema\/person\/74bbde0154d49d790a92aaeac5bc01d5"},"headline":"Kasserine : Un b\u00e9b\u00e9 de 9 mois succombe au coronavirus","datePublished":"2021-07-03T18:48:39+00:00","dateModified":"2021-07-03T18:52:06+00:00","mainEntityOfPage":{"@id":"https:\/\/kapitalis.com\/tunisie\/2021\/07\/03\/kasserine-un-bebe-de-9-mois-succombe-au-coronavirus\/"},"wordCount":189,"commentCount":0,"publisher":{"@id":"https:\/\/kapitalis.com\/tunisie\/#organization"},"keywords":["Coronavirus","covid","d\u00e9c\u00e8s b\u00e9b\u00e9","h\u00f4pital r\u00e9gional","Kasserine","Sant\u00e9"],"articleSection":["SOCIETE","Tunisie"],"inLanguage":"fr-FR","potentialAction":[{"@type":"CommentAction","name":"Comment","target":["https:\/\/kapitalis.com\/tunisie\/2021\/07\/03\/kasserine-un-bebe-de-9-mois-succombe-au-coronavirus\/#respond"]}]},{"@type":"WebPage","@id":"https:\/\/kapitalis.com\/tunisie\/2021\/07\/03\/kasserine-un-bebe-de-9-mois-succombe-au-coronavirus\/","url":"https:\/\/kapitalis.com\/tunisie\/2021\/07\/03\/kasserine-un-bebe-de-9-mois-succombe-au-coronavirus\/","name":"Kasserine : Un b\u00e9b\u00e9 de 9 mois succombe au coronavirus - Kapitalis","isPartOf":{"@id":"https:\/\/kapitalis.com\/tunisie\/#website"},"datePublished":"2021-07-03T18:48:39+00:00","dateModified":"2021-07-03T18:52:06+00:00","breadcrumb":{"@id":"https:\/\/kapitalis.com\/tunisie\/2021\/07\/03\/kasserine-un-bebe-de-9-mois-succombe-au-coronavirus\/#breadcrumb"},"inLanguage":"fr-FR","potentialAction":[{"@type":"ReadAction","target":["https:\/\/kapitalis.com\/tunisie\/2021\/07\/03\/kasserine-un-bebe-de-9-mois-succombe-au-coronavirus\/"]}]},{"@type":"BreadcrumbList","@id":"https:\/\/kapitalis.com\/tunisie\/2021\/07\/03\/kasserine-un-bebe-de-9-mois-succombe-au-coronavirus\/#breadcrumb","itemListElement":[{"@type":"ListItem","position":1,"name":"Accueil","item":"https:\/\/kapitalis.com\/tunisie\/"},{"@type":"ListItem","position":2,"name":"Kasserine : Un b\u00e9b\u00e9 de 9 mois succombe au coronavirus"}]},{"@type":"WebSite","@id":"https:\/\/kapitalis.com\/tunisie\/#website","url":"https:\/\/kapitalis.com\/tunisie\/","name":"Kapitalis","description":"L&#039;actualit\u00e9 en Tunisie et dans le monde","publisher":{"@id":"https:\/\/kapitalis.com\/tunisie\/#organization"},"potentialAction":[{"@type":"SearchAction","target":{"@type":"EntryPoint","urlTemplate":"https:\/\/kapitalis.com\/tunisie\/?s={search_term_string}"},"query-input":{"@type":"PropertyValueSpecification","valueRequired":true,"valueName":"search_term_string"}}],"inLanguage":"fr-FR"},{"@type":"Organization","@id":"https:\/\/kapitalis.com\/tunisie\/#organization","name":"Kapitalis","url":"https:\/\/kapitalis.com\/tunisie\/","logo":{"@type":"ImageObject","inLanguage":"fr-FR","@id":"https:\/\/kapitalis.com\/tunisie\/#\/schema\/logo\/image\/","url":"https:\/\/kapitalis.com\/tunisie\/wp-content\/uploads\/2022\/05\/Kapitalis-big-size.png","contentUrl":"https:\/\/kapitalis.com\/tunisie\/wp-content\/uploads\/2022\/05\/Kapitalis-big-size.png","width":5000,"height":1500,"caption":"Kapitalis"},"image":{"@id":"https:\/\/kapitalis.com\/tunisie\/#\/schema\/logo\/image\/"},"sameAs":["https:\/\/www.facebook.com\/KapitalisInfo\/","https:\/\/x.com\/KapitalisInfo","https:\/\/www.youtube.com\/channel\/UC-yDYrHyfFBWWZaOw3FPg9Q"]},{"@type":"Person","@id":"https:\/\/kapitalis.com\/tunisie\/#\/schema\/person\/74bbde0154d49d790a92aaeac5bc01d5","name":"Yusra NY","url":"https:\/\/kapitalis.com\/tunisie\/author\/yuza_adam\/"}]}},"_links":{"self":[{"href":"https:\/\/kapitalis.com\/tunisie\/wp-json\/wp\/v2\/posts\/355117","targetHints":{"allow":["GET"]}}],"collection":[{"href":"https:\/\/kapitalis.com\/tunisie\/wp-json\/wp\/v2\/posts"}],"about":[{"href":"https:\/\/kapitalis.com\/tunisie\/wp-json\/wp\/v2\/types\/post"}],"author":[{"embeddable":true,"href":"https:\/\/kapitalis.com\/tunisie\/wp-json\/wp\/v2\/users\/6"}],"replies":[{"embeddable":true,"href":"https:\/\/kapitalis.com\/tunisie\/wp-json\/wp\/v2\/comments?post=355117"}],"version-history":[{"count":0,"href":"https:\/\/kapitalis.com\/tunisie\/wp-json\/wp\/v2\/posts\/355117\/revisions"}],"wp:attachment":[{"href":"https:\/\/kapitalis.com\/tunisie\/wp-json\/wp\/v2\/media?parent=355117"}],"wp:term":[{"taxonomy":"category","embeddable":true,"href":"https:\/\/kapitalis.com\/tunisie\/wp-json\/wp\/v2\/categories?post=355117"},{"taxonomy":"post_tag","embeddable":true,"href":"https:\/\/kapitalis.com\/tunisie\/wp-json\/wp\/v2\/tags?post=355117"}],"curies":[{"name":"wp","href":"https:\/\/api.w.org\/{rel}","templated":true}]}}