{"id":355142,"date":"2021-07-04T06:18:53","date_gmt":"2021-07-04T05:18:53","guid":{"rendered":"http:\/\/kapitalis.com\/tunisie\/?p=355142"},"modified":"2021-07-04T06:22:30","modified_gmt":"2021-07-04T05:22:30","slug":"le-poeme-du-dimanche-le-tombeau-de-la-mere-de-czeslaw-milosz","status":"publish","type":"post","link":"https:\/\/kapitalis.com\/tunisie\/2021\/07\/04\/le-poeme-du-dimanche-le-tombeau-de-la-mere-de-czeslaw-milosz\/","title":{"rendered":"Le po\u00e8me du dimanche : \u2018\u2018Le tombeau de la m\u00e8re\u2019\u2019 de Czeslaw Milosz"},"content":{"rendered":"\n<div class=\"wp-block-image\"><figure class=\"aligncenter size-large\"><img decoding=\"async\" src=\"http:\/\/kapitalis.com\/tunisie\/wp-content\/uploads\/2021\/07\/Czeslaw-Milosz.jpg\" alt=\"\" class=\"wp-image-355143\"\/><\/figure><\/div>\n\n\n\n<p class=\"has-text-align-left\"><strong><em>Czes\u0142aw Mi\u0142osz, n\u00e9 le&nbsp;30 juin 1911&nbsp;et mort le&nbsp;14 ao\u00fbt 2004, est un po\u00e8te, romancier, essayistes et traducteur polonais. Consid\u00e9r\u00e9 comme un des po\u00e8tes majeurs du XXe si\u00e8cle,&nbsp;prix Nobel de litt\u00e9rature&nbsp;en&nbsp;1980, il est \u00e9galement l\u2019auteur de&nbsp;\u2018\u2018La pens\u00e9e captive\u2019\u2019&nbsp;publi\u00e9 en 1953 qui interroge la place des intellectuels au sein des r\u00e9gimes autoritaires.<\/em><\/strong><\/p>\n\n\n\n<!--more-->\n\n\n\n<p>Quand le Prix Nobel de litt\u00e9rature fut d\u00e9cern\u00e9 \u00e0 Czeslaw Milosz en 1980, il \u00e9tait depuis longtemps tenu par ses compatriotes pour le plus grand po\u00e8te polonais vivant. Le lecteur de ses po\u00e8mes \u00e9crits au cours d\u2019un demi-si\u00e8cle en Lituanie, en Pologne, en France et aux \u00c9tats-Unis, d\u00e9couvrira une \u0153uvre de port\u00e9e universelle, t\u00e9moignage v\u00e9cu de notre temps. Dans un de ses po\u00e8mes, Milosz dit : <em>\u00abDe la po\u00e9sie, on obtient ce profit : elle nous rappelle qu\u2019il est difficile de rester la m\u00eame personne\u00bb<\/em> (Ars Poetica?).<\/p>\n\n\n\n<p>Ce po\u00e8te s\u2019exprime en effet en de multiples idiomes, il est habit\u00e9 par diverses voix : l\u2019enfant et le sage, le po\u00e8te et le proph\u00e8te, l\u2019homme de l\u2019Est et l\u2019homme de l\u2019Ouest, l\u2019\u00eatre sensuel et amoureux de la vie et le lecteur de Pascal.<\/p>\n\n\n\n<p>La culture plurielle et polyglotte de Mi\u0142osz et ses d\u00e9sillusions politiques se traduisent dans ses compositions qui m\u00ealent m\u00e9ditations, pens\u00e9es m\u00e9taphysiques, philosophiques ou historiques et r\u00e9flexions plus personnels. Sa pens\u00e9e, qui s\u2019incarne tant\u00f4t dans l\u2019essai politique ou philosophique, tant\u00f4t dans la cr\u00e9ation po\u00e9tique ou romanesque, accompagne et \u00e9claire les grands tournants du devenir contemporain&nbsp;: conflits destructeurs et suicidaires, ivresse du totalitarisme, illusion de l\u2019\u00e8re postcommuniste et postmoderne.<\/p>\n\n\n\n<p>Le th\u00e8me de l\u2019exil et du d\u00e9racinement trait caract\u00e9ristique de la vie de Mi\u0142osz \u2013 Polonais n\u00e9 en&nbsp;Lituanie, expatri\u00e9 en&nbsp;France&nbsp;puis en&nbsp;Californie&nbsp;\u2013 constitue l\u2019un des fils directeurs de son \u0153uvre. Mais c\u2019est seulement en Am\u00e9rique que Mi\u0142osz assumera sa condition d\u2019exil\u00e9. Il dira en 1968 \u00e0 la Conf\u00e9rence mondiale de la po\u00e9sie \u00e0 Montr\u00e9al&nbsp;:<em>&nbsp;\u00abL\u2019exil est le destin du po\u00e8te d\u2019aujourd\u2019hui, qu\u2019il soit dans son pays ou \u00e0 l\u2019\u00e9tranger, car il est presque toujours arrach\u00e9 \u00e0 ce petit univers familier des coutumes et des croyances qu\u2019il avait connu dans son enfance. Pris en soi, l\u2019exil n\u2019a rien de bon ni de mauvais, les gestes romantiques ou path\u00e9tiques n\u2019y seraient pour rien et ne conduiraient qu\u2019au mensonge. Il faut tout simplement accepter l\u2019exil et tout d\u00e9pend de l\u2019usage que l\u2019on en fera\u00bb<\/em>.&nbsp;<\/p>\n\n\n\n<p>I.<\/p>\n\n\n\n<p><em>Un petit globe argent\u00e9 se d\u00e9place et les plan\u00e8tes<br>Tournent sur une piste \u00e9lectronique<br>Autour du soleil de l\u2019atome. Mais pour nous<br>Toujours un seul point sur la terre<br>Revient dans un r\u00eave insens\u00e9<br>Lorsque les mannequins au cou de bois,<br>Sans t\u00eate, m\u00e8nent la danse, ou que les chiens<br>Sautillent sur leurs pattes de bois sculpt\u00e9.<br>Entre la m\u00e9moire qui inqui\u00e8te<br>Car elle dit : le pass\u00e9 est invincible,<br>Et l\u2019oubli qui est une offense<br>\u00c0 nos conceptions de la bont\u00e9 puissante,<br>Nous vivons chancelants, tandis que pr\u00e9cipitamment<br>Comme des mouches dans la lumi\u00e8re de lampes perp\u00e9tuelles<br>Un \u00e9lectron en croise un autre dans le vide.<\/em><\/p>\n\n\n\n<p>II.<\/p>\n\n\n\n<p><em>O qu\u2019elle gronde en ces nuits d\u2019automne<br>La mer \u00e0 l\u2019embouchure de la Vistule. Le tonnerre<br>Emplit la plaine \u00e9tale sous les rang\u00e9es de saules<br>Et le vent du nord peigne les herbes s\u00e8ches.<br>Dans les broussailles hal\u00e8te et tombe par morceaux<br>Le verre des fen\u00eatres bris\u00e9es d\u2019une \u00e9glise morte.<br>Lav\u00e9s par les gouttes lourdes de la pluie<br>Des boucliers longs et massifs<br>Renvoient aux nuages des signes effac\u00e9s<br>Tout pr\u00e8s du lieu o\u00f9 s\u2019unissent<br>La terre et les restes de celle qui m\u2019a mis au monde.<br>La solitude \u00e9ternelle, le cri des oiseaux migrateurs,<br>Et le souffle de la mer, sourd et incessant.<\/em><\/p>\n\n\n\n<p><blockquote class=\"wp-embedded-content\" data-secret=\"WnewBtTEYW\"><a href=\"https:\/\/kapitalis.com\/tunisie\/2020\/02\/16\/le-poeme-du-dimanche-incertitude-dadam-mickiewicz\/\">Le po\u00e8me du dimanche: \u2018\u2018Incertitude\u2019\u2019 d\u2019Adam Mickiewicz<\/a><\/blockquote><iframe loading=\"lazy\" class=\"wp-embedded-content\" sandbox=\"allow-scripts\" security=\"restricted\" style=\"position: absolute; clip: rect(1px, 1px, 1px, 1px);\" title=\"\u00ab\u00a0Le po\u00e8me du dimanche: \u2018\u2018Incertitude\u2019\u2019 d\u2019Adam Mickiewicz\u00a0\u00bb &#8212; Kapitalis\" src=\"https:\/\/kapitalis.com\/tunisie\/2020\/02\/16\/le-poeme-du-dimanche-incertitude-dadam-mickiewicz\/embed\/#?secret=wH3PPPbiOn#?secret=WnewBtTEYW\" data-secret=\"WnewBtTEYW\" width=\"600\" height=\"338\" frameborder=\"0\" marginwidth=\"0\" marginheight=\"0\" scrolling=\"no\"><\/iframe><\/p>\n\n\n\n<p><blockquote class=\"wp-embedded-content\" data-secret=\"k0lwjaENcU\"><a href=\"https:\/\/kapitalis.com\/tunisie\/2020\/10\/25\/le-poeme-du-dimanche-encore-de-wislawa-szymborska\/\">Le po\u00e8me du dimanche: \u2018\u2018Encore\u2019\u2019 de Wislawa Szymborska<\/a><\/blockquote><iframe loading=\"lazy\" class=\"wp-embedded-content\" sandbox=\"allow-scripts\" security=\"restricted\" style=\"position: absolute; clip: rect(1px, 1px, 1px, 1px);\" title=\"\u00ab\u00a0Le po\u00e8me du dimanche: \u2018\u2018Encore\u2019\u2019 de Wislawa Szymborska\u00a0\u00bb &#8212; Kapitalis\" src=\"https:\/\/kapitalis.com\/tunisie\/2020\/10\/25\/le-poeme-du-dimanche-encore-de-wislawa-szymborska\/embed\/#?secret=40I5cxOfFw#?secret=k0lwjaENcU\" data-secret=\"k0lwjaENcU\" width=\"600\" height=\"338\" frameborder=\"0\" marginwidth=\"0\" marginheight=\"0\" scrolling=\"no\"><\/iframe><\/p>\n","protected":false},"excerpt":{"rendered":"<p>Czes\u0142aw Mi\u0142osz, n\u00e9 le&nbsp;30 juin 1911&nbsp;et mort le&nbsp;14 ao\u00fbt 2004, est un po\u00e8te, romancier, essayistes et traducteur polonais. Consid\u00e9r\u00e9 comme un des po\u00e8tes majeurs du XXe si\u00e8cle,&nbsp;prix Nobel de litt\u00e9rature&nbsp;en&nbsp;1980, il est \u00e9galement l\u2019auteur de&nbsp;\u2018\u2018La pens\u00e9e captive\u2019\u2019&nbsp;publi\u00e9 en 1953 qui interroge la place des intellectuels au sein des r\u00e9gimes autoritaires.<\/p>\n","protected":false},"author":8,"featured_media":355143,"comment_status":"open","ping_status":"open","sticky":false,"template":"","format":"standard","meta":{"footnotes":""},"categories":[992,994],"tags":[91767],"class_list":["post-355142","post","type-post","status-publish","format-standard","has-post-thumbnail","hentry","category-a-la-une","category-culture","tag-czeslaw-milosz-2"],"yoast_head":"<!-- This site is optimized with the Yoast SEO plugin v26.6 - https:\/\/yoast.com\/wordpress\/plugins\/seo\/ -->\n<title>Le po\u00e8me du dimanche : \u2018\u2018Le tombeau de la m\u00e8re\u2019\u2019 de Czeslaw Milosz - Kapitalis<\/title>\n<meta name=\"robots\" content=\"index, follow, max-snippet:-1, max-image-preview:large, max-video-preview:-1\" \/>\n<link rel=\"canonical\" href=\"https:\/\/kapitalis.com\/tunisie\/2021\/07\/04\/le-poeme-du-dimanche-le-tombeau-de-la-mere-de-czeslaw-milosz\/\" \/>\n<meta property=\"og:locale\" content=\"fr_FR\" \/>\n<meta property=\"og:type\" content=\"article\" \/>\n<meta property=\"og:title\" content=\"Le po\u00e8me du dimanche : \u2018\u2018Le tombeau de la m\u00e8re\u2019\u2019 de Czeslaw Milosz - Kapitalis\" \/>\n<meta property=\"og:description\" content=\"Czes\u0142aw Mi\u0142osz, n\u00e9 le&nbsp;30 juin 1911&nbsp;et mort le&nbsp;14 ao\u00fbt 2004, est un po\u00e8te, romancier, essayistes et traducteur polonais. Consid\u00e9r\u00e9 comme un des po\u00e8tes majeurs du XXe si\u00e8cle,&nbsp;prix Nobel de litt\u00e9rature&nbsp;en&nbsp;1980, il est \u00e9galement l\u2019auteur de&nbsp;\u2018\u2018La pens\u00e9e captive\u2019\u2019&nbsp;publi\u00e9 en 1953 qui interroge la place des intellectuels au sein des r\u00e9gimes autoritaires.\" \/>\n<meta property=\"og:url\" content=\"https:\/\/kapitalis.com\/tunisie\/2021\/07\/04\/le-poeme-du-dimanche-le-tombeau-de-la-mere-de-czeslaw-milosz\/\" \/>\n<meta property=\"og:site_name\" content=\"Kapitalis\" \/>\n<meta property=\"article:publisher\" content=\"https:\/\/www.facebook.com\/KapitalisInfo\/\" \/>\n<meta property=\"article:published_time\" content=\"2021-07-04T05:18:53+00:00\" \/>\n<meta property=\"article:modified_time\" content=\"2021-07-04T05:22:30+00:00\" \/>\n<meta property=\"og:image\" content=\"https:\/\/kapitalis.com\/tunisie\/wp-content\/uploads\/2022\/05\/kapitalis-logo-fb.png\" \/>\n\t<meta property=\"og:image:width\" content=\"1200\" \/>\n\t<meta property=\"og:image:height\" content=\"630\" \/>\n\t<meta property=\"og:image:type\" content=\"image\/png\" \/>\n<meta name=\"author\" content=\"webmaster kapitalis\" \/>\n<meta name=\"twitter:card\" content=\"summary_large_image\" \/>\n<meta name=\"twitter:creator\" content=\"@KapitalisInfo\" \/>\n<meta name=\"twitter:site\" content=\"@KapitalisInfo\" \/>\n<meta name=\"twitter:label1\" content=\"\u00c9crit par\" \/>\n\t<meta name=\"twitter:data1\" content=\"webmaster kapitalis\" \/>\n\t<meta name=\"twitter:label2\" content=\"Dur\u00e9e de lecture estim\u00e9e\" \/>\n\t<meta name=\"twitter:data2\" content=\"3 minutes\" \/>\n<script type=\"application\/ld+json\" class=\"yoast-schema-graph\">{\"@context\":\"https:\/\/schema.org\",\"@graph\":[{\"@type\":\"Article\",\"@id\":\"https:\/\/kapitalis.com\/tunisie\/2021\/07\/04\/le-poeme-du-dimanche-le-tombeau-de-la-mere-de-czeslaw-milosz\/#article\",\"isPartOf\":{\"@id\":\"https:\/\/kapitalis.com\/tunisie\/2021\/07\/04\/le-poeme-du-dimanche-le-tombeau-de-la-mere-de-czeslaw-milosz\/\"},\"author\":{\"name\":\"webmaster kapitalis\",\"@id\":\"https:\/\/kapitalis.com\/tunisie\/#\/schema\/person\/d71f33a9ca44f7bad4698210b480c8e9\"},\"headline\":\"Le po\u00e8me du dimanche : \u2018\u2018Le tombeau de la m\u00e8re\u2019\u2019 de Czeslaw Milosz\",\"datePublished\":\"2021-07-04T05:18:53+00:00\",\"dateModified\":\"2021-07-04T05:22:30+00:00\",\"mainEntityOfPage\":{\"@id\":\"https:\/\/kapitalis.com\/tunisie\/2021\/07\/04\/le-poeme-du-dimanche-le-tombeau-de-la-mere-de-czeslaw-milosz\/\"},\"wordCount\":713,\"commentCount\":1,\"publisher\":{\"@id\":\"https:\/\/kapitalis.com\/tunisie\/#organization\"},\"image\":{\"@id\":\"https:\/\/kapitalis.com\/tunisie\/2021\/07\/04\/le-poeme-du-dimanche-le-tombeau-de-la-mere-de-czeslaw-milosz\/#primaryimage\"},\"thumbnailUrl\":\"\",\"keywords\":[\"Czeslaw Milosz\"],\"articleSection\":[\"A LA UNE\",\"CULTURE\"],\"inLanguage\":\"fr-FR\",\"potentialAction\":[{\"@type\":\"CommentAction\",\"name\":\"Comment\",\"target\":[\"https:\/\/kapitalis.com\/tunisie\/2021\/07\/04\/le-poeme-du-dimanche-le-tombeau-de-la-mere-de-czeslaw-milosz\/#respond\"]}]},{\"@type\":\"WebPage\",\"@id\":\"https:\/\/kapitalis.com\/tunisie\/2021\/07\/04\/le-poeme-du-dimanche-le-tombeau-de-la-mere-de-czeslaw-milosz\/\",\"url\":\"https:\/\/kapitalis.com\/tunisie\/2021\/07\/04\/le-poeme-du-dimanche-le-tombeau-de-la-mere-de-czeslaw-milosz\/\",\"name\":\"Le po\u00e8me du dimanche : \u2018\u2018Le tombeau de la m\u00e8re\u2019\u2019 de Czeslaw Milosz - Kapitalis\",\"isPartOf\":{\"@id\":\"https:\/\/kapitalis.com\/tunisie\/#website\"},\"primaryImageOfPage\":{\"@id\":\"https:\/\/kapitalis.com\/tunisie\/2021\/07\/04\/le-poeme-du-dimanche-le-tombeau-de-la-mere-de-czeslaw-milosz\/#primaryimage\"},\"image\":{\"@id\":\"https:\/\/kapitalis.com\/tunisie\/2021\/07\/04\/le-poeme-du-dimanche-le-tombeau-de-la-mere-de-czeslaw-milosz\/#primaryimage\"},\"thumbnailUrl\":\"\",\"datePublished\":\"2021-07-04T05:18:53+00:00\",\"dateModified\":\"2021-07-04T05:22:30+00:00\",\"breadcrumb\":{\"@id\":\"https:\/\/kapitalis.com\/tunisie\/2021\/07\/04\/le-poeme-du-dimanche-le-tombeau-de-la-mere-de-czeslaw-milosz\/#breadcrumb\"},\"inLanguage\":\"fr-FR\",\"potentialAction\":[{\"@type\":\"ReadAction\",\"target\":[\"https:\/\/kapitalis.com\/tunisie\/2021\/07\/04\/le-poeme-du-dimanche-le-tombeau-de-la-mere-de-czeslaw-milosz\/\"]}]},{\"@type\":\"ImageObject\",\"inLanguage\":\"fr-FR\",\"@id\":\"https:\/\/kapitalis.com\/tunisie\/2021\/07\/04\/le-poeme-du-dimanche-le-tombeau-de-la-mere-de-czeslaw-milosz\/#primaryimage\",\"url\":\"\",\"contentUrl\":\"\"},{\"@type\":\"BreadcrumbList\",\"@id\":\"https:\/\/kapitalis.com\/tunisie\/2021\/07\/04\/le-poeme-du-dimanche-le-tombeau-de-la-mere-de-czeslaw-milosz\/#breadcrumb\",\"itemListElement\":[{\"@type\":\"ListItem\",\"position\":1,\"name\":\"Accueil\",\"item\":\"https:\/\/kapitalis.com\/tunisie\/\"},{\"@type\":\"ListItem\",\"position\":2,\"name\":\"Le po\u00e8me du dimanche : \u2018\u2018Le tombeau de la m\u00e8re\u2019\u2019 de Czeslaw Milosz\"}]},{\"@type\":\"WebSite\",\"@id\":\"https:\/\/kapitalis.com\/tunisie\/#website\",\"url\":\"https:\/\/kapitalis.com\/tunisie\/\",\"name\":\"Kapitalis\",\"description\":\"L&#039;actualit\u00e9 en Tunisie et dans le monde\",\"publisher\":{\"@id\":\"https:\/\/kapitalis.com\/tunisie\/#organization\"},\"potentialAction\":[{\"@type\":\"SearchAction\",\"target\":{\"@type\":\"EntryPoint\",\"urlTemplate\":\"https:\/\/kapitalis.com\/tunisie\/?s={search_term_string}\"},\"query-input\":{\"@type\":\"PropertyValueSpecification\",\"valueRequired\":true,\"valueName\":\"search_term_string\"}}],\"inLanguage\":\"fr-FR\"},{\"@type\":\"Organization\",\"@id\":\"https:\/\/kapitalis.com\/tunisie\/#organization\",\"name\":\"Kapitalis\",\"url\":\"https:\/\/kapitalis.com\/tunisie\/\",\"logo\":{\"@type\":\"ImageObject\",\"inLanguage\":\"fr-FR\",\"@id\":\"https:\/\/kapitalis.com\/tunisie\/#\/schema\/logo\/image\/\",\"url\":\"https:\/\/kapitalis.com\/tunisie\/wp-content\/uploads\/2022\/05\/Kapitalis-big-size.png\",\"contentUrl\":\"https:\/\/kapitalis.com\/tunisie\/wp-content\/uploads\/2022\/05\/Kapitalis-big-size.png\",\"width\":5000,\"height\":1500,\"caption\":\"Kapitalis\"},\"image\":{\"@id\":\"https:\/\/kapitalis.com\/tunisie\/#\/schema\/logo\/image\/\"},\"sameAs\":[\"https:\/\/www.facebook.com\/KapitalisInfo\/\",\"https:\/\/x.com\/KapitalisInfo\",\"https:\/\/www.youtube.com\/channel\/UC-yDYrHyfFBWWZaOw3FPg9Q\"]},{\"@type\":\"Person\",\"@id\":\"https:\/\/kapitalis.com\/tunisie\/#\/schema\/person\/d71f33a9ca44f7bad4698210b480c8e9\",\"name\":\"webmaster kapitalis\",\"url\":\"https:\/\/kapitalis.com\/tunisie\/author\/webmaster-kapitalis\/\"}]}<\/script>\n<!-- \/ Yoast SEO plugin. -->","yoast_head_json":{"title":"Le po\u00e8me du dimanche : \u2018\u2018Le tombeau de la m\u00e8re\u2019\u2019 de Czeslaw Milosz - Kapitalis","robots":{"index":"index","follow":"follow","max-snippet":"max-snippet:-1","max-image-preview":"max-image-preview:large","max-video-preview":"max-video-preview:-1"},"canonical":"https:\/\/kapitalis.com\/tunisie\/2021\/07\/04\/le-poeme-du-dimanche-le-tombeau-de-la-mere-de-czeslaw-milosz\/","og_locale":"fr_FR","og_type":"article","og_title":"Le po\u00e8me du dimanche : \u2018\u2018Le tombeau de la m\u00e8re\u2019\u2019 de Czeslaw Milosz - Kapitalis","og_description":"Czes\u0142aw Mi\u0142osz, n\u00e9 le&nbsp;30 juin 1911&nbsp;et mort le&nbsp;14 ao\u00fbt 2004, est un po\u00e8te, romancier, essayistes et traducteur polonais. Consid\u00e9r\u00e9 comme un des po\u00e8tes majeurs du XXe si\u00e8cle,&nbsp;prix Nobel de litt\u00e9rature&nbsp;en&nbsp;1980, il est \u00e9galement l\u2019auteur de&nbsp;\u2018\u2018La pens\u00e9e captive\u2019\u2019&nbsp;publi\u00e9 en 1953 qui interroge la place des intellectuels au sein des r\u00e9gimes autoritaires.","og_url":"https:\/\/kapitalis.com\/tunisie\/2021\/07\/04\/le-poeme-du-dimanche-le-tombeau-de-la-mere-de-czeslaw-milosz\/","og_site_name":"Kapitalis","article_publisher":"https:\/\/www.facebook.com\/KapitalisInfo\/","article_published_time":"2021-07-04T05:18:53+00:00","article_modified_time":"2021-07-04T05:22:30+00:00","og_image":[{"width":1200,"height":630,"url":"https:\/\/kapitalis.com\/tunisie\/wp-content\/uploads\/2022\/05\/kapitalis-logo-fb.png","type":"image\/png"}],"author":"webmaster kapitalis","twitter_card":"summary_large_image","twitter_creator":"@KapitalisInfo","twitter_site":"@KapitalisInfo","twitter_misc":{"\u00c9crit par":"webmaster kapitalis","Dur\u00e9e de lecture estim\u00e9e":"3 minutes"},"schema":{"@context":"https:\/\/schema.org","@graph":[{"@type":"Article","@id":"https:\/\/kapitalis.com\/tunisie\/2021\/07\/04\/le-poeme-du-dimanche-le-tombeau-de-la-mere-de-czeslaw-milosz\/#article","isPartOf":{"@id":"https:\/\/kapitalis.com\/tunisie\/2021\/07\/04\/le-poeme-du-dimanche-le-tombeau-de-la-mere-de-czeslaw-milosz\/"},"author":{"name":"webmaster kapitalis","@id":"https:\/\/kapitalis.com\/tunisie\/#\/schema\/person\/d71f33a9ca44f7bad4698210b480c8e9"},"headline":"Le po\u00e8me du dimanche : \u2018\u2018Le tombeau de la m\u00e8re\u2019\u2019 de Czeslaw Milosz","datePublished":"2021-07-04T05:18:53+00:00","dateModified":"2021-07-04T05:22:30+00:00","mainEntityOfPage":{"@id":"https:\/\/kapitalis.com\/tunisie\/2021\/07\/04\/le-poeme-du-dimanche-le-tombeau-de-la-mere-de-czeslaw-milosz\/"},"wordCount":713,"commentCount":1,"publisher":{"@id":"https:\/\/kapitalis.com\/tunisie\/#organization"},"image":{"@id":"https:\/\/kapitalis.com\/tunisie\/2021\/07\/04\/le-poeme-du-dimanche-le-tombeau-de-la-mere-de-czeslaw-milosz\/#primaryimage"},"thumbnailUrl":"","keywords":["Czeslaw Milosz"],"articleSection":["A LA UNE","CULTURE"],"inLanguage":"fr-FR","potentialAction":[{"@type":"CommentAction","name":"Comment","target":["https:\/\/kapitalis.com\/tunisie\/2021\/07\/04\/le-poeme-du-dimanche-le-tombeau-de-la-mere-de-czeslaw-milosz\/#respond"]}]},{"@type":"WebPage","@id":"https:\/\/kapitalis.com\/tunisie\/2021\/07\/04\/le-poeme-du-dimanche-le-tombeau-de-la-mere-de-czeslaw-milosz\/","url":"https:\/\/kapitalis.com\/tunisie\/2021\/07\/04\/le-poeme-du-dimanche-le-tombeau-de-la-mere-de-czeslaw-milosz\/","name":"Le po\u00e8me du dimanche : \u2018\u2018Le tombeau de la m\u00e8re\u2019\u2019 de Czeslaw Milosz - Kapitalis","isPartOf":{"@id":"https:\/\/kapitalis.com\/tunisie\/#website"},"primaryImageOfPage":{"@id":"https:\/\/kapitalis.com\/tunisie\/2021\/07\/04\/le-poeme-du-dimanche-le-tombeau-de-la-mere-de-czeslaw-milosz\/#primaryimage"},"image":{"@id":"https:\/\/kapitalis.com\/tunisie\/2021\/07\/04\/le-poeme-du-dimanche-le-tombeau-de-la-mere-de-czeslaw-milosz\/#primaryimage"},"thumbnailUrl":"","datePublished":"2021-07-04T05:18:53+00:00","dateModified":"2021-07-04T05:22:30+00:00","breadcrumb":{"@id":"https:\/\/kapitalis.com\/tunisie\/2021\/07\/04\/le-poeme-du-dimanche-le-tombeau-de-la-mere-de-czeslaw-milosz\/#breadcrumb"},"inLanguage":"fr-FR","potentialAction":[{"@type":"ReadAction","target":["https:\/\/kapitalis.com\/tunisie\/2021\/07\/04\/le-poeme-du-dimanche-le-tombeau-de-la-mere-de-czeslaw-milosz\/"]}]},{"@type":"ImageObject","inLanguage":"fr-FR","@id":"https:\/\/kapitalis.com\/tunisie\/2021\/07\/04\/le-poeme-du-dimanche-le-tombeau-de-la-mere-de-czeslaw-milosz\/#primaryimage","url":"","contentUrl":""},{"@type":"BreadcrumbList","@id":"https:\/\/kapitalis.com\/tunisie\/2021\/07\/04\/le-poeme-du-dimanche-le-tombeau-de-la-mere-de-czeslaw-milosz\/#breadcrumb","itemListElement":[{"@type":"ListItem","position":1,"name":"Accueil","item":"https:\/\/kapitalis.com\/tunisie\/"},{"@type":"ListItem","position":2,"name":"Le po\u00e8me du dimanche : \u2018\u2018Le tombeau de la m\u00e8re\u2019\u2019 de Czeslaw Milosz"}]},{"@type":"WebSite","@id":"https:\/\/kapitalis.com\/tunisie\/#website","url":"https:\/\/kapitalis.com\/tunisie\/","name":"Kapitalis","description":"L&#039;actualit\u00e9 en Tunisie et dans le monde","publisher":{"@id":"https:\/\/kapitalis.com\/tunisie\/#organization"},"potentialAction":[{"@type":"SearchAction","target":{"@type":"EntryPoint","urlTemplate":"https:\/\/kapitalis.com\/tunisie\/?s={search_term_string}"},"query-input":{"@type":"PropertyValueSpecification","valueRequired":true,"valueName":"search_term_string"}}],"inLanguage":"fr-FR"},{"@type":"Organization","@id":"https:\/\/kapitalis.com\/tunisie\/#organization","name":"Kapitalis","url":"https:\/\/kapitalis.com\/tunisie\/","logo":{"@type":"ImageObject","inLanguage":"fr-FR","@id":"https:\/\/kapitalis.com\/tunisie\/#\/schema\/logo\/image\/","url":"https:\/\/kapitalis.com\/tunisie\/wp-content\/uploads\/2022\/05\/Kapitalis-big-size.png","contentUrl":"https:\/\/kapitalis.com\/tunisie\/wp-content\/uploads\/2022\/05\/Kapitalis-big-size.png","width":5000,"height":1500,"caption":"Kapitalis"},"image":{"@id":"https:\/\/kapitalis.com\/tunisie\/#\/schema\/logo\/image\/"},"sameAs":["https:\/\/www.facebook.com\/KapitalisInfo\/","https:\/\/x.com\/KapitalisInfo","https:\/\/www.youtube.com\/channel\/UC-yDYrHyfFBWWZaOw3FPg9Q"]},{"@type":"Person","@id":"https:\/\/kapitalis.com\/tunisie\/#\/schema\/person\/d71f33a9ca44f7bad4698210b480c8e9","name":"webmaster kapitalis","url":"https:\/\/kapitalis.com\/tunisie\/author\/webmaster-kapitalis\/"}]}},"_links":{"self":[{"href":"https:\/\/kapitalis.com\/tunisie\/wp-json\/wp\/v2\/posts\/355142","targetHints":{"allow":["GET"]}}],"collection":[{"href":"https:\/\/kapitalis.com\/tunisie\/wp-json\/wp\/v2\/posts"}],"about":[{"href":"https:\/\/kapitalis.com\/tunisie\/wp-json\/wp\/v2\/types\/post"}],"author":[{"embeddable":true,"href":"https:\/\/kapitalis.com\/tunisie\/wp-json\/wp\/v2\/users\/8"}],"replies":[{"embeddable":true,"href":"https:\/\/kapitalis.com\/tunisie\/wp-json\/wp\/v2\/comments?post=355142"}],"version-history":[{"count":0,"href":"https:\/\/kapitalis.com\/tunisie\/wp-json\/wp\/v2\/posts\/355142\/revisions"}],"wp:featuredmedia":[{"embeddable":true,"href":"https:\/\/kapitalis.com\/tunisie\/wp-json\/wp\/v2\/media\/355143"}],"wp:attachment":[{"href":"https:\/\/kapitalis.com\/tunisie\/wp-json\/wp\/v2\/media?parent=355142"}],"wp:term":[{"taxonomy":"category","embeddable":true,"href":"https:\/\/kapitalis.com\/tunisie\/wp-json\/wp\/v2\/categories?post=355142"},{"taxonomy":"post_tag","embeddable":true,"href":"https:\/\/kapitalis.com\/tunisie\/wp-json\/wp\/v2\/tags?post=355142"}],"curies":[{"name":"wp","href":"https:\/\/api.w.org\/{rel}","templated":true}]}}