{"id":355229,"date":"2021-07-05T15:25:26","date_gmt":"2021-07-05T14:25:26","guid":{"rendered":"http:\/\/kapitalis.com\/tunisie\/?p=355229"},"modified":"2021-07-05T15:30:31","modified_gmt":"2021-07-05T14:30:31","slug":"coronavirus-confinement-general-a-kasserine-jusquau-11-juillet","status":"publish","type":"post","link":"https:\/\/kapitalis.com\/tunisie\/2021\/07\/05\/coronavirus-confinement-general-a-kasserine-jusquau-11-juillet\/","title":{"rendered":"Coronavirus : Confinement g\u00e9n\u00e9ral \u00e0 Kasserine jusqu&rsquo;au 11 juillet"},"content":{"rendered":"\n<div class=\"wp-block-image\"><figure class=\"aligncenter size-large\"><img decoding=\"async\" src=\"http:\/\/kapitalis.com\/tunisie\/wp-content\/uploads\/2020\/03\/Kasserine.jpg\" alt=\"\" class=\"wp-image-289155\"\/><\/figure><\/div>\n\n\n\n<p><strong><em>Les autorit\u00e9s r\u00e9gionales ont d\u00e9cid\u00e9 d&rsquo;instaurer un confinement g\u00e9n\u00e9ral dans toutes les d\u00e9l\u00e9gations du gouvernorat de Kasserine, d\u00e8s aujourd\u2019hui et jusqu\u2019au dimanche 11 juillet 2021, et ce pour faire face \u00e0 la propagation du coronavirus.<\/em><\/strong><\/p>\n\n\n\n<!--more-->\n\n\n\n<p>C&rsquo;est ce qu&rsquo;a indiqu\u00e9 le gouvernorat \u00e0 l&rsquo;issue d&rsquo;une r\u00e9union organis\u00e9e avec la commission r\u00e9gionale charg\u00e9e de la lutte contre les catastrophes naturelles, en pr\u00e9cisant que ce confinement, d\u00e9cid\u00e9 \u00e0 la lumi\u00e8re de la situation sanitaire, jug\u00e9e catastrophique, pourrait \u00eatre renouvel\u00e9, en fonction de l&rsquo;\u00e9volution de la situation.<\/p>\n\n\n\n<p>Ainsi, tous les commerces non essentiels devront fermer et il sera strictement interdit de se rassembler, et seuls les d\u00e9placements n\u00e9cessaires seront autoris\u00e9s, sachant que des contr\u00f4les seront intensifier pour s&rsquo;assurer du respect des protocoles sanitaires.<\/p>\n\n\n\n<p>Sont exempt\u00e9s de cette mesure :<\/p>\n\n\n\n<ul class=\"wp-block-list\"><li>Les \u00e9tablissements scolaires et toutes les directions et les structures concern\u00e9es par le d\u00e9roulement des examens nationaux.<\/li><li>Les \u00e9l\u00e8ves, le cadre p\u00e9dagogique, le cadre sanitaire, et les acteurs des campagnes de vaccination et les cas d\u2019urgence.<\/li><li>Les secteurs et personnes des services vitaux, de l\u2019approvisionnement en produits alimentaires, en mat\u00e9riel m\u00e9dical et agricole.<\/li><\/ul>\n\n\n\n<p class=\"has-text-align-right\"><strong>Y. N.<\/strong><\/p>\n","protected":false},"excerpt":{"rendered":"<p>Les autorit\u00e9s r\u00e9gionales ont d\u00e9cid\u00e9 d&rsquo;instaurer un confinement g\u00e9n\u00e9ral dans toutes les d\u00e9l\u00e9gations du gouvernorat de Kasserine, d\u00e8s aujourd\u2019hui et jusqu\u2019au dimanche 11 juillet 2021, et ce pour faire face \u00e0 la propagation du coronavirus.<\/p>\n","protected":false},"author":6,"featured_media":0,"comment_status":"open","ping_status":"open","sticky":false,"template":"","format":"standard","meta":{"footnotes":""},"categories":[998,2433],"tags":[76605,73060,78820,525],"class_list":["post-355229","post","type-post","status-publish","format-standard","hentry","category-societe","category-tunisie","tag-confinement","tag-coronavirus","tag-covid-2","tag-kasserine"],"yoast_head":"<!-- This site is optimized with the Yoast SEO plugin v26.6 - https:\/\/yoast.com\/wordpress\/plugins\/seo\/ -->\n<title>Coronavirus : Confinement g\u00e9n\u00e9ral \u00e0 Kasserine jusqu&#039;au 11 juillet - Kapitalis<\/title>\n<meta name=\"robots\" content=\"index, follow, max-snippet:-1, max-image-preview:large, max-video-preview:-1\" \/>\n<link rel=\"canonical\" href=\"https:\/\/kapitalis.com\/tunisie\/2021\/07\/05\/coronavirus-confinement-general-a-kasserine-jusquau-11-juillet\/\" \/>\n<meta property=\"og:locale\" content=\"fr_FR\" \/>\n<meta property=\"og:type\" content=\"article\" \/>\n<meta property=\"og:title\" content=\"Coronavirus : Confinement g\u00e9n\u00e9ral \u00e0 Kasserine jusqu&#039;au 11 juillet - Kapitalis\" \/>\n<meta property=\"og:description\" content=\"Les autorit\u00e9s r\u00e9gionales ont d\u00e9cid\u00e9 d&rsquo;instaurer un confinement g\u00e9n\u00e9ral dans toutes les d\u00e9l\u00e9gations du gouvernorat de Kasserine, d\u00e8s aujourd\u2019hui et jusqu\u2019au dimanche 11 juillet 2021, et ce pour faire face \u00e0 la propagation du coronavirus.\" \/>\n<meta property=\"og:url\" content=\"https:\/\/kapitalis.com\/tunisie\/2021\/07\/05\/coronavirus-confinement-general-a-kasserine-jusquau-11-juillet\/\" \/>\n<meta property=\"og:site_name\" content=\"Kapitalis\" \/>\n<meta property=\"article:publisher\" content=\"https:\/\/www.facebook.com\/KapitalisInfo\/\" \/>\n<meta property=\"article:published_time\" content=\"2021-07-05T14:25:26+00:00\" \/>\n<meta property=\"article:modified_time\" content=\"2021-07-05T14:30:31+00:00\" \/>\n<meta property=\"og:image\" content=\"http:\/\/kapitalis.com\/tunisie\/wp-content\/uploads\/2020\/03\/Kasserine.jpg\" \/>\n<meta name=\"author\" content=\"Yusra NY\" \/>\n<meta name=\"twitter:card\" content=\"summary_large_image\" \/>\n<meta name=\"twitter:creator\" content=\"@KapitalisInfo\" \/>\n<meta name=\"twitter:site\" content=\"@KapitalisInfo\" \/>\n<meta name=\"twitter:label1\" content=\"\u00c9crit par\" \/>\n\t<meta name=\"twitter:data1\" content=\"Yusra NY\" \/>\n\t<meta name=\"twitter:label2\" content=\"Dur\u00e9e de lecture estim\u00e9e\" \/>\n\t<meta name=\"twitter:data2\" content=\"1 minute\" \/>\n<script type=\"application\/ld+json\" class=\"yoast-schema-graph\">{\"@context\":\"https:\/\/schema.org\",\"@graph\":[{\"@type\":\"Article\",\"@id\":\"https:\/\/kapitalis.com\/tunisie\/2021\/07\/05\/coronavirus-confinement-general-a-kasserine-jusquau-11-juillet\/#article\",\"isPartOf\":{\"@id\":\"https:\/\/kapitalis.com\/tunisie\/2021\/07\/05\/coronavirus-confinement-general-a-kasserine-jusquau-11-juillet\/\"},\"author\":{\"name\":\"Yusra NY\",\"@id\":\"https:\/\/kapitalis.com\/tunisie\/#\/schema\/person\/74bbde0154d49d790a92aaeac5bc01d5\"},\"headline\":\"Coronavirus : Confinement g\u00e9n\u00e9ral \u00e0 Kasserine jusqu&rsquo;au 11 juillet\",\"datePublished\":\"2021-07-05T14:25:26+00:00\",\"dateModified\":\"2021-07-05T14:30:31+00:00\",\"mainEntityOfPage\":{\"@id\":\"https:\/\/kapitalis.com\/tunisie\/2021\/07\/05\/coronavirus-confinement-general-a-kasserine-jusquau-11-juillet\/\"},\"wordCount\":214,\"commentCount\":0,\"publisher\":{\"@id\":\"https:\/\/kapitalis.com\/tunisie\/#organization\"},\"image\":{\"@id\":\"https:\/\/kapitalis.com\/tunisie\/2021\/07\/05\/coronavirus-confinement-general-a-kasserine-jusquau-11-juillet\/#primaryimage\"},\"thumbnailUrl\":\"http:\/\/kapitalis.com\/tunisie\/wp-content\/uploads\/2020\/03\/Kasserine.jpg\",\"keywords\":[\"confinement\",\"Coronavirus\",\"covid\",\"Kasserine\"],\"articleSection\":[\"SOCIETE\",\"Tunisie\"],\"inLanguage\":\"fr-FR\",\"potentialAction\":[{\"@type\":\"CommentAction\",\"name\":\"Comment\",\"target\":[\"https:\/\/kapitalis.com\/tunisie\/2021\/07\/05\/coronavirus-confinement-general-a-kasserine-jusquau-11-juillet\/#respond\"]}]},{\"@type\":\"WebPage\",\"@id\":\"https:\/\/kapitalis.com\/tunisie\/2021\/07\/05\/coronavirus-confinement-general-a-kasserine-jusquau-11-juillet\/\",\"url\":\"https:\/\/kapitalis.com\/tunisie\/2021\/07\/05\/coronavirus-confinement-general-a-kasserine-jusquau-11-juillet\/\",\"name\":\"Coronavirus : Confinement g\u00e9n\u00e9ral \u00e0 Kasserine jusqu'au 11 juillet - Kapitalis\",\"isPartOf\":{\"@id\":\"https:\/\/kapitalis.com\/tunisie\/#website\"},\"primaryImageOfPage\":{\"@id\":\"https:\/\/kapitalis.com\/tunisie\/2021\/07\/05\/coronavirus-confinement-general-a-kasserine-jusquau-11-juillet\/#primaryimage\"},\"image\":{\"@id\":\"https:\/\/kapitalis.com\/tunisie\/2021\/07\/05\/coronavirus-confinement-general-a-kasserine-jusquau-11-juillet\/#primaryimage\"},\"thumbnailUrl\":\"http:\/\/kapitalis.com\/tunisie\/wp-content\/uploads\/2020\/03\/Kasserine.jpg\",\"datePublished\":\"2021-07-05T14:25:26+00:00\",\"dateModified\":\"2021-07-05T14:30:31+00:00\",\"breadcrumb\":{\"@id\":\"https:\/\/kapitalis.com\/tunisie\/2021\/07\/05\/coronavirus-confinement-general-a-kasserine-jusquau-11-juillet\/#breadcrumb\"},\"inLanguage\":\"fr-FR\",\"potentialAction\":[{\"@type\":\"ReadAction\",\"target\":[\"https:\/\/kapitalis.com\/tunisie\/2021\/07\/05\/coronavirus-confinement-general-a-kasserine-jusquau-11-juillet\/\"]}]},{\"@type\":\"ImageObject\",\"inLanguage\":\"fr-FR\",\"@id\":\"https:\/\/kapitalis.com\/tunisie\/2021\/07\/05\/coronavirus-confinement-general-a-kasserine-jusquau-11-juillet\/#primaryimage\",\"url\":\"\",\"contentUrl\":\"\"},{\"@type\":\"BreadcrumbList\",\"@id\":\"https:\/\/kapitalis.com\/tunisie\/2021\/07\/05\/coronavirus-confinement-general-a-kasserine-jusquau-11-juillet\/#breadcrumb\",\"itemListElement\":[{\"@type\":\"ListItem\",\"position\":1,\"name\":\"Accueil\",\"item\":\"https:\/\/kapitalis.com\/tunisie\/\"},{\"@type\":\"ListItem\",\"position\":2,\"name\":\"Coronavirus : Confinement g\u00e9n\u00e9ral \u00e0 Kasserine jusqu&rsquo;au 11 juillet\"}]},{\"@type\":\"WebSite\",\"@id\":\"https:\/\/kapitalis.com\/tunisie\/#website\",\"url\":\"https:\/\/kapitalis.com\/tunisie\/\",\"name\":\"Kapitalis\",\"description\":\"L&#039;actualit\u00e9 en Tunisie et dans le monde\",\"publisher\":{\"@id\":\"https:\/\/kapitalis.com\/tunisie\/#organization\"},\"potentialAction\":[{\"@type\":\"SearchAction\",\"target\":{\"@type\":\"EntryPoint\",\"urlTemplate\":\"https:\/\/kapitalis.com\/tunisie\/?s={search_term_string}\"},\"query-input\":{\"@type\":\"PropertyValueSpecification\",\"valueRequired\":true,\"valueName\":\"search_term_string\"}}],\"inLanguage\":\"fr-FR\"},{\"@type\":\"Organization\",\"@id\":\"https:\/\/kapitalis.com\/tunisie\/#organization\",\"name\":\"Kapitalis\",\"url\":\"https:\/\/kapitalis.com\/tunisie\/\",\"logo\":{\"@type\":\"ImageObject\",\"inLanguage\":\"fr-FR\",\"@id\":\"https:\/\/kapitalis.com\/tunisie\/#\/schema\/logo\/image\/\",\"url\":\"https:\/\/kapitalis.com\/tunisie\/wp-content\/uploads\/2022\/05\/Kapitalis-big-size.png\",\"contentUrl\":\"https:\/\/kapitalis.com\/tunisie\/wp-content\/uploads\/2022\/05\/Kapitalis-big-size.png\",\"width\":5000,\"height\":1500,\"caption\":\"Kapitalis\"},\"image\":{\"@id\":\"https:\/\/kapitalis.com\/tunisie\/#\/schema\/logo\/image\/\"},\"sameAs\":[\"https:\/\/www.facebook.com\/KapitalisInfo\/\",\"https:\/\/x.com\/KapitalisInfo\",\"https:\/\/www.youtube.com\/channel\/UC-yDYrHyfFBWWZaOw3FPg9Q\"]},{\"@type\":\"Person\",\"@id\":\"https:\/\/kapitalis.com\/tunisie\/#\/schema\/person\/74bbde0154d49d790a92aaeac5bc01d5\",\"name\":\"Yusra NY\",\"url\":\"https:\/\/kapitalis.com\/tunisie\/author\/yuza_adam\/\"}]}<\/script>\n<!-- \/ Yoast SEO plugin. -->","yoast_head_json":{"title":"Coronavirus : Confinement g\u00e9n\u00e9ral \u00e0 Kasserine jusqu'au 11 juillet - Kapitalis","robots":{"index":"index","follow":"follow","max-snippet":"max-snippet:-1","max-image-preview":"max-image-preview:large","max-video-preview":"max-video-preview:-1"},"canonical":"https:\/\/kapitalis.com\/tunisie\/2021\/07\/05\/coronavirus-confinement-general-a-kasserine-jusquau-11-juillet\/","og_locale":"fr_FR","og_type":"article","og_title":"Coronavirus : Confinement g\u00e9n\u00e9ral \u00e0 Kasserine jusqu'au 11 juillet - Kapitalis","og_description":"Les autorit\u00e9s r\u00e9gionales ont d\u00e9cid\u00e9 d&rsquo;instaurer un confinement g\u00e9n\u00e9ral dans toutes les d\u00e9l\u00e9gations du gouvernorat de Kasserine, d\u00e8s aujourd\u2019hui et jusqu\u2019au dimanche 11 juillet 2021, et ce pour faire face \u00e0 la propagation du coronavirus.","og_url":"https:\/\/kapitalis.com\/tunisie\/2021\/07\/05\/coronavirus-confinement-general-a-kasserine-jusquau-11-juillet\/","og_site_name":"Kapitalis","article_publisher":"https:\/\/www.facebook.com\/KapitalisInfo\/","article_published_time":"2021-07-05T14:25:26+00:00","article_modified_time":"2021-07-05T14:30:31+00:00","og_image":[{"url":"http:\/\/kapitalis.com\/tunisie\/wp-content\/uploads\/2020\/03\/Kasserine.jpg","type":"","width":"","height":""}],"author":"Yusra NY","twitter_card":"summary_large_image","twitter_creator":"@KapitalisInfo","twitter_site":"@KapitalisInfo","twitter_misc":{"\u00c9crit par":"Yusra NY","Dur\u00e9e de lecture estim\u00e9e":"1 minute"},"schema":{"@context":"https:\/\/schema.org","@graph":[{"@type":"Article","@id":"https:\/\/kapitalis.com\/tunisie\/2021\/07\/05\/coronavirus-confinement-general-a-kasserine-jusquau-11-juillet\/#article","isPartOf":{"@id":"https:\/\/kapitalis.com\/tunisie\/2021\/07\/05\/coronavirus-confinement-general-a-kasserine-jusquau-11-juillet\/"},"author":{"name":"Yusra NY","@id":"https:\/\/kapitalis.com\/tunisie\/#\/schema\/person\/74bbde0154d49d790a92aaeac5bc01d5"},"headline":"Coronavirus : Confinement g\u00e9n\u00e9ral \u00e0 Kasserine jusqu&rsquo;au 11 juillet","datePublished":"2021-07-05T14:25:26+00:00","dateModified":"2021-07-05T14:30:31+00:00","mainEntityOfPage":{"@id":"https:\/\/kapitalis.com\/tunisie\/2021\/07\/05\/coronavirus-confinement-general-a-kasserine-jusquau-11-juillet\/"},"wordCount":214,"commentCount":0,"publisher":{"@id":"https:\/\/kapitalis.com\/tunisie\/#organization"},"image":{"@id":"https:\/\/kapitalis.com\/tunisie\/2021\/07\/05\/coronavirus-confinement-general-a-kasserine-jusquau-11-juillet\/#primaryimage"},"thumbnailUrl":"http:\/\/kapitalis.com\/tunisie\/wp-content\/uploads\/2020\/03\/Kasserine.jpg","keywords":["confinement","Coronavirus","covid","Kasserine"],"articleSection":["SOCIETE","Tunisie"],"inLanguage":"fr-FR","potentialAction":[{"@type":"CommentAction","name":"Comment","target":["https:\/\/kapitalis.com\/tunisie\/2021\/07\/05\/coronavirus-confinement-general-a-kasserine-jusquau-11-juillet\/#respond"]}]},{"@type":"WebPage","@id":"https:\/\/kapitalis.com\/tunisie\/2021\/07\/05\/coronavirus-confinement-general-a-kasserine-jusquau-11-juillet\/","url":"https:\/\/kapitalis.com\/tunisie\/2021\/07\/05\/coronavirus-confinement-general-a-kasserine-jusquau-11-juillet\/","name":"Coronavirus : Confinement g\u00e9n\u00e9ral \u00e0 Kasserine jusqu'au 11 juillet - Kapitalis","isPartOf":{"@id":"https:\/\/kapitalis.com\/tunisie\/#website"},"primaryImageOfPage":{"@id":"https:\/\/kapitalis.com\/tunisie\/2021\/07\/05\/coronavirus-confinement-general-a-kasserine-jusquau-11-juillet\/#primaryimage"},"image":{"@id":"https:\/\/kapitalis.com\/tunisie\/2021\/07\/05\/coronavirus-confinement-general-a-kasserine-jusquau-11-juillet\/#primaryimage"},"thumbnailUrl":"http:\/\/kapitalis.com\/tunisie\/wp-content\/uploads\/2020\/03\/Kasserine.jpg","datePublished":"2021-07-05T14:25:26+00:00","dateModified":"2021-07-05T14:30:31+00:00","breadcrumb":{"@id":"https:\/\/kapitalis.com\/tunisie\/2021\/07\/05\/coronavirus-confinement-general-a-kasserine-jusquau-11-juillet\/#breadcrumb"},"inLanguage":"fr-FR","potentialAction":[{"@type":"ReadAction","target":["https:\/\/kapitalis.com\/tunisie\/2021\/07\/05\/coronavirus-confinement-general-a-kasserine-jusquau-11-juillet\/"]}]},{"@type":"ImageObject","inLanguage":"fr-FR","@id":"https:\/\/kapitalis.com\/tunisie\/2021\/07\/05\/coronavirus-confinement-general-a-kasserine-jusquau-11-juillet\/#primaryimage","url":"","contentUrl":""},{"@type":"BreadcrumbList","@id":"https:\/\/kapitalis.com\/tunisie\/2021\/07\/05\/coronavirus-confinement-general-a-kasserine-jusquau-11-juillet\/#breadcrumb","itemListElement":[{"@type":"ListItem","position":1,"name":"Accueil","item":"https:\/\/kapitalis.com\/tunisie\/"},{"@type":"ListItem","position":2,"name":"Coronavirus : Confinement g\u00e9n\u00e9ral \u00e0 Kasserine jusqu&rsquo;au 11 juillet"}]},{"@type":"WebSite","@id":"https:\/\/kapitalis.com\/tunisie\/#website","url":"https:\/\/kapitalis.com\/tunisie\/","name":"Kapitalis","description":"L&#039;actualit\u00e9 en Tunisie et dans le monde","publisher":{"@id":"https:\/\/kapitalis.com\/tunisie\/#organization"},"potentialAction":[{"@type":"SearchAction","target":{"@type":"EntryPoint","urlTemplate":"https:\/\/kapitalis.com\/tunisie\/?s={search_term_string}"},"query-input":{"@type":"PropertyValueSpecification","valueRequired":true,"valueName":"search_term_string"}}],"inLanguage":"fr-FR"},{"@type":"Organization","@id":"https:\/\/kapitalis.com\/tunisie\/#organization","name":"Kapitalis","url":"https:\/\/kapitalis.com\/tunisie\/","logo":{"@type":"ImageObject","inLanguage":"fr-FR","@id":"https:\/\/kapitalis.com\/tunisie\/#\/schema\/logo\/image\/","url":"https:\/\/kapitalis.com\/tunisie\/wp-content\/uploads\/2022\/05\/Kapitalis-big-size.png","contentUrl":"https:\/\/kapitalis.com\/tunisie\/wp-content\/uploads\/2022\/05\/Kapitalis-big-size.png","width":5000,"height":1500,"caption":"Kapitalis"},"image":{"@id":"https:\/\/kapitalis.com\/tunisie\/#\/schema\/logo\/image\/"},"sameAs":["https:\/\/www.facebook.com\/KapitalisInfo\/","https:\/\/x.com\/KapitalisInfo","https:\/\/www.youtube.com\/channel\/UC-yDYrHyfFBWWZaOw3FPg9Q"]},{"@type":"Person","@id":"https:\/\/kapitalis.com\/tunisie\/#\/schema\/person\/74bbde0154d49d790a92aaeac5bc01d5","name":"Yusra NY","url":"https:\/\/kapitalis.com\/tunisie\/author\/yuza_adam\/"}]}},"_links":{"self":[{"href":"https:\/\/kapitalis.com\/tunisie\/wp-json\/wp\/v2\/posts\/355229","targetHints":{"allow":["GET"]}}],"collection":[{"href":"https:\/\/kapitalis.com\/tunisie\/wp-json\/wp\/v2\/posts"}],"about":[{"href":"https:\/\/kapitalis.com\/tunisie\/wp-json\/wp\/v2\/types\/post"}],"author":[{"embeddable":true,"href":"https:\/\/kapitalis.com\/tunisie\/wp-json\/wp\/v2\/users\/6"}],"replies":[{"embeddable":true,"href":"https:\/\/kapitalis.com\/tunisie\/wp-json\/wp\/v2\/comments?post=355229"}],"version-history":[{"count":0,"href":"https:\/\/kapitalis.com\/tunisie\/wp-json\/wp\/v2\/posts\/355229\/revisions"}],"wp:attachment":[{"href":"https:\/\/kapitalis.com\/tunisie\/wp-json\/wp\/v2\/media?parent=355229"}],"wp:term":[{"taxonomy":"category","embeddable":true,"href":"https:\/\/kapitalis.com\/tunisie\/wp-json\/wp\/v2\/categories?post=355229"},{"taxonomy":"post_tag","embeddable":true,"href":"https:\/\/kapitalis.com\/tunisie\/wp-json\/wp\/v2\/tags?post=355229"}],"curies":[{"name":"wp","href":"https:\/\/api.w.org\/{rel}","templated":true}]}}