{"id":355268,"date":"2021-07-05T22:24:20","date_gmt":"2021-07-05T21:24:20","guid":{"rendered":"http:\/\/kapitalis.com\/tunisie\/?p=355268"},"modified":"2021-07-05T22:26:56","modified_gmt":"2021-07-05T21:26:56","slug":"violence-et-impunite-au-parlement-le-bloc-de-la-reforme-boycotte-les-travaux-du-bureau-de-larp","status":"publish","type":"post","link":"https:\/\/kapitalis.com\/tunisie\/2021\/07\/05\/violence-et-impunite-au-parlement-le-bloc-de-la-reforme-boycotte-les-travaux-du-bureau-de-larp\/","title":{"rendered":"Violence et impunit\u00e9 au parlement : Le Bloc de la Reforme boycotte les travaux du bureau de l&rsquo;ARP"},"content":{"rendered":"\n<div class=\"wp-block-image\"><figure class=\"aligncenter size-large\"><img decoding=\"async\" src=\"http:\/\/kapitalis.com\/tunisie\/wp-content\/uploads\/2021\/06\/Smara-Moussi-agression.jpg\" alt=\"\" class=\"wp-image-354714\"\/><\/figure><\/div>\n\n\n\n<p><strong><em>Le Bloc de la Reforme a d\u00e9cid\u00e9 de boycotter les travaux du bureau de l&rsquo;Assembl\u00e9e des repr\u00e9sentants du peuple (ARP) et ce, jusqu&rsquo;\u00e0 ce que les d\u00e9put\u00e9s Sahbi Smara et Seifeddine Makhlouf qui ont agress\u00e9, mercredi dernier, la pr\u00e9sidente du PDL, Abir Moussi soient poursuivis en justice.<\/em><\/strong><\/p>\n\n\n\n<!--more-->\n\n\n\n<p>En effet, ce bloc pr\u00e9sid\u00e9 par Hassouna Nasfi a d\u00e9nonc\u00e9 le communiqu\u00e9, publi\u00e9 ce lundi 5 juillet 2021, par le bureau de l&rsquo;Assembl\u00e9e, faisant suite \u00e0 cette affaire d&rsquo;agression et affirmant que les d\u00e9put\u00e9s concern\u00e9s seront soumis \u00e0 la sanction maximale pr\u00e9vue par le r\u00e8glement int\u00e9rieur (privation de prise de parole), sans d\u00e9cider quelconque poursuite judiciaire.<\/p>\n\n\n\n<p>\u00ab<em>Suite \u00e0 sa r\u00e9union, le bureau de l&rsquo;Assembl\u00e9e a encore une fois cherch\u00e9 \u00e0 noyer cette affaire de violence, sans lui donner l\u2019importance qui se doit, et le pr\u00e9sident de l&rsquo;Assembl\u00e9e n&rsquo;a pas jug\u00e9 utile de porter plainte, se contentant de publier un simple communiqu\u00e9, pour d\u00e9noncer de la m\u00eame mani\u00e8re la protestation et la violence physique<\/em>\u00bb, a d\u00e9plor\u00e9 le bloc de la R\u00e9forme, en annon\u00e7ant avoir d\u00e9cid\u00e9 de boycotter les travaux du bureau de l&rsquo;ARP, ainsi que les r\u00e9unions des chefs de blocs parlementaires.<\/p>\n\n\n\n<p>Rappelons que Sahbi Smara (ind\u00e9pendant, ancien Al-Karama) et Seifeddine Makhlouf (pr\u00e9sident de la coalition Al-karama) ont agress\u00e9, le m\u00eame jour et au sein du parlement, la pr\u00e9sident du Parti destourien libre (PDL), Abir Moussi. Les deux sc\u00e8nes de violences ont \u00e9t\u00e9 film\u00e9es et diffus\u00e9es sur les r\u00e9seaux sociaux et par les m\u00e9dias mais n(ont pas \u00e9t\u00e9 inqui\u00e9t\u00e9s.<\/p>\n\n\n\n<p>De nombreux partis, parties et organisations ont exprim\u00e9 leur solidarit\u00e9 avec Abir Moussi et appel\u00e9 \u00e0 retirer l&rsquo;immunit\u00e9 aux d\u00e9put\u00e9s agresseurs et \u00e0 les poursuivre en justice\u2026 le bureau de l&rsquo;Assembl\u00e9e s&rsquo;est, quant \u00e0 lui, content\u00e9 de publier un communiqu\u00e9 pour d\u00e9noncer toute forme d&rsquo;agression en affirmant que Smara et Makhlouf seront sanctionn\u00e9s en vertu du r\u00e8glement int\u00e9rieur\u2026<\/p>\n\n\n\n<p class=\"has-text-align-right\"><strong>Y. N.<\/strong><\/p>\n\n\n\n<figure class=\"wp-block-embed is-type-wp-embed is-provider-kapitalis wp-block-embed-kapitalis\"><div class=\"wp-block-embed__wrapper\">\n<blockquote class=\"wp-embedded-content\" data-secret=\"UdLELYQHDW\"><a href=\"https:\/\/kapitalis.com\/tunisie\/2021\/07\/01\/moussi-agressee-par-smara-et-makhlouf-la-ltdh-appelle-le-ministere-public-a-intervenir\/\">Moussi agress\u00e9e par Smara et Makhlouf : La LTDH appelle le minist\u00e8re public \u00e0 intervenir<\/a><\/blockquote><iframe loading=\"lazy\" class=\"wp-embedded-content\" sandbox=\"allow-scripts\" security=\"restricted\" style=\"position: absolute; clip: rect(1px, 1px, 1px, 1px);\" title=\"\u00ab\u00a0Moussi agress\u00e9e par Smara et Makhlouf : La LTDH appelle le minist\u00e8re public \u00e0 intervenir\u00a0\u00bb &#8212; Kapitalis\" src=\"https:\/\/kapitalis.com\/tunisie\/2021\/07\/01\/moussi-agressee-par-smara-et-makhlouf-la-ltdh-appelle-le-ministere-public-a-intervenir\/embed\/#?secret=HxWmi37vBC#?secret=UdLELYQHDW\" data-secret=\"UdLELYQHDW\" width=\"600\" height=\"338\" frameborder=\"0\" marginwidth=\"0\" marginheight=\"0\" scrolling=\"no\"><\/iframe>\n<\/div><\/figure>\n\n\n\n<figure class=\"wp-block-embed is-type-wp-embed is-provider-kapitalis wp-block-embed-kapitalis\"><div class=\"wp-block-embed__wrapper\">\n<blockquote class=\"wp-embedded-content\" data-secret=\"yZasLPiWH8\"><a href=\"https:\/\/kapitalis.com\/tunisie\/2021\/06\/30\/assemblee-apres-smara-makhlouf-agresse-a-son-tour-abir-moussi-video\/\">Assembl\u00e9e : Apr\u00e8s Smara, Makhlouf agresse \u00e0 son tour Abir Moussi ! (Vid\u00e9o)<\/a><\/blockquote><iframe loading=\"lazy\" class=\"wp-embedded-content\" sandbox=\"allow-scripts\" security=\"restricted\" style=\"position: absolute; clip: rect(1px, 1px, 1px, 1px);\" title=\"\u00ab\u00a0Assembl\u00e9e : Apr\u00e8s Smara, Makhlouf agresse \u00e0 son tour Abir Moussi ! (Vid\u00e9o)\u00a0\u00bb &#8212; Kapitalis\" src=\"https:\/\/kapitalis.com\/tunisie\/2021\/06\/30\/assemblee-apres-smara-makhlouf-agresse-a-son-tour-abir-moussi-video\/embed\/#?secret=notlq9Bnmn#?secret=yZasLPiWH8\" data-secret=\"yZasLPiWH8\" width=\"600\" height=\"338\" frameborder=\"0\" marginwidth=\"0\" marginheight=\"0\" scrolling=\"no\"><\/iframe>\n<\/div><\/figure>\n","protected":false},"excerpt":{"rendered":"<p>Le Bloc de la Reforme a d\u00e9cid\u00e9 de boycotter les travaux du bureau de l&rsquo;Assembl\u00e9e des repr\u00e9sentants du peuple (ARP) et ce, jusqu&rsquo;\u00e0 ce que les d\u00e9put\u00e9s Sahbi Smara et Seifeddine Makhlouf qui ont agress\u00e9, mercredi dernier, la pr\u00e9sidente du PDL, Abir Moussi soient poursuivis en justice.<\/p>\n","protected":false},"author":6,"featured_media":0,"comment_status":"open","ping_status":"open","sticky":false,"template":"","format":"standard","meta":{"footnotes":""},"categories":[997,2433],"tags":[15144,93,75598,91789,413,12461,64355,80722,91705],"class_list":["post-355268","post","type-post","status-publish","format-standard","hentry","category-politique","category-tunisie","tag-abir-moussi","tag-assemblee","tag-bloc-de-la-reforme","tag-bureau-arp","tag-ghannouchi","tag-hassouna-nasfi","tag-justice","tag-makhlouf","tag-smara"],"yoast_head":"<!-- This site is optimized with the Yoast SEO plugin v26.6 - https:\/\/yoast.com\/wordpress\/plugins\/seo\/ -->\n<title>Violence et impunit\u00e9 au parlement : Le Bloc de la Reforme boycotte les travaux du bureau de l&#039;ARP - Kapitalis<\/title>\n<meta name=\"robots\" content=\"index, follow, max-snippet:-1, max-image-preview:large, max-video-preview:-1\" \/>\n<link rel=\"canonical\" href=\"https:\/\/kapitalis.com\/tunisie\/2021\/07\/05\/violence-et-impunite-au-parlement-le-bloc-de-la-reforme-boycotte-les-travaux-du-bureau-de-larp\/\" \/>\n<meta property=\"og:locale\" content=\"fr_FR\" \/>\n<meta property=\"og:type\" content=\"article\" \/>\n<meta property=\"og:title\" content=\"Violence et impunit\u00e9 au parlement : Le Bloc de la Reforme boycotte les travaux du bureau de l&#039;ARP - Kapitalis\" \/>\n<meta property=\"og:description\" content=\"Le Bloc de la Reforme a d\u00e9cid\u00e9 de boycotter les travaux du bureau de l&rsquo;Assembl\u00e9e des repr\u00e9sentants du peuple (ARP) et ce, jusqu&rsquo;\u00e0 ce que les d\u00e9put\u00e9s Sahbi Smara et Seifeddine Makhlouf qui ont agress\u00e9, mercredi dernier, la pr\u00e9sidente du PDL, Abir Moussi soient poursuivis en justice.\" \/>\n<meta property=\"og:url\" content=\"https:\/\/kapitalis.com\/tunisie\/2021\/07\/05\/violence-et-impunite-au-parlement-le-bloc-de-la-reforme-boycotte-les-travaux-du-bureau-de-larp\/\" \/>\n<meta property=\"og:site_name\" content=\"Kapitalis\" \/>\n<meta property=\"article:publisher\" content=\"https:\/\/www.facebook.com\/KapitalisInfo\/\" \/>\n<meta property=\"article:published_time\" content=\"2021-07-05T21:24:20+00:00\" \/>\n<meta property=\"article:modified_time\" content=\"2021-07-05T21:26:56+00:00\" \/>\n<meta property=\"og:image\" content=\"http:\/\/kapitalis.com\/tunisie\/wp-content\/uploads\/2021\/06\/Smara-Moussi-agression.jpg\" \/>\n<meta name=\"author\" content=\"Yusra NY\" \/>\n<meta name=\"twitter:card\" content=\"summary_large_image\" \/>\n<meta name=\"twitter:creator\" content=\"@KapitalisInfo\" \/>\n<meta name=\"twitter:site\" content=\"@KapitalisInfo\" \/>\n<meta name=\"twitter:label1\" content=\"\u00c9crit par\" \/>\n\t<meta name=\"twitter:data1\" content=\"Yusra NY\" \/>\n\t<meta name=\"twitter:label2\" content=\"Dur\u00e9e de lecture estim\u00e9e\" \/>\n\t<meta name=\"twitter:data2\" content=\"2 minutes\" \/>\n<script type=\"application\/ld+json\" class=\"yoast-schema-graph\">{\"@context\":\"https:\/\/schema.org\",\"@graph\":[{\"@type\":\"Article\",\"@id\":\"https:\/\/kapitalis.com\/tunisie\/2021\/07\/05\/violence-et-impunite-au-parlement-le-bloc-de-la-reforme-boycotte-les-travaux-du-bureau-de-larp\/#article\",\"isPartOf\":{\"@id\":\"https:\/\/kapitalis.com\/tunisie\/2021\/07\/05\/violence-et-impunite-au-parlement-le-bloc-de-la-reforme-boycotte-les-travaux-du-bureau-de-larp\/\"},\"author\":{\"name\":\"Yusra NY\",\"@id\":\"https:\/\/kapitalis.com\/tunisie\/#\/schema\/person\/74bbde0154d49d790a92aaeac5bc01d5\"},\"headline\":\"Violence et impunit\u00e9 au parlement : Le Bloc de la Reforme boycotte les travaux du bureau de l&rsquo;ARP\",\"datePublished\":\"2021-07-05T21:24:20+00:00\",\"dateModified\":\"2021-07-05T21:26:56+00:00\",\"mainEntityOfPage\":{\"@id\":\"https:\/\/kapitalis.com\/tunisie\/2021\/07\/05\/violence-et-impunite-au-parlement-le-bloc-de-la-reforme-boycotte-les-travaux-du-bureau-de-larp\/\"},\"wordCount\":371,\"commentCount\":0,\"publisher\":{\"@id\":\"https:\/\/kapitalis.com\/tunisie\/#organization\"},\"image\":{\"@id\":\"https:\/\/kapitalis.com\/tunisie\/2021\/07\/05\/violence-et-impunite-au-parlement-le-bloc-de-la-reforme-boycotte-les-travaux-du-bureau-de-larp\/#primaryimage\"},\"thumbnailUrl\":\"http:\/\/kapitalis.com\/tunisie\/wp-content\/uploads\/2021\/06\/Smara-Moussi-agression.jpg\",\"keywords\":[\"Abir Moussi\",\"Assembl\u00e9e\",\"bloc de la R\u00e9forme\",\"bureau ARP\",\"ghannouchi\",\"Hassouna NAsfi\",\"justice\",\"Makhlouf\",\"Smara\"],\"articleSection\":[\"POLITIQUE\",\"Tunisie\"],\"inLanguage\":\"fr-FR\",\"potentialAction\":[{\"@type\":\"CommentAction\",\"name\":\"Comment\",\"target\":[\"https:\/\/kapitalis.com\/tunisie\/2021\/07\/05\/violence-et-impunite-au-parlement-le-bloc-de-la-reforme-boycotte-les-travaux-du-bureau-de-larp\/#respond\"]}]},{\"@type\":\"WebPage\",\"@id\":\"https:\/\/kapitalis.com\/tunisie\/2021\/07\/05\/violence-et-impunite-au-parlement-le-bloc-de-la-reforme-boycotte-les-travaux-du-bureau-de-larp\/\",\"url\":\"https:\/\/kapitalis.com\/tunisie\/2021\/07\/05\/violence-et-impunite-au-parlement-le-bloc-de-la-reforme-boycotte-les-travaux-du-bureau-de-larp\/\",\"name\":\"Violence et impunit\u00e9 au parlement : Le Bloc de la Reforme boycotte les travaux du bureau de l'ARP - Kapitalis\",\"isPartOf\":{\"@id\":\"https:\/\/kapitalis.com\/tunisie\/#website\"},\"primaryImageOfPage\":{\"@id\":\"https:\/\/kapitalis.com\/tunisie\/2021\/07\/05\/violence-et-impunite-au-parlement-le-bloc-de-la-reforme-boycotte-les-travaux-du-bureau-de-larp\/#primaryimage\"},\"image\":{\"@id\":\"https:\/\/kapitalis.com\/tunisie\/2021\/07\/05\/violence-et-impunite-au-parlement-le-bloc-de-la-reforme-boycotte-les-travaux-du-bureau-de-larp\/#primaryimage\"},\"thumbnailUrl\":\"http:\/\/kapitalis.com\/tunisie\/wp-content\/uploads\/2021\/06\/Smara-Moussi-agression.jpg\",\"datePublished\":\"2021-07-05T21:24:20+00:00\",\"dateModified\":\"2021-07-05T21:26:56+00:00\",\"breadcrumb\":{\"@id\":\"https:\/\/kapitalis.com\/tunisie\/2021\/07\/05\/violence-et-impunite-au-parlement-le-bloc-de-la-reforme-boycotte-les-travaux-du-bureau-de-larp\/#breadcrumb\"},\"inLanguage\":\"fr-FR\",\"potentialAction\":[{\"@type\":\"ReadAction\",\"target\":[\"https:\/\/kapitalis.com\/tunisie\/2021\/07\/05\/violence-et-impunite-au-parlement-le-bloc-de-la-reforme-boycotte-les-travaux-du-bureau-de-larp\/\"]}]},{\"@type\":\"ImageObject\",\"inLanguage\":\"fr-FR\",\"@id\":\"https:\/\/kapitalis.com\/tunisie\/2021\/07\/05\/violence-et-impunite-au-parlement-le-bloc-de-la-reforme-boycotte-les-travaux-du-bureau-de-larp\/#primaryimage\",\"url\":\"\",\"contentUrl\":\"\"},{\"@type\":\"BreadcrumbList\",\"@id\":\"https:\/\/kapitalis.com\/tunisie\/2021\/07\/05\/violence-et-impunite-au-parlement-le-bloc-de-la-reforme-boycotte-les-travaux-du-bureau-de-larp\/#breadcrumb\",\"itemListElement\":[{\"@type\":\"ListItem\",\"position\":1,\"name\":\"Accueil\",\"item\":\"https:\/\/kapitalis.com\/tunisie\/\"},{\"@type\":\"ListItem\",\"position\":2,\"name\":\"Violence et impunit\u00e9 au parlement : Le Bloc de la Reforme boycotte les travaux du bureau de l&rsquo;ARP\"}]},{\"@type\":\"WebSite\",\"@id\":\"https:\/\/kapitalis.com\/tunisie\/#website\",\"url\":\"https:\/\/kapitalis.com\/tunisie\/\",\"name\":\"Kapitalis\",\"description\":\"L&#039;actualit\u00e9 en Tunisie et dans le monde\",\"publisher\":{\"@id\":\"https:\/\/kapitalis.com\/tunisie\/#organization\"},\"potentialAction\":[{\"@type\":\"SearchAction\",\"target\":{\"@type\":\"EntryPoint\",\"urlTemplate\":\"https:\/\/kapitalis.com\/tunisie\/?s={search_term_string}\"},\"query-input\":{\"@type\":\"PropertyValueSpecification\",\"valueRequired\":true,\"valueName\":\"search_term_string\"}}],\"inLanguage\":\"fr-FR\"},{\"@type\":\"Organization\",\"@id\":\"https:\/\/kapitalis.com\/tunisie\/#organization\",\"name\":\"Kapitalis\",\"url\":\"https:\/\/kapitalis.com\/tunisie\/\",\"logo\":{\"@type\":\"ImageObject\",\"inLanguage\":\"fr-FR\",\"@id\":\"https:\/\/kapitalis.com\/tunisie\/#\/schema\/logo\/image\/\",\"url\":\"https:\/\/kapitalis.com\/tunisie\/wp-content\/uploads\/2022\/05\/Kapitalis-big-size.png\",\"contentUrl\":\"https:\/\/kapitalis.com\/tunisie\/wp-content\/uploads\/2022\/05\/Kapitalis-big-size.png\",\"width\":5000,\"height\":1500,\"caption\":\"Kapitalis\"},\"image\":{\"@id\":\"https:\/\/kapitalis.com\/tunisie\/#\/schema\/logo\/image\/\"},\"sameAs\":[\"https:\/\/www.facebook.com\/KapitalisInfo\/\",\"https:\/\/x.com\/KapitalisInfo\",\"https:\/\/www.youtube.com\/channel\/UC-yDYrHyfFBWWZaOw3FPg9Q\"]},{\"@type\":\"Person\",\"@id\":\"https:\/\/kapitalis.com\/tunisie\/#\/schema\/person\/74bbde0154d49d790a92aaeac5bc01d5\",\"name\":\"Yusra NY\",\"url\":\"https:\/\/kapitalis.com\/tunisie\/author\/yuza_adam\/\"}]}<\/script>\n<!-- \/ Yoast SEO plugin. -->","yoast_head_json":{"title":"Violence et impunit\u00e9 au parlement : Le Bloc de la Reforme boycotte les travaux du bureau de l'ARP - Kapitalis","robots":{"index":"index","follow":"follow","max-snippet":"max-snippet:-1","max-image-preview":"max-image-preview:large","max-video-preview":"max-video-preview:-1"},"canonical":"https:\/\/kapitalis.com\/tunisie\/2021\/07\/05\/violence-et-impunite-au-parlement-le-bloc-de-la-reforme-boycotte-les-travaux-du-bureau-de-larp\/","og_locale":"fr_FR","og_type":"article","og_title":"Violence et impunit\u00e9 au parlement : Le Bloc de la Reforme boycotte les travaux du bureau de l'ARP - Kapitalis","og_description":"Le Bloc de la Reforme a d\u00e9cid\u00e9 de boycotter les travaux du bureau de l&rsquo;Assembl\u00e9e des repr\u00e9sentants du peuple (ARP) et ce, jusqu&rsquo;\u00e0 ce que les d\u00e9put\u00e9s Sahbi Smara et Seifeddine Makhlouf qui ont agress\u00e9, mercredi dernier, la pr\u00e9sidente du PDL, Abir Moussi soient poursuivis en justice.","og_url":"https:\/\/kapitalis.com\/tunisie\/2021\/07\/05\/violence-et-impunite-au-parlement-le-bloc-de-la-reforme-boycotte-les-travaux-du-bureau-de-larp\/","og_site_name":"Kapitalis","article_publisher":"https:\/\/www.facebook.com\/KapitalisInfo\/","article_published_time":"2021-07-05T21:24:20+00:00","article_modified_time":"2021-07-05T21:26:56+00:00","og_image":[{"url":"http:\/\/kapitalis.com\/tunisie\/wp-content\/uploads\/2021\/06\/Smara-Moussi-agression.jpg","type":"","width":"","height":""}],"author":"Yusra NY","twitter_card":"summary_large_image","twitter_creator":"@KapitalisInfo","twitter_site":"@KapitalisInfo","twitter_misc":{"\u00c9crit par":"Yusra NY","Dur\u00e9e de lecture estim\u00e9e":"2 minutes"},"schema":{"@context":"https:\/\/schema.org","@graph":[{"@type":"Article","@id":"https:\/\/kapitalis.com\/tunisie\/2021\/07\/05\/violence-et-impunite-au-parlement-le-bloc-de-la-reforme-boycotte-les-travaux-du-bureau-de-larp\/#article","isPartOf":{"@id":"https:\/\/kapitalis.com\/tunisie\/2021\/07\/05\/violence-et-impunite-au-parlement-le-bloc-de-la-reforme-boycotte-les-travaux-du-bureau-de-larp\/"},"author":{"name":"Yusra NY","@id":"https:\/\/kapitalis.com\/tunisie\/#\/schema\/person\/74bbde0154d49d790a92aaeac5bc01d5"},"headline":"Violence et impunit\u00e9 au parlement : Le Bloc de la Reforme boycotte les travaux du bureau de l&rsquo;ARP","datePublished":"2021-07-05T21:24:20+00:00","dateModified":"2021-07-05T21:26:56+00:00","mainEntityOfPage":{"@id":"https:\/\/kapitalis.com\/tunisie\/2021\/07\/05\/violence-et-impunite-au-parlement-le-bloc-de-la-reforme-boycotte-les-travaux-du-bureau-de-larp\/"},"wordCount":371,"commentCount":0,"publisher":{"@id":"https:\/\/kapitalis.com\/tunisie\/#organization"},"image":{"@id":"https:\/\/kapitalis.com\/tunisie\/2021\/07\/05\/violence-et-impunite-au-parlement-le-bloc-de-la-reforme-boycotte-les-travaux-du-bureau-de-larp\/#primaryimage"},"thumbnailUrl":"http:\/\/kapitalis.com\/tunisie\/wp-content\/uploads\/2021\/06\/Smara-Moussi-agression.jpg","keywords":["Abir Moussi","Assembl\u00e9e","bloc de la R\u00e9forme","bureau ARP","ghannouchi","Hassouna NAsfi","justice","Makhlouf","Smara"],"articleSection":["POLITIQUE","Tunisie"],"inLanguage":"fr-FR","potentialAction":[{"@type":"CommentAction","name":"Comment","target":["https:\/\/kapitalis.com\/tunisie\/2021\/07\/05\/violence-et-impunite-au-parlement-le-bloc-de-la-reforme-boycotte-les-travaux-du-bureau-de-larp\/#respond"]}]},{"@type":"WebPage","@id":"https:\/\/kapitalis.com\/tunisie\/2021\/07\/05\/violence-et-impunite-au-parlement-le-bloc-de-la-reforme-boycotte-les-travaux-du-bureau-de-larp\/","url":"https:\/\/kapitalis.com\/tunisie\/2021\/07\/05\/violence-et-impunite-au-parlement-le-bloc-de-la-reforme-boycotte-les-travaux-du-bureau-de-larp\/","name":"Violence et impunit\u00e9 au parlement : Le Bloc de la Reforme boycotte les travaux du bureau de l'ARP - Kapitalis","isPartOf":{"@id":"https:\/\/kapitalis.com\/tunisie\/#website"},"primaryImageOfPage":{"@id":"https:\/\/kapitalis.com\/tunisie\/2021\/07\/05\/violence-et-impunite-au-parlement-le-bloc-de-la-reforme-boycotte-les-travaux-du-bureau-de-larp\/#primaryimage"},"image":{"@id":"https:\/\/kapitalis.com\/tunisie\/2021\/07\/05\/violence-et-impunite-au-parlement-le-bloc-de-la-reforme-boycotte-les-travaux-du-bureau-de-larp\/#primaryimage"},"thumbnailUrl":"http:\/\/kapitalis.com\/tunisie\/wp-content\/uploads\/2021\/06\/Smara-Moussi-agression.jpg","datePublished":"2021-07-05T21:24:20+00:00","dateModified":"2021-07-05T21:26:56+00:00","breadcrumb":{"@id":"https:\/\/kapitalis.com\/tunisie\/2021\/07\/05\/violence-et-impunite-au-parlement-le-bloc-de-la-reforme-boycotte-les-travaux-du-bureau-de-larp\/#breadcrumb"},"inLanguage":"fr-FR","potentialAction":[{"@type":"ReadAction","target":["https:\/\/kapitalis.com\/tunisie\/2021\/07\/05\/violence-et-impunite-au-parlement-le-bloc-de-la-reforme-boycotte-les-travaux-du-bureau-de-larp\/"]}]},{"@type":"ImageObject","inLanguage":"fr-FR","@id":"https:\/\/kapitalis.com\/tunisie\/2021\/07\/05\/violence-et-impunite-au-parlement-le-bloc-de-la-reforme-boycotte-les-travaux-du-bureau-de-larp\/#primaryimage","url":"","contentUrl":""},{"@type":"BreadcrumbList","@id":"https:\/\/kapitalis.com\/tunisie\/2021\/07\/05\/violence-et-impunite-au-parlement-le-bloc-de-la-reforme-boycotte-les-travaux-du-bureau-de-larp\/#breadcrumb","itemListElement":[{"@type":"ListItem","position":1,"name":"Accueil","item":"https:\/\/kapitalis.com\/tunisie\/"},{"@type":"ListItem","position":2,"name":"Violence et impunit\u00e9 au parlement : Le Bloc de la Reforme boycotte les travaux du bureau de l&rsquo;ARP"}]},{"@type":"WebSite","@id":"https:\/\/kapitalis.com\/tunisie\/#website","url":"https:\/\/kapitalis.com\/tunisie\/","name":"Kapitalis","description":"L&#039;actualit\u00e9 en Tunisie et dans le monde","publisher":{"@id":"https:\/\/kapitalis.com\/tunisie\/#organization"},"potentialAction":[{"@type":"SearchAction","target":{"@type":"EntryPoint","urlTemplate":"https:\/\/kapitalis.com\/tunisie\/?s={search_term_string}"},"query-input":{"@type":"PropertyValueSpecification","valueRequired":true,"valueName":"search_term_string"}}],"inLanguage":"fr-FR"},{"@type":"Organization","@id":"https:\/\/kapitalis.com\/tunisie\/#organization","name":"Kapitalis","url":"https:\/\/kapitalis.com\/tunisie\/","logo":{"@type":"ImageObject","inLanguage":"fr-FR","@id":"https:\/\/kapitalis.com\/tunisie\/#\/schema\/logo\/image\/","url":"https:\/\/kapitalis.com\/tunisie\/wp-content\/uploads\/2022\/05\/Kapitalis-big-size.png","contentUrl":"https:\/\/kapitalis.com\/tunisie\/wp-content\/uploads\/2022\/05\/Kapitalis-big-size.png","width":5000,"height":1500,"caption":"Kapitalis"},"image":{"@id":"https:\/\/kapitalis.com\/tunisie\/#\/schema\/logo\/image\/"},"sameAs":["https:\/\/www.facebook.com\/KapitalisInfo\/","https:\/\/x.com\/KapitalisInfo","https:\/\/www.youtube.com\/channel\/UC-yDYrHyfFBWWZaOw3FPg9Q"]},{"@type":"Person","@id":"https:\/\/kapitalis.com\/tunisie\/#\/schema\/person\/74bbde0154d49d790a92aaeac5bc01d5","name":"Yusra NY","url":"https:\/\/kapitalis.com\/tunisie\/author\/yuza_adam\/"}]}},"_links":{"self":[{"href":"https:\/\/kapitalis.com\/tunisie\/wp-json\/wp\/v2\/posts\/355268","targetHints":{"allow":["GET"]}}],"collection":[{"href":"https:\/\/kapitalis.com\/tunisie\/wp-json\/wp\/v2\/posts"}],"about":[{"href":"https:\/\/kapitalis.com\/tunisie\/wp-json\/wp\/v2\/types\/post"}],"author":[{"embeddable":true,"href":"https:\/\/kapitalis.com\/tunisie\/wp-json\/wp\/v2\/users\/6"}],"replies":[{"embeddable":true,"href":"https:\/\/kapitalis.com\/tunisie\/wp-json\/wp\/v2\/comments?post=355268"}],"version-history":[{"count":0,"href":"https:\/\/kapitalis.com\/tunisie\/wp-json\/wp\/v2\/posts\/355268\/revisions"}],"wp:attachment":[{"href":"https:\/\/kapitalis.com\/tunisie\/wp-json\/wp\/v2\/media?parent=355268"}],"wp:term":[{"taxonomy":"category","embeddable":true,"href":"https:\/\/kapitalis.com\/tunisie\/wp-json\/wp\/v2\/categories?post=355268"},{"taxonomy":"post_tag","embeddable":true,"href":"https:\/\/kapitalis.com\/tunisie\/wp-json\/wp\/v2\/tags?post=355268"}],"curies":[{"name":"wp","href":"https:\/\/api.w.org\/{rel}","templated":true}]}}