{"id":3556551,"date":"2022-08-31T09:00:53","date_gmt":"2022-08-31T08:00:53","guid":{"rendered":"https:\/\/kapitalis.com\/tunisie\/?p=3556551"},"modified":"2022-08-31T09:09:08","modified_gmt":"2022-08-31T08:09:08","slug":"tunisie-etats-unis-une-mesentente-cordiale","status":"publish","type":"post","link":"https:\/\/kapitalis.com\/tunisie\/2022\/08\/31\/tunisie-etats-unis-une-mesentente-cordiale\/","title":{"rendered":"Tunisie &#8211; Etats-Unis\u00a0: une m\u00e9sentente cordiale"},"content":{"rendered":"\n<p><strong><em>Entre Washington et Ka\u00efs Sa\u00efed, le courant passe toujours tr\u00e8s mal et la crispation que montre le pr\u00e9sident tunisien face aux sollicitations am\u00e9ricaines, per\u00e7ues comme une insupportable ing\u00e9rence dans les affaires int\u00e9rieures d\u2019un pays souverain, n\u2019aident pas \u00e0 \u00e9tablir un dialogue constructif. Et ce seront les Tunisiens qui, au final, payeront les frais de cet impossible dialogue. \u00a0\u00a0\u00a0\u00a0\u00a0\u00a0\u00a0<\/em><\/strong><\/p>\n\n\n\n<p>Par<strong> Ridha K\u00e9fi \u00a0<\/strong><\/p>\n\n\n\n<!--more-->\n\n\n<div class=\"wp-block-image\">\n<figure class=\"alignleft size-full\"><img decoding=\"async\" src=\"http:\/\/kapitalis.com\/tunisie\/wp-content\/uploads\/2019\/03\/Ridha-Kefi.jpg\" alt=\"\" class=\"wp-image-203122\"\/><\/figure>\n<\/div>\n\n\n<p>Le pr\u00e9sident de la r\u00e9publique Ka\u00efs Sa\u00efed a rencontr\u00e9, mardi 30 ao\u00fbt 2022, au palais de Carthage, la secr\u00e9taire d\u2019Etat adjointe des Etats-Unis pour les Affaires du Proche-Orient Barbara Leaf.<\/p>\n\n\n\n<p><em>\u00abL\u2019entretien a port\u00e9 sur le d\u00e9veloppement des relations bilat\u00e9rales entre la Tunisie et les Etats-Unis. C\u2019\u00e9tait aussi l\u2019occasion au cours de laquelle le pr\u00e9sident de la r\u00e9publique a clarifi\u00e9 de nombreuses questions li\u00e9es au processus que conna\u00eet la Tunisie, r\u00e9futant de nombreuses all\u00e9gations relay\u00e9es par des parties connues et exigeant des autorit\u00e9s am\u00e9ricaines qu\u2019elles \u00e9coutent leurs homologues tunisiennes pour conna\u00eetre la r\u00e9alit\u00e9 de la situation\u00bb<\/em>, indique un communiqu\u00e9 de la pr\u00e9sidence de la r\u00e9publique, laissant ainsi entendre que la d\u00e9marche rectificative du processus d\u00e9mocratique en Tunisie initi\u00e9e par le pr\u00e9sident Sa\u00efed est incomprise \u00e0 Washington, parce que Washington refuse de pr\u00eater l\u2019oreille aux explications officielles tunisiennes.<\/p>\n\n\n\n<h2 class=\"wp-block-heading\">Incompr\u00e9hension sur toute la ligne \u00a0<\/h2>\n\n\n\n<p>A Carthage, on n\u2019envisage pas la possibilit\u00e9 que la m\u00e9sentente soit aggrav\u00e9e par la crispation des autorit\u00e9s tunisiennes et leur fa\u00e7on de se barricader dans leurs in\u00e9branlables certitudes et de rejeter toute r\u00e9serve ou toute critique comme un acte inamical voire hostile. \u00a0\u00a0<\/p>\n\n\n\n<figure class=\"wp-block-embed is-type-wp-embed is-provider-kapitalis wp-block-embed-kapitalis\"><div class=\"wp-block-embed__wrapper\">\n<blockquote class=\"wp-embedded-content\" data-secret=\"Zm5Rdv3hcA\"><a href=\"https:\/\/kapitalis.com\/tunisie\/2022\/08\/22\/les-etats-unis-appellent-a-une-loi-electorale-participative-en-tunisie\/\">Les Etats-Unis appellent \u00e0 une loi \u00e9lectorale participative en Tunisie<\/a><\/blockquote><iframe loading=\"lazy\" class=\"wp-embedded-content\" sandbox=\"allow-scripts\" security=\"restricted\" style=\"position: absolute; clip: rect(1px, 1px, 1px, 1px);\" title=\"\u00ab\u00a0Les Etats-Unis appellent \u00e0 une loi \u00e9lectorale participative en Tunisie\u00a0\u00bb &#8212; Kapitalis\" src=\"https:\/\/kapitalis.com\/tunisie\/2022\/08\/22\/les-etats-unis-appellent-a-une-loi-electorale-participative-en-tunisie\/embed\/#?secret=R4Zw6w9ofa#?secret=Zm5Rdv3hcA\" data-secret=\"Zm5Rdv3hcA\" width=\"600\" height=\"338\" frameborder=\"0\" marginwidth=\"0\" marginheight=\"0\" scrolling=\"no\"><\/iframe>\n<\/div><\/figure>\n\n\n\n<p><em>\u00abLe chef de l\u2019Etat a r\u00e9it\u00e9r\u00e9 l\u2019attachement de la Tunisie \u00e0 sa souverainet\u00e9 et son refus de toute ing\u00e9rence dans ses affaires int\u00e9rieures, et a exprim\u00e9 son m\u00e9contentement face aux d\u00e9clarations faites par un certain nombre de responsables am\u00e9ricains dans la p\u00e9riode r\u00e9cente\u00bb<\/em>, ajoute le communiqu\u00e9, qui laisse penser que la rencontre fut plut\u00f4t tendue, et que le chef de l\u2019Etat tunisien supporte de moins en moins les critiques, fut-elles amicales et \u00e9manant de partenaires historiques importants de la Tunisie.<\/p>\n\n\n\n<p><em>\u00abCette rencontre a \u00e9galement \u00e9t\u00e9 l&rsquo;occasion d&rsquo;\u00e9voquer la situation \u00e9conomique et sociale de la Tunisie et le r\u00f4le que la communaut\u00e9 internationale peut jouer pour aider \u00e0 surmonter les difficult\u00e9s que traverse notre pays\u00bb<\/em>, souligne encore le communiqu\u00e9 de Carthage, ajoutant que le pr\u00e9sident Sa\u00efed a \u00e9galement indiqu\u00e9 que <em>\u00abla communaut\u00e9 internationale doit jouer pleinement son r\u00f4le en contribuant \u00e0 la restitution des fonds spoli\u00e9s au peuple tunisien\u00bb<\/em>, renvoyant ainsi toute la responsabilit\u00e9 dans la non-restitution des biens soi-disant spoli\u00e9s aux Tunisiens sur la communaut\u00e9 internationale, et passant sous silence le fait, maintes fois d\u00e9plor\u00e9, que les autorit\u00e9s judiciaires tunisiennes ont \u00e9t\u00e9 jusque-l\u00e0 incapables de fournir des preuves attestant cette <em>\u00abspoliation\u00bb<\/em>.<\/p>\n\n\n\n<h2 class=\"wp-block-heading\">Inqui\u00e9tudes am\u00e9ricaines &nbsp;<\/h2>\n\n\n\n<p>A l\u2019issue de la rencontre Mme Leaf s\u2019est content\u00e9e du strict minimum en d\u00e9clarant, selon un communiqu\u00e9 de l\u2019ambassade des Etats-Unis \u00e0 Tunis, que <em>\u00able partenariat am\u00e9ricano-tunisien est plus fort lorsqu\u2019il existe un engagement partag\u00e9 en faveur de la d\u00e9mocratie et des droits de l\u2019homme.<\/em>\u00bb La secr\u00e9taire d\u2019Etat adjointe a aussi soulign\u00e9 <em>\u00abl\u2019importance de r\u00e9aliser des r\u00e9formes \u00e9conomiques qui conduiront \u00e0 des mesures \u00e9quitables de prosp\u00e9rit\u00e9 pour tous les Tunisiens.\u00bb<\/em><\/p>\n\n\n\n<figure class=\"wp-block-embed is-type-wp-embed is-provider-kapitalis wp-block-embed-kapitalis\"><div class=\"wp-block-embed__wrapper\">\n<blockquote class=\"wp-embedded-content\" data-secret=\"H3RFXevTv8\"><a href=\"https:\/\/kapitalis.com\/tunisie\/2022\/08\/22\/tunisie-etats-unis-kais-saied-droit-dans-ses-bottes\/\">Tunisie &#8211; Etats-Unis\u00a0: Ka\u00efs Sa\u00efed droit dans ses bottes<\/a><\/blockquote><iframe loading=\"lazy\" class=\"wp-embedded-content\" sandbox=\"allow-scripts\" security=\"restricted\" style=\"position: absolute; clip: rect(1px, 1px, 1px, 1px);\" title=\"\u00ab\u00a0Tunisie &#8211; Etats-Unis\u00a0: Ka\u00efs Sa\u00efed droit dans ses bottes\u00a0\u00bb &#8212; Kapitalis\" src=\"https:\/\/kapitalis.com\/tunisie\/2022\/08\/22\/tunisie-etats-unis-kais-saied-droit-dans-ses-bottes\/embed\/#?secret=Gnm1QKBt7N#?secret=H3RFXevTv8\" data-secret=\"H3RFXevTv8\" width=\"600\" height=\"338\" frameborder=\"0\" marginwidth=\"0\" marginheight=\"0\" scrolling=\"no\"><\/iframe>\n<\/div><\/figure>\n\n\n\n<p>On constate au passage que les deux communiqu\u00e9s sont ax\u00e9s sur les relations bilat\u00e9rales, et on comprend que les questions r\u00e9gionales, notamment la situation tr\u00e8s tendue en Libye, n\u2019\u00e9taient pas \u00e0 l\u2019ordre du jour.<\/p>\n\n\n\n<p>De l\u00e0 \u00e0 penser que les Am\u00e9ricains, qui ont multipli\u00e9 ces derniers temps les visites officielles en Tunisie, observent avec beaucoup d\u2019int\u00e9r\u00eat sinon d\u2019inqui\u00e9tude l\u2019\u00e9volution de la situation dans notre pays, il y a un pas que les observateurs seraient tent\u00e9s de faire.<\/p>\n\n\n\n<p>La Tunisie, en effet, ne se porte pas bien (c\u2019est un euph\u00e9misme). Au terme d\u2019une dizaine d\u2019ann\u00e9es d\u2019instabilit\u00e9 politique, notre pays est au bord de la faillite \u00e9conomique, de la banqueroute financi\u00e8re et de l\u2019explosion sociale, sans que de v\u00e9ritables r\u00e9formes ne soient mises en \u0153uvre pour pr\u00e9venir une telle \u00e9volution d\u2019autant plus redout\u00e9e que la position g\u00e9ographique de la Tunisie, au c\u0153ur de la M\u00e9diterran\u00e9e, en fait une zone de grande importance strat\u00e9gique pour les Etats-Unis et l\u2019Union europ\u00e9enne, une zone o\u00f9 l\u2019instabilit\u00e9 ne saurait \u00eatre accept\u00e9e, car elle risque de mettre en p\u00e9ril la stabilit\u00e9 r\u00e9gionale. &nbsp;&nbsp;&nbsp;&nbsp;&nbsp;<\/p>\n\n\n\n<p>Les visites des officiels am\u00e9ricains \u00e0 Tunis sont autant d\u2019occasions pour jauger de la capacit\u00e9 des acteurs politiques tunisiens \u00e0 d\u00e9passer la crise actuelle sans gros d\u00e9g\u00e2ts. Elles leur permettent, \u00e9ventuellement aussi, de se pr\u00e9parer \u00e0 faire face aux \u00e9volutions futures, car le temps politique risque d\u2019\u00eatre acc\u00e9l\u00e9r\u00e9 par l\u2019aggravation de la crise \u00e9conomique et sociale\u2026<\/p>\n\n\n\n<figure class=\"wp-block-embed is-type-wp-embed is-provider-kapitalis wp-block-embed-kapitalis\"><div class=\"wp-block-embed__wrapper\">\n<blockquote class=\"wp-embedded-content\" data-secret=\"nQzVwp3oLd\"><a href=\"https:\/\/kapitalis.com\/tunisie\/2022\/08\/10\/etats-unis-lloyd-austin-et-les-vents-contraires-en-tunisie\/\">Etats-Unis\u00a0: Lloyd Austin et les \u00abvents contraires\u00bb en Tunisie<\/a><\/blockquote><iframe loading=\"lazy\" class=\"wp-embedded-content\" sandbox=\"allow-scripts\" security=\"restricted\" style=\"position: absolute; clip: rect(1px, 1px, 1px, 1px);\" title=\"\u00ab\u00a0Etats-Unis\u00a0: Lloyd Austin et les \u00abvents contraires\u00bb en Tunisie\u00a0\u00bb &#8212; Kapitalis\" src=\"https:\/\/kapitalis.com\/tunisie\/2022\/08\/10\/etats-unis-lloyd-austin-et-les-vents-contraires-en-tunisie\/embed\/#?secret=gsW85kf1iy#?secret=nQzVwp3oLd\" data-secret=\"nQzVwp3oLd\" width=\"600\" height=\"338\" frameborder=\"0\" marginwidth=\"0\" marginheight=\"0\" scrolling=\"no\"><\/iframe>\n<\/div><\/figure>\n\n\n\n<p>Cependant, et si on arrive \u00e0 deviner, en analysant leurs actes et leurs d\u00e9clarations, les motivations des Am\u00e9ricains et les raisons de l\u2019int\u00e9r\u00eat qu\u2019ils portent \u00e0 notre pays, la grande inconnu, pour les observateurs et les analystes, reste Ka\u00efs Sa\u00efed, dont les actes et les d\u00e9clarations envoient des signes souvent incoh\u00e9rents voire contradictoires, et qui d\u00e9notent une grave m\u00e9connaissance des r\u00e9alit\u00e9s du monde voire (et c\u2019est plus grave) des r\u00e9alit\u00e9s du pays dont il a la charge. &nbsp;&nbsp;&nbsp;&nbsp;&nbsp;&nbsp;&nbsp;&nbsp;<\/p>\n","protected":false},"excerpt":{"rendered":"<p>En Tunisie, o\u00f9 le temps politique risque d\u2019\u00eatre acc\u00e9l\u00e9r\u00e9 par l\u2019aggravation de la crise \u00e9conomique et sociale, la m\u00e9sentente entre Washington et Tunis risque de jeter une ombre lourde. <\/p>\n","protected":false},"author":8,"featured_media":3556667,"comment_status":"open","ping_status":"open","sticky":false,"template":"","format":"standard","meta":{"footnotes":""},"categories":[992,997,2433],"tags":[102423,75918,76012,62643],"class_list":["post-3556551","post","type-post","status-publish","format-standard","has-post-thumbnail","hentry","category-a-la-une","category-politique","category-tunisie","tag-barbara-leaf","tag-etats-unis-2","tag-kais-saied-2","tag-tunisie"],"yoast_head":"<!-- This site is optimized with the Yoast SEO plugin v26.6 - https:\/\/yoast.com\/wordpress\/plugins\/seo\/ -->\n<title>Tunisie - Etats-Unis\u00a0: une m\u00e9sentente cordiale - Kapitalis<\/title>\n<meta name=\"robots\" content=\"index, follow, max-snippet:-1, max-image-preview:large, max-video-preview:-1\" \/>\n<link rel=\"canonical\" href=\"https:\/\/kapitalis.com\/tunisie\/2022\/08\/31\/tunisie-etats-unis-une-mesentente-cordiale\/\" \/>\n<meta property=\"og:locale\" content=\"fr_FR\" \/>\n<meta property=\"og:type\" content=\"article\" \/>\n<meta property=\"og:title\" content=\"Tunisie - Etats-Unis\u00a0: une m\u00e9sentente cordiale - Kapitalis\" \/>\n<meta property=\"og:description\" content=\"En Tunisie, o\u00f9 le temps politique risque d\u2019\u00eatre acc\u00e9l\u00e9r\u00e9 par l\u2019aggravation de la crise \u00e9conomique et sociale, la m\u00e9sentente entre Washington et Tunis risque de jeter une ombre lourde.\" \/>\n<meta property=\"og:url\" content=\"https:\/\/kapitalis.com\/tunisie\/2022\/08\/31\/tunisie-etats-unis-une-mesentente-cordiale\/\" \/>\n<meta property=\"og:site_name\" content=\"Kapitalis\" \/>\n<meta property=\"article:publisher\" content=\"https:\/\/www.facebook.com\/KapitalisInfo\/\" \/>\n<meta property=\"article:published_time\" content=\"2022-08-31T08:00:53+00:00\" \/>\n<meta property=\"article:modified_time\" content=\"2022-08-31T08:09:08+00:00\" \/>\n<meta property=\"og:image\" content=\"https:\/\/kapitalis.com\/tunisie\/wp-content\/uploads\/2022\/08\/Kais-Saied-Barbara-Leaf.jpg\" \/>\n\t<meta property=\"og:image:width\" content=\"1200\" \/>\n\t<meta property=\"og:image:height\" content=\"630\" \/>\n\t<meta property=\"og:image:type\" content=\"image\/jpeg\" \/>\n<meta name=\"author\" content=\"webmaster kapitalis\" \/>\n<meta name=\"twitter:card\" content=\"summary_large_image\" \/>\n<meta name=\"twitter:creator\" content=\"@KapitalisInfo\" \/>\n<meta name=\"twitter:site\" content=\"@KapitalisInfo\" \/>\n<meta name=\"twitter:label1\" content=\"\u00c9crit par\" \/>\n\t<meta name=\"twitter:data1\" content=\"webmaster kapitalis\" \/>\n\t<meta name=\"twitter:label2\" content=\"Dur\u00e9e de lecture estim\u00e9e\" \/>\n\t<meta name=\"twitter:data2\" content=\"5 minutes\" \/>\n<script type=\"application\/ld+json\" class=\"yoast-schema-graph\">{\"@context\":\"https:\/\/schema.org\",\"@graph\":[{\"@type\":\"Article\",\"@id\":\"https:\/\/kapitalis.com\/tunisie\/2022\/08\/31\/tunisie-etats-unis-une-mesentente-cordiale\/#article\",\"isPartOf\":{\"@id\":\"https:\/\/kapitalis.com\/tunisie\/2022\/08\/31\/tunisie-etats-unis-une-mesentente-cordiale\/\"},\"author\":{\"name\":\"webmaster kapitalis\",\"@id\":\"https:\/\/kapitalis.com\/tunisie\/#\/schema\/person\/d71f33a9ca44f7bad4698210b480c8e9\"},\"headline\":\"Tunisie &#8211; Etats-Unis\u00a0: une m\u00e9sentente cordiale\",\"datePublished\":\"2022-08-31T08:00:53+00:00\",\"dateModified\":\"2022-08-31T08:09:08+00:00\",\"mainEntityOfPage\":{\"@id\":\"https:\/\/kapitalis.com\/tunisie\/2022\/08\/31\/tunisie-etats-unis-une-mesentente-cordiale\/\"},\"wordCount\":992,\"commentCount\":7,\"publisher\":{\"@id\":\"https:\/\/kapitalis.com\/tunisie\/#organization\"},\"image\":{\"@id\":\"https:\/\/kapitalis.com\/tunisie\/2022\/08\/31\/tunisie-etats-unis-une-mesentente-cordiale\/#primaryimage\"},\"thumbnailUrl\":\"https:\/\/kapitalis.com\/tunisie\/wp-content\/uploads\/2022\/08\/Kais-Saied-Barbara-Leaf.jpg\",\"keywords\":[\"Barbara Leaf\",\"Etats-Unis\",\"Ka\u00efs Sa\u00efed\",\"Tunisie\"],\"articleSection\":[\"A LA UNE\",\"POLITIQUE\",\"Tunisie\"],\"inLanguage\":\"fr-FR\",\"potentialAction\":[{\"@type\":\"CommentAction\",\"name\":\"Comment\",\"target\":[\"https:\/\/kapitalis.com\/tunisie\/2022\/08\/31\/tunisie-etats-unis-une-mesentente-cordiale\/#respond\"]}]},{\"@type\":\"WebPage\",\"@id\":\"https:\/\/kapitalis.com\/tunisie\/2022\/08\/31\/tunisie-etats-unis-une-mesentente-cordiale\/\",\"url\":\"https:\/\/kapitalis.com\/tunisie\/2022\/08\/31\/tunisie-etats-unis-une-mesentente-cordiale\/\",\"name\":\"Tunisie - Etats-Unis\u00a0: une m\u00e9sentente cordiale - Kapitalis\",\"isPartOf\":{\"@id\":\"https:\/\/kapitalis.com\/tunisie\/#website\"},\"primaryImageOfPage\":{\"@id\":\"https:\/\/kapitalis.com\/tunisie\/2022\/08\/31\/tunisie-etats-unis-une-mesentente-cordiale\/#primaryimage\"},\"image\":{\"@id\":\"https:\/\/kapitalis.com\/tunisie\/2022\/08\/31\/tunisie-etats-unis-une-mesentente-cordiale\/#primaryimage\"},\"thumbnailUrl\":\"https:\/\/kapitalis.com\/tunisie\/wp-content\/uploads\/2022\/08\/Kais-Saied-Barbara-Leaf.jpg\",\"datePublished\":\"2022-08-31T08:00:53+00:00\",\"dateModified\":\"2022-08-31T08:09:08+00:00\",\"breadcrumb\":{\"@id\":\"https:\/\/kapitalis.com\/tunisie\/2022\/08\/31\/tunisie-etats-unis-une-mesentente-cordiale\/#breadcrumb\"},\"inLanguage\":\"fr-FR\",\"potentialAction\":[{\"@type\":\"ReadAction\",\"target\":[\"https:\/\/kapitalis.com\/tunisie\/2022\/08\/31\/tunisie-etats-unis-une-mesentente-cordiale\/\"]}]},{\"@type\":\"ImageObject\",\"inLanguage\":\"fr-FR\",\"@id\":\"https:\/\/kapitalis.com\/tunisie\/2022\/08\/31\/tunisie-etats-unis-une-mesentente-cordiale\/#primaryimage\",\"url\":\"https:\/\/kapitalis.com\/tunisie\/wp-content\/uploads\/2022\/08\/Kais-Saied-Barbara-Leaf.jpg\",\"contentUrl\":\"https:\/\/kapitalis.com\/tunisie\/wp-content\/uploads\/2022\/08\/Kais-Saied-Barbara-Leaf.jpg\",\"width\":1200,\"height\":630},{\"@type\":\"BreadcrumbList\",\"@id\":\"https:\/\/kapitalis.com\/tunisie\/2022\/08\/31\/tunisie-etats-unis-une-mesentente-cordiale\/#breadcrumb\",\"itemListElement\":[{\"@type\":\"ListItem\",\"position\":1,\"name\":\"Accueil\",\"item\":\"https:\/\/kapitalis.com\/tunisie\/\"},{\"@type\":\"ListItem\",\"position\":2,\"name\":\"Tunisie &#8211; Etats-Unis\u00a0: une m\u00e9sentente cordiale\"}]},{\"@type\":\"WebSite\",\"@id\":\"https:\/\/kapitalis.com\/tunisie\/#website\",\"url\":\"https:\/\/kapitalis.com\/tunisie\/\",\"name\":\"Kapitalis\",\"description\":\"L&#039;actualit\u00e9 en Tunisie et dans le monde\",\"publisher\":{\"@id\":\"https:\/\/kapitalis.com\/tunisie\/#organization\"},\"potentialAction\":[{\"@type\":\"SearchAction\",\"target\":{\"@type\":\"EntryPoint\",\"urlTemplate\":\"https:\/\/kapitalis.com\/tunisie\/?s={search_term_string}\"},\"query-input\":{\"@type\":\"PropertyValueSpecification\",\"valueRequired\":true,\"valueName\":\"search_term_string\"}}],\"inLanguage\":\"fr-FR\"},{\"@type\":\"Organization\",\"@id\":\"https:\/\/kapitalis.com\/tunisie\/#organization\",\"name\":\"Kapitalis\",\"url\":\"https:\/\/kapitalis.com\/tunisie\/\",\"logo\":{\"@type\":\"ImageObject\",\"inLanguage\":\"fr-FR\",\"@id\":\"https:\/\/kapitalis.com\/tunisie\/#\/schema\/logo\/image\/\",\"url\":\"https:\/\/kapitalis.com\/tunisie\/wp-content\/uploads\/2022\/05\/Kapitalis-big-size.png\",\"contentUrl\":\"https:\/\/kapitalis.com\/tunisie\/wp-content\/uploads\/2022\/05\/Kapitalis-big-size.png\",\"width\":5000,\"height\":1500,\"caption\":\"Kapitalis\"},\"image\":{\"@id\":\"https:\/\/kapitalis.com\/tunisie\/#\/schema\/logo\/image\/\"},\"sameAs\":[\"https:\/\/www.facebook.com\/KapitalisInfo\/\",\"https:\/\/x.com\/KapitalisInfo\",\"https:\/\/www.youtube.com\/channel\/UC-yDYrHyfFBWWZaOw3FPg9Q\"]},{\"@type\":\"Person\",\"@id\":\"https:\/\/kapitalis.com\/tunisie\/#\/schema\/person\/d71f33a9ca44f7bad4698210b480c8e9\",\"name\":\"webmaster kapitalis\",\"url\":\"https:\/\/kapitalis.com\/tunisie\/author\/webmaster-kapitalis\/\"}]}<\/script>\n<!-- \/ Yoast SEO plugin. -->","yoast_head_json":{"title":"Tunisie - Etats-Unis\u00a0: une m\u00e9sentente cordiale - Kapitalis","robots":{"index":"index","follow":"follow","max-snippet":"max-snippet:-1","max-image-preview":"max-image-preview:large","max-video-preview":"max-video-preview:-1"},"canonical":"https:\/\/kapitalis.com\/tunisie\/2022\/08\/31\/tunisie-etats-unis-une-mesentente-cordiale\/","og_locale":"fr_FR","og_type":"article","og_title":"Tunisie - Etats-Unis\u00a0: une m\u00e9sentente cordiale - Kapitalis","og_description":"En Tunisie, o\u00f9 le temps politique risque d\u2019\u00eatre acc\u00e9l\u00e9r\u00e9 par l\u2019aggravation de la crise \u00e9conomique et sociale, la m\u00e9sentente entre Washington et Tunis risque de jeter une ombre lourde.","og_url":"https:\/\/kapitalis.com\/tunisie\/2022\/08\/31\/tunisie-etats-unis-une-mesentente-cordiale\/","og_site_name":"Kapitalis","article_publisher":"https:\/\/www.facebook.com\/KapitalisInfo\/","article_published_time":"2022-08-31T08:00:53+00:00","article_modified_time":"2022-08-31T08:09:08+00:00","og_image":[{"width":1200,"height":630,"url":"https:\/\/kapitalis.com\/tunisie\/wp-content\/uploads\/2022\/08\/Kais-Saied-Barbara-Leaf.jpg","type":"image\/jpeg"}],"author":"webmaster kapitalis","twitter_card":"summary_large_image","twitter_creator":"@KapitalisInfo","twitter_site":"@KapitalisInfo","twitter_misc":{"\u00c9crit par":"webmaster kapitalis","Dur\u00e9e de lecture estim\u00e9e":"5 minutes"},"schema":{"@context":"https:\/\/schema.org","@graph":[{"@type":"Article","@id":"https:\/\/kapitalis.com\/tunisie\/2022\/08\/31\/tunisie-etats-unis-une-mesentente-cordiale\/#article","isPartOf":{"@id":"https:\/\/kapitalis.com\/tunisie\/2022\/08\/31\/tunisie-etats-unis-une-mesentente-cordiale\/"},"author":{"name":"webmaster kapitalis","@id":"https:\/\/kapitalis.com\/tunisie\/#\/schema\/person\/d71f33a9ca44f7bad4698210b480c8e9"},"headline":"Tunisie &#8211; Etats-Unis\u00a0: une m\u00e9sentente cordiale","datePublished":"2022-08-31T08:00:53+00:00","dateModified":"2022-08-31T08:09:08+00:00","mainEntityOfPage":{"@id":"https:\/\/kapitalis.com\/tunisie\/2022\/08\/31\/tunisie-etats-unis-une-mesentente-cordiale\/"},"wordCount":992,"commentCount":7,"publisher":{"@id":"https:\/\/kapitalis.com\/tunisie\/#organization"},"image":{"@id":"https:\/\/kapitalis.com\/tunisie\/2022\/08\/31\/tunisie-etats-unis-une-mesentente-cordiale\/#primaryimage"},"thumbnailUrl":"https:\/\/kapitalis.com\/tunisie\/wp-content\/uploads\/2022\/08\/Kais-Saied-Barbara-Leaf.jpg","keywords":["Barbara Leaf","Etats-Unis","Ka\u00efs Sa\u00efed","Tunisie"],"articleSection":["A LA UNE","POLITIQUE","Tunisie"],"inLanguage":"fr-FR","potentialAction":[{"@type":"CommentAction","name":"Comment","target":["https:\/\/kapitalis.com\/tunisie\/2022\/08\/31\/tunisie-etats-unis-une-mesentente-cordiale\/#respond"]}]},{"@type":"WebPage","@id":"https:\/\/kapitalis.com\/tunisie\/2022\/08\/31\/tunisie-etats-unis-une-mesentente-cordiale\/","url":"https:\/\/kapitalis.com\/tunisie\/2022\/08\/31\/tunisie-etats-unis-une-mesentente-cordiale\/","name":"Tunisie - Etats-Unis\u00a0: une m\u00e9sentente cordiale - Kapitalis","isPartOf":{"@id":"https:\/\/kapitalis.com\/tunisie\/#website"},"primaryImageOfPage":{"@id":"https:\/\/kapitalis.com\/tunisie\/2022\/08\/31\/tunisie-etats-unis-une-mesentente-cordiale\/#primaryimage"},"image":{"@id":"https:\/\/kapitalis.com\/tunisie\/2022\/08\/31\/tunisie-etats-unis-une-mesentente-cordiale\/#primaryimage"},"thumbnailUrl":"https:\/\/kapitalis.com\/tunisie\/wp-content\/uploads\/2022\/08\/Kais-Saied-Barbara-Leaf.jpg","datePublished":"2022-08-31T08:00:53+00:00","dateModified":"2022-08-31T08:09:08+00:00","breadcrumb":{"@id":"https:\/\/kapitalis.com\/tunisie\/2022\/08\/31\/tunisie-etats-unis-une-mesentente-cordiale\/#breadcrumb"},"inLanguage":"fr-FR","potentialAction":[{"@type":"ReadAction","target":["https:\/\/kapitalis.com\/tunisie\/2022\/08\/31\/tunisie-etats-unis-une-mesentente-cordiale\/"]}]},{"@type":"ImageObject","inLanguage":"fr-FR","@id":"https:\/\/kapitalis.com\/tunisie\/2022\/08\/31\/tunisie-etats-unis-une-mesentente-cordiale\/#primaryimage","url":"https:\/\/kapitalis.com\/tunisie\/wp-content\/uploads\/2022\/08\/Kais-Saied-Barbara-Leaf.jpg","contentUrl":"https:\/\/kapitalis.com\/tunisie\/wp-content\/uploads\/2022\/08\/Kais-Saied-Barbara-Leaf.jpg","width":1200,"height":630},{"@type":"BreadcrumbList","@id":"https:\/\/kapitalis.com\/tunisie\/2022\/08\/31\/tunisie-etats-unis-une-mesentente-cordiale\/#breadcrumb","itemListElement":[{"@type":"ListItem","position":1,"name":"Accueil","item":"https:\/\/kapitalis.com\/tunisie\/"},{"@type":"ListItem","position":2,"name":"Tunisie &#8211; Etats-Unis\u00a0: une m\u00e9sentente cordiale"}]},{"@type":"WebSite","@id":"https:\/\/kapitalis.com\/tunisie\/#website","url":"https:\/\/kapitalis.com\/tunisie\/","name":"Kapitalis","description":"L&#039;actualit\u00e9 en Tunisie et dans le monde","publisher":{"@id":"https:\/\/kapitalis.com\/tunisie\/#organization"},"potentialAction":[{"@type":"SearchAction","target":{"@type":"EntryPoint","urlTemplate":"https:\/\/kapitalis.com\/tunisie\/?s={search_term_string}"},"query-input":{"@type":"PropertyValueSpecification","valueRequired":true,"valueName":"search_term_string"}}],"inLanguage":"fr-FR"},{"@type":"Organization","@id":"https:\/\/kapitalis.com\/tunisie\/#organization","name":"Kapitalis","url":"https:\/\/kapitalis.com\/tunisie\/","logo":{"@type":"ImageObject","inLanguage":"fr-FR","@id":"https:\/\/kapitalis.com\/tunisie\/#\/schema\/logo\/image\/","url":"https:\/\/kapitalis.com\/tunisie\/wp-content\/uploads\/2022\/05\/Kapitalis-big-size.png","contentUrl":"https:\/\/kapitalis.com\/tunisie\/wp-content\/uploads\/2022\/05\/Kapitalis-big-size.png","width":5000,"height":1500,"caption":"Kapitalis"},"image":{"@id":"https:\/\/kapitalis.com\/tunisie\/#\/schema\/logo\/image\/"},"sameAs":["https:\/\/www.facebook.com\/KapitalisInfo\/","https:\/\/x.com\/KapitalisInfo","https:\/\/www.youtube.com\/channel\/UC-yDYrHyfFBWWZaOw3FPg9Q"]},{"@type":"Person","@id":"https:\/\/kapitalis.com\/tunisie\/#\/schema\/person\/d71f33a9ca44f7bad4698210b480c8e9","name":"webmaster kapitalis","url":"https:\/\/kapitalis.com\/tunisie\/author\/webmaster-kapitalis\/"}]}},"_links":{"self":[{"href":"https:\/\/kapitalis.com\/tunisie\/wp-json\/wp\/v2\/posts\/3556551","targetHints":{"allow":["GET"]}}],"collection":[{"href":"https:\/\/kapitalis.com\/tunisie\/wp-json\/wp\/v2\/posts"}],"about":[{"href":"https:\/\/kapitalis.com\/tunisie\/wp-json\/wp\/v2\/types\/post"}],"author":[{"embeddable":true,"href":"https:\/\/kapitalis.com\/tunisie\/wp-json\/wp\/v2\/users\/8"}],"replies":[{"embeddable":true,"href":"https:\/\/kapitalis.com\/tunisie\/wp-json\/wp\/v2\/comments?post=3556551"}],"version-history":[{"count":0,"href":"https:\/\/kapitalis.com\/tunisie\/wp-json\/wp\/v2\/posts\/3556551\/revisions"}],"wp:featuredmedia":[{"embeddable":true,"href":"https:\/\/kapitalis.com\/tunisie\/wp-json\/wp\/v2\/media\/3556667"}],"wp:attachment":[{"href":"https:\/\/kapitalis.com\/tunisie\/wp-json\/wp\/v2\/media?parent=3556551"}],"wp:term":[{"taxonomy":"category","embeddable":true,"href":"https:\/\/kapitalis.com\/tunisie\/wp-json\/wp\/v2\/categories?post=3556551"},{"taxonomy":"post_tag","embeddable":true,"href":"https:\/\/kapitalis.com\/tunisie\/wp-json\/wp\/v2\/tags?post=3556551"}],"curies":[{"name":"wp","href":"https:\/\/api.w.org\/{rel}","templated":true}]}}