{"id":35569,"date":"2016-01-19T10:18:57","date_gmt":"2016-01-19T09:18:57","guid":{"rendered":"http:\/\/kapitalis.com\/tunisie\/?p=35569"},"modified":"2016-01-19T10:21:33","modified_gmt":"2016-01-19T09:21:33","slug":"secteur-prive-accord-utica-ugtt-sur-laugmentation-salariale","status":"publish","type":"post","link":"https:\/\/kapitalis.com\/tunisie\/2016\/01\/19\/secteur-prive-accord-utica-ugtt-sur-laugmentation-salariale\/","title":{"rendered":"Secteur priv\u00e9: Accord Utica &#8211; UGTT sur l&rsquo;augmentation salariale"},"content":{"rendered":"<p style=\"text-align: center;\">\u00a0<img loading=\"lazy\" decoding=\"async\" class=\"alignnone size-full wp-image-35572\" src=\"http:\/\/kapitalis.com\/tunisie\/wp-content\/uploads\/2016\/01\/Houcine-Abassi-et-Wided-Bouchamaoui.jpg\" alt=\"Houcine-Abassi-et-Wided-Bouchamaoui\" width=\"626\" height=\"380\" \/><\/p>\n<p style=\"text-align: center;\"><em>Poign\u00e9e de main Houcine Abassi (UGTT) et Wided Bouchamaoui (Utica).<\/em><\/p>\n<p style=\"text-align: left;\"><em><strong>Les centrales patronales et syndicales sont enfin parvenues \u00e0 un accord pour des augmentations salariales dans le secteur priv\u00e9.<\/strong> <\/em><\/p>\n<p style=\"text-align: left;\"><!--more--><\/p>\n<p style=\"text-align: left;\">Les n\u00e9gociations entre l\u2019Union tunisienne de l\u2019industrie, du commerce et de l\u2019artisanat (Utica) et l\u2019Union g\u00e9n\u00e9rale tunisienne du travail (UGTT) ont \u00e9t\u00e9 longues et difficiles, ponctu\u00e9es de nombreuses ruptures, mais elles ont enfin abouti, dans la soir\u00e9e d\u2019hier, lundi 18 janvier 2016, \u00e0 un accord que l\u2019on croyait impossible.<\/p>\n<p style=\"text-align: left;\">Cet accord devra \u00eatre sign\u00e9 aujourd\u2019hui, en fin de matin\u00e9e, au Palais du gouvernement, \u00e0 la Kasbah.<\/p>\n<p style=\"text-align: left;\">En vertu de cet accord, les employ\u00e9s du secteur priv\u00e9 b\u00e9n\u00e9ficieront d\u2019une augmentation mensuelle de 6% du salaire brut, d\u2019une hausse de la prime de transport de 10 dinars et de la prime de pr\u00e9sence de 3 dinars.<\/p>\n<p style=\"text-align: left;\">Ces augmentations, \u00e0 effet r\u00e9troactif, seront pay\u00e9es \u00e0 compter de septembre 2015.<\/p>\n<p style=\"text-align: right;\"><strong>I. B.<\/strong><\/p>\n","protected":false},"excerpt":{"rendered":"<p>\u00a0 Poign\u00e9e de main Houcine Abassi (UGTT) et Wided Bouchamaoui (Utica). Les centrales patronales et syndicales sont enfin parvenues \u00e0 un accord pour des augmentations salariales dans le secteur priv\u00e9.<\/p>\n","protected":false},"author":8,"featured_media":35572,"comment_status":"open","ping_status":"open","sticky":false,"template":"","format":"standard","meta":{"footnotes":""},"categories":[995,2433],"tags":[24,1170,6614],"class_list":["post-35569","post","type-post","status-publish","format-standard","has-post-thumbnail","hentry","category-economie","category-tunisie","tag-accord","tag-augmentations-salariales","tag-secteur-prive"],"yoast_head":"<!-- This site is optimized with the Yoast SEO plugin v26.6 - https:\/\/yoast.com\/wordpress\/plugins\/seo\/ -->\n<title>Secteur priv\u00e9: Accord Utica - UGTT sur l&#039;augmentation salariale - Kapitalis<\/title>\n<meta name=\"robots\" content=\"index, follow, max-snippet:-1, max-image-preview:large, max-video-preview:-1\" \/>\n<link rel=\"canonical\" href=\"https:\/\/kapitalis.com\/tunisie\/2016\/01\/19\/secteur-prive-accord-utica-ugtt-sur-laugmentation-salariale\/\" \/>\n<meta property=\"og:locale\" content=\"fr_FR\" \/>\n<meta property=\"og:type\" content=\"article\" \/>\n<meta property=\"og:title\" content=\"Secteur priv\u00e9: Accord Utica - UGTT sur l&#039;augmentation salariale - Kapitalis\" \/>\n<meta property=\"og:description\" content=\"\u00a0 Poign\u00e9e de main Houcine Abassi (UGTT) et Wided Bouchamaoui (Utica). Les centrales patronales et syndicales sont enfin parvenues \u00e0 un accord pour des augmentations salariales dans le secteur priv\u00e9.\" \/>\n<meta property=\"og:url\" content=\"https:\/\/kapitalis.com\/tunisie\/2016\/01\/19\/secteur-prive-accord-utica-ugtt-sur-laugmentation-salariale\/\" \/>\n<meta property=\"og:site_name\" content=\"Kapitalis\" \/>\n<meta property=\"article:publisher\" content=\"https:\/\/www.facebook.com\/KapitalisInfo\/\" \/>\n<meta property=\"article:published_time\" content=\"2016-01-19T09:18:57+00:00\" \/>\n<meta property=\"article:modified_time\" content=\"2016-01-19T09:21:33+00:00\" \/>\n<meta property=\"og:image\" content=\"https:\/\/kapitalis.com\/tunisie\/wp-content\/uploads\/2022\/05\/kapitalis-logo-fb.png\" \/>\n\t<meta property=\"og:image:width\" content=\"1200\" \/>\n\t<meta property=\"og:image:height\" content=\"630\" \/>\n\t<meta property=\"og:image:type\" content=\"image\/png\" \/>\n<meta name=\"author\" content=\"webmaster kapitalis\" \/>\n<meta name=\"twitter:card\" content=\"summary_large_image\" \/>\n<meta name=\"twitter:creator\" content=\"@KapitalisInfo\" \/>\n<meta name=\"twitter:site\" content=\"@KapitalisInfo\" \/>\n<meta name=\"twitter:label1\" content=\"\u00c9crit par\" \/>\n\t<meta name=\"twitter:data1\" content=\"webmaster kapitalis\" \/>\n\t<meta name=\"twitter:label2\" content=\"Dur\u00e9e de lecture estim\u00e9e\" \/>\n\t<meta name=\"twitter:data2\" content=\"1 minute\" \/>\n<script type=\"application\/ld+json\" class=\"yoast-schema-graph\">{\"@context\":\"https:\/\/schema.org\",\"@graph\":[{\"@type\":\"Article\",\"@id\":\"https:\/\/kapitalis.com\/tunisie\/2016\/01\/19\/secteur-prive-accord-utica-ugtt-sur-laugmentation-salariale\/#article\",\"isPartOf\":{\"@id\":\"https:\/\/kapitalis.com\/tunisie\/2016\/01\/19\/secteur-prive-accord-utica-ugtt-sur-laugmentation-salariale\/\"},\"author\":{\"name\":\"webmaster kapitalis\",\"@id\":\"https:\/\/kapitalis.com\/tunisie\/#\/schema\/person\/d71f33a9ca44f7bad4698210b480c8e9\"},\"headline\":\"Secteur priv\u00e9: Accord Utica &#8211; UGTT sur l&rsquo;augmentation salariale\",\"datePublished\":\"2016-01-19T09:18:57+00:00\",\"dateModified\":\"2016-01-19T09:21:33+00:00\",\"mainEntityOfPage\":{\"@id\":\"https:\/\/kapitalis.com\/tunisie\/2016\/01\/19\/secteur-prive-accord-utica-ugtt-sur-laugmentation-salariale\/\"},\"wordCount\":167,\"commentCount\":0,\"publisher\":{\"@id\":\"https:\/\/kapitalis.com\/tunisie\/#organization\"},\"image\":{\"@id\":\"https:\/\/kapitalis.com\/tunisie\/2016\/01\/19\/secteur-prive-accord-utica-ugtt-sur-laugmentation-salariale\/#primaryimage\"},\"thumbnailUrl\":\"\",\"keywords\":[\"accord\",\"augmentations salariales\",\"secteur priv\u00e9\"],\"articleSection\":[\"ECONOMIE\",\"Tunisie\"],\"inLanguage\":\"fr-FR\",\"potentialAction\":[{\"@type\":\"CommentAction\",\"name\":\"Comment\",\"target\":[\"https:\/\/kapitalis.com\/tunisie\/2016\/01\/19\/secteur-prive-accord-utica-ugtt-sur-laugmentation-salariale\/#respond\"]}]},{\"@type\":\"WebPage\",\"@id\":\"https:\/\/kapitalis.com\/tunisie\/2016\/01\/19\/secteur-prive-accord-utica-ugtt-sur-laugmentation-salariale\/\",\"url\":\"https:\/\/kapitalis.com\/tunisie\/2016\/01\/19\/secteur-prive-accord-utica-ugtt-sur-laugmentation-salariale\/\",\"name\":\"Secteur priv\u00e9: Accord Utica - UGTT sur l'augmentation salariale - Kapitalis\",\"isPartOf\":{\"@id\":\"https:\/\/kapitalis.com\/tunisie\/#website\"},\"primaryImageOfPage\":{\"@id\":\"https:\/\/kapitalis.com\/tunisie\/2016\/01\/19\/secteur-prive-accord-utica-ugtt-sur-laugmentation-salariale\/#primaryimage\"},\"image\":{\"@id\":\"https:\/\/kapitalis.com\/tunisie\/2016\/01\/19\/secteur-prive-accord-utica-ugtt-sur-laugmentation-salariale\/#primaryimage\"},\"thumbnailUrl\":\"\",\"datePublished\":\"2016-01-19T09:18:57+00:00\",\"dateModified\":\"2016-01-19T09:21:33+00:00\",\"breadcrumb\":{\"@id\":\"https:\/\/kapitalis.com\/tunisie\/2016\/01\/19\/secteur-prive-accord-utica-ugtt-sur-laugmentation-salariale\/#breadcrumb\"},\"inLanguage\":\"fr-FR\",\"potentialAction\":[{\"@type\":\"ReadAction\",\"target\":[\"https:\/\/kapitalis.com\/tunisie\/2016\/01\/19\/secteur-prive-accord-utica-ugtt-sur-laugmentation-salariale\/\"]}]},{\"@type\":\"ImageObject\",\"inLanguage\":\"fr-FR\",\"@id\":\"https:\/\/kapitalis.com\/tunisie\/2016\/01\/19\/secteur-prive-accord-utica-ugtt-sur-laugmentation-salariale\/#primaryimage\",\"url\":\"\",\"contentUrl\":\"\"},{\"@type\":\"BreadcrumbList\",\"@id\":\"https:\/\/kapitalis.com\/tunisie\/2016\/01\/19\/secteur-prive-accord-utica-ugtt-sur-laugmentation-salariale\/#breadcrumb\",\"itemListElement\":[{\"@type\":\"ListItem\",\"position\":1,\"name\":\"Accueil\",\"item\":\"https:\/\/kapitalis.com\/tunisie\/\"},{\"@type\":\"ListItem\",\"position\":2,\"name\":\"Secteur priv\u00e9: Accord Utica &#8211; UGTT sur l&rsquo;augmentation salariale\"}]},{\"@type\":\"WebSite\",\"@id\":\"https:\/\/kapitalis.com\/tunisie\/#website\",\"url\":\"https:\/\/kapitalis.com\/tunisie\/\",\"name\":\"Kapitalis\",\"description\":\"L&#039;actualit\u00e9 en Tunisie et dans le monde\",\"publisher\":{\"@id\":\"https:\/\/kapitalis.com\/tunisie\/#organization\"},\"potentialAction\":[{\"@type\":\"SearchAction\",\"target\":{\"@type\":\"EntryPoint\",\"urlTemplate\":\"https:\/\/kapitalis.com\/tunisie\/?s={search_term_string}\"},\"query-input\":{\"@type\":\"PropertyValueSpecification\",\"valueRequired\":true,\"valueName\":\"search_term_string\"}}],\"inLanguage\":\"fr-FR\"},{\"@type\":\"Organization\",\"@id\":\"https:\/\/kapitalis.com\/tunisie\/#organization\",\"name\":\"Kapitalis\",\"url\":\"https:\/\/kapitalis.com\/tunisie\/\",\"logo\":{\"@type\":\"ImageObject\",\"inLanguage\":\"fr-FR\",\"@id\":\"https:\/\/kapitalis.com\/tunisie\/#\/schema\/logo\/image\/\",\"url\":\"https:\/\/kapitalis.com\/tunisie\/wp-content\/uploads\/2022\/05\/Kapitalis-big-size.png\",\"contentUrl\":\"https:\/\/kapitalis.com\/tunisie\/wp-content\/uploads\/2022\/05\/Kapitalis-big-size.png\",\"width\":5000,\"height\":1500,\"caption\":\"Kapitalis\"},\"image\":{\"@id\":\"https:\/\/kapitalis.com\/tunisie\/#\/schema\/logo\/image\/\"},\"sameAs\":[\"https:\/\/www.facebook.com\/KapitalisInfo\/\",\"https:\/\/x.com\/KapitalisInfo\",\"https:\/\/www.youtube.com\/channel\/UC-yDYrHyfFBWWZaOw3FPg9Q\"]},{\"@type\":\"Person\",\"@id\":\"https:\/\/kapitalis.com\/tunisie\/#\/schema\/person\/d71f33a9ca44f7bad4698210b480c8e9\",\"name\":\"webmaster kapitalis\",\"url\":\"https:\/\/kapitalis.com\/tunisie\/author\/webmaster-kapitalis\/\"}]}<\/script>\n<!-- \/ Yoast SEO plugin. -->","yoast_head_json":{"title":"Secteur priv\u00e9: Accord Utica - UGTT sur l'augmentation salariale - Kapitalis","robots":{"index":"index","follow":"follow","max-snippet":"max-snippet:-1","max-image-preview":"max-image-preview:large","max-video-preview":"max-video-preview:-1"},"canonical":"https:\/\/kapitalis.com\/tunisie\/2016\/01\/19\/secteur-prive-accord-utica-ugtt-sur-laugmentation-salariale\/","og_locale":"fr_FR","og_type":"article","og_title":"Secteur priv\u00e9: Accord Utica - UGTT sur l'augmentation salariale - Kapitalis","og_description":"\u00a0 Poign\u00e9e de main Houcine Abassi (UGTT) et Wided Bouchamaoui (Utica). Les centrales patronales et syndicales sont enfin parvenues \u00e0 un accord pour des augmentations salariales dans le secteur priv\u00e9.","og_url":"https:\/\/kapitalis.com\/tunisie\/2016\/01\/19\/secteur-prive-accord-utica-ugtt-sur-laugmentation-salariale\/","og_site_name":"Kapitalis","article_publisher":"https:\/\/www.facebook.com\/KapitalisInfo\/","article_published_time":"2016-01-19T09:18:57+00:00","article_modified_time":"2016-01-19T09:21:33+00:00","og_image":[{"width":1200,"height":630,"url":"https:\/\/kapitalis.com\/tunisie\/wp-content\/uploads\/2022\/05\/kapitalis-logo-fb.png","type":"image\/png"}],"author":"webmaster kapitalis","twitter_card":"summary_large_image","twitter_creator":"@KapitalisInfo","twitter_site":"@KapitalisInfo","twitter_misc":{"\u00c9crit par":"webmaster kapitalis","Dur\u00e9e de lecture estim\u00e9e":"1 minute"},"schema":{"@context":"https:\/\/schema.org","@graph":[{"@type":"Article","@id":"https:\/\/kapitalis.com\/tunisie\/2016\/01\/19\/secteur-prive-accord-utica-ugtt-sur-laugmentation-salariale\/#article","isPartOf":{"@id":"https:\/\/kapitalis.com\/tunisie\/2016\/01\/19\/secteur-prive-accord-utica-ugtt-sur-laugmentation-salariale\/"},"author":{"name":"webmaster kapitalis","@id":"https:\/\/kapitalis.com\/tunisie\/#\/schema\/person\/d71f33a9ca44f7bad4698210b480c8e9"},"headline":"Secteur priv\u00e9: Accord Utica &#8211; UGTT sur l&rsquo;augmentation salariale","datePublished":"2016-01-19T09:18:57+00:00","dateModified":"2016-01-19T09:21:33+00:00","mainEntityOfPage":{"@id":"https:\/\/kapitalis.com\/tunisie\/2016\/01\/19\/secteur-prive-accord-utica-ugtt-sur-laugmentation-salariale\/"},"wordCount":167,"commentCount":0,"publisher":{"@id":"https:\/\/kapitalis.com\/tunisie\/#organization"},"image":{"@id":"https:\/\/kapitalis.com\/tunisie\/2016\/01\/19\/secteur-prive-accord-utica-ugtt-sur-laugmentation-salariale\/#primaryimage"},"thumbnailUrl":"","keywords":["accord","augmentations salariales","secteur priv\u00e9"],"articleSection":["ECONOMIE","Tunisie"],"inLanguage":"fr-FR","potentialAction":[{"@type":"CommentAction","name":"Comment","target":["https:\/\/kapitalis.com\/tunisie\/2016\/01\/19\/secteur-prive-accord-utica-ugtt-sur-laugmentation-salariale\/#respond"]}]},{"@type":"WebPage","@id":"https:\/\/kapitalis.com\/tunisie\/2016\/01\/19\/secteur-prive-accord-utica-ugtt-sur-laugmentation-salariale\/","url":"https:\/\/kapitalis.com\/tunisie\/2016\/01\/19\/secteur-prive-accord-utica-ugtt-sur-laugmentation-salariale\/","name":"Secteur priv\u00e9: Accord Utica - UGTT sur l'augmentation salariale - Kapitalis","isPartOf":{"@id":"https:\/\/kapitalis.com\/tunisie\/#website"},"primaryImageOfPage":{"@id":"https:\/\/kapitalis.com\/tunisie\/2016\/01\/19\/secteur-prive-accord-utica-ugtt-sur-laugmentation-salariale\/#primaryimage"},"image":{"@id":"https:\/\/kapitalis.com\/tunisie\/2016\/01\/19\/secteur-prive-accord-utica-ugtt-sur-laugmentation-salariale\/#primaryimage"},"thumbnailUrl":"","datePublished":"2016-01-19T09:18:57+00:00","dateModified":"2016-01-19T09:21:33+00:00","breadcrumb":{"@id":"https:\/\/kapitalis.com\/tunisie\/2016\/01\/19\/secteur-prive-accord-utica-ugtt-sur-laugmentation-salariale\/#breadcrumb"},"inLanguage":"fr-FR","potentialAction":[{"@type":"ReadAction","target":["https:\/\/kapitalis.com\/tunisie\/2016\/01\/19\/secteur-prive-accord-utica-ugtt-sur-laugmentation-salariale\/"]}]},{"@type":"ImageObject","inLanguage":"fr-FR","@id":"https:\/\/kapitalis.com\/tunisie\/2016\/01\/19\/secteur-prive-accord-utica-ugtt-sur-laugmentation-salariale\/#primaryimage","url":"","contentUrl":""},{"@type":"BreadcrumbList","@id":"https:\/\/kapitalis.com\/tunisie\/2016\/01\/19\/secteur-prive-accord-utica-ugtt-sur-laugmentation-salariale\/#breadcrumb","itemListElement":[{"@type":"ListItem","position":1,"name":"Accueil","item":"https:\/\/kapitalis.com\/tunisie\/"},{"@type":"ListItem","position":2,"name":"Secteur priv\u00e9: Accord Utica &#8211; UGTT sur l&rsquo;augmentation salariale"}]},{"@type":"WebSite","@id":"https:\/\/kapitalis.com\/tunisie\/#website","url":"https:\/\/kapitalis.com\/tunisie\/","name":"Kapitalis","description":"L&#039;actualit\u00e9 en Tunisie et dans le monde","publisher":{"@id":"https:\/\/kapitalis.com\/tunisie\/#organization"},"potentialAction":[{"@type":"SearchAction","target":{"@type":"EntryPoint","urlTemplate":"https:\/\/kapitalis.com\/tunisie\/?s={search_term_string}"},"query-input":{"@type":"PropertyValueSpecification","valueRequired":true,"valueName":"search_term_string"}}],"inLanguage":"fr-FR"},{"@type":"Organization","@id":"https:\/\/kapitalis.com\/tunisie\/#organization","name":"Kapitalis","url":"https:\/\/kapitalis.com\/tunisie\/","logo":{"@type":"ImageObject","inLanguage":"fr-FR","@id":"https:\/\/kapitalis.com\/tunisie\/#\/schema\/logo\/image\/","url":"https:\/\/kapitalis.com\/tunisie\/wp-content\/uploads\/2022\/05\/Kapitalis-big-size.png","contentUrl":"https:\/\/kapitalis.com\/tunisie\/wp-content\/uploads\/2022\/05\/Kapitalis-big-size.png","width":5000,"height":1500,"caption":"Kapitalis"},"image":{"@id":"https:\/\/kapitalis.com\/tunisie\/#\/schema\/logo\/image\/"},"sameAs":["https:\/\/www.facebook.com\/KapitalisInfo\/","https:\/\/x.com\/KapitalisInfo","https:\/\/www.youtube.com\/channel\/UC-yDYrHyfFBWWZaOw3FPg9Q"]},{"@type":"Person","@id":"https:\/\/kapitalis.com\/tunisie\/#\/schema\/person\/d71f33a9ca44f7bad4698210b480c8e9","name":"webmaster kapitalis","url":"https:\/\/kapitalis.com\/tunisie\/author\/webmaster-kapitalis\/"}]}},"_links":{"self":[{"href":"https:\/\/kapitalis.com\/tunisie\/wp-json\/wp\/v2\/posts\/35569","targetHints":{"allow":["GET"]}}],"collection":[{"href":"https:\/\/kapitalis.com\/tunisie\/wp-json\/wp\/v2\/posts"}],"about":[{"href":"https:\/\/kapitalis.com\/tunisie\/wp-json\/wp\/v2\/types\/post"}],"author":[{"embeddable":true,"href":"https:\/\/kapitalis.com\/tunisie\/wp-json\/wp\/v2\/users\/8"}],"replies":[{"embeddable":true,"href":"https:\/\/kapitalis.com\/tunisie\/wp-json\/wp\/v2\/comments?post=35569"}],"version-history":[{"count":0,"href":"https:\/\/kapitalis.com\/tunisie\/wp-json\/wp\/v2\/posts\/35569\/revisions"}],"wp:featuredmedia":[{"embeddable":true,"href":"https:\/\/kapitalis.com\/tunisie\/wp-json\/wp\/v2\/media\/35572"}],"wp:attachment":[{"href":"https:\/\/kapitalis.com\/tunisie\/wp-json\/wp\/v2\/media?parent=35569"}],"wp:term":[{"taxonomy":"category","embeddable":true,"href":"https:\/\/kapitalis.com\/tunisie\/wp-json\/wp\/v2\/categories?post=35569"},{"taxonomy":"post_tag","embeddable":true,"href":"https:\/\/kapitalis.com\/tunisie\/wp-json\/wp\/v2\/tags?post=35569"}],"curies":[{"name":"wp","href":"https:\/\/api.w.org\/{rel}","templated":true}]}}