{"id":355700,"date":"2021-07-09T13:51:33","date_gmt":"2021-07-09T12:51:33","guid":{"rendered":"http:\/\/kapitalis.com\/tunisie\/?p=355700"},"modified":"2021-07-09T14:13:05","modified_gmt":"2021-07-09T13:13:05","slug":"pourquoi-on-veut-remplacer-moez-lidinellah-mokaddem-par-ridha-belhadj","status":"publish","type":"post","link":"https:\/\/kapitalis.com\/tunisie\/2021\/07\/09\/pourquoi-on-veut-remplacer-moez-lidinellah-mokaddem-par-ridha-belhadj\/","title":{"rendered":"Pourquoi on veut remplacer Moez Lidinellah Mokaddem par Ridha Belhadj ?"},"content":{"rendered":"\n<div class=\"wp-block-image\"><figure class=\"aligncenter size-large is-resized\"><img loading=\"lazy\" decoding=\"async\" src=\"http:\/\/kapitalis.com\/tunisie\/wp-content\/uploads\/2021\/07\/Ridha-Belhadj-Moez-Lidinellah-Mokaddem.jpg\" alt=\"\" class=\"wp-image-355707\" width=\"626\" height=\"380\"\/><figcaption><em>Ridha Belhadj \/ Moez Lidinellah Mokaddem.<\/em><\/figcaption><\/figure><\/div>\n\n\n\n<p><strong><em>Pourquoi Ennahdha et Qalb Tounes demandent-ils le d\u00e9part de <a href=\"http:\/\/kapitalis.com\/tunisie\/2020\/09\/04\/moez-lidinellah-mokaddem-nomme-directeur-de-cabinet-de-hichem-mechichi\/\" target=\"_blank\" rel=\"noreferrer noopener\">Moez Lidinellah Mokaddem<\/a>, directeur de cabinet du chef du gouvernement Hichem Mechichi, et son remplacement par <a href=\"http:\/\/kapitalis.com\/tunisie\/2021\/06\/19\/ridha-belhadj-aux-tunisiens-lislam-politique-est-votre-destin\/\" target=\"_blank\" rel=\"noreferrer noopener\">Ridha Belhadj<\/a>, le directeur ex\u00e9cutif du parti Al-Amal, fond\u00e9 par Salma Elloumi ?<\/em><\/strong><\/p>\n\n\n\n<p>Par <strong>Imed Bahri<\/strong><\/p>\n\n\n\n<!--more-->\n\n\n\n<p>C&rsquo;est ce qui a filtr\u00e9, selon d&rsquo;abondants commentaires sur les r\u00e9seaux sociaux, de la r\u00e9union, hier, jeudi 8 juillet 2021, entre Rached Ghannouchi, pr\u00e9sident d&rsquo;Ennahdha, Nabil Karoui, pr\u00e9sident de Qalb Tounes, et Hichem Mechichi, qui plus est, chez le dirigeant islamiste, \u00e0 Riadh Andalous, au nord de l&rsquo;Ariana. Cette information a sans doute \u00e9t\u00e9 \u00e9bruit\u00e9e par les concern\u00e9s eux-m\u00eames comme une sorte de sonde pour jauger la r\u00e9action de la sc\u00e8ne politique et de l&rsquo;opinion publique en g\u00e9n\u00e9ral \u00e0 un pareil changement. <\/p>\n\n\n\n<h2 class=\"wp-block-heading\">On veut \u00e0 la Kasbah des hommes serviles et sans \u00e9tat d&rsquo;\u00e2mes  <\/h2>\n\n\n\n<p>Moez Lidinellah Mokaddem, comme la plupart des proches collaborateurs de Hichem Mechichi, est un dipl\u00f4m\u00e9 de l&rsquo;Ecole nationale d&rsquo;administration (ENA). C&rsquo;est un \u00e9narque qui a fait toute sa carri\u00e8re dans l&rsquo;administration publique et n&rsquo;a pas d&rsquo;appartenance politique connue. C&rsquo;est donc un gestionnaire pur et dur, et c&rsquo;est ce qui le rend particuli\u00e8rement antipathique aux yeux de Rached Ghannouchi, Nabil Karoui et Seifeddine Makhlouf, les dirigeants des partis faisant partie du <em>\u00ab\u00a0coussin politique\u00a0\u00bb<\/em> de l&rsquo;actuel chef du gouvernement. Ces derniers auraient aim\u00e9 trouver, en face d&rsquo;eux, au Palais de la Kasbah, un homme plus flexible et plus mall\u00e9able et qui satisfasse au quart de tour leurs desideratas, au m\u00e9pris des r\u00e8glements, des proc\u00e9dures et des usages en vigueur dans l&rsquo;administration publique.<\/p>\n\n\n\n<p>En fait, Moez Lidinellah Mokaddem n&rsquo;est pas un grand r\u00e9sistant devant l&rsquo;Eternel. Il paierait plut\u00f4t pour\u2026 Hichem Mechichi, qui est pass\u00e9 ma\u00eetre dans l&rsquo;art de se cacher, tr\u00e8s courageusement, derri\u00e8re ses collaborateurs pour ne pas assumer ses propres d\u00e9cisions pouvant braquer ceux qui le maintiennent en poste et qui ne cessent de faire pression sur lui pour qu&rsquo;il r\u00e9ponde positivement \u00e0 toutes leurs injonctions, notamment en mati\u00e8res de nominations \u00e0 la t\u00eate des diverses fonctions aux divers niveaux de l&rsquo;Etat.<\/p>\n\n\n\n<p>Les Ghannouchi, Karoui et Makhlouf, les membres de la<em> \u00ab\u00a0tro\u00efka<\/em> du malheur\u00a0\u00bb qui gouverne actuellement la Tunisie, pr\u00e9f\u00e8rent placer l&rsquo;un des leurs, Ridha Belhadj en l&rsquo;occurrence, un ancien directeur de cabinet de l&rsquo;ancien pr\u00e9sident B\u00e9ji Ca\u00efd Essebsi, tr\u00e8s proche de Nabil Karoui et qui a toujours collabor\u00e9 \u00e9troitement avec les dirigeants d&rsquo;Ennahdha. <\/p>\n\n\n\n<h2 class=\"wp-block-heading\">La <em>\u00ab\u00a0tro\u00efka<\/em> <em>du malheur<\/em>\u00a0\u00bb tire les ficelles <\/h2>\n\n\n\n<p>Cet avocat de son \u00e9tat, qui adore d\u00e9fendre toutes les personnalit\u00e9s accus\u00e9es de corruption, de Hafedh Ca\u00efd Essebsi \u00e0 Nabil Karoui, en passant par Ghazi Karoui, Chafik Jarraya et autres Slim Riahi, pr\u00e9sente, il est vrai, un profil plus conforme aux attentes de la <em>\u00ab\u00a0tro\u00efka du malheur\u00a0\u00bb<\/em>. Il ne risque pas, en tout cas, d&rsquo;exprimer le moindre \u00e9tat d&rsquo;\u00e2me dans l&rsquo;ex\u00e9cution des basses besognes dont on ne manquerait pas de le charger.<\/p>\n\n\n\n<p>Etant \u00e9galement un proche de l&rsquo;homme d&rsquo;affaires influent Kamel Eltaief, Ridha Belhadj est \u00e9galement soutenu par ce qu&rsquo;on appelle des<em> \u00ab\u00a0groupes d&rsquo;int\u00e9r\u00eat\u00a0\u00bb<\/em>, \u00e0 mi-chemin entre les milieux politiques, m\u00e9diatiques et affairistes.<\/p>\n\n\n\n<p>En fait, \u00e0 travers les pressions pour le d\u00e9part de Moez Lidinellah Mokaddem, la <em>\u00ab\u00a0tro\u00efka du malheur\u00a0\u00bb<\/em> cherche, surtout, \u00e0 affaiblir davantage Hichem Mechichi pour en faire une marionnette plus mall\u00e9able voire un quasi-torchon, l&rsquo;homme ayant montr\u00e9 une grande disposition \u00e0 servir, au m\u00e9pris de tous les principes et de toutes les r\u00e8gles de biens\u00e9ance. <\/p>\n\n\n\n<h4 class=\"wp-block-heading\"><em>Articles li\u00e9s: <\/em><\/h4>\n\n\n\n<p><blockquote class=\"wp-embedded-content\" data-secret=\"tWhWvSZF4q\"><a href=\"https:\/\/kapitalis.com\/tunisie\/2021\/06\/19\/ridha-belhadj-aux-tunisiens-lislam-politique-est-votre-destin\/\">Ridha Belhadj aux Tunisiens : \u00abL\u2019islam politique est votre destin\u00bb<\/a><\/blockquote><iframe loading=\"lazy\" class=\"wp-embedded-content\" sandbox=\"allow-scripts\" security=\"restricted\" style=\"position: absolute; clip: rect(1px, 1px, 1px, 1px);\" title=\"\u00ab\u00a0Ridha Belhadj aux Tunisiens : \u00abL\u2019islam politique est votre destin\u00bb\u00a0\u00bb &#8212; Kapitalis\" src=\"https:\/\/kapitalis.com\/tunisie\/2021\/06\/19\/ridha-belhadj-aux-tunisiens-lislam-politique-est-votre-destin\/embed\/#?secret=zb9PDTxi9p#?secret=tWhWvSZF4q\" data-secret=\"tWhWvSZF4q\" width=\"600\" height=\"338\" frameborder=\"0\" marginwidth=\"0\" marginheight=\"0\" scrolling=\"no\"><\/iframe><\/p>\n\n\n\n<p><blockquote class=\"wp-embedded-content\" data-secret=\"Tud3BD0UUJ\"><a href=\"https:\/\/kapitalis.com\/tunisie\/2021\/06\/09\/ridha-belhadj-poursuit-ses-attaques-contre-le-president-kais-saied\/\">Ridha Belhadj poursuit ses attaques contre le pr\u00e9sident Ka\u00efs Sa\u00efed<\/a><\/blockquote><iframe loading=\"lazy\" class=\"wp-embedded-content\" sandbox=\"allow-scripts\" security=\"restricted\" style=\"position: absolute; clip: rect(1px, 1px, 1px, 1px);\" title=\"\u00ab\u00a0Ridha Belhadj poursuit ses attaques contre le pr\u00e9sident Ka\u00efs Sa\u00efed\u00a0\u00bb &#8212; Kapitalis\" src=\"https:\/\/kapitalis.com\/tunisie\/2021\/06\/09\/ridha-belhadj-poursuit-ses-attaques-contre-le-president-kais-saied\/embed\/#?secret=Y0z9f9tZg3#?secret=Tud3BD0UUJ\" data-secret=\"Tud3BD0UUJ\" width=\"600\" height=\"338\" frameborder=\"0\" marginwidth=\"0\" marginheight=\"0\" scrolling=\"no\"><\/iframe><\/p>\n\n\n\n<p><blockquote class=\"wp-embedded-content\" data-secret=\"G3H7bt30pk\"><a href=\"https:\/\/kapitalis.com\/tunisie\/2020\/09\/04\/moez-lidinellah-mokaddem-nomme-directeur-de-cabinet-de-hichem-mechichi\/\">Moez Lidinellah Mokaddem nomm\u00e9  directeur de cabinet de Hichem Mechichi<\/a><\/blockquote><iframe loading=\"lazy\" class=\"wp-embedded-content\" sandbox=\"allow-scripts\" security=\"restricted\" style=\"position: absolute; clip: rect(1px, 1px, 1px, 1px);\" title=\"\u00ab\u00a0Moez Lidinellah Mokaddem nomm\u00e9  directeur de cabinet de Hichem Mechichi\u00a0\u00bb &#8212; Kapitalis\" src=\"https:\/\/kapitalis.com\/tunisie\/2020\/09\/04\/moez-lidinellah-mokaddem-nomme-directeur-de-cabinet-de-hichem-mechichi\/embed\/#?secret=OFgOCqLAZZ#?secret=G3H7bt30pk\" data-secret=\"G3H7bt30pk\" width=\"600\" height=\"338\" frameborder=\"0\" marginwidth=\"0\" marginheight=\"0\" scrolling=\"no\"><\/iframe><\/p>\n","protected":false},"excerpt":{"rendered":"<p>Pourquoi Ennahdha et Qalb Tounes demandent-ils le d\u00e9part de Moez Lidinellah Mokaddem, directeur de cabinet du chef du gouvernement Hichem Mechichi, et son remplacement par Ridha Belhadj, le directeur ex\u00e9cutif du parti Al-Amal, fond\u00e9 par Salma Elloumi ? Par Imed Bahri<\/p>\n","protected":false},"author":8,"featured_media":355707,"comment_status":"open","ping_status":"open","sticky":false,"template":"","format":"standard","meta":{"footnotes":""},"categories":[992,997,2433],"tags":[49543,82393,651,61989,758,88479,8752],"class_list":["post-355700","post","type-post","status-publish","format-standard","has-post-thumbnail","hentry","category-a-la-une","category-politique","category-tunisie","tag-ennahdha","tag-moez-lidinellah-mokaddem","tag-nabil-karoui","tag-qalb-tounes","tag-rached-ghannouchi","tag-ridha-belhadj","tag-seifeddine-makhlouf"],"yoast_head":"<!-- This site is optimized with the Yoast SEO plugin v26.6 - https:\/\/yoast.com\/wordpress\/plugins\/seo\/ -->\n<title>Pourquoi on veut remplacer Moez Lidinellah Mokaddem par Ridha Belhadj ? - Kapitalis<\/title>\n<meta name=\"robots\" content=\"index, follow, max-snippet:-1, max-image-preview:large, max-video-preview:-1\" \/>\n<link rel=\"canonical\" href=\"https:\/\/kapitalis.com\/tunisie\/2021\/07\/09\/pourquoi-on-veut-remplacer-moez-lidinellah-mokaddem-par-ridha-belhadj\/\" \/>\n<meta property=\"og:locale\" content=\"fr_FR\" \/>\n<meta property=\"og:type\" content=\"article\" \/>\n<meta property=\"og:title\" content=\"Pourquoi on veut remplacer Moez Lidinellah Mokaddem par Ridha Belhadj ? - Kapitalis\" \/>\n<meta property=\"og:description\" content=\"Pourquoi Ennahdha et Qalb Tounes demandent-ils le d\u00e9part de Moez Lidinellah Mokaddem, directeur de cabinet du chef du gouvernement Hichem Mechichi, et son remplacement par Ridha Belhadj, le directeur ex\u00e9cutif du parti Al-Amal, fond\u00e9 par Salma Elloumi ? Par Imed Bahri\" \/>\n<meta property=\"og:url\" content=\"https:\/\/kapitalis.com\/tunisie\/2021\/07\/09\/pourquoi-on-veut-remplacer-moez-lidinellah-mokaddem-par-ridha-belhadj\/\" \/>\n<meta property=\"og:site_name\" content=\"Kapitalis\" \/>\n<meta property=\"article:publisher\" content=\"https:\/\/www.facebook.com\/KapitalisInfo\/\" \/>\n<meta property=\"article:published_time\" content=\"2021-07-09T12:51:33+00:00\" \/>\n<meta property=\"article:modified_time\" content=\"2021-07-09T13:13:05+00:00\" \/>\n<meta property=\"og:image\" content=\"https:\/\/kapitalis.com\/tunisie\/wp-content\/uploads\/2022\/05\/kapitalis-logo-fb.png\" \/>\n\t<meta property=\"og:image:width\" content=\"1200\" \/>\n\t<meta property=\"og:image:height\" content=\"630\" \/>\n\t<meta property=\"og:image:type\" content=\"image\/png\" \/>\n<meta name=\"author\" content=\"webmaster kapitalis\" \/>\n<meta name=\"twitter:card\" content=\"summary_large_image\" \/>\n<meta name=\"twitter:creator\" content=\"@KapitalisInfo\" \/>\n<meta name=\"twitter:site\" content=\"@KapitalisInfo\" \/>\n<meta name=\"twitter:label1\" content=\"\u00c9crit par\" \/>\n\t<meta name=\"twitter:data1\" content=\"webmaster kapitalis\" \/>\n\t<meta name=\"twitter:label2\" content=\"Dur\u00e9e de lecture estim\u00e9e\" \/>\n\t<meta name=\"twitter:data2\" content=\"3 minutes\" \/>\n<script type=\"application\/ld+json\" class=\"yoast-schema-graph\">{\"@context\":\"https:\/\/schema.org\",\"@graph\":[{\"@type\":\"Article\",\"@id\":\"https:\/\/kapitalis.com\/tunisie\/2021\/07\/09\/pourquoi-on-veut-remplacer-moez-lidinellah-mokaddem-par-ridha-belhadj\/#article\",\"isPartOf\":{\"@id\":\"https:\/\/kapitalis.com\/tunisie\/2021\/07\/09\/pourquoi-on-veut-remplacer-moez-lidinellah-mokaddem-par-ridha-belhadj\/\"},\"author\":{\"name\":\"webmaster kapitalis\",\"@id\":\"https:\/\/kapitalis.com\/tunisie\/#\/schema\/person\/d71f33a9ca44f7bad4698210b480c8e9\"},\"headline\":\"Pourquoi on veut remplacer Moez Lidinellah Mokaddem par Ridha Belhadj ?\",\"datePublished\":\"2021-07-09T12:51:33+00:00\",\"dateModified\":\"2021-07-09T13:13:05+00:00\",\"mainEntityOfPage\":{\"@id\":\"https:\/\/kapitalis.com\/tunisie\/2021\/07\/09\/pourquoi-on-veut-remplacer-moez-lidinellah-mokaddem-par-ridha-belhadj\/\"},\"wordCount\":627,\"commentCount\":4,\"publisher\":{\"@id\":\"https:\/\/kapitalis.com\/tunisie\/#organization\"},\"image\":{\"@id\":\"https:\/\/kapitalis.com\/tunisie\/2021\/07\/09\/pourquoi-on-veut-remplacer-moez-lidinellah-mokaddem-par-ridha-belhadj\/#primaryimage\"},\"thumbnailUrl\":\"\",\"keywords\":[\"Ennahdha\",\"Moez Lidinellah Mokaddem\",\"Nabil Karoui\",\"Qalb Tounes\",\"Rached Ghannouchi\",\"Ridha Belhadj\",\"Seifeddine Makhlouf\"],\"articleSection\":[\"A LA UNE\",\"POLITIQUE\",\"Tunisie\"],\"inLanguage\":\"fr-FR\",\"potentialAction\":[{\"@type\":\"CommentAction\",\"name\":\"Comment\",\"target\":[\"https:\/\/kapitalis.com\/tunisie\/2021\/07\/09\/pourquoi-on-veut-remplacer-moez-lidinellah-mokaddem-par-ridha-belhadj\/#respond\"]}]},{\"@type\":\"WebPage\",\"@id\":\"https:\/\/kapitalis.com\/tunisie\/2021\/07\/09\/pourquoi-on-veut-remplacer-moez-lidinellah-mokaddem-par-ridha-belhadj\/\",\"url\":\"https:\/\/kapitalis.com\/tunisie\/2021\/07\/09\/pourquoi-on-veut-remplacer-moez-lidinellah-mokaddem-par-ridha-belhadj\/\",\"name\":\"Pourquoi on veut remplacer Moez Lidinellah Mokaddem par Ridha Belhadj ? - Kapitalis\",\"isPartOf\":{\"@id\":\"https:\/\/kapitalis.com\/tunisie\/#website\"},\"primaryImageOfPage\":{\"@id\":\"https:\/\/kapitalis.com\/tunisie\/2021\/07\/09\/pourquoi-on-veut-remplacer-moez-lidinellah-mokaddem-par-ridha-belhadj\/#primaryimage\"},\"image\":{\"@id\":\"https:\/\/kapitalis.com\/tunisie\/2021\/07\/09\/pourquoi-on-veut-remplacer-moez-lidinellah-mokaddem-par-ridha-belhadj\/#primaryimage\"},\"thumbnailUrl\":\"\",\"datePublished\":\"2021-07-09T12:51:33+00:00\",\"dateModified\":\"2021-07-09T13:13:05+00:00\",\"breadcrumb\":{\"@id\":\"https:\/\/kapitalis.com\/tunisie\/2021\/07\/09\/pourquoi-on-veut-remplacer-moez-lidinellah-mokaddem-par-ridha-belhadj\/#breadcrumb\"},\"inLanguage\":\"fr-FR\",\"potentialAction\":[{\"@type\":\"ReadAction\",\"target\":[\"https:\/\/kapitalis.com\/tunisie\/2021\/07\/09\/pourquoi-on-veut-remplacer-moez-lidinellah-mokaddem-par-ridha-belhadj\/\"]}]},{\"@type\":\"ImageObject\",\"inLanguage\":\"fr-FR\",\"@id\":\"https:\/\/kapitalis.com\/tunisie\/2021\/07\/09\/pourquoi-on-veut-remplacer-moez-lidinellah-mokaddem-par-ridha-belhadj\/#primaryimage\",\"url\":\"\",\"contentUrl\":\"\"},{\"@type\":\"BreadcrumbList\",\"@id\":\"https:\/\/kapitalis.com\/tunisie\/2021\/07\/09\/pourquoi-on-veut-remplacer-moez-lidinellah-mokaddem-par-ridha-belhadj\/#breadcrumb\",\"itemListElement\":[{\"@type\":\"ListItem\",\"position\":1,\"name\":\"Accueil\",\"item\":\"https:\/\/kapitalis.com\/tunisie\/\"},{\"@type\":\"ListItem\",\"position\":2,\"name\":\"Pourquoi on veut remplacer Moez Lidinellah Mokaddem par Ridha Belhadj ?\"}]},{\"@type\":\"WebSite\",\"@id\":\"https:\/\/kapitalis.com\/tunisie\/#website\",\"url\":\"https:\/\/kapitalis.com\/tunisie\/\",\"name\":\"Kapitalis\",\"description\":\"L&#039;actualit\u00e9 en Tunisie et dans le monde\",\"publisher\":{\"@id\":\"https:\/\/kapitalis.com\/tunisie\/#organization\"},\"potentialAction\":[{\"@type\":\"SearchAction\",\"target\":{\"@type\":\"EntryPoint\",\"urlTemplate\":\"https:\/\/kapitalis.com\/tunisie\/?s={search_term_string}\"},\"query-input\":{\"@type\":\"PropertyValueSpecification\",\"valueRequired\":true,\"valueName\":\"search_term_string\"}}],\"inLanguage\":\"fr-FR\"},{\"@type\":\"Organization\",\"@id\":\"https:\/\/kapitalis.com\/tunisie\/#organization\",\"name\":\"Kapitalis\",\"url\":\"https:\/\/kapitalis.com\/tunisie\/\",\"logo\":{\"@type\":\"ImageObject\",\"inLanguage\":\"fr-FR\",\"@id\":\"https:\/\/kapitalis.com\/tunisie\/#\/schema\/logo\/image\/\",\"url\":\"https:\/\/kapitalis.com\/tunisie\/wp-content\/uploads\/2022\/05\/Kapitalis-big-size.png\",\"contentUrl\":\"https:\/\/kapitalis.com\/tunisie\/wp-content\/uploads\/2022\/05\/Kapitalis-big-size.png\",\"width\":5000,\"height\":1500,\"caption\":\"Kapitalis\"},\"image\":{\"@id\":\"https:\/\/kapitalis.com\/tunisie\/#\/schema\/logo\/image\/\"},\"sameAs\":[\"https:\/\/www.facebook.com\/KapitalisInfo\/\",\"https:\/\/x.com\/KapitalisInfo\",\"https:\/\/www.youtube.com\/channel\/UC-yDYrHyfFBWWZaOw3FPg9Q\"]},{\"@type\":\"Person\",\"@id\":\"https:\/\/kapitalis.com\/tunisie\/#\/schema\/person\/d71f33a9ca44f7bad4698210b480c8e9\",\"name\":\"webmaster kapitalis\",\"url\":\"https:\/\/kapitalis.com\/tunisie\/author\/webmaster-kapitalis\/\"}]}<\/script>\n<!-- \/ Yoast SEO plugin. -->","yoast_head_json":{"title":"Pourquoi on veut remplacer Moez Lidinellah Mokaddem par Ridha Belhadj ? - Kapitalis","robots":{"index":"index","follow":"follow","max-snippet":"max-snippet:-1","max-image-preview":"max-image-preview:large","max-video-preview":"max-video-preview:-1"},"canonical":"https:\/\/kapitalis.com\/tunisie\/2021\/07\/09\/pourquoi-on-veut-remplacer-moez-lidinellah-mokaddem-par-ridha-belhadj\/","og_locale":"fr_FR","og_type":"article","og_title":"Pourquoi on veut remplacer Moez Lidinellah Mokaddem par Ridha Belhadj ? - Kapitalis","og_description":"Pourquoi Ennahdha et Qalb Tounes demandent-ils le d\u00e9part de Moez Lidinellah Mokaddem, directeur de cabinet du chef du gouvernement Hichem Mechichi, et son remplacement par Ridha Belhadj, le directeur ex\u00e9cutif du parti Al-Amal, fond\u00e9 par Salma Elloumi ? Par Imed Bahri","og_url":"https:\/\/kapitalis.com\/tunisie\/2021\/07\/09\/pourquoi-on-veut-remplacer-moez-lidinellah-mokaddem-par-ridha-belhadj\/","og_site_name":"Kapitalis","article_publisher":"https:\/\/www.facebook.com\/KapitalisInfo\/","article_published_time":"2021-07-09T12:51:33+00:00","article_modified_time":"2021-07-09T13:13:05+00:00","og_image":[{"width":1200,"height":630,"url":"https:\/\/kapitalis.com\/tunisie\/wp-content\/uploads\/2022\/05\/kapitalis-logo-fb.png","type":"image\/png"}],"author":"webmaster kapitalis","twitter_card":"summary_large_image","twitter_creator":"@KapitalisInfo","twitter_site":"@KapitalisInfo","twitter_misc":{"\u00c9crit par":"webmaster kapitalis","Dur\u00e9e de lecture estim\u00e9e":"3 minutes"},"schema":{"@context":"https:\/\/schema.org","@graph":[{"@type":"Article","@id":"https:\/\/kapitalis.com\/tunisie\/2021\/07\/09\/pourquoi-on-veut-remplacer-moez-lidinellah-mokaddem-par-ridha-belhadj\/#article","isPartOf":{"@id":"https:\/\/kapitalis.com\/tunisie\/2021\/07\/09\/pourquoi-on-veut-remplacer-moez-lidinellah-mokaddem-par-ridha-belhadj\/"},"author":{"name":"webmaster kapitalis","@id":"https:\/\/kapitalis.com\/tunisie\/#\/schema\/person\/d71f33a9ca44f7bad4698210b480c8e9"},"headline":"Pourquoi on veut remplacer Moez Lidinellah Mokaddem par Ridha Belhadj ?","datePublished":"2021-07-09T12:51:33+00:00","dateModified":"2021-07-09T13:13:05+00:00","mainEntityOfPage":{"@id":"https:\/\/kapitalis.com\/tunisie\/2021\/07\/09\/pourquoi-on-veut-remplacer-moez-lidinellah-mokaddem-par-ridha-belhadj\/"},"wordCount":627,"commentCount":4,"publisher":{"@id":"https:\/\/kapitalis.com\/tunisie\/#organization"},"image":{"@id":"https:\/\/kapitalis.com\/tunisie\/2021\/07\/09\/pourquoi-on-veut-remplacer-moez-lidinellah-mokaddem-par-ridha-belhadj\/#primaryimage"},"thumbnailUrl":"","keywords":["Ennahdha","Moez Lidinellah Mokaddem","Nabil Karoui","Qalb Tounes","Rached Ghannouchi","Ridha Belhadj","Seifeddine Makhlouf"],"articleSection":["A LA UNE","POLITIQUE","Tunisie"],"inLanguage":"fr-FR","potentialAction":[{"@type":"CommentAction","name":"Comment","target":["https:\/\/kapitalis.com\/tunisie\/2021\/07\/09\/pourquoi-on-veut-remplacer-moez-lidinellah-mokaddem-par-ridha-belhadj\/#respond"]}]},{"@type":"WebPage","@id":"https:\/\/kapitalis.com\/tunisie\/2021\/07\/09\/pourquoi-on-veut-remplacer-moez-lidinellah-mokaddem-par-ridha-belhadj\/","url":"https:\/\/kapitalis.com\/tunisie\/2021\/07\/09\/pourquoi-on-veut-remplacer-moez-lidinellah-mokaddem-par-ridha-belhadj\/","name":"Pourquoi on veut remplacer Moez Lidinellah Mokaddem par Ridha Belhadj ? - Kapitalis","isPartOf":{"@id":"https:\/\/kapitalis.com\/tunisie\/#website"},"primaryImageOfPage":{"@id":"https:\/\/kapitalis.com\/tunisie\/2021\/07\/09\/pourquoi-on-veut-remplacer-moez-lidinellah-mokaddem-par-ridha-belhadj\/#primaryimage"},"image":{"@id":"https:\/\/kapitalis.com\/tunisie\/2021\/07\/09\/pourquoi-on-veut-remplacer-moez-lidinellah-mokaddem-par-ridha-belhadj\/#primaryimage"},"thumbnailUrl":"","datePublished":"2021-07-09T12:51:33+00:00","dateModified":"2021-07-09T13:13:05+00:00","breadcrumb":{"@id":"https:\/\/kapitalis.com\/tunisie\/2021\/07\/09\/pourquoi-on-veut-remplacer-moez-lidinellah-mokaddem-par-ridha-belhadj\/#breadcrumb"},"inLanguage":"fr-FR","potentialAction":[{"@type":"ReadAction","target":["https:\/\/kapitalis.com\/tunisie\/2021\/07\/09\/pourquoi-on-veut-remplacer-moez-lidinellah-mokaddem-par-ridha-belhadj\/"]}]},{"@type":"ImageObject","inLanguage":"fr-FR","@id":"https:\/\/kapitalis.com\/tunisie\/2021\/07\/09\/pourquoi-on-veut-remplacer-moez-lidinellah-mokaddem-par-ridha-belhadj\/#primaryimage","url":"","contentUrl":""},{"@type":"BreadcrumbList","@id":"https:\/\/kapitalis.com\/tunisie\/2021\/07\/09\/pourquoi-on-veut-remplacer-moez-lidinellah-mokaddem-par-ridha-belhadj\/#breadcrumb","itemListElement":[{"@type":"ListItem","position":1,"name":"Accueil","item":"https:\/\/kapitalis.com\/tunisie\/"},{"@type":"ListItem","position":2,"name":"Pourquoi on veut remplacer Moez Lidinellah Mokaddem par Ridha Belhadj ?"}]},{"@type":"WebSite","@id":"https:\/\/kapitalis.com\/tunisie\/#website","url":"https:\/\/kapitalis.com\/tunisie\/","name":"Kapitalis","description":"L&#039;actualit\u00e9 en Tunisie et dans le monde","publisher":{"@id":"https:\/\/kapitalis.com\/tunisie\/#organization"},"potentialAction":[{"@type":"SearchAction","target":{"@type":"EntryPoint","urlTemplate":"https:\/\/kapitalis.com\/tunisie\/?s={search_term_string}"},"query-input":{"@type":"PropertyValueSpecification","valueRequired":true,"valueName":"search_term_string"}}],"inLanguage":"fr-FR"},{"@type":"Organization","@id":"https:\/\/kapitalis.com\/tunisie\/#organization","name":"Kapitalis","url":"https:\/\/kapitalis.com\/tunisie\/","logo":{"@type":"ImageObject","inLanguage":"fr-FR","@id":"https:\/\/kapitalis.com\/tunisie\/#\/schema\/logo\/image\/","url":"https:\/\/kapitalis.com\/tunisie\/wp-content\/uploads\/2022\/05\/Kapitalis-big-size.png","contentUrl":"https:\/\/kapitalis.com\/tunisie\/wp-content\/uploads\/2022\/05\/Kapitalis-big-size.png","width":5000,"height":1500,"caption":"Kapitalis"},"image":{"@id":"https:\/\/kapitalis.com\/tunisie\/#\/schema\/logo\/image\/"},"sameAs":["https:\/\/www.facebook.com\/KapitalisInfo\/","https:\/\/x.com\/KapitalisInfo","https:\/\/www.youtube.com\/channel\/UC-yDYrHyfFBWWZaOw3FPg9Q"]},{"@type":"Person","@id":"https:\/\/kapitalis.com\/tunisie\/#\/schema\/person\/d71f33a9ca44f7bad4698210b480c8e9","name":"webmaster kapitalis","url":"https:\/\/kapitalis.com\/tunisie\/author\/webmaster-kapitalis\/"}]}},"_links":{"self":[{"href":"https:\/\/kapitalis.com\/tunisie\/wp-json\/wp\/v2\/posts\/355700","targetHints":{"allow":["GET"]}}],"collection":[{"href":"https:\/\/kapitalis.com\/tunisie\/wp-json\/wp\/v2\/posts"}],"about":[{"href":"https:\/\/kapitalis.com\/tunisie\/wp-json\/wp\/v2\/types\/post"}],"author":[{"embeddable":true,"href":"https:\/\/kapitalis.com\/tunisie\/wp-json\/wp\/v2\/users\/8"}],"replies":[{"embeddable":true,"href":"https:\/\/kapitalis.com\/tunisie\/wp-json\/wp\/v2\/comments?post=355700"}],"version-history":[{"count":0,"href":"https:\/\/kapitalis.com\/tunisie\/wp-json\/wp\/v2\/posts\/355700\/revisions"}],"wp:featuredmedia":[{"embeddable":true,"href":"https:\/\/kapitalis.com\/tunisie\/wp-json\/wp\/v2\/media\/355707"}],"wp:attachment":[{"href":"https:\/\/kapitalis.com\/tunisie\/wp-json\/wp\/v2\/media?parent=355700"}],"wp:term":[{"taxonomy":"category","embeddable":true,"href":"https:\/\/kapitalis.com\/tunisie\/wp-json\/wp\/v2\/categories?post=355700"},{"taxonomy":"post_tag","embeddable":true,"href":"https:\/\/kapitalis.com\/tunisie\/wp-json\/wp\/v2\/tags?post=355700"}],"curies":[{"name":"wp","href":"https:\/\/api.w.org\/{rel}","templated":true}]}}