{"id":355862,"date":"2021-07-11T11:44:26","date_gmt":"2021-07-11T10:44:26","guid":{"rendered":"http:\/\/kapitalis.com\/tunisie\/?p=355862"},"modified":"2021-07-11T11:47:03","modified_gmt":"2021-07-11T10:47:03","slug":"medina-de-tunis-dream-city-de-retour-du-30-septembre-au-10-octobre-2021","status":"publish","type":"post","link":"https:\/\/kapitalis.com\/tunisie\/2021\/07\/11\/medina-de-tunis-dream-city-de-retour-du-30-septembre-au-10-octobre-2021\/","title":{"rendered":"M\u00e9dina de Tunis : Dream City de retour du 30 septembre au 10 octobre 2021"},"content":{"rendered":"\n<div class=\"wp-block-image\"><figure class=\"aligncenter size-large\"><img decoding=\"async\" src=\"http:\/\/kapitalis.com\/tunisie\/wp-content\/uploads\/2021\/07\/Untitled-13.jpg\" alt=\"\" class=\"wp-image-355868\"\/><\/figure><\/div>\n\n\n\n<p><em><strong>La 8<sup>e<\/sup> \u00e9dition de la biennale d\u2019art pluridisciplinaire Dream City se tiendra du 30 septembre au 10 octobre 2021, toujours \u00e0 la M\u00e9dina de Tunis.<\/strong><\/em><\/p>\n\n\n\n<!--more-->\n\n\n\n<p>L\u2019association L\u2019Art Rue qui travaille sur la d\u00e9mocratisation de l\u2019art vient d\u2019annoncer le retour du festival Dream City qui se tient tous les deux ans depuis l\u2019ann\u00e9e 2007 au c\u0153ur de la M\u00e9dina de Tunis et qui r\u00e9unit \u00e0 chaque fois des artistes de tous les horizons et de toutes les cultures.<\/p>\n\n\n\n<p>Depuis son si\u00e8ge \u00e0 Dar Bach Hamba \u00e0 la M\u00e9dina tunisoise, l\u2019Association L\u2019Art Rue accueille tout au long de l\u2019ann\u00e9e des r\u00e9sidences artistiques qui donnent naissance \u00e0 des projets et des cr\u00e9ations pr\u00e9sent\u00e9s lors du festival.<\/p>\n\n\n\n<p>Le festival s\u2019\u00e9talera cette ann\u00e9e sur une dizaine de jours et promet des performances, des projections, des spectacles et des d\u00e9bats aussi bien autour de l\u2019art que de sujets soci\u00e9taux.<\/p>\n\n\n\n<p>Parmi les artistes en cr\u00e9ation en ce moment \u00e0 Tunis et qui participeront \u00e0 la prochaine \u00e9dition du festival figurent l\u2019artiste belge Lef Spincemaille qui pr\u00e9sentera son installation itin\u00e9rante \u00ab\u00a0<em>Rope\u00a0<\/em>\u00bb et l\u2019artiste italienne Rossella Biscotti avec sa performance sonore \u00ab\u00a0<em>The Journey<\/em>\u00a0\u00bb.<\/p>\n\n\n\n<p>L\u2019association annonce \u00e9galement la participation du DJ tunisien Aly Mrabet et de l\u2019architecte et designer fran\u00e7ais Thomas Egoum\u00e9nides.<\/p>\n\n\n\n<p class=\"has-text-align-right\"><strong>Fawz Benali<\/strong><\/p>\n","protected":false},"excerpt":{"rendered":"<p>La 8e \u00e9dition de la biennale d\u2019art pluridisciplinaire Dream City se tiendra du 30 septembre au 10 octobre 2021, toujours \u00e0 la M\u00e9dina de Tunis.<\/p>\n","protected":false},"author":26,"featured_media":355868,"comment_status":"open","ping_status":"open","sticky":false,"template":"","format":"standard","meta":{"footnotes":""},"categories":[994,2433],"tags":[91922,6784,8866,62643],"class_list":["post-355862","post","type-post","status-publish","format-standard","has-post-thumbnail","hentry","category-culture","category-tunisie","tag-dream-city-2021","tag-lart-rue","tag-medina-de-tunis","tag-tunisie"],"yoast_head":"<!-- This site is optimized with the Yoast SEO plugin v26.6 - https:\/\/yoast.com\/wordpress\/plugins\/seo\/ -->\n<title>M\u00e9dina de Tunis : Dream City de retour du 30 septembre au 10 octobre 2021 - Kapitalis<\/title>\n<meta name=\"robots\" content=\"index, follow, max-snippet:-1, max-image-preview:large, max-video-preview:-1\" \/>\n<link rel=\"canonical\" href=\"https:\/\/kapitalis.com\/tunisie\/2021\/07\/11\/medina-de-tunis-dream-city-de-retour-du-30-septembre-au-10-octobre-2021\/\" \/>\n<meta property=\"og:locale\" content=\"fr_FR\" \/>\n<meta property=\"og:type\" content=\"article\" \/>\n<meta property=\"og:title\" content=\"M\u00e9dina de Tunis : Dream City de retour du 30 septembre au 10 octobre 2021 - Kapitalis\" \/>\n<meta property=\"og:description\" content=\"La 8e \u00e9dition de la biennale d\u2019art pluridisciplinaire Dream City se tiendra du 30 septembre au 10 octobre 2021, toujours \u00e0 la M\u00e9dina de Tunis.\" \/>\n<meta property=\"og:url\" content=\"https:\/\/kapitalis.com\/tunisie\/2021\/07\/11\/medina-de-tunis-dream-city-de-retour-du-30-septembre-au-10-octobre-2021\/\" \/>\n<meta property=\"og:site_name\" content=\"Kapitalis\" \/>\n<meta property=\"article:publisher\" content=\"https:\/\/www.facebook.com\/KapitalisInfo\/\" \/>\n<meta property=\"article:published_time\" content=\"2021-07-11T10:44:26+00:00\" \/>\n<meta property=\"article:modified_time\" content=\"2021-07-11T10:47:03+00:00\" \/>\n<meta property=\"og:image\" content=\"https:\/\/kapitalis.com\/tunisie\/wp-content\/uploads\/2022\/05\/kapitalis-logo-fb.png\" \/>\n\t<meta property=\"og:image:width\" content=\"1200\" \/>\n\t<meta property=\"og:image:height\" content=\"630\" \/>\n\t<meta property=\"og:image:type\" content=\"image\/png\" \/>\n<meta name=\"author\" content=\"Fawz BenAli\" \/>\n<meta name=\"twitter:card\" content=\"summary_large_image\" \/>\n<meta name=\"twitter:creator\" content=\"@KapitalisInfo\" \/>\n<meta name=\"twitter:site\" content=\"@KapitalisInfo\" \/>\n<meta name=\"twitter:label1\" content=\"\u00c9crit par\" \/>\n\t<meta name=\"twitter:data1\" content=\"Fawz BenAli\" \/>\n\t<meta name=\"twitter:label2\" content=\"Dur\u00e9e de lecture estim\u00e9e\" \/>\n\t<meta name=\"twitter:data2\" content=\"1 minute\" \/>\n<script type=\"application\/ld+json\" class=\"yoast-schema-graph\">{\"@context\":\"https:\/\/schema.org\",\"@graph\":[{\"@type\":\"Article\",\"@id\":\"https:\/\/kapitalis.com\/tunisie\/2021\/07\/11\/medina-de-tunis-dream-city-de-retour-du-30-septembre-au-10-octobre-2021\/#article\",\"isPartOf\":{\"@id\":\"https:\/\/kapitalis.com\/tunisie\/2021\/07\/11\/medina-de-tunis-dream-city-de-retour-du-30-septembre-au-10-octobre-2021\/\"},\"author\":{\"name\":\"Fawz BenAli\",\"@id\":\"https:\/\/kapitalis.com\/tunisie\/#\/schema\/person\/73a5ecc1f6ae540c6ed91342eadca948\"},\"headline\":\"M\u00e9dina de Tunis : Dream City de retour du 30 septembre au 10 octobre 2021\",\"datePublished\":\"2021-07-11T10:44:26+00:00\",\"dateModified\":\"2021-07-11T10:47:03+00:00\",\"mainEntityOfPage\":{\"@id\":\"https:\/\/kapitalis.com\/tunisie\/2021\/07\/11\/medina-de-tunis-dream-city-de-retour-du-30-septembre-au-10-octobre-2021\/\"},\"wordCount\":241,\"commentCount\":0,\"publisher\":{\"@id\":\"https:\/\/kapitalis.com\/tunisie\/#organization\"},\"image\":{\"@id\":\"https:\/\/kapitalis.com\/tunisie\/2021\/07\/11\/medina-de-tunis-dream-city-de-retour-du-30-septembre-au-10-octobre-2021\/#primaryimage\"},\"thumbnailUrl\":\"\",\"keywords\":[\"Dream City 2021\",\"L'Art Rue\",\"m\u00e9dina de Tunis\",\"Tunisie\"],\"articleSection\":[\"CULTURE\",\"Tunisie\"],\"inLanguage\":\"fr-FR\",\"potentialAction\":[{\"@type\":\"CommentAction\",\"name\":\"Comment\",\"target\":[\"https:\/\/kapitalis.com\/tunisie\/2021\/07\/11\/medina-de-tunis-dream-city-de-retour-du-30-septembre-au-10-octobre-2021\/#respond\"]}]},{\"@type\":\"WebPage\",\"@id\":\"https:\/\/kapitalis.com\/tunisie\/2021\/07\/11\/medina-de-tunis-dream-city-de-retour-du-30-septembre-au-10-octobre-2021\/\",\"url\":\"https:\/\/kapitalis.com\/tunisie\/2021\/07\/11\/medina-de-tunis-dream-city-de-retour-du-30-septembre-au-10-octobre-2021\/\",\"name\":\"M\u00e9dina de Tunis : Dream City de retour du 30 septembre au 10 octobre 2021 - Kapitalis\",\"isPartOf\":{\"@id\":\"https:\/\/kapitalis.com\/tunisie\/#website\"},\"primaryImageOfPage\":{\"@id\":\"https:\/\/kapitalis.com\/tunisie\/2021\/07\/11\/medina-de-tunis-dream-city-de-retour-du-30-septembre-au-10-octobre-2021\/#primaryimage\"},\"image\":{\"@id\":\"https:\/\/kapitalis.com\/tunisie\/2021\/07\/11\/medina-de-tunis-dream-city-de-retour-du-30-septembre-au-10-octobre-2021\/#primaryimage\"},\"thumbnailUrl\":\"\",\"datePublished\":\"2021-07-11T10:44:26+00:00\",\"dateModified\":\"2021-07-11T10:47:03+00:00\",\"breadcrumb\":{\"@id\":\"https:\/\/kapitalis.com\/tunisie\/2021\/07\/11\/medina-de-tunis-dream-city-de-retour-du-30-septembre-au-10-octobre-2021\/#breadcrumb\"},\"inLanguage\":\"fr-FR\",\"potentialAction\":[{\"@type\":\"ReadAction\",\"target\":[\"https:\/\/kapitalis.com\/tunisie\/2021\/07\/11\/medina-de-tunis-dream-city-de-retour-du-30-septembre-au-10-octobre-2021\/\"]}]},{\"@type\":\"ImageObject\",\"inLanguage\":\"fr-FR\",\"@id\":\"https:\/\/kapitalis.com\/tunisie\/2021\/07\/11\/medina-de-tunis-dream-city-de-retour-du-30-septembre-au-10-octobre-2021\/#primaryimage\",\"url\":\"\",\"contentUrl\":\"\"},{\"@type\":\"BreadcrumbList\",\"@id\":\"https:\/\/kapitalis.com\/tunisie\/2021\/07\/11\/medina-de-tunis-dream-city-de-retour-du-30-septembre-au-10-octobre-2021\/#breadcrumb\",\"itemListElement\":[{\"@type\":\"ListItem\",\"position\":1,\"name\":\"Accueil\",\"item\":\"https:\/\/kapitalis.com\/tunisie\/\"},{\"@type\":\"ListItem\",\"position\":2,\"name\":\"M\u00e9dina de Tunis : Dream City de retour du 30 septembre au 10 octobre 2021\"}]},{\"@type\":\"WebSite\",\"@id\":\"https:\/\/kapitalis.com\/tunisie\/#website\",\"url\":\"https:\/\/kapitalis.com\/tunisie\/\",\"name\":\"Kapitalis\",\"description\":\"L&#039;actualit\u00e9 en Tunisie et dans le monde\",\"publisher\":{\"@id\":\"https:\/\/kapitalis.com\/tunisie\/#organization\"},\"potentialAction\":[{\"@type\":\"SearchAction\",\"target\":{\"@type\":\"EntryPoint\",\"urlTemplate\":\"https:\/\/kapitalis.com\/tunisie\/?s={search_term_string}\"},\"query-input\":{\"@type\":\"PropertyValueSpecification\",\"valueRequired\":true,\"valueName\":\"search_term_string\"}}],\"inLanguage\":\"fr-FR\"},{\"@type\":\"Organization\",\"@id\":\"https:\/\/kapitalis.com\/tunisie\/#organization\",\"name\":\"Kapitalis\",\"url\":\"https:\/\/kapitalis.com\/tunisie\/\",\"logo\":{\"@type\":\"ImageObject\",\"inLanguage\":\"fr-FR\",\"@id\":\"https:\/\/kapitalis.com\/tunisie\/#\/schema\/logo\/image\/\",\"url\":\"https:\/\/kapitalis.com\/tunisie\/wp-content\/uploads\/2022\/05\/Kapitalis-big-size.png\",\"contentUrl\":\"https:\/\/kapitalis.com\/tunisie\/wp-content\/uploads\/2022\/05\/Kapitalis-big-size.png\",\"width\":5000,\"height\":1500,\"caption\":\"Kapitalis\"},\"image\":{\"@id\":\"https:\/\/kapitalis.com\/tunisie\/#\/schema\/logo\/image\/\"},\"sameAs\":[\"https:\/\/www.facebook.com\/KapitalisInfo\/\",\"https:\/\/x.com\/KapitalisInfo\",\"https:\/\/www.youtube.com\/channel\/UC-yDYrHyfFBWWZaOw3FPg9Q\"]},{\"@type\":\"Person\",\"@id\":\"https:\/\/kapitalis.com\/tunisie\/#\/schema\/person\/73a5ecc1f6ae540c6ed91342eadca948\",\"name\":\"Fawz BenAli\",\"url\":\"https:\/\/kapitalis.com\/tunisie\/author\/fawz\/\"}]}<\/script>\n<!-- \/ Yoast SEO plugin. -->","yoast_head_json":{"title":"M\u00e9dina de Tunis : Dream City de retour du 30 septembre au 10 octobre 2021 - Kapitalis","robots":{"index":"index","follow":"follow","max-snippet":"max-snippet:-1","max-image-preview":"max-image-preview:large","max-video-preview":"max-video-preview:-1"},"canonical":"https:\/\/kapitalis.com\/tunisie\/2021\/07\/11\/medina-de-tunis-dream-city-de-retour-du-30-septembre-au-10-octobre-2021\/","og_locale":"fr_FR","og_type":"article","og_title":"M\u00e9dina de Tunis : Dream City de retour du 30 septembre au 10 octobre 2021 - Kapitalis","og_description":"La 8e \u00e9dition de la biennale d\u2019art pluridisciplinaire Dream City se tiendra du 30 septembre au 10 octobre 2021, toujours \u00e0 la M\u00e9dina de Tunis.","og_url":"https:\/\/kapitalis.com\/tunisie\/2021\/07\/11\/medina-de-tunis-dream-city-de-retour-du-30-septembre-au-10-octobre-2021\/","og_site_name":"Kapitalis","article_publisher":"https:\/\/www.facebook.com\/KapitalisInfo\/","article_published_time":"2021-07-11T10:44:26+00:00","article_modified_time":"2021-07-11T10:47:03+00:00","og_image":[{"width":1200,"height":630,"url":"https:\/\/kapitalis.com\/tunisie\/wp-content\/uploads\/2022\/05\/kapitalis-logo-fb.png","type":"image\/png"}],"author":"Fawz BenAli","twitter_card":"summary_large_image","twitter_creator":"@KapitalisInfo","twitter_site":"@KapitalisInfo","twitter_misc":{"\u00c9crit par":"Fawz BenAli","Dur\u00e9e de lecture estim\u00e9e":"1 minute"},"schema":{"@context":"https:\/\/schema.org","@graph":[{"@type":"Article","@id":"https:\/\/kapitalis.com\/tunisie\/2021\/07\/11\/medina-de-tunis-dream-city-de-retour-du-30-septembre-au-10-octobre-2021\/#article","isPartOf":{"@id":"https:\/\/kapitalis.com\/tunisie\/2021\/07\/11\/medina-de-tunis-dream-city-de-retour-du-30-septembre-au-10-octobre-2021\/"},"author":{"name":"Fawz BenAli","@id":"https:\/\/kapitalis.com\/tunisie\/#\/schema\/person\/73a5ecc1f6ae540c6ed91342eadca948"},"headline":"M\u00e9dina de Tunis : Dream City de retour du 30 septembre au 10 octobre 2021","datePublished":"2021-07-11T10:44:26+00:00","dateModified":"2021-07-11T10:47:03+00:00","mainEntityOfPage":{"@id":"https:\/\/kapitalis.com\/tunisie\/2021\/07\/11\/medina-de-tunis-dream-city-de-retour-du-30-septembre-au-10-octobre-2021\/"},"wordCount":241,"commentCount":0,"publisher":{"@id":"https:\/\/kapitalis.com\/tunisie\/#organization"},"image":{"@id":"https:\/\/kapitalis.com\/tunisie\/2021\/07\/11\/medina-de-tunis-dream-city-de-retour-du-30-septembre-au-10-octobre-2021\/#primaryimage"},"thumbnailUrl":"","keywords":["Dream City 2021","L'Art Rue","m\u00e9dina de Tunis","Tunisie"],"articleSection":["CULTURE","Tunisie"],"inLanguage":"fr-FR","potentialAction":[{"@type":"CommentAction","name":"Comment","target":["https:\/\/kapitalis.com\/tunisie\/2021\/07\/11\/medina-de-tunis-dream-city-de-retour-du-30-septembre-au-10-octobre-2021\/#respond"]}]},{"@type":"WebPage","@id":"https:\/\/kapitalis.com\/tunisie\/2021\/07\/11\/medina-de-tunis-dream-city-de-retour-du-30-septembre-au-10-octobre-2021\/","url":"https:\/\/kapitalis.com\/tunisie\/2021\/07\/11\/medina-de-tunis-dream-city-de-retour-du-30-septembre-au-10-octobre-2021\/","name":"M\u00e9dina de Tunis : Dream City de retour du 30 septembre au 10 octobre 2021 - Kapitalis","isPartOf":{"@id":"https:\/\/kapitalis.com\/tunisie\/#website"},"primaryImageOfPage":{"@id":"https:\/\/kapitalis.com\/tunisie\/2021\/07\/11\/medina-de-tunis-dream-city-de-retour-du-30-septembre-au-10-octobre-2021\/#primaryimage"},"image":{"@id":"https:\/\/kapitalis.com\/tunisie\/2021\/07\/11\/medina-de-tunis-dream-city-de-retour-du-30-septembre-au-10-octobre-2021\/#primaryimage"},"thumbnailUrl":"","datePublished":"2021-07-11T10:44:26+00:00","dateModified":"2021-07-11T10:47:03+00:00","breadcrumb":{"@id":"https:\/\/kapitalis.com\/tunisie\/2021\/07\/11\/medina-de-tunis-dream-city-de-retour-du-30-septembre-au-10-octobre-2021\/#breadcrumb"},"inLanguage":"fr-FR","potentialAction":[{"@type":"ReadAction","target":["https:\/\/kapitalis.com\/tunisie\/2021\/07\/11\/medina-de-tunis-dream-city-de-retour-du-30-septembre-au-10-octobre-2021\/"]}]},{"@type":"ImageObject","inLanguage":"fr-FR","@id":"https:\/\/kapitalis.com\/tunisie\/2021\/07\/11\/medina-de-tunis-dream-city-de-retour-du-30-septembre-au-10-octobre-2021\/#primaryimage","url":"","contentUrl":""},{"@type":"BreadcrumbList","@id":"https:\/\/kapitalis.com\/tunisie\/2021\/07\/11\/medina-de-tunis-dream-city-de-retour-du-30-septembre-au-10-octobre-2021\/#breadcrumb","itemListElement":[{"@type":"ListItem","position":1,"name":"Accueil","item":"https:\/\/kapitalis.com\/tunisie\/"},{"@type":"ListItem","position":2,"name":"M\u00e9dina de Tunis : Dream City de retour du 30 septembre au 10 octobre 2021"}]},{"@type":"WebSite","@id":"https:\/\/kapitalis.com\/tunisie\/#website","url":"https:\/\/kapitalis.com\/tunisie\/","name":"Kapitalis","description":"L&#039;actualit\u00e9 en Tunisie et dans le monde","publisher":{"@id":"https:\/\/kapitalis.com\/tunisie\/#organization"},"potentialAction":[{"@type":"SearchAction","target":{"@type":"EntryPoint","urlTemplate":"https:\/\/kapitalis.com\/tunisie\/?s={search_term_string}"},"query-input":{"@type":"PropertyValueSpecification","valueRequired":true,"valueName":"search_term_string"}}],"inLanguage":"fr-FR"},{"@type":"Organization","@id":"https:\/\/kapitalis.com\/tunisie\/#organization","name":"Kapitalis","url":"https:\/\/kapitalis.com\/tunisie\/","logo":{"@type":"ImageObject","inLanguage":"fr-FR","@id":"https:\/\/kapitalis.com\/tunisie\/#\/schema\/logo\/image\/","url":"https:\/\/kapitalis.com\/tunisie\/wp-content\/uploads\/2022\/05\/Kapitalis-big-size.png","contentUrl":"https:\/\/kapitalis.com\/tunisie\/wp-content\/uploads\/2022\/05\/Kapitalis-big-size.png","width":5000,"height":1500,"caption":"Kapitalis"},"image":{"@id":"https:\/\/kapitalis.com\/tunisie\/#\/schema\/logo\/image\/"},"sameAs":["https:\/\/www.facebook.com\/KapitalisInfo\/","https:\/\/x.com\/KapitalisInfo","https:\/\/www.youtube.com\/channel\/UC-yDYrHyfFBWWZaOw3FPg9Q"]},{"@type":"Person","@id":"https:\/\/kapitalis.com\/tunisie\/#\/schema\/person\/73a5ecc1f6ae540c6ed91342eadca948","name":"Fawz BenAli","url":"https:\/\/kapitalis.com\/tunisie\/author\/fawz\/"}]}},"_links":{"self":[{"href":"https:\/\/kapitalis.com\/tunisie\/wp-json\/wp\/v2\/posts\/355862","targetHints":{"allow":["GET"]}}],"collection":[{"href":"https:\/\/kapitalis.com\/tunisie\/wp-json\/wp\/v2\/posts"}],"about":[{"href":"https:\/\/kapitalis.com\/tunisie\/wp-json\/wp\/v2\/types\/post"}],"author":[{"embeddable":true,"href":"https:\/\/kapitalis.com\/tunisie\/wp-json\/wp\/v2\/users\/26"}],"replies":[{"embeddable":true,"href":"https:\/\/kapitalis.com\/tunisie\/wp-json\/wp\/v2\/comments?post=355862"}],"version-history":[{"count":0,"href":"https:\/\/kapitalis.com\/tunisie\/wp-json\/wp\/v2\/posts\/355862\/revisions"}],"wp:featuredmedia":[{"embeddable":true,"href":"https:\/\/kapitalis.com\/tunisie\/wp-json\/wp\/v2\/media\/355868"}],"wp:attachment":[{"href":"https:\/\/kapitalis.com\/tunisie\/wp-json\/wp\/v2\/media?parent=355862"}],"wp:term":[{"taxonomy":"category","embeddable":true,"href":"https:\/\/kapitalis.com\/tunisie\/wp-json\/wp\/v2\/categories?post=355862"},{"taxonomy":"post_tag","embeddable":true,"href":"https:\/\/kapitalis.com\/tunisie\/wp-json\/wp\/v2\/tags?post=355862"}],"curies":[{"name":"wp","href":"https:\/\/api.w.org\/{rel}","templated":true}]}}