{"id":355924,"date":"2021-07-12T11:55:49","date_gmt":"2021-07-12T10:55:49","guid":{"rendered":"http:\/\/kapitalis.com\/tunisie\/?p=355924"},"modified":"2021-07-12T12:00:37","modified_gmt":"2021-07-12T11:00:37","slug":"la-tunisie-reduite-au-statut-detat-mendiant","status":"publish","type":"post","link":"https:\/\/kapitalis.com\/tunisie\/2021\/07\/12\/la-tunisie-reduite-au-statut-detat-mendiant\/","title":{"rendered":"La Tunisie r\u00e9duite au statut d\u2019Etat mendiant"},"content":{"rendered":"\n<div class=\"wp-block-image\"><figure class=\"aligncenter size-large\"><img decoding=\"async\" src=\"http:\/\/kapitalis.com\/tunisie\/wp-content\/uploads\/2021\/04\/Covax-vaccins-Tunisie.jpg\" alt=\"\" class=\"wp-image-343915\"\/><figcaption><em>La Tunisie a besoin de l&rsquo;aide internationale pour vacciner ses 11 millions d&rsquo;habitants.<\/em><\/figcaption><\/figure><\/div>\n\n\n\n<p><strong><em>En Tunisie, la mentalit\u00e9 d\u2019assist\u00e9 est devenue une doctrine \u00e0 la fois officielle et populaire. Ni l\u2019Etat \u00e0 travers ses plus hauts responsables ni les citoyens ne ressentent la moindre g\u00eane \u00e0 qu\u00e9mander l\u2019aide internationale. Beaucoup sont m\u00eame contents de recevoir ces aides et demandent toujours davantage et sans aucune fiert\u00e9, alors qu\u2019il suffit de mieux g\u00e9rer les ressources dont dispose le pays et retrousser ses manches pour trouver les fonds n\u00e9cessaires pour sauver le pays de la d\u00e9b\u00e2cle.<\/em><\/strong><\/p>\n\n\n\n<p>Par <strong>Chedly Mamoghli <\/strong>*<\/p>\n\n\n\n<!--more-->\n\n\n\n<div class=\"wp-block-image\"><figure class=\"alignleft size-large\"><img decoding=\"async\" src=\"http:\/\/kapitalis.com\/tunisie\/wp-content\/uploads\/2018\/06\/Chedly-Mamoghli.jpg\" alt=\"\" class=\"wp-image-158631\"\/><\/figure><\/div>\n\n\n\n<p>Quel triste spectacle aussi bien sur le plan officiel que sur le plan populaire ! Quel triste et sinistre constat qu\u2019apr\u00e8s 65 ans d\u2019ind\u00e9pendance et plus de 10 ans apr\u00e8s la r\u00e9volution de la libert\u00e9 et de la dignit\u00e9, de la seule d\u00e9mocratie en terre d\u2019islam et de la plus belle Constitution du monde (concepts avec lesquels adorent nous bassiner les adeptes de la langue de bois) que nous soyons devenus un \u00c9tat-mendiant o\u00f9 nos autorit\u00e9s et beaucoup de nos compatriotes sont contents, tr\u00e8s contents et m\u00eame fiers de faire la manche qu\u00e9mandant des aides aux autres pays (qu\u2019ils adorent d\u2019habitude vilipender et auxquels ils adorent aussi donner des le\u00e7ons ainsi qu\u2019\u00e0 leurs gouvernants) et remercier les voyous aux fortunes opaques qui exploitent cette conjoncture pour se b\u00e2tir une popularit\u00e9 d\u2019une mani\u00e8re tout sauf d\u00e9sint\u00e9ress\u00e9e.<\/p>\n\n\n\n<h2 class=\"wp-block-heading\">Un peuple qui s\u2019accommode d\u2019une situation d\u00e9gradante<\/h2>\n\n\n\n<p>Ce triste spectacle est affligeant pour le Tunisien que je suis. Notre pays a tout pour r\u00e9ussir, aussi bien sur le plan naturel que sur le plan humain, tous les ingr\u00e9dients existent pour en faire un pays stable et prosp\u00e8re et une nation fi\u00e8re mais h\u00e9las tout est fait pour que le contraire se produise et s\u2019\u00e9ternise.<\/p>\n\n\n\n<p>Les islamistes boulimiques, les affairistes pr\u00e9dateurs et les syndicalistes corrompus ont confisqu\u00e9 le pouvoir, \u00e9cart\u00e9 tous les patriotes qui veulent servir leur pays et non se servir et ont achev\u00e9 ce pays et le pire c\u2019est que beaucoup de nos compatriotes s\u2019accommodent \u00e0 cette situation sinistre, trouvent normal de faire les mendiants \u00e0 l\u2019\u00e9chelle internationale et remercient les voyous aux fortunes opaques comme si c\u2019\u00e9taient des philanthropes respectables.<\/p>\n\n\n\n<h2 class=\"wp-block-heading\">Des voyous aux fortunes opaques jouent aux sauveurs<\/h2>\n\n\n\n<p>La mentalit\u00e9 des assist\u00e9s est devenue une doctrine \u00e0 la fois officielle et populaire. Aucune g\u00eane \u00e0 recevoir l\u2019aide internationale, beaucoup sont contents de recevoir ces aides et demandent toujours davantage. Ils n\u2019ont aucune fiert\u00e9. Aucune g\u00eane \u00e0 ce que les voyous aux fortunes opaques exploitent la situation pour jouer les sauveurs. Peu importe qui donne l\u2019argent et l\u2019origine de cet argent, l\u2019essentiel c\u2019est de l\u2019argent. Mais c\u2019est quoi cette mentalit\u00e9 d\u00e9goutante ? C\u2019est quoi ce mis\u00e9rabilisme ? Au lieu de demander des comptes \u00e0 ces gouvernants incapables, aux islamistes, aux syndicalistes et aux affairistes v\u00e9reux, ils acceptent la situation et font la manche.<\/p>\n\n\n\n<p>Des fois, je me demande s&rsquo;il vaut mieux mourir que vivre ce cauchemar.<\/p>\n\n\n\n<p>* <em>Juriste.<\/em><\/p>\n\n\n\n<h4 class=\"wp-block-heading\"><em>Articles du m\u00eame auteur dans Kapitalis :<\/em><\/h4>\n\n\n\n<p><blockquote class=\"wp-embedded-content\" data-secret=\"3KhA4M75RQ\"><a href=\"https:\/\/kapitalis.com\/tunisie\/2021\/05\/11\/afghanistan-le-disneyland-du-terrorisme-islamiste-et-du-narcotrafic\/\">Afghanistan, le Disneyland du terrorisme islamiste et du narcotrafic<\/a><\/blockquote><iframe loading=\"lazy\" class=\"wp-embedded-content\" sandbox=\"allow-scripts\" security=\"restricted\" style=\"position: absolute; clip: rect(1px, 1px, 1px, 1px);\" title=\"\u00ab\u00a0Afghanistan, le Disneyland du terrorisme islamiste et du narcotrafic\u00a0\u00bb &#8212; Kapitalis\" src=\"https:\/\/kapitalis.com\/tunisie\/2021\/05\/11\/afghanistan-le-disneyland-du-terrorisme-islamiste-et-du-narcotrafic\/embed\/#?secret=yjz2EQxUgj#?secret=3KhA4M75RQ\" data-secret=\"3KhA4M75RQ\" width=\"600\" height=\"338\" frameborder=\"0\" marginwidth=\"0\" marginheight=\"0\" scrolling=\"no\"><\/iframe><\/p>\n\n\n\n<p><blockquote class=\"wp-embedded-content\" data-secret=\"RHjKza1DQR\"><a href=\"https:\/\/kapitalis.com\/tunisie\/2021\/02\/25\/jusqua-quand-kais-saied-va-t-il-ignorer-lafrique\/\">Jusqu\u2019\u00e0 quand Ka\u00efs Sa\u00efed va-t-il ignorer l\u2019Afrique ?<\/a><\/blockquote><iframe loading=\"lazy\" class=\"wp-embedded-content\" sandbox=\"allow-scripts\" security=\"restricted\" style=\"position: absolute; clip: rect(1px, 1px, 1px, 1px);\" title=\"\u00ab\u00a0Jusqu\u2019\u00e0 quand Ka\u00efs Sa\u00efed va-t-il ignorer l\u2019Afrique ?\u00a0\u00bb &#8212; Kapitalis\" src=\"https:\/\/kapitalis.com\/tunisie\/2021\/02\/25\/jusqua-quand-kais-saied-va-t-il-ignorer-lafrique\/embed\/#?secret=Ee9RjD5cXa#?secret=RHjKza1DQR\" data-secret=\"RHjKza1DQR\" width=\"600\" height=\"338\" frameborder=\"0\" marginwidth=\"0\" marginheight=\"0\" scrolling=\"no\"><\/iframe><\/p>\n\n\n\n<p><blockquote class=\"wp-embedded-content\" data-secret=\"vtQ2XRaGDo\"><a href=\"https:\/\/kapitalis.com\/tunisie\/2020\/02\/08\/des-fourberies-de-rached-a-la-maladie-de-kais\/\">Des \u00abfourberies\u00bb de Rached \u00e0 la \u00abmaladie\u00bb de Ka\u00efs<\/a><\/blockquote><iframe loading=\"lazy\" class=\"wp-embedded-content\" sandbox=\"allow-scripts\" security=\"restricted\" style=\"position: absolute; clip: rect(1px, 1px, 1px, 1px);\" title=\"\u00ab\u00a0Des \u00abfourberies\u00bb de Rached \u00e0 la \u00abmaladie\u00bb de Ka\u00efs\u00a0\u00bb &#8212; Kapitalis\" src=\"https:\/\/kapitalis.com\/tunisie\/2020\/02\/08\/des-fourberies-de-rached-a-la-maladie-de-kais\/embed\/#?secret=8jZTrUuWbV#?secret=vtQ2XRaGDo\" data-secret=\"vtQ2XRaGDo\" width=\"600\" height=\"338\" frameborder=\"0\" marginwidth=\"0\" marginheight=\"0\" scrolling=\"no\"><\/iframe><\/p>\n","protected":false},"excerpt":{"rendered":"<p>En Tunisie, la mentalit\u00e9 d\u2019assist\u00e9 est devenue une doctrine \u00e0 la fois officielle et populaire. Ni l\u2019Etat \u00e0 travers ses plus hauts responsables ni les citoyens ne ressentent la moindre g\u00eane \u00e0 qu\u00e9mander l\u2019aide internationale. Beaucoup sont m\u00eame contents de recevoir ces aides et demandent toujours davantage et sans aucune fiert\u00e9, alors qu\u2019il suffit de&#8230;<\/p>\n","protected":false},"author":8,"featured_media":0,"comment_status":"open","ping_status":"open","sticky":false,"template":"","format":"standard","meta":{"footnotes":""},"categories":[992,997,1000,2433],"tags":[77487,48111,91934,62643],"class_list":["post-355924","post","type-post","status-publish","format-standard","hentry","category-a-la-une","category-politique","category-tribune","category-tunisie","tag-aide-internationale","tag-chedly-mamoghli","tag-etat-mendiant","tag-tunisie"],"yoast_head":"<!-- This site is optimized with the Yoast SEO plugin v26.6 - https:\/\/yoast.com\/wordpress\/plugins\/seo\/ -->\n<title>La Tunisie r\u00e9duite au statut d\u2019Etat mendiant - Kapitalis<\/title>\n<meta name=\"robots\" content=\"index, follow, max-snippet:-1, max-image-preview:large, max-video-preview:-1\" \/>\n<link rel=\"canonical\" href=\"https:\/\/kapitalis.com\/tunisie\/2021\/07\/12\/la-tunisie-reduite-au-statut-detat-mendiant\/\" \/>\n<meta property=\"og:locale\" content=\"fr_FR\" \/>\n<meta property=\"og:type\" content=\"article\" \/>\n<meta property=\"og:title\" content=\"La Tunisie r\u00e9duite au statut d\u2019Etat mendiant - Kapitalis\" \/>\n<meta property=\"og:description\" content=\"En Tunisie, la mentalit\u00e9 d\u2019assist\u00e9 est devenue une doctrine \u00e0 la fois officielle et populaire. Ni l\u2019Etat \u00e0 travers ses plus hauts responsables ni les citoyens ne ressentent la moindre g\u00eane \u00e0 qu\u00e9mander l\u2019aide internationale. Beaucoup sont m\u00eame contents de recevoir ces aides et demandent toujours davantage et sans aucune fiert\u00e9, alors qu\u2019il suffit de...\" \/>\n<meta property=\"og:url\" content=\"https:\/\/kapitalis.com\/tunisie\/2021\/07\/12\/la-tunisie-reduite-au-statut-detat-mendiant\/\" \/>\n<meta property=\"og:site_name\" content=\"Kapitalis\" \/>\n<meta property=\"article:publisher\" content=\"https:\/\/www.facebook.com\/KapitalisInfo\/\" \/>\n<meta property=\"article:published_time\" content=\"2021-07-12T10:55:49+00:00\" \/>\n<meta property=\"article:modified_time\" content=\"2021-07-12T11:00:37+00:00\" \/>\n<meta property=\"og:image\" content=\"http:\/\/kapitalis.com\/tunisie\/wp-content\/uploads\/2021\/04\/Covax-vaccins-Tunisie.jpg\" \/>\n<meta name=\"author\" content=\"webmaster kapitalis\" \/>\n<meta name=\"twitter:card\" content=\"summary_large_image\" \/>\n<meta name=\"twitter:creator\" content=\"@KapitalisInfo\" \/>\n<meta name=\"twitter:site\" content=\"@KapitalisInfo\" \/>\n<meta name=\"twitter:label1\" content=\"\u00c9crit par\" \/>\n\t<meta name=\"twitter:data1\" content=\"webmaster kapitalis\" \/>\n\t<meta name=\"twitter:label2\" content=\"Dur\u00e9e de lecture estim\u00e9e\" \/>\n\t<meta name=\"twitter:data2\" content=\"3 minutes\" \/>\n<script type=\"application\/ld+json\" class=\"yoast-schema-graph\">{\"@context\":\"https:\/\/schema.org\",\"@graph\":[{\"@type\":\"Article\",\"@id\":\"https:\/\/kapitalis.com\/tunisie\/2021\/07\/12\/la-tunisie-reduite-au-statut-detat-mendiant\/#article\",\"isPartOf\":{\"@id\":\"https:\/\/kapitalis.com\/tunisie\/2021\/07\/12\/la-tunisie-reduite-au-statut-detat-mendiant\/\"},\"author\":{\"name\":\"webmaster kapitalis\",\"@id\":\"https:\/\/kapitalis.com\/tunisie\/#\/schema\/person\/d71f33a9ca44f7bad4698210b480c8e9\"},\"headline\":\"La Tunisie r\u00e9duite au statut d\u2019Etat mendiant\",\"datePublished\":\"2021-07-12T10:55:49+00:00\",\"dateModified\":\"2021-07-12T11:00:37+00:00\",\"mainEntityOfPage\":{\"@id\":\"https:\/\/kapitalis.com\/tunisie\/2021\/07\/12\/la-tunisie-reduite-au-statut-detat-mendiant\/\"},\"wordCount\":565,\"commentCount\":10,\"publisher\":{\"@id\":\"https:\/\/kapitalis.com\/tunisie\/#organization\"},\"image\":{\"@id\":\"https:\/\/kapitalis.com\/tunisie\/2021\/07\/12\/la-tunisie-reduite-au-statut-detat-mendiant\/#primaryimage\"},\"thumbnailUrl\":\"http:\/\/kapitalis.com\/tunisie\/wp-content\/uploads\/2021\/04\/Covax-vaccins-Tunisie.jpg\",\"keywords\":[\"aide internationale\",\"Chedly Mamoghli\",\"Etat mendiant\",\"Tunisie\"],\"articleSection\":[\"A LA UNE\",\"POLITIQUE\",\"TRIBUNE\",\"Tunisie\"],\"inLanguage\":\"fr-FR\",\"potentialAction\":[{\"@type\":\"CommentAction\",\"name\":\"Comment\",\"target\":[\"https:\/\/kapitalis.com\/tunisie\/2021\/07\/12\/la-tunisie-reduite-au-statut-detat-mendiant\/#respond\"]}]},{\"@type\":\"WebPage\",\"@id\":\"https:\/\/kapitalis.com\/tunisie\/2021\/07\/12\/la-tunisie-reduite-au-statut-detat-mendiant\/\",\"url\":\"https:\/\/kapitalis.com\/tunisie\/2021\/07\/12\/la-tunisie-reduite-au-statut-detat-mendiant\/\",\"name\":\"La Tunisie r\u00e9duite au statut d\u2019Etat mendiant - Kapitalis\",\"isPartOf\":{\"@id\":\"https:\/\/kapitalis.com\/tunisie\/#website\"},\"primaryImageOfPage\":{\"@id\":\"https:\/\/kapitalis.com\/tunisie\/2021\/07\/12\/la-tunisie-reduite-au-statut-detat-mendiant\/#primaryimage\"},\"image\":{\"@id\":\"https:\/\/kapitalis.com\/tunisie\/2021\/07\/12\/la-tunisie-reduite-au-statut-detat-mendiant\/#primaryimage\"},\"thumbnailUrl\":\"http:\/\/kapitalis.com\/tunisie\/wp-content\/uploads\/2021\/04\/Covax-vaccins-Tunisie.jpg\",\"datePublished\":\"2021-07-12T10:55:49+00:00\",\"dateModified\":\"2021-07-12T11:00:37+00:00\",\"breadcrumb\":{\"@id\":\"https:\/\/kapitalis.com\/tunisie\/2021\/07\/12\/la-tunisie-reduite-au-statut-detat-mendiant\/#breadcrumb\"},\"inLanguage\":\"fr-FR\",\"potentialAction\":[{\"@type\":\"ReadAction\",\"target\":[\"https:\/\/kapitalis.com\/tunisie\/2021\/07\/12\/la-tunisie-reduite-au-statut-detat-mendiant\/\"]}]},{\"@type\":\"ImageObject\",\"inLanguage\":\"fr-FR\",\"@id\":\"https:\/\/kapitalis.com\/tunisie\/2021\/07\/12\/la-tunisie-reduite-au-statut-detat-mendiant\/#primaryimage\",\"url\":\"\",\"contentUrl\":\"\"},{\"@type\":\"BreadcrumbList\",\"@id\":\"https:\/\/kapitalis.com\/tunisie\/2021\/07\/12\/la-tunisie-reduite-au-statut-detat-mendiant\/#breadcrumb\",\"itemListElement\":[{\"@type\":\"ListItem\",\"position\":1,\"name\":\"Accueil\",\"item\":\"https:\/\/kapitalis.com\/tunisie\/\"},{\"@type\":\"ListItem\",\"position\":2,\"name\":\"La Tunisie r\u00e9duite au statut d\u2019Etat mendiant\"}]},{\"@type\":\"WebSite\",\"@id\":\"https:\/\/kapitalis.com\/tunisie\/#website\",\"url\":\"https:\/\/kapitalis.com\/tunisie\/\",\"name\":\"Kapitalis\",\"description\":\"L&#039;actualit\u00e9 en Tunisie et dans le monde\",\"publisher\":{\"@id\":\"https:\/\/kapitalis.com\/tunisie\/#organization\"},\"potentialAction\":[{\"@type\":\"SearchAction\",\"target\":{\"@type\":\"EntryPoint\",\"urlTemplate\":\"https:\/\/kapitalis.com\/tunisie\/?s={search_term_string}\"},\"query-input\":{\"@type\":\"PropertyValueSpecification\",\"valueRequired\":true,\"valueName\":\"search_term_string\"}}],\"inLanguage\":\"fr-FR\"},{\"@type\":\"Organization\",\"@id\":\"https:\/\/kapitalis.com\/tunisie\/#organization\",\"name\":\"Kapitalis\",\"url\":\"https:\/\/kapitalis.com\/tunisie\/\",\"logo\":{\"@type\":\"ImageObject\",\"inLanguage\":\"fr-FR\",\"@id\":\"https:\/\/kapitalis.com\/tunisie\/#\/schema\/logo\/image\/\",\"url\":\"https:\/\/kapitalis.com\/tunisie\/wp-content\/uploads\/2022\/05\/Kapitalis-big-size.png\",\"contentUrl\":\"https:\/\/kapitalis.com\/tunisie\/wp-content\/uploads\/2022\/05\/Kapitalis-big-size.png\",\"width\":5000,\"height\":1500,\"caption\":\"Kapitalis\"},\"image\":{\"@id\":\"https:\/\/kapitalis.com\/tunisie\/#\/schema\/logo\/image\/\"},\"sameAs\":[\"https:\/\/www.facebook.com\/KapitalisInfo\/\",\"https:\/\/x.com\/KapitalisInfo\",\"https:\/\/www.youtube.com\/channel\/UC-yDYrHyfFBWWZaOw3FPg9Q\"]},{\"@type\":\"Person\",\"@id\":\"https:\/\/kapitalis.com\/tunisie\/#\/schema\/person\/d71f33a9ca44f7bad4698210b480c8e9\",\"name\":\"webmaster kapitalis\",\"url\":\"https:\/\/kapitalis.com\/tunisie\/author\/webmaster-kapitalis\/\"}]}<\/script>\n<!-- \/ Yoast SEO plugin. -->","yoast_head_json":{"title":"La Tunisie r\u00e9duite au statut d\u2019Etat mendiant - Kapitalis","robots":{"index":"index","follow":"follow","max-snippet":"max-snippet:-1","max-image-preview":"max-image-preview:large","max-video-preview":"max-video-preview:-1"},"canonical":"https:\/\/kapitalis.com\/tunisie\/2021\/07\/12\/la-tunisie-reduite-au-statut-detat-mendiant\/","og_locale":"fr_FR","og_type":"article","og_title":"La Tunisie r\u00e9duite au statut d\u2019Etat mendiant - Kapitalis","og_description":"En Tunisie, la mentalit\u00e9 d\u2019assist\u00e9 est devenue une doctrine \u00e0 la fois officielle et populaire. Ni l\u2019Etat \u00e0 travers ses plus hauts responsables ni les citoyens ne ressentent la moindre g\u00eane \u00e0 qu\u00e9mander l\u2019aide internationale. Beaucoup sont m\u00eame contents de recevoir ces aides et demandent toujours davantage et sans aucune fiert\u00e9, alors qu\u2019il suffit de...","og_url":"https:\/\/kapitalis.com\/tunisie\/2021\/07\/12\/la-tunisie-reduite-au-statut-detat-mendiant\/","og_site_name":"Kapitalis","article_publisher":"https:\/\/www.facebook.com\/KapitalisInfo\/","article_published_time":"2021-07-12T10:55:49+00:00","article_modified_time":"2021-07-12T11:00:37+00:00","og_image":[{"url":"http:\/\/kapitalis.com\/tunisie\/wp-content\/uploads\/2021\/04\/Covax-vaccins-Tunisie.jpg","type":"","width":"","height":""}],"author":"webmaster kapitalis","twitter_card":"summary_large_image","twitter_creator":"@KapitalisInfo","twitter_site":"@KapitalisInfo","twitter_misc":{"\u00c9crit par":"webmaster kapitalis","Dur\u00e9e de lecture estim\u00e9e":"3 minutes"},"schema":{"@context":"https:\/\/schema.org","@graph":[{"@type":"Article","@id":"https:\/\/kapitalis.com\/tunisie\/2021\/07\/12\/la-tunisie-reduite-au-statut-detat-mendiant\/#article","isPartOf":{"@id":"https:\/\/kapitalis.com\/tunisie\/2021\/07\/12\/la-tunisie-reduite-au-statut-detat-mendiant\/"},"author":{"name":"webmaster kapitalis","@id":"https:\/\/kapitalis.com\/tunisie\/#\/schema\/person\/d71f33a9ca44f7bad4698210b480c8e9"},"headline":"La Tunisie r\u00e9duite au statut d\u2019Etat mendiant","datePublished":"2021-07-12T10:55:49+00:00","dateModified":"2021-07-12T11:00:37+00:00","mainEntityOfPage":{"@id":"https:\/\/kapitalis.com\/tunisie\/2021\/07\/12\/la-tunisie-reduite-au-statut-detat-mendiant\/"},"wordCount":565,"commentCount":10,"publisher":{"@id":"https:\/\/kapitalis.com\/tunisie\/#organization"},"image":{"@id":"https:\/\/kapitalis.com\/tunisie\/2021\/07\/12\/la-tunisie-reduite-au-statut-detat-mendiant\/#primaryimage"},"thumbnailUrl":"http:\/\/kapitalis.com\/tunisie\/wp-content\/uploads\/2021\/04\/Covax-vaccins-Tunisie.jpg","keywords":["aide internationale","Chedly Mamoghli","Etat mendiant","Tunisie"],"articleSection":["A LA UNE","POLITIQUE","TRIBUNE","Tunisie"],"inLanguage":"fr-FR","potentialAction":[{"@type":"CommentAction","name":"Comment","target":["https:\/\/kapitalis.com\/tunisie\/2021\/07\/12\/la-tunisie-reduite-au-statut-detat-mendiant\/#respond"]}]},{"@type":"WebPage","@id":"https:\/\/kapitalis.com\/tunisie\/2021\/07\/12\/la-tunisie-reduite-au-statut-detat-mendiant\/","url":"https:\/\/kapitalis.com\/tunisie\/2021\/07\/12\/la-tunisie-reduite-au-statut-detat-mendiant\/","name":"La Tunisie r\u00e9duite au statut d\u2019Etat mendiant - Kapitalis","isPartOf":{"@id":"https:\/\/kapitalis.com\/tunisie\/#website"},"primaryImageOfPage":{"@id":"https:\/\/kapitalis.com\/tunisie\/2021\/07\/12\/la-tunisie-reduite-au-statut-detat-mendiant\/#primaryimage"},"image":{"@id":"https:\/\/kapitalis.com\/tunisie\/2021\/07\/12\/la-tunisie-reduite-au-statut-detat-mendiant\/#primaryimage"},"thumbnailUrl":"http:\/\/kapitalis.com\/tunisie\/wp-content\/uploads\/2021\/04\/Covax-vaccins-Tunisie.jpg","datePublished":"2021-07-12T10:55:49+00:00","dateModified":"2021-07-12T11:00:37+00:00","breadcrumb":{"@id":"https:\/\/kapitalis.com\/tunisie\/2021\/07\/12\/la-tunisie-reduite-au-statut-detat-mendiant\/#breadcrumb"},"inLanguage":"fr-FR","potentialAction":[{"@type":"ReadAction","target":["https:\/\/kapitalis.com\/tunisie\/2021\/07\/12\/la-tunisie-reduite-au-statut-detat-mendiant\/"]}]},{"@type":"ImageObject","inLanguage":"fr-FR","@id":"https:\/\/kapitalis.com\/tunisie\/2021\/07\/12\/la-tunisie-reduite-au-statut-detat-mendiant\/#primaryimage","url":"","contentUrl":""},{"@type":"BreadcrumbList","@id":"https:\/\/kapitalis.com\/tunisie\/2021\/07\/12\/la-tunisie-reduite-au-statut-detat-mendiant\/#breadcrumb","itemListElement":[{"@type":"ListItem","position":1,"name":"Accueil","item":"https:\/\/kapitalis.com\/tunisie\/"},{"@type":"ListItem","position":2,"name":"La Tunisie r\u00e9duite au statut d\u2019Etat mendiant"}]},{"@type":"WebSite","@id":"https:\/\/kapitalis.com\/tunisie\/#website","url":"https:\/\/kapitalis.com\/tunisie\/","name":"Kapitalis","description":"L&#039;actualit\u00e9 en Tunisie et dans le monde","publisher":{"@id":"https:\/\/kapitalis.com\/tunisie\/#organization"},"potentialAction":[{"@type":"SearchAction","target":{"@type":"EntryPoint","urlTemplate":"https:\/\/kapitalis.com\/tunisie\/?s={search_term_string}"},"query-input":{"@type":"PropertyValueSpecification","valueRequired":true,"valueName":"search_term_string"}}],"inLanguage":"fr-FR"},{"@type":"Organization","@id":"https:\/\/kapitalis.com\/tunisie\/#organization","name":"Kapitalis","url":"https:\/\/kapitalis.com\/tunisie\/","logo":{"@type":"ImageObject","inLanguage":"fr-FR","@id":"https:\/\/kapitalis.com\/tunisie\/#\/schema\/logo\/image\/","url":"https:\/\/kapitalis.com\/tunisie\/wp-content\/uploads\/2022\/05\/Kapitalis-big-size.png","contentUrl":"https:\/\/kapitalis.com\/tunisie\/wp-content\/uploads\/2022\/05\/Kapitalis-big-size.png","width":5000,"height":1500,"caption":"Kapitalis"},"image":{"@id":"https:\/\/kapitalis.com\/tunisie\/#\/schema\/logo\/image\/"},"sameAs":["https:\/\/www.facebook.com\/KapitalisInfo\/","https:\/\/x.com\/KapitalisInfo","https:\/\/www.youtube.com\/channel\/UC-yDYrHyfFBWWZaOw3FPg9Q"]},{"@type":"Person","@id":"https:\/\/kapitalis.com\/tunisie\/#\/schema\/person\/d71f33a9ca44f7bad4698210b480c8e9","name":"webmaster kapitalis","url":"https:\/\/kapitalis.com\/tunisie\/author\/webmaster-kapitalis\/"}]}},"_links":{"self":[{"href":"https:\/\/kapitalis.com\/tunisie\/wp-json\/wp\/v2\/posts\/355924","targetHints":{"allow":["GET"]}}],"collection":[{"href":"https:\/\/kapitalis.com\/tunisie\/wp-json\/wp\/v2\/posts"}],"about":[{"href":"https:\/\/kapitalis.com\/tunisie\/wp-json\/wp\/v2\/types\/post"}],"author":[{"embeddable":true,"href":"https:\/\/kapitalis.com\/tunisie\/wp-json\/wp\/v2\/users\/8"}],"replies":[{"embeddable":true,"href":"https:\/\/kapitalis.com\/tunisie\/wp-json\/wp\/v2\/comments?post=355924"}],"version-history":[{"count":0,"href":"https:\/\/kapitalis.com\/tunisie\/wp-json\/wp\/v2\/posts\/355924\/revisions"}],"wp:attachment":[{"href":"https:\/\/kapitalis.com\/tunisie\/wp-json\/wp\/v2\/media?parent=355924"}],"wp:term":[{"taxonomy":"category","embeddable":true,"href":"https:\/\/kapitalis.com\/tunisie\/wp-json\/wp\/v2\/categories?post=355924"},{"taxonomy":"post_tag","embeddable":true,"href":"https:\/\/kapitalis.com\/tunisie\/wp-json\/wp\/v2\/tags?post=355924"}],"curies":[{"name":"wp","href":"https:\/\/api.w.org\/{rel}","templated":true}]}}