{"id":356377,"date":"2021-07-15T14:14:15","date_gmt":"2021-07-15T13:14:15","guid":{"rendered":"http:\/\/kapitalis.com\/tunisie\/?p=356377"},"modified":"2021-07-15T14:17:09","modified_gmt":"2021-07-15T13:17:09","slug":"le-consortium-ben-jemaa-motors-salvador-caetano-nouveau-distributeur-de-ford-en-tunisie","status":"publish","type":"post","link":"https:\/\/kapitalis.com\/tunisie\/2021\/07\/15\/le-consortium-ben-jemaa-motors-salvador-caetano-nouveau-distributeur-de-ford-en-tunisie\/","title":{"rendered":"Le consortium Ben Jem\u00e2a Motors\/Salvador Caetano nouveau distributeur de Ford en Tunisie"},"content":{"rendered":"\n<div class=\"wp-block-image\"><figure class=\"aligncenter size-large\"><img decoding=\"async\" src=\"http:\/\/kapitalis.com\/tunisie\/wp-content\/uploads\/2021\/07\/Ben-Jemaa-Caetano-Ford.jpg\" alt=\"\" class=\"wp-image-356384\"\/><\/figure><\/div>\n\n\n\n<p><strong><em><a href=\"http:\/\/www.corporate.ford.com\" target=\"_blank\" rel=\"noreferrer noopener\">Ford Motor Company<\/a> annonce dans un communiqu\u00e9 publi\u00e9 aujourd&rsquo;hui, jeudi 15 juillet 2021 qu&rsquo;elle a d\u00e9sign\u00e9 le consortium Ben Jem\u00e2a Motors\/Salvador Caetano en tant que nouveau partenaire distributeur pour repr\u00e9senter la marque Ford en Tunisie et vendre et entretenir les v\u00e9hicules Ford, avec effet imm\u00e9diat.<\/em><\/strong><\/p>\n\n\n\n<!--more-->\n\n\n\n<p><em>\u00abNous sommes ravis d&rsquo;accueillir le consortium Ben\u00a0Jem\u00e2a\u00a0Motors\/Salvador Caetano dans la famille Ford\u00bb<\/em>, a d\u00e9clar\u00e9 Achraf El Boustani, directeur g\u00e9n\u00e9ral de Ford Afrique \u2013 Direct Markets. <em>\u00abLe processus de vente d&rsquo;Alpha Ford, qui a d\u00e9but\u00e9 il y a un peu plus d\u2019un an, porte aujourd&rsquo;hui ses fruits et nous permet de nous appuyer sur des partenaires solides et performants. Cette nouvelle \u00e9tape avec le consortium Ben Jem\u00e2a Motors\/Salvador Caetano offre \u00e0 la marque une opportunit\u00e9 de gagner, \u00e0 terme, une plus grande part de march\u00e9 en Tunisie et de continuer \u00e0 servir nos clients \u00e0 travers une gamme de produits et de services offrant \u00e0 la fois professionnalisme et satisfaction. Ford est engag\u00e9 sur le march\u00e9 tunisien et notre \u00e9quipe travaille diligemment avec nos nouveaux partenaires pour servir pleinement nos clients selon les meilleurs standards. Le consortium Ben Jem\u00e2a Motors\/Salvador Caetano r\u00e9unit des comp\u00e9tences approfondies en strat\u00e9gie commerciale et en distribution automobile, constituant ainsi une puissante combinaison pour assurer une croissance rentable des ventes sur le march\u00e9 tunisien.\u00bb<\/em><\/p>\n\n\n\n<p>Sergio Ribeiro, PDG de Salvador Caetano, groupe dont le si\u00e8ge social se trouve au Portugal,<em> <\/em>a d\u00e9clar\u00e9 : <em>\u00abNous sommes tr\u00e8s heureux d&rsquo;\u00eatre nomm\u00e9s comme nouveau partenaire distributeur de Ford en Tunisie. Salvador Caetano est partenaire de longue date de Ford sur le continent africain, d&rsquo;abord en Afrique sub-saharienne et aujourd&rsquo;hui en Afrique du Nord. Avec notre partenaire Ben Jem\u00e2a Motors, un des plus anciens acteurs du secteur de distribution automobile en Tunisie\u00a0; riche d\u2019une expertise et d\u2019une renomm\u00e9e locale depuis 1968, nous nous engageons \u00e0 offrir une des meilleures exp\u00e9riences clients sur la march\u00e9 tunisien. Toute notre \u00e9quipe a h\u00e2te de commencer \u00e0 servir nos clients et \u00e0 leur proposer les produits de classe mondiale de la marque Ford.\u00bb\u00a0<\/em><\/p>\n\n\n\n<p>Salvador Caetano est un groupe international, pr\u00e9sent sur trois continents avec plus de 75 ans consacr\u00e9s \u00e0 l&rsquo;industrie automobile. Ford et Salvator Caetano sont partenaires en Afrique de l&rsquo;ouest depuis plus de 22 ans. Ce partenariat est la suite logique d&rsquo;une longue histoire de collaboration pour amener les meilleurs produits et la meilleure exp\u00e9rience client aux consommateurs africains.<\/p>\n\n\n\n<p>Les clients Ford peuvent contacter Alpha Ford d\u00e9s aujourd&rsquo;hui au num\u00e9ro:\u00a0+216.71.100.600; ou par courrier \u00e9lectronique sur <a href=\"mailto:aftersales@alpha.com.tn\">aftersales@alpha.com.tn<\/a>. Ils peuvent \u00e9galement contacter le service client\u00e8le r\u00e9gional de Ford Motor Company sur\u00a0<a href=\"mailto:menacac@ford.com\" target=\"_blank\" rel=\"noreferrer noopener\">menacac@ford.com<\/a>\u00a0pour toute pr\u00e9occupation ou question.<\/p>\n","protected":false},"excerpt":{"rendered":"<p>Ford Motor Company annonce dans un communiqu\u00e9 publi\u00e9 aujourd&rsquo;hui, jeudi 15 juillet 2021 qu&rsquo;elle a d\u00e9sign\u00e9 le consortium Ben Jem\u00e2a Motors\/Salvador Caetano en tant que nouveau partenaire distributeur pour repr\u00e9senter la marque Ford en Tunisie et vendre et entretenir les v\u00e9hicules Ford, avec effet imm\u00e9diat.<\/p>\n","protected":false},"author":8,"featured_media":356384,"comment_status":"open","ping_status":"open","sticky":false,"template":"","format":"standard","meta":{"footnotes":""},"categories":[54707,995,2433],"tags":[92040,92039,80304,84541,92041],"class_list":["post-356377","post","type-post","status-publish","format-standard","has-post-thumbnail","hentry","category-auto","category-economie","category-tunisie","tag-achraf-el-boustani","tag-ben-jemaa-motors","tag-ford-motor-company","tag-salvador-caetano","tag-sergio-ribeiro"],"yoast_head":"<!-- This site is optimized with the Yoast SEO plugin v26.6 - https:\/\/yoast.com\/wordpress\/plugins\/seo\/ -->\n<title>Le consortium Ben Jem\u00e2a Motors\/Salvador Caetano nouveau distributeur de Ford en Tunisie - Kapitalis<\/title>\n<meta name=\"robots\" content=\"index, follow, max-snippet:-1, max-image-preview:large, max-video-preview:-1\" \/>\n<link rel=\"canonical\" href=\"https:\/\/kapitalis.com\/tunisie\/2021\/07\/15\/le-consortium-ben-jemaa-motors-salvador-caetano-nouveau-distributeur-de-ford-en-tunisie\/\" \/>\n<meta property=\"og:locale\" content=\"fr_FR\" \/>\n<meta property=\"og:type\" content=\"article\" \/>\n<meta property=\"og:title\" content=\"Le consortium Ben Jem\u00e2a Motors\/Salvador Caetano nouveau distributeur de Ford en Tunisie - Kapitalis\" \/>\n<meta property=\"og:description\" content=\"Ford Motor Company annonce dans un communiqu\u00e9 publi\u00e9 aujourd&rsquo;hui, jeudi 15 juillet 2021 qu&rsquo;elle a d\u00e9sign\u00e9 le consortium Ben Jem\u00e2a Motors\/Salvador Caetano en tant que nouveau partenaire distributeur pour repr\u00e9senter la marque Ford en Tunisie et vendre et entretenir les v\u00e9hicules Ford, avec effet imm\u00e9diat.\" \/>\n<meta property=\"og:url\" content=\"https:\/\/kapitalis.com\/tunisie\/2021\/07\/15\/le-consortium-ben-jemaa-motors-salvador-caetano-nouveau-distributeur-de-ford-en-tunisie\/\" \/>\n<meta property=\"og:site_name\" content=\"Kapitalis\" \/>\n<meta property=\"article:publisher\" content=\"https:\/\/www.facebook.com\/KapitalisInfo\/\" \/>\n<meta property=\"article:published_time\" content=\"2021-07-15T13:14:15+00:00\" \/>\n<meta property=\"article:modified_time\" content=\"2021-07-15T13:17:09+00:00\" \/>\n<meta property=\"og:image\" content=\"https:\/\/kapitalis.com\/tunisie\/wp-content\/uploads\/2022\/05\/kapitalis-logo-fb.png\" \/>\n\t<meta property=\"og:image:width\" content=\"1200\" \/>\n\t<meta property=\"og:image:height\" content=\"630\" \/>\n\t<meta property=\"og:image:type\" content=\"image\/png\" \/>\n<meta name=\"author\" content=\"webmaster kapitalis\" \/>\n<meta name=\"twitter:card\" content=\"summary_large_image\" \/>\n<meta name=\"twitter:creator\" content=\"@KapitalisInfo\" \/>\n<meta name=\"twitter:site\" content=\"@KapitalisInfo\" \/>\n<meta name=\"twitter:label1\" content=\"\u00c9crit par\" \/>\n\t<meta name=\"twitter:data1\" content=\"webmaster kapitalis\" \/>\n\t<meta name=\"twitter:label2\" content=\"Dur\u00e9e de lecture estim\u00e9e\" \/>\n\t<meta name=\"twitter:data2\" content=\"2 minutes\" \/>\n<script type=\"application\/ld+json\" class=\"yoast-schema-graph\">{\"@context\":\"https:\/\/schema.org\",\"@graph\":[{\"@type\":\"Article\",\"@id\":\"https:\/\/kapitalis.com\/tunisie\/2021\/07\/15\/le-consortium-ben-jemaa-motors-salvador-caetano-nouveau-distributeur-de-ford-en-tunisie\/#article\",\"isPartOf\":{\"@id\":\"https:\/\/kapitalis.com\/tunisie\/2021\/07\/15\/le-consortium-ben-jemaa-motors-salvador-caetano-nouveau-distributeur-de-ford-en-tunisie\/\"},\"author\":{\"name\":\"webmaster kapitalis\",\"@id\":\"https:\/\/kapitalis.com\/tunisie\/#\/schema\/person\/d71f33a9ca44f7bad4698210b480c8e9\"},\"headline\":\"Le consortium Ben Jem\u00e2a Motors\/Salvador Caetano nouveau distributeur de Ford en Tunisie\",\"datePublished\":\"2021-07-15T13:14:15+00:00\",\"dateModified\":\"2021-07-15T13:17:09+00:00\",\"mainEntityOfPage\":{\"@id\":\"https:\/\/kapitalis.com\/tunisie\/2021\/07\/15\/le-consortium-ben-jemaa-motors-salvador-caetano-nouveau-distributeur-de-ford-en-tunisie\/\"},\"wordCount\":470,\"commentCount\":0,\"publisher\":{\"@id\":\"https:\/\/kapitalis.com\/tunisie\/#organization\"},\"image\":{\"@id\":\"https:\/\/kapitalis.com\/tunisie\/2021\/07\/15\/le-consortium-ben-jemaa-motors-salvador-caetano-nouveau-distributeur-de-ford-en-tunisie\/#primaryimage\"},\"thumbnailUrl\":\"\",\"keywords\":[\"Achraf El Boustani\",\"Ben Jem\u00e2a Motors\",\"Ford Motor Company\",\"Salvador Caetano\",\"Sergio Ribeiro\"],\"articleSection\":[\"AUTO\",\"ECONOMIE\",\"Tunisie\"],\"inLanguage\":\"fr-FR\",\"potentialAction\":[{\"@type\":\"CommentAction\",\"name\":\"Comment\",\"target\":[\"https:\/\/kapitalis.com\/tunisie\/2021\/07\/15\/le-consortium-ben-jemaa-motors-salvador-caetano-nouveau-distributeur-de-ford-en-tunisie\/#respond\"]}]},{\"@type\":\"WebPage\",\"@id\":\"https:\/\/kapitalis.com\/tunisie\/2021\/07\/15\/le-consortium-ben-jemaa-motors-salvador-caetano-nouveau-distributeur-de-ford-en-tunisie\/\",\"url\":\"https:\/\/kapitalis.com\/tunisie\/2021\/07\/15\/le-consortium-ben-jemaa-motors-salvador-caetano-nouveau-distributeur-de-ford-en-tunisie\/\",\"name\":\"Le consortium Ben Jem\u00e2a Motors\/Salvador Caetano nouveau distributeur de Ford en Tunisie - Kapitalis\",\"isPartOf\":{\"@id\":\"https:\/\/kapitalis.com\/tunisie\/#website\"},\"primaryImageOfPage\":{\"@id\":\"https:\/\/kapitalis.com\/tunisie\/2021\/07\/15\/le-consortium-ben-jemaa-motors-salvador-caetano-nouveau-distributeur-de-ford-en-tunisie\/#primaryimage\"},\"image\":{\"@id\":\"https:\/\/kapitalis.com\/tunisie\/2021\/07\/15\/le-consortium-ben-jemaa-motors-salvador-caetano-nouveau-distributeur-de-ford-en-tunisie\/#primaryimage\"},\"thumbnailUrl\":\"\",\"datePublished\":\"2021-07-15T13:14:15+00:00\",\"dateModified\":\"2021-07-15T13:17:09+00:00\",\"breadcrumb\":{\"@id\":\"https:\/\/kapitalis.com\/tunisie\/2021\/07\/15\/le-consortium-ben-jemaa-motors-salvador-caetano-nouveau-distributeur-de-ford-en-tunisie\/#breadcrumb\"},\"inLanguage\":\"fr-FR\",\"potentialAction\":[{\"@type\":\"ReadAction\",\"target\":[\"https:\/\/kapitalis.com\/tunisie\/2021\/07\/15\/le-consortium-ben-jemaa-motors-salvador-caetano-nouveau-distributeur-de-ford-en-tunisie\/\"]}]},{\"@type\":\"ImageObject\",\"inLanguage\":\"fr-FR\",\"@id\":\"https:\/\/kapitalis.com\/tunisie\/2021\/07\/15\/le-consortium-ben-jemaa-motors-salvador-caetano-nouveau-distributeur-de-ford-en-tunisie\/#primaryimage\",\"url\":\"\",\"contentUrl\":\"\"},{\"@type\":\"BreadcrumbList\",\"@id\":\"https:\/\/kapitalis.com\/tunisie\/2021\/07\/15\/le-consortium-ben-jemaa-motors-salvador-caetano-nouveau-distributeur-de-ford-en-tunisie\/#breadcrumb\",\"itemListElement\":[{\"@type\":\"ListItem\",\"position\":1,\"name\":\"Accueil\",\"item\":\"https:\/\/kapitalis.com\/tunisie\/\"},{\"@type\":\"ListItem\",\"position\":2,\"name\":\"Le consortium Ben Jem\u00e2a Motors\/Salvador Caetano nouveau distributeur de Ford en Tunisie\"}]},{\"@type\":\"WebSite\",\"@id\":\"https:\/\/kapitalis.com\/tunisie\/#website\",\"url\":\"https:\/\/kapitalis.com\/tunisie\/\",\"name\":\"Kapitalis\",\"description\":\"L&#039;actualit\u00e9 en Tunisie et dans le monde\",\"publisher\":{\"@id\":\"https:\/\/kapitalis.com\/tunisie\/#organization\"},\"potentialAction\":[{\"@type\":\"SearchAction\",\"target\":{\"@type\":\"EntryPoint\",\"urlTemplate\":\"https:\/\/kapitalis.com\/tunisie\/?s={search_term_string}\"},\"query-input\":{\"@type\":\"PropertyValueSpecification\",\"valueRequired\":true,\"valueName\":\"search_term_string\"}}],\"inLanguage\":\"fr-FR\"},{\"@type\":\"Organization\",\"@id\":\"https:\/\/kapitalis.com\/tunisie\/#organization\",\"name\":\"Kapitalis\",\"url\":\"https:\/\/kapitalis.com\/tunisie\/\",\"logo\":{\"@type\":\"ImageObject\",\"inLanguage\":\"fr-FR\",\"@id\":\"https:\/\/kapitalis.com\/tunisie\/#\/schema\/logo\/image\/\",\"url\":\"https:\/\/kapitalis.com\/tunisie\/wp-content\/uploads\/2022\/05\/Kapitalis-big-size.png\",\"contentUrl\":\"https:\/\/kapitalis.com\/tunisie\/wp-content\/uploads\/2022\/05\/Kapitalis-big-size.png\",\"width\":5000,\"height\":1500,\"caption\":\"Kapitalis\"},\"image\":{\"@id\":\"https:\/\/kapitalis.com\/tunisie\/#\/schema\/logo\/image\/\"},\"sameAs\":[\"https:\/\/www.facebook.com\/KapitalisInfo\/\",\"https:\/\/x.com\/KapitalisInfo\",\"https:\/\/www.youtube.com\/channel\/UC-yDYrHyfFBWWZaOw3FPg9Q\"]},{\"@type\":\"Person\",\"@id\":\"https:\/\/kapitalis.com\/tunisie\/#\/schema\/person\/d71f33a9ca44f7bad4698210b480c8e9\",\"name\":\"webmaster kapitalis\",\"url\":\"https:\/\/kapitalis.com\/tunisie\/author\/webmaster-kapitalis\/\"}]}<\/script>\n<!-- \/ Yoast SEO plugin. -->","yoast_head_json":{"title":"Le consortium Ben Jem\u00e2a Motors\/Salvador Caetano nouveau distributeur de Ford en Tunisie - Kapitalis","robots":{"index":"index","follow":"follow","max-snippet":"max-snippet:-1","max-image-preview":"max-image-preview:large","max-video-preview":"max-video-preview:-1"},"canonical":"https:\/\/kapitalis.com\/tunisie\/2021\/07\/15\/le-consortium-ben-jemaa-motors-salvador-caetano-nouveau-distributeur-de-ford-en-tunisie\/","og_locale":"fr_FR","og_type":"article","og_title":"Le consortium Ben Jem\u00e2a Motors\/Salvador Caetano nouveau distributeur de Ford en Tunisie - Kapitalis","og_description":"Ford Motor Company annonce dans un communiqu\u00e9 publi\u00e9 aujourd&rsquo;hui, jeudi 15 juillet 2021 qu&rsquo;elle a d\u00e9sign\u00e9 le consortium Ben Jem\u00e2a Motors\/Salvador Caetano en tant que nouveau partenaire distributeur pour repr\u00e9senter la marque Ford en Tunisie et vendre et entretenir les v\u00e9hicules Ford, avec effet imm\u00e9diat.","og_url":"https:\/\/kapitalis.com\/tunisie\/2021\/07\/15\/le-consortium-ben-jemaa-motors-salvador-caetano-nouveau-distributeur-de-ford-en-tunisie\/","og_site_name":"Kapitalis","article_publisher":"https:\/\/www.facebook.com\/KapitalisInfo\/","article_published_time":"2021-07-15T13:14:15+00:00","article_modified_time":"2021-07-15T13:17:09+00:00","og_image":[{"width":1200,"height":630,"url":"https:\/\/kapitalis.com\/tunisie\/wp-content\/uploads\/2022\/05\/kapitalis-logo-fb.png","type":"image\/png"}],"author":"webmaster kapitalis","twitter_card":"summary_large_image","twitter_creator":"@KapitalisInfo","twitter_site":"@KapitalisInfo","twitter_misc":{"\u00c9crit par":"webmaster kapitalis","Dur\u00e9e de lecture estim\u00e9e":"2 minutes"},"schema":{"@context":"https:\/\/schema.org","@graph":[{"@type":"Article","@id":"https:\/\/kapitalis.com\/tunisie\/2021\/07\/15\/le-consortium-ben-jemaa-motors-salvador-caetano-nouveau-distributeur-de-ford-en-tunisie\/#article","isPartOf":{"@id":"https:\/\/kapitalis.com\/tunisie\/2021\/07\/15\/le-consortium-ben-jemaa-motors-salvador-caetano-nouveau-distributeur-de-ford-en-tunisie\/"},"author":{"name":"webmaster kapitalis","@id":"https:\/\/kapitalis.com\/tunisie\/#\/schema\/person\/d71f33a9ca44f7bad4698210b480c8e9"},"headline":"Le consortium Ben Jem\u00e2a Motors\/Salvador Caetano nouveau distributeur de Ford en Tunisie","datePublished":"2021-07-15T13:14:15+00:00","dateModified":"2021-07-15T13:17:09+00:00","mainEntityOfPage":{"@id":"https:\/\/kapitalis.com\/tunisie\/2021\/07\/15\/le-consortium-ben-jemaa-motors-salvador-caetano-nouveau-distributeur-de-ford-en-tunisie\/"},"wordCount":470,"commentCount":0,"publisher":{"@id":"https:\/\/kapitalis.com\/tunisie\/#organization"},"image":{"@id":"https:\/\/kapitalis.com\/tunisie\/2021\/07\/15\/le-consortium-ben-jemaa-motors-salvador-caetano-nouveau-distributeur-de-ford-en-tunisie\/#primaryimage"},"thumbnailUrl":"","keywords":["Achraf El Boustani","Ben Jem\u00e2a Motors","Ford Motor Company","Salvador Caetano","Sergio Ribeiro"],"articleSection":["AUTO","ECONOMIE","Tunisie"],"inLanguage":"fr-FR","potentialAction":[{"@type":"CommentAction","name":"Comment","target":["https:\/\/kapitalis.com\/tunisie\/2021\/07\/15\/le-consortium-ben-jemaa-motors-salvador-caetano-nouveau-distributeur-de-ford-en-tunisie\/#respond"]}]},{"@type":"WebPage","@id":"https:\/\/kapitalis.com\/tunisie\/2021\/07\/15\/le-consortium-ben-jemaa-motors-salvador-caetano-nouveau-distributeur-de-ford-en-tunisie\/","url":"https:\/\/kapitalis.com\/tunisie\/2021\/07\/15\/le-consortium-ben-jemaa-motors-salvador-caetano-nouveau-distributeur-de-ford-en-tunisie\/","name":"Le consortium Ben Jem\u00e2a Motors\/Salvador Caetano nouveau distributeur de Ford en Tunisie - Kapitalis","isPartOf":{"@id":"https:\/\/kapitalis.com\/tunisie\/#website"},"primaryImageOfPage":{"@id":"https:\/\/kapitalis.com\/tunisie\/2021\/07\/15\/le-consortium-ben-jemaa-motors-salvador-caetano-nouveau-distributeur-de-ford-en-tunisie\/#primaryimage"},"image":{"@id":"https:\/\/kapitalis.com\/tunisie\/2021\/07\/15\/le-consortium-ben-jemaa-motors-salvador-caetano-nouveau-distributeur-de-ford-en-tunisie\/#primaryimage"},"thumbnailUrl":"","datePublished":"2021-07-15T13:14:15+00:00","dateModified":"2021-07-15T13:17:09+00:00","breadcrumb":{"@id":"https:\/\/kapitalis.com\/tunisie\/2021\/07\/15\/le-consortium-ben-jemaa-motors-salvador-caetano-nouveau-distributeur-de-ford-en-tunisie\/#breadcrumb"},"inLanguage":"fr-FR","potentialAction":[{"@type":"ReadAction","target":["https:\/\/kapitalis.com\/tunisie\/2021\/07\/15\/le-consortium-ben-jemaa-motors-salvador-caetano-nouveau-distributeur-de-ford-en-tunisie\/"]}]},{"@type":"ImageObject","inLanguage":"fr-FR","@id":"https:\/\/kapitalis.com\/tunisie\/2021\/07\/15\/le-consortium-ben-jemaa-motors-salvador-caetano-nouveau-distributeur-de-ford-en-tunisie\/#primaryimage","url":"","contentUrl":""},{"@type":"BreadcrumbList","@id":"https:\/\/kapitalis.com\/tunisie\/2021\/07\/15\/le-consortium-ben-jemaa-motors-salvador-caetano-nouveau-distributeur-de-ford-en-tunisie\/#breadcrumb","itemListElement":[{"@type":"ListItem","position":1,"name":"Accueil","item":"https:\/\/kapitalis.com\/tunisie\/"},{"@type":"ListItem","position":2,"name":"Le consortium Ben Jem\u00e2a Motors\/Salvador Caetano nouveau distributeur de Ford en Tunisie"}]},{"@type":"WebSite","@id":"https:\/\/kapitalis.com\/tunisie\/#website","url":"https:\/\/kapitalis.com\/tunisie\/","name":"Kapitalis","description":"L&#039;actualit\u00e9 en Tunisie et dans le monde","publisher":{"@id":"https:\/\/kapitalis.com\/tunisie\/#organization"},"potentialAction":[{"@type":"SearchAction","target":{"@type":"EntryPoint","urlTemplate":"https:\/\/kapitalis.com\/tunisie\/?s={search_term_string}"},"query-input":{"@type":"PropertyValueSpecification","valueRequired":true,"valueName":"search_term_string"}}],"inLanguage":"fr-FR"},{"@type":"Organization","@id":"https:\/\/kapitalis.com\/tunisie\/#organization","name":"Kapitalis","url":"https:\/\/kapitalis.com\/tunisie\/","logo":{"@type":"ImageObject","inLanguage":"fr-FR","@id":"https:\/\/kapitalis.com\/tunisie\/#\/schema\/logo\/image\/","url":"https:\/\/kapitalis.com\/tunisie\/wp-content\/uploads\/2022\/05\/Kapitalis-big-size.png","contentUrl":"https:\/\/kapitalis.com\/tunisie\/wp-content\/uploads\/2022\/05\/Kapitalis-big-size.png","width":5000,"height":1500,"caption":"Kapitalis"},"image":{"@id":"https:\/\/kapitalis.com\/tunisie\/#\/schema\/logo\/image\/"},"sameAs":["https:\/\/www.facebook.com\/KapitalisInfo\/","https:\/\/x.com\/KapitalisInfo","https:\/\/www.youtube.com\/channel\/UC-yDYrHyfFBWWZaOw3FPg9Q"]},{"@type":"Person","@id":"https:\/\/kapitalis.com\/tunisie\/#\/schema\/person\/d71f33a9ca44f7bad4698210b480c8e9","name":"webmaster kapitalis","url":"https:\/\/kapitalis.com\/tunisie\/author\/webmaster-kapitalis\/"}]}},"_links":{"self":[{"href":"https:\/\/kapitalis.com\/tunisie\/wp-json\/wp\/v2\/posts\/356377","targetHints":{"allow":["GET"]}}],"collection":[{"href":"https:\/\/kapitalis.com\/tunisie\/wp-json\/wp\/v2\/posts"}],"about":[{"href":"https:\/\/kapitalis.com\/tunisie\/wp-json\/wp\/v2\/types\/post"}],"author":[{"embeddable":true,"href":"https:\/\/kapitalis.com\/tunisie\/wp-json\/wp\/v2\/users\/8"}],"replies":[{"embeddable":true,"href":"https:\/\/kapitalis.com\/tunisie\/wp-json\/wp\/v2\/comments?post=356377"}],"version-history":[{"count":0,"href":"https:\/\/kapitalis.com\/tunisie\/wp-json\/wp\/v2\/posts\/356377\/revisions"}],"wp:featuredmedia":[{"embeddable":true,"href":"https:\/\/kapitalis.com\/tunisie\/wp-json\/wp\/v2\/media\/356384"}],"wp:attachment":[{"href":"https:\/\/kapitalis.com\/tunisie\/wp-json\/wp\/v2\/media?parent=356377"}],"wp:term":[{"taxonomy":"category","embeddable":true,"href":"https:\/\/kapitalis.com\/tunisie\/wp-json\/wp\/v2\/categories?post=356377"},{"taxonomy":"post_tag","embeddable":true,"href":"https:\/\/kapitalis.com\/tunisie\/wp-json\/wp\/v2\/tags?post=356377"}],"curies":[{"name":"wp","href":"https:\/\/api.w.org\/{rel}","templated":true}]}}