{"id":356670,"date":"2021-07-19T10:49:16","date_gmt":"2021-07-19T09:49:16","guid":{"rendered":"http:\/\/kapitalis.com\/tunisie\/?p=356670"},"modified":"2021-07-19T10:52:12","modified_gmt":"2021-07-19T09:52:12","slug":"cinema-tunisien-un-fils-de-mehdi-barsaoui-sort-en-grece","status":"publish","type":"post","link":"https:\/\/kapitalis.com\/tunisie\/2021\/07\/19\/cinema-tunisien-un-fils-de-mehdi-barsaoui-sort-en-grece\/","title":{"rendered":"Cin\u00e9ma tunisien : \u00ab Un fils \u00bb de Mehdi Barsaoui sort en Gr\u00e8ce"},"content":{"rendered":"\n<div class=\"wp-block-image\"><figure class=\"aligncenter size-large\"><img decoding=\"async\" src=\"http:\/\/kapitalis.com\/tunisie\/wp-content\/uploads\/2021\/07\/Untitled-3-1.jpg\" alt=\"\" class=\"wp-image-356671\"\/><\/figure><\/div>\n\n\n\n<p><strong><em>Apr\u00e8s le grand succ\u00e8s qu\u2019il a connu dans de nombreux festivals internationaux, le film tunisien \u00ab\u00a0Un fils\u00a0\u00bb de Mehdi Barsaoui se voit distribu\u00e9 en Gr\u00e8ce.<\/em><\/strong><\/p>\n\n\n\n<!--more-->\n\n\n\n<p>Depuis sa premi\u00e8re mondiale \u00e0 la Mostra de Venise en 2019, le premier long-m\u00e9trage de fiction du jeune cin\u00e9aste Mehdi Barsaoui n\u2019a pas arr\u00eat\u00e9 de sillonner les grands festivals internationaux o\u00f9 il a jusque-l\u00e0 remport\u00e9 une trentaine de prix.<\/p>\n\n\n\n<p>Consid\u00e9r\u00e9 comme l\u2019un des meilleurs films tunisiens sortis apr\u00e8s la r\u00e9volution de 2011, \u00ab&nbsp;Un fils&nbsp;\u00bb met \u00e0 l\u2019affiche Najla Ben Abdallah et Sami Bouajila, ce dernier a \u00e9t\u00e9 couronn\u00e9 du C\u00e9sar du meilleur acteur et du Prix Lumi\u00e8re de la presse internationale.<\/p>\n\n\n\n<p>Apr\u00e8s avoir \u00e9t\u00e9 fortement salu\u00e9 par la presse et la critique suite \u00e0 sa sortie dans les salles de cin\u00e9ma en France, le film se voit \u00e9galement distribu\u00e9 en Gr\u00e8ce, c\u2019est ce qu\u2019a annonc\u00e9 Mehdi Barsaoui qui vient de figurer dans la liste du Centre du Cin\u00e9ma arabe des 101 personnalit\u00e9s les plus influentes du cin\u00e9ma arabe.<\/p>\n\n\n\n<p class=\"has-text-align-right\"><strong>Fawz Benali<\/strong><\/p>\n","protected":false},"excerpt":{"rendered":"<p>Apr\u00e8s le grand succ\u00e8s qu\u2019il a connu dans de nombreux festivals internationaux, le film tunisien \u00ab\u00a0Un fils\u00a0\u00bb de Mehdi Barsaoui se voit distribu\u00e9 en Gr\u00e8ce.<\/p>\n","protected":false},"author":26,"featured_media":356671,"comment_status":"open","ping_status":"open","sticky":false,"template":"","format":"standard","meta":{"footnotes":""},"categories":[994,2433],"tags":[9668,63724,72153,72152,63726],"class_list":["post-356670","post","type-post","status-publish","format-standard","has-post-thumbnail","hentry","category-culture","category-tunisie","tag-cinema-tunisien","tag-mehdi-barsaoui","tag-najla-ben-abdallah","tag-sami-bouajila","tag-un-fils"],"yoast_head":"<!-- This site is optimized with the Yoast SEO plugin v26.6 - https:\/\/yoast.com\/wordpress\/plugins\/seo\/ -->\n<title>Cin\u00e9ma tunisien : \u00ab Un fils \u00bb de Mehdi Barsaoui sort en Gr\u00e8ce - Kapitalis<\/title>\n<meta name=\"robots\" content=\"index, follow, max-snippet:-1, max-image-preview:large, max-video-preview:-1\" \/>\n<link rel=\"canonical\" href=\"https:\/\/kapitalis.com\/tunisie\/2021\/07\/19\/cinema-tunisien-un-fils-de-mehdi-barsaoui-sort-en-grece\/\" \/>\n<meta property=\"og:locale\" content=\"fr_FR\" \/>\n<meta property=\"og:type\" content=\"article\" \/>\n<meta property=\"og:title\" content=\"Cin\u00e9ma tunisien : \u00ab Un fils \u00bb de Mehdi Barsaoui sort en Gr\u00e8ce - Kapitalis\" \/>\n<meta property=\"og:description\" content=\"Apr\u00e8s le grand succ\u00e8s qu\u2019il a connu dans de nombreux festivals internationaux, le film tunisien \u00ab\u00a0Un fils\u00a0\u00bb de Mehdi Barsaoui se voit distribu\u00e9 en Gr\u00e8ce.\" \/>\n<meta property=\"og:url\" content=\"https:\/\/kapitalis.com\/tunisie\/2021\/07\/19\/cinema-tunisien-un-fils-de-mehdi-barsaoui-sort-en-grece\/\" \/>\n<meta property=\"og:site_name\" content=\"Kapitalis\" \/>\n<meta property=\"article:publisher\" content=\"https:\/\/www.facebook.com\/KapitalisInfo\/\" \/>\n<meta property=\"article:published_time\" content=\"2021-07-19T09:49:16+00:00\" \/>\n<meta property=\"article:modified_time\" content=\"2021-07-19T09:52:12+00:00\" \/>\n<meta property=\"og:image\" content=\"https:\/\/kapitalis.com\/tunisie\/wp-content\/uploads\/2022\/05\/kapitalis-logo-fb.png\" \/>\n\t<meta property=\"og:image:width\" content=\"1200\" \/>\n\t<meta property=\"og:image:height\" content=\"630\" \/>\n\t<meta property=\"og:image:type\" content=\"image\/png\" \/>\n<meta name=\"author\" content=\"Fawz BenAli\" \/>\n<meta name=\"twitter:card\" content=\"summary_large_image\" \/>\n<meta name=\"twitter:creator\" content=\"@KapitalisInfo\" \/>\n<meta name=\"twitter:site\" content=\"@KapitalisInfo\" \/>\n<meta name=\"twitter:label1\" content=\"\u00c9crit par\" \/>\n\t<meta name=\"twitter:data1\" content=\"Fawz BenAli\" \/>\n\t<meta name=\"twitter:label2\" content=\"Dur\u00e9e de lecture estim\u00e9e\" \/>\n\t<meta name=\"twitter:data2\" content=\"1 minute\" \/>\n<script type=\"application\/ld+json\" class=\"yoast-schema-graph\">{\"@context\":\"https:\/\/schema.org\",\"@graph\":[{\"@type\":\"Article\",\"@id\":\"https:\/\/kapitalis.com\/tunisie\/2021\/07\/19\/cinema-tunisien-un-fils-de-mehdi-barsaoui-sort-en-grece\/#article\",\"isPartOf\":{\"@id\":\"https:\/\/kapitalis.com\/tunisie\/2021\/07\/19\/cinema-tunisien-un-fils-de-mehdi-barsaoui-sort-en-grece\/\"},\"author\":{\"name\":\"Fawz BenAli\",\"@id\":\"https:\/\/kapitalis.com\/tunisie\/#\/schema\/person\/73a5ecc1f6ae540c6ed91342eadca948\"},\"headline\":\"Cin\u00e9ma tunisien : \u00ab Un fils \u00bb de Mehdi Barsaoui sort en Gr\u00e8ce\",\"datePublished\":\"2021-07-19T09:49:16+00:00\",\"dateModified\":\"2021-07-19T09:52:12+00:00\",\"mainEntityOfPage\":{\"@id\":\"https:\/\/kapitalis.com\/tunisie\/2021\/07\/19\/cinema-tunisien-un-fils-de-mehdi-barsaoui-sort-en-grece\/\"},\"wordCount\":197,\"commentCount\":0,\"publisher\":{\"@id\":\"https:\/\/kapitalis.com\/tunisie\/#organization\"},\"image\":{\"@id\":\"https:\/\/kapitalis.com\/tunisie\/2021\/07\/19\/cinema-tunisien-un-fils-de-mehdi-barsaoui-sort-en-grece\/#primaryimage\"},\"thumbnailUrl\":\"\",\"keywords\":[\"cin\u00e9ma tunisien\",\"Mehdi Barsaoui\",\"Najla Ben Abdallah\",\"Sami Bouajila\",\"Un fils\"],\"articleSection\":[\"CULTURE\",\"Tunisie\"],\"inLanguage\":\"fr-FR\",\"potentialAction\":[{\"@type\":\"CommentAction\",\"name\":\"Comment\",\"target\":[\"https:\/\/kapitalis.com\/tunisie\/2021\/07\/19\/cinema-tunisien-un-fils-de-mehdi-barsaoui-sort-en-grece\/#respond\"]}]},{\"@type\":\"WebPage\",\"@id\":\"https:\/\/kapitalis.com\/tunisie\/2021\/07\/19\/cinema-tunisien-un-fils-de-mehdi-barsaoui-sort-en-grece\/\",\"url\":\"https:\/\/kapitalis.com\/tunisie\/2021\/07\/19\/cinema-tunisien-un-fils-de-mehdi-barsaoui-sort-en-grece\/\",\"name\":\"Cin\u00e9ma tunisien : \u00ab Un fils \u00bb de Mehdi Barsaoui sort en Gr\u00e8ce - Kapitalis\",\"isPartOf\":{\"@id\":\"https:\/\/kapitalis.com\/tunisie\/#website\"},\"primaryImageOfPage\":{\"@id\":\"https:\/\/kapitalis.com\/tunisie\/2021\/07\/19\/cinema-tunisien-un-fils-de-mehdi-barsaoui-sort-en-grece\/#primaryimage\"},\"image\":{\"@id\":\"https:\/\/kapitalis.com\/tunisie\/2021\/07\/19\/cinema-tunisien-un-fils-de-mehdi-barsaoui-sort-en-grece\/#primaryimage\"},\"thumbnailUrl\":\"\",\"datePublished\":\"2021-07-19T09:49:16+00:00\",\"dateModified\":\"2021-07-19T09:52:12+00:00\",\"breadcrumb\":{\"@id\":\"https:\/\/kapitalis.com\/tunisie\/2021\/07\/19\/cinema-tunisien-un-fils-de-mehdi-barsaoui-sort-en-grece\/#breadcrumb\"},\"inLanguage\":\"fr-FR\",\"potentialAction\":[{\"@type\":\"ReadAction\",\"target\":[\"https:\/\/kapitalis.com\/tunisie\/2021\/07\/19\/cinema-tunisien-un-fils-de-mehdi-barsaoui-sort-en-grece\/\"]}]},{\"@type\":\"ImageObject\",\"inLanguage\":\"fr-FR\",\"@id\":\"https:\/\/kapitalis.com\/tunisie\/2021\/07\/19\/cinema-tunisien-un-fils-de-mehdi-barsaoui-sort-en-grece\/#primaryimage\",\"url\":\"\",\"contentUrl\":\"\"},{\"@type\":\"BreadcrumbList\",\"@id\":\"https:\/\/kapitalis.com\/tunisie\/2021\/07\/19\/cinema-tunisien-un-fils-de-mehdi-barsaoui-sort-en-grece\/#breadcrumb\",\"itemListElement\":[{\"@type\":\"ListItem\",\"position\":1,\"name\":\"Accueil\",\"item\":\"https:\/\/kapitalis.com\/tunisie\/\"},{\"@type\":\"ListItem\",\"position\":2,\"name\":\"Cin\u00e9ma tunisien : \u00ab Un fils \u00bb de Mehdi Barsaoui sort en Gr\u00e8ce\"}]},{\"@type\":\"WebSite\",\"@id\":\"https:\/\/kapitalis.com\/tunisie\/#website\",\"url\":\"https:\/\/kapitalis.com\/tunisie\/\",\"name\":\"Kapitalis\",\"description\":\"L&#039;actualit\u00e9 en Tunisie et dans le monde\",\"publisher\":{\"@id\":\"https:\/\/kapitalis.com\/tunisie\/#organization\"},\"potentialAction\":[{\"@type\":\"SearchAction\",\"target\":{\"@type\":\"EntryPoint\",\"urlTemplate\":\"https:\/\/kapitalis.com\/tunisie\/?s={search_term_string}\"},\"query-input\":{\"@type\":\"PropertyValueSpecification\",\"valueRequired\":true,\"valueName\":\"search_term_string\"}}],\"inLanguage\":\"fr-FR\"},{\"@type\":\"Organization\",\"@id\":\"https:\/\/kapitalis.com\/tunisie\/#organization\",\"name\":\"Kapitalis\",\"url\":\"https:\/\/kapitalis.com\/tunisie\/\",\"logo\":{\"@type\":\"ImageObject\",\"inLanguage\":\"fr-FR\",\"@id\":\"https:\/\/kapitalis.com\/tunisie\/#\/schema\/logo\/image\/\",\"url\":\"https:\/\/kapitalis.com\/tunisie\/wp-content\/uploads\/2022\/05\/Kapitalis-big-size.png\",\"contentUrl\":\"https:\/\/kapitalis.com\/tunisie\/wp-content\/uploads\/2022\/05\/Kapitalis-big-size.png\",\"width\":5000,\"height\":1500,\"caption\":\"Kapitalis\"},\"image\":{\"@id\":\"https:\/\/kapitalis.com\/tunisie\/#\/schema\/logo\/image\/\"},\"sameAs\":[\"https:\/\/www.facebook.com\/KapitalisInfo\/\",\"https:\/\/x.com\/KapitalisInfo\",\"https:\/\/www.youtube.com\/channel\/UC-yDYrHyfFBWWZaOw3FPg9Q\"]},{\"@type\":\"Person\",\"@id\":\"https:\/\/kapitalis.com\/tunisie\/#\/schema\/person\/73a5ecc1f6ae540c6ed91342eadca948\",\"name\":\"Fawz BenAli\",\"url\":\"https:\/\/kapitalis.com\/tunisie\/author\/fawz\/\"}]}<\/script>\n<!-- \/ Yoast SEO plugin. -->","yoast_head_json":{"title":"Cin\u00e9ma tunisien : \u00ab Un fils \u00bb de Mehdi Barsaoui sort en Gr\u00e8ce - Kapitalis","robots":{"index":"index","follow":"follow","max-snippet":"max-snippet:-1","max-image-preview":"max-image-preview:large","max-video-preview":"max-video-preview:-1"},"canonical":"https:\/\/kapitalis.com\/tunisie\/2021\/07\/19\/cinema-tunisien-un-fils-de-mehdi-barsaoui-sort-en-grece\/","og_locale":"fr_FR","og_type":"article","og_title":"Cin\u00e9ma tunisien : \u00ab Un fils \u00bb de Mehdi Barsaoui sort en Gr\u00e8ce - Kapitalis","og_description":"Apr\u00e8s le grand succ\u00e8s qu\u2019il a connu dans de nombreux festivals internationaux, le film tunisien \u00ab\u00a0Un fils\u00a0\u00bb de Mehdi Barsaoui se voit distribu\u00e9 en Gr\u00e8ce.","og_url":"https:\/\/kapitalis.com\/tunisie\/2021\/07\/19\/cinema-tunisien-un-fils-de-mehdi-barsaoui-sort-en-grece\/","og_site_name":"Kapitalis","article_publisher":"https:\/\/www.facebook.com\/KapitalisInfo\/","article_published_time":"2021-07-19T09:49:16+00:00","article_modified_time":"2021-07-19T09:52:12+00:00","og_image":[{"width":1200,"height":630,"url":"https:\/\/kapitalis.com\/tunisie\/wp-content\/uploads\/2022\/05\/kapitalis-logo-fb.png","type":"image\/png"}],"author":"Fawz BenAli","twitter_card":"summary_large_image","twitter_creator":"@KapitalisInfo","twitter_site":"@KapitalisInfo","twitter_misc":{"\u00c9crit par":"Fawz BenAli","Dur\u00e9e de lecture estim\u00e9e":"1 minute"},"schema":{"@context":"https:\/\/schema.org","@graph":[{"@type":"Article","@id":"https:\/\/kapitalis.com\/tunisie\/2021\/07\/19\/cinema-tunisien-un-fils-de-mehdi-barsaoui-sort-en-grece\/#article","isPartOf":{"@id":"https:\/\/kapitalis.com\/tunisie\/2021\/07\/19\/cinema-tunisien-un-fils-de-mehdi-barsaoui-sort-en-grece\/"},"author":{"name":"Fawz BenAli","@id":"https:\/\/kapitalis.com\/tunisie\/#\/schema\/person\/73a5ecc1f6ae540c6ed91342eadca948"},"headline":"Cin\u00e9ma tunisien : \u00ab Un fils \u00bb de Mehdi Barsaoui sort en Gr\u00e8ce","datePublished":"2021-07-19T09:49:16+00:00","dateModified":"2021-07-19T09:52:12+00:00","mainEntityOfPage":{"@id":"https:\/\/kapitalis.com\/tunisie\/2021\/07\/19\/cinema-tunisien-un-fils-de-mehdi-barsaoui-sort-en-grece\/"},"wordCount":197,"commentCount":0,"publisher":{"@id":"https:\/\/kapitalis.com\/tunisie\/#organization"},"image":{"@id":"https:\/\/kapitalis.com\/tunisie\/2021\/07\/19\/cinema-tunisien-un-fils-de-mehdi-barsaoui-sort-en-grece\/#primaryimage"},"thumbnailUrl":"","keywords":["cin\u00e9ma tunisien","Mehdi Barsaoui","Najla Ben Abdallah","Sami Bouajila","Un fils"],"articleSection":["CULTURE","Tunisie"],"inLanguage":"fr-FR","potentialAction":[{"@type":"CommentAction","name":"Comment","target":["https:\/\/kapitalis.com\/tunisie\/2021\/07\/19\/cinema-tunisien-un-fils-de-mehdi-barsaoui-sort-en-grece\/#respond"]}]},{"@type":"WebPage","@id":"https:\/\/kapitalis.com\/tunisie\/2021\/07\/19\/cinema-tunisien-un-fils-de-mehdi-barsaoui-sort-en-grece\/","url":"https:\/\/kapitalis.com\/tunisie\/2021\/07\/19\/cinema-tunisien-un-fils-de-mehdi-barsaoui-sort-en-grece\/","name":"Cin\u00e9ma tunisien : \u00ab Un fils \u00bb de Mehdi Barsaoui sort en Gr\u00e8ce - Kapitalis","isPartOf":{"@id":"https:\/\/kapitalis.com\/tunisie\/#website"},"primaryImageOfPage":{"@id":"https:\/\/kapitalis.com\/tunisie\/2021\/07\/19\/cinema-tunisien-un-fils-de-mehdi-barsaoui-sort-en-grece\/#primaryimage"},"image":{"@id":"https:\/\/kapitalis.com\/tunisie\/2021\/07\/19\/cinema-tunisien-un-fils-de-mehdi-barsaoui-sort-en-grece\/#primaryimage"},"thumbnailUrl":"","datePublished":"2021-07-19T09:49:16+00:00","dateModified":"2021-07-19T09:52:12+00:00","breadcrumb":{"@id":"https:\/\/kapitalis.com\/tunisie\/2021\/07\/19\/cinema-tunisien-un-fils-de-mehdi-barsaoui-sort-en-grece\/#breadcrumb"},"inLanguage":"fr-FR","potentialAction":[{"@type":"ReadAction","target":["https:\/\/kapitalis.com\/tunisie\/2021\/07\/19\/cinema-tunisien-un-fils-de-mehdi-barsaoui-sort-en-grece\/"]}]},{"@type":"ImageObject","inLanguage":"fr-FR","@id":"https:\/\/kapitalis.com\/tunisie\/2021\/07\/19\/cinema-tunisien-un-fils-de-mehdi-barsaoui-sort-en-grece\/#primaryimage","url":"","contentUrl":""},{"@type":"BreadcrumbList","@id":"https:\/\/kapitalis.com\/tunisie\/2021\/07\/19\/cinema-tunisien-un-fils-de-mehdi-barsaoui-sort-en-grece\/#breadcrumb","itemListElement":[{"@type":"ListItem","position":1,"name":"Accueil","item":"https:\/\/kapitalis.com\/tunisie\/"},{"@type":"ListItem","position":2,"name":"Cin\u00e9ma tunisien : \u00ab Un fils \u00bb de Mehdi Barsaoui sort en Gr\u00e8ce"}]},{"@type":"WebSite","@id":"https:\/\/kapitalis.com\/tunisie\/#website","url":"https:\/\/kapitalis.com\/tunisie\/","name":"Kapitalis","description":"L&#039;actualit\u00e9 en Tunisie et dans le monde","publisher":{"@id":"https:\/\/kapitalis.com\/tunisie\/#organization"},"potentialAction":[{"@type":"SearchAction","target":{"@type":"EntryPoint","urlTemplate":"https:\/\/kapitalis.com\/tunisie\/?s={search_term_string}"},"query-input":{"@type":"PropertyValueSpecification","valueRequired":true,"valueName":"search_term_string"}}],"inLanguage":"fr-FR"},{"@type":"Organization","@id":"https:\/\/kapitalis.com\/tunisie\/#organization","name":"Kapitalis","url":"https:\/\/kapitalis.com\/tunisie\/","logo":{"@type":"ImageObject","inLanguage":"fr-FR","@id":"https:\/\/kapitalis.com\/tunisie\/#\/schema\/logo\/image\/","url":"https:\/\/kapitalis.com\/tunisie\/wp-content\/uploads\/2022\/05\/Kapitalis-big-size.png","contentUrl":"https:\/\/kapitalis.com\/tunisie\/wp-content\/uploads\/2022\/05\/Kapitalis-big-size.png","width":5000,"height":1500,"caption":"Kapitalis"},"image":{"@id":"https:\/\/kapitalis.com\/tunisie\/#\/schema\/logo\/image\/"},"sameAs":["https:\/\/www.facebook.com\/KapitalisInfo\/","https:\/\/x.com\/KapitalisInfo","https:\/\/www.youtube.com\/channel\/UC-yDYrHyfFBWWZaOw3FPg9Q"]},{"@type":"Person","@id":"https:\/\/kapitalis.com\/tunisie\/#\/schema\/person\/73a5ecc1f6ae540c6ed91342eadca948","name":"Fawz BenAli","url":"https:\/\/kapitalis.com\/tunisie\/author\/fawz\/"}]}},"_links":{"self":[{"href":"https:\/\/kapitalis.com\/tunisie\/wp-json\/wp\/v2\/posts\/356670","targetHints":{"allow":["GET"]}}],"collection":[{"href":"https:\/\/kapitalis.com\/tunisie\/wp-json\/wp\/v2\/posts"}],"about":[{"href":"https:\/\/kapitalis.com\/tunisie\/wp-json\/wp\/v2\/types\/post"}],"author":[{"embeddable":true,"href":"https:\/\/kapitalis.com\/tunisie\/wp-json\/wp\/v2\/users\/26"}],"replies":[{"embeddable":true,"href":"https:\/\/kapitalis.com\/tunisie\/wp-json\/wp\/v2\/comments?post=356670"}],"version-history":[{"count":0,"href":"https:\/\/kapitalis.com\/tunisie\/wp-json\/wp\/v2\/posts\/356670\/revisions"}],"wp:featuredmedia":[{"embeddable":true,"href":"https:\/\/kapitalis.com\/tunisie\/wp-json\/wp\/v2\/media\/356671"}],"wp:attachment":[{"href":"https:\/\/kapitalis.com\/tunisie\/wp-json\/wp\/v2\/media?parent=356670"}],"wp:term":[{"taxonomy":"category","embeddable":true,"href":"https:\/\/kapitalis.com\/tunisie\/wp-json\/wp\/v2\/categories?post=356670"},{"taxonomy":"post_tag","embeddable":true,"href":"https:\/\/kapitalis.com\/tunisie\/wp-json\/wp\/v2\/tags?post=356670"}],"curies":[{"name":"wp","href":"https:\/\/api.w.org\/{rel}","templated":true}]}}