{"id":35675,"date":"2016-01-19T17:12:32","date_gmt":"2016-01-19T16:12:32","guid":{"rendered":"http:\/\/kapitalis.com\/tunisie\/?p=35675"},"modified":"2016-01-19T18:40:23","modified_gmt":"2016-01-19T17:40:23","slug":"kasserine-couvre-feu-et-ville-paralysee","status":"publish","type":"post","link":"https:\/\/kapitalis.com\/tunisie\/2016\/01\/19\/kasserine-couvre-feu-et-ville-paralysee\/","title":{"rendered":"Kasserine : Couvre-feu et ville paralys\u00e9e"},"content":{"rendered":"<p style=\"text-align: center;\"><img loading=\"lazy\" decoding=\"async\" class=\"alignnone size-full wp-image-35677\" src=\"http:\/\/kapitalis.com\/tunisie\/wp-content\/uploads\/2016\/01\/Kasserine-couvre-feu.jpg\" alt=\"Kasserine couvre feu\" width=\"626\" height=\"380\" \/><\/p>\n<p><em><strong>Le couvre-feu a \u00e9t\u00e9 d\u00e9cr\u00e9t\u00e9 \u00e0 Kasserine de 18 heures \u00e0 5 heures du matin, et ce \u00e0 partir de ce soir, suite aux heurts entre jeunes et police.<\/strong><\/em><\/p>\n<p><!--more--><\/p>\n<p>Des heurts ont \u00e9clat\u00e9, aujourd\u2019hui, mardi 19 janvier 2016, entre des dipl\u00f4m\u00e9s ch\u00f4meurs et les forces de police, devant le si\u00e8ge du gouvernorat de Kasserine. Tr\u00e8s vite, des protestations ont \u00e9clat\u00e9 dans plusieurs quartiers de la ville, les habitants demandant aux autorit\u00e9s de faire cesser la corruption administrative et donner des emplois aux jeunes.<\/p>\n<p style=\"text-align: center;\"><img loading=\"lazy\" decoding=\"async\" class=\"alignnone size-full wp-image-35681\" src=\"http:\/\/kapitalis.com\/tunisie\/wp-content\/uploads\/2016\/01\/Kasserine-heurts-police-jeunes-PF.jpg\" alt=\"Kasserine heurts police jeunes PF\" width=\"500\" height=\"300\" \/><\/p>\n<p>Les \u00e9coles et les commerces ont \u00e9t\u00e9 ferm\u00e9s et les routes principales bloqu\u00e9es par les protestataires tr\u00e8s en col\u00e8re et d\u00e9non\u00e7ant l\u2019in\u00e9galit\u00e9 sociale et les promesses de d\u00e9veloppement non tenues par les diff\u00e9rents gouvernements qui se sont succ\u00e9d\u00e9 depuis la r\u00e9volution de janvier 2011.<\/p>\n<p style=\"text-align: center;\"><img loading=\"lazy\" decoding=\"async\" class=\"alignnone size-full wp-image-35684\" src=\"http:\/\/kapitalis.com\/tunisie\/wp-content\/uploads\/2016\/01\/Kasserine-couvre-feu-PF.jpg\" alt=\"Kasserine couvre feu PF\" width=\"500\" height=\"300\" \/><\/p>\n<p style=\"text-align: right;\"><strong>Y. N.<\/strong><\/p>\n","protected":false},"excerpt":{"rendered":"<p>Le couvre-feu a \u00e9t\u00e9 d\u00e9cr\u00e9t\u00e9 \u00e0 Kasserine de 18 heures \u00e0 5 heures du matin, et ce \u00e0 partir de ce soir, suite aux heurts entre jeunes et police.<\/p>\n","protected":false},"author":6,"featured_media":35677,"comment_status":"open","ping_status":"open","sticky":false,"template":"","format":"standard","meta":{"footnotes":""},"categories":[998,2433],"tags":[1868,244,275,6447,444,12257],"class_list":["post-35675","post","type-post","status-publish","format-standard","has-post-thumbnail","hentry","category-societe","category-tunisie","tag-chomage","tag-couvre-feu","tag-developpement","tag-gouvernorat","tag-heurts","tag-protestataires"],"yoast_head":"<!-- This site is optimized with the Yoast SEO plugin v26.6 - https:\/\/yoast.com\/wordpress\/plugins\/seo\/ -->\n<title>Kasserine : Couvre-feu et ville paralys\u00e9e - Kapitalis<\/title>\n<meta name=\"robots\" content=\"index, follow, max-snippet:-1, max-image-preview:large, max-video-preview:-1\" \/>\n<link rel=\"canonical\" href=\"https:\/\/kapitalis.com\/tunisie\/2016\/01\/19\/kasserine-couvre-feu-et-ville-paralysee\/\" \/>\n<meta property=\"og:locale\" content=\"fr_FR\" \/>\n<meta property=\"og:type\" content=\"article\" \/>\n<meta property=\"og:title\" content=\"Kasserine : Couvre-feu et ville paralys\u00e9e - Kapitalis\" \/>\n<meta property=\"og:description\" content=\"Le couvre-feu a \u00e9t\u00e9 d\u00e9cr\u00e9t\u00e9 \u00e0 Kasserine de 18 heures \u00e0 5 heures du matin, et ce \u00e0 partir de ce soir, suite aux heurts entre jeunes et police.\" \/>\n<meta property=\"og:url\" content=\"https:\/\/kapitalis.com\/tunisie\/2016\/01\/19\/kasserine-couvre-feu-et-ville-paralysee\/\" \/>\n<meta property=\"og:site_name\" content=\"Kapitalis\" \/>\n<meta property=\"article:publisher\" content=\"https:\/\/www.facebook.com\/KapitalisInfo\/\" \/>\n<meta property=\"article:published_time\" content=\"2016-01-19T16:12:32+00:00\" \/>\n<meta property=\"article:modified_time\" content=\"2016-01-19T17:40:23+00:00\" \/>\n<meta property=\"og:image\" content=\"https:\/\/kapitalis.com\/tunisie\/wp-content\/uploads\/2022\/05\/kapitalis-logo-fb.png\" \/>\n\t<meta property=\"og:image:width\" content=\"1200\" \/>\n\t<meta property=\"og:image:height\" content=\"630\" \/>\n\t<meta property=\"og:image:type\" content=\"image\/png\" \/>\n<meta name=\"author\" content=\"Yusra NY\" \/>\n<meta name=\"twitter:card\" content=\"summary_large_image\" \/>\n<meta name=\"twitter:creator\" content=\"@KapitalisInfo\" \/>\n<meta name=\"twitter:site\" content=\"@KapitalisInfo\" \/>\n<meta name=\"twitter:label1\" content=\"\u00c9crit par\" \/>\n\t<meta name=\"twitter:data1\" content=\"Yusra NY\" \/>\n\t<meta name=\"twitter:label2\" content=\"Dur\u00e9e de lecture estim\u00e9e\" \/>\n\t<meta name=\"twitter:data2\" content=\"1 minute\" \/>\n<script type=\"application\/ld+json\" class=\"yoast-schema-graph\">{\"@context\":\"https:\/\/schema.org\",\"@graph\":[{\"@type\":\"Article\",\"@id\":\"https:\/\/kapitalis.com\/tunisie\/2016\/01\/19\/kasserine-couvre-feu-et-ville-paralysee\/#article\",\"isPartOf\":{\"@id\":\"https:\/\/kapitalis.com\/tunisie\/2016\/01\/19\/kasserine-couvre-feu-et-ville-paralysee\/\"},\"author\":{\"name\":\"Yusra NY\",\"@id\":\"https:\/\/kapitalis.com\/tunisie\/#\/schema\/person\/74bbde0154d49d790a92aaeac5bc01d5\"},\"headline\":\"Kasserine : Couvre-feu et ville paralys\u00e9e\",\"datePublished\":\"2016-01-19T16:12:32+00:00\",\"dateModified\":\"2016-01-19T17:40:23+00:00\",\"mainEntityOfPage\":{\"@id\":\"https:\/\/kapitalis.com\/tunisie\/2016\/01\/19\/kasserine-couvre-feu-et-ville-paralysee\/\"},\"wordCount\":148,\"commentCount\":3,\"publisher\":{\"@id\":\"https:\/\/kapitalis.com\/tunisie\/#organization\"},\"image\":{\"@id\":\"https:\/\/kapitalis.com\/tunisie\/2016\/01\/19\/kasserine-couvre-feu-et-ville-paralysee\/#primaryimage\"},\"thumbnailUrl\":\"\",\"keywords\":[\"ch\u00f4mage\",\"couvre-feu\",\"d\u00e9veloppement\",\"gouvernorat\",\"heurts\",\"protestataires\"],\"articleSection\":[\"SOCIETE\",\"Tunisie\"],\"inLanguage\":\"fr-FR\",\"potentialAction\":[{\"@type\":\"CommentAction\",\"name\":\"Comment\",\"target\":[\"https:\/\/kapitalis.com\/tunisie\/2016\/01\/19\/kasserine-couvre-feu-et-ville-paralysee\/#respond\"]}]},{\"@type\":\"WebPage\",\"@id\":\"https:\/\/kapitalis.com\/tunisie\/2016\/01\/19\/kasserine-couvre-feu-et-ville-paralysee\/\",\"url\":\"https:\/\/kapitalis.com\/tunisie\/2016\/01\/19\/kasserine-couvre-feu-et-ville-paralysee\/\",\"name\":\"Kasserine : Couvre-feu et ville paralys\u00e9e - Kapitalis\",\"isPartOf\":{\"@id\":\"https:\/\/kapitalis.com\/tunisie\/#website\"},\"primaryImageOfPage\":{\"@id\":\"https:\/\/kapitalis.com\/tunisie\/2016\/01\/19\/kasserine-couvre-feu-et-ville-paralysee\/#primaryimage\"},\"image\":{\"@id\":\"https:\/\/kapitalis.com\/tunisie\/2016\/01\/19\/kasserine-couvre-feu-et-ville-paralysee\/#primaryimage\"},\"thumbnailUrl\":\"\",\"datePublished\":\"2016-01-19T16:12:32+00:00\",\"dateModified\":\"2016-01-19T17:40:23+00:00\",\"breadcrumb\":{\"@id\":\"https:\/\/kapitalis.com\/tunisie\/2016\/01\/19\/kasserine-couvre-feu-et-ville-paralysee\/#breadcrumb\"},\"inLanguage\":\"fr-FR\",\"potentialAction\":[{\"@type\":\"ReadAction\",\"target\":[\"https:\/\/kapitalis.com\/tunisie\/2016\/01\/19\/kasserine-couvre-feu-et-ville-paralysee\/\"]}]},{\"@type\":\"ImageObject\",\"inLanguage\":\"fr-FR\",\"@id\":\"https:\/\/kapitalis.com\/tunisie\/2016\/01\/19\/kasserine-couvre-feu-et-ville-paralysee\/#primaryimage\",\"url\":\"\",\"contentUrl\":\"\"},{\"@type\":\"BreadcrumbList\",\"@id\":\"https:\/\/kapitalis.com\/tunisie\/2016\/01\/19\/kasserine-couvre-feu-et-ville-paralysee\/#breadcrumb\",\"itemListElement\":[{\"@type\":\"ListItem\",\"position\":1,\"name\":\"Accueil\",\"item\":\"https:\/\/kapitalis.com\/tunisie\/\"},{\"@type\":\"ListItem\",\"position\":2,\"name\":\"Kasserine : Couvre-feu et ville paralys\u00e9e\"}]},{\"@type\":\"WebSite\",\"@id\":\"https:\/\/kapitalis.com\/tunisie\/#website\",\"url\":\"https:\/\/kapitalis.com\/tunisie\/\",\"name\":\"Kapitalis\",\"description\":\"L&#039;actualit\u00e9 en Tunisie et dans le monde\",\"publisher\":{\"@id\":\"https:\/\/kapitalis.com\/tunisie\/#organization\"},\"potentialAction\":[{\"@type\":\"SearchAction\",\"target\":{\"@type\":\"EntryPoint\",\"urlTemplate\":\"https:\/\/kapitalis.com\/tunisie\/?s={search_term_string}\"},\"query-input\":{\"@type\":\"PropertyValueSpecification\",\"valueRequired\":true,\"valueName\":\"search_term_string\"}}],\"inLanguage\":\"fr-FR\"},{\"@type\":\"Organization\",\"@id\":\"https:\/\/kapitalis.com\/tunisie\/#organization\",\"name\":\"Kapitalis\",\"url\":\"https:\/\/kapitalis.com\/tunisie\/\",\"logo\":{\"@type\":\"ImageObject\",\"inLanguage\":\"fr-FR\",\"@id\":\"https:\/\/kapitalis.com\/tunisie\/#\/schema\/logo\/image\/\",\"url\":\"https:\/\/kapitalis.com\/tunisie\/wp-content\/uploads\/2022\/05\/Kapitalis-big-size.png\",\"contentUrl\":\"https:\/\/kapitalis.com\/tunisie\/wp-content\/uploads\/2022\/05\/Kapitalis-big-size.png\",\"width\":5000,\"height\":1500,\"caption\":\"Kapitalis\"},\"image\":{\"@id\":\"https:\/\/kapitalis.com\/tunisie\/#\/schema\/logo\/image\/\"},\"sameAs\":[\"https:\/\/www.facebook.com\/KapitalisInfo\/\",\"https:\/\/x.com\/KapitalisInfo\",\"https:\/\/www.youtube.com\/channel\/UC-yDYrHyfFBWWZaOw3FPg9Q\"]},{\"@type\":\"Person\",\"@id\":\"https:\/\/kapitalis.com\/tunisie\/#\/schema\/person\/74bbde0154d49d790a92aaeac5bc01d5\",\"name\":\"Yusra NY\",\"url\":\"https:\/\/kapitalis.com\/tunisie\/author\/yuza_adam\/\"}]}<\/script>\n<!-- \/ Yoast SEO plugin. -->","yoast_head_json":{"title":"Kasserine : Couvre-feu et ville paralys\u00e9e - Kapitalis","robots":{"index":"index","follow":"follow","max-snippet":"max-snippet:-1","max-image-preview":"max-image-preview:large","max-video-preview":"max-video-preview:-1"},"canonical":"https:\/\/kapitalis.com\/tunisie\/2016\/01\/19\/kasserine-couvre-feu-et-ville-paralysee\/","og_locale":"fr_FR","og_type":"article","og_title":"Kasserine : Couvre-feu et ville paralys\u00e9e - Kapitalis","og_description":"Le couvre-feu a \u00e9t\u00e9 d\u00e9cr\u00e9t\u00e9 \u00e0 Kasserine de 18 heures \u00e0 5 heures du matin, et ce \u00e0 partir de ce soir, suite aux heurts entre jeunes et police.","og_url":"https:\/\/kapitalis.com\/tunisie\/2016\/01\/19\/kasserine-couvre-feu-et-ville-paralysee\/","og_site_name":"Kapitalis","article_publisher":"https:\/\/www.facebook.com\/KapitalisInfo\/","article_published_time":"2016-01-19T16:12:32+00:00","article_modified_time":"2016-01-19T17:40:23+00:00","og_image":[{"width":1200,"height":630,"url":"https:\/\/kapitalis.com\/tunisie\/wp-content\/uploads\/2022\/05\/kapitalis-logo-fb.png","type":"image\/png"}],"author":"Yusra NY","twitter_card":"summary_large_image","twitter_creator":"@KapitalisInfo","twitter_site":"@KapitalisInfo","twitter_misc":{"\u00c9crit par":"Yusra NY","Dur\u00e9e de lecture estim\u00e9e":"1 minute"},"schema":{"@context":"https:\/\/schema.org","@graph":[{"@type":"Article","@id":"https:\/\/kapitalis.com\/tunisie\/2016\/01\/19\/kasserine-couvre-feu-et-ville-paralysee\/#article","isPartOf":{"@id":"https:\/\/kapitalis.com\/tunisie\/2016\/01\/19\/kasserine-couvre-feu-et-ville-paralysee\/"},"author":{"name":"Yusra NY","@id":"https:\/\/kapitalis.com\/tunisie\/#\/schema\/person\/74bbde0154d49d790a92aaeac5bc01d5"},"headline":"Kasserine : Couvre-feu et ville paralys\u00e9e","datePublished":"2016-01-19T16:12:32+00:00","dateModified":"2016-01-19T17:40:23+00:00","mainEntityOfPage":{"@id":"https:\/\/kapitalis.com\/tunisie\/2016\/01\/19\/kasserine-couvre-feu-et-ville-paralysee\/"},"wordCount":148,"commentCount":3,"publisher":{"@id":"https:\/\/kapitalis.com\/tunisie\/#organization"},"image":{"@id":"https:\/\/kapitalis.com\/tunisie\/2016\/01\/19\/kasserine-couvre-feu-et-ville-paralysee\/#primaryimage"},"thumbnailUrl":"","keywords":["ch\u00f4mage","couvre-feu","d\u00e9veloppement","gouvernorat","heurts","protestataires"],"articleSection":["SOCIETE","Tunisie"],"inLanguage":"fr-FR","potentialAction":[{"@type":"CommentAction","name":"Comment","target":["https:\/\/kapitalis.com\/tunisie\/2016\/01\/19\/kasserine-couvre-feu-et-ville-paralysee\/#respond"]}]},{"@type":"WebPage","@id":"https:\/\/kapitalis.com\/tunisie\/2016\/01\/19\/kasserine-couvre-feu-et-ville-paralysee\/","url":"https:\/\/kapitalis.com\/tunisie\/2016\/01\/19\/kasserine-couvre-feu-et-ville-paralysee\/","name":"Kasserine : Couvre-feu et ville paralys\u00e9e - Kapitalis","isPartOf":{"@id":"https:\/\/kapitalis.com\/tunisie\/#website"},"primaryImageOfPage":{"@id":"https:\/\/kapitalis.com\/tunisie\/2016\/01\/19\/kasserine-couvre-feu-et-ville-paralysee\/#primaryimage"},"image":{"@id":"https:\/\/kapitalis.com\/tunisie\/2016\/01\/19\/kasserine-couvre-feu-et-ville-paralysee\/#primaryimage"},"thumbnailUrl":"","datePublished":"2016-01-19T16:12:32+00:00","dateModified":"2016-01-19T17:40:23+00:00","breadcrumb":{"@id":"https:\/\/kapitalis.com\/tunisie\/2016\/01\/19\/kasserine-couvre-feu-et-ville-paralysee\/#breadcrumb"},"inLanguage":"fr-FR","potentialAction":[{"@type":"ReadAction","target":["https:\/\/kapitalis.com\/tunisie\/2016\/01\/19\/kasserine-couvre-feu-et-ville-paralysee\/"]}]},{"@type":"ImageObject","inLanguage":"fr-FR","@id":"https:\/\/kapitalis.com\/tunisie\/2016\/01\/19\/kasserine-couvre-feu-et-ville-paralysee\/#primaryimage","url":"","contentUrl":""},{"@type":"BreadcrumbList","@id":"https:\/\/kapitalis.com\/tunisie\/2016\/01\/19\/kasserine-couvre-feu-et-ville-paralysee\/#breadcrumb","itemListElement":[{"@type":"ListItem","position":1,"name":"Accueil","item":"https:\/\/kapitalis.com\/tunisie\/"},{"@type":"ListItem","position":2,"name":"Kasserine : Couvre-feu et ville paralys\u00e9e"}]},{"@type":"WebSite","@id":"https:\/\/kapitalis.com\/tunisie\/#website","url":"https:\/\/kapitalis.com\/tunisie\/","name":"Kapitalis","description":"L&#039;actualit\u00e9 en Tunisie et dans le monde","publisher":{"@id":"https:\/\/kapitalis.com\/tunisie\/#organization"},"potentialAction":[{"@type":"SearchAction","target":{"@type":"EntryPoint","urlTemplate":"https:\/\/kapitalis.com\/tunisie\/?s={search_term_string}"},"query-input":{"@type":"PropertyValueSpecification","valueRequired":true,"valueName":"search_term_string"}}],"inLanguage":"fr-FR"},{"@type":"Organization","@id":"https:\/\/kapitalis.com\/tunisie\/#organization","name":"Kapitalis","url":"https:\/\/kapitalis.com\/tunisie\/","logo":{"@type":"ImageObject","inLanguage":"fr-FR","@id":"https:\/\/kapitalis.com\/tunisie\/#\/schema\/logo\/image\/","url":"https:\/\/kapitalis.com\/tunisie\/wp-content\/uploads\/2022\/05\/Kapitalis-big-size.png","contentUrl":"https:\/\/kapitalis.com\/tunisie\/wp-content\/uploads\/2022\/05\/Kapitalis-big-size.png","width":5000,"height":1500,"caption":"Kapitalis"},"image":{"@id":"https:\/\/kapitalis.com\/tunisie\/#\/schema\/logo\/image\/"},"sameAs":["https:\/\/www.facebook.com\/KapitalisInfo\/","https:\/\/x.com\/KapitalisInfo","https:\/\/www.youtube.com\/channel\/UC-yDYrHyfFBWWZaOw3FPg9Q"]},{"@type":"Person","@id":"https:\/\/kapitalis.com\/tunisie\/#\/schema\/person\/74bbde0154d49d790a92aaeac5bc01d5","name":"Yusra NY","url":"https:\/\/kapitalis.com\/tunisie\/author\/yuza_adam\/"}]}},"_links":{"self":[{"href":"https:\/\/kapitalis.com\/tunisie\/wp-json\/wp\/v2\/posts\/35675","targetHints":{"allow":["GET"]}}],"collection":[{"href":"https:\/\/kapitalis.com\/tunisie\/wp-json\/wp\/v2\/posts"}],"about":[{"href":"https:\/\/kapitalis.com\/tunisie\/wp-json\/wp\/v2\/types\/post"}],"author":[{"embeddable":true,"href":"https:\/\/kapitalis.com\/tunisie\/wp-json\/wp\/v2\/users\/6"}],"replies":[{"embeddable":true,"href":"https:\/\/kapitalis.com\/tunisie\/wp-json\/wp\/v2\/comments?post=35675"}],"version-history":[{"count":0,"href":"https:\/\/kapitalis.com\/tunisie\/wp-json\/wp\/v2\/posts\/35675\/revisions"}],"wp:featuredmedia":[{"embeddable":true,"href":"https:\/\/kapitalis.com\/tunisie\/wp-json\/wp\/v2\/media\/35677"}],"wp:attachment":[{"href":"https:\/\/kapitalis.com\/tunisie\/wp-json\/wp\/v2\/media?parent=35675"}],"wp:term":[{"taxonomy":"category","embeddable":true,"href":"https:\/\/kapitalis.com\/tunisie\/wp-json\/wp\/v2\/categories?post=35675"},{"taxonomy":"post_tag","embeddable":true,"href":"https:\/\/kapitalis.com\/tunisie\/wp-json\/wp\/v2\/tags?post=35675"}],"curies":[{"name":"wp","href":"https:\/\/api.w.org\/{rel}","templated":true}]}}