{"id":356919,"date":"2021-07-22T07:37:46","date_gmt":"2021-07-22T06:37:46","guid":{"rendered":"http:\/\/kapitalis.com\/tunisie\/?p=356919"},"modified":"2021-07-22T08:03:27","modified_gmt":"2021-07-22T07:03:27","slug":"cma-cgm-met-fin-a-ses-operations-sur-le-port-de-tunis-rades","status":"publish","type":"post","link":"https:\/\/kapitalis.com\/tunisie\/2021\/07\/22\/cma-cgm-met-fin-a-ses-operations-sur-le-port-de-tunis-rades\/","title":{"rendered":"CMA CGM met fin \u00e0 ses op\u00e9rations sur le port de Tunis-Rad\u00e8s"},"content":{"rendered":"\n<div class=\"wp-block-image\"><figure class=\"aligncenter size-large\"><img decoding=\"async\" src=\"http:\/\/kapitalis.com\/tunisie\/wp-content\/uploads\/2021\/06\/Groupe-CMA-CGM-La-Goulette.jpg\" alt=\"\" class=\"wp-image-351261\"\/><figcaption><em>CMA CGM arr\u00eate ses op\u00e9rations sur le port de Tunis-Rad\u00e8s.<\/em><\/figcaption><\/figure><\/div>\n\n\n\n<p><strong><em>Dans une lettre en date du 16 juillet 2021, l&rsquo;armateur de porte-conteneurs fran\u00e7ais, CMA CGM (Compagnie maritime d&rsquo;affr\u00e8tement &#8211; Compagnie g\u00e9n\u00e9rale maritime), informe les autorit\u00e9s du port de Tunis-Rad\u00e8s de sa d\u00e9cision de mettre fin \u00e0 toutes ses op\u00e9rations (Cargo Dry \/ IMO \/ Reefer) sur le principal port commercial en Tunisie, ajoutant que cette d\u00e9cision concerne toutes les cargaisons \u00e0 travers le monde \u00e0 destination de Tunis-Rad\u00e8s, qu&rsquo;elle a un effet imm\u00e9diat et sera maintenue jusqu&rsquo;\u00e0 nouvel.<\/em><\/strong><\/p>\n\n\n\n<p>Par <strong>Imed Bahri<\/strong><\/p>\n\n\n\n<!--more-->\n\n\n\n<p>Pour justifier sa d\u00e9cision, visiblement prise en d\u00e9sespoir de cause et apr\u00e8s avoir \u00e9puis\u00e9 toutes autres solutions, CMA CGM, leader mondial du transport maritime en conteneurs et le premier fran\u00e7ais, qui assure une offre globale de transport maritime, de manutention portuaire et de logistique terrestre, invoque les importants retards d&rsquo;exploitation essuy\u00e9s depuis plusieurs semaines sur Tunis-Rad\u00e8s, avec un s\u00e9jour portuaire cumul\u00e9 moyen de 25 jours et une productivit\u00e9 op\u00e9rationnelle tr\u00e8s faible \u00e0 quai. Merci douane, merci UGTT&#8230; <\/p>\n\n\n\n<p>CMA CGM pr\u00e9cise que cette d\u00e9cision n&rsquo;est pas applicable aux cargaisons charg\u00e9es sur le service RORO entre Marseille et Tunis-Rad\u00e8s et qu&rsquo;en attendant une solution radicale du probl\u00e8me, l&rsquo;armateur propose, en guise d&rsquo;alternative, l&rsquo;acceptation des r\u00e9servations et leur d\u00e9tournement vers d&rsquo;autres ports comme Sousse, Sfax, Bizerte\u2026<\/p>\n\n\n\n<p>Cette information ne semble pas avoir d\u00e9rang\u00e9 outre mesure le chef du gouvernement Hichem Mechichi et le ministre du Transport Moez Chakchouk, qui ont pass\u00e9 le weekend dernier \u00e0 se dorer les fesses sur la plage d&rsquo;un palace de Hammamet. Elle vient aussi confirmer ce que nous avons \u00e9crit \u00e0 plusieurs reprises dans Kapitalis sur la n\u00e9cessit\u00e9 de r\u00e9gler de mani\u00e8re radicale les probl\u00e8mes end\u00e9miques du port de Tunis-Rad\u00e8s, o\u00f9 les op\u00e9rateurs \u00e9conomiques, nationaux et \u00e9trangers, sont pris en otages par une v\u00e9ritable mafia de <a href=\"http:\/\/kapitalis.com\/tunisie\/2021\/06\/18\/comment-lugtt-detruit-leconomie-tunisienne\/\" target=\"_blank\" rel=\"noreferrer noopener\">syndicalistes v\u00e9reux<\/a>, de douaniers ripoux et d&rsquo;irresponsables administrateurs.<\/p>\n\n\n\n<p>En attendant la prochaine<em> \u00ablatkha\u00bb<\/em>, nous aimerions conna\u00eetre ce que pensent MM Mechichi et Chakchouk de celle-ci\u2026 Et on se demande s&rsquo;ils vont r\u00e9agir ou laisser filer, comme ils ont laiss\u00e9 filer la dette ext\u00e9rieure et le virus de Covid-19, entre autres\u2026<\/p>\n\n\n\n<div class=\"wp-block-image\"><figure class=\"aligncenter size-large is-resized\"><img decoding=\"async\" src=\"http:\/\/kapitalis.com\/tunisie\/wp-content\/uploads\/2021\/07\/CMA-CGM.jpg\" alt=\"\" class=\"wp-image-356921\" width=\"500\"\/><\/figure><\/div>\n\n\n\n<h4 class=\"wp-block-heading\"><em>Articles li\u00e9s: <\/em><\/h4>\n\n\n\n<p><blockquote class=\"wp-embedded-content\" data-secret=\"0RZHFC4Bej\"><a href=\"https:\/\/kapitalis.com\/tunisie\/2021\/03\/22\/ferid-belhaj-le-port-de-rades-est-le-symbole-du-blocage-en-tunisie\/\">Ferid Belhaj : \u00abLe port de Rad\u00e8s est le symbole du blocage en Tunisie\u00bb<\/a><\/blockquote><iframe loading=\"lazy\" class=\"wp-embedded-content\" sandbox=\"allow-scripts\" security=\"restricted\" style=\"position: absolute; clip: rect(1px, 1px, 1px, 1px);\" title=\"\u00ab\u00a0Ferid Belhaj : \u00abLe port de Rad\u00e8s est le symbole du blocage en Tunisie\u00bb\u00a0\u00bb &#8212; Kapitalis\" src=\"https:\/\/kapitalis.com\/tunisie\/2021\/03\/22\/ferid-belhaj-le-port-de-rades-est-le-symbole-du-blocage-en-tunisie\/embed\/#?secret=acL0VSLpT8#?secret=0RZHFC4Bej\" data-secret=\"0RZHFC4Bej\" width=\"600\" height=\"338\" frameborder=\"0\" marginwidth=\"0\" marginheight=\"0\" scrolling=\"no\"><\/iframe><\/p>\n\n\n\n<p><blockquote class=\"wp-embedded-content\" data-secret=\"pf4CMhq7ov\"><a href=\"https:\/\/kapitalis.com\/tunisie\/2021\/06\/18\/comment-lugtt-detruit-leconomie-tunisienne\/\">Comment l\u2019UGTT d\u00e9truit l\u2019\u00e9conomie tunisienne<\/a><\/blockquote><iframe loading=\"lazy\" class=\"wp-embedded-content\" sandbox=\"allow-scripts\" security=\"restricted\" style=\"position: absolute; clip: rect(1px, 1px, 1px, 1px);\" title=\"\u00ab\u00a0Comment l\u2019UGTT d\u00e9truit l\u2019\u00e9conomie tunisienne\u00a0\u00bb &#8212; Kapitalis\" src=\"https:\/\/kapitalis.com\/tunisie\/2021\/06\/18\/comment-lugtt-detruit-leconomie-tunisienne\/embed\/#?secret=kLg2r1dwOA#?secret=pf4CMhq7ov\" data-secret=\"pf4CMhq7ov\" width=\"600\" height=\"338\" frameborder=\"0\" marginwidth=\"0\" marginheight=\"0\" scrolling=\"no\"><\/iframe><\/p>\n","protected":false},"excerpt":{"rendered":"<p>Dans une lettre en date du 16 juillet 2021, l&rsquo;armateur de porte-conteneurs fran\u00e7ais, CMA CGM (Compagnie maritime d&rsquo;affr\u00e8tement &#8211; Compagnie g\u00e9n\u00e9rale maritime), informe les autorit\u00e9s du port de Tunis-Rad\u00e8s de sa d\u00e9cision de mettre fin \u00e0 toutes ses op\u00e9rations (Cargo Dry \/ IMO \/ Reefer) sur le principal port commercial en Tunisie, ajoutant que cette&#8230;<\/p>\n","protected":false},"author":8,"featured_media":356921,"comment_status":"open","ping_status":"open","sticky":false,"template":"","format":"standard","meta":{"footnotes":""},"categories":[992,995,2433],"tags":[90858,74899,3606,92173,12326],"class_list":["post-356919","post","type-post","status-publish","format-standard","has-post-thumbnail","hentry","category-a-la-une","category-economie","category-tunisie","tag-cma-cgm","tag-hichem-mechichi","tag-moez-chakchouk","tag-port-de-tunis-rades","tag-transport-maritime"],"yoast_head":"<!-- This site is optimized with the Yoast SEO plugin v26.6 - https:\/\/yoast.com\/wordpress\/plugins\/seo\/ -->\n<title>CMA CGM met fin \u00e0 ses op\u00e9rations sur le port de Tunis-Rad\u00e8s - Kapitalis<\/title>\n<meta name=\"robots\" content=\"index, follow, max-snippet:-1, max-image-preview:large, max-video-preview:-1\" \/>\n<link rel=\"canonical\" href=\"https:\/\/kapitalis.com\/tunisie\/2021\/07\/22\/cma-cgm-met-fin-a-ses-operations-sur-le-port-de-tunis-rades\/\" \/>\n<meta property=\"og:locale\" content=\"fr_FR\" \/>\n<meta property=\"og:type\" content=\"article\" \/>\n<meta property=\"og:title\" content=\"CMA CGM met fin \u00e0 ses op\u00e9rations sur le port de Tunis-Rad\u00e8s - Kapitalis\" \/>\n<meta property=\"og:description\" content=\"Dans une lettre en date du 16 juillet 2021, l&rsquo;armateur de porte-conteneurs fran\u00e7ais, CMA CGM (Compagnie maritime d&rsquo;affr\u00e8tement &#8211; Compagnie g\u00e9n\u00e9rale maritime), informe les autorit\u00e9s du port de Tunis-Rad\u00e8s de sa d\u00e9cision de mettre fin \u00e0 toutes ses op\u00e9rations (Cargo Dry \/ IMO \/ Reefer) sur le principal port commercial en Tunisie, ajoutant que cette...\" \/>\n<meta property=\"og:url\" content=\"https:\/\/kapitalis.com\/tunisie\/2021\/07\/22\/cma-cgm-met-fin-a-ses-operations-sur-le-port-de-tunis-rades\/\" \/>\n<meta property=\"og:site_name\" content=\"Kapitalis\" \/>\n<meta property=\"article:publisher\" content=\"https:\/\/www.facebook.com\/KapitalisInfo\/\" \/>\n<meta property=\"article:published_time\" content=\"2021-07-22T06:37:46+00:00\" \/>\n<meta property=\"article:modified_time\" content=\"2021-07-22T07:03:27+00:00\" \/>\n<meta property=\"og:image\" content=\"https:\/\/kapitalis.com\/tunisie\/wp-content\/uploads\/2022\/05\/kapitalis-logo-fb.png\" \/>\n\t<meta property=\"og:image:width\" content=\"1200\" \/>\n\t<meta property=\"og:image:height\" content=\"630\" \/>\n\t<meta property=\"og:image:type\" content=\"image\/png\" \/>\n<meta name=\"author\" content=\"webmaster kapitalis\" \/>\n<meta name=\"twitter:card\" content=\"summary_large_image\" \/>\n<meta name=\"twitter:creator\" content=\"@KapitalisInfo\" \/>\n<meta name=\"twitter:site\" content=\"@KapitalisInfo\" \/>\n<meta name=\"twitter:label1\" content=\"\u00c9crit par\" \/>\n\t<meta name=\"twitter:data1\" content=\"webmaster kapitalis\" \/>\n\t<meta name=\"twitter:label2\" content=\"Dur\u00e9e de lecture estim\u00e9e\" \/>\n\t<meta name=\"twitter:data2\" content=\"2 minutes\" \/>\n<script type=\"application\/ld+json\" class=\"yoast-schema-graph\">{\"@context\":\"https:\/\/schema.org\",\"@graph\":[{\"@type\":\"Article\",\"@id\":\"https:\/\/kapitalis.com\/tunisie\/2021\/07\/22\/cma-cgm-met-fin-a-ses-operations-sur-le-port-de-tunis-rades\/#article\",\"isPartOf\":{\"@id\":\"https:\/\/kapitalis.com\/tunisie\/2021\/07\/22\/cma-cgm-met-fin-a-ses-operations-sur-le-port-de-tunis-rades\/\"},\"author\":{\"name\":\"webmaster kapitalis\",\"@id\":\"https:\/\/kapitalis.com\/tunisie\/#\/schema\/person\/d71f33a9ca44f7bad4698210b480c8e9\"},\"headline\":\"CMA CGM met fin \u00e0 ses op\u00e9rations sur le port de Tunis-Rad\u00e8s\",\"datePublished\":\"2021-07-22T06:37:46+00:00\",\"dateModified\":\"2021-07-22T07:03:27+00:00\",\"mainEntityOfPage\":{\"@id\":\"https:\/\/kapitalis.com\/tunisie\/2021\/07\/22\/cma-cgm-met-fin-a-ses-operations-sur-le-port-de-tunis-rades\/\"},\"wordCount\":407,\"commentCount\":4,\"publisher\":{\"@id\":\"https:\/\/kapitalis.com\/tunisie\/#organization\"},\"image\":{\"@id\":\"https:\/\/kapitalis.com\/tunisie\/2021\/07\/22\/cma-cgm-met-fin-a-ses-operations-sur-le-port-de-tunis-rades\/#primaryimage\"},\"thumbnailUrl\":\"\",\"keywords\":[\"CMA CGM\",\"Hichem Mechichi\",\"Moez Chakchouk\",\"port de Tunis-Rades\",\"transport maritime\"],\"articleSection\":[\"A LA UNE\",\"ECONOMIE\",\"Tunisie\"],\"inLanguage\":\"fr-FR\",\"potentialAction\":[{\"@type\":\"CommentAction\",\"name\":\"Comment\",\"target\":[\"https:\/\/kapitalis.com\/tunisie\/2021\/07\/22\/cma-cgm-met-fin-a-ses-operations-sur-le-port-de-tunis-rades\/#respond\"]}]},{\"@type\":\"WebPage\",\"@id\":\"https:\/\/kapitalis.com\/tunisie\/2021\/07\/22\/cma-cgm-met-fin-a-ses-operations-sur-le-port-de-tunis-rades\/\",\"url\":\"https:\/\/kapitalis.com\/tunisie\/2021\/07\/22\/cma-cgm-met-fin-a-ses-operations-sur-le-port-de-tunis-rades\/\",\"name\":\"CMA CGM met fin \u00e0 ses op\u00e9rations sur le port de Tunis-Rad\u00e8s - Kapitalis\",\"isPartOf\":{\"@id\":\"https:\/\/kapitalis.com\/tunisie\/#website\"},\"primaryImageOfPage\":{\"@id\":\"https:\/\/kapitalis.com\/tunisie\/2021\/07\/22\/cma-cgm-met-fin-a-ses-operations-sur-le-port-de-tunis-rades\/#primaryimage\"},\"image\":{\"@id\":\"https:\/\/kapitalis.com\/tunisie\/2021\/07\/22\/cma-cgm-met-fin-a-ses-operations-sur-le-port-de-tunis-rades\/#primaryimage\"},\"thumbnailUrl\":\"\",\"datePublished\":\"2021-07-22T06:37:46+00:00\",\"dateModified\":\"2021-07-22T07:03:27+00:00\",\"breadcrumb\":{\"@id\":\"https:\/\/kapitalis.com\/tunisie\/2021\/07\/22\/cma-cgm-met-fin-a-ses-operations-sur-le-port-de-tunis-rades\/#breadcrumb\"},\"inLanguage\":\"fr-FR\",\"potentialAction\":[{\"@type\":\"ReadAction\",\"target\":[\"https:\/\/kapitalis.com\/tunisie\/2021\/07\/22\/cma-cgm-met-fin-a-ses-operations-sur-le-port-de-tunis-rades\/\"]}]},{\"@type\":\"ImageObject\",\"inLanguage\":\"fr-FR\",\"@id\":\"https:\/\/kapitalis.com\/tunisie\/2021\/07\/22\/cma-cgm-met-fin-a-ses-operations-sur-le-port-de-tunis-rades\/#primaryimage\",\"url\":\"\",\"contentUrl\":\"\"},{\"@type\":\"BreadcrumbList\",\"@id\":\"https:\/\/kapitalis.com\/tunisie\/2021\/07\/22\/cma-cgm-met-fin-a-ses-operations-sur-le-port-de-tunis-rades\/#breadcrumb\",\"itemListElement\":[{\"@type\":\"ListItem\",\"position\":1,\"name\":\"Accueil\",\"item\":\"https:\/\/kapitalis.com\/tunisie\/\"},{\"@type\":\"ListItem\",\"position\":2,\"name\":\"CMA CGM met fin \u00e0 ses op\u00e9rations sur le port de Tunis-Rad\u00e8s\"}]},{\"@type\":\"WebSite\",\"@id\":\"https:\/\/kapitalis.com\/tunisie\/#website\",\"url\":\"https:\/\/kapitalis.com\/tunisie\/\",\"name\":\"Kapitalis\",\"description\":\"L&#039;actualit\u00e9 en Tunisie et dans le monde\",\"publisher\":{\"@id\":\"https:\/\/kapitalis.com\/tunisie\/#organization\"},\"potentialAction\":[{\"@type\":\"SearchAction\",\"target\":{\"@type\":\"EntryPoint\",\"urlTemplate\":\"https:\/\/kapitalis.com\/tunisie\/?s={search_term_string}\"},\"query-input\":{\"@type\":\"PropertyValueSpecification\",\"valueRequired\":true,\"valueName\":\"search_term_string\"}}],\"inLanguage\":\"fr-FR\"},{\"@type\":\"Organization\",\"@id\":\"https:\/\/kapitalis.com\/tunisie\/#organization\",\"name\":\"Kapitalis\",\"url\":\"https:\/\/kapitalis.com\/tunisie\/\",\"logo\":{\"@type\":\"ImageObject\",\"inLanguage\":\"fr-FR\",\"@id\":\"https:\/\/kapitalis.com\/tunisie\/#\/schema\/logo\/image\/\",\"url\":\"https:\/\/kapitalis.com\/tunisie\/wp-content\/uploads\/2022\/05\/Kapitalis-big-size.png\",\"contentUrl\":\"https:\/\/kapitalis.com\/tunisie\/wp-content\/uploads\/2022\/05\/Kapitalis-big-size.png\",\"width\":5000,\"height\":1500,\"caption\":\"Kapitalis\"},\"image\":{\"@id\":\"https:\/\/kapitalis.com\/tunisie\/#\/schema\/logo\/image\/\"},\"sameAs\":[\"https:\/\/www.facebook.com\/KapitalisInfo\/\",\"https:\/\/x.com\/KapitalisInfo\",\"https:\/\/www.youtube.com\/channel\/UC-yDYrHyfFBWWZaOw3FPg9Q\"]},{\"@type\":\"Person\",\"@id\":\"https:\/\/kapitalis.com\/tunisie\/#\/schema\/person\/d71f33a9ca44f7bad4698210b480c8e9\",\"name\":\"webmaster kapitalis\",\"url\":\"https:\/\/kapitalis.com\/tunisie\/author\/webmaster-kapitalis\/\"}]}<\/script>\n<!-- \/ Yoast SEO plugin. -->","yoast_head_json":{"title":"CMA CGM met fin \u00e0 ses op\u00e9rations sur le port de Tunis-Rad\u00e8s - Kapitalis","robots":{"index":"index","follow":"follow","max-snippet":"max-snippet:-1","max-image-preview":"max-image-preview:large","max-video-preview":"max-video-preview:-1"},"canonical":"https:\/\/kapitalis.com\/tunisie\/2021\/07\/22\/cma-cgm-met-fin-a-ses-operations-sur-le-port-de-tunis-rades\/","og_locale":"fr_FR","og_type":"article","og_title":"CMA CGM met fin \u00e0 ses op\u00e9rations sur le port de Tunis-Rad\u00e8s - Kapitalis","og_description":"Dans une lettre en date du 16 juillet 2021, l&rsquo;armateur de porte-conteneurs fran\u00e7ais, CMA CGM (Compagnie maritime d&rsquo;affr\u00e8tement &#8211; Compagnie g\u00e9n\u00e9rale maritime), informe les autorit\u00e9s du port de Tunis-Rad\u00e8s de sa d\u00e9cision de mettre fin \u00e0 toutes ses op\u00e9rations (Cargo Dry \/ IMO \/ Reefer) sur le principal port commercial en Tunisie, ajoutant que cette...","og_url":"https:\/\/kapitalis.com\/tunisie\/2021\/07\/22\/cma-cgm-met-fin-a-ses-operations-sur-le-port-de-tunis-rades\/","og_site_name":"Kapitalis","article_publisher":"https:\/\/www.facebook.com\/KapitalisInfo\/","article_published_time":"2021-07-22T06:37:46+00:00","article_modified_time":"2021-07-22T07:03:27+00:00","og_image":[{"width":1200,"height":630,"url":"https:\/\/kapitalis.com\/tunisie\/wp-content\/uploads\/2022\/05\/kapitalis-logo-fb.png","type":"image\/png"}],"author":"webmaster kapitalis","twitter_card":"summary_large_image","twitter_creator":"@KapitalisInfo","twitter_site":"@KapitalisInfo","twitter_misc":{"\u00c9crit par":"webmaster kapitalis","Dur\u00e9e de lecture estim\u00e9e":"2 minutes"},"schema":{"@context":"https:\/\/schema.org","@graph":[{"@type":"Article","@id":"https:\/\/kapitalis.com\/tunisie\/2021\/07\/22\/cma-cgm-met-fin-a-ses-operations-sur-le-port-de-tunis-rades\/#article","isPartOf":{"@id":"https:\/\/kapitalis.com\/tunisie\/2021\/07\/22\/cma-cgm-met-fin-a-ses-operations-sur-le-port-de-tunis-rades\/"},"author":{"name":"webmaster kapitalis","@id":"https:\/\/kapitalis.com\/tunisie\/#\/schema\/person\/d71f33a9ca44f7bad4698210b480c8e9"},"headline":"CMA CGM met fin \u00e0 ses op\u00e9rations sur le port de Tunis-Rad\u00e8s","datePublished":"2021-07-22T06:37:46+00:00","dateModified":"2021-07-22T07:03:27+00:00","mainEntityOfPage":{"@id":"https:\/\/kapitalis.com\/tunisie\/2021\/07\/22\/cma-cgm-met-fin-a-ses-operations-sur-le-port-de-tunis-rades\/"},"wordCount":407,"commentCount":4,"publisher":{"@id":"https:\/\/kapitalis.com\/tunisie\/#organization"},"image":{"@id":"https:\/\/kapitalis.com\/tunisie\/2021\/07\/22\/cma-cgm-met-fin-a-ses-operations-sur-le-port-de-tunis-rades\/#primaryimage"},"thumbnailUrl":"","keywords":["CMA CGM","Hichem Mechichi","Moez Chakchouk","port de Tunis-Rades","transport maritime"],"articleSection":["A LA UNE","ECONOMIE","Tunisie"],"inLanguage":"fr-FR","potentialAction":[{"@type":"CommentAction","name":"Comment","target":["https:\/\/kapitalis.com\/tunisie\/2021\/07\/22\/cma-cgm-met-fin-a-ses-operations-sur-le-port-de-tunis-rades\/#respond"]}]},{"@type":"WebPage","@id":"https:\/\/kapitalis.com\/tunisie\/2021\/07\/22\/cma-cgm-met-fin-a-ses-operations-sur-le-port-de-tunis-rades\/","url":"https:\/\/kapitalis.com\/tunisie\/2021\/07\/22\/cma-cgm-met-fin-a-ses-operations-sur-le-port-de-tunis-rades\/","name":"CMA CGM met fin \u00e0 ses op\u00e9rations sur le port de Tunis-Rad\u00e8s - Kapitalis","isPartOf":{"@id":"https:\/\/kapitalis.com\/tunisie\/#website"},"primaryImageOfPage":{"@id":"https:\/\/kapitalis.com\/tunisie\/2021\/07\/22\/cma-cgm-met-fin-a-ses-operations-sur-le-port-de-tunis-rades\/#primaryimage"},"image":{"@id":"https:\/\/kapitalis.com\/tunisie\/2021\/07\/22\/cma-cgm-met-fin-a-ses-operations-sur-le-port-de-tunis-rades\/#primaryimage"},"thumbnailUrl":"","datePublished":"2021-07-22T06:37:46+00:00","dateModified":"2021-07-22T07:03:27+00:00","breadcrumb":{"@id":"https:\/\/kapitalis.com\/tunisie\/2021\/07\/22\/cma-cgm-met-fin-a-ses-operations-sur-le-port-de-tunis-rades\/#breadcrumb"},"inLanguage":"fr-FR","potentialAction":[{"@type":"ReadAction","target":["https:\/\/kapitalis.com\/tunisie\/2021\/07\/22\/cma-cgm-met-fin-a-ses-operations-sur-le-port-de-tunis-rades\/"]}]},{"@type":"ImageObject","inLanguage":"fr-FR","@id":"https:\/\/kapitalis.com\/tunisie\/2021\/07\/22\/cma-cgm-met-fin-a-ses-operations-sur-le-port-de-tunis-rades\/#primaryimage","url":"","contentUrl":""},{"@type":"BreadcrumbList","@id":"https:\/\/kapitalis.com\/tunisie\/2021\/07\/22\/cma-cgm-met-fin-a-ses-operations-sur-le-port-de-tunis-rades\/#breadcrumb","itemListElement":[{"@type":"ListItem","position":1,"name":"Accueil","item":"https:\/\/kapitalis.com\/tunisie\/"},{"@type":"ListItem","position":2,"name":"CMA CGM met fin \u00e0 ses op\u00e9rations sur le port de Tunis-Rad\u00e8s"}]},{"@type":"WebSite","@id":"https:\/\/kapitalis.com\/tunisie\/#website","url":"https:\/\/kapitalis.com\/tunisie\/","name":"Kapitalis","description":"L&#039;actualit\u00e9 en Tunisie et dans le monde","publisher":{"@id":"https:\/\/kapitalis.com\/tunisie\/#organization"},"potentialAction":[{"@type":"SearchAction","target":{"@type":"EntryPoint","urlTemplate":"https:\/\/kapitalis.com\/tunisie\/?s={search_term_string}"},"query-input":{"@type":"PropertyValueSpecification","valueRequired":true,"valueName":"search_term_string"}}],"inLanguage":"fr-FR"},{"@type":"Organization","@id":"https:\/\/kapitalis.com\/tunisie\/#organization","name":"Kapitalis","url":"https:\/\/kapitalis.com\/tunisie\/","logo":{"@type":"ImageObject","inLanguage":"fr-FR","@id":"https:\/\/kapitalis.com\/tunisie\/#\/schema\/logo\/image\/","url":"https:\/\/kapitalis.com\/tunisie\/wp-content\/uploads\/2022\/05\/Kapitalis-big-size.png","contentUrl":"https:\/\/kapitalis.com\/tunisie\/wp-content\/uploads\/2022\/05\/Kapitalis-big-size.png","width":5000,"height":1500,"caption":"Kapitalis"},"image":{"@id":"https:\/\/kapitalis.com\/tunisie\/#\/schema\/logo\/image\/"},"sameAs":["https:\/\/www.facebook.com\/KapitalisInfo\/","https:\/\/x.com\/KapitalisInfo","https:\/\/www.youtube.com\/channel\/UC-yDYrHyfFBWWZaOw3FPg9Q"]},{"@type":"Person","@id":"https:\/\/kapitalis.com\/tunisie\/#\/schema\/person\/d71f33a9ca44f7bad4698210b480c8e9","name":"webmaster kapitalis","url":"https:\/\/kapitalis.com\/tunisie\/author\/webmaster-kapitalis\/"}]}},"_links":{"self":[{"href":"https:\/\/kapitalis.com\/tunisie\/wp-json\/wp\/v2\/posts\/356919","targetHints":{"allow":["GET"]}}],"collection":[{"href":"https:\/\/kapitalis.com\/tunisie\/wp-json\/wp\/v2\/posts"}],"about":[{"href":"https:\/\/kapitalis.com\/tunisie\/wp-json\/wp\/v2\/types\/post"}],"author":[{"embeddable":true,"href":"https:\/\/kapitalis.com\/tunisie\/wp-json\/wp\/v2\/users\/8"}],"replies":[{"embeddable":true,"href":"https:\/\/kapitalis.com\/tunisie\/wp-json\/wp\/v2\/comments?post=356919"}],"version-history":[{"count":0,"href":"https:\/\/kapitalis.com\/tunisie\/wp-json\/wp\/v2\/posts\/356919\/revisions"}],"wp:featuredmedia":[{"embeddable":true,"href":"https:\/\/kapitalis.com\/tunisie\/wp-json\/wp\/v2\/media\/356921"}],"wp:attachment":[{"href":"https:\/\/kapitalis.com\/tunisie\/wp-json\/wp\/v2\/media?parent=356919"}],"wp:term":[{"taxonomy":"category","embeddable":true,"href":"https:\/\/kapitalis.com\/tunisie\/wp-json\/wp\/v2\/categories?post=356919"},{"taxonomy":"post_tag","embeddable":true,"href":"https:\/\/kapitalis.com\/tunisie\/wp-json\/wp\/v2\/tags?post=356919"}],"curies":[{"name":"wp","href":"https:\/\/api.w.org\/{rel}","templated":true}]}}