{"id":356954,"date":"2021-07-22T12:50:09","date_gmt":"2021-07-22T11:50:09","guid":{"rendered":"http:\/\/kapitalis.com\/tunisie\/?p=356954"},"modified":"2021-07-22T12:55:34","modified_gmt":"2021-07-22T11:55:34","slug":"tunisie-lordre-des-medecins-sinquiete-des-conflits-politiques-en-temps-de-crise-sanitaire","status":"publish","type":"post","link":"https:\/\/kapitalis.com\/tunisie\/2021\/07\/22\/tunisie-lordre-des-medecins-sinquiete-des-conflits-politiques-en-temps-de-crise-sanitaire\/","title":{"rendered":"Tunisie : L&rsquo;Ordre des m\u00e9decins s&rsquo;inqui\u00e8te des conflits politiques en temps de crise sanitaire"},"content":{"rendered":"\n<div class=\"wp-block-image\"><figure class=\"aligncenter size-large\"><img decoding=\"async\" src=\"http:\/\/kapitalis.com\/tunisie\/wp-content\/uploads\/2021\/06\/CROM-Tunis-Covid.jpg\" alt=\"\" class=\"wp-image-354445\"\/><\/figure><\/div>\n\n\n\n<p><strong><em>\u00abLes conflits politiques affectent gravement le travail des m\u00e9decins\u00bb, a d\u00e9nonc\u00e9 le Conseil national de l\u2019Ordre des m\u00e9decins de Tunisie (CNOM), qui a \u00e9galement exprim\u00e9 sa profonde pr\u00e9occupation quant \u00e0 la gestion de la pand\u00e9mie et de la crise sanitaire.<\/em><\/strong><\/p>\n\n\n\n<!--more-->\n\n\n\n<p>Dans un communiqu\u00e9 publi\u00e9 ce jeudi 22 juillet 2021, le CROM estime que les conflits politiques impactent n\u00e9gativement la rentabilit\u00e9 du travail de terrain en cette phase difficile, o\u00f9 les soldats en blouses blanches s&rsquo;engagent dans la lutte contre le coronavirus, tout en se disant pr\u00e9occup\u00e9 par la mani\u00e8re avec laquelle la pand\u00e9mie est g\u00e9r\u00e9e en Tunisie.<\/p>\n\n\n\n<p>L&rsquo;Ordre des m\u00e9decins a \u00e9galement rappel\u00e9 l\u2019importante de la vaccination et a appel\u00e9 \u00e0 l\u2019acc\u00e9l\u00e9ration de la campagne nationale et sa g\u00e9n\u00e9ralisation, tout en rappelant la disponibilit\u00e9 des soignants \u00e0 ce propos, tout en invitant les m\u00e9decins souhaitant se porter volontaires \u00e0 contacter les ordres r\u00e9gionaux pour participer \u00e0 la campagne nationale de vaccination.<\/p>\n\n\n\n<p>Le CROM a par ailleurs r\u00e9affirm\u00e9 l&rsquo;engagement et l&rsquo;implication de tous les m\u00e9decins d\u00e8s le d\u00e9but de cette guerre contre la pand\u00e9mie, tout en rappelant que plus de 70 m\u00e9decins ont succomb\u00e9 au coronavirus.<\/p>\n\n\n\n<p>Il a par ailleurs port\u00e9 une alerte sur les dangers de l\u2019autom\u00e9dication et a appel\u00e9 les pharmaciens \u00e0 apporter leur aide \u00e0 travers les conseils adress\u00e9s aux citoyens.<\/p>\n\n\n\n<p class=\"has-text-align-right\"><strong>Y. N.<\/strong><\/p>\n","protected":false},"excerpt":{"rendered":"<p>\u00abLes conflits politiques affectent gravement le travail des m\u00e9decins\u00bb, a d\u00e9nonc\u00e9 le Conseil national de l\u2019Ordre des m\u00e9decins de Tunisie (CNOM), qui a \u00e9galement exprim\u00e9 sa profonde pr\u00e9occupation quant \u00e0 la gestion de la pand\u00e9mie et de la crise sanitaire.<\/p>\n","protected":false},"author":6,"featured_media":0,"comment_status":"open","ping_status":"open","sticky":false,"template":"","format":"standard","meta":{"footnotes":""},"categories":[998,2433],"tags":[92179,73060,78820,77016,82626,62643,10035],"class_list":["post-356954","post","type-post","status-publish","format-standard","hentry","category-societe","category-tunisie","tag-conflits-politiques","tag-coronavirus","tag-covid-2","tag-crise-sanitaire","tag-ordre-medecins","tag-tunisie","tag-vaccination"],"yoast_head":"<!-- This site is optimized with the Yoast SEO plugin v26.6 - https:\/\/yoast.com\/wordpress\/plugins\/seo\/ -->\n<title>Tunisie : L&#039;Ordre des m\u00e9decins s&#039;inqui\u00e8te des conflits politiques en temps de crise sanitaire - Kapitalis<\/title>\n<meta name=\"robots\" content=\"index, follow, max-snippet:-1, max-image-preview:large, max-video-preview:-1\" \/>\n<link rel=\"canonical\" href=\"https:\/\/kapitalis.com\/tunisie\/2021\/07\/22\/tunisie-lordre-des-medecins-sinquiete-des-conflits-politiques-en-temps-de-crise-sanitaire\/\" \/>\n<meta property=\"og:locale\" content=\"fr_FR\" \/>\n<meta property=\"og:type\" content=\"article\" \/>\n<meta property=\"og:title\" content=\"Tunisie : L&#039;Ordre des m\u00e9decins s&#039;inqui\u00e8te des conflits politiques en temps de crise sanitaire - Kapitalis\" \/>\n<meta property=\"og:description\" content=\"\u00abLes conflits politiques affectent gravement le travail des m\u00e9decins\u00bb, a d\u00e9nonc\u00e9 le Conseil national de l\u2019Ordre des m\u00e9decins de Tunisie (CNOM), qui a \u00e9galement exprim\u00e9 sa profonde pr\u00e9occupation quant \u00e0 la gestion de la pand\u00e9mie et de la crise sanitaire.\" \/>\n<meta property=\"og:url\" content=\"https:\/\/kapitalis.com\/tunisie\/2021\/07\/22\/tunisie-lordre-des-medecins-sinquiete-des-conflits-politiques-en-temps-de-crise-sanitaire\/\" \/>\n<meta property=\"og:site_name\" content=\"Kapitalis\" \/>\n<meta property=\"article:publisher\" content=\"https:\/\/www.facebook.com\/KapitalisInfo\/\" \/>\n<meta property=\"article:published_time\" content=\"2021-07-22T11:50:09+00:00\" \/>\n<meta property=\"article:modified_time\" content=\"2021-07-22T11:55:34+00:00\" \/>\n<meta property=\"og:image\" content=\"http:\/\/kapitalis.com\/tunisie\/wp-content\/uploads\/2021\/06\/CROM-Tunis-Covid.jpg\" \/>\n<meta name=\"author\" content=\"Yusra NY\" \/>\n<meta name=\"twitter:card\" content=\"summary_large_image\" \/>\n<meta name=\"twitter:creator\" content=\"@KapitalisInfo\" \/>\n<meta name=\"twitter:site\" content=\"@KapitalisInfo\" \/>\n<meta name=\"twitter:label1\" content=\"\u00c9crit par\" \/>\n\t<meta name=\"twitter:data1\" content=\"Yusra NY\" \/>\n\t<meta name=\"twitter:label2\" content=\"Dur\u00e9e de lecture estim\u00e9e\" \/>\n\t<meta name=\"twitter:data2\" content=\"1 minute\" \/>\n<script type=\"application\/ld+json\" class=\"yoast-schema-graph\">{\"@context\":\"https:\/\/schema.org\",\"@graph\":[{\"@type\":\"Article\",\"@id\":\"https:\/\/kapitalis.com\/tunisie\/2021\/07\/22\/tunisie-lordre-des-medecins-sinquiete-des-conflits-politiques-en-temps-de-crise-sanitaire\/#article\",\"isPartOf\":{\"@id\":\"https:\/\/kapitalis.com\/tunisie\/2021\/07\/22\/tunisie-lordre-des-medecins-sinquiete-des-conflits-politiques-en-temps-de-crise-sanitaire\/\"},\"author\":{\"name\":\"Yusra NY\",\"@id\":\"https:\/\/kapitalis.com\/tunisie\/#\/schema\/person\/74bbde0154d49d790a92aaeac5bc01d5\"},\"headline\":\"Tunisie : L&rsquo;Ordre des m\u00e9decins s&rsquo;inqui\u00e8te des conflits politiques en temps de crise sanitaire\",\"datePublished\":\"2021-07-22T11:50:09+00:00\",\"dateModified\":\"2021-07-22T11:55:34+00:00\",\"mainEntityOfPage\":{\"@id\":\"https:\/\/kapitalis.com\/tunisie\/2021\/07\/22\/tunisie-lordre-des-medecins-sinquiete-des-conflits-politiques-en-temps-de-crise-sanitaire\/\"},\"wordCount\":250,\"commentCount\":0,\"publisher\":{\"@id\":\"https:\/\/kapitalis.com\/tunisie\/#organization\"},\"image\":{\"@id\":\"https:\/\/kapitalis.com\/tunisie\/2021\/07\/22\/tunisie-lordre-des-medecins-sinquiete-des-conflits-politiques-en-temps-de-crise-sanitaire\/#primaryimage\"},\"thumbnailUrl\":\"http:\/\/kapitalis.com\/tunisie\/wp-content\/uploads\/2021\/06\/CROM-Tunis-Covid.jpg\",\"keywords\":[\"conflits politiques\",\"Coronavirus\",\"covid\",\"crise sanitaire\",\"Ordre m\u00e9decins\",\"Tunisie\",\"vaccination\"],\"articleSection\":[\"SOCIETE\",\"Tunisie\"],\"inLanguage\":\"fr-FR\",\"potentialAction\":[{\"@type\":\"CommentAction\",\"name\":\"Comment\",\"target\":[\"https:\/\/kapitalis.com\/tunisie\/2021\/07\/22\/tunisie-lordre-des-medecins-sinquiete-des-conflits-politiques-en-temps-de-crise-sanitaire\/#respond\"]}]},{\"@type\":\"WebPage\",\"@id\":\"https:\/\/kapitalis.com\/tunisie\/2021\/07\/22\/tunisie-lordre-des-medecins-sinquiete-des-conflits-politiques-en-temps-de-crise-sanitaire\/\",\"url\":\"https:\/\/kapitalis.com\/tunisie\/2021\/07\/22\/tunisie-lordre-des-medecins-sinquiete-des-conflits-politiques-en-temps-de-crise-sanitaire\/\",\"name\":\"Tunisie : L'Ordre des m\u00e9decins s'inqui\u00e8te des conflits politiques en temps de crise sanitaire - Kapitalis\",\"isPartOf\":{\"@id\":\"https:\/\/kapitalis.com\/tunisie\/#website\"},\"primaryImageOfPage\":{\"@id\":\"https:\/\/kapitalis.com\/tunisie\/2021\/07\/22\/tunisie-lordre-des-medecins-sinquiete-des-conflits-politiques-en-temps-de-crise-sanitaire\/#primaryimage\"},\"image\":{\"@id\":\"https:\/\/kapitalis.com\/tunisie\/2021\/07\/22\/tunisie-lordre-des-medecins-sinquiete-des-conflits-politiques-en-temps-de-crise-sanitaire\/#primaryimage\"},\"thumbnailUrl\":\"http:\/\/kapitalis.com\/tunisie\/wp-content\/uploads\/2021\/06\/CROM-Tunis-Covid.jpg\",\"datePublished\":\"2021-07-22T11:50:09+00:00\",\"dateModified\":\"2021-07-22T11:55:34+00:00\",\"breadcrumb\":{\"@id\":\"https:\/\/kapitalis.com\/tunisie\/2021\/07\/22\/tunisie-lordre-des-medecins-sinquiete-des-conflits-politiques-en-temps-de-crise-sanitaire\/#breadcrumb\"},\"inLanguage\":\"fr-FR\",\"potentialAction\":[{\"@type\":\"ReadAction\",\"target\":[\"https:\/\/kapitalis.com\/tunisie\/2021\/07\/22\/tunisie-lordre-des-medecins-sinquiete-des-conflits-politiques-en-temps-de-crise-sanitaire\/\"]}]},{\"@type\":\"ImageObject\",\"inLanguage\":\"fr-FR\",\"@id\":\"https:\/\/kapitalis.com\/tunisie\/2021\/07\/22\/tunisie-lordre-des-medecins-sinquiete-des-conflits-politiques-en-temps-de-crise-sanitaire\/#primaryimage\",\"url\":\"\",\"contentUrl\":\"\"},{\"@type\":\"BreadcrumbList\",\"@id\":\"https:\/\/kapitalis.com\/tunisie\/2021\/07\/22\/tunisie-lordre-des-medecins-sinquiete-des-conflits-politiques-en-temps-de-crise-sanitaire\/#breadcrumb\",\"itemListElement\":[{\"@type\":\"ListItem\",\"position\":1,\"name\":\"Accueil\",\"item\":\"https:\/\/kapitalis.com\/tunisie\/\"},{\"@type\":\"ListItem\",\"position\":2,\"name\":\"Tunisie : L&rsquo;Ordre des m\u00e9decins s&rsquo;inqui\u00e8te des conflits politiques en temps de crise sanitaire\"}]},{\"@type\":\"WebSite\",\"@id\":\"https:\/\/kapitalis.com\/tunisie\/#website\",\"url\":\"https:\/\/kapitalis.com\/tunisie\/\",\"name\":\"Kapitalis\",\"description\":\"L&#039;actualit\u00e9 en Tunisie et dans le monde\",\"publisher\":{\"@id\":\"https:\/\/kapitalis.com\/tunisie\/#organization\"},\"potentialAction\":[{\"@type\":\"SearchAction\",\"target\":{\"@type\":\"EntryPoint\",\"urlTemplate\":\"https:\/\/kapitalis.com\/tunisie\/?s={search_term_string}\"},\"query-input\":{\"@type\":\"PropertyValueSpecification\",\"valueRequired\":true,\"valueName\":\"search_term_string\"}}],\"inLanguage\":\"fr-FR\"},{\"@type\":\"Organization\",\"@id\":\"https:\/\/kapitalis.com\/tunisie\/#organization\",\"name\":\"Kapitalis\",\"url\":\"https:\/\/kapitalis.com\/tunisie\/\",\"logo\":{\"@type\":\"ImageObject\",\"inLanguage\":\"fr-FR\",\"@id\":\"https:\/\/kapitalis.com\/tunisie\/#\/schema\/logo\/image\/\",\"url\":\"https:\/\/kapitalis.com\/tunisie\/wp-content\/uploads\/2022\/05\/Kapitalis-big-size.png\",\"contentUrl\":\"https:\/\/kapitalis.com\/tunisie\/wp-content\/uploads\/2022\/05\/Kapitalis-big-size.png\",\"width\":5000,\"height\":1500,\"caption\":\"Kapitalis\"},\"image\":{\"@id\":\"https:\/\/kapitalis.com\/tunisie\/#\/schema\/logo\/image\/\"},\"sameAs\":[\"https:\/\/www.facebook.com\/KapitalisInfo\/\",\"https:\/\/x.com\/KapitalisInfo\",\"https:\/\/www.youtube.com\/channel\/UC-yDYrHyfFBWWZaOw3FPg9Q\"]},{\"@type\":\"Person\",\"@id\":\"https:\/\/kapitalis.com\/tunisie\/#\/schema\/person\/74bbde0154d49d790a92aaeac5bc01d5\",\"name\":\"Yusra NY\",\"url\":\"https:\/\/kapitalis.com\/tunisie\/author\/yuza_adam\/\"}]}<\/script>\n<!-- \/ Yoast SEO plugin. -->","yoast_head_json":{"title":"Tunisie : L'Ordre des m\u00e9decins s'inqui\u00e8te des conflits politiques en temps de crise sanitaire - Kapitalis","robots":{"index":"index","follow":"follow","max-snippet":"max-snippet:-1","max-image-preview":"max-image-preview:large","max-video-preview":"max-video-preview:-1"},"canonical":"https:\/\/kapitalis.com\/tunisie\/2021\/07\/22\/tunisie-lordre-des-medecins-sinquiete-des-conflits-politiques-en-temps-de-crise-sanitaire\/","og_locale":"fr_FR","og_type":"article","og_title":"Tunisie : L'Ordre des m\u00e9decins s'inqui\u00e8te des conflits politiques en temps de crise sanitaire - Kapitalis","og_description":"\u00abLes conflits politiques affectent gravement le travail des m\u00e9decins\u00bb, a d\u00e9nonc\u00e9 le Conseil national de l\u2019Ordre des m\u00e9decins de Tunisie (CNOM), qui a \u00e9galement exprim\u00e9 sa profonde pr\u00e9occupation quant \u00e0 la gestion de la pand\u00e9mie et de la crise sanitaire.","og_url":"https:\/\/kapitalis.com\/tunisie\/2021\/07\/22\/tunisie-lordre-des-medecins-sinquiete-des-conflits-politiques-en-temps-de-crise-sanitaire\/","og_site_name":"Kapitalis","article_publisher":"https:\/\/www.facebook.com\/KapitalisInfo\/","article_published_time":"2021-07-22T11:50:09+00:00","article_modified_time":"2021-07-22T11:55:34+00:00","og_image":[{"url":"http:\/\/kapitalis.com\/tunisie\/wp-content\/uploads\/2021\/06\/CROM-Tunis-Covid.jpg","type":"","width":"","height":""}],"author":"Yusra NY","twitter_card":"summary_large_image","twitter_creator":"@KapitalisInfo","twitter_site":"@KapitalisInfo","twitter_misc":{"\u00c9crit par":"Yusra NY","Dur\u00e9e de lecture estim\u00e9e":"1 minute"},"schema":{"@context":"https:\/\/schema.org","@graph":[{"@type":"Article","@id":"https:\/\/kapitalis.com\/tunisie\/2021\/07\/22\/tunisie-lordre-des-medecins-sinquiete-des-conflits-politiques-en-temps-de-crise-sanitaire\/#article","isPartOf":{"@id":"https:\/\/kapitalis.com\/tunisie\/2021\/07\/22\/tunisie-lordre-des-medecins-sinquiete-des-conflits-politiques-en-temps-de-crise-sanitaire\/"},"author":{"name":"Yusra NY","@id":"https:\/\/kapitalis.com\/tunisie\/#\/schema\/person\/74bbde0154d49d790a92aaeac5bc01d5"},"headline":"Tunisie : L&rsquo;Ordre des m\u00e9decins s&rsquo;inqui\u00e8te des conflits politiques en temps de crise sanitaire","datePublished":"2021-07-22T11:50:09+00:00","dateModified":"2021-07-22T11:55:34+00:00","mainEntityOfPage":{"@id":"https:\/\/kapitalis.com\/tunisie\/2021\/07\/22\/tunisie-lordre-des-medecins-sinquiete-des-conflits-politiques-en-temps-de-crise-sanitaire\/"},"wordCount":250,"commentCount":0,"publisher":{"@id":"https:\/\/kapitalis.com\/tunisie\/#organization"},"image":{"@id":"https:\/\/kapitalis.com\/tunisie\/2021\/07\/22\/tunisie-lordre-des-medecins-sinquiete-des-conflits-politiques-en-temps-de-crise-sanitaire\/#primaryimage"},"thumbnailUrl":"http:\/\/kapitalis.com\/tunisie\/wp-content\/uploads\/2021\/06\/CROM-Tunis-Covid.jpg","keywords":["conflits politiques","Coronavirus","covid","crise sanitaire","Ordre m\u00e9decins","Tunisie","vaccination"],"articleSection":["SOCIETE","Tunisie"],"inLanguage":"fr-FR","potentialAction":[{"@type":"CommentAction","name":"Comment","target":["https:\/\/kapitalis.com\/tunisie\/2021\/07\/22\/tunisie-lordre-des-medecins-sinquiete-des-conflits-politiques-en-temps-de-crise-sanitaire\/#respond"]}]},{"@type":"WebPage","@id":"https:\/\/kapitalis.com\/tunisie\/2021\/07\/22\/tunisie-lordre-des-medecins-sinquiete-des-conflits-politiques-en-temps-de-crise-sanitaire\/","url":"https:\/\/kapitalis.com\/tunisie\/2021\/07\/22\/tunisie-lordre-des-medecins-sinquiete-des-conflits-politiques-en-temps-de-crise-sanitaire\/","name":"Tunisie : L'Ordre des m\u00e9decins s'inqui\u00e8te des conflits politiques en temps de crise sanitaire - Kapitalis","isPartOf":{"@id":"https:\/\/kapitalis.com\/tunisie\/#website"},"primaryImageOfPage":{"@id":"https:\/\/kapitalis.com\/tunisie\/2021\/07\/22\/tunisie-lordre-des-medecins-sinquiete-des-conflits-politiques-en-temps-de-crise-sanitaire\/#primaryimage"},"image":{"@id":"https:\/\/kapitalis.com\/tunisie\/2021\/07\/22\/tunisie-lordre-des-medecins-sinquiete-des-conflits-politiques-en-temps-de-crise-sanitaire\/#primaryimage"},"thumbnailUrl":"http:\/\/kapitalis.com\/tunisie\/wp-content\/uploads\/2021\/06\/CROM-Tunis-Covid.jpg","datePublished":"2021-07-22T11:50:09+00:00","dateModified":"2021-07-22T11:55:34+00:00","breadcrumb":{"@id":"https:\/\/kapitalis.com\/tunisie\/2021\/07\/22\/tunisie-lordre-des-medecins-sinquiete-des-conflits-politiques-en-temps-de-crise-sanitaire\/#breadcrumb"},"inLanguage":"fr-FR","potentialAction":[{"@type":"ReadAction","target":["https:\/\/kapitalis.com\/tunisie\/2021\/07\/22\/tunisie-lordre-des-medecins-sinquiete-des-conflits-politiques-en-temps-de-crise-sanitaire\/"]}]},{"@type":"ImageObject","inLanguage":"fr-FR","@id":"https:\/\/kapitalis.com\/tunisie\/2021\/07\/22\/tunisie-lordre-des-medecins-sinquiete-des-conflits-politiques-en-temps-de-crise-sanitaire\/#primaryimage","url":"","contentUrl":""},{"@type":"BreadcrumbList","@id":"https:\/\/kapitalis.com\/tunisie\/2021\/07\/22\/tunisie-lordre-des-medecins-sinquiete-des-conflits-politiques-en-temps-de-crise-sanitaire\/#breadcrumb","itemListElement":[{"@type":"ListItem","position":1,"name":"Accueil","item":"https:\/\/kapitalis.com\/tunisie\/"},{"@type":"ListItem","position":2,"name":"Tunisie : L&rsquo;Ordre des m\u00e9decins s&rsquo;inqui\u00e8te des conflits politiques en temps de crise sanitaire"}]},{"@type":"WebSite","@id":"https:\/\/kapitalis.com\/tunisie\/#website","url":"https:\/\/kapitalis.com\/tunisie\/","name":"Kapitalis","description":"L&#039;actualit\u00e9 en Tunisie et dans le monde","publisher":{"@id":"https:\/\/kapitalis.com\/tunisie\/#organization"},"potentialAction":[{"@type":"SearchAction","target":{"@type":"EntryPoint","urlTemplate":"https:\/\/kapitalis.com\/tunisie\/?s={search_term_string}"},"query-input":{"@type":"PropertyValueSpecification","valueRequired":true,"valueName":"search_term_string"}}],"inLanguage":"fr-FR"},{"@type":"Organization","@id":"https:\/\/kapitalis.com\/tunisie\/#organization","name":"Kapitalis","url":"https:\/\/kapitalis.com\/tunisie\/","logo":{"@type":"ImageObject","inLanguage":"fr-FR","@id":"https:\/\/kapitalis.com\/tunisie\/#\/schema\/logo\/image\/","url":"https:\/\/kapitalis.com\/tunisie\/wp-content\/uploads\/2022\/05\/Kapitalis-big-size.png","contentUrl":"https:\/\/kapitalis.com\/tunisie\/wp-content\/uploads\/2022\/05\/Kapitalis-big-size.png","width":5000,"height":1500,"caption":"Kapitalis"},"image":{"@id":"https:\/\/kapitalis.com\/tunisie\/#\/schema\/logo\/image\/"},"sameAs":["https:\/\/www.facebook.com\/KapitalisInfo\/","https:\/\/x.com\/KapitalisInfo","https:\/\/www.youtube.com\/channel\/UC-yDYrHyfFBWWZaOw3FPg9Q"]},{"@type":"Person","@id":"https:\/\/kapitalis.com\/tunisie\/#\/schema\/person\/74bbde0154d49d790a92aaeac5bc01d5","name":"Yusra NY","url":"https:\/\/kapitalis.com\/tunisie\/author\/yuza_adam\/"}]}},"_links":{"self":[{"href":"https:\/\/kapitalis.com\/tunisie\/wp-json\/wp\/v2\/posts\/356954","targetHints":{"allow":["GET"]}}],"collection":[{"href":"https:\/\/kapitalis.com\/tunisie\/wp-json\/wp\/v2\/posts"}],"about":[{"href":"https:\/\/kapitalis.com\/tunisie\/wp-json\/wp\/v2\/types\/post"}],"author":[{"embeddable":true,"href":"https:\/\/kapitalis.com\/tunisie\/wp-json\/wp\/v2\/users\/6"}],"replies":[{"embeddable":true,"href":"https:\/\/kapitalis.com\/tunisie\/wp-json\/wp\/v2\/comments?post=356954"}],"version-history":[{"count":0,"href":"https:\/\/kapitalis.com\/tunisie\/wp-json\/wp\/v2\/posts\/356954\/revisions"}],"wp:attachment":[{"href":"https:\/\/kapitalis.com\/tunisie\/wp-json\/wp\/v2\/media?parent=356954"}],"wp:term":[{"taxonomy":"category","embeddable":true,"href":"https:\/\/kapitalis.com\/tunisie\/wp-json\/wp\/v2\/categories?post=356954"},{"taxonomy":"post_tag","embeddable":true,"href":"https:\/\/kapitalis.com\/tunisie\/wp-json\/wp\/v2\/tags?post=356954"}],"curies":[{"name":"wp","href":"https:\/\/api.w.org\/{rel}","templated":true}]}}