{"id":356957,"date":"2021-07-22T13:13:40","date_gmt":"2021-07-22T12:13:40","guid":{"rendered":"http:\/\/kapitalis.com\/tunisie\/?p=356957"},"modified":"2021-07-22T13:15:47","modified_gmt":"2021-07-22T12:15:47","slug":"tunisie-la-guerre-contre-le-covid-19-alimente-de-graves-conflits-politiques","status":"publish","type":"post","link":"https:\/\/kapitalis.com\/tunisie\/2021\/07\/22\/tunisie-la-guerre-contre-le-covid-19-alimente-de-graves-conflits-politiques\/","title":{"rendered":"Tunisie : La guerre contre le Covid-19 alimente de graves conflits politiques"},"content":{"rendered":"\n<div class=\"wp-block-image\"><figure class=\"aligncenter size-large\"><img decoding=\"async\" src=\"http:\/\/kapitalis.com\/tunisie\/wp-content\/uploads\/2021\/07\/Centre-de-vaccination-de-Rades-2.jpg\" alt=\"\" class=\"wp-image-356819\"\/><figcaption><em>La mauvaise gestion de l&rsquo;op\u00e9ration de vaccination portes ouvertes aggrave la division de la sc\u00e8ne politique en Tunisie. <\/em><\/figcaption><\/figure><\/div>\n\n\n\n<p><strong><em>Ce qui est aujourd&rsquo;hui certain <\/em><\/strong><em><strong>c&rsquo;<\/strong><\/em><strong><em>est que la Tunisie traverse des moments extr\u00eamement difficiles, que la situation g\u00e9n\u00e9rale risque de se d\u00e9t\u00e9riorer davantage, que les int\u00e9r\u00eats sup\u00e9rieurs de la nation sont menac\u00e9s et que, sur le plan politique, tout devient possible, y compris surtout le pire.<\/em><\/strong><\/p>\n\n\n\n<p>Par <strong>Raouf Chatty <\/strong>*<\/p>\n\n\n\n<!--more-->\n\n\n\n<div class=\"wp-block-image\"><figure class=\"alignleft size-large\"><img decoding=\"async\" src=\"http:\/\/kapitalis.com\/tunisie\/wp-content\/uploads\/2021\/05\/Raouf-Chatty.jpg\" alt=\"\" class=\"wp-image-347685\"\/><\/figure><\/div>\n\n\n\n<p>Aujourd&rsquo;hui, la soci\u00e9t\u00e9 tunisienne est sujette \u00e0 des flamb\u00e9es de schizophr\u00e9nie g\u00e9n\u00e9r\u00e9es par les probl\u00e8mes soci\u00e9taux, politiques et \u00e9conomiques profonds qu&rsquo;elle endure depuis de longues ann\u00e9es et qui sont rest\u00e9s sans solutions efficaces.<\/p>\n\n\n\n<p>Observ\u00e9es dans tous les milieux sociaux, ces flamb\u00e9es se sont nettement accentu\u00e9es durant la d\u00e9cennie post janvier 2011 qui a vu le tissu social se fissurer progressivement suite au renforcement des libert\u00e9s dans un pays maintenu en laisse depuis l&rsquo;ind\u00e9pendance en 1956, sous des r\u00e9gimes autoritaires mais qui ont du moins su pr\u00e9server l&rsquo;unit\u00e9 nationale et donner au pays un statut respectable \u00e0 l&rsquo;\u00e9chelle internationale.<\/p>\n\n\n\n<h2 class=\"wp-block-heading\">Un peuple au bord de la crise des nerfs <\/h2>\n\n\n\n<p>Au cours des sept derni\u00e8res ann\u00e9es, sociologues, \u00e9conomistes, hommes des m\u00e9dias, \u00e9ducateurs, psychologues, m\u00e9decins, psychiatres, juristes, criminologues, \u00e9crivains, hommes de lettres sont mont\u00e9s au cr\u00e9neau pour attirer l&rsquo;attention des gouvernements successifs sur les maux rest\u00e9s sans solutions et qui rongent de plus en plus la soci\u00e9t\u00e9. Ils ont sugg\u00e9r\u00e9 des th\u00e9rapies et invit\u00e9 instamment les pouvoirs publics \u00e0 contenir ces ph\u00e9nom\u00e8nes en leur apportant les rem\u00e8des appropri\u00e9s. En vain, la classe politique s&rsquo;int\u00e9ressant en premier lieu \u00e0 son maintien au pouvoir par tous les moyens, afin de pr\u00e9server ses propres int\u00e9r\u00eats.<\/p>\n\n\n\n<p>Mal g\u00e9r\u00e9e en raison des al\u00e9as politiques et sociaux, la pand\u00e9mie du Covid-19, apparue il y a dix-sept mois en Tunisie, a aggrav\u00e9 profond\u00e9ment la situation et mis \u00e0 nue l&rsquo;impuissance des pouvoirs publics, souvent largement d\u00e9pass\u00e9s. R\u00e9sultat\u00a0: au 19 juillet, cette pand\u00e9mie a caus\u00e9 le d\u00e9c\u00e8s de plus de17.700 personnes, chiffre relativement \u00e9lev\u00e9 pour un pays de 11,5 millions d&rsquo;habitants, plongeant le pays dans une ambiance de profonde tristesse et d&rsquo;abattement moral et psychique&#8230;<\/p>\n\n\n\n<p>D\u00e9stabilis\u00e9 et sous la pression de son mentor, Rached Ghannouchi, pr\u00e9sident de l&rsquo;Assembl\u00e9e et pr\u00e9sident du parti islamiste Ennahdha, le chef du gouvernement Hichem Mechichi a d\u00e9cid\u00e9, le 20 juillet, de limoger le ministre de la sant\u00e9, Faouzi Mehdi, en sursis depuis six mois, et de confier l&rsquo;int\u00e9rim de ce poste au ministre des Affaires sociales, Mohamed Trabelsi, qui se retrouve ainsi \u00e0 la t\u00eate de deux d\u00e9partements fortement impliqu\u00e9s dans la gestion de la pand\u00e9mie.<\/p>\n\n\n\n<h2 class=\"wp-block-heading\">Un limogeage sur fond de r\u00e8glement de comptes politique <\/h2>\n\n\n\n<p>La d\u00e9cision du chef du gouvernement a soulev\u00e9 un toll\u00e9 g\u00e9n\u00e9ral. Elle a \u00e9t\u00e9 per\u00e7ue par de larges franges de gens de divers milieux comme trahissant une volont\u00e9 de se d\u00e9rober \u00e0 ses responsabilit\u00e9s et de faire porter le chapeau de l&rsquo;\u00e9chec au seul ministre de la Sant\u00e9, auquel il est reproch\u00e9 d&rsquo;avoir caus\u00e9 des attroupements devant certains centres de vaccination ouverts au public le jour de l&rsquo;Aid Al-Idha, alors que la gestion de la voie publique, o\u00f9 ont eu lieu ces attroupements, est \u00e0 la charge des agents de s\u00e9curit\u00e9, et donc du ministre de l&rsquo;Int\u00e9rieur, qui n&rsquo;est autre que M. Mechichi lui-m\u00eame\u00a0!<\/p>\n\n\n\n<p>Aussi de nombreux professionnels de la sant\u00e9 se sont-ils interrog\u00e9s sur la pertinence du limogeage du ministre de la Sant\u00e9 alors que ce dernier se d\u00e9m\u00eane comme il peut avec ses \u00e9quipes dans la guerre contre la pand\u00e9mie et qu&rsquo;il n&rsquo;est pas du tout rationnel de relever de ses fonctions le capitaine d&rsquo;un navire ballott\u00e9 au milieu d&rsquo;une temp\u00eate.<\/p>\n\n\n\n<p>Cette d\u00e9cision \u00e9tonne et soul\u00e8ve de nombreuses questions sur ses v\u00e9ritables motifs. Plusieurs analystes l&rsquo;expliquent par les luttes politiques au sommet de l&rsquo;Etat entre le pr\u00e9sident de la r\u00e9publique d&rsquo;une part et le pr\u00e9sident du parlement et son prot\u00e9g\u00e9, le chef du gouvernement, d&rsquo;autre part.<\/p>\n\n\n\n<p>Le pr\u00e9sident Kais Sa\u00efed a d&rsquo;ailleurs confirm\u00e9 la pertinence de cette analyse en recevant le ministre limog\u00e9 et en mettant l&rsquo;accent, dans une interview accord\u00e9e hier, mercredi 21 juillet, \u00e0 une cha\u00eene de t\u00e9l\u00e9vision arabe, sur les actes de sabotage des op\u00e9rations de vaccination organis\u00e9es le jour de l&rsquo;Aid, en les qualifiant d&rsquo;<em>\u00abactes criminels\u00bb<\/em> et en les attribuant \u00e0 des parties hostiles qu&rsquo;\u00e0 son habitude, il n&rsquo;a pas cru devoir nommer.<\/p>\n\n\n\n<p>Le d\u00e9partement de la sant\u00e9 souffre depuis plusieurs ann\u00e9es d&rsquo;une tr\u00e8s grande instabilit\u00e9. Durant les deux derni\u00e8res ann\u00e9es, il a vu se succ\u00e9der \u00e0 sa t\u00eate environ six ministres depuis la d\u00e9mission du professeur Abderraouf Cherif, en mars 2019, dont trois depuis le d\u00e9clenchement de la pand\u00e9mie en mars 2020, et ce au m\u00e9pris des exigences de continuit\u00e9 dans sa gestion&#8230;<\/p>\n\n\n\n<h2 class=\"wp-block-heading\">Le peuple pourrait renverser la table sur la t\u00eate de tout le monde<\/h2>\n\n\n\n<p>Avec l&rsquo;afflux des aides ext\u00e9rieures et la r\u00e9ception de quantit\u00e9s importantes de vaccins et d&rsquo;\u00e9quipements sanitaires envoy\u00e9s par des pays fr\u00e8res et amis, des appr\u00e9hensions l\u00e9gitimes se font ressentir sur la capacit\u00e9 des pouvoirs publics \u00e0 les r\u00e9partir de mani\u00e8re rationnelle et efficace et de r\u00e9pondre au mieux aux demandes pl\u00e9thoriques et d\u00e9sordonn\u00e9es, compte tenu de la multiplicit\u00e9 des intervenants aux niveaux central, r\u00e9gional et local et de l&rsquo;absence d&rsquo;une coordination rigoureuse entre eux.<\/p>\n\n\n\n<p>Pis, ces appr\u00e9hensions se muent en pr\u00e9occupations l\u00e9gitimes de voir une partie de ces aides donner lieu \u00e0 des surench\u00e8res politiques en \u00e9tant d\u00e9tourn\u00e9es au profit de telle ou telle partie, chacune voulant mettre en \u00e9vidence son r\u00f4le dans leur mobilisation. Et pour cause\u00a0: tout le monde sait que le bilan de la pand\u00e9mie va s\u00fbrement peser un jour tr\u00e8s lourdement dans la balance des prochaines \u00e9lections qui pourraient avoir lieu bien avant la date constitutionnelle de 2024.<\/p>\n\n\n\n<p>Ce qui est aujourd&rsquo;hui certain c&rsquo;est que le pays traverse actuellement des moments extr\u00eamement difficiles, que la situation g\u00e9n\u00e9rale risque de se d\u00e9t\u00e9riorer davantage, que les int\u00e9r\u00eats sup\u00e9rieurs de la nation sont menac\u00e9s et que, sur le plan politique, tout devient possible, y compris surtout le pire.<\/p>\n\n\n\n<p>Aussi la sagesse est-elle plus que jamais n\u00e9cessaire de la part de toutes les parties prenantes pour \u00e9viter de nouvelles catastrophes, le peuple perdant patience et mena\u00e7ant de passer s\u00e9rieusement \u00e0 l&rsquo;acte pour renverser la table sur la t\u00eate de tout le monde, pouvoir et opposition r\u00e9unis&#8230;<\/p>\n\n\n\n<p>* <em>Ancien ambassadeur.<\/em><\/p>\n\n\n\n<h4 class=\"wp-block-heading\"><em>Articles du m\u00eame auteur dans Kapitalis : <\/em><\/h4>\n\n\n\n<p><blockquote class=\"wp-embedded-content\" data-secret=\"R22kllIyEA\"><a href=\"https:\/\/kapitalis.com\/tunisie\/2021\/07\/19\/covid-19-les-raisons-dune-gestion-calamiteuse-par-trois-gouvernement-successifs\/\">Covid-19-Tunisie : Les raisons d&rsquo;une gestion calamiteuse par trois gouvernement successifs<\/a><\/blockquote><iframe loading=\"lazy\" class=\"wp-embedded-content\" sandbox=\"allow-scripts\" security=\"restricted\" style=\"position: absolute; clip: rect(1px, 1px, 1px, 1px);\" title=\"\u00ab\u00a0Covid-19-Tunisie : Les raisons d&rsquo;une gestion calamiteuse par trois gouvernement successifs\u00a0\u00bb &#8212; Kapitalis\" src=\"https:\/\/kapitalis.com\/tunisie\/2021\/07\/19\/covid-19-les-raisons-dune-gestion-calamiteuse-par-trois-gouvernement-successifs\/embed\/#?secret=yEt7VfnEDQ#?secret=R22kllIyEA\" data-secret=\"R22kllIyEA\" width=\"600\" height=\"338\" frameborder=\"0\" marginwidth=\"0\" marginheight=\"0\" scrolling=\"no\"><\/iframe><\/p>\n\n\n\n<p><blockquote class=\"wp-embedded-content\" data-secret=\"I7Rro3zAKz\"><a href=\"https:\/\/kapitalis.com\/tunisie\/2021\/07\/17\/dun-pays-pre-emergent-tunisie-en-passe-detre-classe-pays-pauvre\/\">D&rsquo;un pays pr\u00e9-\u00e9mergent, la Tunisie en passe d&rsquo;\u00eatre class\u00e9e pays pauvre<\/a><\/blockquote><iframe loading=\"lazy\" class=\"wp-embedded-content\" sandbox=\"allow-scripts\" security=\"restricted\" style=\"position: absolute; clip: rect(1px, 1px, 1px, 1px);\" title=\"\u00ab\u00a0D&rsquo;un pays pr\u00e9-\u00e9mergent, la Tunisie en passe d&rsquo;\u00eatre class\u00e9e pays pauvre\u00a0\u00bb &#8212; Kapitalis\" src=\"https:\/\/kapitalis.com\/tunisie\/2021\/07\/17\/dun-pays-pre-emergent-tunisie-en-passe-detre-classe-pays-pauvre\/embed\/#?secret=zziLSm6l7d#?secret=I7Rro3zAKz\" data-secret=\"I7Rro3zAKz\" width=\"600\" height=\"338\" frameborder=\"0\" marginwidth=\"0\" marginheight=\"0\" scrolling=\"no\"><\/iframe><\/p>\n\n\n\n<p><blockquote class=\"wp-embedded-content\" data-secret=\"8ZJ5Jz4Vb3\"><a href=\"https:\/\/kapitalis.com\/tunisie\/2021\/07\/14\/la-democratie-du-chaos-a-la-tunisienne\/\">La d\u00e9mocratie du chaos \u00e0 la Tunisienne<\/a><\/blockquote><iframe loading=\"lazy\" class=\"wp-embedded-content\" sandbox=\"allow-scripts\" security=\"restricted\" style=\"position: absolute; clip: rect(1px, 1px, 1px, 1px);\" title=\"\u00ab\u00a0La d\u00e9mocratie du chaos \u00e0 la Tunisienne\u00a0\u00bb &#8212; Kapitalis\" src=\"https:\/\/kapitalis.com\/tunisie\/2021\/07\/14\/la-democratie-du-chaos-a-la-tunisienne\/embed\/#?secret=vL65M4xaCE#?secret=8ZJ5Jz4Vb3\" data-secret=\"8ZJ5Jz4Vb3\" width=\"600\" height=\"338\" frameborder=\"0\" marginwidth=\"0\" marginheight=\"0\" scrolling=\"no\"><\/iframe><\/p>\n","protected":false},"excerpt":{"rendered":"<p>Ce qui est aujourd&rsquo;hui certain c&rsquo;est que la Tunisie traverse des moments extr\u00eamement difficiles, que la situation g\u00e9n\u00e9rale risque de se d\u00e9t\u00e9riorer davantage, que les int\u00e9r\u00eats sup\u00e9rieurs de la nation sont menac\u00e9s et que, sur le plan politique, tout devient possible, y compris surtout le pire. Par Raouf Chatty *<\/p>\n","protected":false},"author":8,"featured_media":0,"comment_status":"open","ping_status":"open","sticky":false,"template":"","format":"standard","meta":{"footnotes":""},"categories":[992,997,1000,2433],"tags":[92124,92179,75291,83857,49543,74899,21896,758,89839,62643,10035],"class_list":["post-356957","post","type-post","status-publish","format-standard","hentry","category-a-la-une","category-politique","category-tribune","category-tunisie","tag-abderrouf-cherif","tag-conflits-politiques","tag-covid-19","tag-dr-faouzi-mehdi","tag-ennahdha","tag-hichem-mechichi","tag-mohamed-trabelsi","tag-rached-ghannouchi","tag-raouf-chatty","tag-tunisie","tag-vaccination"],"yoast_head":"<!-- This site is optimized with the Yoast SEO plugin v26.6 - https:\/\/yoast.com\/wordpress\/plugins\/seo\/ -->\n<title>Tunisie : La guerre contre le Covid-19 alimente de graves conflits politiques - Kapitalis<\/title>\n<meta name=\"robots\" content=\"index, follow, max-snippet:-1, max-image-preview:large, max-video-preview:-1\" \/>\n<link rel=\"canonical\" href=\"https:\/\/kapitalis.com\/tunisie\/2021\/07\/22\/tunisie-la-guerre-contre-le-covid-19-alimente-de-graves-conflits-politiques\/\" \/>\n<meta property=\"og:locale\" content=\"fr_FR\" \/>\n<meta property=\"og:type\" content=\"article\" \/>\n<meta property=\"og:title\" content=\"Tunisie : La guerre contre le Covid-19 alimente de graves conflits politiques - Kapitalis\" \/>\n<meta property=\"og:description\" content=\"Ce qui est aujourd&rsquo;hui certain c&rsquo;est que la Tunisie traverse des moments extr\u00eamement difficiles, que la situation g\u00e9n\u00e9rale risque de se d\u00e9t\u00e9riorer davantage, que les int\u00e9r\u00eats sup\u00e9rieurs de la nation sont menac\u00e9s et que, sur le plan politique, tout devient possible, y compris surtout le pire. Par Raouf Chatty *\" \/>\n<meta property=\"og:url\" content=\"https:\/\/kapitalis.com\/tunisie\/2021\/07\/22\/tunisie-la-guerre-contre-le-covid-19-alimente-de-graves-conflits-politiques\/\" \/>\n<meta property=\"og:site_name\" content=\"Kapitalis\" \/>\n<meta property=\"article:publisher\" content=\"https:\/\/www.facebook.com\/KapitalisInfo\/\" \/>\n<meta property=\"article:published_time\" content=\"2021-07-22T12:13:40+00:00\" \/>\n<meta property=\"article:modified_time\" content=\"2021-07-22T12:15:47+00:00\" \/>\n<meta property=\"og:image\" content=\"http:\/\/kapitalis.com\/tunisie\/wp-content\/uploads\/2021\/07\/Centre-de-vaccination-de-Rades-2.jpg\" \/>\n<meta name=\"author\" content=\"webmaster kapitalis\" \/>\n<meta name=\"twitter:card\" content=\"summary_large_image\" \/>\n<meta name=\"twitter:creator\" content=\"@KapitalisInfo\" \/>\n<meta name=\"twitter:site\" content=\"@KapitalisInfo\" \/>\n<meta name=\"twitter:label1\" content=\"\u00c9crit par\" \/>\n\t<meta name=\"twitter:data1\" content=\"webmaster kapitalis\" \/>\n\t<meta name=\"twitter:label2\" content=\"Dur\u00e9e de lecture estim\u00e9e\" \/>\n\t<meta name=\"twitter:data2\" content=\"6 minutes\" \/>\n<script type=\"application\/ld+json\" class=\"yoast-schema-graph\">{\"@context\":\"https:\/\/schema.org\",\"@graph\":[{\"@type\":\"Article\",\"@id\":\"https:\/\/kapitalis.com\/tunisie\/2021\/07\/22\/tunisie-la-guerre-contre-le-covid-19-alimente-de-graves-conflits-politiques\/#article\",\"isPartOf\":{\"@id\":\"https:\/\/kapitalis.com\/tunisie\/2021\/07\/22\/tunisie-la-guerre-contre-le-covid-19-alimente-de-graves-conflits-politiques\/\"},\"author\":{\"name\":\"webmaster kapitalis\",\"@id\":\"https:\/\/kapitalis.com\/tunisie\/#\/schema\/person\/d71f33a9ca44f7bad4698210b480c8e9\"},\"headline\":\"Tunisie : La guerre contre le Covid-19 alimente de graves conflits politiques\",\"datePublished\":\"2021-07-22T12:13:40+00:00\",\"dateModified\":\"2021-07-22T12:15:47+00:00\",\"mainEntityOfPage\":{\"@id\":\"https:\/\/kapitalis.com\/tunisie\/2021\/07\/22\/tunisie-la-guerre-contre-le-covid-19-alimente-de-graves-conflits-politiques\/\"},\"wordCount\":1190,\"commentCount\":2,\"publisher\":{\"@id\":\"https:\/\/kapitalis.com\/tunisie\/#organization\"},\"image\":{\"@id\":\"https:\/\/kapitalis.com\/tunisie\/2021\/07\/22\/tunisie-la-guerre-contre-le-covid-19-alimente-de-graves-conflits-politiques\/#primaryimage\"},\"thumbnailUrl\":\"http:\/\/kapitalis.com\/tunisie\/wp-content\/uploads\/2021\/07\/Centre-de-vaccination-de-Rades-2.jpg\",\"keywords\":[\"Abderrouf Cherif\",\"conflits politiques\",\"Covid-19\",\"Dr Faouzi Mehdi\",\"Ennahdha\",\"Hichem Mechichi\",\"Mohamed Trabelsi\",\"Rached Ghannouchi\",\"Raouf Chatty\",\"Tunisie\",\"vaccination\"],\"articleSection\":[\"A LA UNE\",\"POLITIQUE\",\"TRIBUNE\",\"Tunisie\"],\"inLanguage\":\"fr-FR\",\"potentialAction\":[{\"@type\":\"CommentAction\",\"name\":\"Comment\",\"target\":[\"https:\/\/kapitalis.com\/tunisie\/2021\/07\/22\/tunisie-la-guerre-contre-le-covid-19-alimente-de-graves-conflits-politiques\/#respond\"]}]},{\"@type\":\"WebPage\",\"@id\":\"https:\/\/kapitalis.com\/tunisie\/2021\/07\/22\/tunisie-la-guerre-contre-le-covid-19-alimente-de-graves-conflits-politiques\/\",\"url\":\"https:\/\/kapitalis.com\/tunisie\/2021\/07\/22\/tunisie-la-guerre-contre-le-covid-19-alimente-de-graves-conflits-politiques\/\",\"name\":\"Tunisie : La guerre contre le Covid-19 alimente de graves conflits politiques - Kapitalis\",\"isPartOf\":{\"@id\":\"https:\/\/kapitalis.com\/tunisie\/#website\"},\"primaryImageOfPage\":{\"@id\":\"https:\/\/kapitalis.com\/tunisie\/2021\/07\/22\/tunisie-la-guerre-contre-le-covid-19-alimente-de-graves-conflits-politiques\/#primaryimage\"},\"image\":{\"@id\":\"https:\/\/kapitalis.com\/tunisie\/2021\/07\/22\/tunisie-la-guerre-contre-le-covid-19-alimente-de-graves-conflits-politiques\/#primaryimage\"},\"thumbnailUrl\":\"http:\/\/kapitalis.com\/tunisie\/wp-content\/uploads\/2021\/07\/Centre-de-vaccination-de-Rades-2.jpg\",\"datePublished\":\"2021-07-22T12:13:40+00:00\",\"dateModified\":\"2021-07-22T12:15:47+00:00\",\"breadcrumb\":{\"@id\":\"https:\/\/kapitalis.com\/tunisie\/2021\/07\/22\/tunisie-la-guerre-contre-le-covid-19-alimente-de-graves-conflits-politiques\/#breadcrumb\"},\"inLanguage\":\"fr-FR\",\"potentialAction\":[{\"@type\":\"ReadAction\",\"target\":[\"https:\/\/kapitalis.com\/tunisie\/2021\/07\/22\/tunisie-la-guerre-contre-le-covid-19-alimente-de-graves-conflits-politiques\/\"]}]},{\"@type\":\"ImageObject\",\"inLanguage\":\"fr-FR\",\"@id\":\"https:\/\/kapitalis.com\/tunisie\/2021\/07\/22\/tunisie-la-guerre-contre-le-covid-19-alimente-de-graves-conflits-politiques\/#primaryimage\",\"url\":\"\",\"contentUrl\":\"\"},{\"@type\":\"BreadcrumbList\",\"@id\":\"https:\/\/kapitalis.com\/tunisie\/2021\/07\/22\/tunisie-la-guerre-contre-le-covid-19-alimente-de-graves-conflits-politiques\/#breadcrumb\",\"itemListElement\":[{\"@type\":\"ListItem\",\"position\":1,\"name\":\"Accueil\",\"item\":\"https:\/\/kapitalis.com\/tunisie\/\"},{\"@type\":\"ListItem\",\"position\":2,\"name\":\"Tunisie : La guerre contre le Covid-19 alimente de graves conflits politiques\"}]},{\"@type\":\"WebSite\",\"@id\":\"https:\/\/kapitalis.com\/tunisie\/#website\",\"url\":\"https:\/\/kapitalis.com\/tunisie\/\",\"name\":\"Kapitalis\",\"description\":\"L&#039;actualit\u00e9 en Tunisie et dans le monde\",\"publisher\":{\"@id\":\"https:\/\/kapitalis.com\/tunisie\/#organization\"},\"potentialAction\":[{\"@type\":\"SearchAction\",\"target\":{\"@type\":\"EntryPoint\",\"urlTemplate\":\"https:\/\/kapitalis.com\/tunisie\/?s={search_term_string}\"},\"query-input\":{\"@type\":\"PropertyValueSpecification\",\"valueRequired\":true,\"valueName\":\"search_term_string\"}}],\"inLanguage\":\"fr-FR\"},{\"@type\":\"Organization\",\"@id\":\"https:\/\/kapitalis.com\/tunisie\/#organization\",\"name\":\"Kapitalis\",\"url\":\"https:\/\/kapitalis.com\/tunisie\/\",\"logo\":{\"@type\":\"ImageObject\",\"inLanguage\":\"fr-FR\",\"@id\":\"https:\/\/kapitalis.com\/tunisie\/#\/schema\/logo\/image\/\",\"url\":\"https:\/\/kapitalis.com\/tunisie\/wp-content\/uploads\/2022\/05\/Kapitalis-big-size.png\",\"contentUrl\":\"https:\/\/kapitalis.com\/tunisie\/wp-content\/uploads\/2022\/05\/Kapitalis-big-size.png\",\"width\":5000,\"height\":1500,\"caption\":\"Kapitalis\"},\"image\":{\"@id\":\"https:\/\/kapitalis.com\/tunisie\/#\/schema\/logo\/image\/\"},\"sameAs\":[\"https:\/\/www.facebook.com\/KapitalisInfo\/\",\"https:\/\/x.com\/KapitalisInfo\",\"https:\/\/www.youtube.com\/channel\/UC-yDYrHyfFBWWZaOw3FPg9Q\"]},{\"@type\":\"Person\",\"@id\":\"https:\/\/kapitalis.com\/tunisie\/#\/schema\/person\/d71f33a9ca44f7bad4698210b480c8e9\",\"name\":\"webmaster kapitalis\",\"url\":\"https:\/\/kapitalis.com\/tunisie\/author\/webmaster-kapitalis\/\"}]}<\/script>\n<!-- \/ Yoast SEO plugin. -->","yoast_head_json":{"title":"Tunisie : La guerre contre le Covid-19 alimente de graves conflits politiques - Kapitalis","robots":{"index":"index","follow":"follow","max-snippet":"max-snippet:-1","max-image-preview":"max-image-preview:large","max-video-preview":"max-video-preview:-1"},"canonical":"https:\/\/kapitalis.com\/tunisie\/2021\/07\/22\/tunisie-la-guerre-contre-le-covid-19-alimente-de-graves-conflits-politiques\/","og_locale":"fr_FR","og_type":"article","og_title":"Tunisie : La guerre contre le Covid-19 alimente de graves conflits politiques - Kapitalis","og_description":"Ce qui est aujourd&rsquo;hui certain c&rsquo;est que la Tunisie traverse des moments extr\u00eamement difficiles, que la situation g\u00e9n\u00e9rale risque de se d\u00e9t\u00e9riorer davantage, que les int\u00e9r\u00eats sup\u00e9rieurs de la nation sont menac\u00e9s et que, sur le plan politique, tout devient possible, y compris surtout le pire. Par Raouf Chatty *","og_url":"https:\/\/kapitalis.com\/tunisie\/2021\/07\/22\/tunisie-la-guerre-contre-le-covid-19-alimente-de-graves-conflits-politiques\/","og_site_name":"Kapitalis","article_publisher":"https:\/\/www.facebook.com\/KapitalisInfo\/","article_published_time":"2021-07-22T12:13:40+00:00","article_modified_time":"2021-07-22T12:15:47+00:00","og_image":[{"url":"http:\/\/kapitalis.com\/tunisie\/wp-content\/uploads\/2021\/07\/Centre-de-vaccination-de-Rades-2.jpg","type":"","width":"","height":""}],"author":"webmaster kapitalis","twitter_card":"summary_large_image","twitter_creator":"@KapitalisInfo","twitter_site":"@KapitalisInfo","twitter_misc":{"\u00c9crit par":"webmaster kapitalis","Dur\u00e9e de lecture estim\u00e9e":"6 minutes"},"schema":{"@context":"https:\/\/schema.org","@graph":[{"@type":"Article","@id":"https:\/\/kapitalis.com\/tunisie\/2021\/07\/22\/tunisie-la-guerre-contre-le-covid-19-alimente-de-graves-conflits-politiques\/#article","isPartOf":{"@id":"https:\/\/kapitalis.com\/tunisie\/2021\/07\/22\/tunisie-la-guerre-contre-le-covid-19-alimente-de-graves-conflits-politiques\/"},"author":{"name":"webmaster kapitalis","@id":"https:\/\/kapitalis.com\/tunisie\/#\/schema\/person\/d71f33a9ca44f7bad4698210b480c8e9"},"headline":"Tunisie : La guerre contre le Covid-19 alimente de graves conflits politiques","datePublished":"2021-07-22T12:13:40+00:00","dateModified":"2021-07-22T12:15:47+00:00","mainEntityOfPage":{"@id":"https:\/\/kapitalis.com\/tunisie\/2021\/07\/22\/tunisie-la-guerre-contre-le-covid-19-alimente-de-graves-conflits-politiques\/"},"wordCount":1190,"commentCount":2,"publisher":{"@id":"https:\/\/kapitalis.com\/tunisie\/#organization"},"image":{"@id":"https:\/\/kapitalis.com\/tunisie\/2021\/07\/22\/tunisie-la-guerre-contre-le-covid-19-alimente-de-graves-conflits-politiques\/#primaryimage"},"thumbnailUrl":"http:\/\/kapitalis.com\/tunisie\/wp-content\/uploads\/2021\/07\/Centre-de-vaccination-de-Rades-2.jpg","keywords":["Abderrouf Cherif","conflits politiques","Covid-19","Dr Faouzi Mehdi","Ennahdha","Hichem Mechichi","Mohamed Trabelsi","Rached Ghannouchi","Raouf Chatty","Tunisie","vaccination"],"articleSection":["A LA UNE","POLITIQUE","TRIBUNE","Tunisie"],"inLanguage":"fr-FR","potentialAction":[{"@type":"CommentAction","name":"Comment","target":["https:\/\/kapitalis.com\/tunisie\/2021\/07\/22\/tunisie-la-guerre-contre-le-covid-19-alimente-de-graves-conflits-politiques\/#respond"]}]},{"@type":"WebPage","@id":"https:\/\/kapitalis.com\/tunisie\/2021\/07\/22\/tunisie-la-guerre-contre-le-covid-19-alimente-de-graves-conflits-politiques\/","url":"https:\/\/kapitalis.com\/tunisie\/2021\/07\/22\/tunisie-la-guerre-contre-le-covid-19-alimente-de-graves-conflits-politiques\/","name":"Tunisie : La guerre contre le Covid-19 alimente de graves conflits politiques - Kapitalis","isPartOf":{"@id":"https:\/\/kapitalis.com\/tunisie\/#website"},"primaryImageOfPage":{"@id":"https:\/\/kapitalis.com\/tunisie\/2021\/07\/22\/tunisie-la-guerre-contre-le-covid-19-alimente-de-graves-conflits-politiques\/#primaryimage"},"image":{"@id":"https:\/\/kapitalis.com\/tunisie\/2021\/07\/22\/tunisie-la-guerre-contre-le-covid-19-alimente-de-graves-conflits-politiques\/#primaryimage"},"thumbnailUrl":"http:\/\/kapitalis.com\/tunisie\/wp-content\/uploads\/2021\/07\/Centre-de-vaccination-de-Rades-2.jpg","datePublished":"2021-07-22T12:13:40+00:00","dateModified":"2021-07-22T12:15:47+00:00","breadcrumb":{"@id":"https:\/\/kapitalis.com\/tunisie\/2021\/07\/22\/tunisie-la-guerre-contre-le-covid-19-alimente-de-graves-conflits-politiques\/#breadcrumb"},"inLanguage":"fr-FR","potentialAction":[{"@type":"ReadAction","target":["https:\/\/kapitalis.com\/tunisie\/2021\/07\/22\/tunisie-la-guerre-contre-le-covid-19-alimente-de-graves-conflits-politiques\/"]}]},{"@type":"ImageObject","inLanguage":"fr-FR","@id":"https:\/\/kapitalis.com\/tunisie\/2021\/07\/22\/tunisie-la-guerre-contre-le-covid-19-alimente-de-graves-conflits-politiques\/#primaryimage","url":"","contentUrl":""},{"@type":"BreadcrumbList","@id":"https:\/\/kapitalis.com\/tunisie\/2021\/07\/22\/tunisie-la-guerre-contre-le-covid-19-alimente-de-graves-conflits-politiques\/#breadcrumb","itemListElement":[{"@type":"ListItem","position":1,"name":"Accueil","item":"https:\/\/kapitalis.com\/tunisie\/"},{"@type":"ListItem","position":2,"name":"Tunisie : La guerre contre le Covid-19 alimente de graves conflits politiques"}]},{"@type":"WebSite","@id":"https:\/\/kapitalis.com\/tunisie\/#website","url":"https:\/\/kapitalis.com\/tunisie\/","name":"Kapitalis","description":"L&#039;actualit\u00e9 en Tunisie et dans le monde","publisher":{"@id":"https:\/\/kapitalis.com\/tunisie\/#organization"},"potentialAction":[{"@type":"SearchAction","target":{"@type":"EntryPoint","urlTemplate":"https:\/\/kapitalis.com\/tunisie\/?s={search_term_string}"},"query-input":{"@type":"PropertyValueSpecification","valueRequired":true,"valueName":"search_term_string"}}],"inLanguage":"fr-FR"},{"@type":"Organization","@id":"https:\/\/kapitalis.com\/tunisie\/#organization","name":"Kapitalis","url":"https:\/\/kapitalis.com\/tunisie\/","logo":{"@type":"ImageObject","inLanguage":"fr-FR","@id":"https:\/\/kapitalis.com\/tunisie\/#\/schema\/logo\/image\/","url":"https:\/\/kapitalis.com\/tunisie\/wp-content\/uploads\/2022\/05\/Kapitalis-big-size.png","contentUrl":"https:\/\/kapitalis.com\/tunisie\/wp-content\/uploads\/2022\/05\/Kapitalis-big-size.png","width":5000,"height":1500,"caption":"Kapitalis"},"image":{"@id":"https:\/\/kapitalis.com\/tunisie\/#\/schema\/logo\/image\/"},"sameAs":["https:\/\/www.facebook.com\/KapitalisInfo\/","https:\/\/x.com\/KapitalisInfo","https:\/\/www.youtube.com\/channel\/UC-yDYrHyfFBWWZaOw3FPg9Q"]},{"@type":"Person","@id":"https:\/\/kapitalis.com\/tunisie\/#\/schema\/person\/d71f33a9ca44f7bad4698210b480c8e9","name":"webmaster kapitalis","url":"https:\/\/kapitalis.com\/tunisie\/author\/webmaster-kapitalis\/"}]}},"_links":{"self":[{"href":"https:\/\/kapitalis.com\/tunisie\/wp-json\/wp\/v2\/posts\/356957","targetHints":{"allow":["GET"]}}],"collection":[{"href":"https:\/\/kapitalis.com\/tunisie\/wp-json\/wp\/v2\/posts"}],"about":[{"href":"https:\/\/kapitalis.com\/tunisie\/wp-json\/wp\/v2\/types\/post"}],"author":[{"embeddable":true,"href":"https:\/\/kapitalis.com\/tunisie\/wp-json\/wp\/v2\/users\/8"}],"replies":[{"embeddable":true,"href":"https:\/\/kapitalis.com\/tunisie\/wp-json\/wp\/v2\/comments?post=356957"}],"version-history":[{"count":0,"href":"https:\/\/kapitalis.com\/tunisie\/wp-json\/wp\/v2\/posts\/356957\/revisions"}],"wp:attachment":[{"href":"https:\/\/kapitalis.com\/tunisie\/wp-json\/wp\/v2\/media?parent=356957"}],"wp:term":[{"taxonomy":"category","embeddable":true,"href":"https:\/\/kapitalis.com\/tunisie\/wp-json\/wp\/v2\/categories?post=356957"},{"taxonomy":"post_tag","embeddable":true,"href":"https:\/\/kapitalis.com\/tunisie\/wp-json\/wp\/v2\/tags?post=356957"}],"curies":[{"name":"wp","href":"https:\/\/api.w.org\/{rel}","templated":true}]}}