{"id":35698,"date":"2016-01-19T18:00:55","date_gmt":"2016-01-19T17:00:55","guid":{"rendered":"http:\/\/kapitalis.com\/tunisie\/?p=35698"},"modified":"2016-01-19T18:00:55","modified_gmt":"2016-01-19T17:00:55","slug":"tunisie-telecom-demarre-les-tt-business-days-a-sfax","status":"publish","type":"post","link":"https:\/\/kapitalis.com\/tunisie\/2016\/01\/19\/tunisie-telecom-demarre-les-tt-business-days-a-sfax\/","title":{"rendered":"Tunisie Telecom d\u00e9marre les \u00ab TT Business Days \u00bb \u00e0 Sfax"},"content":{"rendered":"<p><img loading=\"lazy\" decoding=\"async\" class=\"alignnone size-full wp-image-35700 aligncenter\" src=\"http:\/\/kapitalis.com\/tunisie\/wp-content\/uploads\/2016\/01\/TT-Business-Days.jpg\" alt=\"TT-Business-Days\" width=\"626\" height=\"380\" \/><\/p>\n<p><em><strong>Tunisie Telecom a donn\u00e9 le coup d\u2019envoi des \u00abTT Business Days\u00bb pour l\u2019ann\u00e9e 2016, avec une premi\u00e8re escale \u00e0 Sfax.<\/strong><\/em><\/p>\n<p><!--more--><\/p>\n<p>Cette tourn\u00e9e, organis\u00e9e par \u00ab<em>Tunisie Telecom Entreprises\u00bb<\/em>, permettra \u00e0 l\u2019op\u00e9rateur de pr\u00e9senter le catalogue de ses offres mobile, fixe et cloud aux clients potentiels et partenaires parmi les petites et moyennes entreprises (PME) et les grands comptes \u00e0 travers les gouvernorats du pays.<\/p>\n<p>A Sfax, le lundi 18 janvier 2016, des centaines de clients venus de toutes la r\u00e9gion, ont eu droit \u00e0 une pr\u00e9sentation des offres \u2018Entreprise\u2019 de Tunisie Telecom, qui se caract\u00e9risent par l\u2019innovation, la convergence et les solutions personnalis\u00e9es et flexibles.<\/p>\n<p>Avec son r\u00e9seau commercial couvrant l\u2019ensemble du territoire national, son large r\u00e9seau fibre optique s\u2019\u00e9tendant sur plus de 20.000 km, ses \u00e9quipes d\u2019experts sp\u00e9cialis\u00e9s dans les solutions d\u2019entreprises, son centre d\u2019appel d\u00e9di\u00e9 aux entreprises (\u00ab1288\u00bb), Tunisie Telecom veut incarner les valeurs de proximit\u00e9, de qualit\u00e9 et d\u2019innovation.<\/p>\n<p>Eric Sparte Kerboriou, directeur central des affaires commerciales et du marketing, a indiqu\u00e9, \u00e0 cette occasion, que les <em>\u00abTT Business Days permettent \u00e0 Tunisie Telecom de se rapprocher de ses clients et de les \u00e9couter, afin de mieux les satisfaire\u00bb<\/em>.<\/p>\n<p><em>\u00abUne telle rencontre est une occasion pour \u00e9couter les attentes et les suggestions de nos clients et \u00e9changer avec eux sur les moyens de renforcer notre collaboration\u00bb<\/em>, a poursuivi M. Kerboriou.<\/p>\n<p>De son c\u00f4t\u00e9, Rym Akremi Ben Dhief, directeur commercial grands comptes, a r\u00e9it\u00e9r\u00e9 la place de choix accord\u00e9e par Tunisie Telecom \u00e0 ses clients entreprises, mettant en exergue la diversification des offres et solutions sur-mesure mises en place par l\u2019op\u00e9rateur pour mieux r\u00e9pondre aux attentes de ses clients et les accompagner dans le d\u00e9veloppement de leurs activit\u00e9s.<\/p>\n<p>Les participants aux \u00ab<em>TT Business Days<\/em>\u00bb ont appr\u00e9ci\u00e9 cette r\u00e9union qui leur a permis de mieux conna\u00eetre la panoplie de services et de solutions propos\u00e9es par Tunisie Telecom aux entreprises ainsi que la large gamme d\u2019offres propos\u00e9es par TT Cloud (Iaas, Web Hosting, Backup Entreprise, Black Storage).<\/p>\n<p style=\"text-align: right;\"><strong>I. B.<\/strong> (avec communiqu\u00e9).<\/p>\n","protected":false},"excerpt":{"rendered":"<p>Tunisie Telecom a donn\u00e9 le coup d\u2019envoi des \u00abTT Business Days\u00bb pour l\u2019ann\u00e9e 2016, avec une premi\u00e8re escale \u00e0 Sfax.<\/p>\n","protected":false},"author":8,"featured_media":35700,"comment_status":"open","ping_status":"open","sticky":false,"template":"","format":"standard","meta":{"footnotes":""},"categories":[995,2433],"tags":[6975,334,12896,386,930],"class_list":["post-35698","post","type-post","status-publish","format-standard","has-post-thumbnail","hentry","category-economie","category-tunisie","tag-cloud","tag-entreprises","tag-eric-sparte-kerboriou","tag-fixe","tag-tunisie-telecom"],"yoast_head":"<!-- This site is optimized with the Yoast SEO plugin v26.6 - https:\/\/yoast.com\/wordpress\/plugins\/seo\/ -->\n<title>Tunisie Telecom d\u00e9marre les \u00ab TT Business Days \u00bb \u00e0 Sfax - Kapitalis<\/title>\n<meta name=\"robots\" content=\"index, follow, max-snippet:-1, max-image-preview:large, max-video-preview:-1\" \/>\n<link rel=\"canonical\" href=\"https:\/\/kapitalis.com\/tunisie\/2016\/01\/19\/tunisie-telecom-demarre-les-tt-business-days-a-sfax\/\" \/>\n<meta property=\"og:locale\" content=\"fr_FR\" \/>\n<meta property=\"og:type\" content=\"article\" \/>\n<meta property=\"og:title\" content=\"Tunisie Telecom d\u00e9marre les \u00ab TT Business Days \u00bb \u00e0 Sfax - Kapitalis\" \/>\n<meta property=\"og:description\" content=\"Tunisie Telecom a donn\u00e9 le coup d\u2019envoi des \u00abTT Business Days\u00bb pour l\u2019ann\u00e9e 2016, avec une premi\u00e8re escale \u00e0 Sfax.\" \/>\n<meta property=\"og:url\" content=\"https:\/\/kapitalis.com\/tunisie\/2016\/01\/19\/tunisie-telecom-demarre-les-tt-business-days-a-sfax\/\" \/>\n<meta property=\"og:site_name\" content=\"Kapitalis\" \/>\n<meta property=\"article:publisher\" content=\"https:\/\/www.facebook.com\/KapitalisInfo\/\" \/>\n<meta property=\"article:published_time\" content=\"2016-01-19T17:00:55+00:00\" \/>\n<meta property=\"og:image\" content=\"https:\/\/kapitalis.com\/tunisie\/wp-content\/uploads\/2022\/05\/kapitalis-logo-fb.png\" \/>\n\t<meta property=\"og:image:width\" content=\"1200\" \/>\n\t<meta property=\"og:image:height\" content=\"630\" \/>\n\t<meta property=\"og:image:type\" content=\"image\/png\" \/>\n<meta name=\"author\" content=\"webmaster kapitalis\" \/>\n<meta name=\"twitter:card\" content=\"summary_large_image\" \/>\n<meta name=\"twitter:creator\" content=\"@KapitalisInfo\" \/>\n<meta name=\"twitter:site\" content=\"@KapitalisInfo\" \/>\n<meta name=\"twitter:label1\" content=\"\u00c9crit par\" \/>\n\t<meta name=\"twitter:data1\" content=\"webmaster kapitalis\" \/>\n\t<meta name=\"twitter:label2\" content=\"Dur\u00e9e de lecture estim\u00e9e\" \/>\n\t<meta name=\"twitter:data2\" content=\"2 minutes\" \/>\n<script type=\"application\/ld+json\" class=\"yoast-schema-graph\">{\"@context\":\"https:\/\/schema.org\",\"@graph\":[{\"@type\":\"Article\",\"@id\":\"https:\/\/kapitalis.com\/tunisie\/2016\/01\/19\/tunisie-telecom-demarre-les-tt-business-days-a-sfax\/#article\",\"isPartOf\":{\"@id\":\"https:\/\/kapitalis.com\/tunisie\/2016\/01\/19\/tunisie-telecom-demarre-les-tt-business-days-a-sfax\/\"},\"author\":{\"name\":\"webmaster kapitalis\",\"@id\":\"https:\/\/kapitalis.com\/tunisie\/#\/schema\/person\/d71f33a9ca44f7bad4698210b480c8e9\"},\"headline\":\"Tunisie Telecom d\u00e9marre les \u00ab TT Business Days \u00bb \u00e0 Sfax\",\"datePublished\":\"2016-01-19T17:00:55+00:00\",\"mainEntityOfPage\":{\"@id\":\"https:\/\/kapitalis.com\/tunisie\/2016\/01\/19\/tunisie-telecom-demarre-les-tt-business-days-a-sfax\/\"},\"wordCount\":367,\"commentCount\":0,\"publisher\":{\"@id\":\"https:\/\/kapitalis.com\/tunisie\/#organization\"},\"image\":{\"@id\":\"https:\/\/kapitalis.com\/tunisie\/2016\/01\/19\/tunisie-telecom-demarre-les-tt-business-days-a-sfax\/#primaryimage\"},\"thumbnailUrl\":\"\",\"keywords\":[\"Cloud\",\"entreprises\",\"Eric Sparte Kerboriou\",\"fix\u00e9\",\"Tunisie Telecom\"],\"articleSection\":[\"ECONOMIE\",\"Tunisie\"],\"inLanguage\":\"fr-FR\",\"potentialAction\":[{\"@type\":\"CommentAction\",\"name\":\"Comment\",\"target\":[\"https:\/\/kapitalis.com\/tunisie\/2016\/01\/19\/tunisie-telecom-demarre-les-tt-business-days-a-sfax\/#respond\"]}]},{\"@type\":\"WebPage\",\"@id\":\"https:\/\/kapitalis.com\/tunisie\/2016\/01\/19\/tunisie-telecom-demarre-les-tt-business-days-a-sfax\/\",\"url\":\"https:\/\/kapitalis.com\/tunisie\/2016\/01\/19\/tunisie-telecom-demarre-les-tt-business-days-a-sfax\/\",\"name\":\"Tunisie Telecom d\u00e9marre les \u00ab TT Business Days \u00bb \u00e0 Sfax - Kapitalis\",\"isPartOf\":{\"@id\":\"https:\/\/kapitalis.com\/tunisie\/#website\"},\"primaryImageOfPage\":{\"@id\":\"https:\/\/kapitalis.com\/tunisie\/2016\/01\/19\/tunisie-telecom-demarre-les-tt-business-days-a-sfax\/#primaryimage\"},\"image\":{\"@id\":\"https:\/\/kapitalis.com\/tunisie\/2016\/01\/19\/tunisie-telecom-demarre-les-tt-business-days-a-sfax\/#primaryimage\"},\"thumbnailUrl\":\"\",\"datePublished\":\"2016-01-19T17:00:55+00:00\",\"breadcrumb\":{\"@id\":\"https:\/\/kapitalis.com\/tunisie\/2016\/01\/19\/tunisie-telecom-demarre-les-tt-business-days-a-sfax\/#breadcrumb\"},\"inLanguage\":\"fr-FR\",\"potentialAction\":[{\"@type\":\"ReadAction\",\"target\":[\"https:\/\/kapitalis.com\/tunisie\/2016\/01\/19\/tunisie-telecom-demarre-les-tt-business-days-a-sfax\/\"]}]},{\"@type\":\"ImageObject\",\"inLanguage\":\"fr-FR\",\"@id\":\"https:\/\/kapitalis.com\/tunisie\/2016\/01\/19\/tunisie-telecom-demarre-les-tt-business-days-a-sfax\/#primaryimage\",\"url\":\"\",\"contentUrl\":\"\"},{\"@type\":\"BreadcrumbList\",\"@id\":\"https:\/\/kapitalis.com\/tunisie\/2016\/01\/19\/tunisie-telecom-demarre-les-tt-business-days-a-sfax\/#breadcrumb\",\"itemListElement\":[{\"@type\":\"ListItem\",\"position\":1,\"name\":\"Accueil\",\"item\":\"https:\/\/kapitalis.com\/tunisie\/\"},{\"@type\":\"ListItem\",\"position\":2,\"name\":\"Tunisie Telecom d\u00e9marre les \u00ab TT Business Days \u00bb \u00e0 Sfax\"}]},{\"@type\":\"WebSite\",\"@id\":\"https:\/\/kapitalis.com\/tunisie\/#website\",\"url\":\"https:\/\/kapitalis.com\/tunisie\/\",\"name\":\"Kapitalis\",\"description\":\"L&#039;actualit\u00e9 en Tunisie et dans le monde\",\"publisher\":{\"@id\":\"https:\/\/kapitalis.com\/tunisie\/#organization\"},\"potentialAction\":[{\"@type\":\"SearchAction\",\"target\":{\"@type\":\"EntryPoint\",\"urlTemplate\":\"https:\/\/kapitalis.com\/tunisie\/?s={search_term_string}\"},\"query-input\":{\"@type\":\"PropertyValueSpecification\",\"valueRequired\":true,\"valueName\":\"search_term_string\"}}],\"inLanguage\":\"fr-FR\"},{\"@type\":\"Organization\",\"@id\":\"https:\/\/kapitalis.com\/tunisie\/#organization\",\"name\":\"Kapitalis\",\"url\":\"https:\/\/kapitalis.com\/tunisie\/\",\"logo\":{\"@type\":\"ImageObject\",\"inLanguage\":\"fr-FR\",\"@id\":\"https:\/\/kapitalis.com\/tunisie\/#\/schema\/logo\/image\/\",\"url\":\"https:\/\/kapitalis.com\/tunisie\/wp-content\/uploads\/2022\/05\/Kapitalis-big-size.png\",\"contentUrl\":\"https:\/\/kapitalis.com\/tunisie\/wp-content\/uploads\/2022\/05\/Kapitalis-big-size.png\",\"width\":5000,\"height\":1500,\"caption\":\"Kapitalis\"},\"image\":{\"@id\":\"https:\/\/kapitalis.com\/tunisie\/#\/schema\/logo\/image\/\"},\"sameAs\":[\"https:\/\/www.facebook.com\/KapitalisInfo\/\",\"https:\/\/x.com\/KapitalisInfo\",\"https:\/\/www.youtube.com\/channel\/UC-yDYrHyfFBWWZaOw3FPg9Q\"]},{\"@type\":\"Person\",\"@id\":\"https:\/\/kapitalis.com\/tunisie\/#\/schema\/person\/d71f33a9ca44f7bad4698210b480c8e9\",\"name\":\"webmaster kapitalis\",\"url\":\"https:\/\/kapitalis.com\/tunisie\/author\/webmaster-kapitalis\/\"}]}<\/script>\n<!-- \/ Yoast SEO plugin. -->","yoast_head_json":{"title":"Tunisie Telecom d\u00e9marre les \u00ab TT Business Days \u00bb \u00e0 Sfax - Kapitalis","robots":{"index":"index","follow":"follow","max-snippet":"max-snippet:-1","max-image-preview":"max-image-preview:large","max-video-preview":"max-video-preview:-1"},"canonical":"https:\/\/kapitalis.com\/tunisie\/2016\/01\/19\/tunisie-telecom-demarre-les-tt-business-days-a-sfax\/","og_locale":"fr_FR","og_type":"article","og_title":"Tunisie Telecom d\u00e9marre les \u00ab TT Business Days \u00bb \u00e0 Sfax - Kapitalis","og_description":"Tunisie Telecom a donn\u00e9 le coup d\u2019envoi des \u00abTT Business Days\u00bb pour l\u2019ann\u00e9e 2016, avec une premi\u00e8re escale \u00e0 Sfax.","og_url":"https:\/\/kapitalis.com\/tunisie\/2016\/01\/19\/tunisie-telecom-demarre-les-tt-business-days-a-sfax\/","og_site_name":"Kapitalis","article_publisher":"https:\/\/www.facebook.com\/KapitalisInfo\/","article_published_time":"2016-01-19T17:00:55+00:00","og_image":[{"width":1200,"height":630,"url":"https:\/\/kapitalis.com\/tunisie\/wp-content\/uploads\/2022\/05\/kapitalis-logo-fb.png","type":"image\/png"}],"author":"webmaster kapitalis","twitter_card":"summary_large_image","twitter_creator":"@KapitalisInfo","twitter_site":"@KapitalisInfo","twitter_misc":{"\u00c9crit par":"webmaster kapitalis","Dur\u00e9e de lecture estim\u00e9e":"2 minutes"},"schema":{"@context":"https:\/\/schema.org","@graph":[{"@type":"Article","@id":"https:\/\/kapitalis.com\/tunisie\/2016\/01\/19\/tunisie-telecom-demarre-les-tt-business-days-a-sfax\/#article","isPartOf":{"@id":"https:\/\/kapitalis.com\/tunisie\/2016\/01\/19\/tunisie-telecom-demarre-les-tt-business-days-a-sfax\/"},"author":{"name":"webmaster kapitalis","@id":"https:\/\/kapitalis.com\/tunisie\/#\/schema\/person\/d71f33a9ca44f7bad4698210b480c8e9"},"headline":"Tunisie Telecom d\u00e9marre les \u00ab TT Business Days \u00bb \u00e0 Sfax","datePublished":"2016-01-19T17:00:55+00:00","mainEntityOfPage":{"@id":"https:\/\/kapitalis.com\/tunisie\/2016\/01\/19\/tunisie-telecom-demarre-les-tt-business-days-a-sfax\/"},"wordCount":367,"commentCount":0,"publisher":{"@id":"https:\/\/kapitalis.com\/tunisie\/#organization"},"image":{"@id":"https:\/\/kapitalis.com\/tunisie\/2016\/01\/19\/tunisie-telecom-demarre-les-tt-business-days-a-sfax\/#primaryimage"},"thumbnailUrl":"","keywords":["Cloud","entreprises","Eric Sparte Kerboriou","fix\u00e9","Tunisie Telecom"],"articleSection":["ECONOMIE","Tunisie"],"inLanguage":"fr-FR","potentialAction":[{"@type":"CommentAction","name":"Comment","target":["https:\/\/kapitalis.com\/tunisie\/2016\/01\/19\/tunisie-telecom-demarre-les-tt-business-days-a-sfax\/#respond"]}]},{"@type":"WebPage","@id":"https:\/\/kapitalis.com\/tunisie\/2016\/01\/19\/tunisie-telecom-demarre-les-tt-business-days-a-sfax\/","url":"https:\/\/kapitalis.com\/tunisie\/2016\/01\/19\/tunisie-telecom-demarre-les-tt-business-days-a-sfax\/","name":"Tunisie Telecom d\u00e9marre les \u00ab TT Business Days \u00bb \u00e0 Sfax - Kapitalis","isPartOf":{"@id":"https:\/\/kapitalis.com\/tunisie\/#website"},"primaryImageOfPage":{"@id":"https:\/\/kapitalis.com\/tunisie\/2016\/01\/19\/tunisie-telecom-demarre-les-tt-business-days-a-sfax\/#primaryimage"},"image":{"@id":"https:\/\/kapitalis.com\/tunisie\/2016\/01\/19\/tunisie-telecom-demarre-les-tt-business-days-a-sfax\/#primaryimage"},"thumbnailUrl":"","datePublished":"2016-01-19T17:00:55+00:00","breadcrumb":{"@id":"https:\/\/kapitalis.com\/tunisie\/2016\/01\/19\/tunisie-telecom-demarre-les-tt-business-days-a-sfax\/#breadcrumb"},"inLanguage":"fr-FR","potentialAction":[{"@type":"ReadAction","target":["https:\/\/kapitalis.com\/tunisie\/2016\/01\/19\/tunisie-telecom-demarre-les-tt-business-days-a-sfax\/"]}]},{"@type":"ImageObject","inLanguage":"fr-FR","@id":"https:\/\/kapitalis.com\/tunisie\/2016\/01\/19\/tunisie-telecom-demarre-les-tt-business-days-a-sfax\/#primaryimage","url":"","contentUrl":""},{"@type":"BreadcrumbList","@id":"https:\/\/kapitalis.com\/tunisie\/2016\/01\/19\/tunisie-telecom-demarre-les-tt-business-days-a-sfax\/#breadcrumb","itemListElement":[{"@type":"ListItem","position":1,"name":"Accueil","item":"https:\/\/kapitalis.com\/tunisie\/"},{"@type":"ListItem","position":2,"name":"Tunisie Telecom d\u00e9marre les \u00ab TT Business Days \u00bb \u00e0 Sfax"}]},{"@type":"WebSite","@id":"https:\/\/kapitalis.com\/tunisie\/#website","url":"https:\/\/kapitalis.com\/tunisie\/","name":"Kapitalis","description":"L&#039;actualit\u00e9 en Tunisie et dans le monde","publisher":{"@id":"https:\/\/kapitalis.com\/tunisie\/#organization"},"potentialAction":[{"@type":"SearchAction","target":{"@type":"EntryPoint","urlTemplate":"https:\/\/kapitalis.com\/tunisie\/?s={search_term_string}"},"query-input":{"@type":"PropertyValueSpecification","valueRequired":true,"valueName":"search_term_string"}}],"inLanguage":"fr-FR"},{"@type":"Organization","@id":"https:\/\/kapitalis.com\/tunisie\/#organization","name":"Kapitalis","url":"https:\/\/kapitalis.com\/tunisie\/","logo":{"@type":"ImageObject","inLanguage":"fr-FR","@id":"https:\/\/kapitalis.com\/tunisie\/#\/schema\/logo\/image\/","url":"https:\/\/kapitalis.com\/tunisie\/wp-content\/uploads\/2022\/05\/Kapitalis-big-size.png","contentUrl":"https:\/\/kapitalis.com\/tunisie\/wp-content\/uploads\/2022\/05\/Kapitalis-big-size.png","width":5000,"height":1500,"caption":"Kapitalis"},"image":{"@id":"https:\/\/kapitalis.com\/tunisie\/#\/schema\/logo\/image\/"},"sameAs":["https:\/\/www.facebook.com\/KapitalisInfo\/","https:\/\/x.com\/KapitalisInfo","https:\/\/www.youtube.com\/channel\/UC-yDYrHyfFBWWZaOw3FPg9Q"]},{"@type":"Person","@id":"https:\/\/kapitalis.com\/tunisie\/#\/schema\/person\/d71f33a9ca44f7bad4698210b480c8e9","name":"webmaster kapitalis","url":"https:\/\/kapitalis.com\/tunisie\/author\/webmaster-kapitalis\/"}]}},"_links":{"self":[{"href":"https:\/\/kapitalis.com\/tunisie\/wp-json\/wp\/v2\/posts\/35698","targetHints":{"allow":["GET"]}}],"collection":[{"href":"https:\/\/kapitalis.com\/tunisie\/wp-json\/wp\/v2\/posts"}],"about":[{"href":"https:\/\/kapitalis.com\/tunisie\/wp-json\/wp\/v2\/types\/post"}],"author":[{"embeddable":true,"href":"https:\/\/kapitalis.com\/tunisie\/wp-json\/wp\/v2\/users\/8"}],"replies":[{"embeddable":true,"href":"https:\/\/kapitalis.com\/tunisie\/wp-json\/wp\/v2\/comments?post=35698"}],"version-history":[{"count":0,"href":"https:\/\/kapitalis.com\/tunisie\/wp-json\/wp\/v2\/posts\/35698\/revisions"}],"wp:featuredmedia":[{"embeddable":true,"href":"https:\/\/kapitalis.com\/tunisie\/wp-json\/wp\/v2\/media\/35700"}],"wp:attachment":[{"href":"https:\/\/kapitalis.com\/tunisie\/wp-json\/wp\/v2\/media?parent=35698"}],"wp:term":[{"taxonomy":"category","embeddable":true,"href":"https:\/\/kapitalis.com\/tunisie\/wp-json\/wp\/v2\/categories?post=35698"},{"taxonomy":"post_tag","embeddable":true,"href":"https:\/\/kapitalis.com\/tunisie\/wp-json\/wp\/v2\/tags?post=35698"}],"curies":[{"name":"wp","href":"https:\/\/api.w.org\/{rel}","templated":true}]}}