{"id":357060,"date":"2021-07-23T10:43:09","date_gmt":"2021-07-23T09:43:09","guid":{"rendered":"http:\/\/kapitalis.com\/tunisie\/?p=357060"},"modified":"2021-07-23T10:44:36","modified_gmt":"2021-07-23T09:44:36","slug":"vient-de-paraitre-une-invitation-a-redecouvrir-djerba-leternelle","status":"publish","type":"post","link":"https:\/\/kapitalis.com\/tunisie\/2021\/07\/23\/vient-de-paraitre-une-invitation-a-redecouvrir-djerba-leternelle\/","title":{"rendered":"Vient de para\u00eetre : Une invitation \u00e0 red\u00e9couvrir Djerba l&rsquo;\u00e9ternelle"},"content":{"rendered":"\n<div class=\"wp-block-image\"><figure class=\"aligncenter size-large\"><img decoding=\"async\" src=\"http:\/\/kapitalis.com\/tunisie\/wp-content\/uploads\/2021\/07\/Guide-de-Djerba.jpg\" alt=\"\" class=\"wp-image-357061\"\/><\/figure><\/div>\n\n\n\n<p><em><strong>L\u2019Association de sauvegarde de l\u2019\u00eele de Djerba (Assidje) et le DMO Djerba annoncent la parution du nouveau \u00ab\u00a0Guide culturel et touristique de Djerba\u00a0\u00bb, une invitation \u00e0 la red\u00e9couverte de ce site plusieurs fois mill\u00e9naire, r\u00e9alis\u00e9 gr\u00e2ce au soutien financier du Secr\u00e9tariat d\u2019\u00c9tat \u00e0 l\u2019\u00e9conomie suisse (Seco), dans le cadre d\u2019un projet conduit avec le minist\u00e8re tunisien du Tourisme et l\u2019Office national du tourisme tunisien (ONTT). <\/strong><\/em><\/p>\n\n\n\n<!--more-->\n\n\n\n<p>Cette publication est le fruit de trois ann\u00e9es de partenariat fructueux entre l\u2019Assidje et Swisscontact, illustr\u00e9 d\u2019abord par la restauration de trois monuments embl\u00e9matiques du patrimoine b\u00e2ti de l\u2019\u00eele (mosqu\u00e9es troglodytiques de Mezrane et de S\u00e9douikech, et la mosqu\u00e9e de Sidi Yati \u00e0 Fehmine), ensuite par la cr\u00e9ation du DMO Djerba, qui a pour mission de repr\u00e9senter les acteurs touristiques \u00e0 Djerba et de promouvoir l\u2019image de l\u2019\u00eele, afin d\u2019y ancrer un tourisme durable et diversifi\u00e9.<\/p>\n\n\n\n<h2 class=\"wp-block-heading\">Hommage au patrimoine singulier de l\u2019\u00eele<\/h2>\n\n\n\n<p>Ecrit en hommage au patrimoine pluri-mill\u00e9naire de l\u2019\u00eele de Djerba, le guide comporte 180 pages r\u00e9parties sur des th\u00e8mes racontant l\u2019histoire de ce territoire insulaire et le v\u00e9cu des hommes et des femmes qui le peuplent et leurs savoir-faire : <em>\u00abLes incontournables\u00bb, \u00abDjerba, Terre mill\u00e9naire\u00bb, \u00abL\u2019Homme dans son \u00eele\u00bb, \u00abL\u2019\u00eele au quotidien\u00bb, \u00ab\u00celes dans l\u2019\u00eele\u00bb, \u00abH\u00e9bergements de charme\u00bb, \u00abDjerba, terre d\u2019inspiration\u00bb<\/em>.<\/p>\n\n\n\n<p>Les mus\u00e9es \u00e0 visiter, d\u2019int\u00e9r\u00eat certain, et les plages cach\u00e9es de l\u2019\u00eele o\u00f9 savourer la douceur de l\u2019eau et \u00eatre charm\u00e9 par la beaut\u00e9 sauvage ne sont pas en reste, et des informations aussi pr\u00e9cises qu\u2019exhaustives sont pr\u00e9sent\u00e9es.<\/p>\n\n\n\n<p>Paraissant au m\u00eame moment o\u00f9 le processus d\u2019\u00e9laboration de la proposition d\u2019inscription de l\u2019\u00eele de Djerba sur la liste du Patrimoine mondial de l\u2019Unesco est en phase ultime d\u2019ach\u00e8vement, le guide comporte un chapitre consacr\u00e9 \u00e0 ce projet qui n\u2019est pas des moindres, et un autre consacr\u00e9 m\u00e9ritoirement \u00e0 l\u2019Assidje, partenaire, \u00e0 la fois, avec le minist\u00e8re des Affaires culturelles et l\u2019Institut national du patrimoine (INP) dans le processus d\u2019\u00e9laboration de l\u2019inscription \u00e0 l\u2019Unesco, et avec d\u2019autres organismes.<\/p>\n\n\n\n<h2 class=\"wp-block-heading\">Le ciel, l&rsquo;eau, la terre, les hommes\u2026<\/h2>\n\n\n\n<p>Certes, Djerba baigne dans son environnement maritime, mais sa dimension continentale ne saurait \u00eatre ignor\u00e9e, d\u2019o\u00f9 ce charmant clin d\u2019\u0153il lanc\u00e9, \u00e0 la fin du manuel, \u00e0 la Destination Dahar\u00ae, devanci\u00e8re en la mati\u00e8re et produit d\u2019un autre partenariat fructueux \u00e9tabli dans le m\u00eame contexte, entre Swisscontact et la F\u00e9d\u00e9ration tourisme authentique Destination Dahar, l\u2019organisme de la gestion \u00abDestination Dahar\u00ae\u00bb.<\/p>\n\n\n\n<p><strong><em>Communiqu\u00e9<\/em><\/strong>.<\/p>\n","protected":false},"excerpt":{"rendered":"<p>L\u2019Association de sauvegarde de l\u2019\u00eele de Djerba (Assidje) et le DMO Djerba annoncent la parution du nouveau \u00ab\u00a0Guide culturel et touristique de Djerba\u00a0\u00bb, une invitation \u00e0 la red\u00e9couverte de ce site plusieurs fois mill\u00e9naire, r\u00e9alis\u00e9 gr\u00e2ce au soutien financier du Secr\u00e9tariat d\u2019\u00c9tat \u00e0 l\u2019\u00e9conomie suisse (Seco), dans le cadre d\u2019un projet conduit avec le minist\u00e8re&#8230;<\/p>\n","protected":false},"author":8,"featured_media":357061,"comment_status":"open","ping_status":"open","sticky":false,"template":"","format":"standard","meta":{"footnotes":""},"categories":[994,2433],"tags":[11877,92213,92219,92217,92215,2394,6941,92216,92218,92214,1068],"class_list":["post-357060","post","type-post","status-publish","format-standard","has-post-thumbnail","hentry","category-culture","category-tunisie","tag-assidje","tag-dmo-djerba","tag-fehmine","tag-mezrane","tag-mosquees-troglodytiques","tag-ontt","tag-seco","tag-sedouikech-2","tag-sidi-yati","tag-swisscontact","tag-unesco"],"yoast_head":"<!-- This site is optimized with the Yoast SEO plugin v26.6 - https:\/\/yoast.com\/wordpress\/plugins\/seo\/ -->\n<title>Vient de para\u00eetre : Une invitation \u00e0 red\u00e9couvrir Djerba l&#039;\u00e9ternelle - Kapitalis<\/title>\n<meta name=\"robots\" content=\"index, follow, max-snippet:-1, max-image-preview:large, max-video-preview:-1\" \/>\n<link rel=\"canonical\" href=\"https:\/\/kapitalis.com\/tunisie\/2021\/07\/23\/vient-de-paraitre-une-invitation-a-redecouvrir-djerba-leternelle\/\" \/>\n<meta property=\"og:locale\" content=\"fr_FR\" \/>\n<meta property=\"og:type\" content=\"article\" \/>\n<meta property=\"og:title\" content=\"Vient de para\u00eetre : Une invitation \u00e0 red\u00e9couvrir Djerba l&#039;\u00e9ternelle - Kapitalis\" \/>\n<meta property=\"og:description\" content=\"L\u2019Association de sauvegarde de l\u2019\u00eele de Djerba (Assidje) et le DMO Djerba annoncent la parution du nouveau \u00ab\u00a0Guide culturel et touristique de Djerba\u00a0\u00bb, une invitation \u00e0 la red\u00e9couverte de ce site plusieurs fois mill\u00e9naire, r\u00e9alis\u00e9 gr\u00e2ce au soutien financier du Secr\u00e9tariat d\u2019\u00c9tat \u00e0 l\u2019\u00e9conomie suisse (Seco), dans le cadre d\u2019un projet conduit avec le minist\u00e8re...\" \/>\n<meta property=\"og:url\" content=\"https:\/\/kapitalis.com\/tunisie\/2021\/07\/23\/vient-de-paraitre-une-invitation-a-redecouvrir-djerba-leternelle\/\" \/>\n<meta property=\"og:site_name\" content=\"Kapitalis\" \/>\n<meta property=\"article:publisher\" content=\"https:\/\/www.facebook.com\/KapitalisInfo\/\" \/>\n<meta property=\"article:published_time\" content=\"2021-07-23T09:43:09+00:00\" \/>\n<meta property=\"article:modified_time\" content=\"2021-07-23T09:44:36+00:00\" \/>\n<meta property=\"og:image\" content=\"https:\/\/kapitalis.com\/tunisie\/wp-content\/uploads\/2022\/05\/kapitalis-logo-fb.png\" \/>\n\t<meta property=\"og:image:width\" content=\"1200\" \/>\n\t<meta property=\"og:image:height\" content=\"630\" \/>\n\t<meta property=\"og:image:type\" content=\"image\/png\" \/>\n<meta name=\"author\" content=\"webmaster kapitalis\" \/>\n<meta name=\"twitter:card\" content=\"summary_large_image\" \/>\n<meta name=\"twitter:creator\" content=\"@KapitalisInfo\" \/>\n<meta name=\"twitter:site\" content=\"@KapitalisInfo\" \/>\n<meta name=\"twitter:label1\" content=\"\u00c9crit par\" \/>\n\t<meta name=\"twitter:data1\" content=\"webmaster kapitalis\" \/>\n\t<meta name=\"twitter:label2\" content=\"Dur\u00e9e de lecture estim\u00e9e\" \/>\n\t<meta name=\"twitter:data2\" content=\"2 minutes\" \/>\n<script type=\"application\/ld+json\" class=\"yoast-schema-graph\">{\"@context\":\"https:\/\/schema.org\",\"@graph\":[{\"@type\":\"Article\",\"@id\":\"https:\/\/kapitalis.com\/tunisie\/2021\/07\/23\/vient-de-paraitre-une-invitation-a-redecouvrir-djerba-leternelle\/#article\",\"isPartOf\":{\"@id\":\"https:\/\/kapitalis.com\/tunisie\/2021\/07\/23\/vient-de-paraitre-une-invitation-a-redecouvrir-djerba-leternelle\/\"},\"author\":{\"name\":\"webmaster kapitalis\",\"@id\":\"https:\/\/kapitalis.com\/tunisie\/#\/schema\/person\/d71f33a9ca44f7bad4698210b480c8e9\"},\"headline\":\"Vient de para\u00eetre : Une invitation \u00e0 red\u00e9couvrir Djerba l&rsquo;\u00e9ternelle\",\"datePublished\":\"2021-07-23T09:43:09+00:00\",\"dateModified\":\"2021-07-23T09:44:36+00:00\",\"mainEntityOfPage\":{\"@id\":\"https:\/\/kapitalis.com\/tunisie\/2021\/07\/23\/vient-de-paraitre-une-invitation-a-redecouvrir-djerba-leternelle\/\"},\"wordCount\":466,\"commentCount\":3,\"publisher\":{\"@id\":\"https:\/\/kapitalis.com\/tunisie\/#organization\"},\"image\":{\"@id\":\"https:\/\/kapitalis.com\/tunisie\/2021\/07\/23\/vient-de-paraitre-une-invitation-a-redecouvrir-djerba-leternelle\/#primaryimage\"},\"thumbnailUrl\":\"\",\"keywords\":[\"Assidje\",\"DMO Djerba\",\"Fehmine\",\"Mezrane\",\"mosqu\u00e9es troglodytiques\",\"ONTT\",\"Seco\",\"S\u00e9douikech\",\"Sidi Yati\",\"Swisscontact\",\"Unesco\"],\"articleSection\":[\"CULTURE\",\"Tunisie\"],\"inLanguage\":\"fr-FR\",\"potentialAction\":[{\"@type\":\"CommentAction\",\"name\":\"Comment\",\"target\":[\"https:\/\/kapitalis.com\/tunisie\/2021\/07\/23\/vient-de-paraitre-une-invitation-a-redecouvrir-djerba-leternelle\/#respond\"]}]},{\"@type\":\"WebPage\",\"@id\":\"https:\/\/kapitalis.com\/tunisie\/2021\/07\/23\/vient-de-paraitre-une-invitation-a-redecouvrir-djerba-leternelle\/\",\"url\":\"https:\/\/kapitalis.com\/tunisie\/2021\/07\/23\/vient-de-paraitre-une-invitation-a-redecouvrir-djerba-leternelle\/\",\"name\":\"Vient de para\u00eetre : Une invitation \u00e0 red\u00e9couvrir Djerba l'\u00e9ternelle - Kapitalis\",\"isPartOf\":{\"@id\":\"https:\/\/kapitalis.com\/tunisie\/#website\"},\"primaryImageOfPage\":{\"@id\":\"https:\/\/kapitalis.com\/tunisie\/2021\/07\/23\/vient-de-paraitre-une-invitation-a-redecouvrir-djerba-leternelle\/#primaryimage\"},\"image\":{\"@id\":\"https:\/\/kapitalis.com\/tunisie\/2021\/07\/23\/vient-de-paraitre-une-invitation-a-redecouvrir-djerba-leternelle\/#primaryimage\"},\"thumbnailUrl\":\"\",\"datePublished\":\"2021-07-23T09:43:09+00:00\",\"dateModified\":\"2021-07-23T09:44:36+00:00\",\"breadcrumb\":{\"@id\":\"https:\/\/kapitalis.com\/tunisie\/2021\/07\/23\/vient-de-paraitre-une-invitation-a-redecouvrir-djerba-leternelle\/#breadcrumb\"},\"inLanguage\":\"fr-FR\",\"potentialAction\":[{\"@type\":\"ReadAction\",\"target\":[\"https:\/\/kapitalis.com\/tunisie\/2021\/07\/23\/vient-de-paraitre-une-invitation-a-redecouvrir-djerba-leternelle\/\"]}]},{\"@type\":\"ImageObject\",\"inLanguage\":\"fr-FR\",\"@id\":\"https:\/\/kapitalis.com\/tunisie\/2021\/07\/23\/vient-de-paraitre-une-invitation-a-redecouvrir-djerba-leternelle\/#primaryimage\",\"url\":\"\",\"contentUrl\":\"\"},{\"@type\":\"BreadcrumbList\",\"@id\":\"https:\/\/kapitalis.com\/tunisie\/2021\/07\/23\/vient-de-paraitre-une-invitation-a-redecouvrir-djerba-leternelle\/#breadcrumb\",\"itemListElement\":[{\"@type\":\"ListItem\",\"position\":1,\"name\":\"Accueil\",\"item\":\"https:\/\/kapitalis.com\/tunisie\/\"},{\"@type\":\"ListItem\",\"position\":2,\"name\":\"Vient de para\u00eetre : Une invitation \u00e0 red\u00e9couvrir Djerba l&rsquo;\u00e9ternelle\"}]},{\"@type\":\"WebSite\",\"@id\":\"https:\/\/kapitalis.com\/tunisie\/#website\",\"url\":\"https:\/\/kapitalis.com\/tunisie\/\",\"name\":\"Kapitalis\",\"description\":\"L&#039;actualit\u00e9 en Tunisie et dans le monde\",\"publisher\":{\"@id\":\"https:\/\/kapitalis.com\/tunisie\/#organization\"},\"potentialAction\":[{\"@type\":\"SearchAction\",\"target\":{\"@type\":\"EntryPoint\",\"urlTemplate\":\"https:\/\/kapitalis.com\/tunisie\/?s={search_term_string}\"},\"query-input\":{\"@type\":\"PropertyValueSpecification\",\"valueRequired\":true,\"valueName\":\"search_term_string\"}}],\"inLanguage\":\"fr-FR\"},{\"@type\":\"Organization\",\"@id\":\"https:\/\/kapitalis.com\/tunisie\/#organization\",\"name\":\"Kapitalis\",\"url\":\"https:\/\/kapitalis.com\/tunisie\/\",\"logo\":{\"@type\":\"ImageObject\",\"inLanguage\":\"fr-FR\",\"@id\":\"https:\/\/kapitalis.com\/tunisie\/#\/schema\/logo\/image\/\",\"url\":\"https:\/\/kapitalis.com\/tunisie\/wp-content\/uploads\/2022\/05\/Kapitalis-big-size.png\",\"contentUrl\":\"https:\/\/kapitalis.com\/tunisie\/wp-content\/uploads\/2022\/05\/Kapitalis-big-size.png\",\"width\":5000,\"height\":1500,\"caption\":\"Kapitalis\"},\"image\":{\"@id\":\"https:\/\/kapitalis.com\/tunisie\/#\/schema\/logo\/image\/\"},\"sameAs\":[\"https:\/\/www.facebook.com\/KapitalisInfo\/\",\"https:\/\/x.com\/KapitalisInfo\",\"https:\/\/www.youtube.com\/channel\/UC-yDYrHyfFBWWZaOw3FPg9Q\"]},{\"@type\":\"Person\",\"@id\":\"https:\/\/kapitalis.com\/tunisie\/#\/schema\/person\/d71f33a9ca44f7bad4698210b480c8e9\",\"name\":\"webmaster kapitalis\",\"url\":\"https:\/\/kapitalis.com\/tunisie\/author\/webmaster-kapitalis\/\"}]}<\/script>\n<!-- \/ Yoast SEO plugin. -->","yoast_head_json":{"title":"Vient de para\u00eetre : Une invitation \u00e0 red\u00e9couvrir Djerba l'\u00e9ternelle - Kapitalis","robots":{"index":"index","follow":"follow","max-snippet":"max-snippet:-1","max-image-preview":"max-image-preview:large","max-video-preview":"max-video-preview:-1"},"canonical":"https:\/\/kapitalis.com\/tunisie\/2021\/07\/23\/vient-de-paraitre-une-invitation-a-redecouvrir-djerba-leternelle\/","og_locale":"fr_FR","og_type":"article","og_title":"Vient de para\u00eetre : Une invitation \u00e0 red\u00e9couvrir Djerba l'\u00e9ternelle - Kapitalis","og_description":"L\u2019Association de sauvegarde de l\u2019\u00eele de Djerba (Assidje) et le DMO Djerba annoncent la parution du nouveau \u00ab\u00a0Guide culturel et touristique de Djerba\u00a0\u00bb, une invitation \u00e0 la red\u00e9couverte de ce site plusieurs fois mill\u00e9naire, r\u00e9alis\u00e9 gr\u00e2ce au soutien financier du Secr\u00e9tariat d\u2019\u00c9tat \u00e0 l\u2019\u00e9conomie suisse (Seco), dans le cadre d\u2019un projet conduit avec le minist\u00e8re...","og_url":"https:\/\/kapitalis.com\/tunisie\/2021\/07\/23\/vient-de-paraitre-une-invitation-a-redecouvrir-djerba-leternelle\/","og_site_name":"Kapitalis","article_publisher":"https:\/\/www.facebook.com\/KapitalisInfo\/","article_published_time":"2021-07-23T09:43:09+00:00","article_modified_time":"2021-07-23T09:44:36+00:00","og_image":[{"width":1200,"height":630,"url":"https:\/\/kapitalis.com\/tunisie\/wp-content\/uploads\/2022\/05\/kapitalis-logo-fb.png","type":"image\/png"}],"author":"webmaster kapitalis","twitter_card":"summary_large_image","twitter_creator":"@KapitalisInfo","twitter_site":"@KapitalisInfo","twitter_misc":{"\u00c9crit par":"webmaster kapitalis","Dur\u00e9e de lecture estim\u00e9e":"2 minutes"},"schema":{"@context":"https:\/\/schema.org","@graph":[{"@type":"Article","@id":"https:\/\/kapitalis.com\/tunisie\/2021\/07\/23\/vient-de-paraitre-une-invitation-a-redecouvrir-djerba-leternelle\/#article","isPartOf":{"@id":"https:\/\/kapitalis.com\/tunisie\/2021\/07\/23\/vient-de-paraitre-une-invitation-a-redecouvrir-djerba-leternelle\/"},"author":{"name":"webmaster kapitalis","@id":"https:\/\/kapitalis.com\/tunisie\/#\/schema\/person\/d71f33a9ca44f7bad4698210b480c8e9"},"headline":"Vient de para\u00eetre : Une invitation \u00e0 red\u00e9couvrir Djerba l&rsquo;\u00e9ternelle","datePublished":"2021-07-23T09:43:09+00:00","dateModified":"2021-07-23T09:44:36+00:00","mainEntityOfPage":{"@id":"https:\/\/kapitalis.com\/tunisie\/2021\/07\/23\/vient-de-paraitre-une-invitation-a-redecouvrir-djerba-leternelle\/"},"wordCount":466,"commentCount":3,"publisher":{"@id":"https:\/\/kapitalis.com\/tunisie\/#organization"},"image":{"@id":"https:\/\/kapitalis.com\/tunisie\/2021\/07\/23\/vient-de-paraitre-une-invitation-a-redecouvrir-djerba-leternelle\/#primaryimage"},"thumbnailUrl":"","keywords":["Assidje","DMO Djerba","Fehmine","Mezrane","mosqu\u00e9es troglodytiques","ONTT","Seco","S\u00e9douikech","Sidi Yati","Swisscontact","Unesco"],"articleSection":["CULTURE","Tunisie"],"inLanguage":"fr-FR","potentialAction":[{"@type":"CommentAction","name":"Comment","target":["https:\/\/kapitalis.com\/tunisie\/2021\/07\/23\/vient-de-paraitre-une-invitation-a-redecouvrir-djerba-leternelle\/#respond"]}]},{"@type":"WebPage","@id":"https:\/\/kapitalis.com\/tunisie\/2021\/07\/23\/vient-de-paraitre-une-invitation-a-redecouvrir-djerba-leternelle\/","url":"https:\/\/kapitalis.com\/tunisie\/2021\/07\/23\/vient-de-paraitre-une-invitation-a-redecouvrir-djerba-leternelle\/","name":"Vient de para\u00eetre : Une invitation \u00e0 red\u00e9couvrir Djerba l'\u00e9ternelle - Kapitalis","isPartOf":{"@id":"https:\/\/kapitalis.com\/tunisie\/#website"},"primaryImageOfPage":{"@id":"https:\/\/kapitalis.com\/tunisie\/2021\/07\/23\/vient-de-paraitre-une-invitation-a-redecouvrir-djerba-leternelle\/#primaryimage"},"image":{"@id":"https:\/\/kapitalis.com\/tunisie\/2021\/07\/23\/vient-de-paraitre-une-invitation-a-redecouvrir-djerba-leternelle\/#primaryimage"},"thumbnailUrl":"","datePublished":"2021-07-23T09:43:09+00:00","dateModified":"2021-07-23T09:44:36+00:00","breadcrumb":{"@id":"https:\/\/kapitalis.com\/tunisie\/2021\/07\/23\/vient-de-paraitre-une-invitation-a-redecouvrir-djerba-leternelle\/#breadcrumb"},"inLanguage":"fr-FR","potentialAction":[{"@type":"ReadAction","target":["https:\/\/kapitalis.com\/tunisie\/2021\/07\/23\/vient-de-paraitre-une-invitation-a-redecouvrir-djerba-leternelle\/"]}]},{"@type":"ImageObject","inLanguage":"fr-FR","@id":"https:\/\/kapitalis.com\/tunisie\/2021\/07\/23\/vient-de-paraitre-une-invitation-a-redecouvrir-djerba-leternelle\/#primaryimage","url":"","contentUrl":""},{"@type":"BreadcrumbList","@id":"https:\/\/kapitalis.com\/tunisie\/2021\/07\/23\/vient-de-paraitre-une-invitation-a-redecouvrir-djerba-leternelle\/#breadcrumb","itemListElement":[{"@type":"ListItem","position":1,"name":"Accueil","item":"https:\/\/kapitalis.com\/tunisie\/"},{"@type":"ListItem","position":2,"name":"Vient de para\u00eetre : Une invitation \u00e0 red\u00e9couvrir Djerba l&rsquo;\u00e9ternelle"}]},{"@type":"WebSite","@id":"https:\/\/kapitalis.com\/tunisie\/#website","url":"https:\/\/kapitalis.com\/tunisie\/","name":"Kapitalis","description":"L&#039;actualit\u00e9 en Tunisie et dans le monde","publisher":{"@id":"https:\/\/kapitalis.com\/tunisie\/#organization"},"potentialAction":[{"@type":"SearchAction","target":{"@type":"EntryPoint","urlTemplate":"https:\/\/kapitalis.com\/tunisie\/?s={search_term_string}"},"query-input":{"@type":"PropertyValueSpecification","valueRequired":true,"valueName":"search_term_string"}}],"inLanguage":"fr-FR"},{"@type":"Organization","@id":"https:\/\/kapitalis.com\/tunisie\/#organization","name":"Kapitalis","url":"https:\/\/kapitalis.com\/tunisie\/","logo":{"@type":"ImageObject","inLanguage":"fr-FR","@id":"https:\/\/kapitalis.com\/tunisie\/#\/schema\/logo\/image\/","url":"https:\/\/kapitalis.com\/tunisie\/wp-content\/uploads\/2022\/05\/Kapitalis-big-size.png","contentUrl":"https:\/\/kapitalis.com\/tunisie\/wp-content\/uploads\/2022\/05\/Kapitalis-big-size.png","width":5000,"height":1500,"caption":"Kapitalis"},"image":{"@id":"https:\/\/kapitalis.com\/tunisie\/#\/schema\/logo\/image\/"},"sameAs":["https:\/\/www.facebook.com\/KapitalisInfo\/","https:\/\/x.com\/KapitalisInfo","https:\/\/www.youtube.com\/channel\/UC-yDYrHyfFBWWZaOw3FPg9Q"]},{"@type":"Person","@id":"https:\/\/kapitalis.com\/tunisie\/#\/schema\/person\/d71f33a9ca44f7bad4698210b480c8e9","name":"webmaster kapitalis","url":"https:\/\/kapitalis.com\/tunisie\/author\/webmaster-kapitalis\/"}]}},"_links":{"self":[{"href":"https:\/\/kapitalis.com\/tunisie\/wp-json\/wp\/v2\/posts\/357060","targetHints":{"allow":["GET"]}}],"collection":[{"href":"https:\/\/kapitalis.com\/tunisie\/wp-json\/wp\/v2\/posts"}],"about":[{"href":"https:\/\/kapitalis.com\/tunisie\/wp-json\/wp\/v2\/types\/post"}],"author":[{"embeddable":true,"href":"https:\/\/kapitalis.com\/tunisie\/wp-json\/wp\/v2\/users\/8"}],"replies":[{"embeddable":true,"href":"https:\/\/kapitalis.com\/tunisie\/wp-json\/wp\/v2\/comments?post=357060"}],"version-history":[{"count":0,"href":"https:\/\/kapitalis.com\/tunisie\/wp-json\/wp\/v2\/posts\/357060\/revisions"}],"wp:featuredmedia":[{"embeddable":true,"href":"https:\/\/kapitalis.com\/tunisie\/wp-json\/wp\/v2\/media\/357061"}],"wp:attachment":[{"href":"https:\/\/kapitalis.com\/tunisie\/wp-json\/wp\/v2\/media?parent=357060"}],"wp:term":[{"taxonomy":"category","embeddable":true,"href":"https:\/\/kapitalis.com\/tunisie\/wp-json\/wp\/v2\/categories?post=357060"},{"taxonomy":"post_tag","embeddable":true,"href":"https:\/\/kapitalis.com\/tunisie\/wp-json\/wp\/v2\/tags?post=357060"}],"curies":[{"name":"wp","href":"https:\/\/api.w.org\/{rel}","templated":true}]}}