{"id":357159,"date":"2021-07-24T16:51:02","date_gmt":"2021-07-24T15:51:02","guid":{"rendered":"http:\/\/kapitalis.com\/tunisie\/?p=357159"},"modified":"2021-07-24T16:56:03","modified_gmt":"2021-07-24T15:56:03","slug":"solidarite-covid-la-tunisie-recoit-de-nouvelles-aides-de-litalie-de-la-belgique-et-du-portugal-photos","status":"publish","type":"post","link":"https:\/\/kapitalis.com\/tunisie\/2021\/07\/24\/solidarite-covid-la-tunisie-recoit-de-nouvelles-aides-de-litalie-de-la-belgique-et-du-portugal-photos\/","title":{"rendered":"Solidarit\u00e9 Covid : La Tunisie re\u00e7oit de nouvelles aides de l&rsquo;Italie, de la Belgique et du Portugal (Photos)"},"content":{"rendered":"\n<div class=\"wp-block-image\"><figure class=\"aligncenter size-large\"><img decoding=\"async\" src=\"http:\/\/kapitalis.com\/tunisie\/wp-content\/uploads\/2021\/07\/Aides-Tunisie-Covid.jpg\" alt=\"\" class=\"wp-image-357162\"\/><\/figure><\/div>\n\n\n\n<p><strong><em>Les aides internationales continuent \u00e0 affluer en Tunisie, qui fait face \u00e0 une vague sans pr\u00e9c\u00e9dent de la pand\u00e9mie du coronavirus : aujourd&rsquo;hui, samedi 24 juillet 2021, la pr\u00e9sidence a annonc\u00e9 la r\u00e9ception de concentrateurs d&rsquo;oxyg\u00e8ne, d&rsquo;\u00e9quipements m\u00e9dicaux et de vaccins, en provenance de l&rsquo;Italie, de la Belgique et du Portugal.<\/em><\/strong><\/p>\n\n\n\n<!--more-->\n\n\n\n<p>La pr\u00e9sidence de la r\u00e9publique a ainsi annonc\u00e9 que la Tunisie a re\u00e7u 150.000 doses du vaccin contre le coronavirus et des \u00e9quipements m\u00e9dicaux offerts par la Belgique, ainsi que d&rsquo;autres aides m\u00e9dicales envoy\u00e9es par le Portugal, tout en remerciant ces pays de leur solidarit\u00e9 et leur engagement dans le cadre du soutien international \u00e0 la Tunisie, dans sa lutte contre la pand\u00e9mie, et qui consolide les relations \u00e9troites d&rsquo;amiti\u00e9 et de coop\u00e9ration.<\/p>\n\n\n\n<figure class=\"wp-block-gallery columns-2 is-cropped wp-block-gallery-1 is-layout-flex wp-block-gallery-is-layout-flex\"><ul class=\"blocks-gallery-grid\"><li class=\"blocks-gallery-item\"><figure><img decoding=\"async\" src=\"http:\/\/kapitalis.com\/tunisie\/wp-content\/uploads\/2021\/07\/bel.jpg\" alt=\"\" data-id=\"357163\" data-full-url=\"http:\/\/kapitalis.com\/tunisie\/wp-content\/uploads\/2021\/07\/bel.jpg\" data-link=\"http:\/\/kapitalis.com\/tunisie\/?attachment_id=357163\" class=\"wp-image-357163\"\/><\/figure><\/li><li class=\"blocks-gallery-item\"><figure><img decoding=\"async\" src=\"http:\/\/kapitalis.com\/tunisie\/wp-content\/uploads\/2021\/07\/Portugal2-1024x683.jpg\" alt=\"\" data-id=\"357164\" data-full-url=\"http:\/\/kapitalis.com\/tunisie\/wp-content\/uploads\/2021\/07\/Portugal2.jpg\" data-link=\"http:\/\/kapitalis.com\/tunisie\/?attachment_id=357164\" class=\"wp-image-357164\"\/><\/figure><\/li><li class=\"blocks-gallery-item\"><figure><img decoding=\"async\" src=\"http:\/\/kapitalis.com\/tunisie\/wp-content\/uploads\/2021\/07\/Portugal1-1024x706.jpg\" alt=\"\" data-id=\"357165\" data-full-url=\"http:\/\/kapitalis.com\/tunisie\/wp-content\/uploads\/2021\/07\/Portugal1.jpg\" data-link=\"http:\/\/kapitalis.com\/tunisie\/?attachment_id=357165\" class=\"wp-image-357165\"\/><\/figure><\/li><li class=\"blocks-gallery-item\"><figure><img decoding=\"async\" src=\"http:\/\/kapitalis.com\/tunisie\/wp-content\/uploads\/2021\/07\/Portugal.jpg\" alt=\"\" data-id=\"357166\" data-full-url=\"http:\/\/kapitalis.com\/tunisie\/wp-content\/uploads\/2021\/07\/Portugal.jpg\" data-link=\"http:\/\/kapitalis.com\/tunisie\/?attachment_id=357166\" class=\"wp-image-357166\"\/><\/figure><\/li><li class=\"blocks-gallery-item\"><figure><img decoding=\"async\" src=\"http:\/\/kapitalis.com\/tunisie\/wp-content\/uploads\/2021\/07\/p5-1024x681.jpg\" alt=\"\" data-id=\"357167\" data-full-url=\"http:\/\/kapitalis.com\/tunisie\/wp-content\/uploads\/2021\/07\/p5.jpg\" data-link=\"http:\/\/kapitalis.com\/tunisie\/?attachment_id=357167\" class=\"wp-image-357167\"\/><\/figure><\/li><li class=\"blocks-gallery-item\"><figure><img decoding=\"async\" src=\"http:\/\/kapitalis.com\/tunisie\/wp-content\/uploads\/2021\/07\/p4-1024x659.jpg\" alt=\"\" data-id=\"357168\" data-full-url=\"http:\/\/kapitalis.com\/tunisie\/wp-content\/uploads\/2021\/07\/p4.jpg\" data-link=\"http:\/\/kapitalis.com\/tunisie\/?attachment_id=357168\" class=\"wp-image-357168\"\/><\/figure><\/li><li class=\"blocks-gallery-item\"><figure><img decoding=\"async\" src=\"http:\/\/kapitalis.com\/tunisie\/wp-content\/uploads\/2021\/07\/p3-1024x683.jpg\" alt=\"\" data-id=\"357170\" data-full-url=\"http:\/\/kapitalis.com\/tunisie\/wp-content\/uploads\/2021\/07\/p3.jpg\" data-link=\"http:\/\/kapitalis.com\/tunisie\/?attachment_id=357170\" class=\"wp-image-357170\"\/><\/figure><\/li><li class=\"blocks-gallery-item\"><figure><img decoding=\"async\" src=\"http:\/\/kapitalis.com\/tunisie\/wp-content\/uploads\/2021\/07\/p1-1024x679.jpg\" alt=\"\" data-id=\"357171\" data-full-url=\"http:\/\/kapitalis.com\/tunisie\/wp-content\/uploads\/2021\/07\/p1.jpg\" data-link=\"http:\/\/kapitalis.com\/tunisie\/?attachment_id=357171\" class=\"wp-image-357171\"\/><\/figure><\/li><\/ul><\/figure>\n\n\n\n<p>Il a \u00e9galement \u00e9t\u00e9 annonc\u00e9, la r\u00e9ception de mat\u00e9riel m\u00e9dical, des concentrateurs d&rsquo;oxyg\u00e8ne et une ambulance \u00e9quip\u00e9e, ainsi qu&rsquo;un premier lot d&rsquo;oxyg\u00e8ne, en provenance d&rsquo;Italie. Un don, qui s&rsquo;inscrit dans le cadre d&rsquo;un initiative citoyenne des Tunisiens de l&rsquo;\u00e9tranger, pour soutenir leur pays et l&rsquo;aider \u00e0 faire face \u00e0 la crise sanitaire.<\/p>\n\n\n\n<p class=\"has-text-align-right\"><strong>Y. N.<\/strong><\/p>\n","protected":false},"excerpt":{"rendered":"<p>Les aides internationales continuent \u00e0 affluer en Tunisie, qui fait face \u00e0 une vague sans pr\u00e9c\u00e9dent de la pand\u00e9mie du coronavirus : aujourd&rsquo;hui, samedi 24 juillet 2021, la pr\u00e9sidence a annonc\u00e9 la r\u00e9ception de concentrateurs d&rsquo;oxyg\u00e8ne, d&rsquo;\u00e9quipements m\u00e9dicaux et de vaccins, en provenance de l&rsquo;Italie, de la Belgique et du Portugal.<\/p>\n","protected":false},"author":6,"featured_media":357162,"comment_status":"open","ping_status":"open","sticky":false,"template":"","format":"standard","meta":{"footnotes":""},"categories":[998,2433],"tags":[78067,138,73060,78820,505,89115,734,62643,8168],"class_list":["post-357159","post","type-post","status-publish","format-standard","has-post-thumbnail","hentry","category-societe","category-tunisie","tag-aides","tag-belgique","tag-coronavirus","tag-covid-2","tag-italie","tag-oxygene","tag-portugal","tag-tunisie","tag-vaccin"],"yoast_head":"<!-- This site is optimized with the Yoast SEO plugin v26.6 - https:\/\/yoast.com\/wordpress\/plugins\/seo\/ -->\n<title>Solidarit\u00e9 Covid : La Tunisie re\u00e7oit de nouvelles aides de l&#039;Italie, de la Belgique et du Portugal (Photos) - Kapitalis<\/title>\n<meta name=\"robots\" content=\"index, follow, max-snippet:-1, max-image-preview:large, max-video-preview:-1\" \/>\n<link rel=\"canonical\" href=\"https:\/\/kapitalis.com\/tunisie\/2021\/07\/24\/solidarite-covid-la-tunisie-recoit-de-nouvelles-aides-de-litalie-de-la-belgique-et-du-portugal-photos\/\" \/>\n<meta property=\"og:locale\" content=\"fr_FR\" \/>\n<meta property=\"og:type\" content=\"article\" \/>\n<meta property=\"og:title\" content=\"Solidarit\u00e9 Covid : La Tunisie re\u00e7oit de nouvelles aides de l&#039;Italie, de la Belgique et du Portugal (Photos) - Kapitalis\" \/>\n<meta property=\"og:description\" content=\"Les aides internationales continuent \u00e0 affluer en Tunisie, qui fait face \u00e0 une vague sans pr\u00e9c\u00e9dent de la pand\u00e9mie du coronavirus : aujourd&rsquo;hui, samedi 24 juillet 2021, la pr\u00e9sidence a annonc\u00e9 la r\u00e9ception de concentrateurs d&rsquo;oxyg\u00e8ne, d&rsquo;\u00e9quipements m\u00e9dicaux et de vaccins, en provenance de l&rsquo;Italie, de la Belgique et du Portugal.\" \/>\n<meta property=\"og:url\" content=\"https:\/\/kapitalis.com\/tunisie\/2021\/07\/24\/solidarite-covid-la-tunisie-recoit-de-nouvelles-aides-de-litalie-de-la-belgique-et-du-portugal-photos\/\" \/>\n<meta property=\"og:site_name\" content=\"Kapitalis\" \/>\n<meta property=\"article:publisher\" content=\"https:\/\/www.facebook.com\/KapitalisInfo\/\" \/>\n<meta property=\"article:published_time\" content=\"2021-07-24T15:51:02+00:00\" \/>\n<meta property=\"article:modified_time\" content=\"2021-07-24T15:56:03+00:00\" \/>\n<meta property=\"og:image\" content=\"https:\/\/kapitalis.com\/tunisie\/wp-content\/uploads\/2022\/05\/kapitalis-logo-fb.png\" \/>\n\t<meta property=\"og:image:width\" content=\"1200\" \/>\n\t<meta property=\"og:image:height\" content=\"630\" \/>\n\t<meta property=\"og:image:type\" content=\"image\/png\" \/>\n<meta name=\"author\" content=\"Yusra NY\" \/>\n<meta name=\"twitter:card\" content=\"summary_large_image\" \/>\n<meta name=\"twitter:creator\" content=\"@KapitalisInfo\" \/>\n<meta name=\"twitter:site\" content=\"@KapitalisInfo\" \/>\n<meta name=\"twitter:label1\" content=\"\u00c9crit par\" \/>\n\t<meta name=\"twitter:data1\" content=\"Yusra NY\" \/>\n\t<meta name=\"twitter:label2\" content=\"Dur\u00e9e de lecture estim\u00e9e\" \/>\n\t<meta name=\"twitter:data2\" content=\"1 minute\" \/>\n<script type=\"application\/ld+json\" class=\"yoast-schema-graph\">{\"@context\":\"https:\/\/schema.org\",\"@graph\":[{\"@type\":\"Article\",\"@id\":\"https:\/\/kapitalis.com\/tunisie\/2021\/07\/24\/solidarite-covid-la-tunisie-recoit-de-nouvelles-aides-de-litalie-de-la-belgique-et-du-portugal-photos\/#article\",\"isPartOf\":{\"@id\":\"https:\/\/kapitalis.com\/tunisie\/2021\/07\/24\/solidarite-covid-la-tunisie-recoit-de-nouvelles-aides-de-litalie-de-la-belgique-et-du-portugal-photos\/\"},\"author\":{\"name\":\"Yusra NY\",\"@id\":\"https:\/\/kapitalis.com\/tunisie\/#\/schema\/person\/74bbde0154d49d790a92aaeac5bc01d5\"},\"headline\":\"Solidarit\u00e9 Covid : La Tunisie re\u00e7oit de nouvelles aides de l&rsquo;Italie, de la Belgique et du Portugal (Photos)\",\"datePublished\":\"2021-07-24T15:51:02+00:00\",\"dateModified\":\"2021-07-24T15:56:03+00:00\",\"mainEntityOfPage\":{\"@id\":\"https:\/\/kapitalis.com\/tunisie\/2021\/07\/24\/solidarite-covid-la-tunisie-recoit-de-nouvelles-aides-de-litalie-de-la-belgique-et-du-portugal-photos\/\"},\"wordCount\":210,\"commentCount\":5,\"publisher\":{\"@id\":\"https:\/\/kapitalis.com\/tunisie\/#organization\"},\"image\":{\"@id\":\"https:\/\/kapitalis.com\/tunisie\/2021\/07\/24\/solidarite-covid-la-tunisie-recoit-de-nouvelles-aides-de-litalie-de-la-belgique-et-du-portugal-photos\/#primaryimage\"},\"thumbnailUrl\":\"\",\"keywords\":[\"aides\",\"Belgique\",\"Coronavirus\",\"covid\",\"Italie\",\"oxyg\u00e8ne\",\"Portugal\",\"Tunisie\",\"vaccin\"],\"articleSection\":[\"SOCIETE\",\"Tunisie\"],\"inLanguage\":\"fr-FR\",\"potentialAction\":[{\"@type\":\"CommentAction\",\"name\":\"Comment\",\"target\":[\"https:\/\/kapitalis.com\/tunisie\/2021\/07\/24\/solidarite-covid-la-tunisie-recoit-de-nouvelles-aides-de-litalie-de-la-belgique-et-du-portugal-photos\/#respond\"]}]},{\"@type\":\"WebPage\",\"@id\":\"https:\/\/kapitalis.com\/tunisie\/2021\/07\/24\/solidarite-covid-la-tunisie-recoit-de-nouvelles-aides-de-litalie-de-la-belgique-et-du-portugal-photos\/\",\"url\":\"https:\/\/kapitalis.com\/tunisie\/2021\/07\/24\/solidarite-covid-la-tunisie-recoit-de-nouvelles-aides-de-litalie-de-la-belgique-et-du-portugal-photos\/\",\"name\":\"Solidarit\u00e9 Covid : La Tunisie re\u00e7oit de nouvelles aides de l'Italie, de la Belgique et du Portugal (Photos) - Kapitalis\",\"isPartOf\":{\"@id\":\"https:\/\/kapitalis.com\/tunisie\/#website\"},\"primaryImageOfPage\":{\"@id\":\"https:\/\/kapitalis.com\/tunisie\/2021\/07\/24\/solidarite-covid-la-tunisie-recoit-de-nouvelles-aides-de-litalie-de-la-belgique-et-du-portugal-photos\/#primaryimage\"},\"image\":{\"@id\":\"https:\/\/kapitalis.com\/tunisie\/2021\/07\/24\/solidarite-covid-la-tunisie-recoit-de-nouvelles-aides-de-litalie-de-la-belgique-et-du-portugal-photos\/#primaryimage\"},\"thumbnailUrl\":\"\",\"datePublished\":\"2021-07-24T15:51:02+00:00\",\"dateModified\":\"2021-07-24T15:56:03+00:00\",\"breadcrumb\":{\"@id\":\"https:\/\/kapitalis.com\/tunisie\/2021\/07\/24\/solidarite-covid-la-tunisie-recoit-de-nouvelles-aides-de-litalie-de-la-belgique-et-du-portugal-photos\/#breadcrumb\"},\"inLanguage\":\"fr-FR\",\"potentialAction\":[{\"@type\":\"ReadAction\",\"target\":[\"https:\/\/kapitalis.com\/tunisie\/2021\/07\/24\/solidarite-covid-la-tunisie-recoit-de-nouvelles-aides-de-litalie-de-la-belgique-et-du-portugal-photos\/\"]}]},{\"@type\":\"ImageObject\",\"inLanguage\":\"fr-FR\",\"@id\":\"https:\/\/kapitalis.com\/tunisie\/2021\/07\/24\/solidarite-covid-la-tunisie-recoit-de-nouvelles-aides-de-litalie-de-la-belgique-et-du-portugal-photos\/#primaryimage\",\"url\":\"\",\"contentUrl\":\"\"},{\"@type\":\"BreadcrumbList\",\"@id\":\"https:\/\/kapitalis.com\/tunisie\/2021\/07\/24\/solidarite-covid-la-tunisie-recoit-de-nouvelles-aides-de-litalie-de-la-belgique-et-du-portugal-photos\/#breadcrumb\",\"itemListElement\":[{\"@type\":\"ListItem\",\"position\":1,\"name\":\"Accueil\",\"item\":\"https:\/\/kapitalis.com\/tunisie\/\"},{\"@type\":\"ListItem\",\"position\":2,\"name\":\"Solidarit\u00e9 Covid : La Tunisie re\u00e7oit de nouvelles aides de l&rsquo;Italie, de la Belgique et du Portugal (Photos)\"}]},{\"@type\":\"WebSite\",\"@id\":\"https:\/\/kapitalis.com\/tunisie\/#website\",\"url\":\"https:\/\/kapitalis.com\/tunisie\/\",\"name\":\"Kapitalis\",\"description\":\"L&#039;actualit\u00e9 en Tunisie et dans le monde\",\"publisher\":{\"@id\":\"https:\/\/kapitalis.com\/tunisie\/#organization\"},\"potentialAction\":[{\"@type\":\"SearchAction\",\"target\":{\"@type\":\"EntryPoint\",\"urlTemplate\":\"https:\/\/kapitalis.com\/tunisie\/?s={search_term_string}\"},\"query-input\":{\"@type\":\"PropertyValueSpecification\",\"valueRequired\":true,\"valueName\":\"search_term_string\"}}],\"inLanguage\":\"fr-FR\"},{\"@type\":\"Organization\",\"@id\":\"https:\/\/kapitalis.com\/tunisie\/#organization\",\"name\":\"Kapitalis\",\"url\":\"https:\/\/kapitalis.com\/tunisie\/\",\"logo\":{\"@type\":\"ImageObject\",\"inLanguage\":\"fr-FR\",\"@id\":\"https:\/\/kapitalis.com\/tunisie\/#\/schema\/logo\/image\/\",\"url\":\"https:\/\/kapitalis.com\/tunisie\/wp-content\/uploads\/2022\/05\/Kapitalis-big-size.png\",\"contentUrl\":\"https:\/\/kapitalis.com\/tunisie\/wp-content\/uploads\/2022\/05\/Kapitalis-big-size.png\",\"width\":5000,\"height\":1500,\"caption\":\"Kapitalis\"},\"image\":{\"@id\":\"https:\/\/kapitalis.com\/tunisie\/#\/schema\/logo\/image\/\"},\"sameAs\":[\"https:\/\/www.facebook.com\/KapitalisInfo\/\",\"https:\/\/x.com\/KapitalisInfo\",\"https:\/\/www.youtube.com\/channel\/UC-yDYrHyfFBWWZaOw3FPg9Q\"]},{\"@type\":\"Person\",\"@id\":\"https:\/\/kapitalis.com\/tunisie\/#\/schema\/person\/74bbde0154d49d790a92aaeac5bc01d5\",\"name\":\"Yusra NY\",\"url\":\"https:\/\/kapitalis.com\/tunisie\/author\/yuza_adam\/\"}]}<\/script>\n<!-- \/ Yoast SEO plugin. -->","yoast_head_json":{"title":"Solidarit\u00e9 Covid : La Tunisie re\u00e7oit de nouvelles aides de l'Italie, de la Belgique et du Portugal (Photos) - Kapitalis","robots":{"index":"index","follow":"follow","max-snippet":"max-snippet:-1","max-image-preview":"max-image-preview:large","max-video-preview":"max-video-preview:-1"},"canonical":"https:\/\/kapitalis.com\/tunisie\/2021\/07\/24\/solidarite-covid-la-tunisie-recoit-de-nouvelles-aides-de-litalie-de-la-belgique-et-du-portugal-photos\/","og_locale":"fr_FR","og_type":"article","og_title":"Solidarit\u00e9 Covid : La Tunisie re\u00e7oit de nouvelles aides de l'Italie, de la Belgique et du Portugal (Photos) - Kapitalis","og_description":"Les aides internationales continuent \u00e0 affluer en Tunisie, qui fait face \u00e0 une vague sans pr\u00e9c\u00e9dent de la pand\u00e9mie du coronavirus : aujourd&rsquo;hui, samedi 24 juillet 2021, la pr\u00e9sidence a annonc\u00e9 la r\u00e9ception de concentrateurs d&rsquo;oxyg\u00e8ne, d&rsquo;\u00e9quipements m\u00e9dicaux et de vaccins, en provenance de l&rsquo;Italie, de la Belgique et du Portugal.","og_url":"https:\/\/kapitalis.com\/tunisie\/2021\/07\/24\/solidarite-covid-la-tunisie-recoit-de-nouvelles-aides-de-litalie-de-la-belgique-et-du-portugal-photos\/","og_site_name":"Kapitalis","article_publisher":"https:\/\/www.facebook.com\/KapitalisInfo\/","article_published_time":"2021-07-24T15:51:02+00:00","article_modified_time":"2021-07-24T15:56:03+00:00","og_image":[{"width":1200,"height":630,"url":"https:\/\/kapitalis.com\/tunisie\/wp-content\/uploads\/2022\/05\/kapitalis-logo-fb.png","type":"image\/png"}],"author":"Yusra NY","twitter_card":"summary_large_image","twitter_creator":"@KapitalisInfo","twitter_site":"@KapitalisInfo","twitter_misc":{"\u00c9crit par":"Yusra NY","Dur\u00e9e de lecture estim\u00e9e":"1 minute"},"schema":{"@context":"https:\/\/schema.org","@graph":[{"@type":"Article","@id":"https:\/\/kapitalis.com\/tunisie\/2021\/07\/24\/solidarite-covid-la-tunisie-recoit-de-nouvelles-aides-de-litalie-de-la-belgique-et-du-portugal-photos\/#article","isPartOf":{"@id":"https:\/\/kapitalis.com\/tunisie\/2021\/07\/24\/solidarite-covid-la-tunisie-recoit-de-nouvelles-aides-de-litalie-de-la-belgique-et-du-portugal-photos\/"},"author":{"name":"Yusra NY","@id":"https:\/\/kapitalis.com\/tunisie\/#\/schema\/person\/74bbde0154d49d790a92aaeac5bc01d5"},"headline":"Solidarit\u00e9 Covid : La Tunisie re\u00e7oit de nouvelles aides de l&rsquo;Italie, de la Belgique et du Portugal (Photos)","datePublished":"2021-07-24T15:51:02+00:00","dateModified":"2021-07-24T15:56:03+00:00","mainEntityOfPage":{"@id":"https:\/\/kapitalis.com\/tunisie\/2021\/07\/24\/solidarite-covid-la-tunisie-recoit-de-nouvelles-aides-de-litalie-de-la-belgique-et-du-portugal-photos\/"},"wordCount":210,"commentCount":5,"publisher":{"@id":"https:\/\/kapitalis.com\/tunisie\/#organization"},"image":{"@id":"https:\/\/kapitalis.com\/tunisie\/2021\/07\/24\/solidarite-covid-la-tunisie-recoit-de-nouvelles-aides-de-litalie-de-la-belgique-et-du-portugal-photos\/#primaryimage"},"thumbnailUrl":"","keywords":["aides","Belgique","Coronavirus","covid","Italie","oxyg\u00e8ne","Portugal","Tunisie","vaccin"],"articleSection":["SOCIETE","Tunisie"],"inLanguage":"fr-FR","potentialAction":[{"@type":"CommentAction","name":"Comment","target":["https:\/\/kapitalis.com\/tunisie\/2021\/07\/24\/solidarite-covid-la-tunisie-recoit-de-nouvelles-aides-de-litalie-de-la-belgique-et-du-portugal-photos\/#respond"]}]},{"@type":"WebPage","@id":"https:\/\/kapitalis.com\/tunisie\/2021\/07\/24\/solidarite-covid-la-tunisie-recoit-de-nouvelles-aides-de-litalie-de-la-belgique-et-du-portugal-photos\/","url":"https:\/\/kapitalis.com\/tunisie\/2021\/07\/24\/solidarite-covid-la-tunisie-recoit-de-nouvelles-aides-de-litalie-de-la-belgique-et-du-portugal-photos\/","name":"Solidarit\u00e9 Covid : La Tunisie re\u00e7oit de nouvelles aides de l'Italie, de la Belgique et du Portugal (Photos) - Kapitalis","isPartOf":{"@id":"https:\/\/kapitalis.com\/tunisie\/#website"},"primaryImageOfPage":{"@id":"https:\/\/kapitalis.com\/tunisie\/2021\/07\/24\/solidarite-covid-la-tunisie-recoit-de-nouvelles-aides-de-litalie-de-la-belgique-et-du-portugal-photos\/#primaryimage"},"image":{"@id":"https:\/\/kapitalis.com\/tunisie\/2021\/07\/24\/solidarite-covid-la-tunisie-recoit-de-nouvelles-aides-de-litalie-de-la-belgique-et-du-portugal-photos\/#primaryimage"},"thumbnailUrl":"","datePublished":"2021-07-24T15:51:02+00:00","dateModified":"2021-07-24T15:56:03+00:00","breadcrumb":{"@id":"https:\/\/kapitalis.com\/tunisie\/2021\/07\/24\/solidarite-covid-la-tunisie-recoit-de-nouvelles-aides-de-litalie-de-la-belgique-et-du-portugal-photos\/#breadcrumb"},"inLanguage":"fr-FR","potentialAction":[{"@type":"ReadAction","target":["https:\/\/kapitalis.com\/tunisie\/2021\/07\/24\/solidarite-covid-la-tunisie-recoit-de-nouvelles-aides-de-litalie-de-la-belgique-et-du-portugal-photos\/"]}]},{"@type":"ImageObject","inLanguage":"fr-FR","@id":"https:\/\/kapitalis.com\/tunisie\/2021\/07\/24\/solidarite-covid-la-tunisie-recoit-de-nouvelles-aides-de-litalie-de-la-belgique-et-du-portugal-photos\/#primaryimage","url":"","contentUrl":""},{"@type":"BreadcrumbList","@id":"https:\/\/kapitalis.com\/tunisie\/2021\/07\/24\/solidarite-covid-la-tunisie-recoit-de-nouvelles-aides-de-litalie-de-la-belgique-et-du-portugal-photos\/#breadcrumb","itemListElement":[{"@type":"ListItem","position":1,"name":"Accueil","item":"https:\/\/kapitalis.com\/tunisie\/"},{"@type":"ListItem","position":2,"name":"Solidarit\u00e9 Covid : La Tunisie re\u00e7oit de nouvelles aides de l&rsquo;Italie, de la Belgique et du Portugal (Photos)"}]},{"@type":"WebSite","@id":"https:\/\/kapitalis.com\/tunisie\/#website","url":"https:\/\/kapitalis.com\/tunisie\/","name":"Kapitalis","description":"L&#039;actualit\u00e9 en Tunisie et dans le monde","publisher":{"@id":"https:\/\/kapitalis.com\/tunisie\/#organization"},"potentialAction":[{"@type":"SearchAction","target":{"@type":"EntryPoint","urlTemplate":"https:\/\/kapitalis.com\/tunisie\/?s={search_term_string}"},"query-input":{"@type":"PropertyValueSpecification","valueRequired":true,"valueName":"search_term_string"}}],"inLanguage":"fr-FR"},{"@type":"Organization","@id":"https:\/\/kapitalis.com\/tunisie\/#organization","name":"Kapitalis","url":"https:\/\/kapitalis.com\/tunisie\/","logo":{"@type":"ImageObject","inLanguage":"fr-FR","@id":"https:\/\/kapitalis.com\/tunisie\/#\/schema\/logo\/image\/","url":"https:\/\/kapitalis.com\/tunisie\/wp-content\/uploads\/2022\/05\/Kapitalis-big-size.png","contentUrl":"https:\/\/kapitalis.com\/tunisie\/wp-content\/uploads\/2022\/05\/Kapitalis-big-size.png","width":5000,"height":1500,"caption":"Kapitalis"},"image":{"@id":"https:\/\/kapitalis.com\/tunisie\/#\/schema\/logo\/image\/"},"sameAs":["https:\/\/www.facebook.com\/KapitalisInfo\/","https:\/\/x.com\/KapitalisInfo","https:\/\/www.youtube.com\/channel\/UC-yDYrHyfFBWWZaOw3FPg9Q"]},{"@type":"Person","@id":"https:\/\/kapitalis.com\/tunisie\/#\/schema\/person\/74bbde0154d49d790a92aaeac5bc01d5","name":"Yusra NY","url":"https:\/\/kapitalis.com\/tunisie\/author\/yuza_adam\/"}]}},"_links":{"self":[{"href":"https:\/\/kapitalis.com\/tunisie\/wp-json\/wp\/v2\/posts\/357159","targetHints":{"allow":["GET"]}}],"collection":[{"href":"https:\/\/kapitalis.com\/tunisie\/wp-json\/wp\/v2\/posts"}],"about":[{"href":"https:\/\/kapitalis.com\/tunisie\/wp-json\/wp\/v2\/types\/post"}],"author":[{"embeddable":true,"href":"https:\/\/kapitalis.com\/tunisie\/wp-json\/wp\/v2\/users\/6"}],"replies":[{"embeddable":true,"href":"https:\/\/kapitalis.com\/tunisie\/wp-json\/wp\/v2\/comments?post=357159"}],"version-history":[{"count":0,"href":"https:\/\/kapitalis.com\/tunisie\/wp-json\/wp\/v2\/posts\/357159\/revisions"}],"wp:featuredmedia":[{"embeddable":true,"href":"https:\/\/kapitalis.com\/tunisie\/wp-json\/wp\/v2\/media\/357162"}],"wp:attachment":[{"href":"https:\/\/kapitalis.com\/tunisie\/wp-json\/wp\/v2\/media?parent=357159"}],"wp:term":[{"taxonomy":"category","embeddable":true,"href":"https:\/\/kapitalis.com\/tunisie\/wp-json\/wp\/v2\/categories?post=357159"},{"taxonomy":"post_tag","embeddable":true,"href":"https:\/\/kapitalis.com\/tunisie\/wp-json\/wp\/v2\/tags?post=357159"}],"curies":[{"name":"wp","href":"https:\/\/api.w.org\/{rel}","templated":true}]}}