{"id":357174,"date":"2021-07-24T20:27:59","date_gmt":"2021-07-24T19:27:59","guid":{"rendered":"http:\/\/kapitalis.com\/tunisie\/?p=357174"},"modified":"2021-07-24T20:33:16","modified_gmt":"2021-07-24T19:33:16","slug":"visite-du-president-saied-a-gafsa-des-citoyens-appellent-a-la-dissolution-du-parlement","status":"publish","type":"post","link":"https:\/\/kapitalis.com\/tunisie\/2021\/07\/24\/visite-du-president-saied-a-gafsa-des-citoyens-appellent-a-la-dissolution-du-parlement\/","title":{"rendered":"Visite du pr\u00e9sident Sa\u00efed a Gafsa : Des citoyens appellent \u00e0 la dissolution du parlement"},"content":{"rendered":"\n<div class=\"wp-block-image\"><figure class=\"aligncenter size-large\"><img decoding=\"async\" src=\"http:\/\/kapitalis.com\/tunisie\/wp-content\/uploads\/2021\/07\/Gafsa-saied-visite.jpg\" alt=\"\" class=\"wp-image-357178\"\/><\/figure><\/div>\n\n\n\n<p><strong><em>Le pr\u00e9sident de la r\u00e9publique Ka\u00efs Sa\u00efed s&rsquo;est rendu cet apr\u00e8s-midi, samedi 24 juillet 2021, \u00e0 Gafsa, dans le cadre d&rsquo;une visite sanitaire et afin de s&rsquo;assurer de la mise en place d&rsquo;un h\u00f4pital de campagne dans la r\u00e9gion, d\u00e9di\u00e9 aux patients Covid.<\/em><\/strong> <strong><em>Plusieurs habitants ont profit\u00e9 de ce d\u00e9placement pour faire part au chef de l\u2019\u00c9tat de plusieurs demandes relatives au d\u00e9veloppement r\u00e9gional, et ont \u00e9galement appel\u00e9 \u00e0 la dissolution du parlement.<\/em><\/strong><\/p>\n\n\n\n<!--more-->\n\n\n\n<p>Ainsi des citoyens ont accueilli le pr\u00e9sident Sa\u00efed et lui ont fait part des difficult\u00e9s rencontr\u00e9es \u00e0 Gafsa, des manquements dans les h\u00f4pitaux, o\u00f9 la situation s&rsquo;est aggrav\u00e9e suite \u00e0 la crise sanitaire et notamment le manque de place dans les \u00e9tablissements pour les personnes contamin\u00e9es par le coronavirus.<\/p>\n\n\n\n<p>Ils ont \u00e9galement profit\u00e9 de cette visite pour appeler au d\u00e9veloppement et aussi pour se plaindre  des conditions g\u00e9n\u00e9rales dans la r\u00e9gion, tout en affirmant qu&rsquo;\u00e0 Gafsa, la situation s&rsquo;est d\u00e9t\u00e9rior\u00e9e sur tous les plans ces derni\u00e8res ann\u00e9es.<\/p>\n\n\n\n<p>Les habitants qui se sont rassembl\u00e9s pr\u00e8s de l&rsquo;h\u00f4pital ont appel\u00e9 le pr\u00e9sident de la r\u00e9publique \u00e0 dissoudre le parlement, estimant que l&rsquo;Assembl\u00e9e et les parlementaires sont responsables de la d\u00e9gradation de la situation sociale, \u00e9conomique et sanitaire.<\/p>\n\n\n\n<p>Les manifestants ont \u00e9galement accus\u00e9 les responsables r\u00e9gionaux de manquements et d&rsquo;abus, en affirmant qu&rsquo;ils cherchent \u00e0 cacher la r\u00e9alit\u00e9 aux dirigeants : \u00ab<em>lorsque le ministre de la Sant\u00e9 \u00e9tait venu \u00e0 Gafsa, ils ont pr\u00e9tendu que tout va bien ici, alors que nous ne trouvons pas de lit pour soigner nos proches. Ceux qui ont de l&rsquo;argent s&rsquo;en sortent, les autres peuvent mourir ! L\u2019\u00c9tat vole le peuple et il faut que \u00e7a change maintenant, car nous comptons reprendre nos droits\u00bb<\/em><\/p>\n\n\n\n<p class=\"has-text-align-right\"><strong>Y. N.<\/strong><\/p>\n","protected":false},"excerpt":{"rendered":"<p>Le pr\u00e9sident de la r\u00e9publique Ka\u00efs Sa\u00efed s&rsquo;est rendu cet apr\u00e8s-midi, samedi 24 juillet 2021, \u00e0 Gafsa, dans le cadre d&rsquo;une visite sanitaire et afin de s&rsquo;assurer de la mise en place d&rsquo;un h\u00f4pital de campagne dans la r\u00e9gion, d\u00e9di\u00e9 aux patients Covid. Plusieurs habitants ont profit\u00e9 de ce d\u00e9placement pour faire part au chef&#8230;<\/p>\n","protected":false},"author":6,"featured_media":357178,"comment_status":"open","ping_status":"open","sticky":false,"template":"","format":"standard","meta":{"footnotes":""},"categories":[998,2433],"tags":[78820,275,80941,407,79627,5848,810],"class_list":["post-357174","post","type-post","status-publish","format-standard","has-post-thumbnail","hentry","category-societe","category-tunisie","tag-covid-2","tag-developpement","tag-dissolution-assemblee","tag-gafsa","tag-kais-saied","tag-parlement","tag-sante"],"yoast_head":"<!-- This site is optimized with the Yoast SEO plugin v26.6 - https:\/\/yoast.com\/wordpress\/plugins\/seo\/ -->\n<title>Visite du pr\u00e9sident Sa\u00efed a Gafsa : Des citoyens appellent \u00e0 la dissolution du parlement - Kapitalis<\/title>\n<meta name=\"robots\" content=\"index, follow, max-snippet:-1, max-image-preview:large, max-video-preview:-1\" \/>\n<link rel=\"canonical\" href=\"https:\/\/kapitalis.com\/tunisie\/2021\/07\/24\/visite-du-president-saied-a-gafsa-des-citoyens-appellent-a-la-dissolution-du-parlement\/\" \/>\n<meta property=\"og:locale\" content=\"fr_FR\" \/>\n<meta property=\"og:type\" content=\"article\" \/>\n<meta property=\"og:title\" content=\"Visite du pr\u00e9sident Sa\u00efed a Gafsa : Des citoyens appellent \u00e0 la dissolution du parlement - Kapitalis\" \/>\n<meta property=\"og:description\" content=\"Le pr\u00e9sident de la r\u00e9publique Ka\u00efs Sa\u00efed s&rsquo;est rendu cet apr\u00e8s-midi, samedi 24 juillet 2021, \u00e0 Gafsa, dans le cadre d&rsquo;une visite sanitaire et afin de s&rsquo;assurer de la mise en place d&rsquo;un h\u00f4pital de campagne dans la r\u00e9gion, d\u00e9di\u00e9 aux patients Covid. Plusieurs habitants ont profit\u00e9 de ce d\u00e9placement pour faire part au chef...\" \/>\n<meta property=\"og:url\" content=\"https:\/\/kapitalis.com\/tunisie\/2021\/07\/24\/visite-du-president-saied-a-gafsa-des-citoyens-appellent-a-la-dissolution-du-parlement\/\" \/>\n<meta property=\"og:site_name\" content=\"Kapitalis\" \/>\n<meta property=\"article:publisher\" content=\"https:\/\/www.facebook.com\/KapitalisInfo\/\" \/>\n<meta property=\"article:published_time\" content=\"2021-07-24T19:27:59+00:00\" \/>\n<meta property=\"article:modified_time\" content=\"2021-07-24T19:33:16+00:00\" \/>\n<meta property=\"og:image\" content=\"https:\/\/kapitalis.com\/tunisie\/wp-content\/uploads\/2022\/05\/kapitalis-logo-fb.png\" \/>\n\t<meta property=\"og:image:width\" content=\"1200\" \/>\n\t<meta property=\"og:image:height\" content=\"630\" \/>\n\t<meta property=\"og:image:type\" content=\"image\/png\" \/>\n<meta name=\"author\" content=\"Yusra NY\" \/>\n<meta name=\"twitter:card\" content=\"summary_large_image\" \/>\n<meta name=\"twitter:creator\" content=\"@KapitalisInfo\" \/>\n<meta name=\"twitter:site\" content=\"@KapitalisInfo\" \/>\n<meta name=\"twitter:label1\" content=\"\u00c9crit par\" \/>\n\t<meta name=\"twitter:data1\" content=\"Yusra NY\" \/>\n\t<meta name=\"twitter:label2\" content=\"Dur\u00e9e de lecture estim\u00e9e\" \/>\n\t<meta name=\"twitter:data2\" content=\"2 minutes\" \/>\n<script type=\"application\/ld+json\" class=\"yoast-schema-graph\">{\"@context\":\"https:\/\/schema.org\",\"@graph\":[{\"@type\":\"Article\",\"@id\":\"https:\/\/kapitalis.com\/tunisie\/2021\/07\/24\/visite-du-president-saied-a-gafsa-des-citoyens-appellent-a-la-dissolution-du-parlement\/#article\",\"isPartOf\":{\"@id\":\"https:\/\/kapitalis.com\/tunisie\/2021\/07\/24\/visite-du-president-saied-a-gafsa-des-citoyens-appellent-a-la-dissolution-du-parlement\/\"},\"author\":{\"name\":\"Yusra NY\",\"@id\":\"https:\/\/kapitalis.com\/tunisie\/#\/schema\/person\/74bbde0154d49d790a92aaeac5bc01d5\"},\"headline\":\"Visite du pr\u00e9sident Sa\u00efed a Gafsa : Des citoyens appellent \u00e0 la dissolution du parlement\",\"datePublished\":\"2021-07-24T19:27:59+00:00\",\"dateModified\":\"2021-07-24T19:33:16+00:00\",\"mainEntityOfPage\":{\"@id\":\"https:\/\/kapitalis.com\/tunisie\/2021\/07\/24\/visite-du-president-saied-a-gafsa-des-citoyens-appellent-a-la-dissolution-du-parlement\/\"},\"wordCount\":325,\"commentCount\":1,\"publisher\":{\"@id\":\"https:\/\/kapitalis.com\/tunisie\/#organization\"},\"image\":{\"@id\":\"https:\/\/kapitalis.com\/tunisie\/2021\/07\/24\/visite-du-president-saied-a-gafsa-des-citoyens-appellent-a-la-dissolution-du-parlement\/#primaryimage\"},\"thumbnailUrl\":\"\",\"keywords\":[\"covid\",\"d\u00e9veloppement\",\"dissolution Assembl\u00e9e\",\"Gafsa\",\"\u064fKa\u00efs Sa\u00efed\",\"parlement\",\"Sant\u00e9\"],\"articleSection\":[\"SOCIETE\",\"Tunisie\"],\"inLanguage\":\"fr-FR\",\"potentialAction\":[{\"@type\":\"CommentAction\",\"name\":\"Comment\",\"target\":[\"https:\/\/kapitalis.com\/tunisie\/2021\/07\/24\/visite-du-president-saied-a-gafsa-des-citoyens-appellent-a-la-dissolution-du-parlement\/#respond\"]}]},{\"@type\":\"WebPage\",\"@id\":\"https:\/\/kapitalis.com\/tunisie\/2021\/07\/24\/visite-du-president-saied-a-gafsa-des-citoyens-appellent-a-la-dissolution-du-parlement\/\",\"url\":\"https:\/\/kapitalis.com\/tunisie\/2021\/07\/24\/visite-du-president-saied-a-gafsa-des-citoyens-appellent-a-la-dissolution-du-parlement\/\",\"name\":\"Visite du pr\u00e9sident Sa\u00efed a Gafsa : Des citoyens appellent \u00e0 la dissolution du parlement - Kapitalis\",\"isPartOf\":{\"@id\":\"https:\/\/kapitalis.com\/tunisie\/#website\"},\"primaryImageOfPage\":{\"@id\":\"https:\/\/kapitalis.com\/tunisie\/2021\/07\/24\/visite-du-president-saied-a-gafsa-des-citoyens-appellent-a-la-dissolution-du-parlement\/#primaryimage\"},\"image\":{\"@id\":\"https:\/\/kapitalis.com\/tunisie\/2021\/07\/24\/visite-du-president-saied-a-gafsa-des-citoyens-appellent-a-la-dissolution-du-parlement\/#primaryimage\"},\"thumbnailUrl\":\"\",\"datePublished\":\"2021-07-24T19:27:59+00:00\",\"dateModified\":\"2021-07-24T19:33:16+00:00\",\"breadcrumb\":{\"@id\":\"https:\/\/kapitalis.com\/tunisie\/2021\/07\/24\/visite-du-president-saied-a-gafsa-des-citoyens-appellent-a-la-dissolution-du-parlement\/#breadcrumb\"},\"inLanguage\":\"fr-FR\",\"potentialAction\":[{\"@type\":\"ReadAction\",\"target\":[\"https:\/\/kapitalis.com\/tunisie\/2021\/07\/24\/visite-du-president-saied-a-gafsa-des-citoyens-appellent-a-la-dissolution-du-parlement\/\"]}]},{\"@type\":\"ImageObject\",\"inLanguage\":\"fr-FR\",\"@id\":\"https:\/\/kapitalis.com\/tunisie\/2021\/07\/24\/visite-du-president-saied-a-gafsa-des-citoyens-appellent-a-la-dissolution-du-parlement\/#primaryimage\",\"url\":\"\",\"contentUrl\":\"\"},{\"@type\":\"BreadcrumbList\",\"@id\":\"https:\/\/kapitalis.com\/tunisie\/2021\/07\/24\/visite-du-president-saied-a-gafsa-des-citoyens-appellent-a-la-dissolution-du-parlement\/#breadcrumb\",\"itemListElement\":[{\"@type\":\"ListItem\",\"position\":1,\"name\":\"Accueil\",\"item\":\"https:\/\/kapitalis.com\/tunisie\/\"},{\"@type\":\"ListItem\",\"position\":2,\"name\":\"Visite du pr\u00e9sident Sa\u00efed a Gafsa : Des citoyens appellent \u00e0 la dissolution du parlement\"}]},{\"@type\":\"WebSite\",\"@id\":\"https:\/\/kapitalis.com\/tunisie\/#website\",\"url\":\"https:\/\/kapitalis.com\/tunisie\/\",\"name\":\"Kapitalis\",\"description\":\"L&#039;actualit\u00e9 en Tunisie et dans le monde\",\"publisher\":{\"@id\":\"https:\/\/kapitalis.com\/tunisie\/#organization\"},\"potentialAction\":[{\"@type\":\"SearchAction\",\"target\":{\"@type\":\"EntryPoint\",\"urlTemplate\":\"https:\/\/kapitalis.com\/tunisie\/?s={search_term_string}\"},\"query-input\":{\"@type\":\"PropertyValueSpecification\",\"valueRequired\":true,\"valueName\":\"search_term_string\"}}],\"inLanguage\":\"fr-FR\"},{\"@type\":\"Organization\",\"@id\":\"https:\/\/kapitalis.com\/tunisie\/#organization\",\"name\":\"Kapitalis\",\"url\":\"https:\/\/kapitalis.com\/tunisie\/\",\"logo\":{\"@type\":\"ImageObject\",\"inLanguage\":\"fr-FR\",\"@id\":\"https:\/\/kapitalis.com\/tunisie\/#\/schema\/logo\/image\/\",\"url\":\"https:\/\/kapitalis.com\/tunisie\/wp-content\/uploads\/2022\/05\/Kapitalis-big-size.png\",\"contentUrl\":\"https:\/\/kapitalis.com\/tunisie\/wp-content\/uploads\/2022\/05\/Kapitalis-big-size.png\",\"width\":5000,\"height\":1500,\"caption\":\"Kapitalis\"},\"image\":{\"@id\":\"https:\/\/kapitalis.com\/tunisie\/#\/schema\/logo\/image\/\"},\"sameAs\":[\"https:\/\/www.facebook.com\/KapitalisInfo\/\",\"https:\/\/x.com\/KapitalisInfo\",\"https:\/\/www.youtube.com\/channel\/UC-yDYrHyfFBWWZaOw3FPg9Q\"]},{\"@type\":\"Person\",\"@id\":\"https:\/\/kapitalis.com\/tunisie\/#\/schema\/person\/74bbde0154d49d790a92aaeac5bc01d5\",\"name\":\"Yusra NY\",\"url\":\"https:\/\/kapitalis.com\/tunisie\/author\/yuza_adam\/\"}]}<\/script>\n<!-- \/ Yoast SEO plugin. -->","yoast_head_json":{"title":"Visite du pr\u00e9sident Sa\u00efed a Gafsa : Des citoyens appellent \u00e0 la dissolution du parlement - Kapitalis","robots":{"index":"index","follow":"follow","max-snippet":"max-snippet:-1","max-image-preview":"max-image-preview:large","max-video-preview":"max-video-preview:-1"},"canonical":"https:\/\/kapitalis.com\/tunisie\/2021\/07\/24\/visite-du-president-saied-a-gafsa-des-citoyens-appellent-a-la-dissolution-du-parlement\/","og_locale":"fr_FR","og_type":"article","og_title":"Visite du pr\u00e9sident Sa\u00efed a Gafsa : Des citoyens appellent \u00e0 la dissolution du parlement - Kapitalis","og_description":"Le pr\u00e9sident de la r\u00e9publique Ka\u00efs Sa\u00efed s&rsquo;est rendu cet apr\u00e8s-midi, samedi 24 juillet 2021, \u00e0 Gafsa, dans le cadre d&rsquo;une visite sanitaire et afin de s&rsquo;assurer de la mise en place d&rsquo;un h\u00f4pital de campagne dans la r\u00e9gion, d\u00e9di\u00e9 aux patients Covid. Plusieurs habitants ont profit\u00e9 de ce d\u00e9placement pour faire part au chef...","og_url":"https:\/\/kapitalis.com\/tunisie\/2021\/07\/24\/visite-du-president-saied-a-gafsa-des-citoyens-appellent-a-la-dissolution-du-parlement\/","og_site_name":"Kapitalis","article_publisher":"https:\/\/www.facebook.com\/KapitalisInfo\/","article_published_time":"2021-07-24T19:27:59+00:00","article_modified_time":"2021-07-24T19:33:16+00:00","og_image":[{"width":1200,"height":630,"url":"https:\/\/kapitalis.com\/tunisie\/wp-content\/uploads\/2022\/05\/kapitalis-logo-fb.png","type":"image\/png"}],"author":"Yusra NY","twitter_card":"summary_large_image","twitter_creator":"@KapitalisInfo","twitter_site":"@KapitalisInfo","twitter_misc":{"\u00c9crit par":"Yusra NY","Dur\u00e9e de lecture estim\u00e9e":"2 minutes"},"schema":{"@context":"https:\/\/schema.org","@graph":[{"@type":"Article","@id":"https:\/\/kapitalis.com\/tunisie\/2021\/07\/24\/visite-du-president-saied-a-gafsa-des-citoyens-appellent-a-la-dissolution-du-parlement\/#article","isPartOf":{"@id":"https:\/\/kapitalis.com\/tunisie\/2021\/07\/24\/visite-du-president-saied-a-gafsa-des-citoyens-appellent-a-la-dissolution-du-parlement\/"},"author":{"name":"Yusra NY","@id":"https:\/\/kapitalis.com\/tunisie\/#\/schema\/person\/74bbde0154d49d790a92aaeac5bc01d5"},"headline":"Visite du pr\u00e9sident Sa\u00efed a Gafsa : Des citoyens appellent \u00e0 la dissolution du parlement","datePublished":"2021-07-24T19:27:59+00:00","dateModified":"2021-07-24T19:33:16+00:00","mainEntityOfPage":{"@id":"https:\/\/kapitalis.com\/tunisie\/2021\/07\/24\/visite-du-president-saied-a-gafsa-des-citoyens-appellent-a-la-dissolution-du-parlement\/"},"wordCount":325,"commentCount":1,"publisher":{"@id":"https:\/\/kapitalis.com\/tunisie\/#organization"},"image":{"@id":"https:\/\/kapitalis.com\/tunisie\/2021\/07\/24\/visite-du-president-saied-a-gafsa-des-citoyens-appellent-a-la-dissolution-du-parlement\/#primaryimage"},"thumbnailUrl":"","keywords":["covid","d\u00e9veloppement","dissolution Assembl\u00e9e","Gafsa","\u064fKa\u00efs Sa\u00efed","parlement","Sant\u00e9"],"articleSection":["SOCIETE","Tunisie"],"inLanguage":"fr-FR","potentialAction":[{"@type":"CommentAction","name":"Comment","target":["https:\/\/kapitalis.com\/tunisie\/2021\/07\/24\/visite-du-president-saied-a-gafsa-des-citoyens-appellent-a-la-dissolution-du-parlement\/#respond"]}]},{"@type":"WebPage","@id":"https:\/\/kapitalis.com\/tunisie\/2021\/07\/24\/visite-du-president-saied-a-gafsa-des-citoyens-appellent-a-la-dissolution-du-parlement\/","url":"https:\/\/kapitalis.com\/tunisie\/2021\/07\/24\/visite-du-president-saied-a-gafsa-des-citoyens-appellent-a-la-dissolution-du-parlement\/","name":"Visite du pr\u00e9sident Sa\u00efed a Gafsa : Des citoyens appellent \u00e0 la dissolution du parlement - Kapitalis","isPartOf":{"@id":"https:\/\/kapitalis.com\/tunisie\/#website"},"primaryImageOfPage":{"@id":"https:\/\/kapitalis.com\/tunisie\/2021\/07\/24\/visite-du-president-saied-a-gafsa-des-citoyens-appellent-a-la-dissolution-du-parlement\/#primaryimage"},"image":{"@id":"https:\/\/kapitalis.com\/tunisie\/2021\/07\/24\/visite-du-president-saied-a-gafsa-des-citoyens-appellent-a-la-dissolution-du-parlement\/#primaryimage"},"thumbnailUrl":"","datePublished":"2021-07-24T19:27:59+00:00","dateModified":"2021-07-24T19:33:16+00:00","breadcrumb":{"@id":"https:\/\/kapitalis.com\/tunisie\/2021\/07\/24\/visite-du-president-saied-a-gafsa-des-citoyens-appellent-a-la-dissolution-du-parlement\/#breadcrumb"},"inLanguage":"fr-FR","potentialAction":[{"@type":"ReadAction","target":["https:\/\/kapitalis.com\/tunisie\/2021\/07\/24\/visite-du-president-saied-a-gafsa-des-citoyens-appellent-a-la-dissolution-du-parlement\/"]}]},{"@type":"ImageObject","inLanguage":"fr-FR","@id":"https:\/\/kapitalis.com\/tunisie\/2021\/07\/24\/visite-du-president-saied-a-gafsa-des-citoyens-appellent-a-la-dissolution-du-parlement\/#primaryimage","url":"","contentUrl":""},{"@type":"BreadcrumbList","@id":"https:\/\/kapitalis.com\/tunisie\/2021\/07\/24\/visite-du-president-saied-a-gafsa-des-citoyens-appellent-a-la-dissolution-du-parlement\/#breadcrumb","itemListElement":[{"@type":"ListItem","position":1,"name":"Accueil","item":"https:\/\/kapitalis.com\/tunisie\/"},{"@type":"ListItem","position":2,"name":"Visite du pr\u00e9sident Sa\u00efed a Gafsa : Des citoyens appellent \u00e0 la dissolution du parlement"}]},{"@type":"WebSite","@id":"https:\/\/kapitalis.com\/tunisie\/#website","url":"https:\/\/kapitalis.com\/tunisie\/","name":"Kapitalis","description":"L&#039;actualit\u00e9 en Tunisie et dans le monde","publisher":{"@id":"https:\/\/kapitalis.com\/tunisie\/#organization"},"potentialAction":[{"@type":"SearchAction","target":{"@type":"EntryPoint","urlTemplate":"https:\/\/kapitalis.com\/tunisie\/?s={search_term_string}"},"query-input":{"@type":"PropertyValueSpecification","valueRequired":true,"valueName":"search_term_string"}}],"inLanguage":"fr-FR"},{"@type":"Organization","@id":"https:\/\/kapitalis.com\/tunisie\/#organization","name":"Kapitalis","url":"https:\/\/kapitalis.com\/tunisie\/","logo":{"@type":"ImageObject","inLanguage":"fr-FR","@id":"https:\/\/kapitalis.com\/tunisie\/#\/schema\/logo\/image\/","url":"https:\/\/kapitalis.com\/tunisie\/wp-content\/uploads\/2022\/05\/Kapitalis-big-size.png","contentUrl":"https:\/\/kapitalis.com\/tunisie\/wp-content\/uploads\/2022\/05\/Kapitalis-big-size.png","width":5000,"height":1500,"caption":"Kapitalis"},"image":{"@id":"https:\/\/kapitalis.com\/tunisie\/#\/schema\/logo\/image\/"},"sameAs":["https:\/\/www.facebook.com\/KapitalisInfo\/","https:\/\/x.com\/KapitalisInfo","https:\/\/www.youtube.com\/channel\/UC-yDYrHyfFBWWZaOw3FPg9Q"]},{"@type":"Person","@id":"https:\/\/kapitalis.com\/tunisie\/#\/schema\/person\/74bbde0154d49d790a92aaeac5bc01d5","name":"Yusra NY","url":"https:\/\/kapitalis.com\/tunisie\/author\/yuza_adam\/"}]}},"_links":{"self":[{"href":"https:\/\/kapitalis.com\/tunisie\/wp-json\/wp\/v2\/posts\/357174","targetHints":{"allow":["GET"]}}],"collection":[{"href":"https:\/\/kapitalis.com\/tunisie\/wp-json\/wp\/v2\/posts"}],"about":[{"href":"https:\/\/kapitalis.com\/tunisie\/wp-json\/wp\/v2\/types\/post"}],"author":[{"embeddable":true,"href":"https:\/\/kapitalis.com\/tunisie\/wp-json\/wp\/v2\/users\/6"}],"replies":[{"embeddable":true,"href":"https:\/\/kapitalis.com\/tunisie\/wp-json\/wp\/v2\/comments?post=357174"}],"version-history":[{"count":0,"href":"https:\/\/kapitalis.com\/tunisie\/wp-json\/wp\/v2\/posts\/357174\/revisions"}],"wp:featuredmedia":[{"embeddable":true,"href":"https:\/\/kapitalis.com\/tunisie\/wp-json\/wp\/v2\/media\/357178"}],"wp:attachment":[{"href":"https:\/\/kapitalis.com\/tunisie\/wp-json\/wp\/v2\/media?parent=357174"}],"wp:term":[{"taxonomy":"category","embeddable":true,"href":"https:\/\/kapitalis.com\/tunisie\/wp-json\/wp\/v2\/categories?post=357174"},{"taxonomy":"post_tag","embeddable":true,"href":"https:\/\/kapitalis.com\/tunisie\/wp-json\/wp\/v2\/tags?post=357174"}],"curies":[{"name":"wp","href":"https:\/\/api.w.org\/{rel}","templated":true}]}}