{"id":3571952,"date":"2022-08-31T21:36:11","date_gmt":"2022-08-31T20:36:11","guid":{"rendered":"https:\/\/kapitalis.com\/tunisie\/?p=3571952"},"modified":"2022-08-31T21:43:04","modified_gmt":"2022-08-31T20:43:04","slug":"normalisation-par-la-france-des-modalites-de-delivrance-des-visas-en-tunisie-entretien-telephonique-entre-charfeddine-et-darmanin","status":"publish","type":"post","link":"https:\/\/kapitalis.com\/tunisie\/2022\/08\/31\/normalisation-par-la-france-des-modalites-de-delivrance-des-visas-en-tunisie-entretien-telephonique-entre-charfeddine-et-darmanin\/","title":{"rendered":"Normalisation par la France des modalit\u00e9s de d\u00e9livrance des visas en Tunisie (Entretien t\u00e9l\u00e9phonique entre Charfeddine et Darmanin)"},"content":{"rendered":"\n<p><strong><em>Dans le prolongement de la visite en France de Mme Najla Bouden, Cheffe du gouvernement de la R\u00e9publique tunisienne, les Ministres tunisien et fran\u00e7ais de l&rsquo;Int\u00e9rieur, MM. Taoufik Charfeddine et G\u00e9rald Darmanin se sont entretenus par t\u00e9l\u00e9phone mercredi 31 ao\u00fbt 2022.<\/em><\/strong><\/p>\n\n\n\n<!--more-->\n\n\n\n<p>Les Ministres ont fait le point sur la coop\u00e9ration en mati\u00e8re migratoire et de mobilit\u00e9 et se sont f\u00e9licit\u00e9s de la bonne dynamique en cours.<\/p>\n\n\n\n<p>Le Ministre de l&rsquo;Int\u00e9rieur fran\u00e7ais a fait part \u00e0 son homologue tunisien de la normalisation par la France, avec effet imm\u00e9diat, des modalit\u00e9s de d\u00e9livrance des visas en Tunisie.<\/p>\n\n\n\n<p>Les Ministres ont convenus de refaire une \u00e9valuation conjointe de la coop\u00e9ration sur l&rsquo;ensemble des questions d&rsquo;int\u00e9r\u00eat commun d&rsquo;ici la fin de l&rsquo;ann\u00e9e.<\/p>\n\n\n\n<p class=\"has-text-align-right\"><strong><a href=\"https:\/\/www.interieur.gouv.fr\/node\/1655\" target=\"_blank\" rel=\"noreferrer noopener\">Communiqu\u00e9<\/a> conjoint des Ministres tunisien et fran\u00e7ais de l&rsquo;Int\u00e9rieur<\/strong><\/p>\n\n\n\n<figure class=\"wp-block-embed is-type-wp-embed is-provider-kapitalis wp-block-embed-kapitalis\"><div class=\"wp-block-embed__wrapper\">\n<blockquote class=\"wp-embedded-content\" data-secret=\"KnDYV9aOVG\"><a href=\"https:\/\/kapitalis.com\/tunisie\/2022\/08\/01\/lambassade-de-france-en-tunisie-sexprime-sur-les-visas-octroyes-aux-tunisiens\/\">L&rsquo;ambassade de France en Tunisie s&rsquo;exprime sur les visas octroy\u00e9s aux Tunisiens<\/a><\/blockquote><iframe loading=\"lazy\" class=\"wp-embedded-content\" sandbox=\"allow-scripts\" security=\"restricted\" style=\"position: absolute; clip: rect(1px, 1px, 1px, 1px);\" title=\"\u00ab\u00a0L&rsquo;ambassade de France en Tunisie s&rsquo;exprime sur les visas octroy\u00e9s aux Tunisiens\u00a0\u00bb &#8212; Kapitalis\" src=\"https:\/\/kapitalis.com\/tunisie\/2022\/08\/01\/lambassade-de-france-en-tunisie-sexprime-sur-les-visas-octroyes-aux-tunisiens\/embed\/#?secret=Ht6WDwGcve#?secret=KnDYV9aOVG\" data-secret=\"KnDYV9aOVG\" width=\"600\" height=\"338\" frameborder=\"0\" marginwidth=\"0\" marginheight=\"0\" scrolling=\"no\"><\/iframe>\n<\/div><\/figure>\n\n\n\n<figure class=\"wp-block-embed is-type-wp-embed is-provider-kapitalis wp-block-embed-kapitalis\"><div class=\"wp-block-embed__wrapper\">\n<blockquote class=\"wp-embedded-content\" data-secret=\"mkZhcWIVYp\"><a href=\"https:\/\/kapitalis.com\/tunisie\/2021\/09\/28\/la-france-baisse-de-33-le-nombre-de-visas-delivres-aux-tunisiens\/\">La France baisse de 33% le nombre de visas d\u00e9livr\u00e9s aux Tunisiens<\/a><\/blockquote><iframe loading=\"lazy\" class=\"wp-embedded-content\" sandbox=\"allow-scripts\" security=\"restricted\" style=\"position: absolute; clip: rect(1px, 1px, 1px, 1px);\" title=\"\u00ab\u00a0La France baisse de 33% le nombre de visas d\u00e9livr\u00e9s aux Tunisiens\u00a0\u00bb &#8212; Kapitalis\" src=\"https:\/\/kapitalis.com\/tunisie\/2021\/09\/28\/la-france-baisse-de-33-le-nombre-de-visas-delivres-aux-tunisiens\/embed\/#?secret=7OJhomvxZb#?secret=mkZhcWIVYp\" data-secret=\"mkZhcWIVYp\" width=\"600\" height=\"338\" frameborder=\"0\" marginwidth=\"0\" marginheight=\"0\" scrolling=\"no\"><\/iframe>\n<\/div><\/figure>\n\n\n\n<p><\/p>\n","protected":false},"excerpt":{"rendered":"<p>Normalisation par la France des modalit\u00e9s de d\u00e9livrance des visas en Tunisie (Entretien t\u00e9l\u00e9phonique entre Charfeddine et Darmanin)<\/p>\n","protected":false},"author":6,"featured_media":3572227,"comment_status":"open","ping_status":"open","sticky":false,"template":"","format":"standard","meta":{"footnotes":""},"categories":[997,2433],"tags":[395,84366,3333,82067,62643,9832],"class_list":["post-3571952","post","type-post","status-publish","format-standard","has-post-thumbnail","hentry","category-politique","category-tunisie","tag-france","tag-gerald-darmanin","tag-ministres","tag-taoufik-charfeddine","tag-tunisie","tag-visas"],"yoast_head":"<!-- This site is optimized with the Yoast SEO plugin v26.6 - https:\/\/yoast.com\/wordpress\/plugins\/seo\/ -->\n<title>Normalisation par la France des modalit\u00e9s de d\u00e9livrance des visas en Tunisie (Entretien t\u00e9l\u00e9phonique entre Charfeddine et Darmanin) - Kapitalis<\/title>\n<meta name=\"description\" content=\"Normalisation par la France des modalit\u00e9s de d\u00e9livrance des visas en Tunisie (Entretien t\u00e9l\u00e9phonique entre Charfeddine et Darmanin)\" \/>\n<meta name=\"robots\" content=\"index, follow, max-snippet:-1, max-image-preview:large, max-video-preview:-1\" \/>\n<link rel=\"canonical\" href=\"https:\/\/kapitalis.com\/tunisie\/2022\/08\/31\/normalisation-par-la-france-des-modalites-de-delivrance-des-visas-en-tunisie-entretien-telephonique-entre-charfeddine-et-darmanin\/\" \/>\n<meta property=\"og:locale\" content=\"fr_FR\" \/>\n<meta property=\"og:type\" content=\"article\" \/>\n<meta property=\"og:title\" content=\"Normalisation par la France des modalit\u00e9s de d\u00e9livrance des visas en Tunisie (Entretien t\u00e9l\u00e9phonique entre Charfeddine et Darmanin) - Kapitalis\" \/>\n<meta property=\"og:description\" content=\"Normalisation par la France des modalit\u00e9s de d\u00e9livrance des visas en Tunisie (Entretien t\u00e9l\u00e9phonique entre Charfeddine et Darmanin)\" \/>\n<meta property=\"og:url\" content=\"https:\/\/kapitalis.com\/tunisie\/2022\/08\/31\/normalisation-par-la-france-des-modalites-de-delivrance-des-visas-en-tunisie-entretien-telephonique-entre-charfeddine-et-darmanin\/\" \/>\n<meta property=\"og:site_name\" content=\"Kapitalis\" \/>\n<meta property=\"article:publisher\" content=\"https:\/\/www.facebook.com\/KapitalisInfo\/\" \/>\n<meta property=\"article:published_time\" content=\"2022-08-31T20:36:11+00:00\" \/>\n<meta property=\"article:modified_time\" content=\"2022-08-31T20:43:04+00:00\" \/>\n<meta property=\"og:image\" content=\"https:\/\/kapitalis.com\/tunisie\/wp-content\/uploads\/2022\/08\/Darmanin-Charfeddine.jpg\" \/>\n\t<meta property=\"og:image:width\" content=\"1200\" \/>\n\t<meta property=\"og:image:height\" content=\"630\" \/>\n\t<meta property=\"og:image:type\" content=\"image\/jpeg\" \/>\n<meta name=\"author\" content=\"Yusra NY\" \/>\n<meta name=\"twitter:card\" content=\"summary_large_image\" \/>\n<meta name=\"twitter:creator\" content=\"@KapitalisInfo\" \/>\n<meta name=\"twitter:site\" content=\"@KapitalisInfo\" \/>\n<meta name=\"twitter:label1\" content=\"\u00c9crit par\" \/>\n\t<meta name=\"twitter:data1\" content=\"Yusra NY\" \/>\n\t<meta name=\"twitter:label2\" content=\"Dur\u00e9e de lecture estim\u00e9e\" \/>\n\t<meta name=\"twitter:data2\" content=\"1 minute\" \/>\n<script type=\"application\/ld+json\" class=\"yoast-schema-graph\">{\"@context\":\"https:\/\/schema.org\",\"@graph\":[{\"@type\":\"Article\",\"@id\":\"https:\/\/kapitalis.com\/tunisie\/2022\/08\/31\/normalisation-par-la-france-des-modalites-de-delivrance-des-visas-en-tunisie-entretien-telephonique-entre-charfeddine-et-darmanin\/#article\",\"isPartOf\":{\"@id\":\"https:\/\/kapitalis.com\/tunisie\/2022\/08\/31\/normalisation-par-la-france-des-modalites-de-delivrance-des-visas-en-tunisie-entretien-telephonique-entre-charfeddine-et-darmanin\/\"},\"author\":{\"name\":\"Yusra NY\",\"@id\":\"https:\/\/kapitalis.com\/tunisie\/#\/schema\/person\/74bbde0154d49d790a92aaeac5bc01d5\"},\"headline\":\"Normalisation par la France des modalit\u00e9s de d\u00e9livrance des visas en Tunisie (Entretien t\u00e9l\u00e9phonique entre Charfeddine et Darmanin)\",\"datePublished\":\"2022-08-31T20:36:11+00:00\",\"dateModified\":\"2022-08-31T20:43:04+00:00\",\"mainEntityOfPage\":{\"@id\":\"https:\/\/kapitalis.com\/tunisie\/2022\/08\/31\/normalisation-par-la-france-des-modalites-de-delivrance-des-visas-en-tunisie-entretien-telephonique-entre-charfeddine-et-darmanin\/\"},\"wordCount\":179,\"commentCount\":1,\"publisher\":{\"@id\":\"https:\/\/kapitalis.com\/tunisie\/#organization\"},\"image\":{\"@id\":\"https:\/\/kapitalis.com\/tunisie\/2022\/08\/31\/normalisation-par-la-france-des-modalites-de-delivrance-des-visas-en-tunisie-entretien-telephonique-entre-charfeddine-et-darmanin\/#primaryimage\"},\"thumbnailUrl\":\"https:\/\/kapitalis.com\/tunisie\/wp-content\/uploads\/2022\/08\/Darmanin-Charfeddine.jpg\",\"keywords\":[\"France\",\"G\u00e9rald Darmanin\",\"ministres\",\"Taoufik Charfeddine\",\"Tunisie\",\"visas\"],\"articleSection\":[\"POLITIQUE\",\"Tunisie\"],\"inLanguage\":\"fr-FR\",\"potentialAction\":[{\"@type\":\"CommentAction\",\"name\":\"Comment\",\"target\":[\"https:\/\/kapitalis.com\/tunisie\/2022\/08\/31\/normalisation-par-la-france-des-modalites-de-delivrance-des-visas-en-tunisie-entretien-telephonique-entre-charfeddine-et-darmanin\/#respond\"]}]},{\"@type\":\"WebPage\",\"@id\":\"https:\/\/kapitalis.com\/tunisie\/2022\/08\/31\/normalisation-par-la-france-des-modalites-de-delivrance-des-visas-en-tunisie-entretien-telephonique-entre-charfeddine-et-darmanin\/\",\"url\":\"https:\/\/kapitalis.com\/tunisie\/2022\/08\/31\/normalisation-par-la-france-des-modalites-de-delivrance-des-visas-en-tunisie-entretien-telephonique-entre-charfeddine-et-darmanin\/\",\"name\":\"Normalisation par la France des modalit\u00e9s de d\u00e9livrance des visas en Tunisie (Entretien t\u00e9l\u00e9phonique entre Charfeddine et Darmanin) - Kapitalis\",\"isPartOf\":{\"@id\":\"https:\/\/kapitalis.com\/tunisie\/#website\"},\"primaryImageOfPage\":{\"@id\":\"https:\/\/kapitalis.com\/tunisie\/2022\/08\/31\/normalisation-par-la-france-des-modalites-de-delivrance-des-visas-en-tunisie-entretien-telephonique-entre-charfeddine-et-darmanin\/#primaryimage\"},\"image\":{\"@id\":\"https:\/\/kapitalis.com\/tunisie\/2022\/08\/31\/normalisation-par-la-france-des-modalites-de-delivrance-des-visas-en-tunisie-entretien-telephonique-entre-charfeddine-et-darmanin\/#primaryimage\"},\"thumbnailUrl\":\"https:\/\/kapitalis.com\/tunisie\/wp-content\/uploads\/2022\/08\/Darmanin-Charfeddine.jpg\",\"datePublished\":\"2022-08-31T20:36:11+00:00\",\"dateModified\":\"2022-08-31T20:43:04+00:00\",\"description\":\"Normalisation par la France des modalit\u00e9s de d\u00e9livrance des visas en Tunisie (Entretien t\u00e9l\u00e9phonique entre Charfeddine et Darmanin)\",\"breadcrumb\":{\"@id\":\"https:\/\/kapitalis.com\/tunisie\/2022\/08\/31\/normalisation-par-la-france-des-modalites-de-delivrance-des-visas-en-tunisie-entretien-telephonique-entre-charfeddine-et-darmanin\/#breadcrumb\"},\"inLanguage\":\"fr-FR\",\"potentialAction\":[{\"@type\":\"ReadAction\",\"target\":[\"https:\/\/kapitalis.com\/tunisie\/2022\/08\/31\/normalisation-par-la-france-des-modalites-de-delivrance-des-visas-en-tunisie-entretien-telephonique-entre-charfeddine-et-darmanin\/\"]}]},{\"@type\":\"ImageObject\",\"inLanguage\":\"fr-FR\",\"@id\":\"https:\/\/kapitalis.com\/tunisie\/2022\/08\/31\/normalisation-par-la-france-des-modalites-de-delivrance-des-visas-en-tunisie-entretien-telephonique-entre-charfeddine-et-darmanin\/#primaryimage\",\"url\":\"https:\/\/kapitalis.com\/tunisie\/wp-content\/uploads\/2022\/08\/Darmanin-Charfeddine.jpg\",\"contentUrl\":\"https:\/\/kapitalis.com\/tunisie\/wp-content\/uploads\/2022\/08\/Darmanin-Charfeddine.jpg\",\"width\":1200,\"height\":630},{\"@type\":\"BreadcrumbList\",\"@id\":\"https:\/\/kapitalis.com\/tunisie\/2022\/08\/31\/normalisation-par-la-france-des-modalites-de-delivrance-des-visas-en-tunisie-entretien-telephonique-entre-charfeddine-et-darmanin\/#breadcrumb\",\"itemListElement\":[{\"@type\":\"ListItem\",\"position\":1,\"name\":\"Accueil\",\"item\":\"https:\/\/kapitalis.com\/tunisie\/\"},{\"@type\":\"ListItem\",\"position\":2,\"name\":\"Normalisation par la France des modalit\u00e9s de d\u00e9livrance des visas en Tunisie (Entretien t\u00e9l\u00e9phonique entre Charfeddine et Darmanin)\"}]},{\"@type\":\"WebSite\",\"@id\":\"https:\/\/kapitalis.com\/tunisie\/#website\",\"url\":\"https:\/\/kapitalis.com\/tunisie\/\",\"name\":\"Kapitalis\",\"description\":\"L&#039;actualit\u00e9 en Tunisie et dans le monde\",\"publisher\":{\"@id\":\"https:\/\/kapitalis.com\/tunisie\/#organization\"},\"potentialAction\":[{\"@type\":\"SearchAction\",\"target\":{\"@type\":\"EntryPoint\",\"urlTemplate\":\"https:\/\/kapitalis.com\/tunisie\/?s={search_term_string}\"},\"query-input\":{\"@type\":\"PropertyValueSpecification\",\"valueRequired\":true,\"valueName\":\"search_term_string\"}}],\"inLanguage\":\"fr-FR\"},{\"@type\":\"Organization\",\"@id\":\"https:\/\/kapitalis.com\/tunisie\/#organization\",\"name\":\"Kapitalis\",\"url\":\"https:\/\/kapitalis.com\/tunisie\/\",\"logo\":{\"@type\":\"ImageObject\",\"inLanguage\":\"fr-FR\",\"@id\":\"https:\/\/kapitalis.com\/tunisie\/#\/schema\/logo\/image\/\",\"url\":\"https:\/\/kapitalis.com\/tunisie\/wp-content\/uploads\/2022\/05\/Kapitalis-big-size.png\",\"contentUrl\":\"https:\/\/kapitalis.com\/tunisie\/wp-content\/uploads\/2022\/05\/Kapitalis-big-size.png\",\"width\":5000,\"height\":1500,\"caption\":\"Kapitalis\"},\"image\":{\"@id\":\"https:\/\/kapitalis.com\/tunisie\/#\/schema\/logo\/image\/\"},\"sameAs\":[\"https:\/\/www.facebook.com\/KapitalisInfo\/\",\"https:\/\/x.com\/KapitalisInfo\",\"https:\/\/www.youtube.com\/channel\/UC-yDYrHyfFBWWZaOw3FPg9Q\"]},{\"@type\":\"Person\",\"@id\":\"https:\/\/kapitalis.com\/tunisie\/#\/schema\/person\/74bbde0154d49d790a92aaeac5bc01d5\",\"name\":\"Yusra NY\",\"url\":\"https:\/\/kapitalis.com\/tunisie\/author\/yuza_adam\/\"}]}<\/script>\n<!-- \/ Yoast SEO plugin. -->","yoast_head_json":{"title":"Normalisation par la France des modalit\u00e9s de d\u00e9livrance des visas en Tunisie (Entretien t\u00e9l\u00e9phonique entre Charfeddine et Darmanin) - Kapitalis","description":"Normalisation par la France des modalit\u00e9s de d\u00e9livrance des visas en Tunisie (Entretien t\u00e9l\u00e9phonique entre Charfeddine et Darmanin)","robots":{"index":"index","follow":"follow","max-snippet":"max-snippet:-1","max-image-preview":"max-image-preview:large","max-video-preview":"max-video-preview:-1"},"canonical":"https:\/\/kapitalis.com\/tunisie\/2022\/08\/31\/normalisation-par-la-france-des-modalites-de-delivrance-des-visas-en-tunisie-entretien-telephonique-entre-charfeddine-et-darmanin\/","og_locale":"fr_FR","og_type":"article","og_title":"Normalisation par la France des modalit\u00e9s de d\u00e9livrance des visas en Tunisie (Entretien t\u00e9l\u00e9phonique entre Charfeddine et Darmanin) - Kapitalis","og_description":"Normalisation par la France des modalit\u00e9s de d\u00e9livrance des visas en Tunisie (Entretien t\u00e9l\u00e9phonique entre Charfeddine et Darmanin)","og_url":"https:\/\/kapitalis.com\/tunisie\/2022\/08\/31\/normalisation-par-la-france-des-modalites-de-delivrance-des-visas-en-tunisie-entretien-telephonique-entre-charfeddine-et-darmanin\/","og_site_name":"Kapitalis","article_publisher":"https:\/\/www.facebook.com\/KapitalisInfo\/","article_published_time":"2022-08-31T20:36:11+00:00","article_modified_time":"2022-08-31T20:43:04+00:00","og_image":[{"width":1200,"height":630,"url":"https:\/\/kapitalis.com\/tunisie\/wp-content\/uploads\/2022\/08\/Darmanin-Charfeddine.jpg","type":"image\/jpeg"}],"author":"Yusra NY","twitter_card":"summary_large_image","twitter_creator":"@KapitalisInfo","twitter_site":"@KapitalisInfo","twitter_misc":{"\u00c9crit par":"Yusra NY","Dur\u00e9e de lecture estim\u00e9e":"1 minute"},"schema":{"@context":"https:\/\/schema.org","@graph":[{"@type":"Article","@id":"https:\/\/kapitalis.com\/tunisie\/2022\/08\/31\/normalisation-par-la-france-des-modalites-de-delivrance-des-visas-en-tunisie-entretien-telephonique-entre-charfeddine-et-darmanin\/#article","isPartOf":{"@id":"https:\/\/kapitalis.com\/tunisie\/2022\/08\/31\/normalisation-par-la-france-des-modalites-de-delivrance-des-visas-en-tunisie-entretien-telephonique-entre-charfeddine-et-darmanin\/"},"author":{"name":"Yusra NY","@id":"https:\/\/kapitalis.com\/tunisie\/#\/schema\/person\/74bbde0154d49d790a92aaeac5bc01d5"},"headline":"Normalisation par la France des modalit\u00e9s de d\u00e9livrance des visas en Tunisie (Entretien t\u00e9l\u00e9phonique entre Charfeddine et Darmanin)","datePublished":"2022-08-31T20:36:11+00:00","dateModified":"2022-08-31T20:43:04+00:00","mainEntityOfPage":{"@id":"https:\/\/kapitalis.com\/tunisie\/2022\/08\/31\/normalisation-par-la-france-des-modalites-de-delivrance-des-visas-en-tunisie-entretien-telephonique-entre-charfeddine-et-darmanin\/"},"wordCount":179,"commentCount":1,"publisher":{"@id":"https:\/\/kapitalis.com\/tunisie\/#organization"},"image":{"@id":"https:\/\/kapitalis.com\/tunisie\/2022\/08\/31\/normalisation-par-la-france-des-modalites-de-delivrance-des-visas-en-tunisie-entretien-telephonique-entre-charfeddine-et-darmanin\/#primaryimage"},"thumbnailUrl":"https:\/\/kapitalis.com\/tunisie\/wp-content\/uploads\/2022\/08\/Darmanin-Charfeddine.jpg","keywords":["France","G\u00e9rald Darmanin","ministres","Taoufik Charfeddine","Tunisie","visas"],"articleSection":["POLITIQUE","Tunisie"],"inLanguage":"fr-FR","potentialAction":[{"@type":"CommentAction","name":"Comment","target":["https:\/\/kapitalis.com\/tunisie\/2022\/08\/31\/normalisation-par-la-france-des-modalites-de-delivrance-des-visas-en-tunisie-entretien-telephonique-entre-charfeddine-et-darmanin\/#respond"]}]},{"@type":"WebPage","@id":"https:\/\/kapitalis.com\/tunisie\/2022\/08\/31\/normalisation-par-la-france-des-modalites-de-delivrance-des-visas-en-tunisie-entretien-telephonique-entre-charfeddine-et-darmanin\/","url":"https:\/\/kapitalis.com\/tunisie\/2022\/08\/31\/normalisation-par-la-france-des-modalites-de-delivrance-des-visas-en-tunisie-entretien-telephonique-entre-charfeddine-et-darmanin\/","name":"Normalisation par la France des modalit\u00e9s de d\u00e9livrance des visas en Tunisie (Entretien t\u00e9l\u00e9phonique entre Charfeddine et Darmanin) - Kapitalis","isPartOf":{"@id":"https:\/\/kapitalis.com\/tunisie\/#website"},"primaryImageOfPage":{"@id":"https:\/\/kapitalis.com\/tunisie\/2022\/08\/31\/normalisation-par-la-france-des-modalites-de-delivrance-des-visas-en-tunisie-entretien-telephonique-entre-charfeddine-et-darmanin\/#primaryimage"},"image":{"@id":"https:\/\/kapitalis.com\/tunisie\/2022\/08\/31\/normalisation-par-la-france-des-modalites-de-delivrance-des-visas-en-tunisie-entretien-telephonique-entre-charfeddine-et-darmanin\/#primaryimage"},"thumbnailUrl":"https:\/\/kapitalis.com\/tunisie\/wp-content\/uploads\/2022\/08\/Darmanin-Charfeddine.jpg","datePublished":"2022-08-31T20:36:11+00:00","dateModified":"2022-08-31T20:43:04+00:00","description":"Normalisation par la France des modalit\u00e9s de d\u00e9livrance des visas en Tunisie (Entretien t\u00e9l\u00e9phonique entre Charfeddine et Darmanin)","breadcrumb":{"@id":"https:\/\/kapitalis.com\/tunisie\/2022\/08\/31\/normalisation-par-la-france-des-modalites-de-delivrance-des-visas-en-tunisie-entretien-telephonique-entre-charfeddine-et-darmanin\/#breadcrumb"},"inLanguage":"fr-FR","potentialAction":[{"@type":"ReadAction","target":["https:\/\/kapitalis.com\/tunisie\/2022\/08\/31\/normalisation-par-la-france-des-modalites-de-delivrance-des-visas-en-tunisie-entretien-telephonique-entre-charfeddine-et-darmanin\/"]}]},{"@type":"ImageObject","inLanguage":"fr-FR","@id":"https:\/\/kapitalis.com\/tunisie\/2022\/08\/31\/normalisation-par-la-france-des-modalites-de-delivrance-des-visas-en-tunisie-entretien-telephonique-entre-charfeddine-et-darmanin\/#primaryimage","url":"https:\/\/kapitalis.com\/tunisie\/wp-content\/uploads\/2022\/08\/Darmanin-Charfeddine.jpg","contentUrl":"https:\/\/kapitalis.com\/tunisie\/wp-content\/uploads\/2022\/08\/Darmanin-Charfeddine.jpg","width":1200,"height":630},{"@type":"BreadcrumbList","@id":"https:\/\/kapitalis.com\/tunisie\/2022\/08\/31\/normalisation-par-la-france-des-modalites-de-delivrance-des-visas-en-tunisie-entretien-telephonique-entre-charfeddine-et-darmanin\/#breadcrumb","itemListElement":[{"@type":"ListItem","position":1,"name":"Accueil","item":"https:\/\/kapitalis.com\/tunisie\/"},{"@type":"ListItem","position":2,"name":"Normalisation par la France des modalit\u00e9s de d\u00e9livrance des visas en Tunisie (Entretien t\u00e9l\u00e9phonique entre Charfeddine et Darmanin)"}]},{"@type":"WebSite","@id":"https:\/\/kapitalis.com\/tunisie\/#website","url":"https:\/\/kapitalis.com\/tunisie\/","name":"Kapitalis","description":"L&#039;actualit\u00e9 en Tunisie et dans le monde","publisher":{"@id":"https:\/\/kapitalis.com\/tunisie\/#organization"},"potentialAction":[{"@type":"SearchAction","target":{"@type":"EntryPoint","urlTemplate":"https:\/\/kapitalis.com\/tunisie\/?s={search_term_string}"},"query-input":{"@type":"PropertyValueSpecification","valueRequired":true,"valueName":"search_term_string"}}],"inLanguage":"fr-FR"},{"@type":"Organization","@id":"https:\/\/kapitalis.com\/tunisie\/#organization","name":"Kapitalis","url":"https:\/\/kapitalis.com\/tunisie\/","logo":{"@type":"ImageObject","inLanguage":"fr-FR","@id":"https:\/\/kapitalis.com\/tunisie\/#\/schema\/logo\/image\/","url":"https:\/\/kapitalis.com\/tunisie\/wp-content\/uploads\/2022\/05\/Kapitalis-big-size.png","contentUrl":"https:\/\/kapitalis.com\/tunisie\/wp-content\/uploads\/2022\/05\/Kapitalis-big-size.png","width":5000,"height":1500,"caption":"Kapitalis"},"image":{"@id":"https:\/\/kapitalis.com\/tunisie\/#\/schema\/logo\/image\/"},"sameAs":["https:\/\/www.facebook.com\/KapitalisInfo\/","https:\/\/x.com\/KapitalisInfo","https:\/\/www.youtube.com\/channel\/UC-yDYrHyfFBWWZaOw3FPg9Q"]},{"@type":"Person","@id":"https:\/\/kapitalis.com\/tunisie\/#\/schema\/person\/74bbde0154d49d790a92aaeac5bc01d5","name":"Yusra NY","url":"https:\/\/kapitalis.com\/tunisie\/author\/yuza_adam\/"}]}},"_links":{"self":[{"href":"https:\/\/kapitalis.com\/tunisie\/wp-json\/wp\/v2\/posts\/3571952","targetHints":{"allow":["GET"]}}],"collection":[{"href":"https:\/\/kapitalis.com\/tunisie\/wp-json\/wp\/v2\/posts"}],"about":[{"href":"https:\/\/kapitalis.com\/tunisie\/wp-json\/wp\/v2\/types\/post"}],"author":[{"embeddable":true,"href":"https:\/\/kapitalis.com\/tunisie\/wp-json\/wp\/v2\/users\/6"}],"replies":[{"embeddable":true,"href":"https:\/\/kapitalis.com\/tunisie\/wp-json\/wp\/v2\/comments?post=3571952"}],"version-history":[{"count":0,"href":"https:\/\/kapitalis.com\/tunisie\/wp-json\/wp\/v2\/posts\/3571952\/revisions"}],"wp:featuredmedia":[{"embeddable":true,"href":"https:\/\/kapitalis.com\/tunisie\/wp-json\/wp\/v2\/media\/3572227"}],"wp:attachment":[{"href":"https:\/\/kapitalis.com\/tunisie\/wp-json\/wp\/v2\/media?parent=3571952"}],"wp:term":[{"taxonomy":"category","embeddable":true,"href":"https:\/\/kapitalis.com\/tunisie\/wp-json\/wp\/v2\/categories?post=3571952"},{"taxonomy":"post_tag","embeddable":true,"href":"https:\/\/kapitalis.com\/tunisie\/wp-json\/wp\/v2\/tags?post=3571952"}],"curies":[{"name":"wp","href":"https:\/\/api.w.org\/{rel}","templated":true}]}}