{"id":357546,"date":"2021-07-27T23:24:04","date_gmt":"2021-07-27T22:24:04","guid":{"rendered":"http:\/\/kapitalis.com\/tunisie\/?p=357546"},"modified":"2021-07-27T23:28:23","modified_gmt":"2021-07-27T22:28:23","slug":"tunisie-lordre-des-avocats-appelle-saied-a-ouvrir-les-dossiers-de-corruption-et-de-terrorisme","status":"publish","type":"post","link":"https:\/\/kapitalis.com\/tunisie\/2021\/07\/27\/tunisie-lordre-des-avocats-appelle-saied-a-ouvrir-les-dossiers-de-corruption-et-de-terrorisme\/","title":{"rendered":"Tunisie : L\u2019Ordre des avocats appelle Sa\u00efed \u00e0 ouvrir les dossiers de corruption et de terrorisme"},"content":{"rendered":"\n<div class=\"wp-block-image\"><figure class=\"aligncenter size-large\"><img decoding=\"async\" src=\"http:\/\/kapitalis.com\/tunisie\/wp-content\/uploads\/2021\/07\/Ordre-avocats-tunisie.jpg\" alt=\"\" class=\"wp-image-357548\"\/><\/figure><\/div>\n\n\n\n<p><strong><em>L\u2019Ordre national des avocats tunisiens (Onat) s&rsquo;aligne avec les d\u00e9cisions du pr\u00e9sident de la R\u00e9publique, Ka\u00efs Sa\u00efed, notamment le gel des activit\u00e9s de l&rsquo;Assembl\u00e9e et la lev\u00e9e de l\u2019immunit\u00e9 des d\u00e9put\u00e9s et a dans ce sens appel\u00e9 le chef de l\u2019\u00c9t<\/em><\/strong>at<strong><em> \u00e0 ouvrir les dossiers en lien avec la corruption et le terrorisme et en particulier, les affaires des martyrs Chokri Bela\u00efd et Mohamed Brahmi et des martyrs des institutions s\u00e9curitaire et militaire.<\/em><\/strong><\/p>\n\n\n\n<!--more-->\n\n\n\n<p>L&rsquo;Onat, dont des membres ont \u00e9t\u00e9 re\u00e7us hier, par le pr\u00e9sident Sa\u00efed, a fini par s&rsquo;exprimer, ce mardi 27 juillet 2021, en faveur des d\u00e9cisions de ce dernier, estimant qu&rsquo;il a ainsi r\u00e9pondu aux revendications des Tunisien, sortis dans la rue pour demander \u00e0 mettre fin \u00e0 une crise \u00e9conomique, sociale et politique, qui n&rsquo;a que trop durer : \u00ab<em>Ces d\u00e9cisions devront cependant \u00eatre accompagn\u00e9es par des garanties afin de pr\u00e9server les droits et libert\u00e9s peuple\u00bb.<\/em><\/p>\n\n\n\n<p>Dans son communiqu\u00e9 L&rsquo;Onat , qui a r\u00e9affirm\u00e9 son attachement \u00e0 la lutte contre la corruption ainsi qu&rsquo;\u00e0 la r\u00e9forme du syst\u00e8me judiciaire pour garantir son ind\u00e9pendance et mettre fin \u00e0 l&rsquo;impunit\u00e9, a appel\u00e9 le pr\u00e9sident Sa\u00efed \u00e0 ouvrir tous les dossiers en lien avec la corruption, les crimes \u00e9lectoraux, le terrorisme et en particulier, les affaires des martyrs Chokri Bela\u00efd et Mohamed Brahmi et des martyrs des institutions s\u00e9curitaire et militaire .<\/p>\n\n\n\n<p>Pour l&rsquo;Onat a \u00e9galement appel\u00e9 \u00e0 la r\u00e9vision de la loi \u00e9lectorale et du r\u00e9gime politique pour r\u00e9pondre aux attentes et \u00e0 la volont\u00e9 du peuple.<\/p>\n\n\n\n<p class=\"has-text-align-right\"><strong>Y. N.<\/strong><\/p>\n","protected":false},"excerpt":{"rendered":"<p>L\u2019Ordre national des avocats tunisiens (Onat) s&rsquo;aligne avec les d\u00e9cisions du pr\u00e9sident de la R\u00e9publique, Ka\u00efs Sa\u00efed, notamment le gel des activit\u00e9s de l&rsquo;Assembl\u00e9e et la lev\u00e9e de l\u2019immunit\u00e9 des d\u00e9put\u00e9s et a dans ce sens appel\u00e9 le chef de l\u2019\u00c9tat \u00e0 ouvrir les dossiers en lien avec la corruption et le terrorisme et en&#8230;<\/p>\n","protected":false},"author":6,"featured_media":357548,"comment_status":"open","ping_status":"open","sticky":false,"template":"","format":"standard","meta":{"footnotes":""},"categories":[997,2433],"tags":[93,64471,9065,64355,4696,11007,87935,897,62643,1117],"class_list":["post-357546","post","type-post","status-publish","format-standard","has-post-thumbnail","hentry","category-politique","category-tunisie","tag-assemblee","tag-corruption","tag-impunite","tag-justice","tag-ordre-des-avocats","tag-peuple","tag-saied-2","tag-terrorisme","tag-tunisie","tag-tunisiens"],"yoast_head":"<!-- This site is optimized with the Yoast SEO plugin v26.6 - https:\/\/yoast.com\/wordpress\/plugins\/seo\/ -->\n<title>Tunisie : L\u2019Ordre des avocats appelle Sa\u00efed \u00e0 ouvrir les dossiers de corruption et de terrorisme - Kapitalis<\/title>\n<meta name=\"robots\" content=\"index, follow, max-snippet:-1, max-image-preview:large, max-video-preview:-1\" \/>\n<link rel=\"canonical\" href=\"https:\/\/kapitalis.com\/tunisie\/2021\/07\/27\/tunisie-lordre-des-avocats-appelle-saied-a-ouvrir-les-dossiers-de-corruption-et-de-terrorisme\/\" \/>\n<meta property=\"og:locale\" content=\"fr_FR\" \/>\n<meta property=\"og:type\" content=\"article\" \/>\n<meta property=\"og:title\" content=\"Tunisie : L\u2019Ordre des avocats appelle Sa\u00efed \u00e0 ouvrir les dossiers de corruption et de terrorisme - Kapitalis\" \/>\n<meta property=\"og:description\" content=\"L\u2019Ordre national des avocats tunisiens (Onat) s&rsquo;aligne avec les d\u00e9cisions du pr\u00e9sident de la R\u00e9publique, Ka\u00efs Sa\u00efed, notamment le gel des activit\u00e9s de l&rsquo;Assembl\u00e9e et la lev\u00e9e de l\u2019immunit\u00e9 des d\u00e9put\u00e9s et a dans ce sens appel\u00e9 le chef de l\u2019\u00c9tat \u00e0 ouvrir les dossiers en lien avec la corruption et le terrorisme et en...\" \/>\n<meta property=\"og:url\" content=\"https:\/\/kapitalis.com\/tunisie\/2021\/07\/27\/tunisie-lordre-des-avocats-appelle-saied-a-ouvrir-les-dossiers-de-corruption-et-de-terrorisme\/\" \/>\n<meta property=\"og:site_name\" content=\"Kapitalis\" \/>\n<meta property=\"article:publisher\" content=\"https:\/\/www.facebook.com\/KapitalisInfo\/\" \/>\n<meta property=\"article:published_time\" content=\"2021-07-27T22:24:04+00:00\" \/>\n<meta property=\"article:modified_time\" content=\"2021-07-27T22:28:23+00:00\" \/>\n<meta property=\"og:image\" content=\"https:\/\/kapitalis.com\/tunisie\/wp-content\/uploads\/2022\/05\/kapitalis-logo-fb.png\" \/>\n\t<meta property=\"og:image:width\" content=\"1200\" \/>\n\t<meta property=\"og:image:height\" content=\"630\" \/>\n\t<meta property=\"og:image:type\" content=\"image\/png\" \/>\n<meta name=\"author\" content=\"Yusra NY\" \/>\n<meta name=\"twitter:card\" content=\"summary_large_image\" \/>\n<meta name=\"twitter:creator\" content=\"@KapitalisInfo\" \/>\n<meta name=\"twitter:site\" content=\"@KapitalisInfo\" \/>\n<meta name=\"twitter:label1\" content=\"\u00c9crit par\" \/>\n\t<meta name=\"twitter:data1\" content=\"Yusra NY\" \/>\n\t<meta name=\"twitter:label2\" content=\"Dur\u00e9e de lecture estim\u00e9e\" \/>\n\t<meta name=\"twitter:data2\" content=\"1 minute\" \/>\n<script type=\"application\/ld+json\" class=\"yoast-schema-graph\">{\"@context\":\"https:\/\/schema.org\",\"@graph\":[{\"@type\":\"Article\",\"@id\":\"https:\/\/kapitalis.com\/tunisie\/2021\/07\/27\/tunisie-lordre-des-avocats-appelle-saied-a-ouvrir-les-dossiers-de-corruption-et-de-terrorisme\/#article\",\"isPartOf\":{\"@id\":\"https:\/\/kapitalis.com\/tunisie\/2021\/07\/27\/tunisie-lordre-des-avocats-appelle-saied-a-ouvrir-les-dossiers-de-corruption-et-de-terrorisme\/\"},\"author\":{\"name\":\"Yusra NY\",\"@id\":\"https:\/\/kapitalis.com\/tunisie\/#\/schema\/person\/74bbde0154d49d790a92aaeac5bc01d5\"},\"headline\":\"Tunisie : L\u2019Ordre des avocats appelle Sa\u00efed \u00e0 ouvrir les dossiers de corruption et de terrorisme\",\"datePublished\":\"2021-07-27T22:24:04+00:00\",\"dateModified\":\"2021-07-27T22:28:23+00:00\",\"mainEntityOfPage\":{\"@id\":\"https:\/\/kapitalis.com\/tunisie\/2021\/07\/27\/tunisie-lordre-des-avocats-appelle-saied-a-ouvrir-les-dossiers-de-corruption-et-de-terrorisme\/\"},\"wordCount\":289,\"commentCount\":1,\"publisher\":{\"@id\":\"https:\/\/kapitalis.com\/tunisie\/#organization\"},\"image\":{\"@id\":\"https:\/\/kapitalis.com\/tunisie\/2021\/07\/27\/tunisie-lordre-des-avocats-appelle-saied-a-ouvrir-les-dossiers-de-corruption-et-de-terrorisme\/#primaryimage\"},\"thumbnailUrl\":\"\",\"keywords\":[\"Assembl\u00e9e\",\"corruption\",\"impunit\u00e9\",\"justice\",\"Ordre des avocats\",\"peuple\",\"Sa\u00efed\",\"terrorisme\",\"Tunisie\",\"tunisiens\"],\"articleSection\":[\"POLITIQUE\",\"Tunisie\"],\"inLanguage\":\"fr-FR\",\"potentialAction\":[{\"@type\":\"CommentAction\",\"name\":\"Comment\",\"target\":[\"https:\/\/kapitalis.com\/tunisie\/2021\/07\/27\/tunisie-lordre-des-avocats-appelle-saied-a-ouvrir-les-dossiers-de-corruption-et-de-terrorisme\/#respond\"]}]},{\"@type\":\"WebPage\",\"@id\":\"https:\/\/kapitalis.com\/tunisie\/2021\/07\/27\/tunisie-lordre-des-avocats-appelle-saied-a-ouvrir-les-dossiers-de-corruption-et-de-terrorisme\/\",\"url\":\"https:\/\/kapitalis.com\/tunisie\/2021\/07\/27\/tunisie-lordre-des-avocats-appelle-saied-a-ouvrir-les-dossiers-de-corruption-et-de-terrorisme\/\",\"name\":\"Tunisie : L\u2019Ordre des avocats appelle Sa\u00efed \u00e0 ouvrir les dossiers de corruption et de terrorisme - Kapitalis\",\"isPartOf\":{\"@id\":\"https:\/\/kapitalis.com\/tunisie\/#website\"},\"primaryImageOfPage\":{\"@id\":\"https:\/\/kapitalis.com\/tunisie\/2021\/07\/27\/tunisie-lordre-des-avocats-appelle-saied-a-ouvrir-les-dossiers-de-corruption-et-de-terrorisme\/#primaryimage\"},\"image\":{\"@id\":\"https:\/\/kapitalis.com\/tunisie\/2021\/07\/27\/tunisie-lordre-des-avocats-appelle-saied-a-ouvrir-les-dossiers-de-corruption-et-de-terrorisme\/#primaryimage\"},\"thumbnailUrl\":\"\",\"datePublished\":\"2021-07-27T22:24:04+00:00\",\"dateModified\":\"2021-07-27T22:28:23+00:00\",\"breadcrumb\":{\"@id\":\"https:\/\/kapitalis.com\/tunisie\/2021\/07\/27\/tunisie-lordre-des-avocats-appelle-saied-a-ouvrir-les-dossiers-de-corruption-et-de-terrorisme\/#breadcrumb\"},\"inLanguage\":\"fr-FR\",\"potentialAction\":[{\"@type\":\"ReadAction\",\"target\":[\"https:\/\/kapitalis.com\/tunisie\/2021\/07\/27\/tunisie-lordre-des-avocats-appelle-saied-a-ouvrir-les-dossiers-de-corruption-et-de-terrorisme\/\"]}]},{\"@type\":\"ImageObject\",\"inLanguage\":\"fr-FR\",\"@id\":\"https:\/\/kapitalis.com\/tunisie\/2021\/07\/27\/tunisie-lordre-des-avocats-appelle-saied-a-ouvrir-les-dossiers-de-corruption-et-de-terrorisme\/#primaryimage\",\"url\":\"\",\"contentUrl\":\"\"},{\"@type\":\"BreadcrumbList\",\"@id\":\"https:\/\/kapitalis.com\/tunisie\/2021\/07\/27\/tunisie-lordre-des-avocats-appelle-saied-a-ouvrir-les-dossiers-de-corruption-et-de-terrorisme\/#breadcrumb\",\"itemListElement\":[{\"@type\":\"ListItem\",\"position\":1,\"name\":\"Accueil\",\"item\":\"https:\/\/kapitalis.com\/tunisie\/\"},{\"@type\":\"ListItem\",\"position\":2,\"name\":\"Tunisie : L\u2019Ordre des avocats appelle Sa\u00efed \u00e0 ouvrir les dossiers de corruption et de terrorisme\"}]},{\"@type\":\"WebSite\",\"@id\":\"https:\/\/kapitalis.com\/tunisie\/#website\",\"url\":\"https:\/\/kapitalis.com\/tunisie\/\",\"name\":\"Kapitalis\",\"description\":\"L&#039;actualit\u00e9 en Tunisie et dans le monde\",\"publisher\":{\"@id\":\"https:\/\/kapitalis.com\/tunisie\/#organization\"},\"potentialAction\":[{\"@type\":\"SearchAction\",\"target\":{\"@type\":\"EntryPoint\",\"urlTemplate\":\"https:\/\/kapitalis.com\/tunisie\/?s={search_term_string}\"},\"query-input\":{\"@type\":\"PropertyValueSpecification\",\"valueRequired\":true,\"valueName\":\"search_term_string\"}}],\"inLanguage\":\"fr-FR\"},{\"@type\":\"Organization\",\"@id\":\"https:\/\/kapitalis.com\/tunisie\/#organization\",\"name\":\"Kapitalis\",\"url\":\"https:\/\/kapitalis.com\/tunisie\/\",\"logo\":{\"@type\":\"ImageObject\",\"inLanguage\":\"fr-FR\",\"@id\":\"https:\/\/kapitalis.com\/tunisie\/#\/schema\/logo\/image\/\",\"url\":\"https:\/\/kapitalis.com\/tunisie\/wp-content\/uploads\/2022\/05\/Kapitalis-big-size.png\",\"contentUrl\":\"https:\/\/kapitalis.com\/tunisie\/wp-content\/uploads\/2022\/05\/Kapitalis-big-size.png\",\"width\":5000,\"height\":1500,\"caption\":\"Kapitalis\"},\"image\":{\"@id\":\"https:\/\/kapitalis.com\/tunisie\/#\/schema\/logo\/image\/\"},\"sameAs\":[\"https:\/\/www.facebook.com\/KapitalisInfo\/\",\"https:\/\/x.com\/KapitalisInfo\",\"https:\/\/www.youtube.com\/channel\/UC-yDYrHyfFBWWZaOw3FPg9Q\"]},{\"@type\":\"Person\",\"@id\":\"https:\/\/kapitalis.com\/tunisie\/#\/schema\/person\/74bbde0154d49d790a92aaeac5bc01d5\",\"name\":\"Yusra NY\",\"url\":\"https:\/\/kapitalis.com\/tunisie\/author\/yuza_adam\/\"}]}<\/script>\n<!-- \/ Yoast SEO plugin. -->","yoast_head_json":{"title":"Tunisie : L\u2019Ordre des avocats appelle Sa\u00efed \u00e0 ouvrir les dossiers de corruption et de terrorisme - Kapitalis","robots":{"index":"index","follow":"follow","max-snippet":"max-snippet:-1","max-image-preview":"max-image-preview:large","max-video-preview":"max-video-preview:-1"},"canonical":"https:\/\/kapitalis.com\/tunisie\/2021\/07\/27\/tunisie-lordre-des-avocats-appelle-saied-a-ouvrir-les-dossiers-de-corruption-et-de-terrorisme\/","og_locale":"fr_FR","og_type":"article","og_title":"Tunisie : L\u2019Ordre des avocats appelle Sa\u00efed \u00e0 ouvrir les dossiers de corruption et de terrorisme - Kapitalis","og_description":"L\u2019Ordre national des avocats tunisiens (Onat) s&rsquo;aligne avec les d\u00e9cisions du pr\u00e9sident de la R\u00e9publique, Ka\u00efs Sa\u00efed, notamment le gel des activit\u00e9s de l&rsquo;Assembl\u00e9e et la lev\u00e9e de l\u2019immunit\u00e9 des d\u00e9put\u00e9s et a dans ce sens appel\u00e9 le chef de l\u2019\u00c9tat \u00e0 ouvrir les dossiers en lien avec la corruption et le terrorisme et en...","og_url":"https:\/\/kapitalis.com\/tunisie\/2021\/07\/27\/tunisie-lordre-des-avocats-appelle-saied-a-ouvrir-les-dossiers-de-corruption-et-de-terrorisme\/","og_site_name":"Kapitalis","article_publisher":"https:\/\/www.facebook.com\/KapitalisInfo\/","article_published_time":"2021-07-27T22:24:04+00:00","article_modified_time":"2021-07-27T22:28:23+00:00","og_image":[{"width":1200,"height":630,"url":"https:\/\/kapitalis.com\/tunisie\/wp-content\/uploads\/2022\/05\/kapitalis-logo-fb.png","type":"image\/png"}],"author":"Yusra NY","twitter_card":"summary_large_image","twitter_creator":"@KapitalisInfo","twitter_site":"@KapitalisInfo","twitter_misc":{"\u00c9crit par":"Yusra NY","Dur\u00e9e de lecture estim\u00e9e":"1 minute"},"schema":{"@context":"https:\/\/schema.org","@graph":[{"@type":"Article","@id":"https:\/\/kapitalis.com\/tunisie\/2021\/07\/27\/tunisie-lordre-des-avocats-appelle-saied-a-ouvrir-les-dossiers-de-corruption-et-de-terrorisme\/#article","isPartOf":{"@id":"https:\/\/kapitalis.com\/tunisie\/2021\/07\/27\/tunisie-lordre-des-avocats-appelle-saied-a-ouvrir-les-dossiers-de-corruption-et-de-terrorisme\/"},"author":{"name":"Yusra NY","@id":"https:\/\/kapitalis.com\/tunisie\/#\/schema\/person\/74bbde0154d49d790a92aaeac5bc01d5"},"headline":"Tunisie : L\u2019Ordre des avocats appelle Sa\u00efed \u00e0 ouvrir les dossiers de corruption et de terrorisme","datePublished":"2021-07-27T22:24:04+00:00","dateModified":"2021-07-27T22:28:23+00:00","mainEntityOfPage":{"@id":"https:\/\/kapitalis.com\/tunisie\/2021\/07\/27\/tunisie-lordre-des-avocats-appelle-saied-a-ouvrir-les-dossiers-de-corruption-et-de-terrorisme\/"},"wordCount":289,"commentCount":1,"publisher":{"@id":"https:\/\/kapitalis.com\/tunisie\/#organization"},"image":{"@id":"https:\/\/kapitalis.com\/tunisie\/2021\/07\/27\/tunisie-lordre-des-avocats-appelle-saied-a-ouvrir-les-dossiers-de-corruption-et-de-terrorisme\/#primaryimage"},"thumbnailUrl":"","keywords":["Assembl\u00e9e","corruption","impunit\u00e9","justice","Ordre des avocats","peuple","Sa\u00efed","terrorisme","Tunisie","tunisiens"],"articleSection":["POLITIQUE","Tunisie"],"inLanguage":"fr-FR","potentialAction":[{"@type":"CommentAction","name":"Comment","target":["https:\/\/kapitalis.com\/tunisie\/2021\/07\/27\/tunisie-lordre-des-avocats-appelle-saied-a-ouvrir-les-dossiers-de-corruption-et-de-terrorisme\/#respond"]}]},{"@type":"WebPage","@id":"https:\/\/kapitalis.com\/tunisie\/2021\/07\/27\/tunisie-lordre-des-avocats-appelle-saied-a-ouvrir-les-dossiers-de-corruption-et-de-terrorisme\/","url":"https:\/\/kapitalis.com\/tunisie\/2021\/07\/27\/tunisie-lordre-des-avocats-appelle-saied-a-ouvrir-les-dossiers-de-corruption-et-de-terrorisme\/","name":"Tunisie : L\u2019Ordre des avocats appelle Sa\u00efed \u00e0 ouvrir les dossiers de corruption et de terrorisme - Kapitalis","isPartOf":{"@id":"https:\/\/kapitalis.com\/tunisie\/#website"},"primaryImageOfPage":{"@id":"https:\/\/kapitalis.com\/tunisie\/2021\/07\/27\/tunisie-lordre-des-avocats-appelle-saied-a-ouvrir-les-dossiers-de-corruption-et-de-terrorisme\/#primaryimage"},"image":{"@id":"https:\/\/kapitalis.com\/tunisie\/2021\/07\/27\/tunisie-lordre-des-avocats-appelle-saied-a-ouvrir-les-dossiers-de-corruption-et-de-terrorisme\/#primaryimage"},"thumbnailUrl":"","datePublished":"2021-07-27T22:24:04+00:00","dateModified":"2021-07-27T22:28:23+00:00","breadcrumb":{"@id":"https:\/\/kapitalis.com\/tunisie\/2021\/07\/27\/tunisie-lordre-des-avocats-appelle-saied-a-ouvrir-les-dossiers-de-corruption-et-de-terrorisme\/#breadcrumb"},"inLanguage":"fr-FR","potentialAction":[{"@type":"ReadAction","target":["https:\/\/kapitalis.com\/tunisie\/2021\/07\/27\/tunisie-lordre-des-avocats-appelle-saied-a-ouvrir-les-dossiers-de-corruption-et-de-terrorisme\/"]}]},{"@type":"ImageObject","inLanguage":"fr-FR","@id":"https:\/\/kapitalis.com\/tunisie\/2021\/07\/27\/tunisie-lordre-des-avocats-appelle-saied-a-ouvrir-les-dossiers-de-corruption-et-de-terrorisme\/#primaryimage","url":"","contentUrl":""},{"@type":"BreadcrumbList","@id":"https:\/\/kapitalis.com\/tunisie\/2021\/07\/27\/tunisie-lordre-des-avocats-appelle-saied-a-ouvrir-les-dossiers-de-corruption-et-de-terrorisme\/#breadcrumb","itemListElement":[{"@type":"ListItem","position":1,"name":"Accueil","item":"https:\/\/kapitalis.com\/tunisie\/"},{"@type":"ListItem","position":2,"name":"Tunisie : L\u2019Ordre des avocats appelle Sa\u00efed \u00e0 ouvrir les dossiers de corruption et de terrorisme"}]},{"@type":"WebSite","@id":"https:\/\/kapitalis.com\/tunisie\/#website","url":"https:\/\/kapitalis.com\/tunisie\/","name":"Kapitalis","description":"L&#039;actualit\u00e9 en Tunisie et dans le monde","publisher":{"@id":"https:\/\/kapitalis.com\/tunisie\/#organization"},"potentialAction":[{"@type":"SearchAction","target":{"@type":"EntryPoint","urlTemplate":"https:\/\/kapitalis.com\/tunisie\/?s={search_term_string}"},"query-input":{"@type":"PropertyValueSpecification","valueRequired":true,"valueName":"search_term_string"}}],"inLanguage":"fr-FR"},{"@type":"Organization","@id":"https:\/\/kapitalis.com\/tunisie\/#organization","name":"Kapitalis","url":"https:\/\/kapitalis.com\/tunisie\/","logo":{"@type":"ImageObject","inLanguage":"fr-FR","@id":"https:\/\/kapitalis.com\/tunisie\/#\/schema\/logo\/image\/","url":"https:\/\/kapitalis.com\/tunisie\/wp-content\/uploads\/2022\/05\/Kapitalis-big-size.png","contentUrl":"https:\/\/kapitalis.com\/tunisie\/wp-content\/uploads\/2022\/05\/Kapitalis-big-size.png","width":5000,"height":1500,"caption":"Kapitalis"},"image":{"@id":"https:\/\/kapitalis.com\/tunisie\/#\/schema\/logo\/image\/"},"sameAs":["https:\/\/www.facebook.com\/KapitalisInfo\/","https:\/\/x.com\/KapitalisInfo","https:\/\/www.youtube.com\/channel\/UC-yDYrHyfFBWWZaOw3FPg9Q"]},{"@type":"Person","@id":"https:\/\/kapitalis.com\/tunisie\/#\/schema\/person\/74bbde0154d49d790a92aaeac5bc01d5","name":"Yusra NY","url":"https:\/\/kapitalis.com\/tunisie\/author\/yuza_adam\/"}]}},"_links":{"self":[{"href":"https:\/\/kapitalis.com\/tunisie\/wp-json\/wp\/v2\/posts\/357546","targetHints":{"allow":["GET"]}}],"collection":[{"href":"https:\/\/kapitalis.com\/tunisie\/wp-json\/wp\/v2\/posts"}],"about":[{"href":"https:\/\/kapitalis.com\/tunisie\/wp-json\/wp\/v2\/types\/post"}],"author":[{"embeddable":true,"href":"https:\/\/kapitalis.com\/tunisie\/wp-json\/wp\/v2\/users\/6"}],"replies":[{"embeddable":true,"href":"https:\/\/kapitalis.com\/tunisie\/wp-json\/wp\/v2\/comments?post=357546"}],"version-history":[{"count":0,"href":"https:\/\/kapitalis.com\/tunisie\/wp-json\/wp\/v2\/posts\/357546\/revisions"}],"wp:featuredmedia":[{"embeddable":true,"href":"https:\/\/kapitalis.com\/tunisie\/wp-json\/wp\/v2\/media\/357548"}],"wp:attachment":[{"href":"https:\/\/kapitalis.com\/tunisie\/wp-json\/wp\/v2\/media?parent=357546"}],"wp:term":[{"taxonomy":"category","embeddable":true,"href":"https:\/\/kapitalis.com\/tunisie\/wp-json\/wp\/v2\/categories?post=357546"},{"taxonomy":"post_tag","embeddable":true,"href":"https:\/\/kapitalis.com\/tunisie\/wp-json\/wp\/v2\/tags?post=357546"}],"curies":[{"name":"wp","href":"https:\/\/api.w.org\/{rel}","templated":true}]}}