{"id":357903,"date":"2021-07-30T20:18:10","date_gmt":"2021-07-30T19:18:10","guid":{"rendered":"http:\/\/kapitalis.com\/tunisie\/?p=357903"},"modified":"2021-07-30T21:42:54","modified_gmt":"2021-07-30T20:42:54","slug":"ghannouchi-la-tunisie-pourrait-sombrer-dans-le-chaos-total-si-video","status":"publish","type":"post","link":"https:\/\/kapitalis.com\/tunisie\/2021\/07\/30\/ghannouchi-la-tunisie-pourrait-sombrer-dans-le-chaos-total-si-video\/","title":{"rendered":"Ghannouchi : \u00abLa Tunisie pourrait sombrer dans le chaos total, si\u2026\u00bb (Vid\u00e9o)"},"content":{"rendered":"\n<div class=\"wp-block-image\"><figure class=\"aligncenter size-large\"><img decoding=\"async\" src=\"http:\/\/kapitalis.com\/tunisie\/wp-content\/uploads\/2021\/07\/Ghannouchi-Chaos-Tunisie.jpg\" alt=\"\" class=\"wp-image-357905\"\/><\/figure><\/div>\n\n\n\n<p><strong><em>Dans un entretien avec le journal italien \u00ab\u00a0<a href=\"https:\/\/www.corriere.it\/esteri\/21_luglio_30\/ghannouchi-ennahda-tunisia-intervista-61406472-f09f-11eb-9f04-73cbb9ab1451_amp.html?fbclid=IwAR1r1xRDlc9JHqghh6tquMn6mjeJTZ4KJePr7givgjPcViBKdRgRRU2plSw\" target=\"_blank\" rel=\"noreferrer noopener\">Corriere della sera\u00a0\u00bb<\/a>, Rached Ghannouchi, chef du parti islamiste Ennahdha et pr\u00e9sident du Parlement gel\u00e9, depuis le 25 juillet 2021, a appel\u00e9 les pays europ\u00e9ens \u00e0 l&rsquo;aide. \u00abSi la d\u00e9mocratie n\u2019est pas r\u00e9tablie, la Tunisie pourrait sombrer dans le chaos total\u00bb, a-t-il lanc\u00e9.<\/em><\/strong><\/p>\n\n\n\n<!--more-->\n\n\n\n<p>Dans l\u2019interview r\u00e9alis\u00e9e par Lorenzo Cremonesi et parue ce vendredi 30 juillet 2021, le chef du parti islamiste a r\u00e9affirm\u00e9 son rejet des d\u00e9cisions prises par le pr\u00e9sident de la r\u00e9publique Ka\u00efs Sa\u00efed, en indiquant que son parti r\u00e9sistera par tous les moyens pacifiques et l\u00e9gaux pour un retour de la d\u00e9mocratie, notamment avec la r\u00e9ouverture du parlement, dont les activit\u00e9s sont gel\u00e9es depuis le 25 juillet et pour une dur\u00e9e d&rsquo;un mois.<\/p>\n\n\n\n<p>Rached Ghannouchi a par ailleurs appel\u00e9 \u00e0 l&rsquo;aide, arguant que les pays de l&rsquo;Europe, et particuli\u00e8rement la France et l&rsquo;Italie, sont dans le m\u00eame bateau que la Tunisie ,ainsi que la Libye et l&rsquo;Alg\u00e9rie : <em>\u00abL\u2019instabilit\u00e9 pourrait pousser des personnes \u00e0 quitter le pays. Plus de 500.000 migrants tunisiens pourraient tenter de rejoindre les c\u00f4tes italiennes\u00bb<\/em> a-t-il dit, en appelant les pays europ\u00e9ens \u00e0 faire pression pour aider la Tunisie \u00e0 revenir \u00e0 la d\u00e9mocratie et rouvrir le parlement ferm\u00e9 par l&rsquo;arm\u00e9e.<\/p>\n\n\n\n<p>Le cheikh islamiste a cependant affirm\u00e9 que son parti fera son possible pour \u00e9viter cela : <em>\u00abMais nous ne pouvons garantir que cela n\u2019arrivera pas\u00bb.<\/em><\/p>\n\n\n\n<center>\n<iframe loading=\"lazy\" src=\"https:\/\/www.facebook.com\/plugins\/video.php?height=311&#038;href=https%3A%2F%2Fwww.facebook.com%2FAthadAlymynWAlysarMnAjlTwns%2Fvideos%2F966341837497483%2F&#038;show_text=false&#038;width=560&#038;t=0\" width=\"560\" height=\"311\" style=\"border:none;overflow:hidden\" scrolling=\"no\" frameborder=\"0\" allowfullscreen=\"true\" allow=\"autoplay; clipboard-write; encrypted-media; picture-in-picture; web-share\" allowFullScreen=\"true\"><\/iframe>\n<\/center>\n\n\n\n<center>\n<iframe loading=\"lazy\" src=\"https:\/\/www.facebook.com\/plugins\/video.php?height=476&amp;href=https%3A%2F%2Fwww.facebook.com%2Feremnewsme%2Fvideos%2F556900805495689%2F&amp;show_text=false&amp;width=476&amp;t=0\" style=\"border:none;overflow:hidden\" scrolling=\"no\" allowfullscreen=\"true\" allow=\"autoplay; clipboard-write; encrypted-media; picture-in-picture; web-share\" width=\"476\" height=\"476\" frameborder=\"0\"><\/iframe>\n<\/center>\n\n\n\n<p class=\"has-text-align-right\"><strong>Y. N.<\/strong><\/p>\n\n\n\n<figure class=\"wp-block-embed is-type-wp-embed is-provider-kapitalis wp-block-embed-kapitalis\"><div class=\"wp-block-embed__wrapper\">\n<blockquote class=\"wp-embedded-content\" data-secret=\"lv0OHoo9lp\"><a href=\"https:\/\/kapitalis.com\/tunisie\/2021\/07\/29\/tunisie-ghannouchi-menace-de-recourir-a-la-rue\/\">Tunisie : Ghannouchi menace de recourir \u00e0 la rue<\/a><\/blockquote><iframe loading=\"lazy\" class=\"wp-embedded-content\" sandbox=\"allow-scripts\" security=\"restricted\" style=\"position: absolute; clip: rect(1px, 1px, 1px, 1px);\" title=\"\u00ab\u00a0Tunisie : Ghannouchi menace de recourir \u00e0 la rue\u00a0\u00bb &#8212; Kapitalis\" src=\"https:\/\/kapitalis.com\/tunisie\/2021\/07\/29\/tunisie-ghannouchi-menace-de-recourir-a-la-rue\/embed\/#?secret=f3CUuljYZo#?secret=lv0OHoo9lp\" data-secret=\"lv0OHoo9lp\" width=\"600\" height=\"338\" frameborder=\"0\" marginwidth=\"0\" marginheight=\"0\" scrolling=\"no\"><\/iframe>\n<\/div><\/figure>\n\n\n\n<figure class=\"wp-block-embed is-type-wp-embed is-provider-kapitalis wp-block-embed-kapitalis\"><div class=\"wp-block-embed__wrapper\">\n<blockquote class=\"wp-embedded-content\" data-secret=\"jeCuiIrPAX\"><a href=\"https:\/\/kapitalis.com\/tunisie\/2021\/07\/30\/tunisie-rached-ghannouchi-game-over\/\">Tunisie : Rached Ghannouchi, game over!<\/a><\/blockquote><iframe loading=\"lazy\" class=\"wp-embedded-content\" sandbox=\"allow-scripts\" security=\"restricted\" style=\"position: absolute; clip: rect(1px, 1px, 1px, 1px);\" title=\"\u00ab\u00a0Tunisie : Rached Ghannouchi, game over!\u00a0\u00bb &#8212; Kapitalis\" src=\"https:\/\/kapitalis.com\/tunisie\/2021\/07\/30\/tunisie-rached-ghannouchi-game-over\/embed\/#?secret=OhHrd6qqZQ#?secret=jeCuiIrPAX\" data-secret=\"jeCuiIrPAX\" width=\"600\" height=\"338\" frameborder=\"0\" marginwidth=\"0\" marginheight=\"0\" scrolling=\"no\"><\/iframe>\n<\/div><\/figure>\n","protected":false},"excerpt":{"rendered":"<p>Dans un entretien avec le journal italien \u00ab\u00a0Corriere della sera\u00a0\u00bb, Rached Ghannouchi, chef du parti islamiste Ennahdha et pr\u00e9sident du Parlement gel\u00e9, depuis le 25 juillet 2021, a appel\u00e9 les pays europ\u00e9ens \u00e0 l&rsquo;aide. \u00abSi la d\u00e9mocratie n\u2019est pas r\u00e9tablie, la Tunisie pourrait sombrer dans le chaos total\u00bb, a-t-il lanc\u00e9.<\/p>\n","protected":false},"author":6,"featured_media":357905,"comment_status":"open","ping_status":"open","sticky":false,"template":"","format":"standard","meta":{"footnotes":""},"categories":[997,2433,4806],"tags":[81036,93,49543,356,413,505,92370,1312,87935,62643],"class_list":["post-357903","post","type-post","status-publish","format-standard","has-post-thumbnail","hentry","category-politique","category-tunisie","category-videos","tag-article-80","tag-assemblee","tag-ennahdha","tag-europe","tag-ghannouchi","tag-italie","tag-journal-italien","tag-parti-islamiste","tag-saied-2","tag-tunisie"],"yoast_head":"<!-- This site is optimized with the Yoast SEO plugin v26.6 - https:\/\/yoast.com\/wordpress\/plugins\/seo\/ -->\n<title>Ghannouchi : \u00abLa Tunisie pourrait sombrer dans le chaos total, si\u2026\u00bb (Vid\u00e9o) - Kapitalis<\/title>\n<meta name=\"robots\" content=\"index, follow, max-snippet:-1, max-image-preview:large, max-video-preview:-1\" \/>\n<link rel=\"canonical\" href=\"https:\/\/kapitalis.com\/tunisie\/2021\/07\/30\/ghannouchi-la-tunisie-pourrait-sombrer-dans-le-chaos-total-si-video\/\" \/>\n<meta property=\"og:locale\" content=\"fr_FR\" \/>\n<meta property=\"og:type\" content=\"article\" \/>\n<meta property=\"og:title\" content=\"Ghannouchi : \u00abLa Tunisie pourrait sombrer dans le chaos total, si\u2026\u00bb (Vid\u00e9o) - Kapitalis\" \/>\n<meta property=\"og:description\" content=\"Dans un entretien avec le journal italien \u00ab\u00a0Corriere della sera\u00a0\u00bb, Rached Ghannouchi, chef du parti islamiste Ennahdha et pr\u00e9sident du Parlement gel\u00e9, depuis le 25 juillet 2021, a appel\u00e9 les pays europ\u00e9ens \u00e0 l&rsquo;aide. \u00abSi la d\u00e9mocratie n\u2019est pas r\u00e9tablie, la Tunisie pourrait sombrer dans le chaos total\u00bb, a-t-il lanc\u00e9.\" \/>\n<meta property=\"og:url\" content=\"https:\/\/kapitalis.com\/tunisie\/2021\/07\/30\/ghannouchi-la-tunisie-pourrait-sombrer-dans-le-chaos-total-si-video\/\" \/>\n<meta property=\"og:site_name\" content=\"Kapitalis\" \/>\n<meta property=\"article:publisher\" content=\"https:\/\/www.facebook.com\/KapitalisInfo\/\" \/>\n<meta property=\"article:published_time\" content=\"2021-07-30T19:18:10+00:00\" \/>\n<meta property=\"article:modified_time\" content=\"2021-07-30T20:42:54+00:00\" \/>\n<meta property=\"og:image\" content=\"https:\/\/kapitalis.com\/tunisie\/wp-content\/uploads\/2022\/05\/kapitalis-logo-fb.png\" \/>\n\t<meta property=\"og:image:width\" content=\"1200\" \/>\n\t<meta property=\"og:image:height\" content=\"630\" \/>\n\t<meta property=\"og:image:type\" content=\"image\/png\" \/>\n<meta name=\"author\" content=\"Yusra NY\" \/>\n<meta name=\"twitter:card\" content=\"summary_large_image\" \/>\n<meta name=\"twitter:creator\" content=\"@KapitalisInfo\" \/>\n<meta name=\"twitter:site\" content=\"@KapitalisInfo\" \/>\n<meta name=\"twitter:label1\" content=\"\u00c9crit par\" \/>\n\t<meta name=\"twitter:data1\" content=\"Yusra NY\" \/>\n\t<meta name=\"twitter:label2\" content=\"Dur\u00e9e de lecture estim\u00e9e\" \/>\n\t<meta name=\"twitter:data2\" content=\"1 minute\" \/>\n<script type=\"application\/ld+json\" class=\"yoast-schema-graph\">{\"@context\":\"https:\/\/schema.org\",\"@graph\":[{\"@type\":\"Article\",\"@id\":\"https:\/\/kapitalis.com\/tunisie\/2021\/07\/30\/ghannouchi-la-tunisie-pourrait-sombrer-dans-le-chaos-total-si-video\/#article\",\"isPartOf\":{\"@id\":\"https:\/\/kapitalis.com\/tunisie\/2021\/07\/30\/ghannouchi-la-tunisie-pourrait-sombrer-dans-le-chaos-total-si-video\/\"},\"author\":{\"name\":\"Yusra NY\",\"@id\":\"https:\/\/kapitalis.com\/tunisie\/#\/schema\/person\/74bbde0154d49d790a92aaeac5bc01d5\"},\"headline\":\"Ghannouchi : \u00abLa Tunisie pourrait sombrer dans le chaos total, si\u2026\u00bb (Vid\u00e9o)\",\"datePublished\":\"2021-07-30T19:18:10+00:00\",\"dateModified\":\"2021-07-30T20:42:54+00:00\",\"mainEntityOfPage\":{\"@id\":\"https:\/\/kapitalis.com\/tunisie\/2021\/07\/30\/ghannouchi-la-tunisie-pourrait-sombrer-dans-le-chaos-total-si-video\/\"},\"wordCount\":270,\"commentCount\":19,\"publisher\":{\"@id\":\"https:\/\/kapitalis.com\/tunisie\/#organization\"},\"image\":{\"@id\":\"https:\/\/kapitalis.com\/tunisie\/2021\/07\/30\/ghannouchi-la-tunisie-pourrait-sombrer-dans-le-chaos-total-si-video\/#primaryimage\"},\"thumbnailUrl\":\"\",\"keywords\":[\"Article 80\",\"Assembl\u00e9e\",\"Ennahdha\",\"Europe\",\"ghannouchi\",\"Italie\",\"journal italien\",\"parti islamiste\",\"Sa\u00efed\",\"Tunisie\"],\"articleSection\":[\"POLITIQUE\",\"Tunisie\",\"VIDEOS\"],\"inLanguage\":\"fr-FR\",\"potentialAction\":[{\"@type\":\"CommentAction\",\"name\":\"Comment\",\"target\":[\"https:\/\/kapitalis.com\/tunisie\/2021\/07\/30\/ghannouchi-la-tunisie-pourrait-sombrer-dans-le-chaos-total-si-video\/#respond\"]}]},{\"@type\":\"WebPage\",\"@id\":\"https:\/\/kapitalis.com\/tunisie\/2021\/07\/30\/ghannouchi-la-tunisie-pourrait-sombrer-dans-le-chaos-total-si-video\/\",\"url\":\"https:\/\/kapitalis.com\/tunisie\/2021\/07\/30\/ghannouchi-la-tunisie-pourrait-sombrer-dans-le-chaos-total-si-video\/\",\"name\":\"Ghannouchi : \u00abLa Tunisie pourrait sombrer dans le chaos total, si\u2026\u00bb (Vid\u00e9o) - Kapitalis\",\"isPartOf\":{\"@id\":\"https:\/\/kapitalis.com\/tunisie\/#website\"},\"primaryImageOfPage\":{\"@id\":\"https:\/\/kapitalis.com\/tunisie\/2021\/07\/30\/ghannouchi-la-tunisie-pourrait-sombrer-dans-le-chaos-total-si-video\/#primaryimage\"},\"image\":{\"@id\":\"https:\/\/kapitalis.com\/tunisie\/2021\/07\/30\/ghannouchi-la-tunisie-pourrait-sombrer-dans-le-chaos-total-si-video\/#primaryimage\"},\"thumbnailUrl\":\"\",\"datePublished\":\"2021-07-30T19:18:10+00:00\",\"dateModified\":\"2021-07-30T20:42:54+00:00\",\"breadcrumb\":{\"@id\":\"https:\/\/kapitalis.com\/tunisie\/2021\/07\/30\/ghannouchi-la-tunisie-pourrait-sombrer-dans-le-chaos-total-si-video\/#breadcrumb\"},\"inLanguage\":\"fr-FR\",\"potentialAction\":[{\"@type\":\"ReadAction\",\"target\":[\"https:\/\/kapitalis.com\/tunisie\/2021\/07\/30\/ghannouchi-la-tunisie-pourrait-sombrer-dans-le-chaos-total-si-video\/\"]}]},{\"@type\":\"ImageObject\",\"inLanguage\":\"fr-FR\",\"@id\":\"https:\/\/kapitalis.com\/tunisie\/2021\/07\/30\/ghannouchi-la-tunisie-pourrait-sombrer-dans-le-chaos-total-si-video\/#primaryimage\",\"url\":\"\",\"contentUrl\":\"\"},{\"@type\":\"BreadcrumbList\",\"@id\":\"https:\/\/kapitalis.com\/tunisie\/2021\/07\/30\/ghannouchi-la-tunisie-pourrait-sombrer-dans-le-chaos-total-si-video\/#breadcrumb\",\"itemListElement\":[{\"@type\":\"ListItem\",\"position\":1,\"name\":\"Accueil\",\"item\":\"https:\/\/kapitalis.com\/tunisie\/\"},{\"@type\":\"ListItem\",\"position\":2,\"name\":\"Ghannouchi : \u00abLa Tunisie pourrait sombrer dans le chaos total, si\u2026\u00bb (Vid\u00e9o)\"}]},{\"@type\":\"WebSite\",\"@id\":\"https:\/\/kapitalis.com\/tunisie\/#website\",\"url\":\"https:\/\/kapitalis.com\/tunisie\/\",\"name\":\"Kapitalis\",\"description\":\"L&#039;actualit\u00e9 en Tunisie et dans le monde\",\"publisher\":{\"@id\":\"https:\/\/kapitalis.com\/tunisie\/#organization\"},\"potentialAction\":[{\"@type\":\"SearchAction\",\"target\":{\"@type\":\"EntryPoint\",\"urlTemplate\":\"https:\/\/kapitalis.com\/tunisie\/?s={search_term_string}\"},\"query-input\":{\"@type\":\"PropertyValueSpecification\",\"valueRequired\":true,\"valueName\":\"search_term_string\"}}],\"inLanguage\":\"fr-FR\"},{\"@type\":\"Organization\",\"@id\":\"https:\/\/kapitalis.com\/tunisie\/#organization\",\"name\":\"Kapitalis\",\"url\":\"https:\/\/kapitalis.com\/tunisie\/\",\"logo\":{\"@type\":\"ImageObject\",\"inLanguage\":\"fr-FR\",\"@id\":\"https:\/\/kapitalis.com\/tunisie\/#\/schema\/logo\/image\/\",\"url\":\"https:\/\/kapitalis.com\/tunisie\/wp-content\/uploads\/2022\/05\/Kapitalis-big-size.png\",\"contentUrl\":\"https:\/\/kapitalis.com\/tunisie\/wp-content\/uploads\/2022\/05\/Kapitalis-big-size.png\",\"width\":5000,\"height\":1500,\"caption\":\"Kapitalis\"},\"image\":{\"@id\":\"https:\/\/kapitalis.com\/tunisie\/#\/schema\/logo\/image\/\"},\"sameAs\":[\"https:\/\/www.facebook.com\/KapitalisInfo\/\",\"https:\/\/x.com\/KapitalisInfo\",\"https:\/\/www.youtube.com\/channel\/UC-yDYrHyfFBWWZaOw3FPg9Q\"]},{\"@type\":\"Person\",\"@id\":\"https:\/\/kapitalis.com\/tunisie\/#\/schema\/person\/74bbde0154d49d790a92aaeac5bc01d5\",\"name\":\"Yusra NY\",\"url\":\"https:\/\/kapitalis.com\/tunisie\/author\/yuza_adam\/\"}]}<\/script>\n<!-- \/ Yoast SEO plugin. -->","yoast_head_json":{"title":"Ghannouchi : \u00abLa Tunisie pourrait sombrer dans le chaos total, si\u2026\u00bb (Vid\u00e9o) - Kapitalis","robots":{"index":"index","follow":"follow","max-snippet":"max-snippet:-1","max-image-preview":"max-image-preview:large","max-video-preview":"max-video-preview:-1"},"canonical":"https:\/\/kapitalis.com\/tunisie\/2021\/07\/30\/ghannouchi-la-tunisie-pourrait-sombrer-dans-le-chaos-total-si-video\/","og_locale":"fr_FR","og_type":"article","og_title":"Ghannouchi : \u00abLa Tunisie pourrait sombrer dans le chaos total, si\u2026\u00bb (Vid\u00e9o) - Kapitalis","og_description":"Dans un entretien avec le journal italien \u00ab\u00a0Corriere della sera\u00a0\u00bb, Rached Ghannouchi, chef du parti islamiste Ennahdha et pr\u00e9sident du Parlement gel\u00e9, depuis le 25 juillet 2021, a appel\u00e9 les pays europ\u00e9ens \u00e0 l&rsquo;aide. \u00abSi la d\u00e9mocratie n\u2019est pas r\u00e9tablie, la Tunisie pourrait sombrer dans le chaos total\u00bb, a-t-il lanc\u00e9.","og_url":"https:\/\/kapitalis.com\/tunisie\/2021\/07\/30\/ghannouchi-la-tunisie-pourrait-sombrer-dans-le-chaos-total-si-video\/","og_site_name":"Kapitalis","article_publisher":"https:\/\/www.facebook.com\/KapitalisInfo\/","article_published_time":"2021-07-30T19:18:10+00:00","article_modified_time":"2021-07-30T20:42:54+00:00","og_image":[{"width":1200,"height":630,"url":"https:\/\/kapitalis.com\/tunisie\/wp-content\/uploads\/2022\/05\/kapitalis-logo-fb.png","type":"image\/png"}],"author":"Yusra NY","twitter_card":"summary_large_image","twitter_creator":"@KapitalisInfo","twitter_site":"@KapitalisInfo","twitter_misc":{"\u00c9crit par":"Yusra NY","Dur\u00e9e de lecture estim\u00e9e":"1 minute"},"schema":{"@context":"https:\/\/schema.org","@graph":[{"@type":"Article","@id":"https:\/\/kapitalis.com\/tunisie\/2021\/07\/30\/ghannouchi-la-tunisie-pourrait-sombrer-dans-le-chaos-total-si-video\/#article","isPartOf":{"@id":"https:\/\/kapitalis.com\/tunisie\/2021\/07\/30\/ghannouchi-la-tunisie-pourrait-sombrer-dans-le-chaos-total-si-video\/"},"author":{"name":"Yusra NY","@id":"https:\/\/kapitalis.com\/tunisie\/#\/schema\/person\/74bbde0154d49d790a92aaeac5bc01d5"},"headline":"Ghannouchi : \u00abLa Tunisie pourrait sombrer dans le chaos total, si\u2026\u00bb (Vid\u00e9o)","datePublished":"2021-07-30T19:18:10+00:00","dateModified":"2021-07-30T20:42:54+00:00","mainEntityOfPage":{"@id":"https:\/\/kapitalis.com\/tunisie\/2021\/07\/30\/ghannouchi-la-tunisie-pourrait-sombrer-dans-le-chaos-total-si-video\/"},"wordCount":270,"commentCount":19,"publisher":{"@id":"https:\/\/kapitalis.com\/tunisie\/#organization"},"image":{"@id":"https:\/\/kapitalis.com\/tunisie\/2021\/07\/30\/ghannouchi-la-tunisie-pourrait-sombrer-dans-le-chaos-total-si-video\/#primaryimage"},"thumbnailUrl":"","keywords":["Article 80","Assembl\u00e9e","Ennahdha","Europe","ghannouchi","Italie","journal italien","parti islamiste","Sa\u00efed","Tunisie"],"articleSection":["POLITIQUE","Tunisie","VIDEOS"],"inLanguage":"fr-FR","potentialAction":[{"@type":"CommentAction","name":"Comment","target":["https:\/\/kapitalis.com\/tunisie\/2021\/07\/30\/ghannouchi-la-tunisie-pourrait-sombrer-dans-le-chaos-total-si-video\/#respond"]}]},{"@type":"WebPage","@id":"https:\/\/kapitalis.com\/tunisie\/2021\/07\/30\/ghannouchi-la-tunisie-pourrait-sombrer-dans-le-chaos-total-si-video\/","url":"https:\/\/kapitalis.com\/tunisie\/2021\/07\/30\/ghannouchi-la-tunisie-pourrait-sombrer-dans-le-chaos-total-si-video\/","name":"Ghannouchi : \u00abLa Tunisie pourrait sombrer dans le chaos total, si\u2026\u00bb (Vid\u00e9o) - Kapitalis","isPartOf":{"@id":"https:\/\/kapitalis.com\/tunisie\/#website"},"primaryImageOfPage":{"@id":"https:\/\/kapitalis.com\/tunisie\/2021\/07\/30\/ghannouchi-la-tunisie-pourrait-sombrer-dans-le-chaos-total-si-video\/#primaryimage"},"image":{"@id":"https:\/\/kapitalis.com\/tunisie\/2021\/07\/30\/ghannouchi-la-tunisie-pourrait-sombrer-dans-le-chaos-total-si-video\/#primaryimage"},"thumbnailUrl":"","datePublished":"2021-07-30T19:18:10+00:00","dateModified":"2021-07-30T20:42:54+00:00","breadcrumb":{"@id":"https:\/\/kapitalis.com\/tunisie\/2021\/07\/30\/ghannouchi-la-tunisie-pourrait-sombrer-dans-le-chaos-total-si-video\/#breadcrumb"},"inLanguage":"fr-FR","potentialAction":[{"@type":"ReadAction","target":["https:\/\/kapitalis.com\/tunisie\/2021\/07\/30\/ghannouchi-la-tunisie-pourrait-sombrer-dans-le-chaos-total-si-video\/"]}]},{"@type":"ImageObject","inLanguage":"fr-FR","@id":"https:\/\/kapitalis.com\/tunisie\/2021\/07\/30\/ghannouchi-la-tunisie-pourrait-sombrer-dans-le-chaos-total-si-video\/#primaryimage","url":"","contentUrl":""},{"@type":"BreadcrumbList","@id":"https:\/\/kapitalis.com\/tunisie\/2021\/07\/30\/ghannouchi-la-tunisie-pourrait-sombrer-dans-le-chaos-total-si-video\/#breadcrumb","itemListElement":[{"@type":"ListItem","position":1,"name":"Accueil","item":"https:\/\/kapitalis.com\/tunisie\/"},{"@type":"ListItem","position":2,"name":"Ghannouchi : \u00abLa Tunisie pourrait sombrer dans le chaos total, si\u2026\u00bb (Vid\u00e9o)"}]},{"@type":"WebSite","@id":"https:\/\/kapitalis.com\/tunisie\/#website","url":"https:\/\/kapitalis.com\/tunisie\/","name":"Kapitalis","description":"L&#039;actualit\u00e9 en Tunisie et dans le monde","publisher":{"@id":"https:\/\/kapitalis.com\/tunisie\/#organization"},"potentialAction":[{"@type":"SearchAction","target":{"@type":"EntryPoint","urlTemplate":"https:\/\/kapitalis.com\/tunisie\/?s={search_term_string}"},"query-input":{"@type":"PropertyValueSpecification","valueRequired":true,"valueName":"search_term_string"}}],"inLanguage":"fr-FR"},{"@type":"Organization","@id":"https:\/\/kapitalis.com\/tunisie\/#organization","name":"Kapitalis","url":"https:\/\/kapitalis.com\/tunisie\/","logo":{"@type":"ImageObject","inLanguage":"fr-FR","@id":"https:\/\/kapitalis.com\/tunisie\/#\/schema\/logo\/image\/","url":"https:\/\/kapitalis.com\/tunisie\/wp-content\/uploads\/2022\/05\/Kapitalis-big-size.png","contentUrl":"https:\/\/kapitalis.com\/tunisie\/wp-content\/uploads\/2022\/05\/Kapitalis-big-size.png","width":5000,"height":1500,"caption":"Kapitalis"},"image":{"@id":"https:\/\/kapitalis.com\/tunisie\/#\/schema\/logo\/image\/"},"sameAs":["https:\/\/www.facebook.com\/KapitalisInfo\/","https:\/\/x.com\/KapitalisInfo","https:\/\/www.youtube.com\/channel\/UC-yDYrHyfFBWWZaOw3FPg9Q"]},{"@type":"Person","@id":"https:\/\/kapitalis.com\/tunisie\/#\/schema\/person\/74bbde0154d49d790a92aaeac5bc01d5","name":"Yusra NY","url":"https:\/\/kapitalis.com\/tunisie\/author\/yuza_adam\/"}]}},"_links":{"self":[{"href":"https:\/\/kapitalis.com\/tunisie\/wp-json\/wp\/v2\/posts\/357903","targetHints":{"allow":["GET"]}}],"collection":[{"href":"https:\/\/kapitalis.com\/tunisie\/wp-json\/wp\/v2\/posts"}],"about":[{"href":"https:\/\/kapitalis.com\/tunisie\/wp-json\/wp\/v2\/types\/post"}],"author":[{"embeddable":true,"href":"https:\/\/kapitalis.com\/tunisie\/wp-json\/wp\/v2\/users\/6"}],"replies":[{"embeddable":true,"href":"https:\/\/kapitalis.com\/tunisie\/wp-json\/wp\/v2\/comments?post=357903"}],"version-history":[{"count":0,"href":"https:\/\/kapitalis.com\/tunisie\/wp-json\/wp\/v2\/posts\/357903\/revisions"}],"wp:featuredmedia":[{"embeddable":true,"href":"https:\/\/kapitalis.com\/tunisie\/wp-json\/wp\/v2\/media\/357905"}],"wp:attachment":[{"href":"https:\/\/kapitalis.com\/tunisie\/wp-json\/wp\/v2\/media?parent=357903"}],"wp:term":[{"taxonomy":"category","embeddable":true,"href":"https:\/\/kapitalis.com\/tunisie\/wp-json\/wp\/v2\/categories?post=357903"},{"taxonomy":"post_tag","embeddable":true,"href":"https:\/\/kapitalis.com\/tunisie\/wp-json\/wp\/v2\/tags?post=357903"}],"curies":[{"name":"wp","href":"https:\/\/api.w.org\/{rel}","templated":true}]}}