{"id":357936,"date":"2021-07-31T09:22:17","date_gmt":"2021-07-31T08:22:17","guid":{"rendered":"http:\/\/kapitalis.com\/tunisie\/?p=357936"},"modified":"2021-07-31T09:24:57","modified_gmt":"2021-07-31T08:24:57","slug":"kais-saied-donne-une-seconde-chance-a-la-democratie-tunisienne","status":"publish","type":"post","link":"https:\/\/kapitalis.com\/tunisie\/2021\/07\/31\/kais-saied-donne-une-seconde-chance-a-la-democratie-tunisienne\/","title":{"rendered":"Kais Saied donne une seconde chance \u00e0 la d\u00e9mocratie tunisienne"},"content":{"rendered":"\n<div class=\"wp-block-image\"><figure class=\"aligncenter size-large\"><img decoding=\"async\" src=\"http:\/\/kapitalis.com\/tunisie\/wp-content\/uploads\/2021\/07\/Kais-Saied-25-juillet-2021.jpg\" alt=\"\" class=\"wp-image-357282\"\/><figcaption><em>L&rsquo;acte fondateur du pr\u00e9sident Sa\u00efed, le 25 juillet 2021, a \u00e9t\u00e9 accueilli par une liesse populaire. <\/em><\/figcaption><\/figure><\/div>\n\n\n\n<p><strong><em>La d\u00e9cision audacieuse du pr\u00e9sident tunisien, Kais Saied, de limoger le chef du gouvernement et de geler le parlement, dimanche 25 juillet 2021, est le plus grand d\u00e9fi auquel cette d\u00e9mocratie naissante est confront\u00e9e depuis la r\u00e9volution de 2011. L&rsquo;arm\u00e9e tunisienne, qui avait contribu\u00e9 \u00e0 faciliter le d\u00e9part de Ben Ali il y a dix ans, a soutenu la d\u00e9marche actuelle du pr\u00e9sident Sa\u00efed.<\/em><\/strong><\/p>\n\n\n\n<p>Par <strong>Francis Ghiles<\/strong> *<\/p>\n\n\n\n<!--more-->\n\n\n\n<div class=\"wp-block-image\"><figure class=\"alignleft size-large\"><img decoding=\"async\" src=\"http:\/\/kapitalis.com\/tunisie\/wp-content\/uploads\/2018\/01\/Francis-Ghiles.jpg\" alt=\"\" class=\"wp-image-134482\"\/><\/figure><\/div>\n\n\n\n<p>Depuis que les manifestations de rue ont renvers\u00e9 le dictateur Zine El-Abidine Ben Ali en janvier 2011, les Tunisiens ont pu voter lors d&rsquo;\u00e9lections libres, s&rsquo;exprimer avec peu de crainte de la r\u00e9pression, une situation que leur envieraient tous leurs voisins arabes. Les \u00e9v\u00e9nements se sont alors d\u00e9roul\u00e9s si rapidement que les puissances ext\u00e9rieures ont \u00e9t\u00e9 prises par surprise et incapables d&rsquo;influencer l&rsquo;issue des \u00e9v\u00e9nements.<\/p>\n\n\n\n<p>Une d\u00e9cennie plus tard, les gens autrefois ravis par les avantages potentiels du changement sont d\u00e9concert\u00e9s par ses co\u00fbts r\u00e9els. Comme Hussein Agha et Robert Malley l&rsquo;avaient not\u00e9 \u00e0 l&rsquo;\u00e9poque, ce qui s&rsquo;est pass\u00e9 en Tunisie a boulevers\u00e9 la th\u00e9orie de L\u00e9nine. Le dirigeant russe soutenait qu&rsquo;<em>\u00abune r\u00e9volution victorieuse n\u00e9cessitait un parti politique structur\u00e9 et disciplin\u00e9, une direction solide et un programme clair\u00bb.<\/em> La r\u00e9bellion \u00e9gyptienne, comme son pr\u00e9curseur tunisien, et \u00e0 la diff\u00e9rence de la r\u00e9volution iranienne de 1979, ne poss\u00e9dait ni organisation, ni dirigeants identifiables, ni agenda univoque.<\/p>\n\n\n\n<p>Ce n&rsquo;est pas l&rsquo;islam ou la pauvret\u00e9 elle-m\u00eame qui ont provoqu\u00e9 le soul\u00e8vement, c&rsquo;est l&rsquo;humiliation \u00e9crasante qui a priv\u00e9 la majorit\u00e9 des Tunisiens de moins de trente ans du droit d&rsquo;exercer un contr\u00f4le sur leur propre vie.<em> \u00abHiya thawrat al-karama\u00bb<\/em> (<em>\u00abC&rsquo;est une r\u00e9volution de l&rsquo;honneur et de la dignit\u00e9\u00bb<\/em>) criaient les manifestants dans les rues de Sidi Bouzid dans les hauts plateaux pauvres de Tunisie.<\/p>\n\n\n\n<p>La r\u00e9volte a surpris les dirigeants occidentaux car le pays \u00e9tait pr\u00e9sent\u00e9 par la Banque mondiale et l&rsquo;Union europ\u00e9enne comme un mod\u00e8le de bonne gouvernance. C&rsquo;\u00e9tait un mythe commode, un camouflage de pratiques qui, sous couvert de lib\u00e9ralisme et de privatisation, \u00e9taient devenues de plus en plus pr\u00e9datrices. La plupart des Tunisiens ont compris d&rsquo;instinct que l&rsquo;hypocrisie et une lecture orientaliste du Moyen-Orient ne permettaient pas \u00e0 l&rsquo;Occident de comprendre.<\/p>\n\n\n\n<h3 class=\"wp-block-heading\">L&rsquo;arm\u00e9e tunisienne est garante de facto de l&rsquo;int\u00e9grit\u00e9 de l&rsquo;\u00c9tat<\/h3>\n\n\n\n<p>Lorsque le pr\u00e9sident Kais Saied a limog\u00e9 son Premier ministre et suspendu le Parlement le 25 juillet, il a pris par surprise les Tunisiens et les puissances \u00e9trang\u00e8res. Ni les \u00c9tats-Unis ni l&rsquo;Union europ\u00e9enne n&rsquo;avaient encore une fois la moindre id\u00e9e de ce qui \u00e9tait sur le point de se d\u00e9rouler. Mais, dix ans apr\u00e8s le <em>\u00abprintemps arabe\u00bb<\/em>, l&rsquo;initiative audacieuse de Kais Saied pourrait donner une seconde chance \u00e0 la d\u00e9mocratie tunisienne. La nomination du colonel-major Khaled Yayiaoui, charg\u00e9 de la s\u00e9curit\u00e9 du pr\u00e9sident et officier de la plus haute int\u00e9grit\u00e9 r\u00e9publicaine, pour superviser le minist\u00e8re de l&rsquo;Int\u00e9rieur jusqu&rsquo;\u00e0 la formation d&rsquo;un nouveau gouvernement, t\u00e9moigne de l&rsquo;attachement du pr\u00e9sident \u00e0 pr\u00e9server les libert\u00e9s individuelles en Tunisie. D&rsquo;autres officiers sup\u00e9rieurs de la s\u00e9curit\u00e9 et de l&rsquo;arm\u00e9e tels que l&rsquo;amiral \u00e0 la retraite Kamel Akrout qui a r\u00e9cemment appel\u00e9 Saied \u00e0 invoquer l&rsquo;article 80 de la Constitution et \u00e0 d\u00e9noncer l&rsquo;intention du gouvernement de louer des terres domaniales \u00e0 des investisseurs qatariens, \u00e9touffant ainsi le projet dans l&rsquo;\u0153uf, semblent jouer un r\u00f4le de soutien \u00e0 ce mouvement.<\/p>\n\n\n\n<p>Akrout, qui est issu d&rsquo;une famille modeste, a \u00e9galement d\u00e9clar\u00e9 qu&rsquo;il \u00e9tait constern\u00e9 par le fait que 25% des Tunisiens vivaient dans une pauvret\u00e9 absolue. L&rsquo;arm\u00e9e tunisienne est professionnelle, apolitique et n&rsquo;a aucun int\u00e9r\u00eat \u00e9conomique. Elle ne ressemble \u00e0 aucune autre arm\u00e9e dans le monde arabe. En tant que garant de facto de l&rsquo;int\u00e9grit\u00e9 de l&rsquo;\u00c9tat, nombre de ses officiers saluent sans aucun doute ce qui \u00e9quivaut \u00e0 un rejet de la forme chaotique et corrompue de la <em>\u00abd\u00e9mocratie\u00bb<\/em> que les dirigeants ont impos\u00e9e au pays.<\/p>\n\n\n\n<h3 class=\"wp-block-heading\">Ennahdha est responsable de la mauvaise gouvernance du pays depuis 2011<\/h3>\n\n\n\n<p>Le leader du mouvement islamiste Ennahdha, Rached Ghannouchi, s&rsquo;est empress\u00e9 de d\u00e9noncer un <em>\u00abcoup d&rsquo;\u00c9tat\u00bb<\/em> mais il doit partager la responsabilit\u00e9 du nivellement par le bas qui caract\u00e9rise l&rsquo;\u00e9conomie du pays depuis 2011 et la gestion inad\u00e9quate de la pand\u00e9mie de Covid-19 par le gouvernement.<br>Ennahdha a particip\u00e9 \u00e0 tous les gouvernements depuis 2012. Cela a aliment\u00e9 d&rsquo;\u00e2pres conflits culturels en 2012-2014 qui ont remis en question l&rsquo;\u00e9galit\u00e9 des hommes et des femmes, une r\u00e9alisation cl\u00e9 des dirigeants post-ind\u00e9pendance. L&rsquo;incomp\u00e9tence du parti en mati\u00e8re de gestion \u00e9conomique, sa vision renti\u00e8re de l&rsquo;\u00e9conomie et son incapacit\u00e9 \u00e0 mobiliser les ressources int\u00e9rieures du pays sont partag\u00e9es par la plupart des partis politiques de la r\u00e9gion.<\/p>\n\n\n\n<p>La strat\u00e9gie d&rsquo;Ennahdha, qu&rsquo;il partageait avec les \u00e9lites capitalistes et bureaucratiques dont le pouvoir et la capacit\u00e9 de manipuler le syst\u00e8me \u00e9taient \u00e9pargn\u00e9s par les changements politiques qui balayaient le pays, condamnait la Tunisie, soci\u00e9t\u00e9 tr\u00e8s ouverte aux nouvelles id\u00e9es occidentales, \u00e0 poursuivre le d\u00e9ficit de croissance responsable des taux de ch\u00f4mage importants et en constante augmentation sous Ben Ali, en particulier chez les jeunes, et avait tr\u00e8s peu de chances de sortir le pays du bourbier. <\/p>\n\n\n\n<h3 class=\"wp-block-heading\">La d\u00e9mocratie souill\u00e9e par la pratique politique des grands partis<\/h3>\n\n\n\n<p>Aujourd&rsquo;hui, les taux de ch\u00f4mage sont plus \u00e9lev\u00e9s qu&rsquo;en 2011, le niveau de vie a baiss\u00e9, les disparit\u00e9s r\u00e9gionales sont plus marqu\u00e9es que jamais. Une majorit\u00e9 de jeunes Tunisiens r\u00eavent de quitter ce qu&rsquo;ils consid\u00e8rent comme un navire en perdition. A leurs yeux, le concept de d\u00e9mocratie a \u00e9t\u00e9 souill\u00e9 par la pratique politique des grands partis.<\/p>\n\n\n\n<p>Les observateurs occidentaux pourraient consid\u00e9rer le pays comme une<em> \u00abd\u00e9mocratie naissante\u00bb<\/em>, mais une corruption end\u00e9mique, un parlement qui ressemble \u00e0 un souk bruyant, une chambre l\u00e9gislative plus soucieuse des transactions d&rsquo;argent que des d\u00e9bats d&rsquo;id\u00e9es, des d\u00e9put\u00e9s qui agressent physiquement leurs coll\u00e8gues ne prouvent gu\u00e8re les r\u00e9f\u00e9rences d\u00e9mocratiques agit\u00e9es par Rached Ghannouchi. Le deuxi\u00e8me plus grand parti Qalb Tounes est dirig\u00e9 par un magnat des m\u00e9dias, Nabil Karoui, qui a pass\u00e9 du temps en prison pour blanchiment d&rsquo;argent et \u00e9vasion fiscale. Le pr\u00e9d\u00e9cesseur de Kais Saied, B\u00e9ji Caid Essebsi s&rsquo;\u00e9tait montr\u00e9 peu int\u00e9ress\u00e9 par la r\u00e9forme du syst\u00e8me judiciaire, pilier essentiel de la d\u00e9mocratie.<\/p>\n\n\n\n<h3 class=\"wp-block-heading\">Les comp\u00e9tences politiques de Saied seront pleinement mises \u00e0 l&rsquo;\u00e9preuve<\/h3>\n\n\n\n<p>Kais Saied a \u00e9t\u00e9 \u00e9lu pr\u00e9sident \u00e0 la suite d&rsquo;un ras-de-mar\u00e9e \u00e9lectoral en 2019, mais pr\u00e9sider n&rsquo;est pas gouverner, car cela exige davantage de comp\u00e9tences et de pr\u00e9rogatives politiques. L&rsquo;une des raisons pour lesquelles Sa\u00efed a choisi de rompre le n\u0153ud gordien est que la Constitution de 2014 ne d\u00e9finit pas clairement les pouvoirs du chef de l&rsquo;\u00c9tat et du Premier ministre, et encore moins du pr\u00e9sident du parlement. La cons\u00e9quence a \u00e9t\u00e9 des querelles interminables entre les trois avec un Premier ministre qu&rsquo;un homme d&rsquo;affaires de Tunis qualifie de <em>\u00abmonument d&rsquo;incomp\u00e9tence\u00bb.<\/em><\/p>\n\n\n\n<p>Le chef de l&rsquo;Etat se consid\u00e8re comme l&rsquo;incarnation du deuxi\u00e8me calife de l&rsquo;islam, Omar Ibn Al-Khattab, appel\u00e9 aussi Al-Farooq (celui qui distingue le mal du bien). L&rsquo;arm\u00e9e tunisienne avait soutenu la d\u00e9cision audacieuse du pr\u00e9sident comme elle avait contribu\u00e9 \u00e0 faciliter le d\u00e9part de Ben Ali il y a dix ans. C&rsquo;est une petite force entra\u00een\u00e9e par les \u00c9tats-Unis qui, depuis l&rsquo;ind\u00e9pendance, jouit du respect de la majorit\u00e9 des Tunisiens. Elle reste l&rsquo;institution \u00e9tatique la plus fiable.<\/p>\n\n\n\n<p>Des dizaines de milliers de Tunisiens de tous \u00e2ges et de toutes conditions sociales sont descendus dans la rue pour c\u00e9l\u00e9brer l&rsquo;annonce de la d\u00e9cision du pr\u00e9sident dimanche soir. Ils r\u00e9clamaient un leader fort, du respect et de la dignit\u00e9, qu&rsquo;ils pensaient avoir gagn\u00e9s en 2011, et des emplois. Alors qu&rsquo;il passe d&rsquo;une position morale inflexible \u00e0 la direction du pays, les comp\u00e9tences politiques de Kaid Saied seront pleinement mises \u00e0 l&rsquo;\u00e9preuve. La popularit\u00e9 de l&rsquo;arm\u00e9e aussi.<\/p>\n\n\n\n<p>Lundi, le pr\u00e9sident a promis solennellement de d\u00e9fendre les droits individuels de ses compatriotes et s&rsquo;est entretenu avec le secr\u00e9taire d&rsquo;\u00c9tat am\u00e9ricain Anthony Blixen qui a r\u00e9it\u00e9r\u00e9 le soutien des Etats-Unis \u00e0 la Tunisie. Il a suivi d&rsquo;un appel au chef de l&rsquo;Etat alg\u00e9rien, dont le ministre des Affaires \u00e9trang\u00e8res, Ramtane Lamamra, s&rsquo;est rendu lundi \u00e0 Tunis. Mardi, Saied s&rsquo;est entretenu avec Charles Michel, le pr\u00e9sident du Conseil europ\u00e9en. Le soutien de ces poids lourds sera la cl\u00e9 du succ\u00e8s \u00e9ventuel de Saied.<br>Contrairement \u00e0 certains m\u00e9dias occidentaux et moyen-orientaux, la plupart des Tunisiens ne se consid\u00e8rent pas eux-m\u00eames ou leur pr\u00e9sident comme enterrant une <em>\u00abd\u00e9mocratie\u00bb<\/em> dont ils n&rsquo;ont jamais b\u00e9n\u00e9fici\u00e9 des avantages \u00e9conomiques et sociaux promis.<\/p>\n\n\n\n<p>Certains m\u00e9dias occidentaux et arabes d\u00e9crivent la Tunisie comme une <em>\u00abd\u00e9mocratie fragile\u00bb.<\/em> De nombreux Tunisiens, sinon une majorit\u00e9 d&rsquo;entre eux, consid\u00e8rent probablement leur pr\u00e9sident comme un combattant pour reprendre un \u00c9tat capt\u00e9 par des lobbies politiques et \u00e9conomiques corrompus qui le menaient \u00e0 sa ruine.<\/p>\n\n\n\n<p>Comme toute initiative audacieuse, celle du pr\u00e9sident Saied comporte des risques. Les prochaines semaines diront s&rsquo;il va suivre une feuille de route appropri\u00e9e.<\/p>\n\n\n\n<p class=\"has-text-align-right\">Traduit de l&rsquo;anglais par <strong>I. B.<\/strong><\/p>\n\n\n\n<p><em>* Chercheur associ\u00e9 principal au CIDOB (Barcelone).<\/em><\/p>\n\n\n\n<h4 class=\"wp-block-heading\"><em>Articles du m\u00eame auteur dans Kapitalis : <\/em><\/h4>\n\n\n\n<p><blockquote class=\"wp-embedded-content\" data-secret=\"oRABDYUr8q\"><a href=\"https:\/\/kapitalis.com\/tunisie\/2021\/05\/26\/ahmed-mestiri-le-grand-president-que-la-tunisie-na-jamais-eu\/\">Ahmed Mestiri : Le grand pr\u00e9sident que la Tunisie n&rsquo;a jamais eu<\/a><\/blockquote><iframe loading=\"lazy\" class=\"wp-embedded-content\" sandbox=\"allow-scripts\" security=\"restricted\" style=\"position: absolute; clip: rect(1px, 1px, 1px, 1px);\" title=\"\u00ab\u00a0Ahmed Mestiri : Le grand pr\u00e9sident que la Tunisie n&rsquo;a jamais eu\u00a0\u00bb &#8212; Kapitalis\" src=\"https:\/\/kapitalis.com\/tunisie\/2021\/05\/26\/ahmed-mestiri-le-grand-president-que-la-tunisie-na-jamais-eu\/embed\/#?secret=KRJkkOtq8M#?secret=oRABDYUr8q\" data-secret=\"oRABDYUr8q\" width=\"600\" height=\"338\" frameborder=\"0\" marginwidth=\"0\" marginheight=\"0\" scrolling=\"no\"><\/iframe><\/p>\n\n\n\n<p><blockquote class=\"wp-embedded-content\" data-secret=\"NAuNyo18kG\"><a href=\"https:\/\/kapitalis.com\/tunisie\/2021\/04\/08\/en-tunisie-la-peripherie-prend-une-revanche-historique\/\">En Tunisie, la p\u00e9riph\u00e9rie prend une revanche historique<\/a><\/blockquote><iframe loading=\"lazy\" class=\"wp-embedded-content\" sandbox=\"allow-scripts\" security=\"restricted\" style=\"position: absolute; clip: rect(1px, 1px, 1px, 1px);\" title=\"\u00ab\u00a0En Tunisie, la p\u00e9riph\u00e9rie prend une revanche historique\u00a0\u00bb &#8212; Kapitalis\" src=\"https:\/\/kapitalis.com\/tunisie\/2021\/04\/08\/en-tunisie-la-peripherie-prend-une-revanche-historique\/embed\/#?secret=FKeTSSRzDZ#?secret=NAuNyo18kG\" data-secret=\"NAuNyo18kG\" width=\"600\" height=\"338\" frameborder=\"0\" marginwidth=\"0\" marginheight=\"0\" scrolling=\"no\"><\/iframe><\/p>\n\n\n\n<p><blockquote class=\"wp-embedded-content\" data-secret=\"L9eJ1WSfi0\"><a href=\"https:\/\/kapitalis.com\/tunisie\/2021\/03\/26\/dans-lassemblee-nationale-tunisienne-le-poisson-pourrit-par-la-tete\/\">Dans l\u2019Assembl\u00e9e nationale tunisienne, \u00able poisson pourrit par la t\u00eate\u00bb<\/a><\/blockquote><iframe loading=\"lazy\" class=\"wp-embedded-content\" sandbox=\"allow-scripts\" security=\"restricted\" style=\"position: absolute; clip: rect(1px, 1px, 1px, 1px);\" title=\"\u00ab\u00a0Dans l\u2019Assembl\u00e9e nationale tunisienne, \u00able poisson pourrit par la t\u00eate\u00bb\u00a0\u00bb &#8212; Kapitalis\" src=\"https:\/\/kapitalis.com\/tunisie\/2021\/03\/26\/dans-lassemblee-nationale-tunisienne-le-poisson-pourrit-par-la-tete\/embed\/#?secret=qulgLI2NPK#?secret=L9eJ1WSfi0\" data-secret=\"L9eJ1WSfi0\" width=\"600\" height=\"338\" frameborder=\"0\" marginwidth=\"0\" marginheight=\"0\" scrolling=\"no\"><\/iframe><\/p>\n","protected":false},"excerpt":{"rendered":"<p>La d\u00e9cision audacieuse du pr\u00e9sident tunisien, Kais Saied, de limoger le chef du gouvernement et de geler le parlement, dimanche 25 juillet 2021, est le plus grand d\u00e9fi auquel cette d\u00e9mocratie naissante est confront\u00e9e depuis la r\u00e9volution de 2011. L&rsquo;arm\u00e9e tunisienne, qui avait contribu\u00e9 \u00e0 faciliter le d\u00e9part de Ben Ali il y a dix&#8230;<\/p>\n","protected":false},"author":8,"featured_media":0,"comment_status":"open","ping_status":"open","sticky":false,"template":"","format":"standard","meta":{"footnotes":""},"categories":[992,997,1000,2433],"tags":[90831,49543,92374,70520,89193,92373,651,61989,758,92325],"class_list":["post-357936","post","type-post","status-publish","format-standard","hentry","category-a-la-une","category-politique","category-tribune","category-tunisie","tag-charles-michel","tag-ennahdha","tag-francis-ghiles-2","tag-kais-saied-3","tag-kamel-akrout","tag-khaled-yayiaoui","tag-nabil-karoui","tag-qalb-tounes","tag-rached-ghannouchi","tag-ramtane-lamamra"],"yoast_head":"<!-- This site is optimized with the Yoast SEO plugin v26.6 - https:\/\/yoast.com\/wordpress\/plugins\/seo\/ -->\n<title>Kais Saied donne une seconde chance \u00e0 la d\u00e9mocratie tunisienne - Kapitalis<\/title>\n<meta name=\"robots\" content=\"index, follow, max-snippet:-1, max-image-preview:large, max-video-preview:-1\" \/>\n<link rel=\"canonical\" href=\"https:\/\/kapitalis.com\/tunisie\/2021\/07\/31\/kais-saied-donne-une-seconde-chance-a-la-democratie-tunisienne\/\" \/>\n<meta property=\"og:locale\" content=\"fr_FR\" \/>\n<meta property=\"og:type\" content=\"article\" \/>\n<meta property=\"og:title\" content=\"Kais Saied donne une seconde chance \u00e0 la d\u00e9mocratie tunisienne - Kapitalis\" \/>\n<meta property=\"og:description\" content=\"La d\u00e9cision audacieuse du pr\u00e9sident tunisien, Kais Saied, de limoger le chef du gouvernement et de geler le parlement, dimanche 25 juillet 2021, est le plus grand d\u00e9fi auquel cette d\u00e9mocratie naissante est confront\u00e9e depuis la r\u00e9volution de 2011. L&rsquo;arm\u00e9e tunisienne, qui avait contribu\u00e9 \u00e0 faciliter le d\u00e9part de Ben Ali il y a dix...\" \/>\n<meta property=\"og:url\" content=\"https:\/\/kapitalis.com\/tunisie\/2021\/07\/31\/kais-saied-donne-une-seconde-chance-a-la-democratie-tunisienne\/\" \/>\n<meta property=\"og:site_name\" content=\"Kapitalis\" \/>\n<meta property=\"article:publisher\" content=\"https:\/\/www.facebook.com\/KapitalisInfo\/\" \/>\n<meta property=\"article:published_time\" content=\"2021-07-31T08:22:17+00:00\" \/>\n<meta property=\"article:modified_time\" content=\"2021-07-31T08:24:57+00:00\" \/>\n<meta property=\"og:image\" content=\"http:\/\/kapitalis.com\/tunisie\/wp-content\/uploads\/2021\/07\/Kais-Saied-25-juillet-2021.jpg\" \/>\n<meta name=\"author\" content=\"webmaster kapitalis\" \/>\n<meta name=\"twitter:card\" content=\"summary_large_image\" \/>\n<meta name=\"twitter:creator\" content=\"@KapitalisInfo\" \/>\n<meta name=\"twitter:site\" content=\"@KapitalisInfo\" \/>\n<meta name=\"twitter:label1\" content=\"\u00c9crit par\" \/>\n\t<meta name=\"twitter:data1\" content=\"webmaster kapitalis\" \/>\n\t<meta name=\"twitter:label2\" content=\"Dur\u00e9e de lecture estim\u00e9e\" \/>\n\t<meta name=\"twitter:data2\" content=\"8 minutes\" \/>\n<script type=\"application\/ld+json\" class=\"yoast-schema-graph\">{\"@context\":\"https:\/\/schema.org\",\"@graph\":[{\"@type\":\"Article\",\"@id\":\"https:\/\/kapitalis.com\/tunisie\/2021\/07\/31\/kais-saied-donne-une-seconde-chance-a-la-democratie-tunisienne\/#article\",\"isPartOf\":{\"@id\":\"https:\/\/kapitalis.com\/tunisie\/2021\/07\/31\/kais-saied-donne-une-seconde-chance-a-la-democratie-tunisienne\/\"},\"author\":{\"name\":\"webmaster kapitalis\",\"@id\":\"https:\/\/kapitalis.com\/tunisie\/#\/schema\/person\/d71f33a9ca44f7bad4698210b480c8e9\"},\"headline\":\"Kais Saied donne une seconde chance \u00e0 la d\u00e9mocratie tunisienne\",\"datePublished\":\"2021-07-31T08:22:17+00:00\",\"dateModified\":\"2021-07-31T08:24:57+00:00\",\"mainEntityOfPage\":{\"@id\":\"https:\/\/kapitalis.com\/tunisie\/2021\/07\/31\/kais-saied-donne-une-seconde-chance-a-la-democratie-tunisienne\/\"},\"wordCount\":1659,\"commentCount\":3,\"publisher\":{\"@id\":\"https:\/\/kapitalis.com\/tunisie\/#organization\"},\"image\":{\"@id\":\"https:\/\/kapitalis.com\/tunisie\/2021\/07\/31\/kais-saied-donne-une-seconde-chance-a-la-democratie-tunisienne\/#primaryimage\"},\"thumbnailUrl\":\"http:\/\/kapitalis.com\/tunisie\/wp-content\/uploads\/2021\/07\/Kais-Saied-25-juillet-2021.jpg\",\"keywords\":[\"Charles Michel\",\"Ennahdha\",\"Francis Ghiles\",\"Kais Saied\",\"Kamel Akrout\",\"Khaled Yayiaoui\",\"Nabil Karoui\",\"Qalb Tounes\",\"Rached Ghannouchi\",\"Ramtane Lamamra\"],\"articleSection\":[\"A LA UNE\",\"POLITIQUE\",\"TRIBUNE\",\"Tunisie\"],\"inLanguage\":\"fr-FR\",\"potentialAction\":[{\"@type\":\"CommentAction\",\"name\":\"Comment\",\"target\":[\"https:\/\/kapitalis.com\/tunisie\/2021\/07\/31\/kais-saied-donne-une-seconde-chance-a-la-democratie-tunisienne\/#respond\"]}]},{\"@type\":\"WebPage\",\"@id\":\"https:\/\/kapitalis.com\/tunisie\/2021\/07\/31\/kais-saied-donne-une-seconde-chance-a-la-democratie-tunisienne\/\",\"url\":\"https:\/\/kapitalis.com\/tunisie\/2021\/07\/31\/kais-saied-donne-une-seconde-chance-a-la-democratie-tunisienne\/\",\"name\":\"Kais Saied donne une seconde chance \u00e0 la d\u00e9mocratie tunisienne - Kapitalis\",\"isPartOf\":{\"@id\":\"https:\/\/kapitalis.com\/tunisie\/#website\"},\"primaryImageOfPage\":{\"@id\":\"https:\/\/kapitalis.com\/tunisie\/2021\/07\/31\/kais-saied-donne-une-seconde-chance-a-la-democratie-tunisienne\/#primaryimage\"},\"image\":{\"@id\":\"https:\/\/kapitalis.com\/tunisie\/2021\/07\/31\/kais-saied-donne-une-seconde-chance-a-la-democratie-tunisienne\/#primaryimage\"},\"thumbnailUrl\":\"http:\/\/kapitalis.com\/tunisie\/wp-content\/uploads\/2021\/07\/Kais-Saied-25-juillet-2021.jpg\",\"datePublished\":\"2021-07-31T08:22:17+00:00\",\"dateModified\":\"2021-07-31T08:24:57+00:00\",\"breadcrumb\":{\"@id\":\"https:\/\/kapitalis.com\/tunisie\/2021\/07\/31\/kais-saied-donne-une-seconde-chance-a-la-democratie-tunisienne\/#breadcrumb\"},\"inLanguage\":\"fr-FR\",\"potentialAction\":[{\"@type\":\"ReadAction\",\"target\":[\"https:\/\/kapitalis.com\/tunisie\/2021\/07\/31\/kais-saied-donne-une-seconde-chance-a-la-democratie-tunisienne\/\"]}]},{\"@type\":\"ImageObject\",\"inLanguage\":\"fr-FR\",\"@id\":\"https:\/\/kapitalis.com\/tunisie\/2021\/07\/31\/kais-saied-donne-une-seconde-chance-a-la-democratie-tunisienne\/#primaryimage\",\"url\":\"\",\"contentUrl\":\"\"},{\"@type\":\"BreadcrumbList\",\"@id\":\"https:\/\/kapitalis.com\/tunisie\/2021\/07\/31\/kais-saied-donne-une-seconde-chance-a-la-democratie-tunisienne\/#breadcrumb\",\"itemListElement\":[{\"@type\":\"ListItem\",\"position\":1,\"name\":\"Accueil\",\"item\":\"https:\/\/kapitalis.com\/tunisie\/\"},{\"@type\":\"ListItem\",\"position\":2,\"name\":\"Kais Saied donne une seconde chance \u00e0 la d\u00e9mocratie tunisienne\"}]},{\"@type\":\"WebSite\",\"@id\":\"https:\/\/kapitalis.com\/tunisie\/#website\",\"url\":\"https:\/\/kapitalis.com\/tunisie\/\",\"name\":\"Kapitalis\",\"description\":\"L&#039;actualit\u00e9 en Tunisie et dans le monde\",\"publisher\":{\"@id\":\"https:\/\/kapitalis.com\/tunisie\/#organization\"},\"potentialAction\":[{\"@type\":\"SearchAction\",\"target\":{\"@type\":\"EntryPoint\",\"urlTemplate\":\"https:\/\/kapitalis.com\/tunisie\/?s={search_term_string}\"},\"query-input\":{\"@type\":\"PropertyValueSpecification\",\"valueRequired\":true,\"valueName\":\"search_term_string\"}}],\"inLanguage\":\"fr-FR\"},{\"@type\":\"Organization\",\"@id\":\"https:\/\/kapitalis.com\/tunisie\/#organization\",\"name\":\"Kapitalis\",\"url\":\"https:\/\/kapitalis.com\/tunisie\/\",\"logo\":{\"@type\":\"ImageObject\",\"inLanguage\":\"fr-FR\",\"@id\":\"https:\/\/kapitalis.com\/tunisie\/#\/schema\/logo\/image\/\",\"url\":\"https:\/\/kapitalis.com\/tunisie\/wp-content\/uploads\/2022\/05\/Kapitalis-big-size.png\",\"contentUrl\":\"https:\/\/kapitalis.com\/tunisie\/wp-content\/uploads\/2022\/05\/Kapitalis-big-size.png\",\"width\":5000,\"height\":1500,\"caption\":\"Kapitalis\"},\"image\":{\"@id\":\"https:\/\/kapitalis.com\/tunisie\/#\/schema\/logo\/image\/\"},\"sameAs\":[\"https:\/\/www.facebook.com\/KapitalisInfo\/\",\"https:\/\/x.com\/KapitalisInfo\",\"https:\/\/www.youtube.com\/channel\/UC-yDYrHyfFBWWZaOw3FPg9Q\"]},{\"@type\":\"Person\",\"@id\":\"https:\/\/kapitalis.com\/tunisie\/#\/schema\/person\/d71f33a9ca44f7bad4698210b480c8e9\",\"name\":\"webmaster kapitalis\",\"url\":\"https:\/\/kapitalis.com\/tunisie\/author\/webmaster-kapitalis\/\"}]}<\/script>\n<!-- \/ Yoast SEO plugin. -->","yoast_head_json":{"title":"Kais Saied donne une seconde chance \u00e0 la d\u00e9mocratie tunisienne - Kapitalis","robots":{"index":"index","follow":"follow","max-snippet":"max-snippet:-1","max-image-preview":"max-image-preview:large","max-video-preview":"max-video-preview:-1"},"canonical":"https:\/\/kapitalis.com\/tunisie\/2021\/07\/31\/kais-saied-donne-une-seconde-chance-a-la-democratie-tunisienne\/","og_locale":"fr_FR","og_type":"article","og_title":"Kais Saied donne une seconde chance \u00e0 la d\u00e9mocratie tunisienne - Kapitalis","og_description":"La d\u00e9cision audacieuse du pr\u00e9sident tunisien, Kais Saied, de limoger le chef du gouvernement et de geler le parlement, dimanche 25 juillet 2021, est le plus grand d\u00e9fi auquel cette d\u00e9mocratie naissante est confront\u00e9e depuis la r\u00e9volution de 2011. L&rsquo;arm\u00e9e tunisienne, qui avait contribu\u00e9 \u00e0 faciliter le d\u00e9part de Ben Ali il y a dix...","og_url":"https:\/\/kapitalis.com\/tunisie\/2021\/07\/31\/kais-saied-donne-une-seconde-chance-a-la-democratie-tunisienne\/","og_site_name":"Kapitalis","article_publisher":"https:\/\/www.facebook.com\/KapitalisInfo\/","article_published_time":"2021-07-31T08:22:17+00:00","article_modified_time":"2021-07-31T08:24:57+00:00","og_image":[{"url":"http:\/\/kapitalis.com\/tunisie\/wp-content\/uploads\/2021\/07\/Kais-Saied-25-juillet-2021.jpg","type":"","width":"","height":""}],"author":"webmaster kapitalis","twitter_card":"summary_large_image","twitter_creator":"@KapitalisInfo","twitter_site":"@KapitalisInfo","twitter_misc":{"\u00c9crit par":"webmaster kapitalis","Dur\u00e9e de lecture estim\u00e9e":"8 minutes"},"schema":{"@context":"https:\/\/schema.org","@graph":[{"@type":"Article","@id":"https:\/\/kapitalis.com\/tunisie\/2021\/07\/31\/kais-saied-donne-une-seconde-chance-a-la-democratie-tunisienne\/#article","isPartOf":{"@id":"https:\/\/kapitalis.com\/tunisie\/2021\/07\/31\/kais-saied-donne-une-seconde-chance-a-la-democratie-tunisienne\/"},"author":{"name":"webmaster kapitalis","@id":"https:\/\/kapitalis.com\/tunisie\/#\/schema\/person\/d71f33a9ca44f7bad4698210b480c8e9"},"headline":"Kais Saied donne une seconde chance \u00e0 la d\u00e9mocratie tunisienne","datePublished":"2021-07-31T08:22:17+00:00","dateModified":"2021-07-31T08:24:57+00:00","mainEntityOfPage":{"@id":"https:\/\/kapitalis.com\/tunisie\/2021\/07\/31\/kais-saied-donne-une-seconde-chance-a-la-democratie-tunisienne\/"},"wordCount":1659,"commentCount":3,"publisher":{"@id":"https:\/\/kapitalis.com\/tunisie\/#organization"},"image":{"@id":"https:\/\/kapitalis.com\/tunisie\/2021\/07\/31\/kais-saied-donne-une-seconde-chance-a-la-democratie-tunisienne\/#primaryimage"},"thumbnailUrl":"http:\/\/kapitalis.com\/tunisie\/wp-content\/uploads\/2021\/07\/Kais-Saied-25-juillet-2021.jpg","keywords":["Charles Michel","Ennahdha","Francis Ghiles","Kais Saied","Kamel Akrout","Khaled Yayiaoui","Nabil Karoui","Qalb Tounes","Rached Ghannouchi","Ramtane Lamamra"],"articleSection":["A LA UNE","POLITIQUE","TRIBUNE","Tunisie"],"inLanguage":"fr-FR","potentialAction":[{"@type":"CommentAction","name":"Comment","target":["https:\/\/kapitalis.com\/tunisie\/2021\/07\/31\/kais-saied-donne-une-seconde-chance-a-la-democratie-tunisienne\/#respond"]}]},{"@type":"WebPage","@id":"https:\/\/kapitalis.com\/tunisie\/2021\/07\/31\/kais-saied-donne-une-seconde-chance-a-la-democratie-tunisienne\/","url":"https:\/\/kapitalis.com\/tunisie\/2021\/07\/31\/kais-saied-donne-une-seconde-chance-a-la-democratie-tunisienne\/","name":"Kais Saied donne une seconde chance \u00e0 la d\u00e9mocratie tunisienne - Kapitalis","isPartOf":{"@id":"https:\/\/kapitalis.com\/tunisie\/#website"},"primaryImageOfPage":{"@id":"https:\/\/kapitalis.com\/tunisie\/2021\/07\/31\/kais-saied-donne-une-seconde-chance-a-la-democratie-tunisienne\/#primaryimage"},"image":{"@id":"https:\/\/kapitalis.com\/tunisie\/2021\/07\/31\/kais-saied-donne-une-seconde-chance-a-la-democratie-tunisienne\/#primaryimage"},"thumbnailUrl":"http:\/\/kapitalis.com\/tunisie\/wp-content\/uploads\/2021\/07\/Kais-Saied-25-juillet-2021.jpg","datePublished":"2021-07-31T08:22:17+00:00","dateModified":"2021-07-31T08:24:57+00:00","breadcrumb":{"@id":"https:\/\/kapitalis.com\/tunisie\/2021\/07\/31\/kais-saied-donne-une-seconde-chance-a-la-democratie-tunisienne\/#breadcrumb"},"inLanguage":"fr-FR","potentialAction":[{"@type":"ReadAction","target":["https:\/\/kapitalis.com\/tunisie\/2021\/07\/31\/kais-saied-donne-une-seconde-chance-a-la-democratie-tunisienne\/"]}]},{"@type":"ImageObject","inLanguage":"fr-FR","@id":"https:\/\/kapitalis.com\/tunisie\/2021\/07\/31\/kais-saied-donne-une-seconde-chance-a-la-democratie-tunisienne\/#primaryimage","url":"","contentUrl":""},{"@type":"BreadcrumbList","@id":"https:\/\/kapitalis.com\/tunisie\/2021\/07\/31\/kais-saied-donne-une-seconde-chance-a-la-democratie-tunisienne\/#breadcrumb","itemListElement":[{"@type":"ListItem","position":1,"name":"Accueil","item":"https:\/\/kapitalis.com\/tunisie\/"},{"@type":"ListItem","position":2,"name":"Kais Saied donne une seconde chance \u00e0 la d\u00e9mocratie tunisienne"}]},{"@type":"WebSite","@id":"https:\/\/kapitalis.com\/tunisie\/#website","url":"https:\/\/kapitalis.com\/tunisie\/","name":"Kapitalis","description":"L&#039;actualit\u00e9 en Tunisie et dans le monde","publisher":{"@id":"https:\/\/kapitalis.com\/tunisie\/#organization"},"potentialAction":[{"@type":"SearchAction","target":{"@type":"EntryPoint","urlTemplate":"https:\/\/kapitalis.com\/tunisie\/?s={search_term_string}"},"query-input":{"@type":"PropertyValueSpecification","valueRequired":true,"valueName":"search_term_string"}}],"inLanguage":"fr-FR"},{"@type":"Organization","@id":"https:\/\/kapitalis.com\/tunisie\/#organization","name":"Kapitalis","url":"https:\/\/kapitalis.com\/tunisie\/","logo":{"@type":"ImageObject","inLanguage":"fr-FR","@id":"https:\/\/kapitalis.com\/tunisie\/#\/schema\/logo\/image\/","url":"https:\/\/kapitalis.com\/tunisie\/wp-content\/uploads\/2022\/05\/Kapitalis-big-size.png","contentUrl":"https:\/\/kapitalis.com\/tunisie\/wp-content\/uploads\/2022\/05\/Kapitalis-big-size.png","width":5000,"height":1500,"caption":"Kapitalis"},"image":{"@id":"https:\/\/kapitalis.com\/tunisie\/#\/schema\/logo\/image\/"},"sameAs":["https:\/\/www.facebook.com\/KapitalisInfo\/","https:\/\/x.com\/KapitalisInfo","https:\/\/www.youtube.com\/channel\/UC-yDYrHyfFBWWZaOw3FPg9Q"]},{"@type":"Person","@id":"https:\/\/kapitalis.com\/tunisie\/#\/schema\/person\/d71f33a9ca44f7bad4698210b480c8e9","name":"webmaster kapitalis","url":"https:\/\/kapitalis.com\/tunisie\/author\/webmaster-kapitalis\/"}]}},"_links":{"self":[{"href":"https:\/\/kapitalis.com\/tunisie\/wp-json\/wp\/v2\/posts\/357936","targetHints":{"allow":["GET"]}}],"collection":[{"href":"https:\/\/kapitalis.com\/tunisie\/wp-json\/wp\/v2\/posts"}],"about":[{"href":"https:\/\/kapitalis.com\/tunisie\/wp-json\/wp\/v2\/types\/post"}],"author":[{"embeddable":true,"href":"https:\/\/kapitalis.com\/tunisie\/wp-json\/wp\/v2\/users\/8"}],"replies":[{"embeddable":true,"href":"https:\/\/kapitalis.com\/tunisie\/wp-json\/wp\/v2\/comments?post=357936"}],"version-history":[{"count":0,"href":"https:\/\/kapitalis.com\/tunisie\/wp-json\/wp\/v2\/posts\/357936\/revisions"}],"wp:attachment":[{"href":"https:\/\/kapitalis.com\/tunisie\/wp-json\/wp\/v2\/media?parent=357936"}],"wp:term":[{"taxonomy":"category","embeddable":true,"href":"https:\/\/kapitalis.com\/tunisie\/wp-json\/wp\/v2\/categories?post=357936"},{"taxonomy":"post_tag","embeddable":true,"href":"https:\/\/kapitalis.com\/tunisie\/wp-json\/wp\/v2\/tags?post=357936"}],"curies":[{"name":"wp","href":"https:\/\/api.w.org\/{rel}","templated":true}]}}