{"id":358062,"date":"2021-08-02T08:01:45","date_gmt":"2021-08-02T07:01:45","guid":{"rendered":"http:\/\/kapitalis.com\/tunisie\/?p=358062"},"modified":"2021-08-02T08:05:05","modified_gmt":"2021-08-02T07:05:05","slug":"tunisie-le-festival-dream-city-reporte-a-lannee-2022","status":"publish","type":"post","link":"https:\/\/kapitalis.com\/tunisie\/2021\/08\/02\/tunisie-le-festival-dream-city-reporte-a-lannee-2022\/","title":{"rendered":"Tunisie : Le festival Dream City report\u00e9 \u00e0 l&rsquo;ann\u00e9e 2022"},"content":{"rendered":"\n<div class=\"wp-block-image\"><figure class=\"aligncenter size-large\"><img decoding=\"async\" src=\"http:\/\/kapitalis.com\/tunisie\/wp-content\/uploads\/2021\/08\/Untitled-7.jpg\" alt=\"\" class=\"wp-image-358064\"\/><\/figure><\/div>\n\n\n\n<p><em><strong>La 8<sup>e<\/sup> \u00e9dition de la biennale d\u2019art contemporain Dream City n\u2019aura pas lieu cette ann\u00e9e, le festival vient d\u2019\u00eatre report\u00e9 \u00e0 l\u2019ann\u00e9e prochaine compte tenue de la situation sanitaire li\u00e9e \u00e0 la pand\u00e9mie du Coronavirus en Tunisie.<\/strong><\/em><\/p>\n\n\n\n<!--more-->\n\n\n\n<p>La 8<sup>e<\/sup> \u00e9dition du festival Dream City qui se tient une fois tous les deux ans \u00e0 la M\u00e9dina de Tunis \u00e9tait programm\u00e9e pour la p\u00e9riode du 30 septembre au 10 octobre 2021, mais l\u2019association L\u2019Art Rue qui organise le festival depuis l\u2019ann\u00e9e 2007 vient d\u2019annoncer, dans un communiqu\u00e9 publi\u00e9 sur sa page Facebook, le report de cette \u00e9dition \u00e0 l\u2019ann\u00e9e prochaine.<\/p>\n\n\n\n<p>Comme beaucoup de manifestations et de festivals culturels, Dream City a \u00e9t\u00e9 contraint de reporter l\u2019\u00e9dition 2021 face \u00e0 un contexte sanitaire inqui\u00e9tant et \u00e0 un avenir incertain pour la vie culturelle en Tunisie.<\/p>\n\n\n\n<p><em>\u00ab&nbsp;Au vu du contexte sanitaire tunisien et pour vous offrir un festival du vivant et du partage, nous avons pris la difficile d\u00e9cision de reporter cette \u00e9dition de Dream City \u00e0 octobre 2022.&nbsp;\u00bb<\/em>, annonce l\u2019association L\u2019Art Rue qui a par la m\u00eame occasion indiqu\u00e9 la poursuite de ses activit\u00e9s artistiques hebdomadaire au sein de Dar Bach Hamba \u00e0 la M\u00e9dina de Tunis.<\/p>\n\n\n\n<p class=\"has-text-align-right\"><strong>Fawz Benali<\/strong><\/p>\n","protected":false},"excerpt":{"rendered":"<p>La 8e \u00e9dition de la biennale d\u2019art contemporain Dream City n\u2019aura pas lieu cette ann\u00e9e, le festival vient d\u2019\u00eatre report\u00e9 \u00e0 l\u2019ann\u00e9e prochaine compte tenue de la situation sanitaire li\u00e9e \u00e0 la pand\u00e9mie du Coronavirus en Tunisie.<\/p>\n","protected":false},"author":26,"featured_media":358064,"comment_status":"open","ping_status":"open","sticky":false,"template":"","format":"standard","meta":{"footnotes":""},"categories":[994,2433],"tags":[91922,6784,62643],"class_list":["post-358062","post","type-post","status-publish","format-standard","has-post-thumbnail","hentry","category-culture","category-tunisie","tag-dream-city-2021","tag-lart-rue","tag-tunisie"],"yoast_head":"<!-- This site is optimized with the Yoast SEO plugin v26.6 - https:\/\/yoast.com\/wordpress\/plugins\/seo\/ -->\n<title>Tunisie : Le festival Dream City report\u00e9 \u00e0 l&#039;ann\u00e9e 2022 - Kapitalis<\/title>\n<meta name=\"robots\" content=\"index, follow, max-snippet:-1, max-image-preview:large, max-video-preview:-1\" \/>\n<link rel=\"canonical\" href=\"https:\/\/kapitalis.com\/tunisie\/2021\/08\/02\/tunisie-le-festival-dream-city-reporte-a-lannee-2022\/\" \/>\n<meta property=\"og:locale\" content=\"fr_FR\" \/>\n<meta property=\"og:type\" content=\"article\" \/>\n<meta property=\"og:title\" content=\"Tunisie : Le festival Dream City report\u00e9 \u00e0 l&#039;ann\u00e9e 2022 - Kapitalis\" \/>\n<meta property=\"og:description\" content=\"La 8e \u00e9dition de la biennale d\u2019art contemporain Dream City n\u2019aura pas lieu cette ann\u00e9e, le festival vient d\u2019\u00eatre report\u00e9 \u00e0 l\u2019ann\u00e9e prochaine compte tenue de la situation sanitaire li\u00e9e \u00e0 la pand\u00e9mie du Coronavirus en Tunisie.\" \/>\n<meta property=\"og:url\" content=\"https:\/\/kapitalis.com\/tunisie\/2021\/08\/02\/tunisie-le-festival-dream-city-reporte-a-lannee-2022\/\" \/>\n<meta property=\"og:site_name\" content=\"Kapitalis\" \/>\n<meta property=\"article:publisher\" content=\"https:\/\/www.facebook.com\/KapitalisInfo\/\" \/>\n<meta property=\"article:published_time\" content=\"2021-08-02T07:01:45+00:00\" \/>\n<meta property=\"article:modified_time\" content=\"2021-08-02T07:05:05+00:00\" \/>\n<meta property=\"og:image\" content=\"https:\/\/kapitalis.com\/tunisie\/wp-content\/uploads\/2022\/05\/kapitalis-logo-fb.png\" \/>\n\t<meta property=\"og:image:width\" content=\"1200\" \/>\n\t<meta property=\"og:image:height\" content=\"630\" \/>\n\t<meta property=\"og:image:type\" content=\"image\/png\" \/>\n<meta name=\"author\" content=\"Fawz BenAli\" \/>\n<meta name=\"twitter:card\" content=\"summary_large_image\" \/>\n<meta name=\"twitter:creator\" content=\"@KapitalisInfo\" \/>\n<meta name=\"twitter:site\" content=\"@KapitalisInfo\" \/>\n<meta name=\"twitter:label1\" content=\"\u00c9crit par\" \/>\n\t<meta name=\"twitter:data1\" content=\"Fawz BenAli\" \/>\n\t<meta name=\"twitter:label2\" content=\"Dur\u00e9e de lecture estim\u00e9e\" \/>\n\t<meta name=\"twitter:data2\" content=\"1 minute\" \/>\n<script type=\"application\/ld+json\" class=\"yoast-schema-graph\">{\"@context\":\"https:\/\/schema.org\",\"@graph\":[{\"@type\":\"Article\",\"@id\":\"https:\/\/kapitalis.com\/tunisie\/2021\/08\/02\/tunisie-le-festival-dream-city-reporte-a-lannee-2022\/#article\",\"isPartOf\":{\"@id\":\"https:\/\/kapitalis.com\/tunisie\/2021\/08\/02\/tunisie-le-festival-dream-city-reporte-a-lannee-2022\/\"},\"author\":{\"name\":\"Fawz BenAli\",\"@id\":\"https:\/\/kapitalis.com\/tunisie\/#\/schema\/person\/73a5ecc1f6ae540c6ed91342eadca948\"},\"headline\":\"Tunisie : Le festival Dream City report\u00e9 \u00e0 l&rsquo;ann\u00e9e 2022\",\"datePublished\":\"2021-08-02T07:01:45+00:00\",\"dateModified\":\"2021-08-02T07:05:05+00:00\",\"mainEntityOfPage\":{\"@id\":\"https:\/\/kapitalis.com\/tunisie\/2021\/08\/02\/tunisie-le-festival-dream-city-reporte-a-lannee-2022\/\"},\"wordCount\":219,\"commentCount\":0,\"publisher\":{\"@id\":\"https:\/\/kapitalis.com\/tunisie\/#organization\"},\"image\":{\"@id\":\"https:\/\/kapitalis.com\/tunisie\/2021\/08\/02\/tunisie-le-festival-dream-city-reporte-a-lannee-2022\/#primaryimage\"},\"thumbnailUrl\":\"\",\"keywords\":[\"Dream City 2021\",\"L'Art Rue\",\"Tunisie\"],\"articleSection\":[\"CULTURE\",\"Tunisie\"],\"inLanguage\":\"fr-FR\",\"potentialAction\":[{\"@type\":\"CommentAction\",\"name\":\"Comment\",\"target\":[\"https:\/\/kapitalis.com\/tunisie\/2021\/08\/02\/tunisie-le-festival-dream-city-reporte-a-lannee-2022\/#respond\"]}]},{\"@type\":\"WebPage\",\"@id\":\"https:\/\/kapitalis.com\/tunisie\/2021\/08\/02\/tunisie-le-festival-dream-city-reporte-a-lannee-2022\/\",\"url\":\"https:\/\/kapitalis.com\/tunisie\/2021\/08\/02\/tunisie-le-festival-dream-city-reporte-a-lannee-2022\/\",\"name\":\"Tunisie : Le festival Dream City report\u00e9 \u00e0 l'ann\u00e9e 2022 - Kapitalis\",\"isPartOf\":{\"@id\":\"https:\/\/kapitalis.com\/tunisie\/#website\"},\"primaryImageOfPage\":{\"@id\":\"https:\/\/kapitalis.com\/tunisie\/2021\/08\/02\/tunisie-le-festival-dream-city-reporte-a-lannee-2022\/#primaryimage\"},\"image\":{\"@id\":\"https:\/\/kapitalis.com\/tunisie\/2021\/08\/02\/tunisie-le-festival-dream-city-reporte-a-lannee-2022\/#primaryimage\"},\"thumbnailUrl\":\"\",\"datePublished\":\"2021-08-02T07:01:45+00:00\",\"dateModified\":\"2021-08-02T07:05:05+00:00\",\"breadcrumb\":{\"@id\":\"https:\/\/kapitalis.com\/tunisie\/2021\/08\/02\/tunisie-le-festival-dream-city-reporte-a-lannee-2022\/#breadcrumb\"},\"inLanguage\":\"fr-FR\",\"potentialAction\":[{\"@type\":\"ReadAction\",\"target\":[\"https:\/\/kapitalis.com\/tunisie\/2021\/08\/02\/tunisie-le-festival-dream-city-reporte-a-lannee-2022\/\"]}]},{\"@type\":\"ImageObject\",\"inLanguage\":\"fr-FR\",\"@id\":\"https:\/\/kapitalis.com\/tunisie\/2021\/08\/02\/tunisie-le-festival-dream-city-reporte-a-lannee-2022\/#primaryimage\",\"url\":\"\",\"contentUrl\":\"\"},{\"@type\":\"BreadcrumbList\",\"@id\":\"https:\/\/kapitalis.com\/tunisie\/2021\/08\/02\/tunisie-le-festival-dream-city-reporte-a-lannee-2022\/#breadcrumb\",\"itemListElement\":[{\"@type\":\"ListItem\",\"position\":1,\"name\":\"Accueil\",\"item\":\"https:\/\/kapitalis.com\/tunisie\/\"},{\"@type\":\"ListItem\",\"position\":2,\"name\":\"Tunisie : Le festival Dream City report\u00e9 \u00e0 l&rsquo;ann\u00e9e 2022\"}]},{\"@type\":\"WebSite\",\"@id\":\"https:\/\/kapitalis.com\/tunisie\/#website\",\"url\":\"https:\/\/kapitalis.com\/tunisie\/\",\"name\":\"Kapitalis\",\"description\":\"L&#039;actualit\u00e9 en Tunisie et dans le monde\",\"publisher\":{\"@id\":\"https:\/\/kapitalis.com\/tunisie\/#organization\"},\"potentialAction\":[{\"@type\":\"SearchAction\",\"target\":{\"@type\":\"EntryPoint\",\"urlTemplate\":\"https:\/\/kapitalis.com\/tunisie\/?s={search_term_string}\"},\"query-input\":{\"@type\":\"PropertyValueSpecification\",\"valueRequired\":true,\"valueName\":\"search_term_string\"}}],\"inLanguage\":\"fr-FR\"},{\"@type\":\"Organization\",\"@id\":\"https:\/\/kapitalis.com\/tunisie\/#organization\",\"name\":\"Kapitalis\",\"url\":\"https:\/\/kapitalis.com\/tunisie\/\",\"logo\":{\"@type\":\"ImageObject\",\"inLanguage\":\"fr-FR\",\"@id\":\"https:\/\/kapitalis.com\/tunisie\/#\/schema\/logo\/image\/\",\"url\":\"https:\/\/kapitalis.com\/tunisie\/wp-content\/uploads\/2022\/05\/Kapitalis-big-size.png\",\"contentUrl\":\"https:\/\/kapitalis.com\/tunisie\/wp-content\/uploads\/2022\/05\/Kapitalis-big-size.png\",\"width\":5000,\"height\":1500,\"caption\":\"Kapitalis\"},\"image\":{\"@id\":\"https:\/\/kapitalis.com\/tunisie\/#\/schema\/logo\/image\/\"},\"sameAs\":[\"https:\/\/www.facebook.com\/KapitalisInfo\/\",\"https:\/\/x.com\/KapitalisInfo\",\"https:\/\/www.youtube.com\/channel\/UC-yDYrHyfFBWWZaOw3FPg9Q\"]},{\"@type\":\"Person\",\"@id\":\"https:\/\/kapitalis.com\/tunisie\/#\/schema\/person\/73a5ecc1f6ae540c6ed91342eadca948\",\"name\":\"Fawz BenAli\",\"url\":\"https:\/\/kapitalis.com\/tunisie\/author\/fawz\/\"}]}<\/script>\n<!-- \/ Yoast SEO plugin. -->","yoast_head_json":{"title":"Tunisie : Le festival Dream City report\u00e9 \u00e0 l'ann\u00e9e 2022 - Kapitalis","robots":{"index":"index","follow":"follow","max-snippet":"max-snippet:-1","max-image-preview":"max-image-preview:large","max-video-preview":"max-video-preview:-1"},"canonical":"https:\/\/kapitalis.com\/tunisie\/2021\/08\/02\/tunisie-le-festival-dream-city-reporte-a-lannee-2022\/","og_locale":"fr_FR","og_type":"article","og_title":"Tunisie : Le festival Dream City report\u00e9 \u00e0 l'ann\u00e9e 2022 - Kapitalis","og_description":"La 8e \u00e9dition de la biennale d\u2019art contemporain Dream City n\u2019aura pas lieu cette ann\u00e9e, le festival vient d\u2019\u00eatre report\u00e9 \u00e0 l\u2019ann\u00e9e prochaine compte tenue de la situation sanitaire li\u00e9e \u00e0 la pand\u00e9mie du Coronavirus en Tunisie.","og_url":"https:\/\/kapitalis.com\/tunisie\/2021\/08\/02\/tunisie-le-festival-dream-city-reporte-a-lannee-2022\/","og_site_name":"Kapitalis","article_publisher":"https:\/\/www.facebook.com\/KapitalisInfo\/","article_published_time":"2021-08-02T07:01:45+00:00","article_modified_time":"2021-08-02T07:05:05+00:00","og_image":[{"width":1200,"height":630,"url":"https:\/\/kapitalis.com\/tunisie\/wp-content\/uploads\/2022\/05\/kapitalis-logo-fb.png","type":"image\/png"}],"author":"Fawz BenAli","twitter_card":"summary_large_image","twitter_creator":"@KapitalisInfo","twitter_site":"@KapitalisInfo","twitter_misc":{"\u00c9crit par":"Fawz BenAli","Dur\u00e9e de lecture estim\u00e9e":"1 minute"},"schema":{"@context":"https:\/\/schema.org","@graph":[{"@type":"Article","@id":"https:\/\/kapitalis.com\/tunisie\/2021\/08\/02\/tunisie-le-festival-dream-city-reporte-a-lannee-2022\/#article","isPartOf":{"@id":"https:\/\/kapitalis.com\/tunisie\/2021\/08\/02\/tunisie-le-festival-dream-city-reporte-a-lannee-2022\/"},"author":{"name":"Fawz BenAli","@id":"https:\/\/kapitalis.com\/tunisie\/#\/schema\/person\/73a5ecc1f6ae540c6ed91342eadca948"},"headline":"Tunisie : Le festival Dream City report\u00e9 \u00e0 l&rsquo;ann\u00e9e 2022","datePublished":"2021-08-02T07:01:45+00:00","dateModified":"2021-08-02T07:05:05+00:00","mainEntityOfPage":{"@id":"https:\/\/kapitalis.com\/tunisie\/2021\/08\/02\/tunisie-le-festival-dream-city-reporte-a-lannee-2022\/"},"wordCount":219,"commentCount":0,"publisher":{"@id":"https:\/\/kapitalis.com\/tunisie\/#organization"},"image":{"@id":"https:\/\/kapitalis.com\/tunisie\/2021\/08\/02\/tunisie-le-festival-dream-city-reporte-a-lannee-2022\/#primaryimage"},"thumbnailUrl":"","keywords":["Dream City 2021","L'Art Rue","Tunisie"],"articleSection":["CULTURE","Tunisie"],"inLanguage":"fr-FR","potentialAction":[{"@type":"CommentAction","name":"Comment","target":["https:\/\/kapitalis.com\/tunisie\/2021\/08\/02\/tunisie-le-festival-dream-city-reporte-a-lannee-2022\/#respond"]}]},{"@type":"WebPage","@id":"https:\/\/kapitalis.com\/tunisie\/2021\/08\/02\/tunisie-le-festival-dream-city-reporte-a-lannee-2022\/","url":"https:\/\/kapitalis.com\/tunisie\/2021\/08\/02\/tunisie-le-festival-dream-city-reporte-a-lannee-2022\/","name":"Tunisie : Le festival Dream City report\u00e9 \u00e0 l'ann\u00e9e 2022 - Kapitalis","isPartOf":{"@id":"https:\/\/kapitalis.com\/tunisie\/#website"},"primaryImageOfPage":{"@id":"https:\/\/kapitalis.com\/tunisie\/2021\/08\/02\/tunisie-le-festival-dream-city-reporte-a-lannee-2022\/#primaryimage"},"image":{"@id":"https:\/\/kapitalis.com\/tunisie\/2021\/08\/02\/tunisie-le-festival-dream-city-reporte-a-lannee-2022\/#primaryimage"},"thumbnailUrl":"","datePublished":"2021-08-02T07:01:45+00:00","dateModified":"2021-08-02T07:05:05+00:00","breadcrumb":{"@id":"https:\/\/kapitalis.com\/tunisie\/2021\/08\/02\/tunisie-le-festival-dream-city-reporte-a-lannee-2022\/#breadcrumb"},"inLanguage":"fr-FR","potentialAction":[{"@type":"ReadAction","target":["https:\/\/kapitalis.com\/tunisie\/2021\/08\/02\/tunisie-le-festival-dream-city-reporte-a-lannee-2022\/"]}]},{"@type":"ImageObject","inLanguage":"fr-FR","@id":"https:\/\/kapitalis.com\/tunisie\/2021\/08\/02\/tunisie-le-festival-dream-city-reporte-a-lannee-2022\/#primaryimage","url":"","contentUrl":""},{"@type":"BreadcrumbList","@id":"https:\/\/kapitalis.com\/tunisie\/2021\/08\/02\/tunisie-le-festival-dream-city-reporte-a-lannee-2022\/#breadcrumb","itemListElement":[{"@type":"ListItem","position":1,"name":"Accueil","item":"https:\/\/kapitalis.com\/tunisie\/"},{"@type":"ListItem","position":2,"name":"Tunisie : Le festival Dream City report\u00e9 \u00e0 l&rsquo;ann\u00e9e 2022"}]},{"@type":"WebSite","@id":"https:\/\/kapitalis.com\/tunisie\/#website","url":"https:\/\/kapitalis.com\/tunisie\/","name":"Kapitalis","description":"L&#039;actualit\u00e9 en Tunisie et dans le monde","publisher":{"@id":"https:\/\/kapitalis.com\/tunisie\/#organization"},"potentialAction":[{"@type":"SearchAction","target":{"@type":"EntryPoint","urlTemplate":"https:\/\/kapitalis.com\/tunisie\/?s={search_term_string}"},"query-input":{"@type":"PropertyValueSpecification","valueRequired":true,"valueName":"search_term_string"}}],"inLanguage":"fr-FR"},{"@type":"Organization","@id":"https:\/\/kapitalis.com\/tunisie\/#organization","name":"Kapitalis","url":"https:\/\/kapitalis.com\/tunisie\/","logo":{"@type":"ImageObject","inLanguage":"fr-FR","@id":"https:\/\/kapitalis.com\/tunisie\/#\/schema\/logo\/image\/","url":"https:\/\/kapitalis.com\/tunisie\/wp-content\/uploads\/2022\/05\/Kapitalis-big-size.png","contentUrl":"https:\/\/kapitalis.com\/tunisie\/wp-content\/uploads\/2022\/05\/Kapitalis-big-size.png","width":5000,"height":1500,"caption":"Kapitalis"},"image":{"@id":"https:\/\/kapitalis.com\/tunisie\/#\/schema\/logo\/image\/"},"sameAs":["https:\/\/www.facebook.com\/KapitalisInfo\/","https:\/\/x.com\/KapitalisInfo","https:\/\/www.youtube.com\/channel\/UC-yDYrHyfFBWWZaOw3FPg9Q"]},{"@type":"Person","@id":"https:\/\/kapitalis.com\/tunisie\/#\/schema\/person\/73a5ecc1f6ae540c6ed91342eadca948","name":"Fawz BenAli","url":"https:\/\/kapitalis.com\/tunisie\/author\/fawz\/"}]}},"_links":{"self":[{"href":"https:\/\/kapitalis.com\/tunisie\/wp-json\/wp\/v2\/posts\/358062","targetHints":{"allow":["GET"]}}],"collection":[{"href":"https:\/\/kapitalis.com\/tunisie\/wp-json\/wp\/v2\/posts"}],"about":[{"href":"https:\/\/kapitalis.com\/tunisie\/wp-json\/wp\/v2\/types\/post"}],"author":[{"embeddable":true,"href":"https:\/\/kapitalis.com\/tunisie\/wp-json\/wp\/v2\/users\/26"}],"replies":[{"embeddable":true,"href":"https:\/\/kapitalis.com\/tunisie\/wp-json\/wp\/v2\/comments?post=358062"}],"version-history":[{"count":0,"href":"https:\/\/kapitalis.com\/tunisie\/wp-json\/wp\/v2\/posts\/358062\/revisions"}],"wp:featuredmedia":[{"embeddable":true,"href":"https:\/\/kapitalis.com\/tunisie\/wp-json\/wp\/v2\/media\/358064"}],"wp:attachment":[{"href":"https:\/\/kapitalis.com\/tunisie\/wp-json\/wp\/v2\/media?parent=358062"}],"wp:term":[{"taxonomy":"category","embeddable":true,"href":"https:\/\/kapitalis.com\/tunisie\/wp-json\/wp\/v2\/categories?post=358062"},{"taxonomy":"post_tag","embeddable":true,"href":"https:\/\/kapitalis.com\/tunisie\/wp-json\/wp\/v2\/tags?post=358062"}],"curies":[{"name":"wp","href":"https:\/\/api.w.org\/{rel}","templated":true}]}}