{"id":358148,"date":"2021-08-02T19:12:15","date_gmt":"2021-08-02T18:12:15","guid":{"rendered":"http:\/\/kapitalis.com\/tunisie\/?p=358148"},"modified":"2021-08-02T19:20:46","modified_gmt":"2021-08-02T18:20:46","slug":"tunisie-les-chefs-daccusation-pesant-sur-le-depute-faycal-tebini","status":"publish","type":"post","link":"https:\/\/kapitalis.com\/tunisie\/2021\/08\/02\/tunisie-les-chefs-daccusation-pesant-sur-le-depute-faycal-tebini\/","title":{"rendered":"Tunisie : Les chefs d&rsquo;accusation pesant sur le d\u00e9put\u00e9 Fay\u00e7al Tebini"},"content":{"rendered":"\n<div class=\"wp-block-image\"><figure class=\"aligncenter size-large\"><img decoding=\"async\" src=\"http:\/\/kapitalis.com\/tunisie\/wp-content\/uploads\/2020\/05\/fay\u00e7al-tebini.jpg\" alt=\"\" class=\"wp-image-298833\"\/><\/figure><\/div>\n\n\n\n<p><strong><em>Arr\u00eat\u00e9 ce lundi 2 ao\u00fbt 2021, le d\u00e9put\u00e9 suspendu Fay\u00e7al Tebini est vis\u00e9 par quatre plaintes datant  toutes de 2019, notamment pour diffamation et injures et appel \u00e0 la d\u00e9sob\u00e9issance civile, via les r\u00e9seaux sociaux.<\/em><\/strong><\/p>\n\n\n\n<!--more-->\n\n\n\n<p>C&rsquo;est ce qu&rsquo;a indiqu\u00e9 Iskander Zoghlami, porte-parole du Tribunal de premi\u00e8re instance de Jendouba, dans une d\u00e9claration \u00e0 l&rsquo;agence Tap, en pr\u00e9cisant que le d\u00e9put\u00e9 avait \u00e9t\u00e9 au pr\u00e9alable convoqu\u00e9 par la justice mais avait refus\u00e9 de renoncer \u00e0 son immunit\u00e9 parlementaire, qui a finalement \u00e9t\u00e9 lev\u00e9e le 25 juillet dernier, comme tous les autres \u00e9lus, suite aux d\u00e9cisions exceptionnelles prises par le pr\u00e9sident de la r\u00e9publique, Ka\u00efs Sa\u00efed.<\/p>\n\n\n\n<p>Ainsi parmi les plaintes contre le d\u00e9put\u00e9, on en compte deux d\u00e9pos\u00e9es par l\u2019ancien procureur de la R\u00e9publique en octobre 2019, une autre en date du 14 octobre d\u00e9pos\u00e9e par un activiste de la soci\u00e9t\u00e9 civile pour les m\u00eames faits et encore une autre,  d\u00e9pos\u00e9e le 5 novembre 2019, par un avocat de Jendouba.<\/p>\n\n\n\n<p class=\"has-text-align-right\"><strong>Y. N.<\/strong><\/p>\n\n\n\n<figure class=\"wp-block-embed is-type-wp-embed is-provider-kapitalis wp-block-embed-kapitalis\"><div class=\"wp-block-embed__wrapper\">\n<blockquote class=\"wp-embedded-content\" data-secret=\"JDdVyLx0ye\"><a href=\"https:\/\/kapitalis.com\/tunisie\/2021\/08\/02\/tunisie-arrestation-du-depute-faycal-tebini\/\">Tunisie : Arrestation du d\u00e9put\u00e9 Fay\u00e7al Tebini<\/a><\/blockquote><iframe loading=\"lazy\" class=\"wp-embedded-content\" sandbox=\"allow-scripts\" security=\"restricted\" style=\"position: absolute; clip: rect(1px, 1px, 1px, 1px);\" title=\"\u00ab\u00a0Tunisie : Arrestation du d\u00e9put\u00e9 Fay\u00e7al Tebini\u00a0\u00bb &#8212; Kapitalis\" src=\"https:\/\/kapitalis.com\/tunisie\/2021\/08\/02\/tunisie-arrestation-du-depute-faycal-tebini\/embed\/#?secret=dMp6Ph9SPf#?secret=JDdVyLx0ye\" data-secret=\"JDdVyLx0ye\" width=\"600\" height=\"338\" frameborder=\"0\" marginwidth=\"0\" marginheight=\"0\" scrolling=\"no\"><\/iframe>\n<\/div><\/figure>\n\n\n\n<p><\/p>\n","protected":false},"excerpt":{"rendered":"<p>Arr\u00eat\u00e9 ce lundi 2 ao\u00fbt 2021, le d\u00e9put\u00e9 suspendu Fay\u00e7al Tebini est vis\u00e9 par quatre plaintes datant toutes de 2019, notamment pour diffamation et injures et appel \u00e0 la d\u00e9sob\u00e9issance civile, via les r\u00e9seaux sociaux.<\/p>\n","protected":false},"author":6,"featured_media":0,"comment_status":"open","ping_status":"open","sticky":false,"template":"","format":"standard","meta":{"footnotes":""},"categories":[997,2433],"tags":[92416,1347,20484,515,64355,10575,62643],"class_list":["post-358148","post","type-post","status-publish","format-standard","hentry","category-politique","category-tunisie","tag-chefs-daccusation","tag-depute","tag-faycal-tebini","tag-jendouba","tag-justice","tag-plaintes","tag-tunisie"],"yoast_head":"<!-- This site is optimized with the Yoast SEO plugin v26.6 - https:\/\/yoast.com\/wordpress\/plugins\/seo\/ -->\n<title>Tunisie : Les chefs d&#039;accusation pesant sur le d\u00e9put\u00e9 Fay\u00e7al Tebini - Kapitalis<\/title>\n<meta name=\"robots\" content=\"index, follow, max-snippet:-1, max-image-preview:large, max-video-preview:-1\" \/>\n<link rel=\"canonical\" href=\"https:\/\/kapitalis.com\/tunisie\/2021\/08\/02\/tunisie-les-chefs-daccusation-pesant-sur-le-depute-faycal-tebini\/\" \/>\n<meta property=\"og:locale\" content=\"fr_FR\" \/>\n<meta property=\"og:type\" content=\"article\" \/>\n<meta property=\"og:title\" content=\"Tunisie : Les chefs d&#039;accusation pesant sur le d\u00e9put\u00e9 Fay\u00e7al Tebini - Kapitalis\" \/>\n<meta property=\"og:description\" content=\"Arr\u00eat\u00e9 ce lundi 2 ao\u00fbt 2021, le d\u00e9put\u00e9 suspendu Fay\u00e7al Tebini est vis\u00e9 par quatre plaintes datant toutes de 2019, notamment pour diffamation et injures et appel \u00e0 la d\u00e9sob\u00e9issance civile, via les r\u00e9seaux sociaux.\" \/>\n<meta property=\"og:url\" content=\"https:\/\/kapitalis.com\/tunisie\/2021\/08\/02\/tunisie-les-chefs-daccusation-pesant-sur-le-depute-faycal-tebini\/\" \/>\n<meta property=\"og:site_name\" content=\"Kapitalis\" \/>\n<meta property=\"article:publisher\" content=\"https:\/\/www.facebook.com\/KapitalisInfo\/\" \/>\n<meta property=\"article:published_time\" content=\"2021-08-02T18:12:15+00:00\" \/>\n<meta property=\"article:modified_time\" content=\"2021-08-02T18:20:46+00:00\" \/>\n<meta property=\"og:image\" content=\"https:\/\/kapitalis.com\/tunisie\/wp-content\/uploads\/2022\/05\/kapitalis-logo-fb.png\" \/>\n\t<meta property=\"og:image:width\" content=\"1200\" \/>\n\t<meta property=\"og:image:height\" content=\"630\" \/>\n\t<meta property=\"og:image:type\" content=\"image\/png\" \/>\n<meta name=\"author\" content=\"Yusra NY\" \/>\n<meta name=\"twitter:card\" content=\"summary_large_image\" \/>\n<meta name=\"twitter:creator\" content=\"@KapitalisInfo\" \/>\n<meta name=\"twitter:site\" content=\"@KapitalisInfo\" \/>\n<meta name=\"twitter:label1\" content=\"\u00c9crit par\" \/>\n\t<meta name=\"twitter:data1\" content=\"Yusra NY\" \/>\n\t<meta name=\"twitter:label2\" content=\"Dur\u00e9e de lecture estim\u00e9e\" \/>\n\t<meta name=\"twitter:data2\" content=\"1 minute\" \/>\n<script type=\"application\/ld+json\" class=\"yoast-schema-graph\">{\"@context\":\"https:\/\/schema.org\",\"@graph\":[{\"@type\":\"Article\",\"@id\":\"https:\/\/kapitalis.com\/tunisie\/2021\/08\/02\/tunisie-les-chefs-daccusation-pesant-sur-le-depute-faycal-tebini\/#article\",\"isPartOf\":{\"@id\":\"https:\/\/kapitalis.com\/tunisie\/2021\/08\/02\/tunisie-les-chefs-daccusation-pesant-sur-le-depute-faycal-tebini\/\"},\"author\":{\"name\":\"Yusra NY\",\"@id\":\"https:\/\/kapitalis.com\/tunisie\/#\/schema\/person\/74bbde0154d49d790a92aaeac5bc01d5\"},\"headline\":\"Tunisie : Les chefs d&rsquo;accusation pesant sur le d\u00e9put\u00e9 Fay\u00e7al Tebini\",\"datePublished\":\"2021-08-02T18:12:15+00:00\",\"dateModified\":\"2021-08-02T18:20:46+00:00\",\"mainEntityOfPage\":{\"@id\":\"https:\/\/kapitalis.com\/tunisie\/2021\/08\/02\/tunisie-les-chefs-daccusation-pesant-sur-le-depute-faycal-tebini\/\"},\"wordCount\":195,\"commentCount\":1,\"publisher\":{\"@id\":\"https:\/\/kapitalis.com\/tunisie\/#organization\"},\"keywords\":[\"chefs d'accusation\",\"d\u00e9put\u00e9\",\"Fay\u00e7al Tebini\",\"Jendouba\",\"justice\",\"plaintes\",\"Tunisie\"],\"articleSection\":[\"POLITIQUE\",\"Tunisie\"],\"inLanguage\":\"fr-FR\",\"potentialAction\":[{\"@type\":\"CommentAction\",\"name\":\"Comment\",\"target\":[\"https:\/\/kapitalis.com\/tunisie\/2021\/08\/02\/tunisie-les-chefs-daccusation-pesant-sur-le-depute-faycal-tebini\/#respond\"]}]},{\"@type\":\"WebPage\",\"@id\":\"https:\/\/kapitalis.com\/tunisie\/2021\/08\/02\/tunisie-les-chefs-daccusation-pesant-sur-le-depute-faycal-tebini\/\",\"url\":\"https:\/\/kapitalis.com\/tunisie\/2021\/08\/02\/tunisie-les-chefs-daccusation-pesant-sur-le-depute-faycal-tebini\/\",\"name\":\"Tunisie : Les chefs d'accusation pesant sur le d\u00e9put\u00e9 Fay\u00e7al Tebini - Kapitalis\",\"isPartOf\":{\"@id\":\"https:\/\/kapitalis.com\/tunisie\/#website\"},\"datePublished\":\"2021-08-02T18:12:15+00:00\",\"dateModified\":\"2021-08-02T18:20:46+00:00\",\"breadcrumb\":{\"@id\":\"https:\/\/kapitalis.com\/tunisie\/2021\/08\/02\/tunisie-les-chefs-daccusation-pesant-sur-le-depute-faycal-tebini\/#breadcrumb\"},\"inLanguage\":\"fr-FR\",\"potentialAction\":[{\"@type\":\"ReadAction\",\"target\":[\"https:\/\/kapitalis.com\/tunisie\/2021\/08\/02\/tunisie-les-chefs-daccusation-pesant-sur-le-depute-faycal-tebini\/\"]}]},{\"@type\":\"BreadcrumbList\",\"@id\":\"https:\/\/kapitalis.com\/tunisie\/2021\/08\/02\/tunisie-les-chefs-daccusation-pesant-sur-le-depute-faycal-tebini\/#breadcrumb\",\"itemListElement\":[{\"@type\":\"ListItem\",\"position\":1,\"name\":\"Accueil\",\"item\":\"https:\/\/kapitalis.com\/tunisie\/\"},{\"@type\":\"ListItem\",\"position\":2,\"name\":\"Tunisie : Les chefs d&rsquo;accusation pesant sur le d\u00e9put\u00e9 Fay\u00e7al Tebini\"}]},{\"@type\":\"WebSite\",\"@id\":\"https:\/\/kapitalis.com\/tunisie\/#website\",\"url\":\"https:\/\/kapitalis.com\/tunisie\/\",\"name\":\"Kapitalis\",\"description\":\"L&#039;actualit\u00e9 en Tunisie et dans le monde\",\"publisher\":{\"@id\":\"https:\/\/kapitalis.com\/tunisie\/#organization\"},\"potentialAction\":[{\"@type\":\"SearchAction\",\"target\":{\"@type\":\"EntryPoint\",\"urlTemplate\":\"https:\/\/kapitalis.com\/tunisie\/?s={search_term_string}\"},\"query-input\":{\"@type\":\"PropertyValueSpecification\",\"valueRequired\":true,\"valueName\":\"search_term_string\"}}],\"inLanguage\":\"fr-FR\"},{\"@type\":\"Organization\",\"@id\":\"https:\/\/kapitalis.com\/tunisie\/#organization\",\"name\":\"Kapitalis\",\"url\":\"https:\/\/kapitalis.com\/tunisie\/\",\"logo\":{\"@type\":\"ImageObject\",\"inLanguage\":\"fr-FR\",\"@id\":\"https:\/\/kapitalis.com\/tunisie\/#\/schema\/logo\/image\/\",\"url\":\"https:\/\/kapitalis.com\/tunisie\/wp-content\/uploads\/2022\/05\/Kapitalis-big-size.png\",\"contentUrl\":\"https:\/\/kapitalis.com\/tunisie\/wp-content\/uploads\/2022\/05\/Kapitalis-big-size.png\",\"width\":5000,\"height\":1500,\"caption\":\"Kapitalis\"},\"image\":{\"@id\":\"https:\/\/kapitalis.com\/tunisie\/#\/schema\/logo\/image\/\"},\"sameAs\":[\"https:\/\/www.facebook.com\/KapitalisInfo\/\",\"https:\/\/x.com\/KapitalisInfo\",\"https:\/\/www.youtube.com\/channel\/UC-yDYrHyfFBWWZaOw3FPg9Q\"]},{\"@type\":\"Person\",\"@id\":\"https:\/\/kapitalis.com\/tunisie\/#\/schema\/person\/74bbde0154d49d790a92aaeac5bc01d5\",\"name\":\"Yusra NY\",\"url\":\"https:\/\/kapitalis.com\/tunisie\/author\/yuza_adam\/\"}]}<\/script>\n<!-- \/ Yoast SEO plugin. -->","yoast_head_json":{"title":"Tunisie : Les chefs d'accusation pesant sur le d\u00e9put\u00e9 Fay\u00e7al Tebini - Kapitalis","robots":{"index":"index","follow":"follow","max-snippet":"max-snippet:-1","max-image-preview":"max-image-preview:large","max-video-preview":"max-video-preview:-1"},"canonical":"https:\/\/kapitalis.com\/tunisie\/2021\/08\/02\/tunisie-les-chefs-daccusation-pesant-sur-le-depute-faycal-tebini\/","og_locale":"fr_FR","og_type":"article","og_title":"Tunisie : Les chefs d'accusation pesant sur le d\u00e9put\u00e9 Fay\u00e7al Tebini - Kapitalis","og_description":"Arr\u00eat\u00e9 ce lundi 2 ao\u00fbt 2021, le d\u00e9put\u00e9 suspendu Fay\u00e7al Tebini est vis\u00e9 par quatre plaintes datant toutes de 2019, notamment pour diffamation et injures et appel \u00e0 la d\u00e9sob\u00e9issance civile, via les r\u00e9seaux sociaux.","og_url":"https:\/\/kapitalis.com\/tunisie\/2021\/08\/02\/tunisie-les-chefs-daccusation-pesant-sur-le-depute-faycal-tebini\/","og_site_name":"Kapitalis","article_publisher":"https:\/\/www.facebook.com\/KapitalisInfo\/","article_published_time":"2021-08-02T18:12:15+00:00","article_modified_time":"2021-08-02T18:20:46+00:00","og_image":[{"width":1200,"height":630,"url":"https:\/\/kapitalis.com\/tunisie\/wp-content\/uploads\/2022\/05\/kapitalis-logo-fb.png","type":"image\/png"}],"author":"Yusra NY","twitter_card":"summary_large_image","twitter_creator":"@KapitalisInfo","twitter_site":"@KapitalisInfo","twitter_misc":{"\u00c9crit par":"Yusra NY","Dur\u00e9e de lecture estim\u00e9e":"1 minute"},"schema":{"@context":"https:\/\/schema.org","@graph":[{"@type":"Article","@id":"https:\/\/kapitalis.com\/tunisie\/2021\/08\/02\/tunisie-les-chefs-daccusation-pesant-sur-le-depute-faycal-tebini\/#article","isPartOf":{"@id":"https:\/\/kapitalis.com\/tunisie\/2021\/08\/02\/tunisie-les-chefs-daccusation-pesant-sur-le-depute-faycal-tebini\/"},"author":{"name":"Yusra NY","@id":"https:\/\/kapitalis.com\/tunisie\/#\/schema\/person\/74bbde0154d49d790a92aaeac5bc01d5"},"headline":"Tunisie : Les chefs d&rsquo;accusation pesant sur le d\u00e9put\u00e9 Fay\u00e7al Tebini","datePublished":"2021-08-02T18:12:15+00:00","dateModified":"2021-08-02T18:20:46+00:00","mainEntityOfPage":{"@id":"https:\/\/kapitalis.com\/tunisie\/2021\/08\/02\/tunisie-les-chefs-daccusation-pesant-sur-le-depute-faycal-tebini\/"},"wordCount":195,"commentCount":1,"publisher":{"@id":"https:\/\/kapitalis.com\/tunisie\/#organization"},"keywords":["chefs d'accusation","d\u00e9put\u00e9","Fay\u00e7al Tebini","Jendouba","justice","plaintes","Tunisie"],"articleSection":["POLITIQUE","Tunisie"],"inLanguage":"fr-FR","potentialAction":[{"@type":"CommentAction","name":"Comment","target":["https:\/\/kapitalis.com\/tunisie\/2021\/08\/02\/tunisie-les-chefs-daccusation-pesant-sur-le-depute-faycal-tebini\/#respond"]}]},{"@type":"WebPage","@id":"https:\/\/kapitalis.com\/tunisie\/2021\/08\/02\/tunisie-les-chefs-daccusation-pesant-sur-le-depute-faycal-tebini\/","url":"https:\/\/kapitalis.com\/tunisie\/2021\/08\/02\/tunisie-les-chefs-daccusation-pesant-sur-le-depute-faycal-tebini\/","name":"Tunisie : Les chefs d'accusation pesant sur le d\u00e9put\u00e9 Fay\u00e7al Tebini - Kapitalis","isPartOf":{"@id":"https:\/\/kapitalis.com\/tunisie\/#website"},"datePublished":"2021-08-02T18:12:15+00:00","dateModified":"2021-08-02T18:20:46+00:00","breadcrumb":{"@id":"https:\/\/kapitalis.com\/tunisie\/2021\/08\/02\/tunisie-les-chefs-daccusation-pesant-sur-le-depute-faycal-tebini\/#breadcrumb"},"inLanguage":"fr-FR","potentialAction":[{"@type":"ReadAction","target":["https:\/\/kapitalis.com\/tunisie\/2021\/08\/02\/tunisie-les-chefs-daccusation-pesant-sur-le-depute-faycal-tebini\/"]}]},{"@type":"BreadcrumbList","@id":"https:\/\/kapitalis.com\/tunisie\/2021\/08\/02\/tunisie-les-chefs-daccusation-pesant-sur-le-depute-faycal-tebini\/#breadcrumb","itemListElement":[{"@type":"ListItem","position":1,"name":"Accueil","item":"https:\/\/kapitalis.com\/tunisie\/"},{"@type":"ListItem","position":2,"name":"Tunisie : Les chefs d&rsquo;accusation pesant sur le d\u00e9put\u00e9 Fay\u00e7al Tebini"}]},{"@type":"WebSite","@id":"https:\/\/kapitalis.com\/tunisie\/#website","url":"https:\/\/kapitalis.com\/tunisie\/","name":"Kapitalis","description":"L&#039;actualit\u00e9 en Tunisie et dans le monde","publisher":{"@id":"https:\/\/kapitalis.com\/tunisie\/#organization"},"potentialAction":[{"@type":"SearchAction","target":{"@type":"EntryPoint","urlTemplate":"https:\/\/kapitalis.com\/tunisie\/?s={search_term_string}"},"query-input":{"@type":"PropertyValueSpecification","valueRequired":true,"valueName":"search_term_string"}}],"inLanguage":"fr-FR"},{"@type":"Organization","@id":"https:\/\/kapitalis.com\/tunisie\/#organization","name":"Kapitalis","url":"https:\/\/kapitalis.com\/tunisie\/","logo":{"@type":"ImageObject","inLanguage":"fr-FR","@id":"https:\/\/kapitalis.com\/tunisie\/#\/schema\/logo\/image\/","url":"https:\/\/kapitalis.com\/tunisie\/wp-content\/uploads\/2022\/05\/Kapitalis-big-size.png","contentUrl":"https:\/\/kapitalis.com\/tunisie\/wp-content\/uploads\/2022\/05\/Kapitalis-big-size.png","width":5000,"height":1500,"caption":"Kapitalis"},"image":{"@id":"https:\/\/kapitalis.com\/tunisie\/#\/schema\/logo\/image\/"},"sameAs":["https:\/\/www.facebook.com\/KapitalisInfo\/","https:\/\/x.com\/KapitalisInfo","https:\/\/www.youtube.com\/channel\/UC-yDYrHyfFBWWZaOw3FPg9Q"]},{"@type":"Person","@id":"https:\/\/kapitalis.com\/tunisie\/#\/schema\/person\/74bbde0154d49d790a92aaeac5bc01d5","name":"Yusra NY","url":"https:\/\/kapitalis.com\/tunisie\/author\/yuza_adam\/"}]}},"_links":{"self":[{"href":"https:\/\/kapitalis.com\/tunisie\/wp-json\/wp\/v2\/posts\/358148","targetHints":{"allow":["GET"]}}],"collection":[{"href":"https:\/\/kapitalis.com\/tunisie\/wp-json\/wp\/v2\/posts"}],"about":[{"href":"https:\/\/kapitalis.com\/tunisie\/wp-json\/wp\/v2\/types\/post"}],"author":[{"embeddable":true,"href":"https:\/\/kapitalis.com\/tunisie\/wp-json\/wp\/v2\/users\/6"}],"replies":[{"embeddable":true,"href":"https:\/\/kapitalis.com\/tunisie\/wp-json\/wp\/v2\/comments?post=358148"}],"version-history":[{"count":0,"href":"https:\/\/kapitalis.com\/tunisie\/wp-json\/wp\/v2\/posts\/358148\/revisions"}],"wp:attachment":[{"href":"https:\/\/kapitalis.com\/tunisie\/wp-json\/wp\/v2\/media?parent=358148"}],"wp:term":[{"taxonomy":"category","embeddable":true,"href":"https:\/\/kapitalis.com\/tunisie\/wp-json\/wp\/v2\/categories?post=358148"},{"taxonomy":"post_tag","embeddable":true,"href":"https:\/\/kapitalis.com\/tunisie\/wp-json\/wp\/v2\/tags?post=358148"}],"curies":[{"name":"wp","href":"https:\/\/api.w.org\/{rel}","templated":true}]}}